{"id":31103,"date":"2020-02-05T00:49:23","date_gmt":"2020-02-05T00:49:23","guid":{"rendered":"https:\/\/www.shqiperia.com\/blog\/?p=31103"},"modified":"2020-02-05T00:49:23","modified_gmt":"2020-02-05T00:49:23","slug":"vilat-e-drogaxhinjve-qe-vrasin-njeri-tjetrin-dhe-vilat-e-politikaneve-qe-kane-vrare-nje-popull","status":"publish","type":"post","link":"https:\/\/www.shqiperia.com\/blog\/vilat-e-drogaxhinjve-qe-vrasin-njeri-tjetrin-dhe-vilat-e-politikaneve-qe-kane-vrare-nje-popull\/","title":{"rendered":"Vilat e drogaxhinjve q\u00eb vrasin nj\u00ebri-tjetrin dhe vilat e politikan\u00ebve q\u00eb kan\u00eb vrar\u00eb nj\u00eb popull"},"content":{"rendered":"<p><img data-recalc-dims=\"1\" loading=\"lazy\" decoding=\"async\" data-attachment-id=\"31104\" data-permalink=\"https:\/\/www.shqiperia.com\/blog\/vilat-e-drogaxhinjve-qe-vrasin-njeri-tjetrin-dhe-vilat-e-politikaneve-qe-kane-vrare-nje-popull\/moikom-zeqo-16\/\" data-orig-file=\"https:\/\/i0.wp.com\/www.shqiperia.com\/blog\/wp-content\/uploads\/2020\/02\/moikom-zeqo-.jpg?fit=905%2C450&amp;ssl=1\" data-orig-size=\"905,450\" data-comments-opened=\"1\" data-image-meta=\"{&quot;aperture&quot;:&quot;0&quot;,&quot;credit&quot;:&quot;&quot;,&quot;camera&quot;:&quot;&quot;,&quot;caption&quot;:&quot;&quot;,&quot;created_timestamp&quot;:&quot;0&quot;,&quot;copyright&quot;:&quot;&quot;,&quot;focal_length&quot;:&quot;0&quot;,&quot;iso&quot;:&quot;0&quot;,&quot;shutter_speed&quot;:&quot;0&quot;,&quot;title&quot;:&quot;&quot;,&quot;orientation&quot;:&quot;0&quot;}\" data-image-title=\"moikom zeqo-\" data-image-description=\"\" data-image-caption=\"\" data-medium-file=\"https:\/\/i0.wp.com\/www.shqiperia.com\/blog\/wp-content\/uploads\/2020\/02\/moikom-zeqo-.jpg?fit=300%2C149&amp;ssl=1\" data-large-file=\"https:\/\/i0.wp.com\/www.shqiperia.com\/blog\/wp-content\/uploads\/2020\/02\/moikom-zeqo-.jpg?fit=905%2C450&amp;ssl=1\" class=\"alignnone  wp-image-31104\" alt=\"\" src=\"https:\/\/i0.wp.com\/www.shqiperia.com\/blog\/wp-content\/uploads\/2020\/02\/moikom-zeqo-.jpg?resize=628%2C312&#038;ssl=1\" width=\"628\" height=\"312\" srcset=\"https:\/\/i0.wp.com\/www.shqiperia.com\/blog\/wp-content\/uploads\/2020\/02\/moikom-zeqo-.jpg?resize=300%2C149&amp;ssl=1 300w, https:\/\/i0.wp.com\/www.shqiperia.com\/blog\/wp-content\/uploads\/2020\/02\/moikom-zeqo-.jpg?resize=768%2C382&amp;ssl=1 768w, https:\/\/i0.wp.com\/www.shqiperia.com\/blog\/wp-content\/uploads\/2020\/02\/moikom-zeqo-.jpg?resize=450%2C224&amp;ssl=1 450w, https:\/\/i0.wp.com\/www.shqiperia.com\/blog\/wp-content\/uploads\/2020\/02\/moikom-zeqo-.jpg?resize=600%2C298&amp;ssl=1 600w, https:\/\/i0.wp.com\/www.shqiperia.com\/blog\/wp-content\/uploads\/2020\/02\/moikom-zeqo-.jpg?resize=400%2C199&amp;ssl=1 400w, https:\/\/i0.wp.com\/www.shqiperia.com\/blog\/wp-content\/uploads\/2020\/02\/moikom-zeqo-.jpg?w=905&amp;ssl=1 905w\" sizes=\"auto, (max-width: 628px) 100vw, 628px\" \/><\/p>\n<p><strong>Vilat e drogaxhinjve q\u00eb vrasin nj\u00ebri-tjetrin dhe vilat e politikan\u00ebve q\u00eb kan\u00eb vrar\u00eb nj\u00eb popull<\/strong><\/p>\n<p>5, shkurt 2020<\/p>\n<p>Publiku \u00ebsht\u00eb bombarduar k\u00ebto dy-tre dit\u00eb me pamje \u201clufte\u201d q\u00eb si p\u00ebrher\u00eb kan\u00eb dicka q\u00eb nuk bind.<\/p>\n<p>\u00cbsht\u00eb mungesa e seriozitetit, ideja e shtetit me fushata, tipike e nj\u00eb qeverisjeje q\u00eb vepron bazuar te sondazhet e brendshme politike, jo tek nevojat e v\u00ebrteta t\u00eb shoq\u00ebris\u00eb shqiptare, jo tek nevoja ul\u00ebrit\u00ebse p\u00ebr ndryshime thelb\u00ebsore.<\/p>\n<p>\u00cbsht\u00eb ajo e p\u00ebrhershmja e shqet\u00ebsimit p\u00ebr pushtetin, jo p\u00ebr Shqip\u00ebrin\u00eb.<\/p>\n<p>\u00cbsht\u00eb elementi i shou-t, i teatralitetit, i cili edhe kur nuk duket, ndihet.<\/p>\n<p>Sot njoftoheshin sekuestrime sht\u00ebpish n\u00eb veri t\u00eb vendit, \u201cvila\u201d personash t\u00eb p\u00ebrzier n\u00eb trafikun e drog\u00ebs.<\/p>\n<p>E pamundur q\u00eb nj\u00eb shqiptari normal nga ajo Shqip\u00ebria e madhe e heshtur jomilitante, t\u00eb mos i shkoj\u00eb n\u00eb mendje pyetja: Mir\u00eb vilat e disa drogaxhinjve q\u00eb vrasin nj\u00ebri-tjetrin, po vilat e politkan\u00ebve q\u00eb kan\u00eb vrar\u00eb t\u00eb tashmen dhe t\u00eb ardhmen e nj\u00eb populli a do sekuestrohen?<\/p>\n<p>A kan\u00eb efekte reale afatgjat\u00eb k\u00ebto \u201coperasione\u201d n\u00ebse zhvillohen jasht\u00eb cdo kuadri ligjor dhe konteksti institucional?\u00a0N\u00ebse kund\u00ebrshtojm\u00eb iden\u00eb q\u00eb dyert e Europ\u00ebs nuk po na hapen prej krimit ashtu sic thot\u00eb ta zem\u00eb Holanda, por prej problemeve t\u00eb brendshme t\u00eb BE, sic thot\u00eb qeveria, at\u00ebher\u00eb pse vet\u00eb kjo e fundit konfirmon Holand\u00ebn me k\u00ebto shfaqje q\u00eb n\u00eb fund t\u00eb fundit japin imazhin e nj\u00eb vendi q\u00eb na qenk\u00ebsh\u2026. pik\u00ebrisht sic thot\u00eb Holanda? Pse kjo m\u00ebsymje n\u00eb nj\u00eb koh\u00eb q\u00eb po investohet me kosto t\u00eb larta tek Reforma n\u00eb Drejt\u00ebsi?<\/p>\n<p>\u201cLigje nga m\u00eb t\u00eb \u00e7uditshmet, ligje q\u00eb nuk kan\u00eb as tituj juridik\u00eb, si\u00e7 \u00ebsht\u00eb rasti i ligjit kund\u00ebr K\u00c7K-s\u00eb\u201d \u2013 shkruan Moikom Zeqo n\u00eb nj\u00eb analiz\u00eb botuar sot n\u00eb Dita dhe shton:<\/p>\n<p><em>K\u00c7K, nj\u00eb shprehje q\u00eb duket\u00a0 si e th\u00ebn\u00eb thjesht n\u00eb nj\u00eb bised\u00eb, p\u00ebr t\u00eb krijuar nj\u00eb mund\u00ebsi t\u00eb re p\u00ebr t\u00eb shtuar atributet e drejtor\u00ebve t\u00eb policis\u00eb, nd\u00ebrkoh\u00eb q\u00eb legjislacioni shqiptar, i ka t\u00eb gjitha pikat dhe dispozitat p\u00ebr t\u2019i kryer veprimet kund\u00ebrshtuese ndaj abuzimeve, sidomos ndaj t\u00eb korruptuarve.<\/em><\/p>\n<p><em>Jo vet\u00ebm atyre q\u00eb jan\u00eb jasht\u00eb mureve t\u00eb Kuvendit, por sidomos ndaj atyre q\u00eb jan\u00eb kinse ligjv\u00ebn\u00ebs brenda mureve t\u00eb Kuvendit\/<\/em><\/p>\n<p><em>T\u00eb cil\u00ebve, formula e \u00e7uditshme K\u00c7K jo vet\u00ebm q\u00eb u p\u00ebrshtatet por i binjak\u00ebzon m\u00eb shum\u00eb \u2013 shkruan Zeqo.<\/em><\/p>\n<p>Ai t\u00ebrheq v\u00ebmendjen tek forcimi i institucioneve dhe ligji si e vetmja garanci p\u00ebr zhvillim t\u00eb q\u00ebndruesh\u00ebm..<\/p>\n<p><em>\u201cKushtetuta \u00ebsht\u00eb e vetmja struktur\u00eb referenciale e pap\u00ebrs\u00ebritshme dhe e patjet\u00ebrsueshme dot, p\u00ebr t\u00ebr\u00eb politikan\u00ebt por dhe p\u00ebr gjith\u00eb popullin (nuk ka Kushtetut\u00eb vet\u00ebm p\u00ebr politikan\u00ebt dhe Kushtetut\u00eb tjet\u00ebr p\u00ebr popullin).<\/em><\/p>\n<p><em>N\u00eb baz\u00eb t\u00eb Kushtetut\u00ebs do t\u00eb behet edhe qeverisja, dhe opozita, dhe zhvillimi ekonomik dhe ai shoq\u00ebror.<\/em><\/p>\n<p><em>Sepse titullar\u00ebt, Presidenti, Kryetari i Kuvendit, Kryeministri jan\u00eb thjesht\u00eb mandator\u00eb dhe nuk jan\u00eb asnj\u00ebher\u00eb lider\u00eb, sepse thelbin e udh\u00ebheqjes dhe t\u00eb liderizmit e koncentron dhe e frym\u00ebzon vet\u00ebm Kushtetuta.<\/em><\/p>\n<p><em>Teoria se ka lider\u00eb pa pasur nevoj\u00eb p\u00ebr Kushtetut\u00eb \u00ebsht\u00eb teoria e autoritarizmit, e munges\u00ebs s\u00eb demokracis\u00eb dhe t\u00eb liris\u00eb, teoria e provincionalizmit bajraktar, teoria e prapambetjes dhe munges\u00ebs s\u00eb plot\u00eb t\u00eb emancipimit\u201d<\/em>\u00a0\u2013 shkruan Zeqo.<\/p>\n<p>Akademiku i njohur n\u00eb shkrimin n\u00eb DITA p\u00ebrs\u00ebrit iden\u00eb e tij t\u00eb kahershme p\u00ebr atentatin kushteues t\u00eb 2008-s q\u00eb ndalon rinovimin e klas\u00ebs politike dhe elitave.<\/p>\n<p><em>\u201cEnigma e enigmave p\u00ebr t\u00eb ardhmen politike t\u00eb Shqip\u00ebris\u00eb \u00ebsht\u00eb ligji p\u00ebr ndryshimet e kobshme Kushtetuese t\u00eb vitit 2008 qe konvecionalizohet si \u201clistat e mbyllura\u201d, me t\u00eb drejt\u00ebn prej monarkut t\u00eb kryetar\u00ebve t\u00eb partive.\u00a0<\/em><\/p>\n<p><em>Shpreh mendimin tim se n\u00ebse nuk ndryshon, nuk eliminohet, nuk hiqet, ligji i ndryshimeve t\u00eb kobshme t\u00eb vitit 2008, gj\u00eb q\u00eb klasa e establishmentit t\u00eb vjet\u00ebr t\u00eb politik\u00ebs me sa duket nuk e d\u00ebshiron, at\u00ebher\u00eb do t\u00eb ket\u00eb gjithmon\u00eb vonesa, do t\u00eb pengohen ndryshimet progresive p\u00ebr t\u00eb patur nj\u00eb politik\u00eb p\u00ebr popullin dhe jo nj\u00eb popull t\u00eb klonuar p\u00ebr politik\u00ebn\u201d.<\/em><\/p>\n<p><strong>d.a. \/ dita<\/strong><\/p>\n","protected":false},"excerpt":{"rendered":"<p>Vilat e drogaxhinjve q\u00eb vrasin nj\u00ebri-tjetrin dhe vilat e politikan\u00ebve q\u00eb kan\u00eb vrar\u00eb nj\u00eb popull 5, shkurt 2020 Publiku \u00ebsht\u00eb bombarduar k\u00ebto dy-tre dit\u00eb me pamje \u201clufte\u201d q\u00eb si p\u00ebrher\u00eb kan\u00eb dicka q\u00eb nuk bind. \u00cbsht\u00eb mungesa e seriozitetit, ideja e shtetit me fushata, tipike e nj\u00eb qeverisjeje q\u00eb vepron bazuar te sondazhet e brendshme [&hellip;]<\/p>\n","protected":false},"author":9,"featured_media":31104,"comment_status":"open","ping_status":"open","sticky":false,"template":"","format":"standard","meta":{"jetpack_post_was_ever_published":false,"_jetpack_newsletter_access":"","_jetpack_dont_email_post_to_subs":false,"_jetpack_newsletter_tier_id":0,"_jetpack_memberships_contains_paywalled_content":false,"_jetpack_memberships_contains_paid_content":false,"footnotes":"","jetpack_publicize_message":"","jetpack_publicize_feature_enabled":true,"jetpack_social_post_already_shared":true,"jetpack_social_options":{"image_generator_settings":{"template":"highway","default_image_id":0,"font":"","enabled":false},"version":2}},"categories":[27,2],"tags":[],"class_list":["post-31103","post","type-post","status-publish","format-standard","has-post-thumbnail","hentry","category-blogu-i-udhetarit","category-politika"],"jetpack_publicize_connections":[],"jetpack_featured_media_url":"https:\/\/i0.wp.com\/www.shqiperia.com\/blog\/wp-content\/uploads\/2020\/02\/moikom-zeqo-.jpg?fit=905%2C450&ssl=1","jetpack_sharing_enabled":true,"jetpack_shortlink":"https:\/\/wp.me\/p5Z6wp-85F","jetpack-related-posts":[{"id":31596,"url":"https:\/\/www.shqiperia.com\/blog\/pse-sekuestrimet-nuk-nisin-nga-vilat-tuaja-si-pergjigjet-rama\/","url_meta":{"origin":31103,"position":0},"title":"Pse sekuestrimet nuk nisin nga vilat tuaja? Si p\u00ebrgjigjet Rama","author":"Kurt Farka","date":"February 19, 2020","format":false,"excerpt":"Pse sekuestrimet nuk nisin nga vilat tuaja? Si p\u00ebrgjigjet Rama 13 \u00a02020 22 Kryeministri \u00ebsht\u00eb pyetur sonte n\u00eb Tv Klan p\u00ebrse aksioni i OFL-s\u00eb p\u00ebr justifikimin e pasuris\u00eb nuk ka nisur nga politikan\u00ebt me vila, dhe nga vet\u00eb Kryeministri. Rama \u00ebsht\u00eb p\u00ebrgjigjur duke th\u00ebn\u00eb se ai dhe t\u00eb gjith\u00eb politikan\u00ebt\u2026","rel":"","context":"In &quot;Blogu i Udh\u00ebtarit&quot;","block_context":{"text":"Blogu i Udh\u00ebtarit","link":"https:\/\/www.shqiperia.com\/blog\/category\/blogu-i-udhetarit\/"},"img":{"alt_text":"","src":"https:\/\/i0.wp.com\/www.shqiperia.com\/blog\/wp-content\/uploads\/2020\/02\/d55-770x433-1-905x450-1.jpg?fit=905%2C450&ssl=1&resize=350%2C200","width":350,"height":200,"srcset":"https:\/\/i0.wp.com\/www.shqiperia.com\/blog\/wp-content\/uploads\/2020\/02\/d55-770x433-1-905x450-1.jpg?fit=905%2C450&ssl=1&resize=350%2C200 1x, https:\/\/i0.wp.com\/www.shqiperia.com\/blog\/wp-content\/uploads\/2020\/02\/d55-770x433-1-905x450-1.jpg?fit=905%2C450&ssl=1&resize=525%2C300 1.5x, https:\/\/i0.wp.com\/www.shqiperia.com\/blog\/wp-content\/uploads\/2020\/02\/d55-770x433-1-905x450-1.jpg?fit=905%2C450&ssl=1&resize=700%2C400 2x"},"classes":[]},{"id":8024,"url":"https:\/\/www.shqiperia.com\/blog\/gazetari-xhaxhiu-ja-emri-i-deputetit-qe-ka-1-8-milione-euro-pasuri-fate-velaj-dhe-merr-ndihme-ekonomike\/","url_meta":{"origin":31103,"position":1},"title":"Gazetari Xhaxhiu: Ja emri i deputetit q\u00eb ka 1.8 milion\u00eb euro pasuri: Fate Velaj dhe merr ndihm\u00eb ekonomike.-","author":"Kurt Farka","date":"May 29, 2018","format":false,"excerpt":"Gazetari Xhaxhiu: Ja emri i deputetit q\u00eb ka 1.8 milion\u00eb euro pasuri Fate Velaj dhe merr ndihm\u00eb ekonomike Fate Velaj, deputet i PS, pasuria 1.8 milion\u00eb euro dhe merr ndihm\u00eb ekonomike, N\u00eb emisionin e m\u00ebngjesit t\u00eb Xhaxhiut n\u00eb\u00a0\u201cFax News\u201d\u00a0sot ishte i ftuar pedagogu Erion Kristo p\u00ebr t\u00eb diskutuar n\u00eb lidhje\u2026","rel":"","context":"In &quot;Njoftime Shtypi&quot;","block_context":{"text":"Njoftime Shtypi","link":"https:\/\/www.shqiperia.com\/blog\/category\/njoftime-shtypi\/"},"img":{"alt_text":"","src":"https:\/\/i0.wp.com\/www.shqiperia.com\/blog\/wp-content\/uploads\/2018\/05\/FATE-VELAJ.jpg?fit=1024%2C611&ssl=1&resize=350%2C200","width":350,"height":200,"srcset":"https:\/\/i0.wp.com\/www.shqiperia.com\/blog\/wp-content\/uploads\/2018\/05\/FATE-VELAJ.jpg?fit=1024%2C611&ssl=1&resize=350%2C200 1x, https:\/\/i0.wp.com\/www.shqiperia.com\/blog\/wp-content\/uploads\/2018\/05\/FATE-VELAJ.jpg?fit=1024%2C611&ssl=1&resize=525%2C300 1.5x, https:\/\/i0.wp.com\/www.shqiperia.com\/blog\/wp-content\/uploads\/2018\/05\/FATE-VELAJ.jpg?fit=1024%2C611&ssl=1&resize=700%2C400 2x"},"classes":[]},{"id":96911,"url":"https:\/\/www.shqiperia.com\/blog\/politika-qe-thith-pasunare-deputetet-e-rinj-me-miliona-euro-pasuri\/","url_meta":{"origin":31103,"position":2},"title":"Politika q\u00eb thith pasunar\u00eb: Deputet\u00ebt e rinj, me miliona euro pasuri","author":"Kurt Farka","date":"January 25, 2026","format":false,"excerpt":"25 Janar 2026 Nga Dorin Xhima Raportimet e fundit mbi pasurit\u00eb e deputet\u00ebve t\u00eb rinj shqiptar\u00eb tregojn\u00eb nj\u00eb trend q\u00eb b\u00ebhet gjithnj\u00eb e m\u00eb i duksh\u00ebm me \u00e7do legjislatur\u00eb t\u00eb re: emra t\u00eb rinj n\u00eb politik\u00eb po shfaqin pasuri shum\u00eb milion\u00ebshe, shpesh her\u00eb p\u00ebrtej pritshm\u00ebrive t\u00eb publikut. Sipas deklarimeve zyrtare\u2026","rel":"","context":"In &quot;Blogu i Udh\u00ebtarit&quot;","block_context":{"text":"Blogu i Udh\u00ebtarit","link":"https:\/\/www.shqiperia.com\/blog\/category\/blogu-i-udhetarit\/"},"img":{"alt_text":"","src":"https:\/\/i0.wp.com\/www.shqiperia.com\/blog\/wp-content\/uploads\/2026\/01\/Screenshot_20260124_215601_Chrome-1-1536x1120-1.webp?fit=1200%2C875&ssl=1&resize=350%2C200","width":350,"height":200,"srcset":"https:\/\/i0.wp.com\/www.shqiperia.com\/blog\/wp-content\/uploads\/2026\/01\/Screenshot_20260124_215601_Chrome-1-1536x1120-1.webp?fit=1200%2C875&ssl=1&resize=350%2C200 1x, https:\/\/i0.wp.com\/www.shqiperia.com\/blog\/wp-content\/uploads\/2026\/01\/Screenshot_20260124_215601_Chrome-1-1536x1120-1.webp?fit=1200%2C875&ssl=1&resize=525%2C300 1.5x, https:\/\/i0.wp.com\/www.shqiperia.com\/blog\/wp-content\/uploads\/2026\/01\/Screenshot_20260124_215601_Chrome-1-1536x1120-1.webp?fit=1200%2C875&ssl=1&resize=700%2C400 2x, https:\/\/i0.wp.com\/www.shqiperia.com\/blog\/wp-content\/uploads\/2026\/01\/Screenshot_20260124_215601_Chrome-1-1536x1120-1.webp?fit=1200%2C875&ssl=1&resize=1050%2C600 3x"},"classes":[]},{"id":79895,"url":"https:\/\/www.shqiperia.com\/blog\/kane-pamje-nga-vilat-e-trampit-cmenduria-ne-vlore-rriten-deri-ne-200-euro-per-m2-banesat-nga-ku-shihet-sazani\/","url_meta":{"origin":31103,"position":3},"title":"&#8220;Kan\u00eb pamje nga vilat e Trampit&#8221;\/ \u00c7menduria n\u00eb Vlor\u00eb, rriten deri n\u00eb 200 euro p\u00ebr m2 banesat nga ku shihet Sazani!","author":"Kurt Farka","date":"April 5, 2024","format":false,"excerpt":"5 Prill 2024 Reuters i ka kushtuar nj\u00eb artikull planeve t\u00eb Jared Kushner p\u00ebr t\u00eb investuar n\u00eb Sazan. Dh\u00ebndri i Trump i njoftoi planet muajin e kaluar, pjes\u00eb e nj\u00eb investimi m\u00eb t\u00eb gjer\u00eb nga Partner\u00ebt e tij Affinity n\u00eb Ballkan, i cili p\u00ebrfshin t\u00eb pakt\u00ebn dy projekte n\u00eb Shqip\u00ebri\u2026","rel":"","context":"In &quot;Njoftime Shtypi&quot;","block_context":{"text":"Njoftime Shtypi","link":"https:\/\/www.shqiperia.com\/blog\/category\/njoftime-shtypi\/"},"img":{"alt_text":"","src":"https:\/\/i0.wp.com\/www.shqiperia.com\/blog\/wp-content\/uploads\/2024\/04\/640-0-uytd-777.jpg?fit=640%2C426&ssl=1&resize=350%2C200","width":350,"height":200,"srcset":"https:\/\/i0.wp.com\/www.shqiperia.com\/blog\/wp-content\/uploads\/2024\/04\/640-0-uytd-777.jpg?fit=640%2C426&ssl=1&resize=350%2C200 1x, https:\/\/i0.wp.com\/www.shqiperia.com\/blog\/wp-content\/uploads\/2024\/04\/640-0-uytd-777.jpg?fit=640%2C426&ssl=1&resize=525%2C300 1.5x"},"classes":[]},{"id":87334,"url":"https:\/\/www.shqiperia.com\/blog\/kepi-i-rodonit-dhe-plazhi-i-hamallajt-ne-rrezik-muret-rrethuese-te-kalase-se-skenderbeut-ndodhet-ne-det-rrezikohen-edhe-vilat-turistike\/","url_meta":{"origin":31103,"position":4},"title":"Kepi i Rodonit dhe plazhi i Hamallajt n\u00eb rrezik\/ Muret rrethuese t\u00eb kalas\u00eb s\u00eb Sk\u00ebnd\u00ebrbeut ndodhet n\u00eb det. &#8211; Rrezikohen edhe vilat turistike\u2026","author":"Kurt Farka","date":"December 13, 2024","format":false,"excerpt":"13 Dhjetor 2024 Erozioni rrezikon edhe Kepin e Rodonit dhe plazhin e Hamallajt. Gazetar\u00ebt e emisionit Vetting n\u00eb News24 kan\u00eb mbledhur d\u00ebshmi mbi at\u00eb se \u00e7far\u00eb ka ndodhur n\u00eb k\u00ebto zon\u00eb n\u00eb t\u00eb pakt\u00ebn 34 vite e fundit, ku jo vet\u00ebm erozioni, por edhe dora e njeriut, po rrezikojn\u00eb dy\u2026","rel":"","context":"In &quot;Blogu i Udh\u00ebtarit&quot;","block_context":{"text":"Blogu i Udh\u00ebtarit","link":"https:\/\/www.shqiperia.com\/blog\/category\/blogu-i-udhetarit\/"},"img":{"alt_text":"","src":"https:\/\/i0.wp.com\/www.shqiperia.com\/blog\/wp-content\/uploads\/2024\/12\/rodoni.jpg?fit=1200%2C900&ssl=1&resize=350%2C200","width":350,"height":200,"srcset":"https:\/\/i0.wp.com\/www.shqiperia.com\/blog\/wp-content\/uploads\/2024\/12\/rodoni.jpg?fit=1200%2C900&ssl=1&resize=350%2C200 1x, https:\/\/i0.wp.com\/www.shqiperia.com\/blog\/wp-content\/uploads\/2024\/12\/rodoni.jpg?fit=1200%2C900&ssl=1&resize=525%2C300 1.5x, https:\/\/i0.wp.com\/www.shqiperia.com\/blog\/wp-content\/uploads\/2024\/12\/rodoni.jpg?fit=1200%2C900&ssl=1&resize=700%2C400 2x, https:\/\/i0.wp.com\/www.shqiperia.com\/blog\/wp-content\/uploads\/2024\/12\/rodoni.jpg?fit=1200%2C900&ssl=1&resize=1050%2C600 3x"},"classes":[]},{"id":87324,"url":"https:\/\/www.shqiperia.com\/blog\/a-i-kane-mbetur-me-njerez-te-besuar-ne-ish-pd-e-bashes-ja-si-pergjigjet-basha\/","url_meta":{"origin":31103,"position":5},"title":"A i kan\u00eb mbetur m\u00eb njer\u00ebz t\u00eb besuar n\u00eb ish PD e Bashes. &#8211; Ja si p\u00ebrgjigjet Basha","author":"Kurt Farka","date":"December 13, 2024","format":false,"excerpt":"13 Dhjetor 2024 Ish-kreu i PD-sw Lulzim Basha n\u00eb nj\u00eb intervist\u00eb p\u00ebr nj\u00eb emision televiziv, u pyet se me \u00e7far\u00eb merret tani q\u00eb nuk drejton m\u00eb PD-n\u00eb dhe p\u00ebr braktisjen nga mb\u00ebshtesit dhe miqt\u00eb n\u00eb k\u00ebt\u00eb parti, disa prej t\u00eb cil\u00ebve njer\u00ebz qe vet\u00eb Basha u dha pushtet dhe i\u2026","rel":"","context":"In &quot;Blogu i Udh\u00ebtarit&quot;","block_context":{"text":"Blogu i Udh\u00ebtarit","link":"https:\/\/www.shqiperia.com\/blog\/category\/blogu-i-udhetarit\/"},"img":{"alt_text":"","src":"https:\/\/i0.wp.com\/www.shqiperia.com\/blog\/wp-content\/uploads\/2024\/12\/265710355_3186453134911301_1581693817960591535_n.jpg?fit=494%2C412&ssl=1&resize=350%2C200","width":350,"height":200},"classes":[]}],"_links":{"self":[{"href":"https:\/\/www.shqiperia.com\/blog\/wp-json\/wp\/v2\/posts\/31103","targetHints":{"allow":["GET"]}}],"collection":[{"href":"https:\/\/www.shqiperia.com\/blog\/wp-json\/wp\/v2\/posts"}],"about":[{"href":"https:\/\/www.shqiperia.com\/blog\/wp-json\/wp\/v2\/types\/post"}],"author":[{"embeddable":true,"href":"https:\/\/www.shqiperia.com\/blog\/wp-json\/wp\/v2\/users\/9"}],"replies":[{"embeddable":true,"href":"https:\/\/www.shqiperia.com\/blog\/wp-json\/wp\/v2\/comments?post=31103"}],"version-history":[{"count":1,"href":"https:\/\/www.shqiperia.com\/blog\/wp-json\/wp\/v2\/posts\/31103\/revisions"}],"predecessor-version":[{"id":31105,"href":"https:\/\/www.shqiperia.com\/blog\/wp-json\/wp\/v2\/posts\/31103\/revisions\/31105"}],"wp:featuredmedia":[{"embeddable":true,"href":"https:\/\/www.shqiperia.com\/blog\/wp-json\/wp\/v2\/media\/31104"}],"wp:attachment":[{"href":"https:\/\/www.shqiperia.com\/blog\/wp-json\/wp\/v2\/media?parent=31103"}],"wp:term":[{"taxonomy":"category","embeddable":true,"href":"https:\/\/www.shqiperia.com\/blog\/wp-json\/wp\/v2\/categories?post=31103"},{"taxonomy":"post_tag","embeddable":true,"href":"https:\/\/www.shqiperia.com\/blog\/wp-json\/wp\/v2\/tags?post=31103"}],"curies":[{"name":"wp","href":"https:\/\/api.w.org\/{rel}","templated":true}]}}