{"id":31099,"date":"2020-02-05T00:24:25","date_gmt":"2020-02-05T00:24:25","guid":{"rendered":"https:\/\/www.shqiperia.com\/blog\/?p=31099"},"modified":"2020-02-05T00:24:25","modified_gmt":"2020-02-05T00:24:25","slug":"votimet-lokale-moniste-te-ps-kie-zbarkon-ne-tirane","status":"publish","type":"post","link":"https:\/\/www.shqiperia.com\/blog\/votimet-lokale-moniste-te-ps-kie-zbarkon-ne-tirane\/","title":{"rendered":"Votimet Lokale Moniste t\u00eb PS, KiE zbarkon n\u00eb Tiran\u00eb"},"content":{"rendered":"<p><img data-recalc-dims=\"1\" loading=\"lazy\" decoding=\"async\" data-attachment-id=\"31100\" data-permalink=\"https:\/\/www.shqiperia.com\/blog\/votimet-lokale-moniste-te-ps-kie-zbarkon-ne-tirane\/download-53\/\" data-orig-file=\"https:\/\/i0.wp.com\/www.shqiperia.com\/blog\/wp-content\/uploads\/2020\/02\/download.png?fit=474%2C261&amp;ssl=1\" data-orig-size=\"474,261\" data-comments-opened=\"1\" data-image-meta=\"{&quot;aperture&quot;:&quot;0&quot;,&quot;credit&quot;:&quot;&quot;,&quot;camera&quot;:&quot;&quot;,&quot;caption&quot;:&quot;&quot;,&quot;created_timestamp&quot;:&quot;0&quot;,&quot;copyright&quot;:&quot;&quot;,&quot;focal_length&quot;:&quot;0&quot;,&quot;iso&quot;:&quot;0&quot;,&quot;shutter_speed&quot;:&quot;0&quot;,&quot;title&quot;:&quot;&quot;,&quot;orientation&quot;:&quot;0&quot;}\" data-image-title=\"download\" data-image-description=\"\" data-image-caption=\"\" data-medium-file=\"https:\/\/i0.wp.com\/www.shqiperia.com\/blog\/wp-content\/uploads\/2020\/02\/download.png?fit=300%2C165&amp;ssl=1\" data-large-file=\"https:\/\/i0.wp.com\/www.shqiperia.com\/blog\/wp-content\/uploads\/2020\/02\/download.png?fit=474%2C261&amp;ssl=1\" class=\"alignnone  wp-image-31100\" alt=\"\" src=\"https:\/\/i0.wp.com\/www.shqiperia.com\/blog\/wp-content\/uploads\/2020\/02\/download.png?resize=600%2C330&#038;ssl=1\" width=\"600\" height=\"330\" srcset=\"https:\/\/i0.wp.com\/www.shqiperia.com\/blog\/wp-content\/uploads\/2020\/02\/download.png?resize=300%2C165&amp;ssl=1 300w, https:\/\/i0.wp.com\/www.shqiperia.com\/blog\/wp-content\/uploads\/2020\/02\/download.png?resize=450%2C248&amp;ssl=1 450w, https:\/\/i0.wp.com\/www.shqiperia.com\/blog\/wp-content\/uploads\/2020\/02\/download.png?resize=400%2C220&amp;ssl=1 400w, https:\/\/i0.wp.com\/www.shqiperia.com\/blog\/wp-content\/uploads\/2020\/02\/download.png?w=474&amp;ssl=1 474w\" sizes=\"auto, (max-width: 600px) 100vw, 600px\" \/><\/p>\n<p>Votimet Lokale Moniste t\u00eb PS, KiE zbarkon n\u00eb Tiran\u00eb<\/p>\n<p><a href=\"https:\/\/kohajone.com\/votimet-moniste-te-ps-kie-zbarkon-ne-tirane\/\">04\/02\/2020 \u00a0<\/a><\/p>\n<p><em>K\u00ebshilli i Europ\u00ebs ka d\u00ebrguar n\u00eb Tiran\u00eb delegacionin e nivelit m\u00eb t\u00eb lart\u00eb t\u00eb Kongresit t\u00eb Autoriteteve Lokale. Misioni faktmbledh\u00ebs ka q\u00ebllim kryesor t\u00eb vizit\u00ebs pik\u00ebrisht situat\u00ebn n\u00eb Shqip\u00ebri pas zgjedhjeve lokale moniste t\u00eb 30 qershorit. P\u00ebr t\u2019u njohur me \u00e7far\u00eb ka ndodhur n\u00eb Shqip\u00ebri kan\u00eb mb\u00ebrritur presidenti i Kongresit t\u00eb Autoriteteve Lokale, Anders Knape, president\u00ebt e dy dhomave t\u00eb Autoriteteve Lokale, Xavier Cadoret e Gunn Marit Helgesen, si dhe Sekretari i P\u00ebrgjithsh\u00ebm i k\u00ebtij institucioni Andreas Kiefer. Praktikisht, gjith\u00eb udh\u00ebheqja e K\u00ebshillit t\u00eb Europ\u00ebs q\u00eb ka lidhje me demokracin\u00eb vendore dhe \u00e7\u00ebshtjet e pushtetit vendor ndodhet n\u00eb Shqip\u00ebri. Kjo \u00ebsht\u00eb hera e par\u00eb q\u00eb institucionet m\u00eb t\u00eb r\u00ebnd\u00ebsishme t\u00eb KiE v\u00ebn\u00eb n\u00eb l\u00ebvizje p\u00ebr Shqip\u00ebrin\u00eb n\u00eb nj\u00eb nivel kaq t\u00eb lart\u00eb. Vizita vjen pak muaj pasi kreu i shtetit, Ilir Meta vizitoi Strasburgun dhe diskutoi me drejtuesit e KiE dhe autoriteteve vendore p\u00ebr situat\u00ebn n\u00eb Shqip\u00ebri, pas 30 qershorit.<\/em><\/p>\n<p>Misioni \u00ebsht\u00eb faktmbledh\u00ebs dhe p\u00ebrfaq\u00ebsuesit e KiE do t\u00eb njihen nga af\u00ebr, duke d\u00ebgjuar t\u00eb gjitha pal\u00ebt me at\u00eb q\u00eb ndodhi m\u00eb 30 qershor n\u00eb Shqip\u00ebri. Kur PS-ja vendosi t\u00eb hyj\u00eb n\u00eb zgjedhje t\u00eb tipit monist vet\u00ebm me kandidat\u00ebt e saj, p\u00ebrfaq\u00ebsuesit e k\u00ebtij institucioni ishin t\u00eb vetmit n\u00eb rang nd\u00ebrkomb\u00ebtar q\u00eb nuk pranuan t\u00eb monitoronin procesin. Pra, KiE q\u00eb n\u00eb fillim e konsideroi 30 qershorin nj\u00eb fars\u00eb q\u00eb nuk duhet marr\u00eb n\u00eb konsiderat\u00eb. Nd\u00ebrkoh\u00eb pas 30 qershorit, nj\u00eb tjet\u00ebr zhvillim ka t\u00ebrhequr v\u00ebmendjen e autoriteteve nd\u00ebrkomb\u00ebtare. Edhe pse zgjedhjet ishin me nj\u00eb kandidat, edhe pse fituesit diheshin q\u00eb n\u00eb fillim, edhe pse realisht nuk pati gar\u00eb, \u201cfituesit\u201d e PS po rezultojn\u00eb n\u00eb mas\u00eb me precedent\u00eb penal\u00eb. 6 emra jan\u00eb denoncuar me prova nga opozita, nd\u00ebrsa shum\u00eb t\u00eb tjer\u00eb pritet t\u00eb dalin n\u00eb dit\u00ebt n\u00eb vijim. Fakti q\u00eb n\u00eb krye t\u00eb pushtetit vendor ka kryetar\u00eb t\u00eb paligjsh\u00ebm dhe p\u00ebr m\u00eb tep\u00ebr dhe me rekorde kriminale, e ka kthyer Shqip\u00ebrin\u00eb nj\u00eb rast t\u00eb jasht\u00ebzakonsh\u00ebm n\u00eb syt\u00eb e nd\u00ebrkomb\u00ebtar\u00ebve. Autonomia vendore, demokracia lokale dhe e drejta e qytetar\u00ebve p\u00ebr t\u00eb pasur pushtet vendor me standarde jan\u00eb disa nga marr\u00ebveshjet nd\u00ebrkomb\u00ebtare q\u00eb ka firmosur Shqip\u00ebria. N\u00ebse sheh hart\u00ebn e pushtetit vendor n\u00eb vend dhe m\u00ebnyr\u00ebn sesi k\u00ebta kryebashkiak\u00eb kan\u00eb marr\u00eb mandatin, rezulton se Shqip\u00ebria ka shkelur t\u00eb gjitha konventat nd\u00ebrkomb\u00ebtare q\u00eb ka n\u00ebnshkruar. Sepse realisht nuk ka m\u00eb pushtet vendor, por disa njer\u00ebz t\u00eb em\u00ebruar nga pushteti qendror i qeveris\u00eb, por edhe k\u00ebta me precedent\u00eb penal\u00eb. Delegacioni i nivelit t\u00eb lart\u00eb t\u00eb KiE-s\u00eb zhvilloi dje takime t\u00eb ve\u00e7anta me Presidentin Ilir Meta, kreun e opozit\u00ebs, Lulzim Basha dhe sekretarin e PS, Taulant Balla. N\u00eb axhend\u00eb drejtuesit e Kongresit t\u00eb Autoriteteve Vendore kan\u00eb planifikuar dhe nj\u00eb takim me kreun e qeveris\u00eb, Edi Rama. Deri dje n\u00eb mbr\u00ebmje, kreu i qeveris\u00eb nuk e ka konfirmuar se do t\u00eb ishte i gatsh\u00ebm t\u00eb priste p\u00ebrfaq\u00ebsuesit e Strasburgut.<\/p>\n<p><img data-recalc-dims=\"1\" loading=\"lazy\" decoding=\"async\" data-attachment-id=\"31101\" data-permalink=\"https:\/\/www.shqiperia.com\/blog\/votimet-lokale-moniste-te-ps-kie-zbarkon-ne-tirane\/download-1-12\/\" data-orig-file=\"https:\/\/i0.wp.com\/www.shqiperia.com\/blog\/wp-content\/uploads\/2020\/02\/download-1.png?fit=474%2C261&amp;ssl=1\" data-orig-size=\"474,261\" data-comments-opened=\"1\" data-image-meta=\"{&quot;aperture&quot;:&quot;0&quot;,&quot;credit&quot;:&quot;&quot;,&quot;camera&quot;:&quot;&quot;,&quot;caption&quot;:&quot;&quot;,&quot;created_timestamp&quot;:&quot;0&quot;,&quot;copyright&quot;:&quot;&quot;,&quot;focal_length&quot;:&quot;0&quot;,&quot;iso&quot;:&quot;0&quot;,&quot;shutter_speed&quot;:&quot;0&quot;,&quot;title&quot;:&quot;&quot;,&quot;orientation&quot;:&quot;0&quot;}\" data-image-title=\"download-1\" data-image-description=\"\" data-image-caption=\"\" data-medium-file=\"https:\/\/i0.wp.com\/www.shqiperia.com\/blog\/wp-content\/uploads\/2020\/02\/download-1.png?fit=300%2C165&amp;ssl=1\" data-large-file=\"https:\/\/i0.wp.com\/www.shqiperia.com\/blog\/wp-content\/uploads\/2020\/02\/download-1.png?fit=474%2C261&amp;ssl=1\" class=\"alignnone  wp-image-31101\" alt=\"\" src=\"https:\/\/i0.wp.com\/www.shqiperia.com\/blog\/wp-content\/uploads\/2020\/02\/download-1.png?resize=671%2C369&#038;ssl=1\" width=\"671\" height=\"369\" srcset=\"https:\/\/i0.wp.com\/www.shqiperia.com\/blog\/wp-content\/uploads\/2020\/02\/download-1.png?resize=300%2C165&amp;ssl=1 300w, https:\/\/i0.wp.com\/www.shqiperia.com\/blog\/wp-content\/uploads\/2020\/02\/download-1.png?resize=450%2C248&amp;ssl=1 450w, https:\/\/i0.wp.com\/www.shqiperia.com\/blog\/wp-content\/uploads\/2020\/02\/download-1.png?resize=400%2C220&amp;ssl=1 400w, https:\/\/i0.wp.com\/www.shqiperia.com\/blog\/wp-content\/uploads\/2020\/02\/download-1.png?w=474&amp;ssl=1 474w\" sizes=\"auto, (max-width: 671px) 100vw, 671px\" \/><\/p>\n<p>Pas takimit, Taulant Balla tha se situata me pushtetin vendor ishte normale dhe u kujdes t\u00eb theksonte se \u201cnuk ka zgjedhje t\u00eb parakohshme\u201d. Nd\u00ebrkoh\u00eb q\u00eb dihet se paligjshm\u00ebrin\u00eb e votimeve moniste t\u00eb 30 qershorit mund t\u2019a rregullojn\u00eb vet\u00ebm zgjedhjet e parakohshme. PS-ja jo vet\u00ebm q\u00eb e ka \u00e7uar vendin n\u00eb kriz\u00eb dhe ka futur n\u00eb kolaps pushtetin vendor dhe gjith\u00eb shtetin, por as nuk e pranon se n\u00ebn drejtimin e saj, Shqip\u00ebria ka hyr\u00eb n\u00eb list\u00ebn e vendeve me kriz\u00eb politike t\u00eb paprecedent\u00eb dhe q\u00eb rrezikon t\u00eb d\u00ebmtoj\u00eb n\u00eb m\u00ebnyr\u00eb p\u00ebr pakthyeshme. Nd\u00ebrsa PS-ja sillet sikur drejton nj\u00eb vend normal, Presidenti Ilir Meta n\u00eb takimin e p\u00ebrfaq\u00ebsuesit e KiE ka folur qart\u00eb se Shqip\u00ebria ndodhet n\u00eb nj\u00eb kriz\u00eb sui generis p\u00ebrfaq\u00ebsimi, dhe n\u00eb \u00e7\u2019eikulib\u00ebr t\u00eb plot\u00eb t\u00eb mekanizmave t\u00eb kontrollit dhe balanc\u00ebs. \u201cVotimet nj\u00ebpartiake t\u00eb 30 qershorit nuk i dhan\u00eb zgjidhje kriz\u00ebs, por cenuan r\u00ebnd\u00eb edhe demokracin\u00eb vendore, duke e zhytur m\u00eb shum\u00eb vendin n\u00eb rrug\u00ebn e paligjshm\u00ebris\u00eb dhe kapjes s\u00eb shtetit\u201d, \u2013 \u00ebsht\u00eb shprehur kreu i shtetit. Votimet moniste t\u00eb PS nuk mund t\u00eb mbrohen as m\u00eb heshtjen e nj\u00eb pjes\u00eb t\u00eb nd\u00ebrkomb\u00ebtar\u00ebve dhe as duke faj\u00ebsuar opozit\u00ebn p\u00ebr bojkotin. Procesi i paligjsh\u00ebm mund t\u00eb rregullohet vet\u00ebm m\u00eb zgjedhje t\u00eb reja t\u00eb rregullta duke rikthyer edhe nj\u00ebher\u00eb institucionin e vot\u00ebs demokratike n\u00eb vend.<\/p>\n<p><strong>M.Xh. Gazeta Koha e Jone<\/strong><\/p>\n","protected":false},"excerpt":{"rendered":"<p>Votimet Lokale Moniste t\u00eb PS, KiE zbarkon n\u00eb Tiran\u00eb 04\/02\/2020 \u00a0 K\u00ebshilli i Europ\u00ebs ka d\u00ebrguar n\u00eb Tiran\u00eb delegacionin e nivelit m\u00eb t\u00eb lart\u00eb t\u00eb Kongresit t\u00eb Autoriteteve Lokale. Misioni faktmbledh\u00ebs ka q\u00ebllim kryesor t\u00eb vizit\u00ebs pik\u00ebrisht situat\u00ebn n\u00eb Shqip\u00ebri pas zgjedhjeve lokale moniste t\u00eb 30 qershorit. P\u00ebr t\u2019u njohur me \u00e7far\u00eb ka ndodhur n\u00eb [&hellip;]<\/p>\n","protected":false},"author":9,"featured_media":31100,"comment_status":"open","ping_status":"open","sticky":false,"template":"","format":"standard","meta":{"jetpack_post_was_ever_published":false,"_jetpack_newsletter_access":"","_jetpack_dont_email_post_to_subs":false,"_jetpack_newsletter_tier_id":0,"_jetpack_memberships_contains_paywalled_content":false,"_jetpack_memberships_contains_paid_content":false,"footnotes":"","jetpack_publicize_message":"","jetpack_publicize_feature_enabled":true,"jetpack_social_post_already_shared":true,"jetpack_social_options":{"image_generator_settings":{"template":"highway","default_image_id":0,"font":"","enabled":false},"version":2}},"categories":[27,2],"tags":[],"class_list":["post-31099","post","type-post","status-publish","format-standard","has-post-thumbnail","hentry","category-blogu-i-udhetarit","category-politika"],"jetpack_publicize_connections":[],"jetpack_featured_media_url":"https:\/\/i0.wp.com\/www.shqiperia.com\/blog\/wp-content\/uploads\/2020\/02\/download.png?fit=474%2C261&ssl=1","jetpack_sharing_enabled":true,"jetpack_shortlink":"https:\/\/wp.me\/p5Z6wp-85B","jetpack-related-posts":[{"id":30983,"url":"https:\/\/www.shqiperia.com\/blog\/cfare-eshte-planifikuar-delegacioni-i-larte-i-kie-zbarkon-ne-tirane-zbardhet-axhenda\/","url_meta":{"origin":31099,"position":0},"title":"\u00c7far\u00eb \u00ebsht\u00eb planifikuar? Delegacioni i lart\u00eb i KiE zbarkon n\u00eb Tiran\u00eb, zbardhet axhenda","author":"Kurt Farka","date":"February 3, 2020","format":false,"excerpt":"\u00c7far\u00eb \u00ebsht\u00eb planifikuar? Delegacioni i lart\u00eb i KiE zbarkon n\u00eb Tiran\u00eb, zbardhet axhenda 31 JANAR 2020 N\u00eb fillim t\u00eb shkurtit pritet q\u00eb n\u00eb Tiran\u00eb t\u00eb zbarkoj\u00eb nj\u00eb delegacion i nivelit t\u00eb lart\u00eb t\u00eb KiE. N\u00eb qend\u00ebr t\u00eb diskutimeve do jen\u00eb zhvillimet pas \u201930 qershorit\u2019. Dihet tashm\u00eb se standardet e k\u00ebtyre\u2026","rel":"","context":"In &quot;Blogu i Udh\u00ebtarit&quot;","block_context":{"text":"Blogu i Udh\u00ebtarit","link":"https:\/\/www.shqiperia.com\/blog\/category\/blogu-i-udhetarit\/"},"img":{"alt_text":"","src":"https:\/\/i0.wp.com\/www.shqiperia.com\/blog\/wp-content\/uploads\/2020\/02\/800-480-5e34137e2cb77.jpg?fit=800%2C480&ssl=1&resize=350%2C200","width":350,"height":200,"srcset":"https:\/\/i0.wp.com\/www.shqiperia.com\/blog\/wp-content\/uploads\/2020\/02\/800-480-5e34137e2cb77.jpg?fit=800%2C480&ssl=1&resize=350%2C200 1x, https:\/\/i0.wp.com\/www.shqiperia.com\/blog\/wp-content\/uploads\/2020\/02\/800-480-5e34137e2cb77.jpg?fit=800%2C480&ssl=1&resize=525%2C300 1.5x, https:\/\/i0.wp.com\/www.shqiperia.com\/blog\/wp-content\/uploads\/2020\/02\/800-480-5e34137e2cb77.jpg?fit=800%2C480&ssl=1&resize=700%2C400 2x"},"classes":[]},{"id":31221,"url":"https:\/\/www.shqiperia.com\/blog\/delegacioni-i-larte-i-kie-zgjedhjet-e-30-qershorit-nuk-ishin-demokratike\/","url_meta":{"origin":31099,"position":1},"title":"Delegacioni i lart\u00eb i KiE: &#8211; Zgjedhjet e 30 qershorit nuk ishin demokratike.","author":"Kurt Farka","date":"February 7, 2020","format":false,"excerpt":"Delegacioni i lart\u00eb i KiE: - Zgjedhjet e 30 qershorit nuk ishin demokratike. 6 shkurt 2020 Delegacioni i nivelit t\u00eb lart\u00eb t\u00eb Autoriteteve Lokale dhe Rajonale t\u00eb K\u00ebshillit t\u00eb Evrop\u00ebs, n\u00eb p\u00ebrfundim t\u00eb misionit t\u00eb tij n\u00eb Tiran\u00eb ka arritur n\u00eb p\u00ebrfundime q\u00eb rr\u00ebzojn\u00eb gjith\u00eb procesin e votimeve t\u00eb 30\u2026","rel":"","context":"In &quot;Blogu i Udh\u00ebtarit&quot;","block_context":{"text":"Blogu i Udh\u00ebtarit","link":"https:\/\/www.shqiperia.com\/blog\/category\/blogu-i-udhetarit\/"},"img":{"alt_text":"","src":"https:\/\/i0.wp.com\/www.shqiperia.com\/blog\/wp-content\/uploads\/2020\/02\/K%C3%ABshilli-i-Europ%C3%ABs-750x375-1-905x450-1.jpg?fit=905%2C450&ssl=1&resize=350%2C200","width":350,"height":200,"srcset":"https:\/\/i0.wp.com\/www.shqiperia.com\/blog\/wp-content\/uploads\/2020\/02\/K%C3%ABshilli-i-Europ%C3%ABs-750x375-1-905x450-1.jpg?fit=905%2C450&ssl=1&resize=350%2C200 1x, https:\/\/i0.wp.com\/www.shqiperia.com\/blog\/wp-content\/uploads\/2020\/02\/K%C3%ABshilli-i-Europ%C3%ABs-750x375-1-905x450-1.jpg?fit=905%2C450&ssl=1&resize=525%2C300 1.5x, https:\/\/i0.wp.com\/www.shqiperia.com\/blog\/wp-content\/uploads\/2020\/02\/K%C3%ABshilli-i-Europ%C3%ABs-750x375-1-905x450-1.jpg?fit=905%2C450&ssl=1&resize=700%2C400 2x"},"classes":[]},{"id":22324,"url":"https:\/\/www.shqiperia.com\/blog\/terhiqet-keshilli-i-europes-nuk-do-vezhgojme-zgjedhjet-lokale\/","url_meta":{"origin":31099,"position":2},"title":"T\u00ebrhiqet K\u00ebshilli i Europ\u00ebs: Nuk do v\u00ebzhgojm\u00eb zgjedhjet lokale","author":"Kurt Farka","date":"June 26, 2019","format":false,"excerpt":"T\u00ebrhiqet K\u00ebshilli i Europ\u00ebs: Nuk do v\u00ebzhgojm\u00eb zgjedhjet lokale. - 26\/06\/19 | Gazeta\u00a0\u00a0 mapo.al Kongresi i Autoriteteve Rajonale dhe Lokale pran\u00eb K\u00ebshillit t\u00eb Europ\u00ebs nuk do d\u00ebrgoj\u00eb mision monitorimi n\u00eb Shqip\u00ebri si\u00e7 ka b\u00ebr\u00eb gjat\u00eb zgjedhjeve lokale. N\u00eb nj\u00eb njoftim p\u00ebr mediat thuhet se ata jan\u00eb t\u00ebrhequr pas nj\u00eb konsultimi\u2026","rel":"","context":"In &quot;Blogu i Udh\u00ebtarit&quot;","block_context":{"text":"Blogu i Udh\u00ebtarit","link":"https:\/\/www.shqiperia.com\/blog\/category\/blogu-i-udhetarit\/"},"img":{"alt_text":"","src":"https:\/\/i0.wp.com\/www.shqiperia.com\/blog\/wp-content\/uploads\/2019\/06\/keshilli-europes-1.jpg?fit=520%2C309&ssl=1&resize=350%2C200","width":350,"height":200},"classes":[]},{"id":31113,"url":"https:\/\/www.shqiperia.com\/blog\/basha-takon-delegacionin-e-kie-vota-e-garantuar-e-qytetareve-per-zgjedhje-te-pergjithshme-dhe-lokale-sa-me-shpejt\/","url_meta":{"origin":31099,"position":3},"title":"Basha takon delegacionin e KiE: Vota e garantuar e qytetar\u00ebve p\u00ebr zgjedhje t\u00eb p\u00ebrgjithshme dhe lokale sa m\u00eb shpejt","author":"Kurt Farka","date":"February 5, 2020","format":false,"excerpt":"Basha takon delegacionin e KiE: Vota e garantuar e qytetar\u00ebve p\u00ebr zgjedhje t\u00eb p\u00ebrgjithshme dhe lokale sa m\u00eb shpejt 4 shkurt 2020 \u00a0Kreu i PD-s\u00eb, Lulzim Basha priti sot n\u00eb selin\u00eb blu delegacionin e KiE. Me nj\u00eb sh\u00ebnim n\u00eb facebook, Basha shkruan se Shqip\u00ebria e ka jetike mb\u00ebshtetjen nga partner\u00ebt,\u2026","rel":"","context":"In &quot;Njoftime Shtypi&quot;","block_context":{"text":"Njoftime Shtypi","link":"https:\/\/www.shqiperia.com\/blog\/category\/njoftime-shtypi\/"},"img":{"alt_text":"","src":"https:\/\/i0.wp.com\/www.shqiperia.com\/blog\/wp-content\/uploads\/2020\/02\/yry-676x450-1.jpg?fit=676%2C383&ssl=1&resize=350%2C200","width":350,"height":200,"srcset":"https:\/\/i0.wp.com\/www.shqiperia.com\/blog\/wp-content\/uploads\/2020\/02\/yry-676x450-1.jpg?fit=676%2C383&ssl=1&resize=350%2C200 1x, https:\/\/i0.wp.com\/www.shqiperia.com\/blog\/wp-content\/uploads\/2020\/02\/yry-676x450-1.jpg?fit=676%2C383&ssl=1&resize=525%2C300 1.5x"},"classes":[]},{"id":22337,"url":"https:\/\/www.shqiperia.com\/blog\/per-shkak-te-rreziqeve-te-mundshme-per-sigurine-ne-disa-zona-te-caktuara-nuk-ka-votime-keshtu-thote-keshilli-i-europes\/","url_meta":{"origin":31099,"position":4},"title":"&#8220;P\u00ebr shkak t\u00eb rreziqeve t\u00eb mundshme p\u00ebr sigurin\u00eb n\u00eb disa zona t\u00eb caktuara&#8221;. \u00a0NUK ka VOTIME .. Keshtu &#8221; thote&#8221; Keshilli i Europes.","author":"Kurt Farka","date":"June 26, 2019","format":false,"excerpt":"\"P\u00ebr shkak t\u00eb rreziqeve t\u00eb mundshme p\u00ebr sigurin\u00eb n\u00eb disa zona t\u00eb caktuara\". \u00a0NUK ka VOTIME .. Keshtu \" thote\" Keshilli i Europes. Ja njoftimi i plot\u00eb: \u00a0 N\u00eb vijim t\u00eb emailit t\u00eb m\u00ebposht\u00ebm, me t\u00eb cilin ju ftojm\u00eb n\u00eb nj\u00eb takim me nj\u00eb delegacion t\u00eb Kongresit t\u00eb Autoriteteve Rajonale\u2026","rel":"","context":"In &quot;Blogu i Udh\u00ebtarit&quot;","block_context":{"text":"Blogu i Udh\u00ebtarit","link":"https:\/\/www.shqiperia.com\/blog\/category\/blogu-i-udhetarit\/"},"img":{"alt_text":"","src":"https:\/\/i0.wp.com\/www.shqiperia.com\/blog\/wp-content\/uploads\/2019\/06\/1-7-1.jpg?fit=634%2C422&ssl=1&resize=350%2C200","width":350,"height":200,"srcset":"https:\/\/i0.wp.com\/www.shqiperia.com\/blog\/wp-content\/uploads\/2019\/06\/1-7-1.jpg?fit=634%2C422&ssl=1&resize=350%2C200 1x, https:\/\/i0.wp.com\/www.shqiperia.com\/blog\/wp-content\/uploads\/2019\/06\/1-7-1.jpg?fit=634%2C422&ssl=1&resize=525%2C300 1.5x"},"classes":[]},{"id":97203,"url":"https:\/\/www.shqiperia.com\/blog\/isha-ne-tirane-vajza-te-jashtezakonshme-zbulohet-e-maili-qe-ish-sekretari-i-kie-i-shkroi-epsteinit-pas-vizites-ne-shqiperi\/","url_meta":{"origin":31099,"position":5},"title":"\u201cIsha n\u00eb Tiran\u00eb, vajza t\u00eb jasht\u00ebzakonshme\u201d, zbulohet e-maili q\u00eb ish-Sekretari i KiE i shkroi Epsteinit, pas vizit\u00ebs n\u00eb Shqip\u00ebri","author":"Kurt Farka","date":"January 31, 2026","format":false,"excerpt":"31 Janar 2026 Nj\u00eb email i dat\u00ebs 25 maj 2012 tregon se Thorbj\u00f8rn Jagland, Sekretar i P\u00ebrgjithsh\u00ebm i K\u00ebshillit t\u00eb Europ\u00ebs n\u00eb at\u00eb periudh\u00eb, i ka d\u00ebrguar nj\u00eb mesazh Jeffrey Epstein, nj\u00eb dit\u00eb pas nj\u00eb vizite zyrtare n\u00eb Shqip\u00ebri. N\u00eb komunikimin elektronik, Jagland shkruan shkurt:\u00a0\u201cKam qen\u00eb n\u00eb Tiran\u00eb, vajza t\u00eb\u2026","rel":"","context":"In &quot;Blogu i Udh\u00ebtarit&quot;","block_context":{"text":"Blogu i Udh\u00ebtarit","link":"https:\/\/www.shqiperia.com\/blog\/category\/blogu-i-udhetarit\/"},"img":{"alt_text":"","src":"https:\/\/i0.wp.com\/www.shqiperia.com\/blog\/wp-content\/uploads\/2026\/01\/640-0-0a46f98e06d45c350f16fcde2f020385-1769850868.webp?fit=640%2C426&ssl=1&resize=350%2C200","width":350,"height":200,"srcset":"https:\/\/i0.wp.com\/www.shqiperia.com\/blog\/wp-content\/uploads\/2026\/01\/640-0-0a46f98e06d45c350f16fcde2f020385-1769850868.webp?fit=640%2C426&ssl=1&resize=350%2C200 1x, https:\/\/i0.wp.com\/www.shqiperia.com\/blog\/wp-content\/uploads\/2026\/01\/640-0-0a46f98e06d45c350f16fcde2f020385-1769850868.webp?fit=640%2C426&ssl=1&resize=525%2C300 1.5x"},"classes":[]}],"_links":{"self":[{"href":"https:\/\/www.shqiperia.com\/blog\/wp-json\/wp\/v2\/posts\/31099","targetHints":{"allow":["GET"]}}],"collection":[{"href":"https:\/\/www.shqiperia.com\/blog\/wp-json\/wp\/v2\/posts"}],"about":[{"href":"https:\/\/www.shqiperia.com\/blog\/wp-json\/wp\/v2\/types\/post"}],"author":[{"embeddable":true,"href":"https:\/\/www.shqiperia.com\/blog\/wp-json\/wp\/v2\/users\/9"}],"replies":[{"embeddable":true,"href":"https:\/\/www.shqiperia.com\/blog\/wp-json\/wp\/v2\/comments?post=31099"}],"version-history":[{"count":1,"href":"https:\/\/www.shqiperia.com\/blog\/wp-json\/wp\/v2\/posts\/31099\/revisions"}],"predecessor-version":[{"id":31102,"href":"https:\/\/www.shqiperia.com\/blog\/wp-json\/wp\/v2\/posts\/31099\/revisions\/31102"}],"wp:featuredmedia":[{"embeddable":true,"href":"https:\/\/www.shqiperia.com\/blog\/wp-json\/wp\/v2\/media\/31100"}],"wp:attachment":[{"href":"https:\/\/www.shqiperia.com\/blog\/wp-json\/wp\/v2\/media?parent=31099"}],"wp:term":[{"taxonomy":"category","embeddable":true,"href":"https:\/\/www.shqiperia.com\/blog\/wp-json\/wp\/v2\/categories?post=31099"},{"taxonomy":"post_tag","embeddable":true,"href":"https:\/\/www.shqiperia.com\/blog\/wp-json\/wp\/v2\/tags?post=31099"}],"curies":[{"name":"wp","href":"https:\/\/api.w.org\/{rel}","templated":true}]}}