{"id":31096,"date":"2020-02-05T00:16:32","date_gmt":"2020-02-05T00:16:32","guid":{"rendered":"https:\/\/www.shqiperia.com\/blog\/?p=31096"},"modified":"2020-02-05T00:16:32","modified_gmt":"2020-02-05T00:16:32","slug":"agron-duka-plas-bomben-ne-mes-te-emisionit-une-jam-shijaks-hapni-kamerat-dhe-shikoni-si-eksponent-te-ps-jane-futur-ne-kompleksin-golden","status":"publish","type":"post","link":"https:\/\/www.shqiperia.com\/blog\/agron-duka-plas-bomben-ne-mes-te-emisionit-une-jam-shijaks-hapni-kamerat-dhe-shikoni-si-eksponent-te-ps-jane-futur-ne-kompleksin-golden\/","title":{"rendered":"Agron Duka plas \u2018bomb\u00ebn\u2019 n\u00eb mes t\u00eb emisionit: Un\u00eb jam shijaks! &#8211; Hapni kamerat dhe shikoni si eksponent t\u00eb PS jan\u00eb futur n\u00eb kompleksin \u2018Golden\u2019!"},"content":{"rendered":"<p><img data-recalc-dims=\"1\" loading=\"lazy\" decoding=\"async\" data-attachment-id=\"31097\" data-permalink=\"https:\/\/www.shqiperia.com\/blog\/agron-duka-plas-bomben-ne-mes-te-emisionit-une-jam-shijaks-hapni-kamerat-dhe-shikoni-si-eksponent-te-ps-jane-futur-ne-kompleksin-golden\/agron-duka-2\/\" data-orig-file=\"https:\/\/i0.wp.com\/www.shqiperia.com\/blog\/wp-content\/uploads\/2020\/02\/Agron-Duka.jpg?fit=800%2C454&amp;ssl=1\" data-orig-size=\"800,454\" data-comments-opened=\"1\" data-image-meta=\"{&quot;aperture&quot;:&quot;0&quot;,&quot;credit&quot;:&quot;&quot;,&quot;camera&quot;:&quot;&quot;,&quot;caption&quot;:&quot;&quot;,&quot;created_timestamp&quot;:&quot;0&quot;,&quot;copyright&quot;:&quot;&quot;,&quot;focal_length&quot;:&quot;0&quot;,&quot;iso&quot;:&quot;0&quot;,&quot;shutter_speed&quot;:&quot;0&quot;,&quot;title&quot;:&quot;&quot;,&quot;orientation&quot;:&quot;0&quot;}\" data-image-title=\"Agron Duka\" data-image-description=\"\" data-image-caption=\"\" data-medium-file=\"https:\/\/i0.wp.com\/www.shqiperia.com\/blog\/wp-content\/uploads\/2020\/02\/Agron-Duka.jpg?fit=300%2C170&amp;ssl=1\" data-large-file=\"https:\/\/i0.wp.com\/www.shqiperia.com\/blog\/wp-content\/uploads\/2020\/02\/Agron-Duka.jpg?fit=800%2C454&amp;ssl=1\" class=\"alignnone  wp-image-31097\" alt=\"\" src=\"https:\/\/i0.wp.com\/www.shqiperia.com\/blog\/wp-content\/uploads\/2020\/02\/Agron-Duka.jpg?resize=605%2C343&#038;ssl=1\" width=\"605\" height=\"343\" srcset=\"https:\/\/i0.wp.com\/www.shqiperia.com\/blog\/wp-content\/uploads\/2020\/02\/Agron-Duka.jpg?resize=300%2C170&amp;ssl=1 300w, https:\/\/i0.wp.com\/www.shqiperia.com\/blog\/wp-content\/uploads\/2020\/02\/Agron-Duka.jpg?resize=768%2C436&amp;ssl=1 768w, https:\/\/i0.wp.com\/www.shqiperia.com\/blog\/wp-content\/uploads\/2020\/02\/Agron-Duka.jpg?resize=450%2C255&amp;ssl=1 450w, https:\/\/i0.wp.com\/www.shqiperia.com\/blog\/wp-content\/uploads\/2020\/02\/Agron-Duka.jpg?resize=600%2C341&amp;ssl=1 600w, https:\/\/i0.wp.com\/www.shqiperia.com\/blog\/wp-content\/uploads\/2020\/02\/Agron-Duka.jpg?resize=400%2C227&amp;ssl=1 400w, https:\/\/i0.wp.com\/www.shqiperia.com\/blog\/wp-content\/uploads\/2020\/02\/Agron-Duka.jpg?w=800&amp;ssl=1 800w\" sizes=\"auto, (max-width: 605px) 100vw, 605px\" \/><\/p>\n<p>Agron Duka plas \u2018bomb\u00ebn\u2019 n\u00eb mes t\u00eb emisionit: Un\u00eb jam shijaks! &#8211; Hapni kamerat dhe shikoni si eksponent t\u00eb PS jan\u00eb futur n\u00eb kompleksin \u2018Golden\u2019!<\/p>\n<p>4 SHKURT 2020<\/p>\n<p>Kreu i PAA Agron Duka ka b\u00ebr\u00eb nj\u00eb deklarat\u00eb t\u00eb fort\u00eb mbr\u00ebmjen e sotme n\u00eb lidhje me sekuestrimin e kompleksit \u201cGolden\u201d n\u00eb Shijak nga Nj\u00ebsia Speciale OFL.<\/p>\n<p>I ftuar n\u00eb emisionin RepolitiX, Duka ka k\u00ebrkuar t\u00eb shihen regjistrimet e kamerave t\u00eb kompleksit gjat\u00eb 3 muajve t\u00eb fundit, dhe aty sipas tij shfaqen eksponent\u00eb t\u00eb shumt\u00eb t\u00eb Partis\u00eb Socialiste.<\/p>\n<p>\u201cAto kamerat do ken\u00eb nja tre muaj q\u00eb regjistrojn\u00eb. Un\u00eb ju sfidoj t\u00eb shikoni sa eksponent\u00eb t\u00eb PS jan\u00eb futur n\u00eb at\u00eb kompleks. M\u00eb sfidoni ju mua, un\u00eb jam shijakas&#8230;\u201d, ka th\u00ebn\u00eb Duka n\u00eb debat me deputetin socialist Alekt Hyseni.<\/p>\n<p>Gazeta Sot<\/p>\n","protected":false},"excerpt":{"rendered":"<p>Agron Duka plas \u2018bomb\u00ebn\u2019 n\u00eb mes t\u00eb emisionit: Un\u00eb jam shijaks! &#8211; Hapni kamerat dhe shikoni si eksponent t\u00eb PS jan\u00eb futur n\u00eb kompleksin \u2018Golden\u2019! 4 SHKURT 2020 Kreu i PAA Agron Duka ka b\u00ebr\u00eb nj\u00eb deklarat\u00eb t\u00eb fort\u00eb mbr\u00ebmjen e sotme n\u00eb lidhje me sekuestrimin e kompleksit \u201cGolden\u201d n\u00eb Shijak nga Nj\u00ebsia Speciale OFL. [&hellip;]<\/p>\n","protected":false},"author":9,"featured_media":31097,"comment_status":"open","ping_status":"open","sticky":false,"template":"","format":"standard","meta":{"jetpack_post_was_ever_published":false,"_jetpack_newsletter_access":"","_jetpack_dont_email_post_to_subs":false,"_jetpack_newsletter_tier_id":0,"_jetpack_memberships_contains_paywalled_content":false,"_jetpack_memberships_contains_paid_content":false,"footnotes":"","jetpack_publicize_message":"","jetpack_publicize_feature_enabled":true,"jetpack_social_post_already_shared":true,"jetpack_social_options":{"image_generator_settings":{"template":"highway","default_image_id":0,"font":"","enabled":false},"version":2}},"categories":[10],"tags":[],"class_list":["post-31096","post","type-post","status-publish","format-standard","has-post-thumbnail","hentry","category-kultura"],"jetpack_publicize_connections":[],"jetpack_featured_media_url":"https:\/\/i0.wp.com\/www.shqiperia.com\/blog\/wp-content\/uploads\/2020\/02\/Agron-Duka.jpg?fit=800%2C454&ssl=1","jetpack_sharing_enabled":true,"jetpack_shortlink":"https:\/\/wp.me\/p5Z6wp-85y","jetpack-related-posts":[{"id":81536,"url":"https:\/\/www.shqiperia.com\/blog\/agron-duka-ne-shqiperi-gelon-korrupsioni-rezoluta-e-ps-pjese-e-maskarades-propagandistike\/","url_meta":{"origin":31096,"position":0},"title":"Agron Duka: &#8211; N\u00eb Shqip\u00ebri g\u00eblon korrupsioni, rezoluta e PS pjes\u00eb e maskarad\u00ebs propagandistike","author":"Kurt Farka","date":"June 1, 2024","format":false,"excerpt":"1 Qershor 2024 Kryetari i Partis\u00eb Agrare Ambientaliste (PAA), Agron Duka ka komentuara situat\u00ebn politike n\u00eb vend. Gjat\u00eb nj\u00eb interviste p\u00ebr gazet\u00ebn \u201cSOT\u201d, zoti Duka shpreh bindjen se n\u00eb Shqip\u00ebri g\u00eblon korrupsioni, nd\u00ebrsa rezolut\u00ebn e Partis\u00eb Socialiste kund\u00ebr korrupsionit e cil\u00ebson pjes\u00eb t\u00eb \u00a0maskarad\u00ebs propagandistike t\u00eb k\u00ebsaj partie. M\u00eb tej\u2026","rel":"","context":"In &quot;Blogu i Udh\u00ebtarit&quot;","block_context":{"text":"Blogu i Udh\u00ebtarit","link":"https:\/\/www.shqiperia.com\/blog\/category\/blogu-i-udhetarit\/"},"img":{"alt_text":"","src":"https:\/\/i0.wp.com\/www.shqiperia.com\/blog\/wp-content\/uploads\/2024\/06\/800-0-665ad8ca6da39.jpg?fit=800%2C534&ssl=1&resize=350%2C200","width":350,"height":200,"srcset":"https:\/\/i0.wp.com\/www.shqiperia.com\/blog\/wp-content\/uploads\/2024\/06\/800-0-665ad8ca6da39.jpg?fit=800%2C534&ssl=1&resize=350%2C200 1x, https:\/\/i0.wp.com\/www.shqiperia.com\/blog\/wp-content\/uploads\/2024\/06\/800-0-665ad8ca6da39.jpg?fit=800%2C534&ssl=1&resize=525%2C300 1.5x, https:\/\/i0.wp.com\/www.shqiperia.com\/blog\/wp-content\/uploads\/2024\/06\/800-0-665ad8ca6da39.jpg?fit=800%2C534&ssl=1&resize=700%2C400 2x"},"classes":[]},{"id":59548,"url":"https:\/\/www.shqiperia.com\/blog\/gomeret-nuk-kane-pesuar-renie-ne-numer-bashke-me-njerezit-kane-ikur-edhe-lopet-e-dhite-agron-duka-ka-sjelle-renie-te-prodhimit-te-qumeshtit\/","url_meta":{"origin":31096,"position":1},"title":"Gomer\u00ebt nuk kan\u00eb p\u00ebsuar r\u00ebnie ne numer: &#8211; \u201cBashk\u00eb me njer\u00ebzit, kan\u00eb ikur edhe lop\u00ebt e dhit\u00eb\u201d. Agron Duka: &#8211; Ka sjell\u00eb r\u00ebnie t\u00eb prodhimit t\u00eb qum\u00ebshtit!","author":"Kurt Farka","date":"June 29, 2022","format":false,"excerpt":"\u00a029 Qershor 2022 Kryetari i Partis\u00eb Agrare Ambientaliste, Agron Duka ka ngritur shqet\u00ebsimin e uljes s\u00eb numrit t\u00eb gjedh\u00ebve n\u00eb vendin ton\u00eb, duke iu referuar shifrave t\u00eb INSTAT. Me an\u00eb t\u00eb nj\u00eb postimi n\u00eb Facebook, ai thot\u00eb se s\u00ebbashku me njer\u00ebzit, edhe lop\u00ebt e dhit\u00eb jan\u00eb larguar. Sipas tij, numri\u2026","rel":"","context":"In &quot;Blogu i Udh\u00ebtarit&quot;","block_context":{"text":"Blogu i Udh\u00ebtarit","link":"https:\/\/www.shqiperia.com\/blog\/category\/blogu-i-udhetarit\/"},"img":{"alt_text":"","src":"https:\/\/i0.wp.com\/www.shqiperia.com\/blog\/wp-content\/uploads\/2022\/06\/agron-duka.jpg?fit=600%2C307&ssl=1&resize=350%2C200","width":350,"height":200,"srcset":"https:\/\/i0.wp.com\/www.shqiperia.com\/blog\/wp-content\/uploads\/2022\/06\/agron-duka.jpg?fit=600%2C307&ssl=1&resize=350%2C200 1x, https:\/\/i0.wp.com\/www.shqiperia.com\/blog\/wp-content\/uploads\/2022\/06\/agron-duka.jpg?fit=600%2C307&ssl=1&resize=525%2C300 1.5x"},"classes":[]},{"id":90714,"url":"https:\/\/www.shqiperia.com\/blog\/do-mundnim-ramen-duke-pire-raki-duka-mazhoranca-eshte-mbushur-me-zullume-askush-sdo-ti-shohe-me-me-sy\/","url_meta":{"origin":31096,"position":2},"title":"\u201cDo mundnim Ram\u00ebn duke pir\u00eb raki\u201d. Duka: &#8211; Mazhoranca \u00ebsht\u00eb mbushur me zullume, askush s\u2019do t\u2019i shoh\u00eb m\u00eb me sy","author":"Kurt Farka","date":"March 26, 2025","format":false,"excerpt":"26 Mars 2025 Kryetari i Partis\u00eb Agrare Ambientaliste, Agron Duka, ka deklaruar se n\u00ebse opozita nuk do t\u00eb kishte b\u00ebr\u00eb 3 gabimet klasike, si ndarja territoriale, falja e bashkive dhe dalja nga parlamenti sot do ta kishin mundur kryeministrin Rama duke pir\u00eb raki. I ftuar n\u00eb emisionin Debat me Alba\u2026","rel":"","context":"In &quot;Blogu i Udh\u00ebtarit&quot;","block_context":{"text":"Blogu i Udh\u00ebtarit","link":"https:\/\/www.shqiperia.com\/blog\/category\/blogu-i-udhetarit\/"},"img":{"alt_text":"","src":"https:\/\/i0.wp.com\/www.shqiperia.com\/blog\/wp-content\/uploads\/2025\/03\/Agron-Duka.png?fit=640%2C360&ssl=1&resize=350%2C200","width":350,"height":200,"srcset":"https:\/\/i0.wp.com\/www.shqiperia.com\/blog\/wp-content\/uploads\/2025\/03\/Agron-Duka.png?fit=640%2C360&ssl=1&resize=350%2C200 1x, https:\/\/i0.wp.com\/www.shqiperia.com\/blog\/wp-content\/uploads\/2025\/03\/Agron-Duka.png?fit=640%2C360&ssl=1&resize=525%2C300 1.5x"},"classes":[]},{"id":45953,"url":"https:\/\/www.shqiperia.com\/blog\/duka-i-pergjigjet-rames-te-kane-ikur-bletet-do-kesh-fund-diktatori\/","url_meta":{"origin":31096,"position":3},"title":"Duka i p\u00ebrgjigjet Ram\u00ebs: &#8211; T\u00eb kan\u00eb ikur blet\u00ebt, do kesh fund diktatori.\u00a0","author":"Kurt Farka","date":"March 31, 2021","format":false,"excerpt":"Duka i p\u00ebrgjigjet Ram\u00ebs: - T\u00eb kan\u00eb ikur blet\u00ebt, do kesh fund diktatori. 27 MARS 2021, Kryetari i Partis\u00eb Agrare Ambientaliste, Agron Duka, i \u00ebsht\u00eb p\u00ebrgjigjur akuzave t\u00eb kryeministrit Edi Rama Ram\u00ebs, i cili deklaroi sot nga Kruja se \"Duka ka qen\u00eb minist\u00ebr Bujq\u00ebsie, n\u00eb shekullin e 5-t\u00eb p.e.s.\" P\u00ebrmes\u2026","rel":"","context":"In &quot;Blogu i Udh\u00ebtarit&quot;","block_context":{"text":"Blogu i Udh\u00ebtarit","link":"https:\/\/www.shqiperia.com\/blog\/category\/blogu-i-udhetarit\/"},"img":{"alt_text":"","src":"https:\/\/i0.wp.com\/www.shqiperia.com\/blog\/wp-content\/uploads\/2021\/03\/640-0-605f88975a9e4.jpg?fit=640%2C320&ssl=1&resize=350%2C200","width":350,"height":200,"srcset":"https:\/\/i0.wp.com\/www.shqiperia.com\/blog\/wp-content\/uploads\/2021\/03\/640-0-605f88975a9e4.jpg?fit=640%2C320&ssl=1&resize=350%2C200 1x, https:\/\/i0.wp.com\/www.shqiperia.com\/blog\/wp-content\/uploads\/2021\/03\/640-0-605f88975a9e4.jpg?fit=640%2C320&ssl=1&resize=525%2C300 1.5x"},"classes":[]},{"id":45253,"url":"https:\/\/www.shqiperia.com\/blog\/humor-agron-duka-i-nxjerr-foton-e-papritur-rames-pas-25-prillit-do-tia-gjej-nje-vend-ne-pulari\/","url_meta":{"origin":31096,"position":4},"title":"Humor:\u00a0 Agron Duka i nxjerr foton e papritur Ram\u00ebs: Pas 25 prillit do t\u2019ia gjej nj\u00eb vend n\u00eb pulari","author":"Kurt Farka","date":"March 13, 2021","format":false,"excerpt":"10 MARS 2021 Kreu i Partis\u00eb Agrare Ambientaliste, Agron Duka, i p\u00ebrgjigjet kryeministrit Edi Rama, i cili ironizoi sot aleat\u00ebt e koalicionit opozitar. N\u00eb reagimin e tij, Duka i kthehet Ram\u00ebs, duke i th\u00ebn\u00eb se pas\u00a025 prillit do t\u2019ia gjej nj\u00eb vend n\u00eb pulari. Ai i ka postuar Ram\u00ebs dhe\u2026","rel":"","context":"In &quot;Blogu i Udh\u00ebtarit&quot;","block_context":{"text":"Blogu i Udh\u00ebtarit","link":"https:\/\/www.shqiperia.com\/blog\/category\/blogu-i-udhetarit\/"},"img":{"alt_text":"","src":"https:\/\/i0.wp.com\/www.shqiperia.com\/blog\/wp-content\/uploads\/2021\/03\/640-0-6048b3a842721.jpg?fit=640%2C354&ssl=1&resize=350%2C200","width":350,"height":200,"srcset":"https:\/\/i0.wp.com\/www.shqiperia.com\/blog\/wp-content\/uploads\/2021\/03\/640-0-6048b3a842721.jpg?fit=640%2C354&ssl=1&resize=350%2C200 1x, https:\/\/i0.wp.com\/www.shqiperia.com\/blog\/wp-content\/uploads\/2021\/03\/640-0-6048b3a842721.jpg?fit=640%2C354&ssl=1&resize=525%2C300 1.5x"},"classes":[]},{"id":22004,"url":"https:\/\/www.shqiperia.com\/blog\/agron-duka-i-shkruan-leter-edi-rames-nese-vazhdon-keshtu-kam-frik-se-do-te-jesh-ti-vete-kurbani-qe-lips-fundi-i-tranzicionit\/","url_meta":{"origin":31096,"position":5},"title":"Agron Duka i shkruan let\u00ebr Edi Ram\u00ebs: &#8211; N\u00ebse vazhdon k\u00ebshtu, kam frik se do t\u00eb jesh ti vet\u00eb kurbani q\u00eb lips fundi i tranzicionit.","author":"Kurt Farka","date":"June 20, 2019","format":false,"excerpt":"Agron Duka i shkruan let\u00ebr Edi Ram\u00ebs: - N\u00ebse vazhdon k\u00ebshtu, kam frik se do t\u00eb jesh ti vet\u00eb kurbani q\u00eb lips fundi i tranzicionit. 19 qershor 2019 I dashur Edi, Ndryshe nga ty, nuk kam qen\u00eb kurr\u00eb i aft\u00eb t\u00eb ndaj politik\u00ebn nga miq\u00ebsia, por, ashtu si ty, nuk\u2026","rel":"","context":"In &quot;Blogu i Udh\u00ebtarit&quot;","block_context":{"text":"Blogu i Udh\u00ebtarit","link":"https:\/\/www.shqiperia.com\/blog\/category\/blogu-i-udhetarit\/"},"img":{"alt_text":"","src":"https:\/\/i0.wp.com\/www.shqiperia.com\/blog\/wp-content\/uploads\/2019\/06\/duka.jpg?fit=659%2C368&ssl=1&resize=350%2C200","width":350,"height":200,"srcset":"https:\/\/i0.wp.com\/www.shqiperia.com\/blog\/wp-content\/uploads\/2019\/06\/duka.jpg?fit=659%2C368&ssl=1&resize=350%2C200 1x, https:\/\/i0.wp.com\/www.shqiperia.com\/blog\/wp-content\/uploads\/2019\/06\/duka.jpg?fit=659%2C368&ssl=1&resize=525%2C300 1.5x"},"classes":[]}],"_links":{"self":[{"href":"https:\/\/www.shqiperia.com\/blog\/wp-json\/wp\/v2\/posts\/31096","targetHints":{"allow":["GET"]}}],"collection":[{"href":"https:\/\/www.shqiperia.com\/blog\/wp-json\/wp\/v2\/posts"}],"about":[{"href":"https:\/\/www.shqiperia.com\/blog\/wp-json\/wp\/v2\/types\/post"}],"author":[{"embeddable":true,"href":"https:\/\/www.shqiperia.com\/blog\/wp-json\/wp\/v2\/users\/9"}],"replies":[{"embeddable":true,"href":"https:\/\/www.shqiperia.com\/blog\/wp-json\/wp\/v2\/comments?post=31096"}],"version-history":[{"count":1,"href":"https:\/\/www.shqiperia.com\/blog\/wp-json\/wp\/v2\/posts\/31096\/revisions"}],"predecessor-version":[{"id":31098,"href":"https:\/\/www.shqiperia.com\/blog\/wp-json\/wp\/v2\/posts\/31096\/revisions\/31098"}],"wp:featuredmedia":[{"embeddable":true,"href":"https:\/\/www.shqiperia.com\/blog\/wp-json\/wp\/v2\/media\/31097"}],"wp:attachment":[{"href":"https:\/\/www.shqiperia.com\/blog\/wp-json\/wp\/v2\/media?parent=31096"}],"wp:term":[{"taxonomy":"category","embeddable":true,"href":"https:\/\/www.shqiperia.com\/blog\/wp-json\/wp\/v2\/categories?post=31096"},{"taxonomy":"post_tag","embeddable":true,"href":"https:\/\/www.shqiperia.com\/blog\/wp-json\/wp\/v2\/tags?post=31096"}],"curies":[{"name":"wp","href":"https:\/\/api.w.org\/{rel}","templated":true}]}}