{"id":31092,"date":"2020-02-05T00:01:48","date_gmt":"2020-02-05T00:01:48","guid":{"rendered":"https:\/\/www.shqiperia.com\/blog\/?p=31092"},"modified":"2020-02-05T00:01:48","modified_gmt":"2020-02-05T00:01:48","slug":"kck-per-te-vene-ne-rresht-gjyqtaret-fatos-lubonja-spak-u-dhe-gjykatat-i-con-ne-duart-e-ministrit-te-brendshem-pamja-me-e-tmerrshme-ishte","status":"publish","type":"post","link":"https:\/\/www.shqiperia.com\/blog\/kck-per-te-vene-ne-rresht-gjyqtaret-fatos-lubonja-spak-u-dhe-gjykatat-i-con-ne-duart-e-ministrit-te-brendshem-pamja-me-e-tmerrshme-ishte\/","title":{"rendered":"\u201cK\u00c7K p\u00ebr t\u00eb v\u00ebn\u00eb n\u00eb rresht gjyqtar\u00ebt\u201d- Fatos Lubonja: SPAK-u dhe gjykatat i \u00e7on n\u00eb duart e ministrit t\u00eb Brendsh\u00ebm. Pamja m\u00eb e tmerrshme ishte\u2026"},"content":{"rendered":"<div id=\"attachment_31093\" style=\"width: 622px\" class=\"wp-caption alignnone\"><img data-recalc-dims=\"1\" loading=\"lazy\" decoding=\"async\" aria-describedby=\"caption-attachment-31093\" data-attachment-id=\"31093\" data-permalink=\"https:\/\/www.shqiperia.com\/blog\/kck-per-te-vene-ne-rresht-gjyqtaret-fatos-lubonja-spak-u-dhe-gjykatat-i-con-ne-duart-e-ministrit-te-brendshem-pamja-me-e-tmerrshme-ishte\/fatos-lubonja-8\/\" data-orig-file=\"https:\/\/i0.wp.com\/www.shqiperia.com\/blog\/wp-content\/uploads\/2020\/02\/Fatos-Lubonja.jpg?fit=700%2C401&amp;ssl=1\" data-orig-size=\"700,401\" data-comments-opened=\"1\" data-image-meta=\"{&quot;aperture&quot;:&quot;0&quot;,&quot;credit&quot;:&quot;&quot;,&quot;camera&quot;:&quot;&quot;,&quot;caption&quot;:&quot;&quot;,&quot;created_timestamp&quot;:&quot;0&quot;,&quot;copyright&quot;:&quot;&quot;,&quot;focal_length&quot;:&quot;0&quot;,&quot;iso&quot;:&quot;0&quot;,&quot;shutter_speed&quot;:&quot;0&quot;,&quot;title&quot;:&quot;&quot;,&quot;orientation&quot;:&quot;0&quot;}\" data-image-title=\"Fatos Lubonja\" data-image-description=\"\" data-image-caption=\"&lt;p&gt;Fatos Lubonja: SPAK-u dhe gjykatat i \u00e7on n\u00eb duart e ministrit t\u00eb Brendsh\u00ebm. Pamja m\u00eb e tmerrshme ishte\u2026&lt;\/p&gt;\n\" data-medium-file=\"https:\/\/i0.wp.com\/www.shqiperia.com\/blog\/wp-content\/uploads\/2020\/02\/Fatos-Lubonja.jpg?fit=300%2C172&amp;ssl=1\" data-large-file=\"https:\/\/i0.wp.com\/www.shqiperia.com\/blog\/wp-content\/uploads\/2020\/02\/Fatos-Lubonja.jpg?fit=700%2C401&amp;ssl=1\" class=\" wp-image-31093\" alt=\"\" src=\"https:\/\/i0.wp.com\/www.shqiperia.com\/blog\/wp-content\/uploads\/2020\/02\/Fatos-Lubonja.jpg?resize=612%2C353&#038;ssl=1\" width=\"612\" height=\"353\" \/><p id=\"caption-attachment-31093\" class=\"wp-caption-text\">Fatos Lubonja: SPAK-u dhe gjykatat i \u00e7on n\u00eb duart e ministrit t\u00eb Brendsh\u00ebm. Pamja m\u00eb e tmerrshme ishte\u2026<\/p><\/div>\n<p>\u201cK\u00c7K p\u00ebr t\u00eb v\u00ebn\u00eb n\u00eb rresht gjyqtar\u00ebt\u201d- Fatos Lubonja: SPAK-u dhe gjykatat i \u00e7on n\u00eb duart e ministrit t\u00eb Brendsh\u00ebm. Pamja m\u00eb e tmerrshme ishte\u2026<\/p>\n<p><em>3 shkurt 2020<\/em><\/p>\n<p><strong>Analisti Fatos Lubonja duke komentuar prezantimin gjat\u00eb s\u00eb diel\u00ebs t\u00eb paket\u00ebs s\u00eb quajtur \u201cAnti-K\u00c7K\u201d, thot\u00eb se kjo b\u00ebhet nga qeveria p\u00ebr t\u00eb v\u00ebn\u00eb n\u00eb resht gjyqtar\u00ebt q\u00eb jan\u00eb kund\u00ebr tyre.<\/strong><\/p>\n<p>I ftuar n\u00eb studion e News 24, Lubonja shprehet se kjo paket\u00eb e \u00e7on gjykat\u00ebn dhe njer\u00ebzit e SPAK-ut, te ministri i Brendsh\u00ebm.<\/p>\n<p><strong>Fatos Lubonja:<\/strong>\u00a0\u00cbsht\u00eb e frikshme sepse jan\u00eb kap\u00ebrcyer t\u00eb gjith\u00eb kufijt\u00eb. Pse qenkan t\u00eb ndersh\u00ebm k\u00ebta me syze t\u00eb zeza dhe gjyqtar\u00ebt jo? K\u00ebta jan\u00eb thjesht nj\u00eb instrument p\u00ebr t\u00eb frik\u00ebsuar k\u00ebdo q\u00eb nuk i n\u00ebnshtrohet k\u00ebtij autoritarizmi, k\u00ebtij individi q\u00eb b\u00ebn nj\u00eb loj\u00eb t\u00eb rrezikshme. Nuk e di se sa e ka propagand\u00eb dhe t\u00eb v\u00ebrtet\u00eb n\u00eb kuptimin q\u00eb t\u2019i shkoj\u00eb deri n\u00eb fund. Erdhi koha t\u00eb luftojm\u00eb krimin thot\u00eb. Ti ke ardhur n\u00eb 2013 me th\u00ebnien q\u00eb n\u00eb Shqip\u00ebri nuk jetohet si njeri i ndersh\u00ebm. \u00c7far\u00eb ke b\u00ebr\u00eb ti nga 2013 e deri m\u00eb tani.<\/p>\n<p>Q\u00eb strukturat kan\u00eb d\u00ebshtuar na e than\u00eb me reform\u00ebn n\u00eb drejt\u00ebsi. O na thuaj q\u00eb ka d\u00ebshtuar Vettingu dhe b\u00ebj di\u00e7ka mbi super-vettingun, ose na e shpjego, pse duhet kjo. Ato nuk shkojn\u00eb paralelisht, sepse jan\u00eb n\u00eb kund\u00ebrshtim me nj\u00ebra-tjetr\u00ebn. Ne kemi k\u00ebrkuar drejt\u00ebsi t\u00eb pavarur nga politika, nd\u00ebrsa kjo reforma e \u00e7on gjykat\u00ebn, njer\u00ebzit e SPAK-ut, te ministri i Brendsh\u00ebm, nd\u00ebrkoh\u00eb q\u00eb kemi pasur dy ministra t\u00eb Brendsh\u00ebm t\u00eb Edi Ram\u00ebs t\u00eb lidhur n\u00eb nj\u00eb m\u00ebnyr\u00eb apo tjet\u00ebr me krimin. Kemi nj\u00eb rritje galoponte q\u00eb e thoshte edhe Rai3, t\u00eb krimit n\u00eb Shqip\u00ebri n\u00eb koh\u00ebn e Ram\u00ebs, apo jo! U p\u00ebrg\u00ebnjeshtrua nga kryeministri po u rikonfirmua nga ata q\u00eb e thon\u00eb dhe q\u00eb kan\u00eb dokumente.<\/p>\n<p>Tek e fundit, nuk kemi nevoj\u00eb t\u00eb na e thon\u00eb italian\u00ebt. Mjafton t\u00eb shohim nd\u00ebrtimet, q\u00eb nuk jan\u00eb as me lek\u00eb banke, p\u00ebr t\u00eb hetuar se cil\u00ebt jan\u00eb k\u00ebta q\u00eb po nd\u00ebrtojn\u00eb dhe hetimi t\u00eb \u00e7on tek cil\u00ebt jan\u00eb ata q\u00eb kan\u00eb dh\u00ebn\u00eb leje k\u00ebtyre q\u00eb nd\u00ebrtojn\u00eb dhe ata jan\u00eb vet\u00eb k\u00ebta q\u00eb b\u00ebjn\u00eb K\u00c7K. E kupton sa e palogjishme \u00ebsht\u00eb kjo. N\u00eb rastin m\u00eb t\u00eb mir\u00eb \u00ebsht\u00eb propagand\u00eb dhe n\u00eb rastin m\u00eb t\u00eb keq t\u00eb k\u00ebrc\u00ebnosh edhe m\u00eb njer\u00ebzit q\u00eb ke kund\u00ebr, t\u2019i kesh n\u00eb rresht. Kjo \u00ebsht\u00eb q\u00eb gjykat\u00ebsit t\u2019i ket\u00eb rresht.<\/p>\n<p>Kryeministrin e kishte shqet\u00ebsuar fakti se gjykat\u00ebsit kan\u00eb liruar ca kriminel\u00eb. Po kush jan\u00eb k\u00ebto kriminel\u00eb? Na dalin q\u00eb shum\u00eb nga ata kriminel\u00eb q\u00eb kan\u00eb vjedhur vot\u00ebn, bashk\u00eb me kryeministrin.<\/p>\n<p>E b\u00ebn ky p\u00ebr t\u00eb mbuluar k\u00ebto lirime t\u00eb k\u00ebtyre njer\u00ebzve, q\u00eb i ka pasur bashk\u00ebpun\u00ebtor\u00eb partia e tij n\u00eb vjedhje vote, apo e b\u00ebn p\u00ebr t\u00eb b\u00ebr\u00eb nj\u00eb lloj presioni ndaj gjykat\u00ebsve, q\u00eb mendon ende se nuk i ka. Kjo \u00ebsht\u00eb p\u00ebr t\u2019u par\u00eb, por asgj\u00eb t\u00eb mir\u00eb nuk ka k\u00ebtu, asgj\u00eb t\u00eb shtetit ligjor nuk ka k\u00ebtu, ka rritje t\u00eb nj\u00eb autokracie, rritje t\u00eb banditizmit t\u00eb shtetit t\u00eb kapur dhe pamja m\u00eb e tmerrshme ishte e atyre me syve t\u00eb zeza, q\u00eb na nxori. Ku kemi par\u00eb p\u00ebr tre dit\u00eb! As n\u00eb revolucionet q\u00eb b\u00ebnte partia komuniste. Dikush duhet ta shqyrtoj\u00eb vendimin gjyq\u00ebsor. K\u00ebta me syze t\u00eb zeza duhet ta shqyrtojn\u00eb? Nuk mund t\u00eb vendos\u00ebsh ti me polici.<\/p>\n<p>N\u00eb qoft\u00eb se reforma n\u00eb drejt\u00ebsi n\u00ebnkuptonte vettingun e gjyqtar\u00ebve dhe k\u00ebrkoi t\u00eb ngrihen struktura t\u00eb q\u00ebndrueshme. Edhe nd\u00ebrkomb\u00ebtar\u00ebt i ktheu mbrapsht, at\u00ebher\u00eb m\u00eb del q\u00eb k\u00ebtij nuk i mjafton ai vettingu i kontrolluar po i duhet nj\u00eb vetting edhe m\u00eb i shpejt\u00eb p\u00ebr t\u00eb eliminuar dhe k\u00ebrc\u00ebnuar gjyqtar\u00ebt dhe p\u00ebr t\u00eb b\u00ebr\u00eb propagand\u00eb. Kuptim tjet\u00ebr nuk i jap k\u00ebsaj.<\/p>\n<p>Nuk matet thjesht se \u00e7far\u00eb thot\u00eb ambasadori amerikan por se sa kemi antikorpe. Kemi problem sa media e b\u00ebjn\u00eb pun\u00ebn e tyre p\u00ebr ta demanskuar k\u00ebt\u00eb! Sa gjyqtar\u00eb t\u00eb ndersh\u00ebm thon\u00eb q\u00eb kjo \u00ebsht\u00eb e paligjshme. Edhe brenda policis\u00eb q\u00eb jan\u00eb njer\u00ebz t\u00eb ndersh\u00ebm dhe t\u00eb depolitizuar q\u00eb nuk pranojn\u00eb t\u00eb tilla funksione. Dhe natyrisht edhe sa t\u00eb ndersh\u00ebm jan\u00eb k\u00ebta nd\u00ebrkomb\u00ebtar\u00ebt. A jan\u00eb viktim\u00eb t\u00eb atyre politikave shqiptare q\u00eb \u00ebsht\u00eb nj\u00eb kultur\u00eb, mashtron nd\u00ebrkomb\u00ebtar\u00ebt q\u00eb t\u00eb marr\u00ebsh nj\u00eb legjitimimin prej tyre pavar\u00ebsisht se e b\u00ebn me g\u00ebnjeshtra dhe bien ata viktim\u00eb dhe sa ata kan\u00eb interesat e tyre. Ose \u00ebsht\u00eb mashtrim, sepse jan\u00eb miop\u00eb ose \u00ebsht\u00eb mb\u00ebshtetje p\u00ebr nj\u00eb regjim. Pse \u00ebsht\u00eb kjo mb\u00ebshtetje?! Mos prit ndonj\u00eb ambasador q\u00eb t\u00eb flas\u00eb kund\u00ebr qeveris\u00eb n\u00eb Shqip\u00ebri. Ambasador\u00ebt nuk kan\u00eb k\u00ebt\u00eb detyr\u00eb.<\/p>\n<div id=\"attachment_31094\" style=\"width: 792px\" class=\"wp-caption alignnone\"><img data-recalc-dims=\"1\" loading=\"lazy\" decoding=\"async\" aria-describedby=\"caption-attachment-31094\" data-attachment-id=\"31094\" data-permalink=\"https:\/\/www.shqiperia.com\/blog\/kck-per-te-vene-ne-rresht-gjyqtaret-fatos-lubonja-spak-u-dhe-gjykatat-i-con-ne-duart-e-ministrit-te-brendshem-pamja-me-e-tmerrshme-ishte\/fatos-lubonja-9\/\" data-orig-file=\"https:\/\/i0.wp.com\/www.shqiperia.com\/blog\/wp-content\/uploads\/2020\/02\/Fatos-Lubonja-1.jpg?fit=700%2C401&amp;ssl=1\" data-orig-size=\"700,401\" data-comments-opened=\"1\" data-image-meta=\"{&quot;aperture&quot;:&quot;0&quot;,&quot;credit&quot;:&quot;&quot;,&quot;camera&quot;:&quot;&quot;,&quot;caption&quot;:&quot;&quot;,&quot;created_timestamp&quot;:&quot;0&quot;,&quot;copyright&quot;:&quot;&quot;,&quot;focal_length&quot;:&quot;0&quot;,&quot;iso&quot;:&quot;0&quot;,&quot;shutter_speed&quot;:&quot;0&quot;,&quot;title&quot;:&quot;&quot;,&quot;orientation&quot;:&quot;0&quot;}\" data-image-title=\"Fatos Lubonja\" data-image-description=\"\" data-image-caption=\"&lt;p&gt;Fatos Lubonja&lt;\/p&gt;\n\" data-medium-file=\"https:\/\/i0.wp.com\/www.shqiperia.com\/blog\/wp-content\/uploads\/2020\/02\/Fatos-Lubonja-1.jpg?fit=300%2C172&amp;ssl=1\" data-large-file=\"https:\/\/i0.wp.com\/www.shqiperia.com\/blog\/wp-content\/uploads\/2020\/02\/Fatos-Lubonja-1.jpg?fit=700%2C401&amp;ssl=1\" class=\" wp-image-31094\" alt=\"\" src=\"https:\/\/i0.wp.com\/www.shqiperia.com\/blog\/wp-content\/uploads\/2020\/02\/Fatos-Lubonja-1.jpg?resize=782%2C451&#038;ssl=1\" width=\"782\" height=\"451\" \/><p id=\"caption-attachment-31094\" class=\"wp-caption-text\">Fatos Lubonja<\/p><\/div>\n<p>A keni par\u00eb ambasador q\u00eb t\u00eb vij\u00eb e t\u00eb thot\u00eb q\u00eb k\u00ebtu \u00ebsht\u00eb nj\u00eb vend q\u00eb ka shum\u00eb probleme. Ata k\u00ebt\u00eb pun\u00eb kan\u00eb, ata kan\u00eb interesa t\u00eb nd\u00ebrsjella, mb\u00ebshtesin qeverin\u00eb. T\u00eb pakt\u00ebn heshtja duhet. Kur vjen puna tek mb\u00ebshtetja \u00ebsht\u00eb e bazuar mbi interesat. Nuk \u00ebsht\u00eb hera e par\u00eb q\u00eb mb\u00ebshteten regjime p\u00ebr interesa gjeopolitike.<\/p>\n<p>Gazeta Panorama<\/p>\n","protected":false},"excerpt":{"rendered":"<p>\u201cK\u00c7K p\u00ebr t\u00eb v\u00ebn\u00eb n\u00eb rresht gjyqtar\u00ebt\u201d- Fatos Lubonja: SPAK-u dhe gjykatat i \u00e7on n\u00eb duart e ministrit t\u00eb Brendsh\u00ebm. Pamja m\u00eb e tmerrshme ishte\u2026 3 shkurt 2020 Analisti Fatos Lubonja duke komentuar prezantimin gjat\u00eb s\u00eb diel\u00ebs t\u00eb paket\u00ebs s\u00eb quajtur \u201cAnti-K\u00c7K\u201d, thot\u00eb se kjo b\u00ebhet nga qeveria p\u00ebr t\u00eb v\u00ebn\u00eb n\u00eb resht gjyqtar\u00ebt q\u00eb [&hellip;]<\/p>\n","protected":false},"author":9,"featured_media":31093,"comment_status":"open","ping_status":"open","sticky":false,"template":"","format":"standard","meta":{"jetpack_post_was_ever_published":false,"_jetpack_newsletter_access":"","_jetpack_dont_email_post_to_subs":false,"_jetpack_newsletter_tier_id":0,"_jetpack_memberships_contains_paywalled_content":false,"_jetpack_memberships_contains_paid_content":false,"footnotes":"","jetpack_publicize_message":"","jetpack_publicize_feature_enabled":true,"jetpack_social_post_already_shared":true,"jetpack_social_options":{"image_generator_settings":{"template":"highway","default_image_id":0,"font":"","enabled":false},"version":2}},"categories":[27,2],"tags":[],"class_list":["post-31092","post","type-post","status-publish","format-standard","has-post-thumbnail","hentry","category-blogu-i-udhetarit","category-politika"],"jetpack_publicize_connections":[],"jetpack_featured_media_url":"https:\/\/i0.wp.com\/www.shqiperia.com\/blog\/wp-content\/uploads\/2020\/02\/Fatos-Lubonja.jpg?fit=700%2C401&ssl=1","jetpack_sharing_enabled":true,"jetpack_shortlink":"https:\/\/wp.me\/p5Z6wp-85u","jetpack-related-posts":[{"id":59541,"url":"https:\/\/www.shqiperia.com\/blog\/zheji-dhe-lubonja-nxjerrin-prapaskenat-dhe-ngrene-alarmin-per-ate-qe-po-ndodh-me-spak-ate-prokurorin-e-famshem-e-kane\/","url_meta":{"origin":31092,"position":0},"title":"Zheji dhe Lubonja nxjerrin prapaskenat dhe ngren\u00eb alarmin p\u00ebr at\u00eb q\u00eb po ndodh me SPAK: At\u00eb prokurorin e famsh\u00ebm e kan\u00eb&#8230;","author":"Kurt Farka","date":"June 29, 2022","format":false,"excerpt":"29 QERSHOR 2022 Puna e SPAK u trajtua n\u00eb emisionin e sot\u00ebm \u201cPikat mbi I\u201d ku analist\u00ebt \u00a0Artur Zheji dhe Fatos Lubonja shpreh\u00ebn pik\u00ebpamje t\u00eb ndryshme p\u00ebr performanc\u00ebn e k\u00ebtij institucioni. Sipas Zhejit, SPAK i kushton r\u00ebnd\u00ebsi nj\u00eb hetimi si ai i fermerit t\u00eb Kozares, nd\u00ebrkoh\u00eb q\u00eb nuk ec\u00ebn me\u2026","rel":"","context":"In &quot;Blogu i Udh\u00ebtarit&quot;","block_context":{"text":"Blogu i Udh\u00ebtarit","link":"https:\/\/www.shqiperia.com\/blog\/category\/blogu-i-udhetarit\/"},"img":{"alt_text":"","src":"https:\/\/i0.wp.com\/www.shqiperia.com\/blog\/wp-content\/uploads\/2022\/06\/800-0-62bc4985dd980.png?fit=800%2C420&ssl=1&resize=350%2C200","width":350,"height":200,"srcset":"https:\/\/i0.wp.com\/www.shqiperia.com\/blog\/wp-content\/uploads\/2022\/06\/800-0-62bc4985dd980.png?fit=800%2C420&ssl=1&resize=350%2C200 1x, https:\/\/i0.wp.com\/www.shqiperia.com\/blog\/wp-content\/uploads\/2022\/06\/800-0-62bc4985dd980.png?fit=800%2C420&ssl=1&resize=525%2C300 1.5x, https:\/\/i0.wp.com\/www.shqiperia.com\/blog\/wp-content\/uploads\/2022\/06\/800-0-62bc4985dd980.png?fit=800%2C420&ssl=1&resize=700%2C400 2x"},"classes":[]},{"id":44673,"url":"https:\/\/www.shqiperia.com\/blog\/lubonja-nese-vepron-spak-per-kallezimin-ndaj-balles-terhiqem-nga-kritikat\/","url_meta":{"origin":31092,"position":1},"title":"Lubonja: &#8211; N\u00ebse vepron SPAK p\u00ebr kall\u00ebzimin ndaj Ball\u00ebs, t\u00ebrhiqem nga kritikat","author":"Kurt Farka","date":"February 26, 2021","format":false,"excerpt":"Lubonja: N\u00ebse vepron SPAK p\u00ebr kall\u00ebzimin ndaj Ball\u00ebs, t\u00ebrhiqem nga kritikat - 25\/02\/21 Gazmend Bardhi solli sonte n\u00eb debat nj\u00eb rast konkret se si, shtabi i Taulant Ball\u00ebs telefonon personat q\u00eb jan\u00eb n\u00eb list\u00ebn e ndihm\u00ebs ekonomike, dhe n\u00eb nj\u00eb rast i k\u00ebrc\u00ebnon me heqje nga skema n\u00ebse nuk votojn\u00eb\u2026","rel":"","context":"In &quot;Blogu i Udh\u00ebtarit&quot;","block_context":{"text":"Blogu i Udh\u00ebtarit","link":"https:\/\/www.shqiperia.com\/blog\/category\/blogu-i-udhetarit\/"},"img":{"alt_text":"","src":"https:\/\/i0.wp.com\/www.shqiperia.com\/blog\/wp-content\/uploads\/2021\/02\/fatos-lubonja.jpg?fit=696%2C382&ssl=1&resize=350%2C200","width":350,"height":200,"srcset":"https:\/\/i0.wp.com\/www.shqiperia.com\/blog\/wp-content\/uploads\/2021\/02\/fatos-lubonja.jpg?fit=696%2C382&ssl=1&resize=350%2C200 1x, https:\/\/i0.wp.com\/www.shqiperia.com\/blog\/wp-content\/uploads\/2021\/02\/fatos-lubonja.jpg?fit=696%2C382&ssl=1&resize=525%2C300 1.5x"},"classes":[]},{"id":77598,"url":"https:\/\/www.shqiperia.com\/blog\/fatos-lubonja-brenda-sistemit-kemi-nje-regjim-qe-ka-hijet-e-diktatures-deklaratat-e-berishes-nga-spak\/","url_meta":{"origin":31092,"position":2},"title":"Fatos Lubonja: &#8211; Brenda sistemit kemi nj\u00eb regjim q\u00eb ka hijet e diktatur\u00ebs\u2026. &#8211; Deklaratat e Berish\u00ebs nga SPAK","author":"Kurt Farka","date":"January 24, 2024","format":false,"excerpt":"24 Janar 2024 Analisti Fatos Lubinja ka komentuar deklaratat e ish-kryeministrit Sali Berisha pas daljes nga Prokuroria e Posa\u00e7me. I ftuar n\u00eb News24, Lubonja u shpreh se ka nj\u00eb t\u00eb v\u00ebret\u00eb n\u00eb ato deklarata, q\u00eb Rama kontrollon SPAK. \u201cE para q\u00eb bie n\u00eb sy \u00ebsht\u00eb q\u00eb gjeta nj\u00eb grup kriminal,\u2026","rel":"","context":"In &quot;Blogu i Udh\u00ebtarit&quot;","block_context":{"text":"Blogu i Udh\u00ebtarit","link":"https:\/\/www.shqiperia.com\/blog\/category\/blogu-i-udhetarit\/"},"img":{"alt_text":"","src":"https:\/\/i0.wp.com\/www.shqiperia.com\/blog\/wp-content\/uploads\/2024\/01\/800-0-64d7225046e0a.jpg?fit=800%2C482&ssl=1&resize=350%2C200","width":350,"height":200,"srcset":"https:\/\/i0.wp.com\/www.shqiperia.com\/blog\/wp-content\/uploads\/2024\/01\/800-0-64d7225046e0a.jpg?fit=800%2C482&ssl=1&resize=350%2C200 1x, https:\/\/i0.wp.com\/www.shqiperia.com\/blog\/wp-content\/uploads\/2024\/01\/800-0-64d7225046e0a.jpg?fit=800%2C482&ssl=1&resize=525%2C300 1.5x, https:\/\/i0.wp.com\/www.shqiperia.com\/blog\/wp-content\/uploads\/2024\/01\/800-0-64d7225046e0a.jpg?fit=800%2C482&ssl=1&resize=700%2C400 2x"},"classes":[]},{"id":99433,"url":"https:\/\/www.shqiperia.com\/blog\/rama-ndryshoi-thirrja-e-kryeministrit-nga-spak-lubonja-duhet-te-ishte-i-pandehur-bashke-me-berishen\/","url_meta":{"origin":31092,"position":3},"title":"\u201cRama ndryshoi\u2026\u201d\/ Thirrja e kryeministrit nga SPAK, Lubonja: Duhet t\u00eb ishte i pandehur bashk\u00eb me Berish\u00ebn","author":"Kurt Farka","date":"April 16, 2026","format":false,"excerpt":"16 Prill 2026 Analisti Fatos Lubonja i ftuar ne nje studio televizive foli lidhur me thirrjen nga ana e SPAK t\u00eb kryeministrit Rama si d\u00ebshmitar n\u00eb procesin \u201cPartizani\u201d. ku po gjykohet Sali Berisha dhe dh\u00ebndrri i tij Jamarb\u00ebr Malltezi. Lubonja thot\u00eb se Rama ishte i pari q\u00eb si kryebashkiak i\u2026","rel":"","context":"In &quot;Blogu i Udh\u00ebtarit&quot;","block_context":{"text":"Blogu i Udh\u00ebtarit","link":"https:\/\/www.shqiperia.com\/blog\/category\/blogu-i-udhetarit\/"},"img":{"alt_text":"","src":"https:\/\/i0.wp.com\/www.shqiperia.com\/blog\/wp-content\/uploads\/2026\/04\/fatos-lubonjaa.jpg?fit=640%2C331&ssl=1&resize=350%2C200","width":350,"height":200,"srcset":"https:\/\/i0.wp.com\/www.shqiperia.com\/blog\/wp-content\/uploads\/2026\/04\/fatos-lubonjaa.jpg?fit=640%2C331&ssl=1&resize=350%2C200 1x, https:\/\/i0.wp.com\/www.shqiperia.com\/blog\/wp-content\/uploads\/2026\/04\/fatos-lubonjaa.jpg?fit=640%2C331&ssl=1&resize=525%2C300 1.5x"},"classes":[]},{"id":98426,"url":"https:\/\/www.shqiperia.com\/blog\/analisti-fatos-lubonja-rama-akoma-nuk-i-ka-nxjerre-dhembet-ndaj-drejtesise\/","url_meta":{"origin":31092,"position":4},"title":"Analisti Fatos Lubonja: &#8211; Rama akoma nuk i ka nxjerr\u00eb dh\u00ebmb\u00ebt ndaj drejt\u00ebsis\u00eb","author":"Kurt Farka","date":"March 17, 2026","format":false,"excerpt":"17 Mars 2026 Analisti Fatos Lubonja i ftuar ne nje emision televiziv, teksa foli mbi p\u00ebrplasjen e kryeministrit Rama me drejt\u00ebsin\u00eb s\u00eb fundmi pas rastit Balluku. Lubonja mendon se reforma n\u00eb drejt\u00ebsi u b\u00eb fillimisht nga Rama p\u00ebr t\u00eb kapur t\u00eb t\u00ebr\u00eb sistemin e drejt\u00ebsis\u00eb. Ai thekson se Rama ka\u2026","rel":"","context":"In &quot;Blogu i Udh\u00ebtarit&quot;","block_context":{"text":"Blogu i Udh\u00ebtarit","link":"https:\/\/www.shqiperia.com\/blog\/category\/blogu-i-udhetarit\/"},"img":{"alt_text":"","src":"https:\/\/i0.wp.com\/www.shqiperia.com\/blog\/wp-content\/uploads\/2026\/03\/images-7.jpg?resize=350%2C200&ssl=1","width":350,"height":200,"srcset":"https:\/\/i0.wp.com\/www.shqiperia.com\/blog\/wp-content\/uploads\/2026\/03\/images-7.jpg?resize=350%2C200&ssl=1 1x, https:\/\/i0.wp.com\/www.shqiperia.com\/blog\/wp-content\/uploads\/2026\/03\/images-7.jpg?resize=525%2C300&ssl=1 1.5x"},"classes":[]},{"id":95025,"url":"https:\/\/www.shqiperia.com\/blog\/balluku-ngujohet-ne-kryeministri-fatos-lubonja-50-mln-eurot-e-pervetesuara-ku-kane-shkuar-a-ka-zgjedhur-zv-kryeministrja-metode-tjeter-nga-veliaj-dhe-ahmetaj\/","url_meta":{"origin":31092,"position":5},"title":"Balluku \u201cngujohet\u201d n\u00eb Kryeministri\/ Fatos Lubonja: 50 mln eurot e p\u00ebrvet\u00ebsuara ku kan\u00eb shkuar? A ka zgjedhur zv\/kryeministrja metod\u00eb tjet\u00ebr nga Veliaj dhe Ahmetaj?","author":"Kurt Farka","date":"November 21, 2025","format":false,"excerpt":"21 Nentor 2025 P\u00ebr analistin Fatos Lubonja, vendimi i GJKKO-s\u00eb p\u00ebr shkarkimin e zv\/kryeministres Belinda Balluku nuk mjafton sa koh\u00eb nuk ka nd\u00ebshkim p\u00ebr t\u00eb gjith\u00eb rrethin e krimit t\u00eb paprekur nga SPAK. Duke iu referuar nj\u00eb takimi t\u00eb pazakont\u00eb n\u00eb kryeministri sa i takon koh\u00ebs s\u00eb gjat\u00eb t\u00eb q\u00ebndrimit\u2026","rel":"","context":"In &quot;Blogu i Udh\u00ebtarit&quot;","block_context":{"text":"Blogu i Udh\u00ebtarit","link":"https:\/\/www.shqiperia.com\/blog\/category\/blogu-i-udhetarit\/"},"img":{"alt_text":"","src":"https:\/\/i0.wp.com\/www.shqiperia.com\/blog\/wp-content\/uploads\/2025\/11\/fatos-lubonja-ne-fakt-1.jpg?fit=685%2C433&ssl=1&resize=350%2C200","width":350,"height":200,"srcset":"https:\/\/i0.wp.com\/www.shqiperia.com\/blog\/wp-content\/uploads\/2025\/11\/fatos-lubonja-ne-fakt-1.jpg?fit=685%2C433&ssl=1&resize=350%2C200 1x, https:\/\/i0.wp.com\/www.shqiperia.com\/blog\/wp-content\/uploads\/2025\/11\/fatos-lubonja-ne-fakt-1.jpg?fit=685%2C433&ssl=1&resize=525%2C300 1.5x"},"classes":[]}],"_links":{"self":[{"href":"https:\/\/www.shqiperia.com\/blog\/wp-json\/wp\/v2\/posts\/31092","targetHints":{"allow":["GET"]}}],"collection":[{"href":"https:\/\/www.shqiperia.com\/blog\/wp-json\/wp\/v2\/posts"}],"about":[{"href":"https:\/\/www.shqiperia.com\/blog\/wp-json\/wp\/v2\/types\/post"}],"author":[{"embeddable":true,"href":"https:\/\/www.shqiperia.com\/blog\/wp-json\/wp\/v2\/users\/9"}],"replies":[{"embeddable":true,"href":"https:\/\/www.shqiperia.com\/blog\/wp-json\/wp\/v2\/comments?post=31092"}],"version-history":[{"count":1,"href":"https:\/\/www.shqiperia.com\/blog\/wp-json\/wp\/v2\/posts\/31092\/revisions"}],"predecessor-version":[{"id":31095,"href":"https:\/\/www.shqiperia.com\/blog\/wp-json\/wp\/v2\/posts\/31092\/revisions\/31095"}],"wp:featuredmedia":[{"embeddable":true,"href":"https:\/\/www.shqiperia.com\/blog\/wp-json\/wp\/v2\/media\/31093"}],"wp:attachment":[{"href":"https:\/\/www.shqiperia.com\/blog\/wp-json\/wp\/v2\/media?parent=31092"}],"wp:term":[{"taxonomy":"category","embeddable":true,"href":"https:\/\/www.shqiperia.com\/blog\/wp-json\/wp\/v2\/categories?post=31092"},{"taxonomy":"post_tag","embeddable":true,"href":"https:\/\/www.shqiperia.com\/blog\/wp-json\/wp\/v2\/tags?post=31092"}],"curies":[{"name":"wp","href":"https:\/\/api.w.org\/{rel}","templated":true}]}}