{"id":31087,"date":"2020-02-04T23:50:12","date_gmt":"2020-02-04T23:50:12","guid":{"rendered":"https:\/\/www.shqiperia.com\/blog\/?p=31087"},"modified":"2020-02-04T23:50:12","modified_gmt":"2020-02-04T23:50:12","slug":"imzot-jerothe-andon-jaho-20-janar-1956","status":"publish","type":"post","link":"https:\/\/www.shqiperia.com\/blog\/imzot-jerothe-andon-jaho-20-janar-1956\/","title":{"rendered":"Imzot Jerothe Andon Jaho (20 janar 1956)"},"content":{"rendered":"<p><img data-recalc-dims=\"1\" loading=\"lazy\" decoding=\"async\" data-attachment-id=\"31088\" data-permalink=\"https:\/\/www.shqiperia.com\/blog\/imzot-jerothe-andon-jaho-20-janar-1956\/83778253_1321768871346484_1012813993464561664_n-copy\/\" data-orig-file=\"https:\/\/i0.wp.com\/www.shqiperia.com\/blog\/wp-content\/uploads\/2020\/02\/83778253_1321768871346484_1012813993464561664_n-Copy.jpg?fit=603%2C310&amp;ssl=1\" data-orig-size=\"603,310\" data-comments-opened=\"1\" data-image-meta=\"{&quot;aperture&quot;:&quot;0&quot;,&quot;credit&quot;:&quot;&quot;,&quot;camera&quot;:&quot;&quot;,&quot;caption&quot;:&quot;&quot;,&quot;created_timestamp&quot;:&quot;0&quot;,&quot;copyright&quot;:&quot;&quot;,&quot;focal_length&quot;:&quot;0&quot;,&quot;iso&quot;:&quot;0&quot;,&quot;shutter_speed&quot;:&quot;0&quot;,&quot;title&quot;:&quot;&quot;,&quot;orientation&quot;:&quot;0&quot;}\" data-image-title=\"83778253_1321768871346484_1012813993464561664_n &#8211; Copy\" data-image-description=\"\" data-image-caption=\"\" data-medium-file=\"https:\/\/i0.wp.com\/www.shqiperia.com\/blog\/wp-content\/uploads\/2020\/02\/83778253_1321768871346484_1012813993464561664_n-Copy.jpg?fit=300%2C154&amp;ssl=1\" data-large-file=\"https:\/\/i0.wp.com\/www.shqiperia.com\/blog\/wp-content\/uploads\/2020\/02\/83778253_1321768871346484_1012813993464561664_n-Copy.jpg?fit=603%2C310&amp;ssl=1\" class=\"alignnone  wp-image-31088\" alt=\"\" src=\"https:\/\/i0.wp.com\/www.shqiperia.com\/blog\/wp-content\/uploads\/2020\/02\/83778253_1321768871346484_1012813993464561664_n-Copy.jpg?resize=639%2C328&#038;ssl=1\" width=\"639\" height=\"328\" srcset=\"https:\/\/i0.wp.com\/www.shqiperia.com\/blog\/wp-content\/uploads\/2020\/02\/83778253_1321768871346484_1012813993464561664_n-Copy.jpg?resize=300%2C154&amp;ssl=1 300w, https:\/\/i0.wp.com\/www.shqiperia.com\/blog\/wp-content\/uploads\/2020\/02\/83778253_1321768871346484_1012813993464561664_n-Copy.jpg?resize=450%2C231&amp;ssl=1 450w, https:\/\/i0.wp.com\/www.shqiperia.com\/blog\/wp-content\/uploads\/2020\/02\/83778253_1321768871346484_1012813993464561664_n-Copy.jpg?resize=600%2C308&amp;ssl=1 600w, https:\/\/i0.wp.com\/www.shqiperia.com\/blog\/wp-content\/uploads\/2020\/02\/83778253_1321768871346484_1012813993464561664_n-Copy.jpg?resize=400%2C206&amp;ssl=1 400w, https:\/\/i0.wp.com\/www.shqiperia.com\/blog\/wp-content\/uploads\/2020\/02\/83778253_1321768871346484_1012813993464561664_n-Copy.jpg?w=603&amp;ssl=1 603w\" sizes=\"auto, (max-width: 639px) 100vw, 639px\" \/><\/p>\n<p>Imzot Jerothe Andon Jaho (20 janar 1956)<\/p>\n<p>M\u00eb 20 janar 1956 vdiq n\u00eb Mal t\u00eb Shenjt\u00eb (n\u00eb ekzil) ish-Mitropoliti i Kor\u00e7\u00ebs, Imzot Jerothe Andon Jaho, nj\u00eb nga themelv\u00ebn\u00ebsit e kish\u00ebs son\u00eb komb\u00ebtare. Ishte nga \u00c7arshova e P\u00ebrmetit, i lindur n\u00eb vitin 1880.<\/p>\n<p>Edhe pse q\u00ebllimisht i harruar nga kryesia e sotme e KOASh-it, madje i keqkuptuar n\u00eb historin\u00eb shqiptare, p\u00ebr ne Hir\u00ebsi Jerotheu \u00ebsht\u00eb nj\u00eb figur\u00eb emblematike e Ortodoksis\u00eb Shqiptare. \u00cbsht\u00eb heroi i heshtur i autoqefalis\u00eb dhe nj\u00eb nga viktimat e m\u00ebdha n\u00eb historin\u00eb e komunitetit ton\u00eb.<\/p>\n<div id=\"attachment_31089\" style=\"width: 461px\" class=\"wp-caption alignnone\"><img data-recalc-dims=\"1\" loading=\"lazy\" decoding=\"async\" aria-describedby=\"caption-attachment-31089\" data-attachment-id=\"31089\" data-permalink=\"https:\/\/www.shqiperia.com\/blog\/imzot-jerothe-andon-jaho-20-janar-1956\/imzot-jerotheo-andon-jaho\/\" data-orig-file=\"https:\/\/i0.wp.com\/www.shqiperia.com\/blog\/wp-content\/uploads\/2020\/02\/Imzot-Jerotheo-Andon-Jaho.jpg?fit=733%2C960&amp;ssl=1\" data-orig-size=\"733,960\" data-comments-opened=\"1\" data-image-meta=\"{&quot;aperture&quot;:&quot;0&quot;,&quot;credit&quot;:&quot;&quot;,&quot;camera&quot;:&quot;&quot;,&quot;caption&quot;:&quot;&quot;,&quot;created_timestamp&quot;:&quot;0&quot;,&quot;copyright&quot;:&quot;&quot;,&quot;focal_length&quot;:&quot;0&quot;,&quot;iso&quot;:&quot;0&quot;,&quot;shutter_speed&quot;:&quot;0&quot;,&quot;title&quot;:&quot;&quot;,&quot;orientation&quot;:&quot;0&quot;}\" data-image-title=\"Imzot Jerotheo Andon Jaho\" data-image-description=\"\" data-image-caption=\"&lt;p&gt;Imzot Jerotheo Andon Jaho&lt;\/p&gt;\n\" data-medium-file=\"https:\/\/i0.wp.com\/www.shqiperia.com\/blog\/wp-content\/uploads\/2020\/02\/Imzot-Jerotheo-Andon-Jaho.jpg?fit=229%2C300&amp;ssl=1\" data-large-file=\"https:\/\/i0.wp.com\/www.shqiperia.com\/blog\/wp-content\/uploads\/2020\/02\/Imzot-Jerotheo-Andon-Jaho.jpg?fit=733%2C960&amp;ssl=1\" class=\" wp-image-31089\" alt=\"\" src=\"https:\/\/i0.wp.com\/www.shqiperia.com\/blog\/wp-content\/uploads\/2020\/02\/Imzot-Jerotheo-Andon-Jaho.jpg?resize=451%2C591&#038;ssl=1\" width=\"451\" height=\"591\" srcset=\"https:\/\/i0.wp.com\/www.shqiperia.com\/blog\/wp-content\/uploads\/2020\/02\/Imzot-Jerotheo-Andon-Jaho.jpg?resize=229%2C300&amp;ssl=1 229w, https:\/\/i0.wp.com\/www.shqiperia.com\/blog\/wp-content\/uploads\/2020\/02\/Imzot-Jerotheo-Andon-Jaho.jpg?resize=450%2C589&amp;ssl=1 450w, https:\/\/i0.wp.com\/www.shqiperia.com\/blog\/wp-content\/uploads\/2020\/02\/Imzot-Jerotheo-Andon-Jaho.jpg?resize=600%2C786&amp;ssl=1 600w, https:\/\/i0.wp.com\/www.shqiperia.com\/blog\/wp-content\/uploads\/2020\/02\/Imzot-Jerotheo-Andon-Jaho.jpg?resize=400%2C524&amp;ssl=1 400w, https:\/\/i0.wp.com\/www.shqiperia.com\/blog\/wp-content\/uploads\/2020\/02\/Imzot-Jerotheo-Andon-Jaho.jpg?w=733&amp;ssl=1 733w\" sizes=\"auto, (max-width: 451px) 100vw, 451px\" \/><p id=\"caption-attachment-31089\" class=\"wp-caption-text\">Imzot Jerotheo Andon Jaho<\/p><\/div>\n<p>Ndihmesa e Imzot Jerotheut ishte e \u00e7muar n\u00eb disa drejtime, si pararend\u00ebs dhe p\u00ebrgatit\u00ebs i udh\u00ebs p\u00ebr nj\u00eb Kish\u00eb Komb\u00ebtare:<\/p>\n<ol>\n<li>Krijimi i b\u00ebrtham\u00ebs s\u00eb par\u00eb sinodike me tre peshkop\u00eb n\u00eb Shqip\u00ebri, n\u00eb dhjetor 1923, njohu dhe p\u00ebrligji Kongresin e Beratit, i cili kishte shpallur autoqefalin\u00eb nj\u00eb vit m\u00eb par\u00eb. I pari dhe vendimtari n\u00eb k\u00ebt\u00eb treshe ishte Imzot Jerotheu.<\/li>\n<li>Shugurimi i Imzot Fan Nolit prej Imzot Jereotheut n\u00eb Mitropolit at\u00eb dit\u00eb, i dha shtys\u00eb p\u00ebrdorimit t\u00eb gjuh\u00ebs shqipe n\u00eb Kish\u00eb, duke imponuar p\u00ebrkthimet e tij liturgjike, kund\u00ebr pretekstit t\u00eb m\u00ebparsh\u00ebm se statusi kishtar i P\u00ebrkthyesit ishte i pik\u00ebpyetur.<\/li>\n<li>Shugurimi i Imzot Nolit garantoi m\u00eb von\u00eb riorganizimin dhe fuqizimin e diaspor\u00ebs shqiptare ortodokse n\u00eb Amerik\u00eb, duke shmangur penges\u00ebn e besueshm\u00ebris\u00eb mbi dor\u00ebzimin kanonik t\u00eb Peshkopit.<\/li>\n<\/ol>\n<p>* * *<\/p>\n<p>Mbas shfron\u00ebzimit (shtet\u00ebtor) n\u00eb Kor\u00e7\u00eb, dhe largimit nga Shqip\u00ebria, Hir\u00ebsi Jerotheu vuajti dhe p\u00ebsoi, i p\u00ebrjashtuar nga sh\u00ebrbesa aktive n\u00eb Kish\u00eb.<\/p>\n<p>P\u00ebrfshirja e Imzot Jerotheut n\u00eb l\u00ebvizjen shqiptare p\u00ebr autoqefali u nd\u00ebshkua p\u00ebrjet\u00ebsisht nga shteti grek, prandaj dhe Fanari i refuzoi kthimin n\u00eb strukturat patriarkale.<\/p>\n<p>Mbas nj\u00eb pritjeje pezull, n\u00eb vitin 1930 ai u vendos n\u00eb krahin\u00ebn autonome murgj\u00ebrore t\u00eb Athosit n\u00eb Greqi, ku q\u00ebndroi p\u00ebr nj\u00eb \u00e7erek shekulli, deri n\u00eb fund t\u00eb jet\u00ebs.<\/p>\n<p>Ky ishte \u00e7mimi i vet\u00ebflijimit p\u00ebr Kish\u00ebn dhe Atdheun.<\/p>\n<p>N\u00ebse ai do t\u00eb ishte t\u00ebrhequr n\u00eb ndonj\u00eb manastir shqiptar, mbas ngjarjeve t\u00eb autoqefalis\u00eb s\u00eb nj\u00ebanshme t\u00eb vitit 1929, me siguri q\u00eb do t\u00eb ishte p\u00ebrdorur disi nga shteti shqiptar m\u00eb von\u00eb, si\u00e7 ndodhi me Imzot Kristofor Kisin at\u00ebbot\u00eb, i cili ky u t\u00ebrhoq n\u00eb m\u00ebnyr\u00eb strategjike n\u00eb manastir, n\u00eb marr\u00ebveshje me shtetin.<\/p>\n<p>Sidoqoft\u00eb, duke qen\u00eb m\u00eb i madh n\u00eb mosh\u00eb dhe m\u00eb me p\u00ebrvoj\u00eb se Imzot Kristofori, Hir\u00ebsia i Kor\u00e7\u00ebs zgjodhi t\u00eb largohej, gj\u00eb q\u00eb i shp\u00ebtoi jet\u00ebn: Me sfondin dhe r\u00ebndes\u00ebn e figur\u00ebs s\u00eb vet, ai do t\u00eb ishte i pari q\u00eb do t\u00eb p\u00ebrndiqej nga regjimi komunist, si\u00e7 ndodhi me hierark\u00ebt, Visarion Xhuvani, Kristofor Kisi dhe Irine Banushi.<\/p>\n<p>Providenca e solli n\u00eb k\u00ebt\u00eb m\u00ebnyr\u00eb, p\u00ebr t\u00eb plot\u00ebsuar imazhin e nj\u00eb kishe martire: nd\u00ebrsa tre hierark\u00ebt e sip\u00ebrp\u00ebrmendur mbet\u00ebn n\u00eb Atdhe p\u00ebr t\u2019u p\u00ebrndjekur, s\u00eb bashku me klerik\u00eb e besimtar\u00eb t\u00eb tjer\u00eb, Hir\u00ebsi Jerotheu vuajti martirizimin e nd\u00ebrgjegjjes n\u00eb m\u00ebrgim.<\/p>\n<p>* * *<br \/>\nD\u00ebshmit\u00eb nga Mali i Shenjt\u00eb p\u00ebr Mitropolitin e Militopoj\u00ebs, Imzot Jerotheun, vijn\u00eb nga njer\u00ebz me kredibilitet t\u00eb lart\u00eb moral dhe spiritual ato vite, t\u00eb cil\u00ebt zbulojn\u00eb nj\u00eb aspekt t\u00eb panjohur t\u00eb personalitetit t\u00eb tij: E l\u00ebvdojn\u00eb n\u00eb sip\u00ebrore p\u00ebr thjesht\u00ebsin\u00eb, skamjen e vullnetshme, p\u00ebrd\u00ebllimin, asketizmin dhe paepshm\u00ebrin\u00eb e tij gjat\u00eb sh\u00ebrbesave.<\/p>\n<p>Kemi d\u00ebshmi se deri n\u00eb fund t\u00eb jet\u00ebs Imzot Jerotheu kishte shpresa t\u00eb kthehej n\u00eb Atdhe.<\/p>\n<p>Imzot Fan Noli e respektonte dhe p\u00ebrpiqej t\u00eb mbante lidhje me t\u00eb, megjith\u00eb v\u00ebshtir\u00ebsit\u00eb e distanc\u00ebs s\u00eb shum\u00ebfisht\u00eb, si\u00e7 d\u00ebshmohet edhe n\u00eb nj\u00eb let\u00ebr t\u00eb Imzot Jerotheut.<\/p>\n<div id=\"attachment_31090\" style=\"width: 746px\" class=\"wp-caption alignnone\"><img data-recalc-dims=\"1\" loading=\"lazy\" decoding=\"async\" aria-describedby=\"caption-attachment-31090\" data-attachment-id=\"31090\" data-permalink=\"https:\/\/www.shqiperia.com\/blog\/imzot-jerothe-andon-jaho-20-janar-1956\/83778253_1321768871346484_1012813993464561664_n\/\" data-orig-file=\"https:\/\/i0.wp.com\/www.shqiperia.com\/blog\/wp-content\/uploads\/2020\/02\/83778253_1321768871346484_1012813993464561664_n.jpg?fit=756%2C561&amp;ssl=1\" data-orig-size=\"756,561\" data-comments-opened=\"1\" data-image-meta=\"{&quot;aperture&quot;:&quot;0&quot;,&quot;credit&quot;:&quot;&quot;,&quot;camera&quot;:&quot;&quot;,&quot;caption&quot;:&quot;&quot;,&quot;created_timestamp&quot;:&quot;0&quot;,&quot;copyright&quot;:&quot;&quot;,&quot;focal_length&quot;:&quot;0&quot;,&quot;iso&quot;:&quot;0&quot;,&quot;shutter_speed&quot;:&quot;0&quot;,&quot;title&quot;:&quot;&quot;,&quot;orientation&quot;:&quot;0&quot;}\" data-image-title=\"Kor\u00e7\u00eb 1923 Imzot Theofan Noli majtas Imzot Jerotheo Andon Jaho qend\u00ebr Imzot Kristofor Kisi djathtas\" data-image-description=\"\" data-image-caption=\"&lt;p&gt;Kor\u00e7\u00eb 1923&lt;br \/&gt;\nImzot Theofan Noli majtas&lt;br \/&gt;\nImzot Jerotheo Andon Jaho qend\u00ebr&lt;br \/&gt;\nImzot Kristofor Kisi djathtas&lt;\/p&gt;\n\" data-medium-file=\"https:\/\/i0.wp.com\/www.shqiperia.com\/blog\/wp-content\/uploads\/2020\/02\/83778253_1321768871346484_1012813993464561664_n.jpg?fit=300%2C223&amp;ssl=1\" data-large-file=\"https:\/\/i0.wp.com\/www.shqiperia.com\/blog\/wp-content\/uploads\/2020\/02\/83778253_1321768871346484_1012813993464561664_n.jpg?fit=756%2C561&amp;ssl=1\" class=\" wp-image-31090\" alt=\"\" src=\"https:\/\/i0.wp.com\/www.shqiperia.com\/blog\/wp-content\/uploads\/2020\/02\/83778253_1321768871346484_1012813993464561664_n.jpg?resize=736%2C547&#038;ssl=1\" width=\"736\" height=\"547\" srcset=\"https:\/\/i0.wp.com\/www.shqiperia.com\/blog\/wp-content\/uploads\/2020\/02\/83778253_1321768871346484_1012813993464561664_n.jpg?resize=300%2C223&amp;ssl=1 300w, https:\/\/i0.wp.com\/www.shqiperia.com\/blog\/wp-content\/uploads\/2020\/02\/83778253_1321768871346484_1012813993464561664_n.jpg?resize=450%2C334&amp;ssl=1 450w, https:\/\/i0.wp.com\/www.shqiperia.com\/blog\/wp-content\/uploads\/2020\/02\/83778253_1321768871346484_1012813993464561664_n.jpg?resize=600%2C445&amp;ssl=1 600w, https:\/\/i0.wp.com\/www.shqiperia.com\/blog\/wp-content\/uploads\/2020\/02\/83778253_1321768871346484_1012813993464561664_n.jpg?resize=400%2C297&amp;ssl=1 400w, https:\/\/i0.wp.com\/www.shqiperia.com\/blog\/wp-content\/uploads\/2020\/02\/83778253_1321768871346484_1012813993464561664_n.jpg?w=756&amp;ssl=1 756w\" sizes=\"auto, (max-width: 736px) 100vw, 736px\" \/><p id=\"caption-attachment-31090\" class=\"wp-caption-text\">Kor\u00e7\u00eb 1923<br \/>Imzot Theofan Noli majtas<br \/>Imzot Jerotheo Andon Jaho qend\u00ebr<br \/>Imzot Kristofor Kisi djathtas<\/p><\/div>\n<p>\u00cbsht\u00eb e dhimbshme t\u00eb lexosh d\u00ebshmit\u00eb e atyre q\u00eb e kan\u00eb njohur nga af\u00ebr, kur e qes\u00ebndisnin ish-Mitropolitin e Kor\u00e7\u00ebs, duke aluduar me ngjarjet e kryq\u00ebzimit t\u00eb Krishtit:<\/p>\n<p>\u201cTundnin kok\u00ebn, duke th\u00ebn\u00eb, \u2018T\u00eb tjer\u00ebt i shp\u00ebtoi, por veten e tij nuk mundi ta shp\u00ebtoj\u00eb\u2019\u201d (Nekrologjia prej Plakut Gavril Dionisiatis).<\/p>\n<p>Roli i tij p\u00ebr t\u00eb ndihmuar Atdheun shihej jo vet\u00ebm si tradhti ndaj Kish\u00ebs M\u00ebm\u00eb, por dhe si d\u00ebshtim personal.<\/p>\n<p>I nj\u00ebjti autor i nekrologjis\u00eb shkruan:<\/p>\n<p>\u201cI lumuri ishte nj\u00eb mish\u00ebrim i shenjt\u00ebris\u00eb. E kishte urryer plot\u00ebsisht paran\u00eb, aq se kur i jepnin di\u00e7ka p\u00ebr nj\u00eb sh\u00ebrbes\u00eb kryeprift\u00ebrore, menj\u00ebher\u00eb ua jepte t\u00eb varf\u00ebrve. N\u00eb zin\u00eb e uris\u00eb t\u00eb vitit 1941, ai rrinte pa gjum\u00eb p\u00ebr t\u00eb ushqyer t\u00eb tjer\u00ebt. Para nj\u00eb viti nuk kishte asgj\u00eb p\u00ebr t\u00eb ofruar m\u00eb, prandaj dhe dha t\u00eb vetmin send q\u00eb i kishte mbetur: rason e vetme! I ndiqte sh\u00ebrbesat vazhdimisht dhe rrept\u00ebsisht, duke q\u00ebndruar n\u00eb fron n\u00eb sh\u00ebrbesat e nat\u00ebs si nj\u00eb lis i lart\u00eb, p\u00ebr 15 dhe 18 or\u00eb. [&#8230;] I lumuri ishte nj\u00eb shembull i p\u00ebrd\u00ebllimit dhe i l\u00ebmosh\u00ebs. Jetonte n\u00eb skamje, si murg i v\u00ebrtet\u00eb. [&#8230;] E nderoi Kish\u00ebn. Ishte nj\u00eb sh\u00ebrues i p\u00ebrkushtuar tek Zoti&#8221;.<\/p>\n<p>I p\u00ebrjetsh\u00ebm kujtimi i tij!<\/p>\n","protected":false},"excerpt":{"rendered":"<p>Imzot Jerothe Andon Jaho (20 janar 1956) M\u00eb 20 janar 1956 vdiq n\u00eb Mal t\u00eb Shenjt\u00eb (n\u00eb ekzil) ish-Mitropoliti i Kor\u00e7\u00ebs, Imzot Jerothe Andon Jaho, nj\u00eb nga themelv\u00ebn\u00ebsit e kish\u00ebs son\u00eb komb\u00ebtare. Ishte nga \u00c7arshova e P\u00ebrmetit, i lindur n\u00eb vitin 1880. Edhe pse q\u00ebllimisht i harruar nga kryesia e sotme e KOASh-it, madje i [&hellip;]<\/p>\n","protected":false},"author":9,"featured_media":31088,"comment_status":"open","ping_status":"open","sticky":false,"template":"","format":"standard","meta":{"jetpack_post_was_ever_published":false,"_jetpack_newsletter_access":"","_jetpack_dont_email_post_to_subs":false,"_jetpack_newsletter_tier_id":0,"_jetpack_memberships_contains_paywalled_content":false,"_jetpack_memberships_contains_paid_content":false,"footnotes":"","jetpack_publicize_message":"","jetpack_publicize_feature_enabled":true,"jetpack_social_post_already_shared":true,"jetpack_social_options":{"image_generator_settings":{"template":"highway","default_image_id":0,"font":"","enabled":false},"version":2}},"categories":[85,10,35],"tags":[],"class_list":["post-31087","post","type-post","status-publish","format-standard","has-post-thumbnail","hentry","category-histori","category-kultura","category-shoqerore"],"jetpack_publicize_connections":[],"jetpack_featured_media_url":"https:\/\/i0.wp.com\/www.shqiperia.com\/blog\/wp-content\/uploads\/2020\/02\/83778253_1321768871346484_1012813993464561664_n-Copy.jpg?fit=603%2C310&ssl=1","jetpack_sharing_enabled":true,"jetpack_shortlink":"https:\/\/wp.me\/p5Z6wp-85p","jetpack-related-posts":[{"id":79582,"url":"https:\/\/www.shqiperia.com\/blog\/imzot-angelo-massafra-dorehiqet-si-arqipeshkv-i-shkodres\/","url_meta":{"origin":31087,"position":0},"title":"Imzot Angelo Massafra dor\u00ebhiqet si Arqipeshkv i Shkodr\u00ebs","author":"Kurt Farka","date":"March 25, 2024","format":false,"excerpt":"25 Mars 2024 Imzot Angelo Massafra ka dh\u00ebn\u00eb dor\u00ebheqjen si Arqipeshkv i Shkodr\u00ebs. Vatikani ka pranuar dor\u00ebheqjen e Arqipeshk\u00ebvit, i cili sipas nj\u00eb dekreti t\u00eb ardhur nga selia e shenjt\u00eb dhe t\u00eb firmosur nga Nunci Apostolik n\u00eb Shqip\u00ebri Luigi Bonazzi do t\u00eb vijoj\u00eb t\u00eb q\u00ebndroj\u00eb n\u00eb detyr\u00eb deri n\u00eb em\u00ebrimin\u2026","rel":"","context":"In &quot;Blogu i Udh\u00ebtarit&quot;","block_context":{"text":"Blogu i Udh\u00ebtarit","link":"https:\/\/www.shqiperia.com\/blog\/category\/blogu-i-udhetarit\/"},"img":{"alt_text":"","src":"https:\/\/i0.wp.com\/www.shqiperia.com\/blog\/wp-content\/uploads\/2024\/03\/8b8a541dd54c49838a113aec3e0f4bc3.jpeg?fit=640%2C426&ssl=1&resize=350%2C200","width":350,"height":200,"srcset":"https:\/\/i0.wp.com\/www.shqiperia.com\/blog\/wp-content\/uploads\/2024\/03\/8b8a541dd54c49838a113aec3e0f4bc3.jpeg?fit=640%2C426&ssl=1&resize=350%2C200 1x, https:\/\/i0.wp.com\/www.shqiperia.com\/blog\/wp-content\/uploads\/2024\/03\/8b8a541dd54c49838a113aec3e0f4bc3.jpeg?fit=640%2C426&ssl=1&resize=525%2C300 1.5x"},"classes":[]},{"id":4489,"url":"https:\/\/www.shqiperia.com\/blog\/kisha-dhe-varrezat-e-rrmajt-ne-shkoder\/","url_meta":{"origin":31087,"position":1},"title":"Kisha dhe Varreza e Rrmajt n\u00eb Shkod\u00ebr. &#8211;","author":"Kurt Farka","date":"March 9, 2018","format":false,"excerpt":"\u201cN\u00ebse ka nj\u00eb d\u00ebshmi t\u00eb artit nd\u00ebrtimor, t\u00eb ngritur n\u00eb nivel qytetar, ai ndodhet padyshim n\u00eb monumentet funerale t\u00eb Varrezave t\u00eb Rrmajit n\u00eb Shkod\u00ebr\u201d... \u201cN\u00eb pik\u00ebpamje urbanistike, p\u00ebr periudh\u00ebn e ngjizjes s\u00eb qytetit post-osman, ajo ka r\u00ebnd\u00ebsi t\u00eb dor\u00ebs s\u00eb par\u00eb n\u00eb formimin e ides\u00eb mbi formulimin e varrez\u00ebs urbane\u2026","rel":"","context":"In &quot;Histori&quot;","block_context":{"text":"Histori","link":"https:\/\/www.shqiperia.com\/blog\/category\/histori\/"},"img":{"alt_text":"","src":"https:\/\/i0.wp.com\/www.shqiperia.com\/blog\/wp-content\/uploads\/2018\/03\/Kisha-e-Rrmajit-ne-Shkoder-Copy.jpg?fit=528%2C519&ssl=1&resize=350%2C200","width":350,"height":200,"srcset":"https:\/\/i0.wp.com\/www.shqiperia.com\/blog\/wp-content\/uploads\/2018\/03\/Kisha-e-Rrmajit-ne-Shkoder-Copy.jpg?fit=528%2C519&ssl=1&resize=350%2C200 1x, https:\/\/i0.wp.com\/www.shqiperia.com\/blog\/wp-content\/uploads\/2018\/03\/Kisha-e-Rrmajit-ne-Shkoder-Copy.jpg?fit=528%2C519&ssl=1&resize=525%2C300 1.5x"},"classes":[]},{"id":5514,"url":"https:\/\/www.shqiperia.com\/blog\/kur-enver-hoxha-donte-te-themelonte-nje-kishe-katolike-te-ndare-nga-vatikani\/","url_meta":{"origin":31087,"position":2},"title":"Kur Enver Hoxha donte t\u00eb themelonte nj\u00eb kish\u00eb katolike t\u00eb ndar\u00eb nga Vatikani. &#8211;","author":"Kurt Farka","date":"March 23, 2018","format":false,"excerpt":"-Enver Hoxha kishte b\u00ebr\u00eb p\u00ebrpjekje p\u00ebr themelimin e nj\u00eb kishe katolike \u201ckomb\u00ebtare\u201d, gj\u00eb kjo e pad\u00ebgjuar m\u00eb par\u00eb n\u00eb historin\u00eb e Kish\u00ebs. - Me t\u00eb marr\u00eb pushtetin n\u00eb dor\u00eb, n\u00eb mars t\u00eb vitit 1946 udh\u00ebheq\u00ebsi politik Enver Hoxha u k\u00ebrkoi dy prelat\u00ebve ndarjen nga Roma. Refuzimi historik i Imzot Gasper\u2026","rel":"","context":"In &quot;Histori&quot;","block_context":{"text":"Histori","link":"https:\/\/www.shqiperia.com\/blog\/category\/histori\/"},"img":{"alt_text":"","src":"https:\/\/i0.wp.com\/www.shqiperia.com\/blog\/wp-content\/uploads\/2018\/03\/Kisha-e-Vaut-te-Dejes-2.jpg?fit=775%2C612&ssl=1&resize=350%2C200","width":350,"height":200,"srcset":"https:\/\/i0.wp.com\/www.shqiperia.com\/blog\/wp-content\/uploads\/2018\/03\/Kisha-e-Vaut-te-Dejes-2.jpg?fit=775%2C612&ssl=1&resize=350%2C200 1x, https:\/\/i0.wp.com\/www.shqiperia.com\/blog\/wp-content\/uploads\/2018\/03\/Kisha-e-Vaut-te-Dejes-2.jpg?fit=775%2C612&ssl=1&resize=525%2C300 1.5x, https:\/\/i0.wp.com\/www.shqiperia.com\/blog\/wp-content\/uploads\/2018\/03\/Kisha-e-Vaut-te-Dejes-2.jpg?fit=775%2C612&ssl=1&resize=700%2C400 2x"},"classes":[]},{"id":28567,"url":"https:\/\/www.shqiperia.com\/blog\/shen-irineu-i-ardenices\/","url_meta":{"origin":31087,"position":3},"title":"SH\u00cbN IRINEU I ARDENIC\u00cbS","author":"Kurt Farka","date":"November 24, 2019","format":false,"excerpt":"SH\u00cbN IRINEU I ARDENIC\u00cbS Nga: At Foti Cici M\u00eb 25 n\u00ebntor 1973 m\u00ebrgoi nga kjo bot\u00eb e zhdrejt\u00eb nj\u00eb burr\u00eb i drejt\u00eb dhe nj\u00eb shpirt i ndritur, Imzot Irine Banushi, nj\u00eb figur\u00eb fisnike dhe e panjollshme e popullit ton\u00eb dhe nj\u00eb nga shenjtor\u00ebt e rinj t\u00eb Krisht\u00ebrimit Ortodoks, edhe pse\u2026","rel":"","context":"In &quot;Histori&quot;","block_context":{"text":"Histori","link":"https:\/\/www.shqiperia.com\/blog\/category\/histori\/"},"img":{"alt_text":"","src":"https:\/\/i0.wp.com\/www.shqiperia.com\/blog\/wp-content\/uploads\/2019\/11\/Imzot-Irine-Banushi-Copy.jpg?fit=720%2C478&ssl=1&resize=350%2C200","width":350,"height":200,"srcset":"https:\/\/i0.wp.com\/www.shqiperia.com\/blog\/wp-content\/uploads\/2019\/11\/Imzot-Irine-Banushi-Copy.jpg?fit=720%2C478&ssl=1&resize=350%2C200 1x, https:\/\/i0.wp.com\/www.shqiperia.com\/blog\/wp-content\/uploads\/2019\/11\/Imzot-Irine-Banushi-Copy.jpg?fit=720%2C478&ssl=1&resize=525%2C300 1.5x, https:\/\/i0.wp.com\/www.shqiperia.com\/blog\/wp-content\/uploads\/2019\/11\/Imzot-Irine-Banushi-Copy.jpg?fit=720%2C478&ssl=1&resize=700%2C400 2x"},"classes":[]},{"id":26407,"url":"https:\/\/www.shqiperia.com\/blog\/papa-emeron-imzot-rrok-gjonlleshaj-administrator-apostolik-t%d1%91-kotorit\/","url_meta":{"origin":31087,"position":4},"title":"Papa em\u00ebron Imzot Rrok Gjonlleshaj Administrator Apostolik t\u0451 Kotorit","author":"Kurt Farka","date":"September 29, 2019","format":false,"excerpt":"Papa em\u00ebron Imzot Rrok Gjonlleshaj Administrator Apostolik t\u0451 Kotorit Ati i Shenjt\u00eb em\u00ebroi Administrator Apostolik sede vacante ( n\u0451 selin\u0451 vakante) t\u00eb dioqez\u00ebs s\u0451 Kotorit shk\u00eblqesin\u00eb e tij Imzot Rrok Gjonleshaj, kryeipeshk\u0451v i Tivari (Mal t\u0451 Zi) Nga: R.SH. \u2013 Vatikan 28 shtator 2019, Ati i Shenjt\u00eb pranoi dor\u00ebheqjen e\u2026","rel":"","context":"In &quot;Njoftime Shtypi&quot;","block_context":{"text":"Njoftime Shtypi","link":"https:\/\/www.shqiperia.com\/blog\/category\/njoftime-shtypi\/"},"img":{"alt_text":"","src":"https:\/\/i0.wp.com\/www.shqiperia.com\/blog\/wp-content\/uploads\/2019\/09\/cq5dam.thumbnail.cropped.750.422.jpeg?fit=750%2C421&ssl=1&resize=350%2C200","width":350,"height":200,"srcset":"https:\/\/i0.wp.com\/www.shqiperia.com\/blog\/wp-content\/uploads\/2019\/09\/cq5dam.thumbnail.cropped.750.422.jpeg?fit=750%2C421&ssl=1&resize=350%2C200 1x, https:\/\/i0.wp.com\/www.shqiperia.com\/blog\/wp-content\/uploads\/2019\/09\/cq5dam.thumbnail.cropped.750.422.jpeg?fit=750%2C421&ssl=1&resize=525%2C300 1.5x, https:\/\/i0.wp.com\/www.shqiperia.com\/blog\/wp-content\/uploads\/2019\/09\/cq5dam.thumbnail.cropped.750.422.jpeg?fit=750%2C421&ssl=1&resize=700%2C400 2x"},"classes":[]},{"id":64188,"url":"https:\/\/www.shqiperia.com\/blog\/per-historine-e-flamurit-kombetar-shqiptar-ne-kuader-110-vjetorit-te-shpalljes-se-pavaresise-kombetare-shqipetare\/","url_meta":{"origin":31087,"position":5},"title":"Per Historine e Flamurit Kombetar Shqiptar: &#8211; N\u00eb kuad\u00ebr te 110-vjetorit t\u00eb shpalljes s\u00eb Pavar\u00ebsis\u00eb Kombetare Shqip\u00ebtare","author":"Kurt Farka","date":"November 11, 2022","format":false,"excerpt":"11 Nentor 2022 Ne Muzeun Historik Komb\u00ebtar institucioni m\u00eb i madh i nd\u00ebrgjegjes komb\u00ebtare n\u00eb vend organizoi me 10 Nentor takimin \u201cNj\u00eb pasdite n\u00eb muze\u201d, ku i ftuari i radh\u00ebs ishte studiuesi Jaho Brahaj. K\u00ebto takime periodike t\u00eb titulluara \u201cNj\u00eb pasdite n\u00eb muze\u201d b\u00ebhen me q\u00ebllimin p\u00ebr t\u00eb sensibilizuar shoq\u00ebrin\u00eb\u2026","rel":"","context":"In &quot;Blogu i Udh\u00ebtarit&quot;","block_context":{"text":"Blogu i Udh\u00ebtarit","link":"https:\/\/www.shqiperia.com\/blog\/category\/blogu-i-udhetarit\/"},"img":{"alt_text":"","src":"https:\/\/i0.wp.com\/www.shqiperia.com\/blog\/wp-content\/uploads\/2022\/11\/Per-Historine-e-Flamurit-Kombetar-Shqiptar.jpg?fit=1200%2C573&ssl=1&resize=350%2C200","width":350,"height":200,"srcset":"https:\/\/i0.wp.com\/www.shqiperia.com\/blog\/wp-content\/uploads\/2022\/11\/Per-Historine-e-Flamurit-Kombetar-Shqiptar.jpg?fit=1200%2C573&ssl=1&resize=350%2C200 1x, https:\/\/i0.wp.com\/www.shqiperia.com\/blog\/wp-content\/uploads\/2022\/11\/Per-Historine-e-Flamurit-Kombetar-Shqiptar.jpg?fit=1200%2C573&ssl=1&resize=525%2C300 1.5x, https:\/\/i0.wp.com\/www.shqiperia.com\/blog\/wp-content\/uploads\/2022\/11\/Per-Historine-e-Flamurit-Kombetar-Shqiptar.jpg?fit=1200%2C573&ssl=1&resize=700%2C400 2x, https:\/\/i0.wp.com\/www.shqiperia.com\/blog\/wp-content\/uploads\/2022\/11\/Per-Historine-e-Flamurit-Kombetar-Shqiptar.jpg?fit=1200%2C573&ssl=1&resize=1050%2C600 3x"},"classes":[]}],"_links":{"self":[{"href":"https:\/\/www.shqiperia.com\/blog\/wp-json\/wp\/v2\/posts\/31087","targetHints":{"allow":["GET"]}}],"collection":[{"href":"https:\/\/www.shqiperia.com\/blog\/wp-json\/wp\/v2\/posts"}],"about":[{"href":"https:\/\/www.shqiperia.com\/blog\/wp-json\/wp\/v2\/types\/post"}],"author":[{"embeddable":true,"href":"https:\/\/www.shqiperia.com\/blog\/wp-json\/wp\/v2\/users\/9"}],"replies":[{"embeddable":true,"href":"https:\/\/www.shqiperia.com\/blog\/wp-json\/wp\/v2\/comments?post=31087"}],"version-history":[{"count":1,"href":"https:\/\/www.shqiperia.com\/blog\/wp-json\/wp\/v2\/posts\/31087\/revisions"}],"predecessor-version":[{"id":31091,"href":"https:\/\/www.shqiperia.com\/blog\/wp-json\/wp\/v2\/posts\/31087\/revisions\/31091"}],"wp:featuredmedia":[{"embeddable":true,"href":"https:\/\/www.shqiperia.com\/blog\/wp-json\/wp\/v2\/media\/31088"}],"wp:attachment":[{"href":"https:\/\/www.shqiperia.com\/blog\/wp-json\/wp\/v2\/media?parent=31087"}],"wp:term":[{"taxonomy":"category","embeddable":true,"href":"https:\/\/www.shqiperia.com\/blog\/wp-json\/wp\/v2\/categories?post=31087"},{"taxonomy":"post_tag","embeddable":true,"href":"https:\/\/www.shqiperia.com\/blog\/wp-json\/wp\/v2\/tags?post=31087"}],"curies":[{"name":"wp","href":"https:\/\/api.w.org\/{rel}","templated":true}]}}