{"id":31069,"date":"2020-02-04T14:56:40","date_gmt":"2020-02-04T14:56:40","guid":{"rendered":"https:\/\/www.shqiperia.com\/blog\/?p=31069"},"modified":"2020-02-04T14:56:40","modified_gmt":"2020-02-04T14:56:40","slug":"arte-figurative-luftetari-i-pavarsise-autor-angjelin-dodmasej","status":"publish","type":"post","link":"https:\/\/www.shqiperia.com\/blog\/arte-figurative-luftetari-i-pavarsise-autor-angjelin-dodmasej\/","title":{"rendered":"Arte Figurative: \u201cLuft\u00ebtari I Pavarsis\u00eb\u201d.\u00a0 Autor: Angjelin Dodmasej,"},"content":{"rendered":"<p><img data-recalc-dims=\"1\" loading=\"lazy\" decoding=\"async\" data-attachment-id=\"31070\" data-permalink=\"https:\/\/www.shqiperia.com\/blog\/arte-figurative-luftetari-i-pavarsise-autor-angjelin-dodmasej\/33778-copy\/\" data-orig-file=\"https:\/\/i0.wp.com\/www.shqiperia.com\/blog\/wp-content\/uploads\/2020\/02\/33778-Copy.jpg?fit=488%2C304&amp;ssl=1\" data-orig-size=\"488,304\" data-comments-opened=\"1\" data-image-meta=\"{&quot;aperture&quot;:&quot;0&quot;,&quot;credit&quot;:&quot;&quot;,&quot;camera&quot;:&quot;&quot;,&quot;caption&quot;:&quot;&quot;,&quot;created_timestamp&quot;:&quot;0&quot;,&quot;copyright&quot;:&quot;&quot;,&quot;focal_length&quot;:&quot;0&quot;,&quot;iso&quot;:&quot;0&quot;,&quot;shutter_speed&quot;:&quot;0&quot;,&quot;title&quot;:&quot;&quot;,&quot;orientation&quot;:&quot;0&quot;}\" data-image-title=\"33778 &#8211; Copy\" data-image-description=\"\" data-image-caption=\"\" data-medium-file=\"https:\/\/i0.wp.com\/www.shqiperia.com\/blog\/wp-content\/uploads\/2020\/02\/33778-Copy.jpg?fit=300%2C187&amp;ssl=1\" data-large-file=\"https:\/\/i0.wp.com\/www.shqiperia.com\/blog\/wp-content\/uploads\/2020\/02\/33778-Copy.jpg?fit=488%2C304&amp;ssl=1\" class=\"alignnone  wp-image-31070\" alt=\"\" src=\"https:\/\/i0.wp.com\/www.shqiperia.com\/blog\/wp-content\/uploads\/2020\/02\/33778-Copy.jpg?resize=456%2C286&#038;ssl=1\" width=\"456\" height=\"286\" \/><\/p>\n<p>\u201c Luft\u00ebtari I Pavarsis\u00eb\u201d.\u00a0 Autor: Angjelin Dodmasej,<\/p>\n<p>Prone e \u00a0Galerise \u00a0se Arteve Shkoder.<\/p>\n<div id=\"attachment_31071\" style=\"width: 610px\" class=\"wp-caption alignnone\"><img data-recalc-dims=\"1\" loading=\"lazy\" decoding=\"async\" aria-describedby=\"caption-attachment-31071\" data-attachment-id=\"31071\" data-permalink=\"https:\/\/www.shqiperia.com\/blog\/arte-figurative-luftetari-i-pavarsise-autor-angjelin-dodmasej\/luftetari-i-pavarsise-autor-angjelin-dodmasej\/\" data-orig-file=\"https:\/\/i0.wp.com\/www.shqiperia.com\/blog\/wp-content\/uploads\/2020\/02\/%E2%80%9C-Luft%C3%ABtari-I-Pavarsis%C3%AB%E2%80%9D.-Autor-Angjelin-Dodmasej.jpg?fit=488%2C640&amp;ssl=1\" data-orig-size=\"488,640\" data-comments-opened=\"1\" data-image-meta=\"{&quot;aperture&quot;:&quot;0&quot;,&quot;credit&quot;:&quot;&quot;,&quot;camera&quot;:&quot;&quot;,&quot;caption&quot;:&quot;&quot;,&quot;created_timestamp&quot;:&quot;0&quot;,&quot;copyright&quot;:&quot;&quot;,&quot;focal_length&quot;:&quot;0&quot;,&quot;iso&quot;:&quot;0&quot;,&quot;shutter_speed&quot;:&quot;0&quot;,&quot;title&quot;:&quot;&quot;,&quot;orientation&quot;:&quot;0&quot;}\" data-image-title=\"\u201c Luft\u00ebtari I Pavarsis\u00eb\u201d.\u00a0 Autor Angjelin Dodmasej,\" data-image-description=\"\" data-image-caption=\"&lt;p&gt;\u201c Luft\u00ebtari I Pavarsis\u00eb\u201d.\u00a0 Autor Angjelin Dodmasej,&lt;\/p&gt;\n\" data-medium-file=\"https:\/\/i0.wp.com\/www.shqiperia.com\/blog\/wp-content\/uploads\/2020\/02\/%E2%80%9C-Luft%C3%ABtari-I-Pavarsis%C3%AB%E2%80%9D.-Autor-Angjelin-Dodmasej.jpg?fit=229%2C300&amp;ssl=1\" data-large-file=\"https:\/\/i0.wp.com\/www.shqiperia.com\/blog\/wp-content\/uploads\/2020\/02\/%E2%80%9C-Luft%C3%ABtari-I-Pavarsis%C3%AB%E2%80%9D.-Autor-Angjelin-Dodmasej.jpg?fit=488%2C640&amp;ssl=1\" class=\" wp-image-31071\" alt=\"\" src=\"https:\/\/i0.wp.com\/www.shqiperia.com\/blog\/wp-content\/uploads\/2020\/02\/%E2%80%9C-Luft%C3%ABtari-I-Pavarsis%C3%AB%E2%80%9D.-Autor-Angjelin-Dodmasej.jpg?resize=600%2C786&#038;ssl=1\" width=\"600\" height=\"786\" srcset=\"https:\/\/i0.wp.com\/www.shqiperia.com\/blog\/wp-content\/uploads\/2020\/02\/%E2%80%9C-Luft%C3%ABtari-I-Pavarsis%C3%AB%E2%80%9D.-Autor-Angjelin-Dodmasej.jpg?resize=229%2C300&amp;ssl=1 229w, https:\/\/i0.wp.com\/www.shqiperia.com\/blog\/wp-content\/uploads\/2020\/02\/%E2%80%9C-Luft%C3%ABtari-I-Pavarsis%C3%AB%E2%80%9D.-Autor-Angjelin-Dodmasej.jpg?resize=450%2C590&amp;ssl=1 450w, https:\/\/i0.wp.com\/www.shqiperia.com\/blog\/wp-content\/uploads\/2020\/02\/%E2%80%9C-Luft%C3%ABtari-I-Pavarsis%C3%AB%E2%80%9D.-Autor-Angjelin-Dodmasej.jpg?resize=400%2C525&amp;ssl=1 400w, https:\/\/i0.wp.com\/www.shqiperia.com\/blog\/wp-content\/uploads\/2020\/02\/%E2%80%9C-Luft%C3%ABtari-I-Pavarsis%C3%AB%E2%80%9D.-Autor-Angjelin-Dodmasej.jpg?w=488&amp;ssl=1 488w\" sizes=\"auto, (max-width: 600px) 100vw, 600px\" \/><p id=\"caption-attachment-31071\" class=\"wp-caption-text\">\u201c Luft\u00ebtari I Pavarsis\u00eb\u201d.\u00a0 Autor Angjelin Dodmasej,<\/p><\/div>\n","protected":false},"excerpt":{"rendered":"<p>\u201c Luft\u00ebtari I Pavarsis\u00eb\u201d.\u00a0 Autor: Angjelin Dodmasej, Prone e \u00a0Galerise \u00a0se Arteve Shkoder.<\/p>\n","protected":false},"author":9,"featured_media":31070,"comment_status":"open","ping_status":"open","sticky":false,"template":"","format":"standard","meta":{"jetpack_post_was_ever_published":false,"_jetpack_newsletter_access":"","_jetpack_dont_email_post_to_subs":false,"_jetpack_newsletter_tier_id":0,"_jetpack_memberships_contains_paywalled_content":false,"_jetpack_memberships_contains_paid_content":false,"footnotes":"","jetpack_publicize_message":"","jetpack_publicize_feature_enabled":true,"jetpack_social_post_already_shared":true,"jetpack_social_options":{"image_generator_settings":{"template":"highway","default_image_id":0,"font":"","enabled":false},"version":2}},"categories":[87,10,86],"tags":[],"class_list":["post-31069","post","type-post","status-publish","format-standard","has-post-thumbnail","hentry","category-arte","category-kultura","category-trashegimi-kulturore"],"jetpack_publicize_connections":[],"jetpack_featured_media_url":"https:\/\/i0.wp.com\/www.shqiperia.com\/blog\/wp-content\/uploads\/2020\/02\/33778-Copy.jpg?fit=488%2C304&ssl=1","jetpack_sharing_enabled":true,"jetpack_shortlink":"https:\/\/wp.me\/p5Z6wp-857","jetpack-related-posts":[{"id":65631,"url":"https:\/\/www.shqiperia.com\/blog\/shkaterrohet-ne-tirane-busti-i-mithat-frasherit-firmetari-i-pavarsise-kombetare\/","url_meta":{"origin":31069,"position":0},"title":"Shkat\u00ebrrohet n\u00eb Tiran\u00eb busti i Mit\u2019hat Frash\u00ebrit, Firmetari i Pavarsise Kombetare.","author":"Kurt Farka","date":"December 24, 2022","format":false,"excerpt":"24 Dhjetor 2022 Si\u00e7 shihet nga pamjet e LSA, p\u00ebrve\u00e7 se \u00ebsht\u00eb marr\u00eb komplet busti i veprimtarit t\u00eb shquar, dhe pllaka e mermerit \u00ebsht\u00eb vandalizuar, duke i marr\u00eb g\u00ebrmat e emrit dhe numrat q\u00eb tregonin vitet e lindjes dhe vdekjes s\u00eb tij. Busti i tij \u00ebsht\u00eb i vendosur krah v\u00ebllez\u00ebrve\u2026","rel":"","context":"In &quot;Blogu i Udh\u00ebtarit&quot;","block_context":{"text":"Blogu i Udh\u00ebtarit","link":"https:\/\/www.shqiperia.com\/blog\/category\/blogu-i-udhetarit\/"},"img":{"alt_text":"","src":"https:\/\/i0.wp.com\/www.shqiperia.com\/blog\/wp-content\/uploads\/2022\/12\/Busti-i-Mithat-Firmetar-i-Pavarsise-Kombetare-Frasherit-i-Shkaterruar-3.png?fit=794%2C419&ssl=1&resize=350%2C200","width":350,"height":200,"srcset":"https:\/\/i0.wp.com\/www.shqiperia.com\/blog\/wp-content\/uploads\/2022\/12\/Busti-i-Mithat-Firmetar-i-Pavarsise-Kombetare-Frasherit-i-Shkaterruar-3.png?fit=794%2C419&ssl=1&resize=350%2C200 1x, https:\/\/i0.wp.com\/www.shqiperia.com\/blog\/wp-content\/uploads\/2022\/12\/Busti-i-Mithat-Firmetar-i-Pavarsise-Kombetare-Frasherit-i-Shkaterruar-3.png?fit=794%2C419&ssl=1&resize=525%2C300 1.5x, https:\/\/i0.wp.com\/www.shqiperia.com\/blog\/wp-content\/uploads\/2022\/12\/Busti-i-Mithat-Firmetar-i-Pavarsise-Kombetare-Frasherit-i-Shkaterruar-3.png?fit=794%2C419&ssl=1&resize=700%2C400 2x"},"classes":[]},{"id":7449,"url":"https:\/\/www.shqiperia.com\/blog\/ali-ukaj-gazetar-pioneer-i-lirise-dhe-pavarsise-se-kosoves\/","url_meta":{"origin":31069,"position":1},"title":"Ali Ukaj- gazetar pioneer i Lirise dhe Pavarsise se Kosoves. &#8211;","author":"Kurt Farka","date":"May 15, 2018","format":false,"excerpt":"Ali Ukaj- gazetar pioneer i Lirise dhe Pavarsise se Kosoves.- \u00a0 Ali Ukaj gazetari nga Kosova q\u00eb merrej me reportazhe dhe histori ther\u00ebse sociale ishte nj\u00eb reporter i talentuar. Por ai u b\u00eb i njohur se i njohu p\u00ebr her\u00eb t\u00eb par\u00eb shqiptar\u00ebt e Shqip\u00ebris\u00eb londineze me grupin e armatosur\u2026","rel":"","context":"In &quot;Histori&quot;","block_context":{"text":"Histori","link":"https:\/\/www.shqiperia.com\/blog\/category\/histori\/"},"img":{"alt_text":"","src":"https:\/\/i0.wp.com\/www.shqiperia.com\/blog\/wp-content\/uploads\/2018\/05\/ali-ukaj.jpg?resize=350%2C200","width":350,"height":200},"classes":[]},{"id":14177,"url":"https:\/\/www.shqiperia.com\/blog\/14177-2\/","url_meta":{"origin":31069,"position":2},"title":"Gjithe shqipetareve kudo qe jane: GEZUAR FESTEN E PAVARSISE KOMBETARE!","author":"Kurt Farka","date":"November 27, 2018","format":false,"excerpt":"Gjithe shqipetareve kudo qe jane: GEZUAR FESTEN E PAVARSISE KOMBETARE!","rel":"","context":"In &quot;Blogu i Udh\u00ebtarit&quot;","block_context":{"text":"Blogu i Udh\u00ebtarit","link":"https:\/\/www.shqiperia.com\/blog\/category\/blogu-i-udhetarit\/"},"img":{"alt_text":"","src":"https:\/\/i0.wp.com\/www.shqiperia.com\/blog\/wp-content\/uploads\/2018\/11\/Per-Ty-%C3%87ameri.jpg?fit=640%2C342&ssl=1&resize=350%2C200","width":350,"height":200,"srcset":"https:\/\/i0.wp.com\/www.shqiperia.com\/blog\/wp-content\/uploads\/2018\/11\/Per-Ty-%C3%87ameri.jpg?fit=640%2C342&ssl=1&resize=350%2C200 1x, https:\/\/i0.wp.com\/www.shqiperia.com\/blog\/wp-content\/uploads\/2018\/11\/Per-Ty-%C3%87ameri.jpg?fit=640%2C342&ssl=1&resize=525%2C300 1.5x"},"classes":[]},{"id":53658,"url":"https:\/\/www.shqiperia.com\/blog\/kafka-2000-vjecare-e-nje-luftetari-peruan-e-shkrire-se-bashku-me-metal\/","url_meta":{"origin":31069,"position":3},"title":"Kafka 2000 vje\u00e7are e nj\u00eb luft\u00ebtari peruan e shkrir\u00eb s\u00eb bashku me metal","author":"Kurt Farka","date":"February 1, 2022","format":false,"excerpt":"Kafka 2000 vje\u00e7are e nj\u00eb luft\u00ebtari peruan u gjet se ishte shkrir\u00eb s\u00eb bashku me metal n\u00eb nj\u00eb nga shembujt m\u00eb t\u00eb vjet\u00ebr n\u00eb bot\u00eb t\u00eb kirurgjis\u00eb s\u00eb avancuar. Muzeu i Osteologjis\u00eb n\u00eb Oklahoma thot\u00eb se kafka, e cila \u00ebsht\u00eb n\u00eb koleksionin e saj, raportohet t\u00eb ket\u00eb qen\u00eb ajo e\u2026","rel":"","context":"In &quot;Histori&quot;","block_context":{"text":"Histori","link":"https:\/\/www.shqiperia.com\/blog\/category\/histori\/"},"img":{"alt_text":"","src":"https:\/\/i0.wp.com\/www.shqiperia.com\/blog\/wp-content\/uploads\/2022\/02\/Kafka-2000-vjecare-e-nje-luftetari-peruan-e-shkrire-se-bashku-me-metal-Copy.jpg?fit=512%2C386&ssl=1&resize=350%2C200","width":350,"height":200},"classes":[]},{"id":3294,"url":"https:\/\/www.shqiperia.com\/blog\/ruajtja-e-trashegimise-kulturore-dhjetevjetori-shpalljes-se-pavarsise-se-kosoves\/","url_meta":{"origin":31069,"position":4},"title":"Ruajtja e Trashegimise Kulturore- Dhjetevjetori i Shpalljes se Pavarsise se Kosoves.","author":"Kurt Farka","date":"February 16, 2018","format":false,"excerpt":"\u00a0 \u00a0 Q\u00eb nga 2005,\u00a0 kemi punuar me Kosov\u00ebn p\u00ebr t\u00eb ruajturTrashegimine e pasur dhe t\u00eb ndryshme kulturore t\u00eb kosov\u00ebs! N\u00ebp\u00ebrmjet Ambassadors fund for preservation, Ambasada ka dh\u00ebn\u00eb shum\u00eb grante p\u00ebr ruajtjen e vendeve kulturore, objekte kulturore dhe koleksione dhe forma t\u00eb shprehjes tradicionale kulturore. Konfirmojm\u00eb se mb\u00ebshtetja \"Kosova\" do\u2026","rel":"","context":"In &quot;Trashegimi Kulturore&quot;","block_context":{"text":"Trashegimi Kulturore","link":"https:\/\/www.shqiperia.com\/blog\/category\/trashegimi-kulturore\/"},"img":{"alt_text":"","src":"https:\/\/i0.wp.com\/www.shqiperia.com\/blog\/wp-content\/uploads\/2018\/02\/Thoma-te-ruajtjes-se-Muzeut-Prishtine.jpg?fit=900%2C601&ssl=1&resize=350%2C200","width":350,"height":200,"srcset":"https:\/\/i0.wp.com\/www.shqiperia.com\/blog\/wp-content\/uploads\/2018\/02\/Thoma-te-ruajtjes-se-Muzeut-Prishtine.jpg?fit=900%2C601&ssl=1&resize=350%2C200 1x, https:\/\/i0.wp.com\/www.shqiperia.com\/blog\/wp-content\/uploads\/2018\/02\/Thoma-te-ruajtjes-se-Muzeut-Prishtine.jpg?fit=900%2C601&ssl=1&resize=525%2C300 1.5x, https:\/\/i0.wp.com\/www.shqiperia.com\/blog\/wp-content\/uploads\/2018\/02\/Thoma-te-ruajtjes-se-Muzeut-Prishtine.jpg?fit=900%2C601&ssl=1&resize=700%2C400 2x"},"classes":[]},{"id":79393,"url":"https:\/\/www.shqiperia.com\/blog\/sazani-baze-ushtarake-e-nato-ish-luftetari-i-uck-se-ben-paralajmerimin-e-forte-europa-gati-per-lufte\/","url_meta":{"origin":31069,"position":5},"title":"Sazani baz\u00eb ushtarake e NATO? &#8211; Ish-luft\u00ebtari i U\u00c7K-s\u00eb b\u00ebn paralajm\u00ebrimin e fort\u00eb: &#8211; Europa gati p\u00ebr luft\u00eb","author":"Kurt Farka","date":"March 20, 2024","format":false,"excerpt":"20 Mars 2024 Jared Kushner, dh\u00ebndri i ish-presidentit amerikan Donald Trump, konfirmoi t\u00eb premten se \u00ebsht\u00eb af\u00ebr finalizimit t\u00eb disa marr\u00ebveshjeve t\u00eb m\u00ebdha p\u00ebr pasuri t\u00eb paluajtshme n\u00eb Shqip\u00ebri dhe n\u00eb Serbi. Ish-luft\u00ebtari i UCK Dritan Goxhaj tha n\u00eb emisionin Now se nj\u00eb mund\u00ebsi shum\u00eb e mir\u00eb do t\u00eb ishte\u2026","rel":"","context":"In &quot;Blogu i Udh\u00ebtarit&quot;","block_context":{"text":"Blogu i Udh\u00ebtarit","link":"https:\/\/www.shqiperia.com\/blog\/category\/blogu-i-udhetarit\/"},"img":{"alt_text":"","src":"https:\/\/i0.wp.com\/www.shqiperia.com\/blog\/wp-content\/uploads\/2024\/03\/800-0-544b710633efe76bf5fc7819718d7fb9.jpeg?fit=800%2C450&ssl=1&resize=350%2C200","width":350,"height":200,"srcset":"https:\/\/i0.wp.com\/www.shqiperia.com\/blog\/wp-content\/uploads\/2024\/03\/800-0-544b710633efe76bf5fc7819718d7fb9.jpeg?fit=800%2C450&ssl=1&resize=350%2C200 1x, https:\/\/i0.wp.com\/www.shqiperia.com\/blog\/wp-content\/uploads\/2024\/03\/800-0-544b710633efe76bf5fc7819718d7fb9.jpeg?fit=800%2C450&ssl=1&resize=525%2C300 1.5x, https:\/\/i0.wp.com\/www.shqiperia.com\/blog\/wp-content\/uploads\/2024\/03\/800-0-544b710633efe76bf5fc7819718d7fb9.jpeg?fit=800%2C450&ssl=1&resize=700%2C400 2x"},"classes":[]}],"_links":{"self":[{"href":"https:\/\/www.shqiperia.com\/blog\/wp-json\/wp\/v2\/posts\/31069","targetHints":{"allow":["GET"]}}],"collection":[{"href":"https:\/\/www.shqiperia.com\/blog\/wp-json\/wp\/v2\/posts"}],"about":[{"href":"https:\/\/www.shqiperia.com\/blog\/wp-json\/wp\/v2\/types\/post"}],"author":[{"embeddable":true,"href":"https:\/\/www.shqiperia.com\/blog\/wp-json\/wp\/v2\/users\/9"}],"replies":[{"embeddable":true,"href":"https:\/\/www.shqiperia.com\/blog\/wp-json\/wp\/v2\/comments?post=31069"}],"version-history":[{"count":1,"href":"https:\/\/www.shqiperia.com\/blog\/wp-json\/wp\/v2\/posts\/31069\/revisions"}],"predecessor-version":[{"id":31072,"href":"https:\/\/www.shqiperia.com\/blog\/wp-json\/wp\/v2\/posts\/31069\/revisions\/31072"}],"wp:featuredmedia":[{"embeddable":true,"href":"https:\/\/www.shqiperia.com\/blog\/wp-json\/wp\/v2\/media\/31070"}],"wp:attachment":[{"href":"https:\/\/www.shqiperia.com\/blog\/wp-json\/wp\/v2\/media?parent=31069"}],"wp:term":[{"taxonomy":"category","embeddable":true,"href":"https:\/\/www.shqiperia.com\/blog\/wp-json\/wp\/v2\/categories?post=31069"},{"taxonomy":"post_tag","embeddable":true,"href":"https:\/\/www.shqiperia.com\/blog\/wp-json\/wp\/v2\/tags?post=31069"}],"curies":[{"name":"wp","href":"https:\/\/api.w.org\/{rel}","templated":true}]}}