{"id":31065,"date":"2020-02-04T13:39:43","date_gmt":"2020-02-04T13:39:43","guid":{"rendered":"https:\/\/www.shqiperia.com\/blog\/?p=31065"},"modified":"2020-02-04T13:39:43","modified_gmt":"2020-02-04T13:39:43","slug":"pjeter-logoreci-historia-shkodrane-ne-fotografi-dhe-surprizat-e-mrekullueshme-ne-arkivat-e-vjenes","status":"publish","type":"post","link":"https:\/\/www.shqiperia.com\/blog\/pjeter-logoreci-historia-shkodrane-ne-fotografi-dhe-surprizat-e-mrekullueshme-ne-arkivat-e-vjenes\/","title":{"rendered":"Pjet\u00ebr Logoreci: Historia shkodrane n\u00eb fotografi dhe surprizat e mrekullueshme n\u00eb arkivat e Vjen\u00ebs."},"content":{"rendered":"<p><img data-recalc-dims=\"1\" loading=\"lazy\" decoding=\"async\" data-attachment-id=\"31066\" data-permalink=\"https:\/\/www.shqiperia.com\/blog\/pjeter-logoreci-historia-shkodrane-ne-fotografi-dhe-surprizat-e-mrekullueshme-ne-arkivat-e-vjenes\/safe_image-18\/\" data-orig-file=\"https:\/\/i0.wp.com\/www.shqiperia.com\/blog\/wp-content\/uploads\/2020\/02\/safe_image-1.jpg?fit=540%2C281&amp;ssl=1\" data-orig-size=\"540,281\" data-comments-opened=\"1\" data-image-meta=\"{&quot;aperture&quot;:&quot;0&quot;,&quot;credit&quot;:&quot;&quot;,&quot;camera&quot;:&quot;&quot;,&quot;caption&quot;:&quot;&quot;,&quot;created_timestamp&quot;:&quot;0&quot;,&quot;copyright&quot;:&quot;&quot;,&quot;focal_length&quot;:&quot;0&quot;,&quot;iso&quot;:&quot;0&quot;,&quot;shutter_speed&quot;:&quot;0&quot;,&quot;title&quot;:&quot;&quot;,&quot;orientation&quot;:&quot;0&quot;}\" data-image-title=\"safe_image\" data-image-description=\"\" data-image-caption=\"\" data-medium-file=\"https:\/\/i0.wp.com\/www.shqiperia.com\/blog\/wp-content\/uploads\/2020\/02\/safe_image-1.jpg?fit=300%2C156&amp;ssl=1\" data-large-file=\"https:\/\/i0.wp.com\/www.shqiperia.com\/blog\/wp-content\/uploads\/2020\/02\/safe_image-1.jpg?fit=540%2C281&amp;ssl=1\" class=\"alignnone  wp-image-31066\" alt=\"\" src=\"https:\/\/i0.wp.com\/www.shqiperia.com\/blog\/wp-content\/uploads\/2020\/02\/safe_image-1.jpg?resize=635%2C330&#038;ssl=1\" width=\"635\" height=\"330\" srcset=\"https:\/\/i0.wp.com\/www.shqiperia.com\/blog\/wp-content\/uploads\/2020\/02\/safe_image-1.jpg?resize=300%2C156&amp;ssl=1 300w, https:\/\/i0.wp.com\/www.shqiperia.com\/blog\/wp-content\/uploads\/2020\/02\/safe_image-1.jpg?resize=450%2C234&amp;ssl=1 450w, https:\/\/i0.wp.com\/www.shqiperia.com\/blog\/wp-content\/uploads\/2020\/02\/safe_image-1.jpg?resize=400%2C208&amp;ssl=1 400w, https:\/\/i0.wp.com\/www.shqiperia.com\/blog\/wp-content\/uploads\/2020\/02\/safe_image-1.jpg?w=540&amp;ssl=1 540w\" sizes=\"auto, (max-width: 635px) 100vw, 635px\" \/><\/p>\n<p><strong>Pjet\u00ebr Logoreci: Historia shkodrane n\u00eb fotografi dhe surprizat e mrekullueshme n\u00eb arkivat e Vjen\u00ebs.<\/strong><\/p>\n<p>Nga: <a href=\"https:\/\/shqiptarja.com\/autori\/10\">Dhurata Hamzai<br \/>\n<\/a>30 Janar, 3030<\/p>\n<p><em>-Artist dhe studiues i pasionuar i arkivave, Logoreci, rr\u00ebfen surprizat e zbuluara n\u00eb Austri, ku jeton prej 20 vjet\u00ebsh. N\u00eb Albumin e ri \u201cHistoria shkodrane n\u00eb fotografi\u201d ai publikon fotot e\u00a0 panjohura t\u00eb nj\u00eb shekulli m\u00eb par\u00eb, ku Shkodra e djegur dhe e zhuritur pas pushtimit nga Mali i Zi, sikur t\u00eb mos i mjaftonin t\u00eb vrar\u00ebt e jetim\u00ebt, shihet sesi po grabitej barbarisht nga ushtar\u00ebt serbo-malazez\u00eb, fotografuar nga gazetar\u00ebt austriak\u00eb me thash\u00eb t\u00eb m\u00ebdhenj n\u00eb shpin\u00eb.<\/em><\/p>\n<p>Pjet\u00ebr Logoreci, artisti q\u00eb ngjarjet e trazuara t\u00eb jet\u00ebs e \u00e7uan emigrant n\u00eb Austri, b\u00ebri \u00e7do p\u00ebrpjekje q\u00eb me ndershm\u00ebri e dinjitet t\u00eb jet\u00eb pjes\u00eb aktive e vendit mikprit\u00ebs. Pasi perfeksionoi gjuh\u00ebn, filloi t\u00eb integrohej n\u00eb shoq\u00ebrin\u00eb austriake, ku punoi n\u00eb disa pun\u00eb t\u00eb ndryshme n\u00eb gjykat\u00ebn penale dhe t\u00eb pun\u00ebs, si n\u00ebpun\u00ebs n\u00eb Arqipeshkvin\u00eb e Vjen\u00ebs, si punonj\u00ebs social, por edhe si aktor n\u00eb Teatrin Popullor t\u00eb Vjen\u00ebs apo n\u00eb Muzeun e Arteve.<\/p>\n<p>Por pasi u doli \u00a0n\u00eb krye sfidave t\u00eb integrimit, Pjet\u00ebr Logoreci nuk do ta k\u00ebpuste asnj\u00ebher\u00eb fijen e art\u00eb q\u00eb e lidhte me vendin tij, Shqip\u00ebrin\u00eb, e sidomos me vendlindjen e tij Shkodr\u00ebn.\u00a0 Nipi i artistes s\u00eb madhe Marije Logoreci, por edhe pinjoll i dyerve t\u00eb m\u00ebdha shkodrane patriote e t\u00eb kulturuara, p\u00ebr 22 vjet emigrim, Pjetri iu p\u00ebrkushtua zbulimit nga arkivat e austriake t\u00eb historis\u00eb kulturore, politike e sociale t\u00eb Shkodr\u00ebs, historis\u00eb s\u00eb Shqip\u00ebris\u00eb, personazheve q\u00eb themeluan shtetin e pavarur e m\u00eb gjer\u00eb.<\/p>\n<div id=\"attachment_31067\" style=\"width: 695px\" class=\"wp-caption alignnone\"><img data-recalc-dims=\"1\" loading=\"lazy\" decoding=\"async\" aria-describedby=\"caption-attachment-31067\" data-attachment-id=\"31067\" data-permalink=\"https:\/\/www.shqiperia.com\/blog\/pjeter-logoreci-historia-shkodrane-ne-fotografi-dhe-surprizat-e-mrekullueshme-ne-arkivat-e-vjenes\/1580405336_pjeterlogoreci\/\" data-orig-file=\"https:\/\/i0.wp.com\/www.shqiperia.com\/blog\/wp-content\/uploads\/2020\/02\/1580405336_PJETERLOGORECI.jpg?fit=539%2C305&amp;ssl=1\" data-orig-size=\"539,305\" data-comments-opened=\"1\" data-image-meta=\"{&quot;aperture&quot;:&quot;0&quot;,&quot;credit&quot;:&quot;&quot;,&quot;camera&quot;:&quot;&quot;,&quot;caption&quot;:&quot;&quot;,&quot;created_timestamp&quot;:&quot;0&quot;,&quot;copyright&quot;:&quot;&quot;,&quot;focal_length&quot;:&quot;0&quot;,&quot;iso&quot;:&quot;0&quot;,&quot;shutter_speed&quot;:&quot;0&quot;,&quot;title&quot;:&quot;&quot;,&quot;orientation&quot;:&quot;0&quot;}\" data-image-title=\"Pjeter Logoreci\" data-image-description=\"\" data-image-caption=\"&lt;p&gt;Pjeter Logoreci&lt;\/p&gt;\n\" data-medium-file=\"https:\/\/i0.wp.com\/www.shqiperia.com\/blog\/wp-content\/uploads\/2020\/02\/1580405336_PJETERLOGORECI.jpg?fit=300%2C170&amp;ssl=1\" data-large-file=\"https:\/\/i0.wp.com\/www.shqiperia.com\/blog\/wp-content\/uploads\/2020\/02\/1580405336_PJETERLOGORECI.jpg?fit=539%2C305&amp;ssl=1\" class=\" wp-image-31067\" alt=\"\" src=\"https:\/\/i0.wp.com\/www.shqiperia.com\/blog\/wp-content\/uploads\/2020\/02\/1580405336_PJETERLOGORECI.jpg?resize=685%2C388&#038;ssl=1\" width=\"685\" height=\"388\" srcset=\"https:\/\/i0.wp.com\/www.shqiperia.com\/blog\/wp-content\/uploads\/2020\/02\/1580405336_PJETERLOGORECI.jpg?resize=300%2C170&amp;ssl=1 300w, https:\/\/i0.wp.com\/www.shqiperia.com\/blog\/wp-content\/uploads\/2020\/02\/1580405336_PJETERLOGORECI.jpg?resize=450%2C255&amp;ssl=1 450w, https:\/\/i0.wp.com\/www.shqiperia.com\/blog\/wp-content\/uploads\/2020\/02\/1580405336_PJETERLOGORECI.jpg?resize=400%2C226&amp;ssl=1 400w, https:\/\/i0.wp.com\/www.shqiperia.com\/blog\/wp-content\/uploads\/2020\/02\/1580405336_PJETERLOGORECI.jpg?w=539&amp;ssl=1 539w\" sizes=\"auto, (max-width: 685px) 100vw, 685px\" \/><p id=\"caption-attachment-31067\" class=\"wp-caption-text\">Pjeter Logoreci<\/p><\/div>\n<p>Pasi ka \u00e7elur nj\u00eb s\u00ebr\u00eb ekspozitash dhe ka krijuar albume apo monografi me zbulesat nga arkivat e Vjen\u00ebs, Pjet\u00ebr Logoreci s\u00ebrish ka shpluhurosur rafte t\u00eb reja arkivash.<\/p>\n<p>A thua ka b\u00ebr\u00eb gjetje t\u00eb reja?!<\/p>\n<p>P\u00ebr k\u00ebt\u00eb rr\u00ebfen shum\u00eb m\u00eb shum\u00eb \u00a0Fotoalbumi \u201cHistoria shkodrane n\u00eb fotografi\u201d q\u00eb sapo ka dal\u00eb n\u00eb drit\u00ebn e botimit, dhe pritet t\u00eb promovohet m\u00eb 29 janar. N\u00eb k\u00ebt\u00eb album gjen shum\u00eb foto t\u00eb panjohura, q\u00eb iu p\u00ebrkasin viteve 1908 deri 1916, rezultat i nj\u00eb pune k\u00ebrkimore 6-vje\u00e7are t\u00eb Pjetrit n\u00eb arkivat e Vjen\u00ebs.<\/p>\n<p>N\u00eb nj\u00eb intervist\u00eb p\u00ebr Report TV, Logoreci rr\u00ebfen zbulimet e reja q\u00eb ka b\u00ebr\u00eb n\u00eb Arkivin e Shtetit Austriak, Arkivin e Bibliotek\u00ebs Nacionale t\u00eb Vjen\u00ebs, Arkivin e Bashkis\u00eb s\u00eb Vjen\u00ebs, Arkivin e Bibliotek\u00ebs s\u00eb Universitetit t\u00eb Vjen\u00ebs dhe Arkivin e Bibliotek\u00ebs s\u00eb Universitetit t\u00eb Gracit.<\/p>\n<p>Artisti dhe studiuesi Pjet\u00ebr Logoreci, nj\u00eb model i dashuris\u00eb pa kushte p\u00ebr artin, kultur\u00ebn, librin \u00a0dhe Shkodr\u00ebn e tij, rr\u00ebfen n\u00eb k\u00ebt\u00eb intervist\u00eb, jo vet\u00ebm \u00a0entuziazmin e tij p\u00ebr zbulimin e fotografive t\u00eb rralla, por edhe peripecit\u00eb e jet\u00ebs q\u00eb her\u00eb fati e her\u00eb rast\u00ebsia e detyruan t\u00eb jetonte larg vendit t\u00eb tij n\u00eb Austri&#8230;.<\/p>\n<p><strong>Intervista<\/strong><br \/>\n<strong>Zoti Pjet\u00ebr gjasht\u00eb vjet k\u00ebrkimi n\u00eb arkivat e Vjen\u00ebs p\u00ebr Shkodr\u00ebn t\u00ebnde,\u00a0 vendlindjen t\u00ebnde, si ishte rezultati p\u00ebr ju. \u00c7far\u00eb mor\u00ebt si p\u00ebrgjigje jat\u00eb k\u00ebtyre k\u00ebrkimeve?<\/strong><br \/>\n-Rezultati shihet, \u00ebsht\u00eb ky album q\u00eb ka dal\u00eb i mrekulluesh\u00ebm dhe un\u00eb jam shum\u00eb i k\u00ebnaqur edhe p\u00ebr cil\u00ebsin\u00eb, por edhe nj\u00ebkoh\u00ebsisht q\u00eb m\u2019u shp\u00ebblye puna. Me th\u00ebn\u00eb t\u00eb drejt\u00ebn kam shum\u00eb kam qindra foto n\u00eb sht\u00ebpi, por nuk i kam v\u00ebn\u00eb t\u00eb gjitha se nuk realizohet bukur albumi, dhe e kam organizuar n\u00eb tre kapituj, duke filluar me Shkodr\u00ebn, jet\u00ebn, fasadat, njer\u00ebzit, personalitete e Shkodr\u00ebs, t\u00eb cil\u00ebt i kam pasqyruar tek kapitulli Shkodra. Madje kam vazhduar me\u00a0 te kapitulli 2 q\u00eb \u00ebsht\u00eb shum\u00eb emocional, kur Shkodra u pushtua nga Mali i zi dhe \u00ebsht\u00eb ajo sfilitja e popullsis\u00eb, uria, \u00e7far\u00eb ka ndodhur me Malin e Zi. Masakra uria, shkat\u00ebrrimi i qytetit me detaje&#8230;.<\/p>\n<p><strong>Para se t\u00eb shkojm\u00eb tek detajet, n\u00eb kapitujt jemi kurioz t\u00eb duim\u00eb si e ka qen\u00eb kontaktin pakti i par\u00eb me\u00a0 fotografin\u00eb e par\u00eb nga Shkodra,\u00a0 cila ka qen\u00eb ajo fotografi q\u00eb t\u00eb krijojn\u00eb nj\u00eb impakt dhe the\u00a0 si qenka kjo k\u00ebtu dhe s\u2019e dinim?<\/strong><br \/>\n-Kur kam filluar t\u00eb k\u00ebrkoj\u00eb n\u00ebp\u00ebr arkivat e Vjen\u00ebs un\u00eb kam punuar n\u00eb Katedralen e Vjen\u00ebs,nja 17 muaj atje, dhe kur kam par\u00eb fotografin\u00eb e Portalit t\u00eb Katerdrales s\u00eb Shkodr\u00ebs, kam shtangur. Portali \u00ebsht\u00eb art, i punuar nga Idromeno, por me ndihm\u00ebn e Austris\u00eb. N\u00eb at\u00eb koh\u00eb ka qen\u00eb supershtet Austria, i ka d\u00ebrguar paret p\u00ebr Katedralen, por ka d\u00ebrguar njer\u00ebz q\u00eb kan\u00eb qen\u00eb detyruar me i fotografu edhe kan\u00eb shkuar t\u00eb fotografojn\u00eb edhe vendin ku jan\u00eb b\u00ebr\u00eb nd\u00ebrtimet, sepse u dasht me dit objektin ku kan\u00eb shkuar paret dhe ka pamje kaq t\u00eb bukura t\u00eb Katedrales s\u00eb Shkodr\u00ebs, qysh t\u00eb rrethimit, t\u00eb Portalit, etj. Dhe k\u00ebshtu mendoja q\u00eb t\u00eb b\u00ebja nj\u00eb album p\u00ebr Shkodr\u00ebn, edhe pse e dija q\u00eb ishte v\u00ebshtir\u00eb p\u00ebr financime&#8230;, por&#8230;<\/p>\n<p><strong>-Cilat ishin monumentet p\u00ebrve\u00e7 katedrales q\u00eb spikatin n\u00eb arkivat e ruajtur t\u00eb Vjen\u00ebs?<\/strong><br \/>\n-K\u00ebta fotograf\u00eb q\u00eb \u00eb kan\u00eb b\u00ebr\u00eb k\u00ebto fotografi kan\u00eb qen\u00eb gazetar\u00eb. N\u00eb koh\u00ebn e luft\u00ebs Austria i ka d\u00ebrguar me fotografu n\u00eb zonat e Ballkanit, q\u00eb kan\u00eb filluar n\u00eb Mal t\u00eb Zi, n\u00eb Bosnje- Hercegovin\u00eb,\u00a0 n\u00eb Shqip\u00ebri, deri n\u00eb kufij me Greqin\u00eb, deri n\u00eb Sarand\u00eb, dhe un\u00eb kam fotografi q\u00eb un\u00eb i kam t\u00eb Shkodr\u00ebs, \u00a0por edhe t\u00eb Sarand\u00ebs. N\u00eb k\u00ebt\u00eb album \u00ebsht\u00eb bukuria e natyr\u00ebs, \u00ebsht\u00eb edhe injoranca q\u00eb na kan\u00eb l\u00ebn\u00eb turqit, \u00ebsht\u00eb edhe ajo periudh\u00eb q\u00eb fillon me Kol\u00eb Idromenon, ky hyn kultura per\u00ebndimore me Idromenon, edhe p\u00ebrmes fasadave q\u00eb ka projektuar Idromeno si arkitekt. Shihen fasadat. P\u00ebr shembull Bashkia e Shkodr\u00ebs \u00ebsht\u00eb edhe stil austriak, edhe un\u00eb kam disa fotografi q\u00eb i kam fiksuar aty se qe qendra e komand\u00ebs austriake aty.<\/p>\n<p><strong>Interesante kjo q\u00eb d\u00ebgjojm\u00eb p\u00ebr Idromenon. Ne dinin do pak skica arkitekturore t\u00eb Idromenso n\u00ebp\u00ebr arkiva, por jo kaq vepra sa po num\u00ebroni ju. Sa vepra mund t\u00eb ket\u00eb p\u00ebraf\u00ebrsisht t\u00eb projektuar nga Idromeno si arkitekt?<\/strong><br \/>\n-Shum\u00eb, shum\u00eb, t\u00eb q\u00ebndrojm\u00eb vet\u00ebm te Kateredalja. \u00cbsht\u00eb i famsh\u00ebn tavani i katedrales i gdhendur n\u00eb dru \u00ebsht\u00eb i Idromenos. Po ashtu edhe altari kryesor , ka pasur mandej ndryshime m\u00eb mbrapa, por ka qen\u00eb vep\u00ebr e Idromenos.\u00a0 Por edhe shtatoret kan\u00eb qen\u00eb t\u00eb tij, t\u00eb cilat u shkat\u00ebrruan disa n\u00eb koh\u00ebn e komunizmit, por edhe kan\u00eb shp\u00ebtuar disa. Dhe Gjergj Fishta ka b\u00ebr\u00eb disa nga veprat. Fasada e kish\u00ebs s\u00eb Arr\u00ebs s\u00eb Madhe \u00ebsht\u00eb b\u00ebr\u00eb prej Fishtes. Ka dy tri sht\u00ebpi n\u00eb Shkod\u00ebr q\u00eb jan\u00eb vepra t\u00eb Fisht\u00ebs. Ideja \u00ebsht\u00eb e Fisht\u00ebs, krejt skicimi i fasad\u00ebs s\u00eb tyre \u00ebsht\u00eb prej Fisht\u00ebs dhe mua m\u00eb vjen keq, sepee m\u00eb vjen nd\u00ebrmend q\u00eb\u00a0 t\u00eb gjitha ato nd\u00ebrtime t\u00eb bukuar q\u00eb ka Shkodra dalin t\u00eb ideuara dhe t\u00eb punuar nga Idromeneo, por edhe nga Fishta. Dhe Shkodra u detyrohet shum\u00eb k\u00ebtyre njer\u00ebzve, sidmos Idromenos.\u00a0 Dhe mua m\u00eb vjen \u00a0keq, tani m\u00eb vjen nd\u00ebrmend q\u00eb Idromeno ka nj\u00eb varreze n\u00eb Varrezat e Rrnaj\u00ebs dhe ka degradu totalisht, dhe me vjen keq edhe p\u00ebr Shkodr\u00ebn, se ajo \u00ebsht\u00eb ky\u00e7i i kultur\u00ebs shkodrane dhe s\u2019u gjend dikush me ia riparue k\u00ebt\u00eb varr,<\/p>\n<p><strong>Duke qen\u00eb se dy personalitete t\u00eb shquara, nj\u00ebri piktor e tjetri shkrimtar q\u00eb p\u00ebrve\u00e7 krijimtaris\u00eb i kan\u00eb dh\u00ebn\u00eb imazhin q\u00eb ka Shkodra, le t\u00eb jet\u00eb kujtesa jote nj\u00eb apel p\u00ebr rivitalizimin dhe restaurimin e k\u00ebtyre monumenteve. A ka t\u00eb tjera zbulime q\u00eb keni b\u00ebr\u00eb ju n\u00eb arkivat e Vjen\u00ebs?<\/strong><br \/>\n-Aty \u00ebsht\u00eb \u201cpyll\u201d. Un\u00eb kam filluar me k\u00ebrku p\u00ebr Mjed\u00ebn, kur pati ardhur profesor mentor Quku, q\u00eb deshi t\u00eb hartonte vepr\u00ebn e Mjed\u00ebs dhe kam filluar. Aty \u00ebsht\u00eb edhe perandoria osmane, skedar\u00ebt e Shqip\u00ebris\u00eb jan\u00eb brenda k\u00ebtij formati, por aty\u00a0 \u00ebsht\u00eb edhe Kosova. Duke shfletuar arkivat del Ismail Qemali, Simon Rrota. Dosja pavar\u00ebsia \u00ebsht\u00eb aty. Mir\u00ebpo d\u00ebshir\u00eb kish mos t\u00eb hapesha shum\u00eb, se duke u hapur shum\u00eb, njeriu mund t\u00eb humbas rrug\u00ebn dhe dal n\u00eb rrug\u00eb qorre. Ka nj\u00eb arkiv q\u00eb ka titullin KONSULLATA dhe po t\u00eb hysh n\u00eb at\u00eb arkiv\u00eb gjen mrekullina. Un\u00eb nuk jam historian, por kam gjetur informacione q\u00eb m\u00eb kan\u00eb hapur drit\u00ebn edhe mua me pa historian e Shqip\u00ebris\u00eb n\u00eb k\u00ebndv\u00ebshtrim krejt tjet\u00ebr. P\u00ebr shembull, kam hasur n\u00eb burgosjen e Mjed\u00ebs. Mjeda kur ka ardhur nga kongresi i gjuh\u00ebve indoevropiane nga Hamburgu, sa u ul nga anija n\u00eb tok\u00eb e kan\u00eb arrestuar Turqit. Dhe e kan\u00eb futur n\u00eb burgun e Shkodr\u00ebs dhe kan\u00eb dashur ta internonin n\u00eb Siri. Mir\u00ebpo, kam gjetur informacion q\u00eb tregonte se kush e ka paditur Mjed\u00ebn dhe jan\u00eb t\u00eb gjitha proces-verbalet sesi kan\u00eb nd\u00ebrhyr\u00eb shkodranet katolik\u00eb e mysliman\u00eb kan\u00eb \u00e7uar e lutje p\u00ebr t\u00eb \u00e7liruar priftin Mjeda nga burgu, nd\u00ebrhyri edhe administrata turke, etj, etj.<\/p>\n<p><strong>Jan\u00eb dhe shum\u00eb dokumente q\u00eb pasqyrojn\u00eb edhe luft\u00ebn q\u00eb \u00ebsht\u00eb b\u00ebr\u00eb, sidomos n\u00eb dit\u00ebt e pushtimit nga Mali i Zi. Por ajo ka qen\u00eb nj\u00eb nga betejat e pastudiuara, nd\u00ebrkoh\u00eb q\u00eb ka qen\u00eb edhe konflikti m\u00eb i madh ballkanik dhe aty filloi edhe mjerimi i Shkodr\u00ebs, \u00e7far\u00eb keni gjetur konkretisht?<\/strong><br \/>\n-Nj\u00eb kapitull me fotografi q\u00eb jan\u00eb t\u00eb panjohura m\u00eb par\u00eb, shum\u00eb sensacionale, shum\u00eb emocionuese, q\u00eb \u00e7do zem\u00ebr e shpirt shqiptari e godasin n\u00ebse i sheh, dhe tregojn\u00eb momentet q\u00eb nga bombardimi i Shkodr\u00ebs, q\u00eb nga dita e par\u00eb e hyrjes s\u00eb Shkdor\u00ebs, patrullimin e ushtarak\u00ebve malazez\u00eb midis Shkodr\u00ebs, duke qen\u00eb krenar\u00eb se kishin zaptuar kryeqendr\u00ebn e veriut,\u00a0 djepin e kultur\u00ebs dhe t\u00eb patriotizmit shqiptar. E dinin ata&#8230; Ka skena nga m\u00eb makabret q\u00eb ka pasur, q\u00eb jan\u00eb vrasjet q\u00eb kan\u00eb b\u00ebr\u00eb, kufomat, nuk ka pasur nj\u00eb familje shkodran\u00a0 q\u00eb nuk ka pasur nj\u00eb person t\u00eb vrar\u00eb n\u00eb llogoret e Taraboshit q\u00eb kan\u00eb dal\u00eb me mbrojt qytetin e vet. Kan\u00eb mb\u00ebshtetur administrat\u00ebn turke, me Riza Pash\u00ebn, por jan\u00eb munduar me mbrojt Shkodr\u00ebn. Edhe q\u00eb u mposht\u00ebn, dhe q\u00eb jan\u00eb detyruar me u thek dhe kam par\u00eb kufoma t\u00eb vrar\u00ebsh q\u00eb i kam fotot me di\u00e7itur\u00ebn p\u00ebrkat\u00ebse, sespe \u00e7do foto \u00ebsht\u00eb e shoq\u00ebruar me nj\u00eb di\u00e7itur\u00eb. \u00c7do fotografi ka kartel\u00ebn e vet, ku tregohet \u00e7far\u00eb \u00ebsht\u00eb, kush e ka b\u00ebr\u00eb, kur \u00ebsht\u00eb marr\u00eb\u00a0 dhe \u00e7far\u00eb ka n\u00eb k\u00ebt\u00eb foto.<\/p>\n<p><strong>Pra si\u00e7 shihet, albumi yt \u00ebsht\u00eb nj\u00eb udh\u00ebtim n\u00eb historin\u00eb e Shkodr\u00ebs, n\u00eb cil\u00ebt periudh\u00eb tjet\u00ebr t\u00eb historis\u00eb hyjme p\u00ebrmes fotove t\u00eb zbuluara nga ju?<\/strong><br \/>\n-Kam menduar se nj\u00eb moment i ve\u00e7ant\u00eb ka qen\u00eb edhe ardhja e nj\u00eb delegacioni me parin\u00eb e fiseve shqiptare nga t\u00eb gjitha trevat e Shqip\u00ebris\u00eb n\u00eb Vjen\u00eb. N\u00eb Vjen\u00eb kan\u00eb marr\u00eb dekorata, dhe kan\u00eb b\u00ebr\u00eb shum\u00eb vizita atje. Kan\u00eb shkuar tek varri Kaiserit. Perandori Karl ka pasur nj\u00eb vajz\u00eb t\u00eb vog\u00ebl tre vje\u00e7e dhe k\u00ebta burra i dhuruan nj\u00eb kostum komb\u00ebtare, dhe ia kan\u00eb veshur menj\u00ebher\u00eb k\u00ebt\u00eb kostum vajz\u00ebs n\u00eb shenj\u00eb respekti. Dhe madje gjith\u00eb shtypi i Vjen\u00ebs ka shkruar p\u00ebr k\u00ebta burra shtatlart\u00eb me k\u00ebto kostume interesante. Mandej kam filluar t\u00eb b\u00ebj\u00eb edhe nj\u00eb kapitull p\u00ebr figura shqiptare q\u00eb kan\u00eb pasur kontaket ose kan\u00eb jetuar n\u00eb Austri. Un\u00eb kam pasur dy Logoreca student n\u00eb Vjen\u00eb m\u00eb 1916-n, Gjoni e ka mbaruar p\u00ebr ekonomi, nd\u00ebrsa Kola q\u00eb ka qen\u00eb djali i xhaxhait, i shoqi i Marije Logorecit, ka mbaruar p\u00ebr ekonomi-financ\u00eb.<\/p>\n<p><strong>\u00a0Interesante jan\u00eb edhe fotot e gazetar\u00ebve q\u00eb kan\u00eb jetuar n\u00eb Shkod\u00ebr dhe kan\u00eb dokumentuar di\u00e7ka, apo jo. \u00c7far\u00eb ju ka b\u00ebr\u00eb p\u00ebrshtypje nga ana mediatike q\u00eb ka marr\u00eb n\u00eb fokus Shkodr\u00ebn?<\/strong><br \/>\n-Austriak\u00ebt kan\u00eb b\u00ebr\u00eb pun\u00eb shum\u00eb t\u00eb mira n\u00eb Shkod\u00ebr. Kam gazetar\u00ebt k\u00ebtu t\u00eb ulur n\u00eb nj\u00eb kafe n\u00eb Shkod\u00ebr, ushtarak\u00eb dhe civil\u00eb bashk\u00eb, por k\u00ebta kan\u00eb b\u00ebr\u00eb edhe foto n\u00eb Lezh\u00eb. Ka edhe fotografi, kur Kaiseri i Austris\u00eb ka thirrur Mbretin e Malit t\u00eb Zi n\u00eb Vjen\u00eb, p\u00ebr me l\u00ebshue Shodr\u00ebn. Ec\u00ebn n\u00eb nj\u00eb far\u00eb kohe bisedimet, pastaj ka qen\u00eb k\u00ebrc\u00ebnim. N\u00eb Shkod\u00ebr e\u00a0 sidomos Pazarin e Shkodr\u00ebs, jan\u00eb n\u00eb fotografi q\u00eb ushtar\u00ebt serbo-malazez\u00eb e kan\u00eb vjedhur me thas\u00eb Shkodr\u00ebn. T\u00eb gjitha materialet q\u00eb kan\u00eb vjedhur nga tregtar\u00ebt shkodran\u00eb, jan\u00eb t\u00eb fotografuar.<\/p>\n<p><strong>Zoti Pjet\u00ebr, pas k\u00ebtij udh\u00ebtimi gjasht\u00ebvje\u00e7ar p\u00ebr t\u00eb sjell\u00eb nj\u00eb histori t\u00eb Shkodr\u00ebs, jet\u00ebn sociale t\u00eb Shkodr\u00ebs, nd\u00ebrsa ju keni k\u00ebrkuar edhe p\u00ebr histori t\u00eb tjera. Mund t\u00eb kujtoj k\u00ebrkimet q\u00eb ju keni b\u00ebr\u00eb p\u00ebr aktorin me origjin\u00eb shqiptare Aleksand\u00ebr Moisiun, ku keni nxjerr\u00eb n\u00eb drit\u00eb t\u00eb dh\u00ebna t\u00eb pabesueshme&#8230;<\/strong><br \/>\n-Kam pasur fatin q\u00eb t\u00eb jem pjes\u00ebtar i Teatrit Popullor t\u00eb Vjen\u00ebs, dhe aty pata mund\u00ebsin\u00eb t\u00eb shfteoja n\u00ebp\u00ebr arkiva dhe t\u00eb gjeja materialin e Aleksand\u00ebr Moisiut, q\u00eb ishte i pazbuluar. K\u00ebt\u00eb burr\u00eb gjigant q\u00eb ka vuajtur shum\u00eb. Ka vuajtur si un\u00eb si emigrant, se ai kishte ardhur atje nga Italia dhe duhej t\u00eb mbante n\u00ebn\u00ebn dhe motr\u00ebn, t\u00eb punonte p\u00ebr buk\u00ebn e goj\u00ebs se kan\u00eb qen\u00eb shum\u00eb t\u00eb varf\u00ebr.\u00a0 Un\u00eb gjeta letrat e tij q\u00eb i ka d\u00ebrguar n\u00ebn\u00ebs, fitimet e para. Ai ka nisur pun\u00eb n\u00eb teat\u00ebr si figurant\u00eb dhe rrinte n\u00eb radh\u00ebt e fundit t\u00eb galeris\u00eb, me ata q\u00eb paguheshin p\u00ebr t\u00eb rrahur shuplakat n\u00eb galeri, q\u00eb t\u00eb merrte dy- tre grosh sa me mbajt frym\u00ebn me buk\u00eb. Ai ka heq kurr\u00eb se kan\u00eb luftuar shum\u00eb, dhe i kan\u00eb th\u00ebn\u00eb q\u00eb ti s\u2019b\u00ebhesh aktor kurr\u00eb, m\u00eb mir\u00eb jep m\u00ebsim italishten. Por ai spikati shpejt dhe p\u00ebr 17 vjet rresht e mbajti teatrin e Vjen\u00ebs n\u00eb k\u00ebmb\u00eb, bashk\u00eb me Rainhard dhe u b\u00eb i famsh\u00ebm.<\/p>\n<p><strong>Zakonisht ju k\u00ebtu n\u00eb Shqip\u00ebri, keni krijuar opinionin se jeni studiues, dhe pakkush e di se ju jeni edhe artist. Na tregoni si e keni zhvilluar rrug\u00ebn e karrier\u00ebs tuaj si aktor, puna juaj n\u00eb Tetarin e Vjen\u00ebs, disa gj\u00ebra q\u00eb ne nuk i dim\u00eb?<\/strong><br \/>\n-Un\u00eb e kam pasur tradit\u00eb familjare aktrimin, nd\u00ebr ta \u00ebsht\u00eb edhe Marije Logoreci, edhe Rikard Ljarja q\u00eb \u00ebsht\u00eb djali i hall\u00ebs sime. Trash\u00ebgimia m\u00eb her\u00ebt nis nga shkollat fran\u00e7eskane, dhe un\u00eb dikur isha me l\u00ebvizjen amatore n\u00eb sken\u00eb.<\/p>\n<p><strong>Ku e mbaruat shkoll\u00ebn e aktrimit?<\/strong><br \/>\n-Nuk kisha mund\u00ebsi t\u00eb b\u00ebja studime, sepse un\u00eb isha me \u201cdamk\u00eb politike\u201d, si\u00e7 na thoshin n\u00eb at\u00eb koh\u00eb, sepse un\u00eb kam pasur nj\u00eb xhaxha, Anton Logorecin,\u00a0 gazetar i famsh\u00ebm, q\u00eb ishte edhe diplomati i par\u00eb shqiptar n\u00eb Lond\u00ebr, e fliste n\u00eb BBC kund\u00ebr komunizmit, kishte mbaruar Kembrixhin dhe mbeti atje. Megjithat\u00eb, kur do me dal, del. Shkova ne vjen, dhe b\u00ebra pjes\u00eb n\u00eb nj\u00eb projekt me tetarin e Vjen\u00ebs me nj\u00eb dram\u00eb, ku ishim t\u00eb gjitha t\u00eb huaj dhe secili tregonte emocionet q\u00eb kishet p\u00ebrjetuar kur kishte l\u00ebn\u00eb vendin e vet. Mendo Tetari Popullor i Vjen\u00ebs \u00ebsht\u00eb nj\u00eb sall\u00eb e madhe, e vjet\u00ebr, e superluksoze me 900 vet, dhe un\u00eb pata nj\u00eb monolog 12 minuta atje. Un\u00eb kam pasur nj\u00eb histori me qenin kur ika. Kisha nj\u00eb qen\u00eb ujk, q\u00eb ne kur ik\u00ebm, ai nisi nj\u00eb ul\u00ebrim\u00eb drith\u00ebruese, dhe gruaja m\u00eb tha ne nuk kthehemi m\u00eb, ngaq\u00eb qeni b\u00ebnte ashtu. Dhe un\u00eb u ktheva dhe p\u00ebrqafova qenin dhe nga syt\u00eb e tij pash\u00eb q\u00eb dol\u00ebn lot, si t\u00eb ishte njeri, kur un\u00eb jam ndar\u00eb prej tij. K\u00ebt\u00eb tregova mes emocionesh atje, dhe m\u00ebnyra si e tregova u ndoq me duartrokitje dhe emocione, dhe t\u00eb gjith\u00eb mbas shfaqjes m\u00eb thoshin, ku \u00ebsht\u00eb qeni.<\/p>\n<p><strong>N\u00eb cilat vite keni ikur?<\/strong><br \/>\nM\u00eb kujtohet ka qen\u00eb marsi i 1997-s, un u nisa p\u00ebr pak koh\u00eb, por mandej puna u prish m\u00eb shum\u00eb, u dogj Shkodra, pata probleme, dhe u detyrova me k\u00ebrku azil. P\u00ebr fat gjeta azil aty, dhe m\u2019u desh ta nisja nga e para p\u00ebr t\u2019u integruar.\u00a0 Un\u00eb isha dhe jurist dhe kam ndihmuar jasht\u00eb mase njer\u00ebzit q\u00eb k\u00ebrkonin azil dhe streh\u00eb n\u00eb Austri, dhe meq\u00eb jemi tek teatri, kjo regjisore m\u00eb p\u00ebrdori dhe p\u00ebr tre drama t\u00eb tjera, dhe k\u00ebshtu un\u00eb u b\u00ebra pjes\u00eb e shfaqej t\u00eb teatrit t\u00eb Vjen\u00ebs. Kam punuar shum\u00eb, sepse mendoja t\u00eb mos shfryt\u00ebzoja si dembel, asistenc\u00ebn sociale q\u00eb t\u00eb jepte Austria.<\/p>\n<p>d.ba.\/r.k.\/Shqiptarja.com<\/p>\n","protected":false},"excerpt":{"rendered":"<p>Pjet\u00ebr Logoreci: Historia shkodrane n\u00eb fotografi dhe surprizat e mrekullueshme n\u00eb arkivat e Vjen\u00ebs. Nga: Dhurata Hamzai 30 Janar, 3030 -Artist dhe studiues i pasionuar i arkivave, Logoreci, rr\u00ebfen surprizat e zbuluara n\u00eb Austri, ku jeton prej 20 vjet\u00ebsh. N\u00eb Albumin e ri \u201cHistoria shkodrane n\u00eb fotografi\u201d ai publikon fotot e\u00a0 panjohura t\u00eb nj\u00eb shekulli [&hellip;]<\/p>\n","protected":false},"author":9,"featured_media":31066,"comment_status":"open","ping_status":"open","sticky":false,"template":"","format":"standard","meta":{"jetpack_post_was_ever_published":false,"_jetpack_newsletter_access":"","_jetpack_dont_email_post_to_subs":false,"_jetpack_newsletter_tier_id":0,"_jetpack_memberships_contains_paywalled_content":false,"_jetpack_memberships_contains_paid_content":false,"footnotes":"","jetpack_publicize_message":"","jetpack_publicize_feature_enabled":true,"jetpack_social_post_already_shared":true,"jetpack_social_options":{"image_generator_settings":{"template":"highway","default_image_id":0,"font":"","enabled":false},"version":2}},"categories":[27,10],"tags":[],"class_list":["post-31065","post","type-post","status-publish","format-standard","has-post-thumbnail","hentry","category-blogu-i-udhetarit","category-kultura"],"jetpack_publicize_connections":[],"jetpack_featured_media_url":"https:\/\/i0.wp.com\/www.shqiperia.com\/blog\/wp-content\/uploads\/2020\/02\/safe_image-1.jpg?fit=540%2C281&ssl=1","jetpack_sharing_enabled":true,"jetpack_shortlink":"https:\/\/wp.me\/p5Z6wp-853","jetpack-related-posts":[{"id":10375,"url":"https:\/\/www.shqiperia.com\/blog\/botimi-me-i-ri-kujtimet-e-piktorit-simon-rrota\/","url_meta":{"origin":31065,"position":0},"title":"Botimi m\u00eb i ri: Kujtimet e Piktorit Simon Rrota. &#8211;","author":"Kurt Farka","date":"July 29, 2018","format":false,"excerpt":"Botimi m\u00eb i ri: Kujtimet e Piktorit Simon Rrota. - Nga: Frano Kulli Botimi m\u00eb i ri i \"Botimet Fishta\". Kujtimet e piktorit Simon Rrota (1887-1961), t\u00eb ruajtura me perkujdesje te adhurueshme prej familjareve,kuruar ne kete liber nga Pjeter Logoreci. Sh\u00ebnohen n\u00eb to kujtime prej bashk\u00ebpunimit t\u00eb perndritshm\u00ebm t\u00eb piktorit\u2026","rel":"","context":"In &quot;Arte&quot;","block_context":{"text":"Arte","link":"https:\/\/www.shqiperia.com\/blog\/category\/arte\/"},"img":{"alt_text":"","src":"https:\/\/i0.wp.com\/www.shqiperia.com\/blog\/wp-content\/uploads\/2018\/07\/Libri-Simon-Rota.jpg?fit=720%2C442&ssl=1&resize=350%2C200","width":350,"height":200,"srcset":"https:\/\/i0.wp.com\/www.shqiperia.com\/blog\/wp-content\/uploads\/2018\/07\/Libri-Simon-Rota.jpg?fit=720%2C442&ssl=1&resize=350%2C200 1x, https:\/\/i0.wp.com\/www.shqiperia.com\/blog\/wp-content\/uploads\/2018\/07\/Libri-Simon-Rota.jpg?fit=720%2C442&ssl=1&resize=525%2C300 1.5x, https:\/\/i0.wp.com\/www.shqiperia.com\/blog\/wp-content\/uploads\/2018\/07\/Libri-Simon-Rota.jpg?fit=720%2C442&ssl=1&resize=700%2C400 2x"},"classes":[]},{"id":82497,"url":"https:\/\/www.shqiperia.com\/blog\/zenepe-dibra-shkodra-historia-qe-gjallon-me-reliket-e-saj-libri-i-ri\/","url_meta":{"origin":31065,"position":1},"title":"Zenepe Dibra &#8211; \u201cSHKODRA-HISTORIA Q\u00cb GJALLON ME RELIKET E SAJ\u201d- Libri i Ri.","author":"Kurt Farka","date":"July 6, 2024","format":false,"excerpt":"6 Korrik 20-24 Keto dite doli nga shtypi libri \u201cSHKODRA-HISTORIA Q\u00cb GJALLON ME RELIKET E SAJ\u201d, t\u00eb mb\u00ebshteteur nga Botimet Alsar dhe kryetarit t\u00eb saj Mehdi Gurra. Ky\u00a0liber me dy v\u00ebllime prej afro 1400 faqesh ka permbledhur shume relike shkodrane te marra ne foto si dhe te spjegura me histori\u2026","rel":"","context":"In &quot;Blogu i Udh\u00ebtarit&quot;","block_context":{"text":"Blogu i Udh\u00ebtarit","link":"https:\/\/www.shqiperia.com\/blog\/category\/blogu-i-udhetarit\/"},"img":{"alt_text":"","src":"https:\/\/i0.wp.com\/www.shqiperia.com\/blog\/wp-content\/uploads\/2024\/07\/Zenepe-Dibra.jpg?fit=1068%2C601&ssl=1&resize=350%2C200","width":350,"height":200,"srcset":"https:\/\/i0.wp.com\/www.shqiperia.com\/blog\/wp-content\/uploads\/2024\/07\/Zenepe-Dibra.jpg?fit=1068%2C601&ssl=1&resize=350%2C200 1x, https:\/\/i0.wp.com\/www.shqiperia.com\/blog\/wp-content\/uploads\/2024\/07\/Zenepe-Dibra.jpg?fit=1068%2C601&ssl=1&resize=525%2C300 1.5x, https:\/\/i0.wp.com\/www.shqiperia.com\/blog\/wp-content\/uploads\/2024\/07\/Zenepe-Dibra.jpg?fit=1068%2C601&ssl=1&resize=700%2C400 2x, https:\/\/i0.wp.com\/www.shqiperia.com\/blog\/wp-content\/uploads\/2024\/07\/Zenepe-Dibra.jpg?fit=1068%2C601&ssl=1&resize=1050%2C600 3x"},"classes":[]},{"id":55158,"url":"https:\/\/www.shqiperia.com\/blog\/shkodra-lihet-jashte-festivalit-tipologjik-kombetar-te-kenges-popullore\/","url_meta":{"origin":31065,"position":2},"title":"Shkodra lihet jasht\u00eb Festivalit Tipologjik Komb\u00ebtar t\u00eb k\u00ebng\u00ebs popullore","author":"Kurt Farka","date":"March 10, 2022","format":false,"excerpt":"Shkodra lihet jasht\u00eb Festivalit Tipologjik Komb\u00ebtar t\u00eb k\u00ebng\u00ebs popullore Nga Bepin Kolvata 10 Mars 2022 Shkodra \u00ebsht\u00eb l\u00ebn\u00eb jasht\u00eb Festivalit Komb\u00ebtar Folklorik Tipologjik p\u00ebr her\u00eb t\u00eb par\u00eb n\u00eb 25 vite. Drejtuesit e qendr\u00ebs kulturore \u201cPjeter Gaci\u201d thon\u00eb se si argument u kan\u00eb dh\u00ebn\u00eb plot\u00ebsimin e numrit t\u00eb pjes\u00ebmarr\u00ebsve t\u00eb planifikuar.\u2026","rel":"","context":"In &quot;Arte&quot;","block_context":{"text":"Arte","link":"https:\/\/www.shqiperia.com\/blog\/category\/arte\/"},"img":{"alt_text":"","src":"https:\/\/i0.wp.com\/www.shqiperia.com\/blog\/wp-content\/uploads\/2022\/03\/Ansambli-Shkoder.jpg?fit=918%2C522&ssl=1&resize=350%2C200","width":350,"height":200,"srcset":"https:\/\/i0.wp.com\/www.shqiperia.com\/blog\/wp-content\/uploads\/2022\/03\/Ansambli-Shkoder.jpg?fit=918%2C522&ssl=1&resize=350%2C200 1x, https:\/\/i0.wp.com\/www.shqiperia.com\/blog\/wp-content\/uploads\/2022\/03\/Ansambli-Shkoder.jpg?fit=918%2C522&ssl=1&resize=525%2C300 1.5x, https:\/\/i0.wp.com\/www.shqiperia.com\/blog\/wp-content\/uploads\/2022\/03\/Ansambli-Shkoder.jpg?fit=918%2C522&ssl=1&resize=700%2C400 2x"},"classes":[]},{"id":43670,"url":"https:\/\/www.shqiperia.com\/blog\/sot-dita-e-fundit-me-reshje-njihuni-me-surprizat-qe-sjell-moti-gjate-pasdites\/","url_meta":{"origin":31065,"position":3},"title":"Sot dita e fundit me reshje, njihuni me surprizat q\u00eb sjell moti gjat\u00eb pasdites","author":"Kurt Farka","date":"February 2, 2021","format":false,"excerpt":"Sot dita e fundit me reshje, njihuni me surprizat q\u00eb sjell moti gjat\u00eb pasdites 2 SHKURT 2021 Vendi yn\u00eb sot do t\u00eb mbizot\u00ebrohet nga alternime kthjellimesh dhe vran\u00ebsirash duke sjell\u00eb nj\u00eb mot me reshje. Gjat\u00eb pasdites pritet nj\u00eb p\u00ebrmir\u00ebsim i ndjesh\u00ebm i motit, ku vran\u00ebsirat e shoq\u00ebruar me reshje i\u2026","rel":"","context":"In &quot;Blogu i Udh\u00ebtarit&quot;","block_context":{"text":"Blogu i Udh\u00ebtarit","link":"https:\/\/www.shqiperia.com\/blog\/category\/blogu-i-udhetarit\/"},"img":{"alt_text":"","src":"https:\/\/i0.wp.com\/www.shqiperia.com\/blog\/wp-content\/uploads\/2021\/02\/640-0-6018f0054792e.jpg?fit=640%2C360&ssl=1&resize=350%2C200","width":350,"height":200,"srcset":"https:\/\/i0.wp.com\/www.shqiperia.com\/blog\/wp-content\/uploads\/2021\/02\/640-0-6018f0054792e.jpg?fit=640%2C360&ssl=1&resize=350%2C200 1x, https:\/\/i0.wp.com\/www.shqiperia.com\/blog\/wp-content\/uploads\/2021\/02\/640-0-6018f0054792e.jpg?fit=640%2C360&ssl=1&resize=525%2C300 1.5x"},"classes":[]},{"id":9080,"url":"https:\/\/www.shqiperia.com\/blog\/suvenire-me-permbajtje-te-trashegimise-tone-kombetare-nga-pjeter-perkeqi-album\/","url_meta":{"origin":31065,"position":4},"title":"Suvenire me permbajtje te Trashegimise Tone Kombetare nga Mjeshteri Pjeter Perkeqi. (album). &#8211;","author":"Kurt Farka","date":"June 24, 2018","format":false,"excerpt":"Suvenire me permbajtje te Trashegimise Tone Kombetare nga Pjeter Perkeqi. - Ekspozite ne Budapest me mozaik ne minjature fragmente te mozaikut Pakzimores Butrint (Vizita e ekspozites nga Ambasadorja e jone atje ne Maij 2010) Babtistieri i Butrintit nga ku e kane burimin motivet e punimeve artistike te Mjeshterit Pjeter Perkeqi.\u2026","rel":"","context":"In &quot;Arte&quot;","block_context":{"text":"Arte","link":"https:\/\/www.shqiperia.com\/blog\/category\/arte\/"},"img":{"alt_text":"","src":"https:\/\/i0.wp.com\/www.shqiperia.com\/blog\/wp-content\/uploads\/2018\/06\/Krijime-suvenire-Pjeter-Perkeqi-2.jpg?fit=480%2C360&ssl=1&resize=350%2C200","width":350,"height":200},"classes":[]},{"id":5295,"url":"https:\/\/www.shqiperia.com\/blog\/pjeter-perkeqi-artizani-vetmuar-qe-josh-ende-turistet-ne-butrint\/","url_meta":{"origin":31065,"position":5},"title":"Pjet\u00ebr P\u00ebrkeqi, artizani i vetmuar q\u00eb josh ende turist\u00ebt n\u00eb Butrint. &#8211;","author":"Kurt Farka","date":"March 21, 2018","format":false,"excerpt":"\u00a0\u00a0\u00a0\u00a0\u00a0\u00a0\u00a0\u00a0\u00a0\u00a0 -Pjet\u00ebr Perkeqi \u00ebsht\u00eb i vetmi artizan q\u00eb ka mbijetuar pas 9 viteve t\u00eb ngritjes s\u00eb tregut artizanal n\u00eb Butrint, e quajtur ndryshe \"Kasollja suedeze\". I ardhur nga zonat e Mirdit\u00ebs n\u00eb fshatin Sh\u00ebnd\u00eblli t\u00eb Sarand\u00ebs, Pjetri m\u00eb par\u00eb \u00ebsht\u00eb kujdesur t\u00eb fituar t\u00eb drejt\u00ebn e autorit p\u00ebr t\u00eb riprodhuar\u2026","rel":"","context":"In &quot;Arte&quot;","block_context":{"text":"Arte","link":"https:\/\/www.shqiperia.com\/blog\/category\/arte\/"},"img":{"alt_text":"","src":"https:\/\/i0.wp.com\/www.shqiperia.com\/blog\/wp-content\/uploads\/2018\/03\/Pjeter-Perkeqi-Suvenire-Shqiptare-5.jpg?fit=720%2C638&ssl=1&resize=350%2C200","width":350,"height":200,"srcset":"https:\/\/i0.wp.com\/www.shqiperia.com\/blog\/wp-content\/uploads\/2018\/03\/Pjeter-Perkeqi-Suvenire-Shqiptare-5.jpg?fit=720%2C638&ssl=1&resize=350%2C200 1x, https:\/\/i0.wp.com\/www.shqiperia.com\/blog\/wp-content\/uploads\/2018\/03\/Pjeter-Perkeqi-Suvenire-Shqiptare-5.jpg?fit=720%2C638&ssl=1&resize=525%2C300 1.5x, https:\/\/i0.wp.com\/www.shqiperia.com\/blog\/wp-content\/uploads\/2018\/03\/Pjeter-Perkeqi-Suvenire-Shqiptare-5.jpg?fit=720%2C638&ssl=1&resize=700%2C400 2x"},"classes":[]}],"_links":{"self":[{"href":"https:\/\/www.shqiperia.com\/blog\/wp-json\/wp\/v2\/posts\/31065","targetHints":{"allow":["GET"]}}],"collection":[{"href":"https:\/\/www.shqiperia.com\/blog\/wp-json\/wp\/v2\/posts"}],"about":[{"href":"https:\/\/www.shqiperia.com\/blog\/wp-json\/wp\/v2\/types\/post"}],"author":[{"embeddable":true,"href":"https:\/\/www.shqiperia.com\/blog\/wp-json\/wp\/v2\/users\/9"}],"replies":[{"embeddable":true,"href":"https:\/\/www.shqiperia.com\/blog\/wp-json\/wp\/v2\/comments?post=31065"}],"version-history":[{"count":1,"href":"https:\/\/www.shqiperia.com\/blog\/wp-json\/wp\/v2\/posts\/31065\/revisions"}],"predecessor-version":[{"id":31068,"href":"https:\/\/www.shqiperia.com\/blog\/wp-json\/wp\/v2\/posts\/31065\/revisions\/31068"}],"wp:featuredmedia":[{"embeddable":true,"href":"https:\/\/www.shqiperia.com\/blog\/wp-json\/wp\/v2\/media\/31066"}],"wp:attachment":[{"href":"https:\/\/www.shqiperia.com\/blog\/wp-json\/wp\/v2\/media?parent=31065"}],"wp:term":[{"taxonomy":"category","embeddable":true,"href":"https:\/\/www.shqiperia.com\/blog\/wp-json\/wp\/v2\/categories?post=31065"},{"taxonomy":"post_tag","embeddable":true,"href":"https:\/\/www.shqiperia.com\/blog\/wp-json\/wp\/v2\/tags?post=31065"}],"curies":[{"name":"wp","href":"https:\/\/api.w.org\/{rel}","templated":true}]}}