{"id":31062,"date":"2020-02-04T02:08:23","date_gmt":"2020-02-04T02:08:23","guid":{"rendered":"https:\/\/www.shqiperia.com\/blog\/?p=31062"},"modified":"2020-02-04T02:08:23","modified_gmt":"2020-02-04T02:08:23","slug":"trafikantet-nuk-i-perdorin-leket-ne-favor-te-bizneseve-avokati-shqiptar-nxjerr-detajet-nga-bota-e-erret-e-krimit-humbasin-edhe-jeten-e-tyre","status":"publish","type":"post","link":"https:\/\/www.shqiperia.com\/blog\/trafikantet-nuk-i-perdorin-leket-ne-favor-te-bizneseve-avokati-shqiptar-nxjerr-detajet-nga-bota-e-erret-e-krimit-humbasin-edhe-jeten-e-tyre\/","title":{"rendered":"\u201cTrafikant\u00ebt nuk i p\u00ebrdorin lek\u00ebt n\u00eb favor t\u00eb bizneseve\u201d, avokati shqiptar nxjerr detajet nga bota e err\u00ebt e krimit: Humbasin edhe jet\u00ebn e tyre!"},"content":{"rendered":"<p>\u201cTrafikant\u00ebt nuk i p\u00ebrdorin lek\u00ebt n\u00eb favor t\u00eb bizneseve\u201d, avokati shqiptar nxjerr detajet nga bota e err\u00ebt e krimit: Humbasin edhe jet\u00ebn e tyre!<\/p>\n<p>3 SHKURT 2020<\/p>\n<div id=\"attachment_31063\" style=\"width: 641px\" class=\"wp-caption alignnone\"><img data-recalc-dims=\"1\" loading=\"lazy\" decoding=\"async\" aria-describedby=\"caption-attachment-31063\" data-attachment-id=\"31063\" data-permalink=\"https:\/\/www.shqiperia.com\/blog\/trafikantet-nuk-i-perdorin-leket-ne-favor-te-bizneseve-avokati-shqiptar-nxjerr-detajet-nga-bota-e-erret-e-krimit-humbasin-edhe-jeten-e-tyre\/sokol-hazizaj\/\" data-orig-file=\"https:\/\/i0.wp.com\/www.shqiperia.com\/blog\/wp-content\/uploads\/2020\/02\/Sokol-Hazizaj.jpg?fit=800%2C443&amp;ssl=1\" data-orig-size=\"800,443\" data-comments-opened=\"1\" data-image-meta=\"{&quot;aperture&quot;:&quot;0&quot;,&quot;credit&quot;:&quot;&quot;,&quot;camera&quot;:&quot;&quot;,&quot;caption&quot;:&quot;&quot;,&quot;created_timestamp&quot;:&quot;0&quot;,&quot;copyright&quot;:&quot;&quot;,&quot;focal_length&quot;:&quot;0&quot;,&quot;iso&quot;:&quot;0&quot;,&quot;shutter_speed&quot;:&quot;0&quot;,&quot;title&quot;:&quot;&quot;,&quot;orientation&quot;:&quot;0&quot;}\" data-image-title=\"Sokol Hazizaj\" data-image-description=\"\" data-image-caption=\"&lt;p&gt;Sokol Hazizaj&lt;\/p&gt;\n\" data-medium-file=\"https:\/\/i0.wp.com\/www.shqiperia.com\/blog\/wp-content\/uploads\/2020\/02\/Sokol-Hazizaj.jpg?fit=300%2C166&amp;ssl=1\" data-large-file=\"https:\/\/i0.wp.com\/www.shqiperia.com\/blog\/wp-content\/uploads\/2020\/02\/Sokol-Hazizaj.jpg?fit=800%2C443&amp;ssl=1\" class=\" wp-image-31063\" alt=\"\" src=\"https:\/\/i0.wp.com\/www.shqiperia.com\/blog\/wp-content\/uploads\/2020\/02\/Sokol-Hazizaj.jpg?resize=631%2C349&#038;ssl=1\" width=\"631\" height=\"349\" srcset=\"https:\/\/i0.wp.com\/www.shqiperia.com\/blog\/wp-content\/uploads\/2020\/02\/Sokol-Hazizaj.jpg?resize=300%2C166&amp;ssl=1 300w, https:\/\/i0.wp.com\/www.shqiperia.com\/blog\/wp-content\/uploads\/2020\/02\/Sokol-Hazizaj.jpg?resize=768%2C425&amp;ssl=1 768w, https:\/\/i0.wp.com\/www.shqiperia.com\/blog\/wp-content\/uploads\/2020\/02\/Sokol-Hazizaj.jpg?resize=450%2C249&amp;ssl=1 450w, https:\/\/i0.wp.com\/www.shqiperia.com\/blog\/wp-content\/uploads\/2020\/02\/Sokol-Hazizaj.jpg?resize=600%2C332&amp;ssl=1 600w, https:\/\/i0.wp.com\/www.shqiperia.com\/blog\/wp-content\/uploads\/2020\/02\/Sokol-Hazizaj.jpg?resize=400%2C222&amp;ssl=1 400w, https:\/\/i0.wp.com\/www.shqiperia.com\/blog\/wp-content\/uploads\/2020\/02\/Sokol-Hazizaj.jpg?w=800&amp;ssl=1 800w\" sizes=\"auto, (max-width: 631px) 100vw, 631px\" \/><p id=\"caption-attachment-31063\" class=\"wp-caption-text\">Sokol Hazizaj<\/p><\/div>\n<p>Avokati, Sokol Hazizaj, duke diskutuar p\u00ebr paket\u00ebn Anti-K\u00c7K dhe efektet e saj thot\u00eb se trafikant\u00ebt nuk i p\u00ebrdorin lek\u00ebt n\u00eb favor t\u00eb biznesit.<\/p>\n<p>\u201cTrafikant\u00ebt p\u00ebrgjith\u00ebsisht lek\u00ebt nuk i p\u00ebrdorin n\u00eb favor t\u00eb bizneseve, jan\u00eb t\u00eb tjer\u00eb ata q\u00eb merren me biznese. Trafikant\u00ebt \u00ebsht\u00eb s\u00ebmundje e tyre, shkojn\u00eb deri n\u00eb fund me trafikimin sa e l\u00ebshojn\u00eb bashk\u00eb me jet\u00ebn e tyre. N\u00eb gjith\u00eb proceset ngat\u00ebrrohet biznesi familjar q\u00eb vjen nga burimet e ndershme me biznesin e pis\u00ebt q\u00eb b\u00ebn nj\u00ebri nga familjar\u00ebt.\u201d, u shpreh Hazizaj.<\/p>\n<p>Gazeta Sot<\/p>\n","protected":false},"excerpt":{"rendered":"<p>\u201cTrafikant\u00ebt nuk i p\u00ebrdorin lek\u00ebt n\u00eb favor t\u00eb bizneseve\u201d, avokati shqiptar nxjerr detajet nga bota e err\u00ebt e krimit: Humbasin edhe jet\u00ebn e tyre! 3 SHKURT 2020 Avokati, Sokol Hazizaj, duke diskutuar p\u00ebr paket\u00ebn Anti-K\u00c7K dhe efektet e saj thot\u00eb se trafikant\u00ebt nuk i p\u00ebrdorin lek\u00ebt n\u00eb favor t\u00eb biznesit. \u201cTrafikant\u00ebt p\u00ebrgjith\u00ebsisht lek\u00ebt nuk i [&hellip;]<\/p>\n","protected":false},"author":9,"featured_media":31063,"comment_status":"open","ping_status":"open","sticky":false,"template":"","format":"standard","meta":{"jetpack_post_was_ever_published":false,"_jetpack_newsletter_access":"","_jetpack_dont_email_post_to_subs":false,"_jetpack_newsletter_tier_id":0,"_jetpack_memberships_contains_paywalled_content":false,"_jetpack_memberships_contains_paid_content":false,"footnotes":"","jetpack_publicize_message":"","jetpack_publicize_feature_enabled":true,"jetpack_social_post_already_shared":true,"jetpack_social_options":{"image_generator_settings":{"template":"highway","default_image_id":0,"font":"","enabled":false},"version":2}},"categories":[27,35],"tags":[],"class_list":["post-31062","post","type-post","status-publish","format-standard","has-post-thumbnail","hentry","category-blogu-i-udhetarit","category-shoqerore"],"jetpack_publicize_connections":[],"jetpack_featured_media_url":"https:\/\/i0.wp.com\/www.shqiperia.com\/blog\/wp-content\/uploads\/2020\/02\/Sokol-Hazizaj.jpg?fit=800%2C443&ssl=1","jetpack_sharing_enabled":true,"jetpack_shortlink":"https:\/\/wp.me\/p5Z6wp-850","jetpack-related-posts":[{"id":80382,"url":"https:\/\/www.shqiperia.com\/blog\/vendosem-pergjues-per-trafikantet-me-ta-u-ul-ministri-gazetari-tregon-cfare-i-tha-oficeri-italian\/","url_meta":{"origin":31062,"position":0},"title":"\u201cVendos\u00ebm p\u00ebrgjues p\u00ebr trafikant\u00ebt, me ta u ul ministri\u201d. &#8211; Gazetari tregon \u00e7far\u00eb i tha oficeri italian","author":"Kurt Farka","date":"April 23, 2024","format":false,"excerpt":"23 Prill 2024 Artan Hoxha ka treguar nj\u00eb takim me nj\u00eb oficer t\u00eb Guardia di Finanza, i cili i ka treguar se gjat\u00eb ndjekjes s\u00eb trafikant\u00ebve dhe p\u00ebrgjimit t\u00eb tyre, jan\u00eb surprizuar kur n\u00eb tavolin\u00eb ka qen\u00eb nj\u00eb minist\u00ebr dhe nj\u00eb politikan. I ftuar n\u00eb emisionin \u201cT\u00eb Paekspozuarit\u201d n\u00eb MCN\u2026","rel":"","context":"In &quot;Blogu i Udh\u00ebtarit&quot;","block_context":{"text":"Blogu i Udh\u00ebtarit","link":"https:\/\/www.shqiperia.com\/blog\/category\/blogu-i-udhetarit\/"},"img":{"alt_text":"","src":"https:\/\/i0.wp.com\/www.shqiperia.com\/blog\/wp-content\/uploads\/2024\/04\/DJI_0486-1170x674-1.jpg?fit=1170%2C674&ssl=1&resize=350%2C200","width":350,"height":200,"srcset":"https:\/\/i0.wp.com\/www.shqiperia.com\/blog\/wp-content\/uploads\/2024\/04\/DJI_0486-1170x674-1.jpg?fit=1170%2C674&ssl=1&resize=350%2C200 1x, https:\/\/i0.wp.com\/www.shqiperia.com\/blog\/wp-content\/uploads\/2024\/04\/DJI_0486-1170x674-1.jpg?fit=1170%2C674&ssl=1&resize=525%2C300 1.5x, https:\/\/i0.wp.com\/www.shqiperia.com\/blog\/wp-content\/uploads\/2024\/04\/DJI_0486-1170x674-1.jpg?fit=1170%2C674&ssl=1&resize=700%2C400 2x, https:\/\/i0.wp.com\/www.shqiperia.com\/blog\/wp-content\/uploads\/2024\/04\/DJI_0486-1170x674-1.jpg?fit=1170%2C674&ssl=1&resize=1050%2C600 3x"},"classes":[]},{"id":56113,"url":"https:\/\/www.shqiperia.com\/blog\/aktualisht-ai-eshte-ne-avokati-tregon-ku-po-e-pret-arrestimin-alqi-bllako-ja-cfare-tregon-relacioni-per-akuzat-ndaj-tij\/","url_meta":{"origin":31062,"position":1},"title":"\u201cAktualisht ai \u00ebsht\u00eb n\u00eb\u2026\u201d- Avokati tregon ku po e pret arrestimin Alqi Bllako: Ja \u00e7far\u00eb tregon relacioni p\u00ebr akuzat ndaj tij","author":"Kurt Farka","date":"March 31, 2022","format":false,"excerpt":"\u201cAktualisht ai \u00ebsht\u00eb n\u00eb\u2026\u201d- Avokati tregon ku po e pret arrestimin Alqi Bllako: Ja \u00e7far\u00eb tregon relacioni p\u00ebr akuzat ndaj tij 30 Mars 2022 Avokati i Alqi Bllakos, Sokol Hazizaj, ka sqaruar se me dor\u00ebheqjen nga mandati Bllako ka hequr dor\u00eb edhe nga imuniteti. \u00a0\u201cP\u00ebr ta sqaruar situat\u00ebn. I mbrojturi\u2026","rel":"","context":"In &quot;Blogu i Udh\u00ebtarit&quot;","block_context":{"text":"Blogu i Udh\u00ebtarit","link":"https:\/\/www.shqiperia.com\/blog\/category\/blogu-i-udhetarit\/"},"img":{"alt_text":"","src":"https:\/\/i0.wp.com\/www.shqiperia.com\/blog\/wp-content\/uploads\/2022\/03\/Alqi-Bllako.png?fit=590%2C354&ssl=1&resize=350%2C200","width":350,"height":200,"srcset":"https:\/\/i0.wp.com\/www.shqiperia.com\/blog\/wp-content\/uploads\/2022\/03\/Alqi-Bllako.png?fit=590%2C354&ssl=1&resize=350%2C200 1x, https:\/\/i0.wp.com\/www.shqiperia.com\/blog\/wp-content\/uploads\/2022\/03\/Alqi-Bllako.png?fit=590%2C354&ssl=1&resize=525%2C300 1.5x"},"classes":[]},{"id":81565,"url":"https:\/\/www.shqiperia.com\/blog\/personazhe-nga-dibra-durresi-elbasani-ahmetaj-nuk-kursen-asgje-te-rai3-rama-priste-trafikantet-ne-zyre-pastrojne-parate-e-droges-nga-vijne-gjithe-keto-para\/","url_meta":{"origin":31062,"position":2},"title":"&#8220;Personazhe nga Dibra, Durr\u00ebsi, Elbasani&#8221;\/ Ahmetaj &#8220;nuk kursen asgj\u00eb&#8221; te RAI3: &#8211; Rama priste trafikant\u00ebt n\u00eb zyr\u00eb! &#8211; Pastrojn\u00eb parat\u00eb e drog\u00ebs, nga vijn\u00eb gjith\u00eb k\u00ebto para?!","author":"Kurt Farka","date":"June 3, 2024","format":false,"excerpt":"3 Qershor 2024 Mbr\u00ebmjen e sotme \u00ebsht\u00eb transmetuar pjesa e dyt\u00eb e emisionit \"Report\" t\u00eb Rai 3, me nd\u00ebrthurrje t\u00eb intervist\u00ebs s\u00eb kryeministrit Edi Rama, i cili insistoi t\u00eb sqaroj\u00eb p\u00ebr publikun akuzat e emisionit italian, por duket s\u00eb \u00ebsht\u00eb zhytur m\u00eb thell\u00eb duke u detyruar t\u00eb marr\u00eb n\u00eb mbrojtje\u2026","rel":"","context":"In &quot;Kultura&quot;","block_context":{"text":"Kultura","link":"https:\/\/www.shqiperia.com\/blog\/category\/kultura\/"},"img":{"alt_text":"","src":"https:\/\/i0.wp.com\/www.shqiperia.com\/blog\/wp-content\/uploads\/2024\/06\/640-0-1354be1d5c82b4b0a7a83c912775243d.jpg?fit=640%2C360&ssl=1&resize=350%2C200","width":350,"height":200,"srcset":"https:\/\/i0.wp.com\/www.shqiperia.com\/blog\/wp-content\/uploads\/2024\/06\/640-0-1354be1d5c82b4b0a7a83c912775243d.jpg?fit=640%2C360&ssl=1&resize=350%2C200 1x, https:\/\/i0.wp.com\/www.shqiperia.com\/blog\/wp-content\/uploads\/2024\/06\/640-0-1354be1d5c82b4b0a7a83c912775243d.jpg?fit=640%2C360&ssl=1&resize=525%2C300 1.5x"},"classes":[]},{"id":48629,"url":"https:\/\/www.shqiperia.com\/blog\/garancia-qe-kane-marre-trafikantet-shqiptare-ndodhi-per-shkak-te-zgjedhjeve-flet-artan-hoxha\/","url_meta":{"origin":31062,"position":3},"title":"Garancia q\u00eb kan\u00eb marr\u00eb trafikant\u00ebt shqiptar\u00eb: &#8211; Ndodhi p\u00ebr shkak t\u00eb zgjedhjeve. &#8211; Flet Artan Hoxha.","author":"Kurt Farka","date":"July 20, 2021","format":false,"excerpt":"Garancia q\u00eb kan\u00eb marr\u00eb trafikant\u00ebt shqiptar\u00eb: - Ndodhi p\u00ebr shkak t\u00eb zgjedhjeve. - Flet Artan Hoxha. 20 KORRIK 2021 Gazetari i njohur, Artan Hoxha ka b\u00ebr\u00eb me dije se k\u00ebt\u00eb vit trafikant\u00ebt dhe kultivuesit e kanabisit kan\u00eb marr\u00eb garanci q\u00eb produktin e tyre do e marrin n\u00ebse do t\u00eb kultivojn\u00eb\u2026","rel":"","context":"In &quot;Blogu i Udh\u00ebtarit&quot;","block_context":{"text":"Blogu i Udh\u00ebtarit","link":"https:\/\/www.shqiperia.com\/blog\/category\/blogu-i-udhetarit\/"},"img":{"alt_text":"","src":"https:\/\/i0.wp.com\/www.shqiperia.com\/blog\/wp-content\/uploads\/2021\/07\/maxresdefault.jpg?fit=1200%2C675&ssl=1&resize=350%2C200","width":350,"height":200,"srcset":"https:\/\/i0.wp.com\/www.shqiperia.com\/blog\/wp-content\/uploads\/2021\/07\/maxresdefault.jpg?fit=1200%2C675&ssl=1&resize=350%2C200 1x, https:\/\/i0.wp.com\/www.shqiperia.com\/blog\/wp-content\/uploads\/2021\/07\/maxresdefault.jpg?fit=1200%2C675&ssl=1&resize=525%2C300 1.5x, https:\/\/i0.wp.com\/www.shqiperia.com\/blog\/wp-content\/uploads\/2021\/07\/maxresdefault.jpg?fit=1200%2C675&ssl=1&resize=700%2C400 2x, https:\/\/i0.wp.com\/www.shqiperia.com\/blog\/wp-content\/uploads\/2021\/07\/maxresdefault.jpg?fit=1200%2C675&ssl=1&resize=1050%2C600 3x"},"classes":[]},{"id":82136,"url":"https:\/\/www.shqiperia.com\/blog\/dash-per-qeverise-shqiptare-ne-raportin-vjetor-mbi-trafikun-e-qenieve-njerezore-u-hetuan-me-pak-krime-nuk-u-permbushen-standardet-minimale-ne-disa-fusha\/","url_meta":{"origin":31062,"position":4},"title":"DASH p\u00ebr Qeveris\u00eb Shqiptare n\u00eb raportin vjetor mbi trafikun e qenieve njer\u00ebzore: &#8211; U hetuan m\u00eb pak krime, nuk u p\u00ebrmbush\u00ebn standardet minimale n\u00eb disa fusha","author":"Kurt Farka","date":"June 25, 2024","format":false,"excerpt":"25 Qershor 2024 Departamenti Amerikan i Shtetit publikoi raportin vjetor mbi trafikun e qenieve njer\u00ebzore n\u00eb mbar\u00eb bot\u00ebn. Gjat\u00eb publikimit t\u00eb tij, Sekretari i Shtetit, Anthony Blinken tha se dokumenti ofron vler\u00ebsimin m\u00eb gjith\u00ebp\u00ebrfshir\u00ebs rreth fenomenit si dhe p\u00ebrpjekjeve t\u00eb qeverive p\u00ebr ta luftuar at\u00eb. Ai shtoi se duke matur\u2026","rel":"","context":"In &quot;Blogu i Udh\u00ebtarit&quot;","block_context":{"text":"Blogu i Udh\u00ebtarit","link":"https:\/\/www.shqiperia.com\/blog\/category\/blogu-i-udhetarit\/"},"img":{"alt_text":"","src":"https:\/\/i0.wp.com\/www.shqiperia.com\/blog\/wp-content\/uploads\/2024\/06\/800-0-667a5d8e5db87.jpg?fit=800%2C450&ssl=1&resize=350%2C200","width":350,"height":200,"srcset":"https:\/\/i0.wp.com\/www.shqiperia.com\/blog\/wp-content\/uploads\/2024\/06\/800-0-667a5d8e5db87.jpg?fit=800%2C450&ssl=1&resize=350%2C200 1x, https:\/\/i0.wp.com\/www.shqiperia.com\/blog\/wp-content\/uploads\/2024\/06\/800-0-667a5d8e5db87.jpg?fit=800%2C450&ssl=1&resize=525%2C300 1.5x, https:\/\/i0.wp.com\/www.shqiperia.com\/blog\/wp-content\/uploads\/2024\/06\/800-0-667a5d8e5db87.jpg?fit=800%2C450&ssl=1&resize=700%2C400 2x"},"classes":[]},{"id":87878,"url":"https:\/\/www.shqiperia.com\/blog\/drejtori-i-policise-belgjike-antwerp-me-shume-sy-e-veshe-ne-shqiperi-parate-pastrohen-ne-ndertim-e-hoteleri\/","url_meta":{"origin":31062,"position":5},"title":"Drejtori i Policis\u00eb Belgjike Antwerp: &#8211; M\u00eb shum\u00eb sy e vesh\u00eb n\u00eb Shqip\u00ebri, parat\u00eb pastrohen n\u00eb nd\u00ebrtim e hoteleri","author":"Kurt Farka","date":"December 29, 2024","format":false,"excerpt":"29 Dhjetor 2024 Drejtori i policis\u00eb gjyq\u00ebsore federale t\u00eb Antwerpit ne Belgjike, Yve Driesen, n\u00eb nj\u00eb intervist\u00eb p\u00ebr De Standaard, thot\u00eb se nuk \u00ebsht\u00eb vet\u00ebm, Dubai, por edhe Shqip\u00ebria nj\u00eb nga vendet ku q\u00ebndrojn\u00eb bos\u00ebt q\u00eb komandojn\u00eb trafikun e drog\u00ebs n\u00eb Europ\u00eb. Zyrtari shpjegon se parat\u00eb po pastrohen n\u00eb nd\u00ebrtim\u2026","rel":"","context":"In &quot;Blogu i Udh\u00ebtarit&quot;","block_context":{"text":"Blogu i Udh\u00ebtarit","link":"https:\/\/www.shqiperia.com\/blog\/category\/blogu-i-udhetarit\/"},"img":{"alt_text":"","src":"https:\/\/i0.wp.com\/www.shqiperia.com\/blog\/wp-content\/uploads\/2024\/12\/auto_yve-driesen-hoofd-van-de-federale-gerechtelijke-politie-fgp-in-antwerpen1735474273.jpg?fit=900%2C675&ssl=1&resize=350%2C200","width":350,"height":200,"srcset":"https:\/\/i0.wp.com\/www.shqiperia.com\/blog\/wp-content\/uploads\/2024\/12\/auto_yve-driesen-hoofd-van-de-federale-gerechtelijke-politie-fgp-in-antwerpen1735474273.jpg?fit=900%2C675&ssl=1&resize=350%2C200 1x, https:\/\/i0.wp.com\/www.shqiperia.com\/blog\/wp-content\/uploads\/2024\/12\/auto_yve-driesen-hoofd-van-de-federale-gerechtelijke-politie-fgp-in-antwerpen1735474273.jpg?fit=900%2C675&ssl=1&resize=525%2C300 1.5x, https:\/\/i0.wp.com\/www.shqiperia.com\/blog\/wp-content\/uploads\/2024\/12\/auto_yve-driesen-hoofd-van-de-federale-gerechtelijke-politie-fgp-in-antwerpen1735474273.jpg?fit=900%2C675&ssl=1&resize=700%2C400 2x"},"classes":[]}],"_links":{"self":[{"href":"https:\/\/www.shqiperia.com\/blog\/wp-json\/wp\/v2\/posts\/31062","targetHints":{"allow":["GET"]}}],"collection":[{"href":"https:\/\/www.shqiperia.com\/blog\/wp-json\/wp\/v2\/posts"}],"about":[{"href":"https:\/\/www.shqiperia.com\/blog\/wp-json\/wp\/v2\/types\/post"}],"author":[{"embeddable":true,"href":"https:\/\/www.shqiperia.com\/blog\/wp-json\/wp\/v2\/users\/9"}],"replies":[{"embeddable":true,"href":"https:\/\/www.shqiperia.com\/blog\/wp-json\/wp\/v2\/comments?post=31062"}],"version-history":[{"count":1,"href":"https:\/\/www.shqiperia.com\/blog\/wp-json\/wp\/v2\/posts\/31062\/revisions"}],"predecessor-version":[{"id":31064,"href":"https:\/\/www.shqiperia.com\/blog\/wp-json\/wp\/v2\/posts\/31062\/revisions\/31064"}],"wp:featuredmedia":[{"embeddable":true,"href":"https:\/\/www.shqiperia.com\/blog\/wp-json\/wp\/v2\/media\/31063"}],"wp:attachment":[{"href":"https:\/\/www.shqiperia.com\/blog\/wp-json\/wp\/v2\/media?parent=31062"}],"wp:term":[{"taxonomy":"category","embeddable":true,"href":"https:\/\/www.shqiperia.com\/blog\/wp-json\/wp\/v2\/categories?post=31062"},{"taxonomy":"post_tag","embeddable":true,"href":"https:\/\/www.shqiperia.com\/blog\/wp-json\/wp\/v2\/tags?post=31062"}],"curies":[{"name":"wp","href":"https:\/\/api.w.org\/{rel}","templated":true}]}}