{"id":31057,"date":"2020-02-04T01:11:19","date_gmt":"2020-02-04T01:11:19","guid":{"rendered":"https:\/\/www.shqiperia.com\/blog\/?p=31057"},"modified":"2020-02-04T01:11:41","modified_gmt":"2020-02-04T01:11:41","slug":"anti-kck-mund-te-kete-sukses-vetem-nese-i-dhemb-mazhorances","status":"publish","type":"post","link":"https:\/\/www.shqiperia.com\/blog\/anti-kck-mund-te-kete-sukses-vetem-nese-i-dhemb-mazhorances\/","title":{"rendered":"Anti-K\u00c7K mund t\u00eb ket\u00eb sukses vet\u00ebm n\u00ebse i dhemb mazhoranc\u00ebs."},"content":{"rendered":"<p><img data-recalc-dims=\"1\" loading=\"lazy\" decoding=\"async\" data-attachment-id=\"31058\" data-permalink=\"https:\/\/www.shqiperia.com\/blog\/anti-kck-mund-te-kete-sukses-vetem-nese-i-dhemb-mazhorances\/edi-rama-dhe-kck-1\/\" data-orig-file=\"https:\/\/i0.wp.com\/www.shqiperia.com\/blog\/wp-content\/uploads\/2020\/02\/Edi-Rama-dhe-KCK-1.png?fit=512%2C270&amp;ssl=1\" data-orig-size=\"512,270\" data-comments-opened=\"1\" data-image-meta=\"{&quot;aperture&quot;:&quot;0&quot;,&quot;credit&quot;:&quot;&quot;,&quot;camera&quot;:&quot;&quot;,&quot;caption&quot;:&quot;&quot;,&quot;created_timestamp&quot;:&quot;0&quot;,&quot;copyright&quot;:&quot;&quot;,&quot;focal_length&quot;:&quot;0&quot;,&quot;iso&quot;:&quot;0&quot;,&quot;shutter_speed&quot;:&quot;0&quot;,&quot;title&quot;:&quot;&quot;,&quot;orientation&quot;:&quot;0&quot;}\" data-image-title=\"Edi-Rama-dhe-KCK-1\" data-image-description=\"\" data-image-caption=\"\" data-medium-file=\"https:\/\/i0.wp.com\/www.shqiperia.com\/blog\/wp-content\/uploads\/2020\/02\/Edi-Rama-dhe-KCK-1.png?fit=300%2C158&amp;ssl=1\" data-large-file=\"https:\/\/i0.wp.com\/www.shqiperia.com\/blog\/wp-content\/uploads\/2020\/02\/Edi-Rama-dhe-KCK-1.png?fit=512%2C270&amp;ssl=1\" class=\"alignnone wp-image-31058\" alt=\"\" src=\"https:\/\/i0.wp.com\/www.shqiperia.com\/blog\/wp-content\/uploads\/2020\/02\/Edi-Rama-dhe-KCK-1.png?resize=573%2C302&#038;ssl=1\" width=\"573\" height=\"302\" srcset=\"https:\/\/i0.wp.com\/www.shqiperia.com\/blog\/wp-content\/uploads\/2020\/02\/Edi-Rama-dhe-KCK-1.png?resize=300%2C158&amp;ssl=1 300w, https:\/\/i0.wp.com\/www.shqiperia.com\/blog\/wp-content\/uploads\/2020\/02\/Edi-Rama-dhe-KCK-1.png?resize=450%2C237&amp;ssl=1 450w, https:\/\/i0.wp.com\/www.shqiperia.com\/blog\/wp-content\/uploads\/2020\/02\/Edi-Rama-dhe-KCK-1.png?resize=400%2C211&amp;ssl=1 400w, https:\/\/i0.wp.com\/www.shqiperia.com\/blog\/wp-content\/uploads\/2020\/02\/Edi-Rama-dhe-KCK-1.png?w=512&amp;ssl=1 512w\" sizes=\"auto, (max-width: 573px) 100vw, 573px\" \/><\/p>\n<p><strong>Anti-K\u00c7K mund t\u00eb ket\u00eb sukses vet\u00ebm n\u00ebse i dhemb mazhoranc\u00ebs.<\/strong><\/p>\n<p>03\/02\/20<\/p>\n<p>Gazeta: <a href=\"https:\/\/gazetamapo.al\/anti-kck-mund-te-kete-sukses-vetem-nese-i-dhemb-mazhorances\/\"><strong>Mapo.al<\/strong><\/a><\/p>\n<p>\u00c7do nis\u00ebm kund\u00ebr krimit, bandave, t\u00eb fort\u00ebve dhe sidomos ndaj aseteve t\u00eb tyre me burim t\u00eb paligjsh\u00ebm, duhet t\u00eb jet\u00eb e mir\u00ebpritur. N\u00eb \u00e7do vend normal, nj\u00eb projekt i till\u00eb duhej t\u00eb g\u00ebzonte konsensus t\u00eb gj\u00ebr\u00eb n\u00eb publik. Arsyeja pse tek ne ngjall debat dhe kund\u00ebrshti t\u00eb forta, \u00ebsht\u00eb e thjesht\u00eb. Sepse, si shum\u00eb t\u00eb tjera, ky aksion ka kryesisht motive propagandistike, dhe jo t\u00eb luftoj\u00eb v\u00ebrtet\u00eb krimin.<\/p>\n<p>Dihet tashm\u00eb nga i madh e i vog\u00ebl n\u00eb vend se, lidhjet politike t\u00eb krimit jan\u00eb me maxhoranc\u00ebn, kjo edhe p\u00ebr arsyet pragmatike t\u00eb vet\u00eb t\u00eb fort\u00ebve, po edhe n\u00eb \u00e7do hetim, p\u00ebrgjim q\u00eb del p\u00ebr trafikant\u00ebt e m\u00ebdhenj, gjat\u00eb aktivitetit t\u00eb tyre zbulohet se sb\u00ebn nj\u00eb cop\u00ebz q\u00eb ka t\u00eb b\u00ebj\u00eb me nd\u00ebrhyrje, blerje, apo shantazh elektoral, n\u00eb em\u00ebr t\u00eb rilindjes.<\/p>\n<p>I njohin mir\u00eb, kudo, secilin, \u00e7far\u00eb b\u00ebn dhe p\u00ebr k\u00eb punon, kush e mban, kush i b\u00ebn favore, e kush u jep tendera.<\/p>\n<p>P\u00ebrtej k\u00ebsaj, ekspert\u00ebt kan\u00eb evidentuar edhe premisa shqet\u00ebsuese, se kjo paket\u00eb instalon \u201cde facto\u201d nj\u00eb shtet represiv militar, ku kryepolici merr shum\u00eb t\u00eb drejta, mbi t\u00eb drejtat e njeriut, dhe p\u00ebr m\u00eb tep\u00ebr, na b\u00ebhet pasqyra e madhe e nd\u00ebrgjegjes n\u00eb vend, pik\u00ebrisht n\u00eb koh\u00ebn kur fort mir\u00eb dihet se polici, shefi, apo kryepolici, m\u00eb e pakta i kan\u00eb lejuar bandat t\u00eb rriten e t\u00eb forcohen.<\/p>\n<p>PD mund t\u00eb kishte shmangur zjarrin q\u00eb l\u00ebshoi sot Edi Rama dhe mediat e tij, ndaj saj, qoft\u00eb edhe vet\u00ebm me nj\u00eb fjali. Duke p\u00ebrsh\u00ebndetur e mb\u00ebshtetur \u00e7do mas\u00eb ndaj krimit. M\u00eb pas, mund t\u00eb kishte l\u00ebshuar gjith\u00eb akuzat q\u00eb ajo ka, p\u00ebr faktet q\u00eb di. Po mesa duket, opozita e konsideron q\u00eb n\u00eb krye, se ajo q\u00eb e quan qeveri t\u00eb krimit, m\u00eb t\u00eb madhen KQK, nuk mund t\u00eb luftoj\u00eb KQK.<\/p>\n<p>N\u00eb k\u00ebto kushte kur ky debat ka shkuar shum\u00eb larg, dhe kur Edi Rama vet\u00eb i ka rritur pritshm\u00ebrit\u00eb n\u00eb publik p\u00ebr k\u00ebt\u00eb nism\u00ebn e fundit, ai ka vet\u00ebm nj\u00eb rrug\u00eb q\u00eb t\u00eb dal\u00eb pa u b\u00ebr\u00eb qesharak n\u00eb k\u00ebt\u00eb histori. N\u00ebse nd\u00ebrmerr masa e aksione q\u00eb i dhembin atij vet\u00eb, mazhoranc\u00ebs, t\u00eb tijve.<\/p>\n<p>N\u00ebse e ka seriozisht, dhe nuk \u00ebsht\u00eb strategjia e radh\u00ebs p\u00ebr PR, ai sht\u00eb i denuar t\u00eb godas\u00eb pik\u00ebrisht t\u00eb fort\u00ebt q\u00eb n\u00eb \u00e7do qytet, kan\u00eb q\u00ebn\u00eb shtabi i tij elektoral, dhe kan\u00eb marr\u00eb favore pa fund, kan\u00eb kontrolluar zyrat publike, kan\u00eb pla\u00e7kitur prona, troje dhe \u00e7\u2019u ka dal\u00eb p\u00ebrpara.<\/p>\n<p>Duhet pranuar se PD, ka prej vitesh nj\u00eb distanc\u00eb t\u00eb prekshme me k\u00ebta tipa. Emrat e tyre kan\u00eb fluturuar nga foltorja e k\u00ebsaj force politike \u00e7do dit\u00eb. Pra PD \u00ebsht\u00eb n\u00eb shemri, n\u00eb armiq\u00ebsi me ta, dhe \u00ebsht\u00eb pak e guximshme p\u00ebr kryeministrin t\u00eb dal\u00eb t\u00eb thot\u00eb sot se opozita u ushqeka dhe ushqen krimin.<\/p>\n<div id=\"attachment_31059\" style=\"width: 658px\" class=\"wp-caption alignnone\"><img data-recalc-dims=\"1\" loading=\"lazy\" decoding=\"async\" aria-describedby=\"caption-attachment-31059\" data-attachment-id=\"31059\" data-permalink=\"https:\/\/www.shqiperia.com\/blog\/anti-kck-mund-te-kete-sukses-vetem-nese-i-dhemb-mazhorances\/edi-rama-dhe-kck\/\" data-orig-file=\"https:\/\/i0.wp.com\/www.shqiperia.com\/blog\/wp-content\/uploads\/2020\/02\/Edi-Rama-dhe-KCK.png?fit=512%2C483&amp;ssl=1\" data-orig-size=\"512,483\" data-comments-opened=\"1\" data-image-meta=\"{&quot;aperture&quot;:&quot;0&quot;,&quot;credit&quot;:&quot;&quot;,&quot;camera&quot;:&quot;&quot;,&quot;caption&quot;:&quot;&quot;,&quot;created_timestamp&quot;:&quot;0&quot;,&quot;copyright&quot;:&quot;&quot;,&quot;focal_length&quot;:&quot;0&quot;,&quot;iso&quot;:&quot;0&quot;,&quot;shutter_speed&quot;:&quot;0&quot;,&quot;title&quot;:&quot;&quot;,&quot;orientation&quot;:&quot;0&quot;}\" data-image-title=\"Edi-Rama-dhe-KCK\" data-image-description=\"\" data-image-caption=\"&lt;p&gt;Edi-Rama-dhe-KCK&lt;\/p&gt;\n\" data-medium-file=\"https:\/\/i0.wp.com\/www.shqiperia.com\/blog\/wp-content\/uploads\/2020\/02\/Edi-Rama-dhe-KCK.png?fit=300%2C283&amp;ssl=1\" data-large-file=\"https:\/\/i0.wp.com\/www.shqiperia.com\/blog\/wp-content\/uploads\/2020\/02\/Edi-Rama-dhe-KCK.png?fit=512%2C483&amp;ssl=1\" class=\" wp-image-31059\" alt=\"\" src=\"https:\/\/i0.wp.com\/www.shqiperia.com\/blog\/wp-content\/uploads\/2020\/02\/Edi-Rama-dhe-KCK.png?resize=648%2C611&#038;ssl=1\" width=\"648\" height=\"611\" srcset=\"https:\/\/i0.wp.com\/www.shqiperia.com\/blog\/wp-content\/uploads\/2020\/02\/Edi-Rama-dhe-KCK.png?resize=300%2C283&amp;ssl=1 300w, https:\/\/i0.wp.com\/www.shqiperia.com\/blog\/wp-content\/uploads\/2020\/02\/Edi-Rama-dhe-KCK.png?resize=450%2C425&amp;ssl=1 450w, https:\/\/i0.wp.com\/www.shqiperia.com\/blog\/wp-content\/uploads\/2020\/02\/Edi-Rama-dhe-KCK.png?resize=400%2C377&amp;ssl=1 400w, https:\/\/i0.wp.com\/www.shqiperia.com\/blog\/wp-content\/uploads\/2020\/02\/Edi-Rama-dhe-KCK.png?w=512&amp;ssl=1 512w\" sizes=\"auto, (max-width: 648px) 100vw, 648px\" \/><p id=\"caption-attachment-31059\" class=\"wp-caption-text\">Edi-Rama-dhe-KCK<\/p><\/div>\n<p>Sikur kjo nis\u00ebm t\u00eb jet\u00eb e v\u00ebrtet\u00eb dhe gjenuine, ai nuk ka shum\u00eb mund\u00ebsi e terren t\u00eb frik\u00ebsoj\u00eb demokrat\u00ebt. Por bash njer\u00ebzit e tij m\u00eb t\u00eb af\u00ebrt. Ata duhet t\u00eb fillojn\u00eb t\u00eb djersijn\u00eb. Ashtu sikurse, n\u00ebse rezulton e gjitha propagand\u00eb, dhe aksion selektiv, do tia hedhin edhe k\u00ebsaj radhe, duke shtyr\u00eb edhe ndoca muaj me ushqimin e ri t\u00eb PR-it.<\/p>\n","protected":false},"excerpt":{"rendered":"<p>Anti-K\u00c7K mund t\u00eb ket\u00eb sukses vet\u00ebm n\u00ebse i dhemb mazhoranc\u00ebs. 03\/02\/20 Gazeta: Mapo.al \u00c7do nis\u00ebm kund\u00ebr krimit, bandave, t\u00eb fort\u00ebve dhe sidomos ndaj aseteve t\u00eb tyre me burim t\u00eb paligjsh\u00ebm, duhet t\u00eb jet\u00eb e mir\u00ebpritur. N\u00eb \u00e7do vend normal, nj\u00eb projekt i till\u00eb duhej t\u00eb g\u00ebzonte konsensus t\u00eb gj\u00ebr\u00eb n\u00eb publik. Arsyeja pse tek ne [&hellip;]<\/p>\n","protected":false},"author":9,"featured_media":31058,"comment_status":"open","ping_status":"open","sticky":false,"template":"","format":"standard","meta":{"jetpack_post_was_ever_published":false,"_jetpack_newsletter_access":"","_jetpack_dont_email_post_to_subs":false,"_jetpack_newsletter_tier_id":0,"_jetpack_memberships_contains_paywalled_content":false,"_jetpack_memberships_contains_paid_content":false,"footnotes":"","jetpack_publicize_message":"","jetpack_publicize_feature_enabled":true,"jetpack_social_post_already_shared":true,"jetpack_social_options":{"image_generator_settings":{"template":"highway","default_image_id":0,"font":"","enabled":false},"version":2}},"categories":[27,2],"tags":[],"class_list":["post-31057","post","type-post","status-publish","format-standard","has-post-thumbnail","hentry","category-blogu-i-udhetarit","category-politika"],"jetpack_publicize_connections":[],"jetpack_featured_media_url":"https:\/\/i0.wp.com\/www.shqiperia.com\/blog\/wp-content\/uploads\/2020\/02\/Edi-Rama-dhe-KCK-1.png?fit=512%2C270&ssl=1","jetpack_sharing_enabled":true,"jetpack_shortlink":"https:\/\/wp.me\/p5Z6wp-84V","jetpack-related-posts":[{"id":28625,"url":"https:\/\/www.shqiperia.com\/blog\/zbardhet-drafti-anti-kck-autorizohen-veprime-pa-vendim-gjykate\/","url_meta":{"origin":31057,"position":0},"title":"Zbardhet drafti anti-K\u00c7K: &#8211; Autorizohen veprime pa vendim Gjykate. &#8211;","author":"Kurt Farka","date":"November 25, 2019","format":false,"excerpt":"Zbardhet drafti anti-K\u00c7K: - Autorizohen veprime pa vendim Gjykate 25, nentor 2019 Ligji special p\u00ebr K\u00c7K, krijon nj\u00eb nj\u00ebsi t\u00eb re hetimi n\u00eb Policin\u00eb e Shtetit, e cila varet nga drejtori i P\u00ebrgjithsh\u00ebm, Ardi Veliu, dhe ka dy n\u00ebndrejtori: Drejtoria e Antiterrorit dhe Drejtoria e Krimit t\u00eb Organizuar. K\u00ebto dy\u2026","rel":"","context":"In &quot;Blogu i Udh\u00ebtarit&quot;","block_context":{"text":"Blogu i Udh\u00ebtarit","link":"https:\/\/www.shqiperia.com\/blog\/category\/blogu-i-udhetarit\/"},"img":{"alt_text":"","src":"https:\/\/i0.wp.com\/www.shqiperia.com\/blog\/wp-content\/uploads\/2019\/11\/1574675689_rama-905x450.jpg?fit=905%2C450&ssl=1&resize=350%2C200","width":350,"height":200,"srcset":"https:\/\/i0.wp.com\/www.shqiperia.com\/blog\/wp-content\/uploads\/2019\/11\/1574675689_rama-905x450.jpg?fit=905%2C450&ssl=1&resize=350%2C200 1x, https:\/\/i0.wp.com\/www.shqiperia.com\/blog\/wp-content\/uploads\/2019\/11\/1574675689_rama-905x450.jpg?fit=905%2C450&ssl=1&resize=525%2C300 1.5x, https:\/\/i0.wp.com\/www.shqiperia.com\/blog\/wp-content\/uploads\/2019\/11\/1574675689_rama-905x450.jpg?fit=905%2C450&ssl=1&resize=700%2C400 2x"},"classes":[]},{"id":31317,"url":"https:\/\/www.shqiperia.com\/blog\/te-besosh-se-rama-do-luftoje-krimin-si-te-besosh-rrethin-ne-katror-barisha-paketa-anti-kck-akti-final-i-shkaterrimit-te-shtetit\/","url_meta":{"origin":31057,"position":1},"title":"\u201cT\u00eb besosh se Rama do luftoj\u00eb krimin, si t\u00eb besosh rrethin n\u00eb katror\u201d- Barisha: Paketa Anti-K\u00c7K, akti final i shkat\u00ebrrimit t\u00eb shtetit.","author":"Kurt Farka","date":"February 9, 2020","format":false,"excerpt":"\u201cT\u00eb besosh se Rama do luftoj\u00eb krimin, si t\u00eb besosh rrethin n\u00eb katror\u201d- Barisha: Paketa Anti-K\u00c7K, akti final i shkat\u00ebrrimit t\u00eb shtetit. 8 shkurt 2020 Ish-kryeministri Sali Berisha, nd\u00ebrsa komentoi paket\u00ebn Anti-K\u00c7K, e konsideroi at\u00eb \u201caktin final t\u00eb shkat\u00ebrrimit t\u00eb shtetit\u201d. N\u00eb nj\u00eb intervist\u00eb n\u00eb \u201cKjo Jav\u00eb\u201d, Berisha theksoi se\u2026","rel":"","context":"In &quot;Blogu i Udh\u00ebtarit&quot;","block_context":{"text":"Blogu i Udh\u00ebtarit","link":"https:\/\/www.shqiperia.com\/blog\/category\/blogu-i-udhetarit\/"},"img":{"alt_text":"","src":"https:\/\/i0.wp.com\/www.shqiperia.com\/blog\/wp-content\/uploads\/2020\/02\/Sali-Berisha.png?fit=750%2C450&ssl=1&resize=350%2C200","width":350,"height":200,"srcset":"https:\/\/i0.wp.com\/www.shqiperia.com\/blog\/wp-content\/uploads\/2020\/02\/Sali-Berisha.png?fit=750%2C450&ssl=1&resize=350%2C200 1x, https:\/\/i0.wp.com\/www.shqiperia.com\/blog\/wp-content\/uploads\/2020\/02\/Sali-Berisha.png?fit=750%2C450&ssl=1&resize=525%2C300 1.5x, https:\/\/i0.wp.com\/www.shqiperia.com\/blog\/wp-content\/uploads\/2020\/02\/Sali-Berisha.png?fit=750%2C450&ssl=1&resize=700%2C400 2x"},"classes":[]},{"id":31827,"url":"https:\/\/www.shqiperia.com\/blog\/anti-kck-per-parate-informale-nje-film-me-skenar-te-dobet-dhe-fund-te-parashikueshem\/","url_meta":{"origin":31057,"position":2},"title":"Anti-K\u00c7K p\u00ebr\u00a0parat\u00eb informale, nj\u00eb film me skenar t\u00eb dob\u00ebt dhe fund t\u00eb parashikuesh\u00ebm","author":"Kurt Farka","date":"February 27, 2020","format":false,"excerpt":"Anti-K\u00c7K p\u00ebr\u00a0parat\u00eb informale, nj\u00eb film me skenar t\u00eb dob\u00ebt dhe fund t\u00eb parashikuesh\u00ebm Nga\u00a0 Gazeta Telegraf 23 Shkurt, 2020 N\u00eb k\u00ebt\u00eb mjedis po zhvillohet sot, aksioni i pag\u00ebzuar me emrin e \u201cartit\u201d Anti K\u00c7K (kap \u00e7far\u00eb t\u00eb kap\u00ebsh). Ashtu si n\u00eb nj\u00eb film, ku q\u00ebllimi kryesor \u00ebsht\u00eb t\u00ebrheqja e v\u00ebmendjes\u2026","rel":"","context":"In &quot;Blogu i Udh\u00ebtarit&quot;","block_context":{"text":"Blogu i Udh\u00ebtarit","link":"https:\/\/www.shqiperia.com\/blog\/category\/blogu-i-udhetarit\/"},"img":{"alt_text":"","src":"https:\/\/i0.wp.com\/www.shqiperia.com\/blog\/wp-content\/uploads\/2020\/02\/karikatur.jpg?fit=1200%2C744&ssl=1&resize=350%2C200","width":350,"height":200,"srcset":"https:\/\/i0.wp.com\/www.shqiperia.com\/blog\/wp-content\/uploads\/2020\/02\/karikatur.jpg?fit=1200%2C744&ssl=1&resize=350%2C200 1x, https:\/\/i0.wp.com\/www.shqiperia.com\/blog\/wp-content\/uploads\/2020\/02\/karikatur.jpg?fit=1200%2C744&ssl=1&resize=525%2C300 1.5x, https:\/\/i0.wp.com\/www.shqiperia.com\/blog\/wp-content\/uploads\/2020\/02\/karikatur.jpg?fit=1200%2C744&ssl=1&resize=700%2C400 2x, https:\/\/i0.wp.com\/www.shqiperia.com\/blog\/wp-content\/uploads\/2020\/02\/karikatur.jpg?fit=1200%2C744&ssl=1&resize=1050%2C600 3x"},"classes":[]},{"id":17804,"url":"https:\/\/www.shqiperia.com\/blog\/nuk-mund-te-bejme-pa-gazetat-e-shtypura-print\/","url_meta":{"origin":31057,"position":3},"title":"Nuk mund t\u00eb b\u00ebjm\u00eb pa gazetat e shtypura (print).-","author":"Kurt Farka","date":"February 22, 2019","format":false,"excerpt":"Nuk mund t\u00eb b\u00ebjm\u00eb pa gazetat e shtypura (print).- Nga: Ernesto Galli della Loggia* Q\u00eb gazetat print jan\u00eb t\u00eb destinuara t\u00eb zhduken mund t\u00eb jet\u00eb e v\u00ebrtet\u00eb, por edhe mund t\u00eb mos jet\u00eb. \u00cbsht\u00eb fakt q\u00eb, sipas sondazheve t\u00eb fundit t\u00eb \u201cNew York Times\u201d, kjo gazet\u00eb ka rreth 1 milion\u2026","rel":"","context":"In &quot;Blogu i Udh\u00ebtarit&quot;","block_context":{"text":"Blogu i Udh\u00ebtarit","link":"https:\/\/www.shqiperia.com\/blog\/category\/blogu-i-udhetarit\/"},"img":{"alt_text":"","src":"https:\/\/i0.wp.com\/www.shqiperia.com\/blog\/wp-content\/uploads\/2019\/02\/gazetat-po-shuhen-n-euml-shqip-euml-ri-shiten-me-disa-qindra-kopje-n-euml-dit-euml_2_hd-780x439.jpg?fit=780%2C439&ssl=1&resize=350%2C200","width":350,"height":200,"srcset":"https:\/\/i0.wp.com\/www.shqiperia.com\/blog\/wp-content\/uploads\/2019\/02\/gazetat-po-shuhen-n-euml-shqip-euml-ri-shiten-me-disa-qindra-kopje-n-euml-dit-euml_2_hd-780x439.jpg?fit=780%2C439&ssl=1&resize=350%2C200 1x, https:\/\/i0.wp.com\/www.shqiperia.com\/blog\/wp-content\/uploads\/2019\/02\/gazetat-po-shuhen-n-euml-shqip-euml-ri-shiten-me-disa-qindra-kopje-n-euml-dit-euml_2_hd-780x439.jpg?fit=780%2C439&ssl=1&resize=525%2C300 1.5x, https:\/\/i0.wp.com\/www.shqiperia.com\/blog\/wp-content\/uploads\/2019\/02\/gazetat-po-shuhen-n-euml-shqip-euml-ri-shiten-me-disa-qindra-kopje-n-euml-dit-euml_2_hd-780x439.jpg?fit=780%2C439&ssl=1&resize=700%2C400 2x"},"classes":[]},{"id":9038,"url":"https:\/\/www.shqiperia.com\/blog\/refugjatet-vajtje-ardhje-pse-shqiperia-u-be-prape-qendra-e-botes\/","url_meta":{"origin":31057,"position":4},"title":"Refugjat\u00ebt vajtje-ardhje: Pse Shqip\u00ebria u b\u00eb prap\u00eb \u201cqendra e bot\u00ebs\u201d. &#8211;","author":"Kurt Farka","date":"June 23, 2018","format":false,"excerpt":"Refugjat\u00ebt vajtje-ardhje:\u00a0Pse Shqip\u00ebria u b\u00eb prap\u00eb \u201cqendra e bot\u00ebs\u201d. - \u00a0 23\/06\/2018, Nga Nevila Perndoj- Gazeta MAPO Dit\u00eb vendimtare n\u00eb Europ\u00eb p\u00ebr kriz\u00ebn e refugjat\u00ebve nga Lindja. Plani\u00a0p\u00ebr ta b\u00ebr\u00eb Shqip\u00ebrin\u00eb nj\u00eb vend ky\u00e7 p\u00ebr pritjen e p\u00ebrkohshme t\u00eb azilk\u00ebrkuesve\u00a0jasht\u00eb BE dhe \u201cshp\u00ebrblimi\u201d me hapjen e negociatave. P\u00ebr Shqip\u00ebrin\u00eb p\u00ebr\u2026","rel":"","context":"In &quot;Blogu i Udh\u00ebtarit&quot;","block_context":{"text":"Blogu i Udh\u00ebtarit","link":"https:\/\/www.shqiperia.com\/blog\/category\/blogu-i-udhetarit\/"},"img":{"alt_text":"","src":"https:\/\/i0.wp.com\/www.shqiperia.com\/blog\/wp-content\/uploads\/2018\/06\/emigrantet-2-1024x662.jpg?fit=1024%2C662&ssl=1&resize=350%2C200","width":350,"height":200,"srcset":"https:\/\/i0.wp.com\/www.shqiperia.com\/blog\/wp-content\/uploads\/2018\/06\/emigrantet-2-1024x662.jpg?fit=1024%2C662&ssl=1&resize=350%2C200 1x, https:\/\/i0.wp.com\/www.shqiperia.com\/blog\/wp-content\/uploads\/2018\/06\/emigrantet-2-1024x662.jpg?fit=1024%2C662&ssl=1&resize=525%2C300 1.5x, https:\/\/i0.wp.com\/www.shqiperia.com\/blog\/wp-content\/uploads\/2018\/06\/emigrantet-2-1024x662.jpg?fit=1024%2C662&ssl=1&resize=700%2C400 2x"},"classes":[]},{"id":17063,"url":"https:\/\/www.shqiperia.com\/blog\/para-protestes-basha-paralajmeron-qeverine-populli-do-marre-ne-dore-institucionet\/","url_meta":{"origin":31057,"position":5},"title":"Para protest\u00ebs, Basha paralajm\u00ebron qeverin\u00eb: Populli do marr\u00eb n\u00eb dor\u00eb institucionet\u2026-","author":"Kurt Farka","date":"February 7, 2019","format":false,"excerpt":"Para protest\u00ebs, Basha paralajm\u00ebron qeverin\u00eb: Populli do marr\u00eb n\u00eb dor\u00eb institucionet\u2026- 7 shkurt 2019 \u00a0 Nga foltorja e Kuvendit, kreu i opozit\u00ebs, Lulzim Basha, u shpreh sot se Kuvendi nuk ka asnj\u00eb lidhje me kriz\u00ebn dhe situat\u00ebn aktuale t\u00eb vendit dhe zgjidhja q\u00eb i duhet vendit, \u00ebsht\u00eb nj\u00eb qeveri tranzitore\u2026","rel":"","context":"In &quot;Blogu i Udh\u00ebtarit&quot;","block_context":{"text":"Blogu i Udh\u00ebtarit","link":"https:\/\/www.shqiperia.com\/blog\/category\/blogu-i-udhetarit\/"},"img":{"alt_text":"","src":"https:\/\/i0.wp.com\/www.shqiperia.com\/blog\/wp-content\/uploads\/2019\/02\/basha21.jpg?fit=820%2C430&ssl=1&resize=350%2C200","width":350,"height":200,"srcset":"https:\/\/i0.wp.com\/www.shqiperia.com\/blog\/wp-content\/uploads\/2019\/02\/basha21.jpg?fit=820%2C430&ssl=1&resize=350%2C200 1x, https:\/\/i0.wp.com\/www.shqiperia.com\/blog\/wp-content\/uploads\/2019\/02\/basha21.jpg?fit=820%2C430&ssl=1&resize=525%2C300 1.5x, https:\/\/i0.wp.com\/www.shqiperia.com\/blog\/wp-content\/uploads\/2019\/02\/basha21.jpg?fit=820%2C430&ssl=1&resize=700%2C400 2x"},"classes":[]}],"_links":{"self":[{"href":"https:\/\/www.shqiperia.com\/blog\/wp-json\/wp\/v2\/posts\/31057","targetHints":{"allow":["GET"]}}],"collection":[{"href":"https:\/\/www.shqiperia.com\/blog\/wp-json\/wp\/v2\/posts"}],"about":[{"href":"https:\/\/www.shqiperia.com\/blog\/wp-json\/wp\/v2\/types\/post"}],"author":[{"embeddable":true,"href":"https:\/\/www.shqiperia.com\/blog\/wp-json\/wp\/v2\/users\/9"}],"replies":[{"embeddable":true,"href":"https:\/\/www.shqiperia.com\/blog\/wp-json\/wp\/v2\/comments?post=31057"}],"version-history":[{"count":2,"href":"https:\/\/www.shqiperia.com\/blog\/wp-json\/wp\/v2\/posts\/31057\/revisions"}],"predecessor-version":[{"id":31061,"href":"https:\/\/www.shqiperia.com\/blog\/wp-json\/wp\/v2\/posts\/31057\/revisions\/31061"}],"wp:featuredmedia":[{"embeddable":true,"href":"https:\/\/www.shqiperia.com\/blog\/wp-json\/wp\/v2\/media\/31058"}],"wp:attachment":[{"href":"https:\/\/www.shqiperia.com\/blog\/wp-json\/wp\/v2\/media?parent=31057"}],"wp:term":[{"taxonomy":"category","embeddable":true,"href":"https:\/\/www.shqiperia.com\/blog\/wp-json\/wp\/v2\/categories?post=31057"},{"taxonomy":"post_tag","embeddable":true,"href":"https:\/\/www.shqiperia.com\/blog\/wp-json\/wp\/v2\/tags?post=31057"}],"curies":[{"name":"wp","href":"https:\/\/api.w.org\/{rel}","templated":true}]}}