{"id":31033,"date":"2020-02-04T00:17:25","date_gmt":"2020-02-04T00:17:25","guid":{"rendered":"https:\/\/www.shqiperia.com\/blog\/?p=31033"},"modified":"2020-02-04T00:17:25","modified_gmt":"2020-02-04T00:17:25","slug":"po-te-jete-e-vertete-eshte-skandaloze-fatos-klosi-nxjerr-prapaskenat-e-renda-ky-problem-monitorohet-nga-guardia-di-finanzia","status":"publish","type":"post","link":"https:\/\/www.shqiperia.com\/blog\/po-te-jete-e-vertete-eshte-skandaloze-fatos-klosi-nxjerr-prapaskenat-e-renda-ky-problem-monitorohet-nga-guardia-di-finanzia\/","title":{"rendered":"\u201cPo t\u00eb jet\u00eb e v\u00ebrtet\u00eb \u00ebsht\u00eb skandaloze\u201d, Fatos Klosi nxjerr prapaskenat e r\u00ebnda: Ky problem monitorohet nga Guardia di Finanzia!"},"content":{"rendered":"<p><img data-recalc-dims=\"1\" loading=\"lazy\" decoding=\"async\" data-attachment-id=\"31034\" data-permalink=\"https:\/\/www.shqiperia.com\/blog\/po-te-jete-e-vertete-eshte-skandaloze-fatos-klosi-nxjerr-prapaskenat-e-renda-ky-problem-monitorohet-nga-guardia-di-finanzia\/800-0-5e389b171ceb0\/\" data-orig-file=\"https:\/\/i0.wp.com\/www.shqiperia.com\/blog\/wp-content\/uploads\/2020\/02\/800-0-5e389b171ceb0.jpg?fit=800%2C480&amp;ssl=1\" data-orig-size=\"800,480\" data-comments-opened=\"1\" data-image-meta=\"{&quot;aperture&quot;:&quot;0&quot;,&quot;credit&quot;:&quot;&quot;,&quot;camera&quot;:&quot;&quot;,&quot;caption&quot;:&quot;&quot;,&quot;created_timestamp&quot;:&quot;0&quot;,&quot;copyright&quot;:&quot;&quot;,&quot;focal_length&quot;:&quot;0&quot;,&quot;iso&quot;:&quot;0&quot;,&quot;shutter_speed&quot;:&quot;0&quot;,&quot;title&quot;:&quot;&quot;,&quot;orientation&quot;:&quot;0&quot;}\" data-image-title=\"-800-0-5e389b171ceb0\" data-image-description=\"\" data-image-caption=\"\" data-medium-file=\"https:\/\/i0.wp.com\/www.shqiperia.com\/blog\/wp-content\/uploads\/2020\/02\/800-0-5e389b171ceb0.jpg?fit=300%2C180&amp;ssl=1\" data-large-file=\"https:\/\/i0.wp.com\/www.shqiperia.com\/blog\/wp-content\/uploads\/2020\/02\/800-0-5e389b171ceb0.jpg?fit=800%2C480&amp;ssl=1\" class=\"alignnone  wp-image-31034\" alt=\"\" src=\"https:\/\/i0.wp.com\/www.shqiperia.com\/blog\/wp-content\/uploads\/2020\/02\/800-0-5e389b171ceb0.jpg?resize=680%2C408&#038;ssl=1\" width=\"680\" height=\"408\" srcset=\"https:\/\/i0.wp.com\/www.shqiperia.com\/blog\/wp-content\/uploads\/2020\/02\/800-0-5e389b171ceb0.jpg?resize=300%2C180&amp;ssl=1 300w, https:\/\/i0.wp.com\/www.shqiperia.com\/blog\/wp-content\/uploads\/2020\/02\/800-0-5e389b171ceb0.jpg?resize=768%2C461&amp;ssl=1 768w, https:\/\/i0.wp.com\/www.shqiperia.com\/blog\/wp-content\/uploads\/2020\/02\/800-0-5e389b171ceb0.jpg?resize=450%2C270&amp;ssl=1 450w, https:\/\/i0.wp.com\/www.shqiperia.com\/blog\/wp-content\/uploads\/2020\/02\/800-0-5e389b171ceb0.jpg?resize=600%2C360&amp;ssl=1 600w, https:\/\/i0.wp.com\/www.shqiperia.com\/blog\/wp-content\/uploads\/2020\/02\/800-0-5e389b171ceb0.jpg?resize=400%2C240&amp;ssl=1 400w, https:\/\/i0.wp.com\/www.shqiperia.com\/blog\/wp-content\/uploads\/2020\/02\/800-0-5e389b171ceb0.jpg?w=800&amp;ssl=1 800w\" sizes=\"auto, (max-width: 680px) 100vw, 680px\" \/><\/p>\n<p>\u201cPo t\u00eb jet\u00eb e v\u00ebrtet\u00eb \u00ebsht\u00eb skandaloze\u201d, Fatos Klosi nxjerr prapaskenat e r\u00ebnda: Ky problem monitorohet nga Guardia di Finanzia!<\/p>\n<p>3 SHKURT 2020<\/p>\n<p>P\u00ebr ish-kreun e SHISH, n\u00ebse raportimi i Rai 3 \u00ebsht\u00eb i v\u00ebrtet\u00eb \u00ebsht\u00eb fakt skandaloz.<\/p>\n<p>Ai u shpreh nga studioja e \u201c360grad\u00eb\u201d se kjo do t\u00eb thot\u00eb se jemi kthyer aty ku ishin.<\/p>\n<p>\u201cN\u00ebse \u00ebsht\u00eb 12 her\u00eb m\u00eb shum\u00eb se vitin e kaluar, \u00ebsht\u00eb jasht\u00ebzakonisht shum\u00eb. Jemi kthyer atje ku ishim. Rai 3 ka burimet e veta, un\u00eb e di q\u00eb ky problem monitorohet nga Guardia di Finanzia dhe nga avion\u00eb t\u00eb policis\u00eb italiane, se atje p\u00ebrfundon droga. Ata jan\u00eb m\u00eb t\u00eb interesuar se ne dhe po e mbajn\u00eb n\u00ebn kontroll. Un\u00eb d\u00ebgjova se ata e p\u00ebrg\u00ebnjeshtruan k\u00ebt\u00eb lajm. Nuk e di cila \u00ebsht\u00eb e v\u00ebrteta. Po t\u00eb jet\u00eb e v\u00ebrtet\u00eb \u00ebsht\u00eb skandaloze.\u201d, u shpreh Klosi.<\/p>\n<p>Gazeta Sot<\/p>\n","protected":false},"excerpt":{"rendered":"<p>\u201cPo t\u00eb jet\u00eb e v\u00ebrtet\u00eb \u00ebsht\u00eb skandaloze\u201d, Fatos Klosi nxjerr prapaskenat e r\u00ebnda: Ky problem monitorohet nga Guardia di Finanzia! 3 SHKURT 2020 P\u00ebr ish-kreun e SHISH, n\u00ebse raportimi i Rai 3 \u00ebsht\u00eb i v\u00ebrtet\u00eb \u00ebsht\u00eb fakt skandaloz. Ai u shpreh nga studioja e \u201c360grad\u00eb\u201d se kjo do t\u00eb thot\u00eb se jemi kthyer aty ku [&hellip;]<\/p>\n","protected":false},"author":9,"featured_media":31034,"comment_status":"open","ping_status":"open","sticky":false,"template":"","format":"standard","meta":{"jetpack_post_was_ever_published":false,"_jetpack_newsletter_access":"","_jetpack_dont_email_post_to_subs":false,"_jetpack_newsletter_tier_id":0,"_jetpack_memberships_contains_paywalled_content":false,"_jetpack_memberships_contains_paid_content":false,"footnotes":"","jetpack_publicize_message":"","jetpack_publicize_feature_enabled":true,"jetpack_social_post_already_shared":true,"jetpack_social_options":{"image_generator_settings":{"template":"highway","default_image_id":0,"font":"","enabled":false},"version":2}},"categories":[27,2],"tags":[],"class_list":["post-31033","post","type-post","status-publish","format-standard","has-post-thumbnail","hentry","category-blogu-i-udhetarit","category-politika"],"jetpack_publicize_connections":[],"jetpack_featured_media_url":"https:\/\/i0.wp.com\/www.shqiperia.com\/blog\/wp-content\/uploads\/2020\/02\/800-0-5e389b171ceb0.jpg?fit=800%2C480&ssl=1","jetpack_sharing_enabled":true,"jetpack_shortlink":"https:\/\/wp.me\/p5Z6wp-84x","jetpack-related-posts":[{"id":88465,"url":"https:\/\/www.shqiperia.com\/blog\/paketa-e-maleve-agron-haxhimali-te-jemi-te-sinqerte-me-shikuesit-sepse-na-ofendohet-inteligjenca-natyralja-dhe-artificialja-nese-themi-se-perfitues-do-jete-ai-fermeri-atje-ai-fshatari\/","url_meta":{"origin":31033,"position":0},"title":"&#8220;Paketa e Maleve&#8221;: Agron Haxhimali &#8211; T\u00eb jemi t\u00eb sinqert\u00eb me shikuesit sepse na ofendohet inteligjenca, natyralja dhe artificialja, n\u00ebse themi se p\u00ebrfitues do jet\u00eb ai fermeri atje, ai fshatari.","author":"Kurt Farka","date":"January 15, 2025","format":false,"excerpt":"15 Janar 2025 \u2018Paketa e maleve\u2019 n\u00eb Report TV, Haxhimali: - P\u00ebrfituesit mund t\u00eb jen\u00eb t\u00eb tjer\u00eb! Jo rregulla n\u00eb interes t\u00eb atyre q\u00eb kan\u00eb paran\u00eb, t\u00eb mos betonizohet natyra. I ftuar p\u00ebr t\u00eb folur p\u00ebr k\u00ebt\u00eb iniciativ\u00eb t\u00eb qeveris\u00eb, n\u00eb \u201cSot, (14 Janar) live n\u00eb Shqip\u00ebri\u201d t\u00eb gazetarit Nertil\u2026","rel":"","context":"In &quot;Blogu i Udh\u00ebtarit&quot;","block_context":{"text":"Blogu i Udh\u00ebtarit","link":"https:\/\/www.shqiperia.com\/blog\/category\/blogu-i-udhetarit\/"},"img":{"alt_text":"","src":"https:\/\/i0.wp.com\/www.shqiperia.com\/blog\/wp-content\/uploads\/2025\/01\/valbona-flickr-stefk-696x464-1.jpg?fit=696%2C464&ssl=1&resize=350%2C200","width":350,"height":200,"srcset":"https:\/\/i0.wp.com\/www.shqiperia.com\/blog\/wp-content\/uploads\/2025\/01\/valbona-flickr-stefk-696x464-1.jpg?fit=696%2C464&ssl=1&resize=350%2C200 1x, https:\/\/i0.wp.com\/www.shqiperia.com\/blog\/wp-content\/uploads\/2025\/01\/valbona-flickr-stefk-696x464-1.jpg?fit=696%2C464&ssl=1&resize=525%2C300 1.5x"},"classes":[]},{"id":50285,"url":"https:\/\/www.shqiperia.com\/blog\/kjo-levizje-e-ka-tmerruar-edi-ramen-bujar-nishani-nxjerr-prapaskenat-dhe-paralajmeron-termet-ne-politiken-shqiptare-eshte-e-zeza-mbi-te-bardhe-per-miliona\/","url_meta":{"origin":31033,"position":1},"title":"\u201cKjo l\u00ebvizje e ka tmerruar Edi Ram\u00ebn\u201d. \u00a0Bujar Nishani nxjerr prapaskenat dhe paralajm\u00ebron \u2018t\u00ebrmet\u2019 n\u00eb politik\u00ebn shqiptare: &#8211; \u00cbsht\u00eb e zeza mbi t\u00eb bardh\u00eb p\u00ebr milionat q\u00eb&#8230;","author":"Kurt Farka","date":"October 4, 2021","format":false,"excerpt":"\u201cKjo l\u00ebvizje e ka tmerruar Edi Ram\u00ebn\u201d. \u00a0Bujar Nishani nxjerr prapaskenat dhe paralajm\u00ebron \u2018t\u00ebrmet\u2019 n\u00eb politik\u00ebn shqiptare: - \u00cbsht\u00eb e zeza mbi t\u00eb bardh\u00eb p\u00ebr milionat q\u00eb... 4 TETOR 2021 Ish-presidenti Bujar Nishani p\u00ebrmes nj\u00eb postimi n\u00eb rrjetet sociale paralajm\u00ebron se fundi i Lulzim Bashas do t\u00eb jet\u00eb edhe fundi\u2026","rel":"","context":"In &quot;Blogu i Udh\u00ebtarit&quot;","block_context":{"text":"Blogu i Udh\u00ebtarit","link":"https:\/\/www.shqiperia.com\/blog\/category\/blogu-i-udhetarit\/"},"img":{"alt_text":"","src":"https:\/\/i0.wp.com\/www.shqiperia.com\/blog\/wp-content\/uploads\/2021\/10\/800-0-615ae1dcac3cb.jpg?fit=800%2C533&ssl=1&resize=350%2C200","width":350,"height":200,"srcset":"https:\/\/i0.wp.com\/www.shqiperia.com\/blog\/wp-content\/uploads\/2021\/10\/800-0-615ae1dcac3cb.jpg?fit=800%2C533&ssl=1&resize=350%2C200 1x, https:\/\/i0.wp.com\/www.shqiperia.com\/blog\/wp-content\/uploads\/2021\/10\/800-0-615ae1dcac3cb.jpg?fit=800%2C533&ssl=1&resize=525%2C300 1.5x, https:\/\/i0.wp.com\/www.shqiperia.com\/blog\/wp-content\/uploads\/2021\/10\/800-0-615ae1dcac3cb.jpg?fit=800%2C533&ssl=1&resize=700%2C400 2x"},"classes":[]},{"id":66212,"url":"https:\/\/www.shqiperia.com\/blog\/fatos-klosi-deklaroi-se-ka-nje-ngutje-nga-organi-i-akuzes-per-te-futur-prapa-hekurave-zyrtaret-e-perfshire-ne-korrupsion\/","url_meta":{"origin":31033,"position":2},"title":"Fatos Klosi, deklaroi se ka nj\u00eb ngutje nga organi i akuz\u00ebs p\u00ebr t\u00eb futur prapa hekurave zyrtar\u00ebt e p\u00ebrfshir\u00eb n\u00eb korrupsion","author":"Kurt Farka","date":"January 12, 2023","format":false,"excerpt":"12 Janar 2023 \"Ai shtoi se \u00ebsht\u00eb b\u00ebr\u00eb e zakonshme q\u00eb personat t\u00eb \u00e7ohen n\u00eb burg me nxitim dhe pastaj t\u00eb nxirren nga gjykata\". Ish-kreu i SHISH, Fatos Klosi, deklaroi se ka nj\u00eb ngutje nga organi i akuz\u00ebs p\u00ebr t\u00eb futur prapa hekurave zyrtar\u00ebt e p\u00ebrfshir\u00eb n\u00eb korrupsion. Sipas tij\u2026","rel":"","context":"In &quot;Blogu i Udh\u00ebtarit&quot;","block_context":{"text":"Blogu i Udh\u00ebtarit","link":"https:\/\/www.shqiperia.com\/blog\/category\/blogu-i-udhetarit\/"},"img":{"alt_text":"","src":"https:\/\/i0.wp.com\/www.shqiperia.com\/blog\/wp-content\/uploads\/2023\/01\/800-0-63c0118610fc0.jpg?fit=800%2C420&ssl=1&resize=350%2C200","width":350,"height":200,"srcset":"https:\/\/i0.wp.com\/www.shqiperia.com\/blog\/wp-content\/uploads\/2023\/01\/800-0-63c0118610fc0.jpg?fit=800%2C420&ssl=1&resize=350%2C200 1x, https:\/\/i0.wp.com\/www.shqiperia.com\/blog\/wp-content\/uploads\/2023\/01\/800-0-63c0118610fc0.jpg?fit=800%2C420&ssl=1&resize=525%2C300 1.5x, https:\/\/i0.wp.com\/www.shqiperia.com\/blog\/wp-content\/uploads\/2023\/01\/800-0-63c0118610fc0.jpg?fit=800%2C420&ssl=1&resize=700%2C400 2x"},"classes":[]},{"id":59468,"url":"https:\/\/www.shqiperia.com\/blog\/amnistia-fiskale-ervin-salianji-drejton-gishtin-nga-ceno-klosi-kush-po-e-ben-ky-drejtori-i-tatimeve-qe-te-pastroje-vilen-e-tij-ne-londer\/","url_meta":{"origin":31033,"position":3},"title":"Amnistia fiskale\/ Ervin Salianji drejton gishtin nga Ceno Klosi: &#8211; Kush po e b\u00ebn, ky drejtori i Tatimeve q\u00eb t\u00eb pastroj\u00eb vil\u00ebn e tij n\u00eb Lond\u00ebr?!","author":"Kurt Farka","date":"June 27, 2022","format":false,"excerpt":"27 Qershor 2022 Deputeti i Partis\u00eb Demokratike, Ervin Salianji \u00ebsht\u00eb shprehur kund\u00ebr ligjit p\u00ebr amnistin\u00eb fiskale, i cili pritet t\u00eb kaloj\u00eb n\u00eb kuvend. Gjat\u00eb debatit n\u00eb emisionin \u201cOpen\u201d n\u00eb News24, deputeti Salianji drejtoi gishtin nga Drejtori i P\u00ebrgjithsh\u00ebm i Tatimeve, Ceno Klosi. Salianji shtroi pyetjen: \u201cOre kush po e b\u00ebn,\u2026","rel":"","context":"In &quot;Kultura&quot;","block_context":{"text":"Kultura","link":"https:\/\/www.shqiperia.com\/blog\/category\/kultura\/"},"img":{"alt_text":"","src":"https:\/\/i0.wp.com\/www.shqiperia.com\/blog\/wp-content\/uploads\/2022\/06\/ervinsalianji.jpg?fit=600%2C325&ssl=1&resize=350%2C200","width":350,"height":200,"srcset":"https:\/\/i0.wp.com\/www.shqiperia.com\/blog\/wp-content\/uploads\/2022\/06\/ervinsalianji.jpg?fit=600%2C325&ssl=1&resize=350%2C200 1x, https:\/\/i0.wp.com\/www.shqiperia.com\/blog\/wp-content\/uploads\/2022\/06\/ervinsalianji.jpg?fit=600%2C325&ssl=1&resize=525%2C300 1.5x"},"classes":[]},{"id":75387,"url":"https:\/\/www.shqiperia.com\/blog\/prej-1-janarit-gazetari-i-njohur-zbulon-detaje-nga-marreveshja-rama-meloni-cilet-refugjate-do-te-vijne-ne-shqiperi\/","url_meta":{"origin":31033,"position":4},"title":"\u201cPrej 1 janarit&#8230;\u201d, gazetari i njohur zbulon detaje nga marr\u00ebveshja Rama-Meloni: &#8211; Cil\u00ebt refugjat\u00eb do t\u00eb vijn\u00eb n\u00eb Shqip\u00ebri","author":"Kurt Farka","date":"November 7, 2023","format":false,"excerpt":"7 Nentor 2023 Gazetari i Corriere della Sera, Leonard Berberi n\u00eb nj\u00eb intervist\u00eb televizive u shpreh se duhet t\u00eb ket\u00eb nj\u00eb qart\u00ebsim se cil\u00ebt emigrant\u00eb do t\u00eb vijn\u00eb n\u00eb Shqip\u00ebri, ata q\u00eb shp\u00ebtohen n\u00eb det nga ushtria italiane apo edhe ata q\u00eb shp\u00ebtohen nga anijet e organizatave joqeveritare, n\u00eb lidhje\u2026","rel":"","context":"In &quot;Blogu i Udh\u00ebtarit&quot;","block_context":{"text":"Blogu i Udh\u00ebtarit","link":"https:\/\/www.shqiperia.com\/blog\/category\/blogu-i-udhetarit\/"},"img":{"alt_text":"","src":"https:\/\/i0.wp.com\/www.shqiperia.com\/blog\/wp-content\/uploads\/2023\/11\/800-0-654a2aafb4504.jpg?fit=800%2C420&ssl=1&resize=350%2C200","width":350,"height":200,"srcset":"https:\/\/i0.wp.com\/www.shqiperia.com\/blog\/wp-content\/uploads\/2023\/11\/800-0-654a2aafb4504.jpg?fit=800%2C420&ssl=1&resize=350%2C200 1x, https:\/\/i0.wp.com\/www.shqiperia.com\/blog\/wp-content\/uploads\/2023\/11\/800-0-654a2aafb4504.jpg?fit=800%2C420&ssl=1&resize=525%2C300 1.5x, https:\/\/i0.wp.com\/www.shqiperia.com\/blog\/wp-content\/uploads\/2023\/11\/800-0-654a2aafb4504.jpg?fit=800%2C420&ssl=1&resize=700%2C400 2x"},"classes":[]},{"id":60631,"url":"https:\/\/www.shqiperia.com\/blog\/qeveria-grup-i-strukturuar-kriminal-me-inceneratoret-brisida-shehaj-nxjerr-prapaskenat\/","url_meta":{"origin":31033,"position":5},"title":"\u201cQeveria grup i strukturuar kriminal me incenerator\u00ebt\u201d, Brisida Shehaj nxjerr prapaskenat&#8230;","author":"Kurt Farka","date":"August 4, 2022","format":false,"excerpt":"4 Gusht 2022 Brisida Shehaj nga Partia e Liris\u00eb paralajm\u00ebroi mbr\u00ebmjen e djeshme se do t\u00eb vazhdohet me publikimin e fakteve t\u00eb reja lidhur me incenerator\u00ebt. Sipas saj, n\u00eb k\u00ebt\u00eb rast b\u00ebhet fjal\u00eb p\u00ebr nj\u00eb grup t\u00eb strukturuar kriminal, nd\u00ebrsa incenerator\u00ebt nuk ekzistojn\u00eb n\u00eb asnj\u00eb nga 3 qytetet. Shehaj: Ne\u2026","rel":"","context":"In &quot;Blogu i Udh\u00ebtarit&quot;","block_context":{"text":"Blogu i Udh\u00ebtarit","link":"https:\/\/www.shqiperia.com\/blog\/category\/blogu-i-udhetarit\/"},"img":{"alt_text":"","src":"https:\/\/i0.wp.com\/www.shqiperia.com\/blog\/wp-content\/uploads\/2022\/08\/640-0-6141e6915c26c.jpg?fit=640%2C386&ssl=1&resize=350%2C200","width":350,"height":200,"srcset":"https:\/\/i0.wp.com\/www.shqiperia.com\/blog\/wp-content\/uploads\/2022\/08\/640-0-6141e6915c26c.jpg?fit=640%2C386&ssl=1&resize=350%2C200 1x, https:\/\/i0.wp.com\/www.shqiperia.com\/blog\/wp-content\/uploads\/2022\/08\/640-0-6141e6915c26c.jpg?fit=640%2C386&ssl=1&resize=525%2C300 1.5x"},"classes":[]}],"_links":{"self":[{"href":"https:\/\/www.shqiperia.com\/blog\/wp-json\/wp\/v2\/posts\/31033","targetHints":{"allow":["GET"]}}],"collection":[{"href":"https:\/\/www.shqiperia.com\/blog\/wp-json\/wp\/v2\/posts"}],"about":[{"href":"https:\/\/www.shqiperia.com\/blog\/wp-json\/wp\/v2\/types\/post"}],"author":[{"embeddable":true,"href":"https:\/\/www.shqiperia.com\/blog\/wp-json\/wp\/v2\/users\/9"}],"replies":[{"embeddable":true,"href":"https:\/\/www.shqiperia.com\/blog\/wp-json\/wp\/v2\/comments?post=31033"}],"version-history":[{"count":1,"href":"https:\/\/www.shqiperia.com\/blog\/wp-json\/wp\/v2\/posts\/31033\/revisions"}],"predecessor-version":[{"id":31035,"href":"https:\/\/www.shqiperia.com\/blog\/wp-json\/wp\/v2\/posts\/31033\/revisions\/31035"}],"wp:featuredmedia":[{"embeddable":true,"href":"https:\/\/www.shqiperia.com\/blog\/wp-json\/wp\/v2\/media\/31034"}],"wp:attachment":[{"href":"https:\/\/www.shqiperia.com\/blog\/wp-json\/wp\/v2\/media?parent=31033"}],"wp:term":[{"taxonomy":"category","embeddable":true,"href":"https:\/\/www.shqiperia.com\/blog\/wp-json\/wp\/v2\/categories?post=31033"},{"taxonomy":"post_tag","embeddable":true,"href":"https:\/\/www.shqiperia.com\/blog\/wp-json\/wp\/v2\/tags?post=31033"}],"curies":[{"name":"wp","href":"https:\/\/api.w.org\/{rel}","templated":true}]}}