{"id":31030,"date":"2020-02-04T00:05:25","date_gmt":"2020-02-04T00:05:25","guid":{"rendered":"https:\/\/www.shqiperia.com\/blog\/?p=31030"},"modified":"2020-02-04T00:05:25","modified_gmt":"2020-02-04T00:05:25","slug":"plas-ne-open-avokat-ngjela-sherr-me-zv-ministrin-kush-je-ti-te-ka-sjelle-rama","status":"publish","type":"post","link":"https:\/\/www.shqiperia.com\/blog\/plas-ne-open-avokat-ngjela-sherr-me-zv-ministrin-kush-je-ti-te-ka-sjelle-rama\/","title":{"rendered":"\u2018Plas\u2019 n\u00eb OPEN\/ Avokat Ngjela sherr me zv.ministrin: Kush je ti? T\u00eb ka sjell\u00eb Rama"},"content":{"rendered":"<p><img data-recalc-dims=\"1\" loading=\"lazy\" decoding=\"async\" data-attachment-id=\"31031\" data-permalink=\"https:\/\/www.shqiperia.com\/blog\/plas-ne-open-avokat-ngjela-sherr-me-zv-ministrin-kush-je-ti-te-ka-sjelle-rama\/hodaj-dhe-ngjela-768x433\/\" data-orig-file=\"https:\/\/i0.wp.com\/www.shqiperia.com\/blog\/wp-content\/uploads\/2020\/02\/hodaj-dhe-ngjela-768x433-1.jpg?fit=768%2C433&amp;ssl=1\" data-orig-size=\"768,433\" data-comments-opened=\"1\" data-image-meta=\"{&quot;aperture&quot;:&quot;0&quot;,&quot;credit&quot;:&quot;&quot;,&quot;camera&quot;:&quot;&quot;,&quot;caption&quot;:&quot;&quot;,&quot;created_timestamp&quot;:&quot;0&quot;,&quot;copyright&quot;:&quot;&quot;,&quot;focal_length&quot;:&quot;0&quot;,&quot;iso&quot;:&quot;0&quot;,&quot;shutter_speed&quot;:&quot;0&quot;,&quot;title&quot;:&quot;&quot;,&quot;orientation&quot;:&quot;0&quot;}\" data-image-title=\"hodaj-dhe-ngjela-768&#215;433\" data-image-description=\"\" data-image-caption=\"\" data-medium-file=\"https:\/\/i0.wp.com\/www.shqiperia.com\/blog\/wp-content\/uploads\/2020\/02\/hodaj-dhe-ngjela-768x433-1.jpg?fit=300%2C169&amp;ssl=1\" data-large-file=\"https:\/\/i0.wp.com\/www.shqiperia.com\/blog\/wp-content\/uploads\/2020\/02\/hodaj-dhe-ngjela-768x433-1.jpg?fit=768%2C433&amp;ssl=1\" class=\"alignnone  wp-image-31031\" alt=\"\" src=\"https:\/\/i0.wp.com\/www.shqiperia.com\/blog\/wp-content\/uploads\/2020\/02\/hodaj-dhe-ngjela-768x433-1.jpg?resize=556%2C313&#038;ssl=1\" width=\"556\" height=\"313\" srcset=\"https:\/\/i0.wp.com\/www.shqiperia.com\/blog\/wp-content\/uploads\/2020\/02\/hodaj-dhe-ngjela-768x433-1.jpg?resize=300%2C169&amp;ssl=1 300w, https:\/\/i0.wp.com\/www.shqiperia.com\/blog\/wp-content\/uploads\/2020\/02\/hodaj-dhe-ngjela-768x433-1.jpg?resize=450%2C254&amp;ssl=1 450w, https:\/\/i0.wp.com\/www.shqiperia.com\/blog\/wp-content\/uploads\/2020\/02\/hodaj-dhe-ngjela-768x433-1.jpg?resize=600%2C338&amp;ssl=1 600w, https:\/\/i0.wp.com\/www.shqiperia.com\/blog\/wp-content\/uploads\/2020\/02\/hodaj-dhe-ngjela-768x433-1.jpg?resize=400%2C226&amp;ssl=1 400w, https:\/\/i0.wp.com\/www.shqiperia.com\/blog\/wp-content\/uploads\/2020\/02\/hodaj-dhe-ngjela-768x433-1.jpg?w=768&amp;ssl=1 768w\" sizes=\"auto, (max-width: 556px) 100vw, 556px\" \/><\/p>\n<p><strong>\u2018Plas\u2019 n\u00eb OPEN\/ Avokat Ngjela sherr me zv.ministrin: Kush je ti? T\u00eb ka sjell\u00eb Rama<\/strong><\/p>\n<p><strong>3 Shkurt 2020 <\/strong><\/p>\n<p>Ka nisur me debate t\u00eb ashpra emisioni Open n\u00eb Top Channel mes avokatit Spartak Ngjela dhe zv-ministrit t\u00eb Brendsh\u00ebm, Julian Hodaj.<\/p>\n<p>Debati nisi kur avokati \u00a0po komentonte ligjin anti-K\u00c7K, teksa tha se struktura e re e krijuar OFL nuk \u00ebsht\u00eb struktur\u00eb ligjore.<\/p>\n<p><strong>Debati:<\/strong><\/p>\n<p>Ngjela:\u00a0<em>A mos qesh! Po hyri qeshja dalim keq.<\/em><\/p>\n<p>Vodaj:\u00a0<em>Po m\u00eb k\u00ebrc\u00ebnon avokat?<\/em><\/p>\n<p>Ngjela:\u00a0<em>Jo, por me qeshje nuk kalohet. Prit t\u00eb mbaroj un\u00eb dhe pastaj fol.<\/em><\/p>\n<p>Ngjela: N<em>uk e njeh ligji k\u00ebt\u00eb struktur\u00eb. Kjo u b\u00eb p\u00ebr t\u00eb sfomuar SPAK-un<\/em><\/p>\n<p>Hodaj:\u00a0<em>Ti se ke lexuar as aktin normative dhe nuk ke lexuar ligjin<\/em><\/p>\n<p>Ngjela:\u00a0<em>Mos m\u00eb nd\u00ebrhy, ti nuk je askush. T\u00eb ka sjell\u00eb Edi Rama ty. Nuk je askush ti t\u00eb b\u00ebsh debat me mua<\/em><\/p>\n<p>Ngjela:\u00a0<em>K\u00ebta kan\u00eb punuar me mafian e nd\u00ebrtimit. \u00c7far\u00eb b\u00ebjn\u00eb me k\u00ebta, marrin 10 vet\u00eb i arrestojn\u00eb dhe me ato q\u00eb kan\u00eb bashk\u00ebpunuar nuk i arrestojn\u00eb dot. \u00cbsht\u00eb stuktur\u00eb e panevojshme q\u00eb synon t\u00eb sfumoj\u00eb SPAK-un q\u00eb t\u00eb shp\u00ebtojn\u00eb veten<\/em><\/p>\n<p>Hodaj:\u00a0<em>Por SPAK-u \u00ebsht\u00eb krijuar. Ka kryetarin dhe 8 prokuror\u00eb brenda saj<\/em><\/p>\n<p>Ngjela:\u00a0<em>Nuk \u00ebsht\u00eb institucionalizuar akoma se duhet t\u00eb pres\u00eb Byron\u00eb Komb\u00ebtare t\u00eb Hetimit. Shko paguaj polic\u00ebt se i keni l\u00ebn\u00eb n\u00eb m\u00ebshir\u00eb t\u00eb fatit. S\u2019jam k\u00ebtu p\u00ebr t\u00eb b\u00ebr\u00eb debat me ju<\/em><\/p>\n<p><strong>\u00a9Copyright Gazeta SHQIP<\/strong><\/p>\n","protected":false},"excerpt":{"rendered":"<p>\u2018Plas\u2019 n\u00eb OPEN\/ Avokat Ngjela sherr me zv.ministrin: Kush je ti? T\u00eb ka sjell\u00eb Rama 3 Shkurt 2020 Ka nisur me debate t\u00eb ashpra emisioni Open n\u00eb Top Channel mes avokatit Spartak Ngjela dhe zv-ministrit t\u00eb Brendsh\u00ebm, Julian Hodaj. Debati nisi kur avokati \u00a0po komentonte ligjin anti-K\u00c7K, teksa tha se struktura e re e krijuar [&hellip;]<\/p>\n","protected":false},"author":9,"featured_media":31031,"comment_status":"open","ping_status":"open","sticky":false,"template":"","format":"standard","meta":{"jetpack_post_was_ever_published":false,"_jetpack_newsletter_access":"","_jetpack_dont_email_post_to_subs":false,"_jetpack_newsletter_tier_id":0,"_jetpack_memberships_contains_paywalled_content":false,"_jetpack_memberships_contains_paid_content":false,"footnotes":"","jetpack_publicize_message":"","jetpack_publicize_feature_enabled":true,"jetpack_social_post_already_shared":true,"jetpack_social_options":{"image_generator_settings":{"template":"highway","default_image_id":0,"font":"","enabled":false},"version":2}},"categories":[27,2],"tags":[],"class_list":["post-31030","post","type-post","status-publish","format-standard","has-post-thumbnail","hentry","category-blogu-i-udhetarit","category-politika"],"jetpack_publicize_connections":[],"jetpack_featured_media_url":"https:\/\/i0.wp.com\/www.shqiperia.com\/blog\/wp-content\/uploads\/2020\/02\/hodaj-dhe-ngjela-768x433-1.jpg?fit=768%2C433&ssl=1","jetpack_sharing_enabled":true,"jetpack_shortlink":"https:\/\/wp.me\/p5Z6wp-84u","jetpack-related-posts":[{"id":50163,"url":"https:\/\/www.shqiperia.com\/blog\/shperthen-spartak-ngjela-dhe-nuk-le-gje-pa-nxjerre-rama-ka-shkelur-ne-derrase-te-kalbur-e-keni-pare-sa-i-trembur-eshte\/","url_meta":{"origin":31030,"position":0},"title":"Shp\u00ebrthen Spartak Ngjela dhe nuk l\u00eb gj\u00eb pa nxjerr\u00eb: &#8211; Rama ka shkelur n\u00eb d\u00ebrras\u00eb t\u00eb kalbur! &#8211; \u201cE keni par\u00eb sa i trembur \u00ebsht\u00eb?\u201d","author":"Kurt Farka","date":"September 28, 2021","format":false,"excerpt":"Shp\u00ebrthen Spartak Ngjela dhe nuk l\u00eb gj\u00eb pa nxjerr\u00eb: - Rama ka shkelur n\u00eb d\u00ebrras\u00eb t\u00eb kalbur! - \u201cE keni par\u00eb sa i trembur \u00ebsht\u00eb?\u201d 28 SHTATOR 2021 Avokat Spartak Ngjela komentoi mbr\u00ebmjen\u00a0 e djeshme n\u00eb emisionin \u2018Spotlight\u2019 vizit\u00ebn e kryeministrit Rama n\u00eb Kosov\u00eb dhe faktin q\u00eb nuk takoi Presidenten\u2026","rel":"","context":"In &quot;Blogu i Udh\u00ebtarit&quot;","block_context":{"text":"Blogu i Udh\u00ebtarit","link":"https:\/\/www.shqiperia.com\/blog\/category\/blogu-i-udhetarit\/"},"img":{"alt_text":"","src":"https:\/\/i0.wp.com\/www.shqiperia.com\/blog\/wp-content\/uploads\/2021\/09\/800-0-6152cf896deb3.jpg?fit=800%2C400&ssl=1&resize=350%2C200","width":350,"height":200,"srcset":"https:\/\/i0.wp.com\/www.shqiperia.com\/blog\/wp-content\/uploads\/2021\/09\/800-0-6152cf896deb3.jpg?fit=800%2C400&ssl=1&resize=350%2C200 1x, https:\/\/i0.wp.com\/www.shqiperia.com\/blog\/wp-content\/uploads\/2021\/09\/800-0-6152cf896deb3.jpg?fit=800%2C400&ssl=1&resize=525%2C300 1.5x, https:\/\/i0.wp.com\/www.shqiperia.com\/blog\/wp-content\/uploads\/2021\/09\/800-0-6152cf896deb3.jpg?fit=800%2C400&ssl=1&resize=700%2C400 2x"},"classes":[]},{"id":32088,"url":"https:\/\/www.shqiperia.com\/blog\/po-lexoje-ate-dreq-se-je-me-duar-ne-xhepa-spartak-ngjela-perplaset-me-zv-ministrin-e-brendshem-shkak-behet-rama\/","url_meta":{"origin":31030,"position":1},"title":"\u2018Po lexoje at\u00eb dreq se je me duar n\u00eb xhepa\u2019, Spartak Ngjela p\u00ebrplaset me zv.ministrin e Brendsh\u00ebm, shkak b\u00ebhet Rama","author":"Kurt Farka","date":"March 6, 2020","format":false,"excerpt":"\u2018 Po lexoje at\u00eb dreq se je me duar n\u00eb xhepa\u2019, Spartak Ngjela p\u00ebrplaset me zv.ministrin e Brendsh\u00ebm, shkak b\u00ebhet Rama 3 shkurt 2020 Avokati Spartak Ngjela ka kund\u00ebrshtuar me tone t\u00eb ashpra ligjin e ri anti-K\u00c7K dhe struktur\u00ebn e re t\u00eb krijuar. Ai thot\u00eb ky ligj do krijoj\u00eb var\u00ebsi\u2026","rel":"","context":"In &quot;Blogu i Udh\u00ebtarit&quot;","block_context":{"text":"Blogu i Udh\u00ebtarit","link":"https:\/\/www.shqiperia.com\/blog\/category\/blogu-i-udhetarit\/"},"img":{"alt_text":"","src":"https:\/\/i0.wp.com\/www.shqiperia.com\/blog\/wp-content\/uploads\/2020\/03\/Spartak-Ngjela.jpg?fit=640%2C427&ssl=1&resize=350%2C200","width":350,"height":200,"srcset":"https:\/\/i0.wp.com\/www.shqiperia.com\/blog\/wp-content\/uploads\/2020\/03\/Spartak-Ngjela.jpg?fit=640%2C427&ssl=1&resize=350%2C200 1x, https:\/\/i0.wp.com\/www.shqiperia.com\/blog\/wp-content\/uploads\/2020\/03\/Spartak-Ngjela.jpg?fit=640%2C427&ssl=1&resize=525%2C300 1.5x"},"classes":[]},{"id":51095,"url":"https:\/\/www.shqiperia.com\/blog\/ai-eshte-kriminel-ka-marre-pjese-ne-vrasje-spartak-ngjela-plas-deklaraten-e-rende-per-kete-politikan-te-njohur\/","url_meta":{"origin":31030,"position":2},"title":"\u201cAi \u00ebsht\u00eb kriminel, ka marr\u00eb pjes\u00eb n\u00eb vrasje\u201d. \u00a0Spartak Ngjela plas deklarat\u00ebn e r\u00ebnd\u00eb p\u00ebr k\u00ebt\u00eb politikan t\u00eb njohur.","author":"Kurt Farka","date":"November 5, 2021","format":false,"excerpt":"\u201cAi \u00ebsht\u00eb kriminel, ka marr\u00eb pjes\u00eb n\u00eb vrasje\u201d. \u00a0Spartak Ngjela plas deklarat\u00ebn e r\u00ebnd\u00eb p\u00ebr k\u00ebt\u00eb politikan t\u00eb njohur. 5 N\u00cbNTOR 2021 Avokat Spartak Ngjela komentoi sot n\u00eb emisionin \u2018Breaking\u2019 nism\u00ebn \u2018Open Balkan\u2019. Sipas Ngjel\u00ebs, presidenti serb Aleksander Vu\u00e7i\u00e7 \u00ebsht\u00eb kriminel q\u00eb po p\u00ebrfiton nga kryeministri shqiptar, i cili e\u2026","rel":"","context":"In &quot;Blogu i Udh\u00ebtarit&quot;","block_context":{"text":"Blogu i Udh\u00ebtarit","link":"https:\/\/www.shqiperia.com\/blog\/category\/blogu-i-udhetarit\/"},"img":{"alt_text":"","src":"https:\/\/i0.wp.com\/www.shqiperia.com\/blog\/wp-content\/uploads\/2021\/11\/800-0-618503adca592-1.jpg?fit=800%2C483&ssl=1&resize=350%2C200","width":350,"height":200,"srcset":"https:\/\/i0.wp.com\/www.shqiperia.com\/blog\/wp-content\/uploads\/2021\/11\/800-0-618503adca592-1.jpg?fit=800%2C483&ssl=1&resize=350%2C200 1x, https:\/\/i0.wp.com\/www.shqiperia.com\/blog\/wp-content\/uploads\/2021\/11\/800-0-618503adca592-1.jpg?fit=800%2C483&ssl=1&resize=525%2C300 1.5x, https:\/\/i0.wp.com\/www.shqiperia.com\/blog\/wp-content\/uploads\/2021\/11\/800-0-618503adca592-1.jpg?fit=800%2C483&ssl=1&resize=700%2C400 2x"},"classes":[]},{"id":62119,"url":"https:\/\/www.shqiperia.com\/blog\/plas-keq-sherri-live-ne-studio-po-degjoni-nje-te-cmendur-perplasje-e-forte-mes-spartak-ngjeles-dhe-ekspertit-te-njohur\/","url_meta":{"origin":31030,"position":3},"title":"Plas keq sherri LIVE n\u00eb studio. &#8211; \u201cPo d\u00ebgjoni nj\u00eb t\u00eb \u00e7mendur\u201d, p\u00ebrplasje e fort\u00eb mes Spartak Ngjel\u00ebs dhe ekspertit t\u00eb njohur","author":"Kurt Farka","date":"September 12, 2022","format":false,"excerpt":"12 Shtator 2022 Nj\u00eb debat shum\u00eb i ashp\u00ebr ka ndodhur n\u00eb emisionin \"Shqip\u00ebria Live\", mes avokatit Spartak Ngjela dhe Kreshnik Osmanit n\u00eb lidhje me sulmin e dit\u00ebs s\u00eb shtun\u00eb. Lidhur me k\u00ebt\u00eb tem\u00eb Kreshnik Osmani i \u00ebsht\u00eb drejtuar me nj\u00eb gjuh\u00eb shum\u00eb t\u00eb ashp\u00ebr Ngjel\u00ebs duke e quajtur terrorist ortodoks\u2026","rel":"","context":"In &quot;Blogu i Udh\u00ebtarit&quot;","block_context":{"text":"Blogu i Udh\u00ebtarit","link":"https:\/\/www.shqiperia.com\/blog\/category\/blogu-i-udhetarit\/"},"img":{"alt_text":"","src":"https:\/\/i0.wp.com\/www.shqiperia.com\/blog\/wp-content\/uploads\/2022\/09\/Spartak-Ngjela-1.jpg?fit=1200%2C630&ssl=1&resize=350%2C200","width":350,"height":200,"srcset":"https:\/\/i0.wp.com\/www.shqiperia.com\/blog\/wp-content\/uploads\/2022\/09\/Spartak-Ngjela-1.jpg?fit=1200%2C630&ssl=1&resize=350%2C200 1x, https:\/\/i0.wp.com\/www.shqiperia.com\/blog\/wp-content\/uploads\/2022\/09\/Spartak-Ngjela-1.jpg?fit=1200%2C630&ssl=1&resize=525%2C300 1.5x, https:\/\/i0.wp.com\/www.shqiperia.com\/blog\/wp-content\/uploads\/2022\/09\/Spartak-Ngjela-1.jpg?fit=1200%2C630&ssl=1&resize=700%2C400 2x, https:\/\/i0.wp.com\/www.shqiperia.com\/blog\/wp-content\/uploads\/2022\/09\/Spartak-Ngjela-1.jpg?fit=1200%2C630&ssl=1&resize=1050%2C600 3x"},"classes":[]},{"id":11103,"url":"https:\/\/www.shqiperia.com\/blog\/11103-2\/","url_meta":{"origin":31030,"position":4},"title":"Spartak Ngjela: Edi Rama e di Strasburgun si Gjykat\u00ebn e Rrogozhin\u00ebs. &#8211;","author":"Kurt Farka","date":"August 29, 2018","format":false,"excerpt":"Spartak Ngjela: Edi Rama e di Strasburgun si Gjykat\u00ebn e Rrogozhin\u00ebs. - Avokat Spartak Ngjela thekson se audio ku gjyqtarit shqiptar n\u00eb Strasburg, Ledi Binaku, i k\u00ebrkohet q\u00eb t\u00eb ndikoj\u00eb n\u00eb favor t\u00eb qeveris\u00eb shqiptare p\u00ebr t\u00eb shtyr\u00eb nj\u00eb vendim p\u00ebr \u00e7\u00ebshtje pronash, tregon se kryeministri Edi Rama nuk ka\u2026","rel":"","context":"In &quot;Kultura&quot;","block_context":{"text":"Kultura","link":"https:\/\/www.shqiperia.com\/blog\/category\/kultura\/"},"img":{"alt_text":"","src":"https:\/\/i0.wp.com\/www.shqiperia.com\/blog\/wp-content\/uploads\/2018\/08\/36755031_10214816049586583_2123171216821846016_n.jpg?fit=693%2C471&ssl=1&resize=350%2C200","width":350,"height":200,"srcset":"https:\/\/i0.wp.com\/www.shqiperia.com\/blog\/wp-content\/uploads\/2018\/08\/36755031_10214816049586583_2123171216821846016_n.jpg?fit=693%2C471&ssl=1&resize=350%2C200 1x, https:\/\/i0.wp.com\/www.shqiperia.com\/blog\/wp-content\/uploads\/2018\/08\/36755031_10214816049586583_2123171216821846016_n.jpg?fit=693%2C471&ssl=1&resize=525%2C300 1.5x"},"classes":[]},{"id":52649,"url":"https:\/\/www.shqiperia.com\/blog\/lajm-arkiv-a-i-di-keto-edi-rama-spartak-ngjela-plas-bomben-dhe-tregon-cfare-rrezikon-kryeministri-i-shqiperise\/","url_meta":{"origin":31030,"position":5},"title":"Lajm Arkiv: &#8211; \u201cA i di k\u00ebto Edi Rama?\u201d, Spartak Ngjela plas \u2018bomb\u00ebn\u2019 dhe tregon \u00e7far\u00eb rrezikon kryeministri i Shqip\u00ebris\u00eb","author":"Kurt Farka","date":"December 23, 2021","format":false,"excerpt":"Lajm Arkiv: - \u201cA i di k\u00ebto Edi Rama?\u201d, Spartak Ngjela plas \u2018bomb\u00ebn\u2019 dhe tregon \u00e7far\u00eb rrezikon kryeministri i Shqip\u00ebris\u00eb NGA \u00a0Gazeta Sot 12 GUSHT 2021 \"... Bashk\u00eb me Mosk\u00ebn, Beogradi ka bler\u00eb dhe po paguan tre stacione televizive n\u00eb Shqip\u00ebri, nga stacionet me em\u00ebr, por, dhe mbi 60 p\u00ebrqind\u2026","rel":"","context":"In &quot;Blogu i Udh\u00ebtarit&quot;","block_context":{"text":"Blogu i Udh\u00ebtarit","link":"https:\/\/www.shqiperia.com\/blog\/category\/blogu-i-udhetarit\/"},"img":{"alt_text":"","src":"https:\/\/i0.wp.com\/www.shqiperia.com\/blog\/wp-content\/uploads\/2021\/12\/Spartk-Ngjela.jpg?fit=800%2C483&ssl=1&resize=350%2C200","width":350,"height":200,"srcset":"https:\/\/i0.wp.com\/www.shqiperia.com\/blog\/wp-content\/uploads\/2021\/12\/Spartk-Ngjela.jpg?fit=800%2C483&ssl=1&resize=350%2C200 1x, https:\/\/i0.wp.com\/www.shqiperia.com\/blog\/wp-content\/uploads\/2021\/12\/Spartk-Ngjela.jpg?fit=800%2C483&ssl=1&resize=525%2C300 1.5x, https:\/\/i0.wp.com\/www.shqiperia.com\/blog\/wp-content\/uploads\/2021\/12\/Spartk-Ngjela.jpg?fit=800%2C483&ssl=1&resize=700%2C400 2x"},"classes":[]}],"_links":{"self":[{"href":"https:\/\/www.shqiperia.com\/blog\/wp-json\/wp\/v2\/posts\/31030","targetHints":{"allow":["GET"]}}],"collection":[{"href":"https:\/\/www.shqiperia.com\/blog\/wp-json\/wp\/v2\/posts"}],"about":[{"href":"https:\/\/www.shqiperia.com\/blog\/wp-json\/wp\/v2\/types\/post"}],"author":[{"embeddable":true,"href":"https:\/\/www.shqiperia.com\/blog\/wp-json\/wp\/v2\/users\/9"}],"replies":[{"embeddable":true,"href":"https:\/\/www.shqiperia.com\/blog\/wp-json\/wp\/v2\/comments?post=31030"}],"version-history":[{"count":1,"href":"https:\/\/www.shqiperia.com\/blog\/wp-json\/wp\/v2\/posts\/31030\/revisions"}],"predecessor-version":[{"id":31032,"href":"https:\/\/www.shqiperia.com\/blog\/wp-json\/wp\/v2\/posts\/31030\/revisions\/31032"}],"wp:featuredmedia":[{"embeddable":true,"href":"https:\/\/www.shqiperia.com\/blog\/wp-json\/wp\/v2\/media\/31031"}],"wp:attachment":[{"href":"https:\/\/www.shqiperia.com\/blog\/wp-json\/wp\/v2\/media?parent=31030"}],"wp:term":[{"taxonomy":"category","embeddable":true,"href":"https:\/\/www.shqiperia.com\/blog\/wp-json\/wp\/v2\/categories?post=31030"},{"taxonomy":"post_tag","embeddable":true,"href":"https:\/\/www.shqiperia.com\/blog\/wp-json\/wp\/v2\/tags?post=31030"}],"curies":[{"name":"wp","href":"https:\/\/api.w.org\/{rel}","templated":true}]}}