{"id":31026,"date":"2020-02-03T20:29:03","date_gmt":"2020-02-03T20:29:03","guid":{"rendered":"https:\/\/www.shqiperia.com\/blog\/?p=31026"},"modified":"2020-02-03T20:29:25","modified_gmt":"2020-02-03T20:29:25","slug":"rama-pd-ve-ne-dyshim-anti-kck-nuk-kane-pare-gje-akoma","status":"publish","type":"post","link":"https:\/\/www.shqiperia.com\/blog\/rama-pd-ve-ne-dyshim-anti-kck-nuk-kane-pare-gje-akoma\/","title":{"rendered":"Rama: PD v\u00eb n\u00eb dyshim anti-K\u00c7K? Nuk kan\u00eb par\u00eb gj\u00eb akoma"},"content":{"rendered":"<p><img data-recalc-dims=\"1\" loading=\"lazy\" decoding=\"async\" data-attachment-id=\"31027\" data-permalink=\"https:\/\/www.shqiperia.com\/blog\/rama-pd-ve-ne-dyshim-anti-kck-nuk-kane-pare-gje-akoma\/dd-14-905x450\/\" data-orig-file=\"https:\/\/i0.wp.com\/www.shqiperia.com\/blog\/wp-content\/uploads\/2020\/02\/dd-14-905x450-1.jpg?fit=905%2C450&amp;ssl=1\" data-orig-size=\"905,450\" data-comments-opened=\"1\" data-image-meta=\"{&quot;aperture&quot;:&quot;0&quot;,&quot;credit&quot;:&quot;&quot;,&quot;camera&quot;:&quot;&quot;,&quot;caption&quot;:&quot;&quot;,&quot;created_timestamp&quot;:&quot;0&quot;,&quot;copyright&quot;:&quot;&quot;,&quot;focal_length&quot;:&quot;0&quot;,&quot;iso&quot;:&quot;0&quot;,&quot;shutter_speed&quot;:&quot;0&quot;,&quot;title&quot;:&quot;&quot;,&quot;orientation&quot;:&quot;0&quot;}\" data-image-title=\"dd-14-905&#215;450\" data-image-description=\"\" data-image-caption=\"\" data-medium-file=\"https:\/\/i0.wp.com\/www.shqiperia.com\/blog\/wp-content\/uploads\/2020\/02\/dd-14-905x450-1.jpg?fit=300%2C149&amp;ssl=1\" data-large-file=\"https:\/\/i0.wp.com\/www.shqiperia.com\/blog\/wp-content\/uploads\/2020\/02\/dd-14-905x450-1.jpg?fit=905%2C450&amp;ssl=1\" class=\"alignnone wp-image-31027\" alt=\"\" src=\"https:\/\/i0.wp.com\/www.shqiperia.com\/blog\/wp-content\/uploads\/2020\/02\/dd-14-905x450-1.jpg?resize=517%2C257&#038;ssl=1\" width=\"517\" height=\"257\" srcset=\"https:\/\/i0.wp.com\/www.shqiperia.com\/blog\/wp-content\/uploads\/2020\/02\/dd-14-905x450-1.jpg?resize=300%2C149&amp;ssl=1 300w, https:\/\/i0.wp.com\/www.shqiperia.com\/blog\/wp-content\/uploads\/2020\/02\/dd-14-905x450-1.jpg?resize=768%2C382&amp;ssl=1 768w, https:\/\/i0.wp.com\/www.shqiperia.com\/blog\/wp-content\/uploads\/2020\/02\/dd-14-905x450-1.jpg?resize=450%2C224&amp;ssl=1 450w, https:\/\/i0.wp.com\/www.shqiperia.com\/blog\/wp-content\/uploads\/2020\/02\/dd-14-905x450-1.jpg?resize=600%2C298&amp;ssl=1 600w, https:\/\/i0.wp.com\/www.shqiperia.com\/blog\/wp-content\/uploads\/2020\/02\/dd-14-905x450-1.jpg?resize=400%2C199&amp;ssl=1 400w, https:\/\/i0.wp.com\/www.shqiperia.com\/blog\/wp-content\/uploads\/2020\/02\/dd-14-905x450-1.jpg?w=905&amp;ssl=1 905w\" sizes=\"auto, (max-width: 517px) 100vw, 517px\" \/><\/p>\n<p><strong>Rama: PD v\u00eb n\u00eb dyshim anti-K\u00c7K? Nuk kan\u00eb par\u00eb gj\u00eb akoma<\/strong><\/p>\n<p>3 shkurt \u00a02020<\/p>\n<p>Kryeministri Rama u \u00ebsht\u00eb p\u00ebrgjigjur n\u00eb Twitter pretendimeve t\u00eb Partis\u00eb Demokratike p\u00ebr paket\u00ebn \u201canti-K\u00c7K\u201d.<\/p>\n<p>Sipas tij, PD v\u00eb n\u00eb dyshim kushtetueshm\u00ebrin\u00eb e paket\u00ebs antiK\u00c7K, por q\u00eb nuk p\u00ebrb\u00ebn surpriz\u00eb.<\/p>\n<p><em>\u201cPD v\u00eb n\u00eb dyshim kushtetutshm\u00ebrin\u00eb e paket\u00ebs antiK\u00c7K? Asnj\u00eb supriz\u00eb! As kan\u00eb par\u00eb gj\u00eb akoma po as kemi d\u00ebgjuar gj\u00eb akoma nga goja e tyre! Krimin e kan\u00eb mjet politik kund\u00ebr qeveris\u00eb, por s\u2019e kan\u00eb pasur kurr\u00eb n\u00eb sh\u00ebnjestr\u00ebn e tyre! P\u00ebrkundrazi! E kan\u00eb ushqyer e jan\u00eb ushqyer prej tij\u201d,<\/em><em>\u00a0shkruan Rama.<\/em><\/p>\n<p><strong><a href=\"https:\/\/twitter.com\/ediramaal\">Edi Rama<\/a><\/strong><a href=\"https:\/\/twitter.com\/ediramaal\">\u2714@ediramaal<\/a><\/p>\n<p>PD ve n\u00eb dyshim kushtetutshm\u00ebrin\u00eb e paket\u00ebs antiK\u00c7K? Asnj\u00eb supriz\u00eb! As kan\u00eb par\u00eb gj\u00eb akoma po as kemi d\u00ebgjuar gj\u00eb akoma nga goja e tyre! Krimin e kan\u00eb mjet politik kund\u00ebr qeveris\u00eb, por s\u2019e kan\u00eb pasur kurr\u00eb n\u00eb sh\u00ebnjestr\u00ebn e tyre!P\u00ebrkundrazi!E kan\u00eb udhqyer e jan\u00eb ushqyer prej tij<\/p>\n<p><em>j.l.\/ dita<\/em><\/p>\n","protected":false},"excerpt":{"rendered":"<p>Rama: PD v\u00eb n\u00eb dyshim anti-K\u00c7K? Nuk kan\u00eb par\u00eb gj\u00eb akoma 3 shkurt \u00a02020 Kryeministri Rama u \u00ebsht\u00eb p\u00ebrgjigjur n\u00eb Twitter pretendimeve t\u00eb Partis\u00eb Demokratike p\u00ebr paket\u00ebn \u201canti-K\u00c7K\u201d. Sipas tij, PD v\u00eb n\u00eb dyshim kushtetueshm\u00ebrin\u00eb e paket\u00ebs antiK\u00c7K, por q\u00eb nuk p\u00ebrb\u00ebn surpriz\u00eb. \u201cPD v\u00eb n\u00eb dyshim kushtetutshm\u00ebrin\u00eb e paket\u00ebs antiK\u00c7K? Asnj\u00eb supriz\u00eb! As kan\u00eb [&hellip;]<\/p>\n","protected":false},"author":9,"featured_media":31027,"comment_status":"open","ping_status":"open","sticky":false,"template":"","format":"standard","meta":{"jetpack_post_was_ever_published":false,"_jetpack_newsletter_access":"","_jetpack_dont_email_post_to_subs":false,"_jetpack_newsletter_tier_id":0,"_jetpack_memberships_contains_paywalled_content":false,"_jetpack_memberships_contains_paid_content":false,"footnotes":"","jetpack_publicize_message":"","jetpack_publicize_feature_enabled":true,"jetpack_social_post_already_shared":true,"jetpack_social_options":{"image_generator_settings":{"template":"highway","default_image_id":0,"font":"","enabled":false},"version":2}},"categories":[27,35],"tags":[],"class_list":["post-31026","post","type-post","status-publish","format-standard","has-post-thumbnail","hentry","category-blogu-i-udhetarit","category-shoqerore"],"jetpack_publicize_connections":[],"jetpack_featured_media_url":"https:\/\/i0.wp.com\/www.shqiperia.com\/blog\/wp-content\/uploads\/2020\/02\/dd-14-905x450-1.jpg?fit=905%2C450&ssl=1","jetpack_sharing_enabled":true,"jetpack_shortlink":"https:\/\/wp.me\/p5Z6wp-84q","jetpack-related-posts":[{"id":71739,"url":"https:\/\/www.shqiperia.com\/blog\/kemi-nje-alarm-demokracie-ish-deputeti-i-pd-se-ve-ne-dyshim-rezultatin-e-zgjedhjeve\/","url_meta":{"origin":31026,"position":0},"title":"\u201cKemi nj\u00eb alarm demokracie&#8230;\u201d. &#8211; Ish-deputeti i PD-s\u00eb ve n\u00eb dyshim rezultatin e zgjedhjeve","author":"Kurt Farka","date":"May 25, 2023","format":false,"excerpt":"25 Maji 2023 Ish-deputeti i Partis\u00eb Demokratike, Gent Strazimiri komentoi n\u00eb nj\u00eb intervist\u00eb p\u00ebr Euronews Albania rezultatin e zgjedhjeve lokale t\u00eb 14 majit. Sipas tij rezultati \u00ebsht\u00eb i \u00e7uditsh\u00ebm dhe zgjedhjet jan\u00eb manipuluar q\u00eb p\u00ebrpara se qytetar\u00ebt t\u2019i drejtoheshin kutive t\u00eb votimit kur Rama b\u00ebnte thirrje q\u00eb n\u00ebse s\u2019votonin p\u00ebr\u2026","rel":"","context":"In &quot;Blogu i Udh\u00ebtarit&quot;","block_context":{"text":"Blogu i Udh\u00ebtarit","link":"https:\/\/www.shqiperia.com\/blog\/category\/blogu-i-udhetarit\/"},"img":{"alt_text":"","src":"https:\/\/i0.wp.com\/www.shqiperia.com\/blog\/wp-content\/uploads\/2023\/05\/800-0-646f87f8cc238.jpeg?fit=800%2C450&ssl=1&resize=350%2C200","width":350,"height":200,"srcset":"https:\/\/i0.wp.com\/www.shqiperia.com\/blog\/wp-content\/uploads\/2023\/05\/800-0-646f87f8cc238.jpeg?fit=800%2C450&ssl=1&resize=350%2C200 1x, https:\/\/i0.wp.com\/www.shqiperia.com\/blog\/wp-content\/uploads\/2023\/05\/800-0-646f87f8cc238.jpeg?fit=800%2C450&ssl=1&resize=525%2C300 1.5x, https:\/\/i0.wp.com\/www.shqiperia.com\/blog\/wp-content\/uploads\/2023\/05\/800-0-646f87f8cc238.jpeg?fit=800%2C450&ssl=1&resize=700%2C400 2x"},"classes":[]},{"id":29539,"url":"https:\/\/www.shqiperia.com\/blog\/vjen-njeri-qe-ka-fituar-zgjedhjet-dhe-kujton-se-do-shpetoje-boten-rama-sulmon-albin-kurtin-i-them-atyre-qe-nuk-kane-bere-asnje-pune-se\/","url_meta":{"origin":31026,"position":1},"title":"\u201cVjen nj\u00ebri q\u00eb ka fituar zgjedhjet dhe kujton se do shp\u00ebtoj\u00eb bot\u00ebn\u201d- Rama sulmon Albin Kurtin: I them atyre q\u00eb nuk kan\u00eb b\u00ebr\u00eb asnj\u00eb pun\u00eb se\u2026","author":"Kurt Farka","date":"December 21, 2019","format":false,"excerpt":"\u201cVjen nj\u00ebri q\u00eb ka fituar zgjedhjet dhe kujton se do shp\u00ebtoj\u00eb bot\u00ebn\u201d- Rama sulmon Albin Kurtin: I them atyre q\u00eb nuk kan\u00eb b\u00ebr\u00eb asnj\u00eb pun\u00eb se\u2026 19 dhjetor 2019 Kryeministri Edi Rama reagoi ashp\u00ebr ndaj liderit t\u00eb Vet\u00ebvendosje, Albin Kurti, sipas t\u00eb cilit nuk ka b\u00ebr\u00eb asnj\u00eb pun\u00eb n\u00eb jet\u00eb.\u2026","rel":"","context":"In &quot;Blogu i Udh\u00ebtarit&quot;","block_context":{"text":"Blogu i Udh\u00ebtarit","link":"https:\/\/www.shqiperia.com\/blog\/category\/blogu-i-udhetarit\/"},"img":{"alt_text":"","src":"https:\/\/i0.wp.com\/www.shqiperia.com\/blog\/wp-content\/uploads\/2019\/12\/I-patitulluar.jpg?fit=1024%2C538&ssl=1&resize=350%2C200","width":350,"height":200,"srcset":"https:\/\/i0.wp.com\/www.shqiperia.com\/blog\/wp-content\/uploads\/2019\/12\/I-patitulluar.jpg?fit=1024%2C538&ssl=1&resize=350%2C200 1x, https:\/\/i0.wp.com\/www.shqiperia.com\/blog\/wp-content\/uploads\/2019\/12\/I-patitulluar.jpg?fit=1024%2C538&ssl=1&resize=525%2C300 1.5x, https:\/\/i0.wp.com\/www.shqiperia.com\/blog\/wp-content\/uploads\/2019\/12\/I-patitulluar.jpg?fit=1024%2C538&ssl=1&resize=700%2C400 2x"},"classes":[]},{"id":51420,"url":"https:\/\/www.shqiperia.com\/blog\/rama-ka-interesa-qe-te-fuse-pd-ne-ne-qorrsokak-minxhozi-berisha-dhe-basha-duhet-te-reflektojne\/","url_meta":{"origin":31026,"position":2},"title":"\u201cRama ka interesa q\u00eb t\u00eb fus\u00eb PD-n\u00eb n\u00eb qorrsokak\u201d, Minxhozi: &#8211; Berisha dhe Basha duhet t\u00eb reflektojn\u00eb","author":"Kurt Farka","date":"November 16, 2021","format":false,"excerpt":"\u201cRama ka interesa q\u00eb t\u00eb fus\u00eb PD-n\u00eb n\u00eb qorrsokak\u201d, Minxhozi: - Berisha dhe Basha duhet t\u00eb reflektojn\u00eb 15 N\u00ebntor 2021 Analisti Sk\u00ebnder Minxhozi i ftuar n\u00eb emisionin \u2018RealStory\u2019 n\u00eb \u2018News24\u2019\u00a0 foli p\u00ebr zhvillimet e brendshme n\u00eb Partin\u00eb Demokratike. Ndalur tek p\u00ebrplasjet mes ish-kryeministrit Sali Berisha dhe kreut t\u00eb PD-s\u00eb Luzlim\u2026","rel":"","context":"In &quot;Blogu i Udh\u00ebtarit&quot;","block_context":{"text":"Blogu i Udh\u00ebtarit","link":"https:\/\/www.shqiperia.com\/blog\/category\/blogu-i-udhetarit\/"},"img":{"alt_text":"","src":"https:\/\/i0.wp.com\/www.shqiperia.com\/blog\/wp-content\/uploads\/2021\/11\/real-storyy-770x450-1.png?fit=620%2C345&ssl=1&resize=350%2C200","width":350,"height":200,"srcset":"https:\/\/i0.wp.com\/www.shqiperia.com\/blog\/wp-content\/uploads\/2021\/11\/real-storyy-770x450-1.png?fit=620%2C345&ssl=1&resize=350%2C200 1x, https:\/\/i0.wp.com\/www.shqiperia.com\/blog\/wp-content\/uploads\/2021\/11\/real-storyy-770x450-1.png?fit=620%2C345&ssl=1&resize=525%2C300 1.5x"},"classes":[]},{"id":30642,"url":"https:\/\/www.shqiperia.com\/blog\/vendet-e-tjera-kane-mafian-e-tyre-lubonja-ne-shqiperi-e-kunderta-mafia-ka-shtetin-e-vet\/","url_meta":{"origin":31026,"position":3},"title":"\u201cVendet e tjera kan\u00eb mafian e tyre\u201d\/ Lubonja: N\u00eb Shqip\u00ebri e kund\u00ebrta, mafia ka shtetin e vet","author":"Kurt Farka","date":"January 24, 2020","format":false,"excerpt":"\u201cVendet e tjera kan\u00eb mafian e tyre\u201d\/ Lubonja: N\u00eb Shqip\u00ebri e kund\u00ebrta, mafia ka shtetin e vet - 23\/01\/20 Nga mapo.al Analisti Fatos Lubonja thot\u00eb se n\u00eb Shqip\u00ebri mafia ka shtetin e vet. Ndryshe nga vendet e tjera si Italia, ku shteti ka mafien e vet si Camorra apo Ndragheta\u2026","rel":"","context":"In &quot;Blogu i Udh\u00ebtarit&quot;","block_context":{"text":"Blogu i Udh\u00ebtarit","link":"https:\/\/www.shqiperia.com\/blog\/category\/blogu-i-udhetarit\/"},"img":{"alt_text":"","src":"https:\/\/i0.wp.com\/www.shqiperia.com\/blog\/wp-content\/uploads\/2020\/01\/fatos-lubonja.jpg?fit=680%2C382&ssl=1&resize=350%2C200","width":350,"height":200,"srcset":"https:\/\/i0.wp.com\/www.shqiperia.com\/blog\/wp-content\/uploads\/2020\/01\/fatos-lubonja.jpg?fit=680%2C382&ssl=1&resize=350%2C200 1x, https:\/\/i0.wp.com\/www.shqiperia.com\/blog\/wp-content\/uploads\/2020\/01\/fatos-lubonja.jpg?fit=680%2C382&ssl=1&resize=525%2C300 1.5x"},"classes":[]},{"id":31057,"url":"https:\/\/www.shqiperia.com\/blog\/anti-kck-mund-te-kete-sukses-vetem-nese-i-dhemb-mazhorances\/","url_meta":{"origin":31026,"position":4},"title":"Anti-K\u00c7K mund t\u00eb ket\u00eb sukses vet\u00ebm n\u00ebse i dhemb mazhoranc\u00ebs.","author":"Kurt Farka","date":"February 4, 2020","format":false,"excerpt":"Anti-K\u00c7K mund t\u00eb ket\u00eb sukses vet\u00ebm n\u00ebse i dhemb mazhoranc\u00ebs. 03\/02\/20 Gazeta: Mapo.al \u00c7do nis\u00ebm kund\u00ebr krimit, bandave, t\u00eb fort\u00ebve dhe sidomos ndaj aseteve t\u00eb tyre me burim t\u00eb paligjsh\u00ebm, duhet t\u00eb jet\u00eb e mir\u00ebpritur. N\u00eb \u00e7do vend normal, nj\u00eb projekt i till\u00eb duhej t\u00eb g\u00ebzonte konsensus t\u00eb gj\u00ebr\u00eb n\u00eb\u2026","rel":"","context":"In &quot;Blogu i Udh\u00ebtarit&quot;","block_context":{"text":"Blogu i Udh\u00ebtarit","link":"https:\/\/www.shqiperia.com\/blog\/category\/blogu-i-udhetarit\/"},"img":{"alt_text":"","src":"https:\/\/i0.wp.com\/www.shqiperia.com\/blog\/wp-content\/uploads\/2020\/02\/Edi-Rama-dhe-KCK-1.png?fit=512%2C270&ssl=1&resize=350%2C200","width":350,"height":200},"classes":[]},{"id":90582,"url":"https:\/\/www.shqiperia.com\/blog\/shqiperia-do-te-synoje-integrimin-ne-be-por-me-merite-berisha-rames-nuk-ke-pare-gje-akoma-eshte-vetem-fillimi\/","url_meta":{"origin":31026,"position":5},"title":"\u201cShqip\u00ebria do t\u00eb synoj\u00eb integrimin n\u00eb BE, por me merit\u00eb\u201d, Berisha-Ram\u00ebs: &#8211; Nuk ke par\u00eb gj\u00eb akoma, \u00ebsht\u00eb vet\u00ebm fillimi","author":"Kurt Farka","date":"March 19, 2025","format":false,"excerpt":"19 Mars 2025 Kreu i Partis\u00eb Demokratike, Sali Berisha, ka akuzuar kryeministrin Edi Rama si \u201cmashtruesin m\u00eb t\u00eb madh q\u00eb ka njohur politika shqiptare\u201d, duke e cil\u00ebsuar si njeriun q\u00eb ka manipuluar shqiptar\u00ebt p\u00ebr m\u00eb shum\u00eb se nj\u00eb dekad\u00eb. Gjat\u00eb fjal\u00ebs s\u00eb tij, Berisha kujtoi sesi Rama festoi hapjen e\u2026","rel":"","context":"In &quot;Blogu i Udh\u00ebtarit&quot;","block_context":{"text":"Blogu i Udh\u00ebtarit","link":"https:\/\/www.shqiperia.com\/blog\/category\/blogu-i-udhetarit\/"},"img":{"alt_text":"","src":"https:\/\/i0.wp.com\/www.shqiperia.com\/blog\/wp-content\/uploads\/2025\/03\/600-388-dffhszfhfszhsfzhfsdh-1740600350.jpg?fit=600%2C388&ssl=1&resize=350%2C200","width":350,"height":200,"srcset":"https:\/\/i0.wp.com\/www.shqiperia.com\/blog\/wp-content\/uploads\/2025\/03\/600-388-dffhszfhfszhsfzhfsdh-1740600350.jpg?fit=600%2C388&ssl=1&resize=350%2C200 1x, https:\/\/i0.wp.com\/www.shqiperia.com\/blog\/wp-content\/uploads\/2025\/03\/600-388-dffhszfhfszhsfzhfsdh-1740600350.jpg?fit=600%2C388&ssl=1&resize=525%2C300 1.5x"},"classes":[]}],"_links":{"self":[{"href":"https:\/\/www.shqiperia.com\/blog\/wp-json\/wp\/v2\/posts\/31026","targetHints":{"allow":["GET"]}}],"collection":[{"href":"https:\/\/www.shqiperia.com\/blog\/wp-json\/wp\/v2\/posts"}],"about":[{"href":"https:\/\/www.shqiperia.com\/blog\/wp-json\/wp\/v2\/types\/post"}],"author":[{"embeddable":true,"href":"https:\/\/www.shqiperia.com\/blog\/wp-json\/wp\/v2\/users\/9"}],"replies":[{"embeddable":true,"href":"https:\/\/www.shqiperia.com\/blog\/wp-json\/wp\/v2\/comments?post=31026"}],"version-history":[{"count":2,"href":"https:\/\/www.shqiperia.com\/blog\/wp-json\/wp\/v2\/posts\/31026\/revisions"}],"predecessor-version":[{"id":31029,"href":"https:\/\/www.shqiperia.com\/blog\/wp-json\/wp\/v2\/posts\/31026\/revisions\/31029"}],"wp:featuredmedia":[{"embeddable":true,"href":"https:\/\/www.shqiperia.com\/blog\/wp-json\/wp\/v2\/media\/31027"}],"wp:attachment":[{"href":"https:\/\/www.shqiperia.com\/blog\/wp-json\/wp\/v2\/media?parent=31026"}],"wp:term":[{"taxonomy":"category","embeddable":true,"href":"https:\/\/www.shqiperia.com\/blog\/wp-json\/wp\/v2\/categories?post=31026"},{"taxonomy":"post_tag","embeddable":true,"href":"https:\/\/www.shqiperia.com\/blog\/wp-json\/wp\/v2\/tags?post=31026"}],"curies":[{"name":"wp","href":"https:\/\/api.w.org\/{rel}","templated":true}]}}