{"id":31021,"date":"2020-02-03T16:45:39","date_gmt":"2020-02-03T16:45:39","guid":{"rendered":"https:\/\/www.shqiperia.com\/blog\/?p=31021"},"modified":"2020-02-03T16:45:39","modified_gmt":"2020-02-03T16:45:39","slug":"ngrihet-qendra-kombetare-e-librit-alda-bardhyli-prioritet-letersia-dhe-autoret-shqiptare","status":"publish","type":"post","link":"https:\/\/www.shqiperia.com\/blog\/ngrihet-qendra-kombetare-e-librit-alda-bardhyli-prioritet-letersia-dhe-autoret-shqiptare\/","title":{"rendered":"Ngrihet Qendra Komb\u00ebtare e Librit, Alda Bardhyli: Prioritet, let\u00ebrsia dhe autor\u00ebt shqiptar\u00eb"},"content":{"rendered":"<p><img data-recalc-dims=\"1\" loading=\"lazy\" decoding=\"async\" data-attachment-id=\"31022\" data-permalink=\"https:\/\/www.shqiperia.com\/blog\/ngrihet-qendra-kombetare-e-librit-alda-bardhyli-prioritet-letersia-dhe-autoret-shqiptare\/download-52\/\" data-orig-file=\"https:\/\/i0.wp.com\/www.shqiperia.com\/blog\/wp-content\/uploads\/2020\/02\/download.jpg?fit=300%2C168&amp;ssl=1\" data-orig-size=\"300,168\" data-comments-opened=\"1\" data-image-meta=\"{&quot;aperture&quot;:&quot;0&quot;,&quot;credit&quot;:&quot;&quot;,&quot;camera&quot;:&quot;&quot;,&quot;caption&quot;:&quot;&quot;,&quot;created_timestamp&quot;:&quot;0&quot;,&quot;copyright&quot;:&quot;&quot;,&quot;focal_length&quot;:&quot;0&quot;,&quot;iso&quot;:&quot;0&quot;,&quot;shutter_speed&quot;:&quot;0&quot;,&quot;title&quot;:&quot;&quot;,&quot;orientation&quot;:&quot;0&quot;}\" data-image-title=\"download\" data-image-description=\"\" data-image-caption=\"\" data-medium-file=\"https:\/\/i0.wp.com\/www.shqiperia.com\/blog\/wp-content\/uploads\/2020\/02\/download.jpg?fit=300%2C168&amp;ssl=1\" data-large-file=\"https:\/\/i0.wp.com\/www.shqiperia.com\/blog\/wp-content\/uploads\/2020\/02\/download.jpg?fit=300%2C168&amp;ssl=1\" class=\"alignnone  wp-image-31022\" alt=\"\" src=\"https:\/\/i0.wp.com\/www.shqiperia.com\/blog\/wp-content\/uploads\/2020\/02\/download.jpg?resize=573%2C321&#038;ssl=1\" width=\"573\" height=\"321\" \/><\/p>\n<p><strong>Ngrihet Qendra Komb\u00ebtare e Librit, Alda Bardhyli: Prioritet, let\u00ebrsia dhe autor\u00ebt shqiptar\u00eb<\/strong><\/p>\n<p>Nga: <a href=\"https:\/\/shqiptarja.com\/autori\/218\">Valeria Dedaj<br \/>\n<\/a>29 Janar, 2020<\/p>\n<p><span>Studiuesja Alda Bardhyli do t\u00eb drejtoj\u00eb p\u00ebr kat\u00ebr vitet e ardhshme, Qendr\u00ebn Komb\u00ebtare t\u00eb Librit. P\u00ebr ReportTV, Bardhyli shpalos prioritetet q\u00eb do t\u00eb ket\u00eb, ku sipas saj, si rrall\u00ebher\u00eb v\u00ebmendja ndaj autor\u00ebve shqiptar\u00eb do t\u00eb jet\u00eb e madhe. Nd\u00ebrsa, buxheti vjetor q\u00eb i \u00ebsht\u00eb akorduar \u00ebsht\u00eb vet\u00ebm 10 mln lek\u00eb<\/span><\/p>\n<p>Qendra Komb\u00ebtare e Librit do t\u00eb kryesohet nga Alda Bardhyli. E zgjedhur nga ministrja e Kultur\u00ebs, Elva Margariti, studiuesja e quan sfid\u00eb profesionale k\u00ebt\u00eb iniciativ\u00eb, q\u00eb ka n\u00eb qend\u00ebr letrat shqipe. Megjithat\u00eb, d\u00ebshira q\u00eb ajo shpreh n\u00ebp\u00ebrmjet platform\u00ebs s\u00eb saj si kryetare e qendr\u00ebs, \u00ebsht\u00eb q\u00eb t\u00eb ket\u00eb sa m\u00eb shum\u00eb nd\u00ebrgjegj\u00ebsim n\u00eb rritjen e leximit t\u00eb let\u00ebrsis\u00eb shqipe, brenda edhe jasht\u00eb vendit.<\/p>\n<p><em>\u201cMendoj se t\u00eb qenit n\u00eb krye t\u00eb nj\u00eb institucioni komb\u00ebtar \u00ebsht\u00eb nj\u00eb sfid\u00eb e bukur profesionale, q\u00eb kam besim se do t\u00eb jet\u00eb e suksesshme. Un\u00eb besoj shum\u00eb n\u00eb rritjen e nd\u00ebrgjegj\u00ebsimit t\u00eb leximit, besoj q\u00eb libri, let\u00ebrsia, mbetet e vetmja liri me t\u00eb cil\u00ebn mund t\u00eb shkojm\u00eb tek edukimi, tek vazhdim\u00ebsia. K\u00ebto nuk mund t\u00eb vijn\u00eb ndryshe, ve\u00e7se n\u00ebp\u00ebrmjet politikave t\u00eb librit. Platforma ime ka t\u00eb b\u00ebj\u00eb me librin dhe autor\u00ebt shqiptar\u00eb. N\u00eb fokus t\u00eb k\u00ebsaj qendre do t\u00eb jen\u00eb t\u00eb gjitha politikat q\u00eb mbrojn\u00eb autor\u00ebt dhe botuesit, \u00a0n\u00eb m\u00ebnyr\u00eb q\u00eb libri t\u00eb marr\u00eb v\u00ebmendjen e duhur\u201d.<\/em><\/p>\n<p>Qendra e Librit do t\u00eb nis\u00eb q\u00eb t\u00eb funksionoj\u00eb normalisht gjat\u00eb muajit shkurt edhe v\u00ebmendja nuk do t\u00eb jet\u00eb vet\u00ebm tek autor\u00ebt dhe bibliotekat n\u00eb Tiran\u00eb.<\/p>\n<p><em>\u201cMuaji shkurt do t\u00eb finalizoj\u00eb k\u00ebt\u00eb proces q\u00eb ka nisur prej disa jav\u00ebsh. Ekipi q\u00eb do t\u2019i bashk\u00ebngjitet do t\u00eb ket\u00eb n\u00eb qend\u00ebr t\u00eb v\u00ebmendjes, jo vet\u00ebm bibliotekat n\u00eb Tiran\u00eb, por edhe ato n\u00eb rrethe. Do t\u00eb zhvillojm\u00eb politika zhvillimi, duke i dh\u00ebn\u00eb status autorit shqiptar, por edhe do t\u00eb ringjallim let\u00ebrsin\u00eb e atyre autor\u00ebve, q\u00eb jan\u00eb pjes\u00eb e let\u00ebrsis\u00eb son\u00eb, por p\u00ebr t\u00eb cil\u00ebt nuk \u00ebsht\u00eb folur sa duhet deri tani. Jan\u00eb shum\u00eb iniciativa, t\u00eb cilat me d\u00ebshir\u00ebn q\u00eb libri t\u00eb jet\u00eb arma kryesore ku mb\u00ebshtetet nj\u00eb shoq\u00ebri, mendoj se qendra do arrij\u00eb t\u2019i kryej\u00eb\u201d.<\/em><\/p>\n<p><img data-recalc-dims=\"1\" loading=\"lazy\" decoding=\"async\" data-attachment-id=\"31023\" data-permalink=\"https:\/\/www.shqiperia.com\/blog\/ngrihet-qendra-kombetare-e-librit-alda-bardhyli-prioritet-letersia-dhe-autoret-shqiptare\/1580311210_aldabardhyli\/\" data-orig-file=\"https:\/\/i0.wp.com\/www.shqiperia.com\/blog\/wp-content\/uploads\/2020\/02\/1580311210_aldabardhyli.jpg?fit=780%2C440&amp;ssl=1\" data-orig-size=\"780,440\" data-comments-opened=\"1\" data-image-meta=\"{&quot;aperture&quot;:&quot;0&quot;,&quot;credit&quot;:&quot;&quot;,&quot;camera&quot;:&quot;&quot;,&quot;caption&quot;:&quot;&quot;,&quot;created_timestamp&quot;:&quot;0&quot;,&quot;copyright&quot;:&quot;&quot;,&quot;focal_length&quot;:&quot;0&quot;,&quot;iso&quot;:&quot;0&quot;,&quot;shutter_speed&quot;:&quot;0&quot;,&quot;title&quot;:&quot;&quot;,&quot;orientation&quot;:&quot;0&quot;}\" data-image-title=\"1580311210_aldabardhyli\" data-image-description=\"\" data-image-caption=\"\" data-medium-file=\"https:\/\/i0.wp.com\/www.shqiperia.com\/blog\/wp-content\/uploads\/2020\/02\/1580311210_aldabardhyli.jpg?fit=300%2C169&amp;ssl=1\" data-large-file=\"https:\/\/i0.wp.com\/www.shqiperia.com\/blog\/wp-content\/uploads\/2020\/02\/1580311210_aldabardhyli.jpg?fit=780%2C440&amp;ssl=1\" class=\"alignnone  wp-image-31023\" alt=\"\" src=\"https:\/\/i0.wp.com\/www.shqiperia.com\/blog\/wp-content\/uploads\/2020\/02\/1580311210_aldabardhyli.jpg?resize=636%2C358&#038;ssl=1\" width=\"636\" height=\"358\" srcset=\"https:\/\/i0.wp.com\/www.shqiperia.com\/blog\/wp-content\/uploads\/2020\/02\/1580311210_aldabardhyli.jpg?resize=300%2C169&amp;ssl=1 300w, https:\/\/i0.wp.com\/www.shqiperia.com\/blog\/wp-content\/uploads\/2020\/02\/1580311210_aldabardhyli.jpg?resize=768%2C433&amp;ssl=1 768w, https:\/\/i0.wp.com\/www.shqiperia.com\/blog\/wp-content\/uploads\/2020\/02\/1580311210_aldabardhyli.jpg?resize=450%2C254&amp;ssl=1 450w, https:\/\/i0.wp.com\/www.shqiperia.com\/blog\/wp-content\/uploads\/2020\/02\/1580311210_aldabardhyli.jpg?resize=600%2C338&amp;ssl=1 600w, https:\/\/i0.wp.com\/www.shqiperia.com\/blog\/wp-content\/uploads\/2020\/02\/1580311210_aldabardhyli.jpg?resize=400%2C226&amp;ssl=1 400w, https:\/\/i0.wp.com\/www.shqiperia.com\/blog\/wp-content\/uploads\/2020\/02\/1580311210_aldabardhyli.jpg?w=780&amp;ssl=1 780w\" sizes=\"auto, (max-width: 636px) 100vw, 636px\" \/><\/p>\n<p>Teksa na rr\u00ebfen se n\u00eb qend\u00ebr t\u00eb ekipit q\u00eb do t\u00eb merren librin, do t\u00eb ket\u00eb profesionist\u00eb, t\u00eb botimeve dhe bibliotekave n\u00eb rrethe, \u00a0shton se nuk do t\u00eb mungojn\u00eb bashk\u00ebpunimet as me organizata t\u00eb huaja. Nd\u00ebrsa, puna e par\u00eb e Bardhylit si kryetare, nis n\u00eb Qendr\u00ebn Komb\u00ebtare t\u00eb Librit n\u00eb Franc\u00eb<\/p>\n<p><em>\u201cMendoj q\u00eb ta b\u00ebjm\u00eb edhe sa m\u00eb prezent let\u00ebrsin\u00eb shqiptare jasht\u00eb vendit, duke ndihmuar p\u00ebrmes koperimeve me organizata t\u00eb huaja, edhe m\u00eb tej p\u00ebr t\u00eb p\u00ebr\u00e7uar kultur\u00ebn ton\u00eb shpirt\u00ebrore. \u00a0Puna ime e par\u00eb do t\u00eb nis m\u00eb nj\u00eb vizit\u00eb n\u00eb Qendr\u00ebn Komb\u00ebtare t\u00eb Librit n\u00eb Franc\u00eb. Ky \u00ebsht\u00eb modeli m\u00eb i mir\u00eb, ku mendoj se modeli shqiptar duhet q\u00eb t\u00eb mb\u00ebshtetet. \u00a0\u00cbsht\u00eb shum\u00eb e r\u00ebnd\u00ebsishme, q\u00eb gjuha edhe kultura shqiptare t\u00eb p\u00ebr\u00e7ohet edhe n\u00eb kulturat e tjera<\/em>\u201d.<\/p>\n<p>Por, kur e pyesim n\u00ebse do t\u00eb mundet dot q\u00eb k\u00ebto prioritete t\u00eb realizohen me vet\u00ebm 10 mln lek\u00eb? Bardhyli shprehet se:\u00a0<em>\u201c\u00cbsht\u00eb nj\u00eb buxhet minimal, q\u00eb \u00ebsht\u00eb nj\u00eb start i mir\u00eb, p\u00ebr t\u00eb nis nj\u00eb pun\u00eb q\u00eb \u00ebsht\u00eb n\u00eb sh\u00ebrbim t\u00eb librit edhe t\u00eb trash\u00ebgimis\u00eb son\u00eb shpirt\u00ebrore\u201d.<\/em><\/p>\n<p>Qendra Komb\u00ebtare e Librit \u00ebsht\u00eb n\u00eb var\u00ebsi t\u00eb Ministris\u00eb s\u00eb Kultur\u00ebs.<\/p>\n<p>v.d.\/b.ha.\/Shqiptarja.com<\/p>\n","protected":false},"excerpt":{"rendered":"<p>Ngrihet Qendra Komb\u00ebtare e Librit, Alda Bardhyli: Prioritet, let\u00ebrsia dhe autor\u00ebt shqiptar\u00eb Nga: Valeria Dedaj 29 Janar, 2020 Studiuesja Alda Bardhyli do t\u00eb drejtoj\u00eb p\u00ebr kat\u00ebr vitet e ardhshme, Qendr\u00ebn Komb\u00ebtare t\u00eb Librit. P\u00ebr ReportTV, Bardhyli shpalos prioritetet q\u00eb do t\u00eb ket\u00eb, ku sipas saj, si rrall\u00ebher\u00eb v\u00ebmendja ndaj autor\u00ebve shqiptar\u00eb do t\u00eb jet\u00eb e [&hellip;]<\/p>\n","protected":false},"author":9,"featured_media":31022,"comment_status":"open","ping_status":"open","sticky":false,"template":"","format":"standard","meta":{"jetpack_post_was_ever_published":false,"_jetpack_newsletter_access":"","_jetpack_dont_email_post_to_subs":false,"_jetpack_newsletter_tier_id":0,"_jetpack_memberships_contains_paywalled_content":false,"_jetpack_memberships_contains_paid_content":false,"footnotes":"","jetpack_publicize_message":"","jetpack_publicize_feature_enabled":true,"jetpack_social_post_already_shared":true,"jetpack_social_options":{"image_generator_settings":{"template":"highway","default_image_id":0,"font":"","enabled":false},"version":2}},"categories":[10,35],"tags":[],"class_list":["post-31021","post","type-post","status-publish","format-standard","has-post-thumbnail","hentry","category-kultura","category-shoqerore"],"jetpack_publicize_connections":[],"jetpack_featured_media_url":"https:\/\/i0.wp.com\/www.shqiperia.com\/blog\/wp-content\/uploads\/2020\/02\/download.jpg?fit=300%2C168&ssl=1","jetpack_sharing_enabled":true,"jetpack_shortlink":"https:\/\/wp.me\/p5Z6wp-84l","jetpack-related-posts":[{"id":99175,"url":"https:\/\/www.shqiperia.com\/blog\/largohet-alda-bardhyli-arta-marku-emerohet-drejtoreshe-e-qendres-kombetare-te-librit-dhe-leximit\/","url_meta":{"origin":31021,"position":0},"title":"Largohet Alda Bardhyli, Arta Marku em\u00ebrohet drejtoresh\u00eb e Qendr\u00ebs Komb\u00ebtare t\u00eb Librit dhe Leximit","author":"Kurt Farka","date":"April 7, 2026","format":false,"excerpt":"7 Prill 2026 Gazetarja Arta Marku \u00ebsht\u00eb em\u00ebruar Drejtoresh\u00eb e Qendr\u00ebs Komb\u00ebtare t\u00eb Librit dhe Leximit, post t\u00eb cilin m\u00eb her\u00ebt e ka mbajtuar Esmeralda Bardhyli. Ministri i Turizmit, Kultur\u00ebs dhe Sportit,\u00a0Blendi Gonxhja, b\u00ebri t\u00eb ditur t\u00eb mart\u00ebn se n\u00eb krye t\u00eb k\u00ebtij institucioni \u00ebsht\u00eb em\u00ebruar\u00a0Arta Marku. Nuk dihet ende\u2026","rel":"","context":"In &quot;Kultura&quot;","block_context":{"text":"Kultura","link":"https:\/\/www.shqiperia.com\/blog\/category\/kultura\/"},"img":{"alt_text":"","src":"https:\/\/i0.wp.com\/www.shqiperia.com\/blog\/wp-content\/uploads\/2026\/04\/Arta-Marku.jpg?fit=780%2C440&ssl=1&resize=350%2C200","width":350,"height":200,"srcset":"https:\/\/i0.wp.com\/www.shqiperia.com\/blog\/wp-content\/uploads\/2026\/04\/Arta-Marku.jpg?fit=780%2C440&ssl=1&resize=350%2C200 1x, https:\/\/i0.wp.com\/www.shqiperia.com\/blog\/wp-content\/uploads\/2026\/04\/Arta-Marku.jpg?fit=780%2C440&ssl=1&resize=525%2C300 1.5x, https:\/\/i0.wp.com\/www.shqiperia.com\/blog\/wp-content\/uploads\/2026\/04\/Arta-Marku.jpg?fit=780%2C440&ssl=1&resize=700%2C400 2x"},"classes":[]},{"id":56935,"url":"https:\/\/www.shqiperia.com\/blog\/ndodh-edhe-keshtu-qendra-e-librit-konference-ku-i-flet-salles-bosh-konferenca-asdreni-150-vjetori-i-lindjes-se-poetit-te-madh-pa-risi-e-pjesemarres\/","url_meta":{"origin":31021,"position":1},"title":"Ndodh edhe keshtu:- Qendra e Librit Konference ku \u2018i flet\u2019 sall\u00ebs bosh.\u00a0 Konferenca \u2018Asdreni\u2019, 150-vjetori i lindjes s\u00eb poetit t\u00eb madh, pa risi e pjes\u00ebmarr\u00ebs.","author":"Kurt Farka","date":"April 19, 2022","format":false,"excerpt":"Ndodh edhe keshtu:- Qendra e Librit Konference ku \u2018i flet\u2019 sall\u00ebs bosh.\u00a0 Konferenca \u2018Asdreni\u2019, 150-vjetori i lindjes s\u00eb poetit t\u00eb madh, pa risi e pjes\u00ebmarr\u00ebs. 19 Prill 2022 Nga Anila Dedaj Konferenca \u2018Asdreni\u2019, 150-vjetori i lindjes s\u00eb poetit t\u00eb madh, pa risi e pjes\u00ebmarr\u00ebs, Qendra e Librit \u2018i flet\u2019 sall\u00ebs\u2026","rel":"","context":"In &quot;Press Releases&quot;","block_context":{"text":"Press Releases","link":"https:\/\/www.shqiperia.com\/blog\/category\/press-releases\/"},"img":{"alt_text":"","src":"https:\/\/i0.wp.com\/www.shqiperia.com\/blog\/wp-content\/uploads\/2022\/04\/Qendra-e-Librit-Konference-ku-%E2%80%98i-flet-salles-bosh..jpg?fit=539%2C305&ssl=1&resize=350%2C200","width":350,"height":200,"srcset":"https:\/\/i0.wp.com\/www.shqiperia.com\/blog\/wp-content\/uploads\/2022\/04\/Qendra-e-Librit-Konference-ku-%E2%80%98i-flet-salles-bosh..jpg?fit=539%2C305&ssl=1&resize=350%2C200 1x, https:\/\/i0.wp.com\/www.shqiperia.com\/blog\/wp-content\/uploads\/2022\/04\/Qendra-e-Librit-Konference-ku-%E2%80%98i-flet-salles-bosh..jpg?fit=539%2C305&ssl=1&resize=525%2C300 1.5x"},"classes":[]},{"id":38461,"url":"https:\/\/www.shqiperia.com\/blog\/ndahen-cmimet-e-letersise-per-te-rinj-flutura-acka-tre-porosi-per-fituesit\/","url_meta":{"origin":31021,"position":2},"title":"Ndahen \u00e7mimet e let\u00ebrsis\u00eb p\u00ebr t\u00eb rinj, Flutura A\u00e7ka tre porosi p\u00ebr fituesit.","author":"Kurt Farka","date":"September 15, 2020","format":false,"excerpt":"Ndahen \u00e7mimet e let\u00ebrsis\u00eb p\u00ebr t\u00eb rinj, Flutura A\u00e7ka tre porosi p\u00ebr fituesit. Nga Valeria Dedaj 15 Shtator 2020 Ndahen \u00e7mimet e let\u00ebrsis\u00eb p\u00ebr t\u00eb rinj n\u00eb Qendr\u00ebn Komb\u00ebtare t\u00eb Librit. Suad Arilla, Tobias Xhaxhiu dhe Besart Kadia jan\u00eb tre fituesit e projektit \u201cFondi i krijimtaris\u00eb letrare p\u00ebr t\u00eb rinj\u201d.\u2026","rel":"","context":"In &quot;Blogu i Udh\u00ebtarit&quot;","block_context":{"text":"Blogu i Udh\u00ebtarit","link":"https:\/\/www.shqiperia.com\/blog\/category\/blogu-i-udhetarit\/"},"img":{"alt_text":"","src":"https:\/\/i0.wp.com\/www.shqiperia.com\/blog\/wp-content\/uploads\/2020\/09\/5f60c6b9c22dbqkll.jpg?fit=1200%2C675&ssl=1&resize=350%2C200","width":350,"height":200,"srcset":"https:\/\/i0.wp.com\/www.shqiperia.com\/blog\/wp-content\/uploads\/2020\/09\/5f60c6b9c22dbqkll.jpg?fit=1200%2C675&ssl=1&resize=350%2C200 1x, https:\/\/i0.wp.com\/www.shqiperia.com\/blog\/wp-content\/uploads\/2020\/09\/5f60c6b9c22dbqkll.jpg?fit=1200%2C675&ssl=1&resize=525%2C300 1.5x, https:\/\/i0.wp.com\/www.shqiperia.com\/blog\/wp-content\/uploads\/2020\/09\/5f60c6b9c22dbqkll.jpg?fit=1200%2C675&ssl=1&resize=700%2C400 2x, https:\/\/i0.wp.com\/www.shqiperia.com\/blog\/wp-content\/uploads\/2020\/09\/5f60c6b9c22dbqkll.jpg?fit=1200%2C675&ssl=1&resize=1050%2C600 3x"},"classes":[]},{"id":43293,"url":"https:\/\/www.shqiperia.com\/blog\/rrefimi-i-kadarese-ne-prag-te-85-vjetorit-si-e-shkrova-pallatin-e-endrrave-ne-kulmin-e-diktatures-u-thyen-ligjet-e-shenjta-te-letersise\/","url_meta":{"origin":31021,"position":3},"title":"Rr\u00ebfimi i Kadares\u00eb n\u00eb prag t\u00eb 85-vjetorit: Si e shkrova \u201cPallatin e \u00cbndrrave\u201d n\u00eb kulmin e diktatur\u00ebs, u thyen ligjet e shenjta t\u00eb let\u00ebrsis\u00eb","author":"Kurt Farka","date":"January 24, 2021","format":false,"excerpt":"Rr\u00ebfimi i Kadares\u00eb n\u00eb prag t\u00eb 85-vjetorit: Si e shkrova \u201cPallatin e \u00cbndrrave\u201d n\u00eb kulmin e diktatur\u00ebs, u thyen ligjet e shenjta t\u00eb let\u00ebrsis\u00eb 24 janar 2021 Shkrimtari i madh Ismail Kadare, n\u00eb prag t\u00eb 85-vjetorit t\u00eb lindjes ka mbajtur nj\u00eb takim me t\u00eb rinjt\u00eb e klubit letrar t\u00eb Kavaj\u00ebs.\u00a0\u2026","rel":"","context":"In &quot;Blogu i Udh\u00ebtarit&quot;","block_context":{"text":"Blogu i Udh\u00ebtarit","link":"https:\/\/www.shqiperia.com\/blog\/category\/blogu-i-udhetarit\/"},"img":{"alt_text":"","src":"https:\/\/i0.wp.com\/www.shqiperia.com\/blog\/wp-content\/uploads\/2021\/01\/Kadare2-675x450-1.jpg?fit=675%2C450&ssl=1&resize=350%2C200","width":350,"height":200,"srcset":"https:\/\/i0.wp.com\/www.shqiperia.com\/blog\/wp-content\/uploads\/2021\/01\/Kadare2-675x450-1.jpg?fit=675%2C450&ssl=1&resize=350%2C200 1x, https:\/\/i0.wp.com\/www.shqiperia.com\/blog\/wp-content\/uploads\/2021\/01\/Kadare2-675x450-1.jpg?fit=675%2C450&ssl=1&resize=525%2C300 1.5x"},"classes":[]},{"id":20393,"url":"https:\/\/www.shqiperia.com\/blog\/zgjidhen-10-finalistet-e-cmimit-kadare\/","url_meta":{"origin":31021,"position":4},"title":"Zgjidhen 10 finalist\u00ebt e \u00e7mimit Kadare. &#8211;","author":"Kurt Farka","date":"April 28, 2019","format":false,"excerpt":"Zgjidhen 10 finalist\u00ebt e \u00e7mimit Kadare. - 27\/04\/19. Juria edicionit t\u00eb pest\u00eb t\u00eb \u00c7mimit Kadare \u00ebsht\u00eb mbledhur sot n\u00eb ambientet e Universitetit Europian t\u00eb Tiran\u00ebs, p\u00ebr t\u00eb zgjedhur 10 autor\u00ebt q\u00eb do t\u00eb garojn\u00eb p\u00ebr \u00e7mimin e madh. Mbledhja nisi n\u00eb or\u00ebn 10.00 dhe p\u00ebrfundoi n\u00eb or\u00ebn 14.00. 50 dor\u00ebshkrime\u2026","rel":"","context":"In &quot;Blogu i Udh\u00ebtarit&quot;","block_context":{"text":"Blogu i Udh\u00ebtarit","link":"https:\/\/www.shqiperia.com\/blog\/category\/blogu-i-udhetarit\/"},"img":{"alt_text":"","src":"https:\/\/i0.wp.com\/www.shqiperia.com\/blog\/wp-content\/uploads\/2019\/04\/Kadare-1-770x433.jpg?fit=727%2C370&ssl=1&resize=350%2C200","width":350,"height":200,"srcset":"https:\/\/i0.wp.com\/www.shqiperia.com\/blog\/wp-content\/uploads\/2019\/04\/Kadare-1-770x433.jpg?fit=727%2C370&ssl=1&resize=350%2C200 1x, https:\/\/i0.wp.com\/www.shqiperia.com\/blog\/wp-content\/uploads\/2019\/04\/Kadare-1-770x433.jpg?fit=727%2C370&ssl=1&resize=525%2C300 1.5x, https:\/\/i0.wp.com\/www.shqiperia.com\/blog\/wp-content\/uploads\/2019\/04\/Kadare-1-770x433.jpg?fit=727%2C370&ssl=1&resize=700%2C400 2x"},"classes":[]},{"id":8638,"url":"https:\/\/www.shqiperia.com\/blog\/rikard-ljarja-nje-roman-mbi-shfarosjen-e-kishave-nga-komunizmi\/","url_meta":{"origin":31021,"position":5},"title":"Rikard Ljarja, nj\u00eb roman mbi shfarosjen e kishave nga komunizmi.-","author":"Kurt Farka","date":"June 10, 2018","format":false,"excerpt":"Rikard Ljarja, nj\u00eb roman mbi shfarosjen e kishave nga komunizmi. - Rikard Ljarja nj\u00eb em\u00ebr i njohur i kinematografis\u00eb shqiptare ka prezantuar n\u00eb ambientet e Universitetit Europian t\u00eb Tiran\u00ebs romanin \u201cJosifopedia\u201d, botuar nga mapoedition. Libri \u00ebsht\u00eb nj\u00eb rr\u00ebfim p\u00ebrmes nj\u00eb djaloshi me emrin Josif i asaj \u00e7far\u00eb ndodhi me fen\u00eb\u2026","rel":"","context":"In &quot;Blogu i Udh\u00ebtarit&quot;","block_context":{"text":"Blogu i Udh\u00ebtarit","link":"https:\/\/www.shqiperia.com\/blog\/category\/blogu-i-udhetarit\/"},"img":{"alt_text":"","src":"https:\/\/i0.wp.com\/www.shqiperia.com\/blog\/wp-content\/uploads\/2018\/06\/rikard-ljarja-Copy.png?fit=491%2C296&ssl=1&resize=350%2C200","width":350,"height":200},"classes":[]}],"_links":{"self":[{"href":"https:\/\/www.shqiperia.com\/blog\/wp-json\/wp\/v2\/posts\/31021","targetHints":{"allow":["GET"]}}],"collection":[{"href":"https:\/\/www.shqiperia.com\/blog\/wp-json\/wp\/v2\/posts"}],"about":[{"href":"https:\/\/www.shqiperia.com\/blog\/wp-json\/wp\/v2\/types\/post"}],"author":[{"embeddable":true,"href":"https:\/\/www.shqiperia.com\/blog\/wp-json\/wp\/v2\/users\/9"}],"replies":[{"embeddable":true,"href":"https:\/\/www.shqiperia.com\/blog\/wp-json\/wp\/v2\/comments?post=31021"}],"version-history":[{"count":1,"href":"https:\/\/www.shqiperia.com\/blog\/wp-json\/wp\/v2\/posts\/31021\/revisions"}],"predecessor-version":[{"id":31024,"href":"https:\/\/www.shqiperia.com\/blog\/wp-json\/wp\/v2\/posts\/31021\/revisions\/31024"}],"wp:featuredmedia":[{"embeddable":true,"href":"https:\/\/www.shqiperia.com\/blog\/wp-json\/wp\/v2\/media\/31022"}],"wp:attachment":[{"href":"https:\/\/www.shqiperia.com\/blog\/wp-json\/wp\/v2\/media?parent=31021"}],"wp:term":[{"taxonomy":"category","embeddable":true,"href":"https:\/\/www.shqiperia.com\/blog\/wp-json\/wp\/v2\/categories?post=31021"},{"taxonomy":"post_tag","embeddable":true,"href":"https:\/\/www.shqiperia.com\/blog\/wp-json\/wp\/v2\/tags?post=31021"}],"curies":[{"name":"wp","href":"https:\/\/api.w.org\/{rel}","templated":true}]}}