{"id":31014,"date":"2020-02-03T12:27:23","date_gmt":"2020-02-03T12:27:23","guid":{"rendered":"https:\/\/www.shqiperia.com\/blog\/?p=31014"},"modified":"2020-02-03T12:27:23","modified_gmt":"2020-02-03T12:27:23","slug":"banese-nga-nje-fshat-i-permetit","status":"publish","type":"post","link":"https:\/\/www.shqiperia.com\/blog\/banese-nga-nje-fshat-i-permetit\/","title":{"rendered":"Banese nga nje fshat i Permetit."},"content":{"rendered":"<p><img data-recalc-dims=\"1\" loading=\"lazy\" decoding=\"async\" data-attachment-id=\"31015\" data-permalink=\"https:\/\/www.shqiperia.com\/blog\/banese-nga-nje-fshat-i-permetit\/76638423_2565786916872891_4696315625985802240_n-copy\/\" data-orig-file=\"https:\/\/i0.wp.com\/www.shqiperia.com\/blog\/wp-content\/uploads\/2020\/02\/76638423_2565786916872891_4696315625985802240_n-Copy.jpg?fit=846%2C451&amp;ssl=1\" data-orig-size=\"846,451\" data-comments-opened=\"1\" data-image-meta=\"{&quot;aperture&quot;:&quot;0&quot;,&quot;credit&quot;:&quot;&quot;,&quot;camera&quot;:&quot;&quot;,&quot;caption&quot;:&quot;&quot;,&quot;created_timestamp&quot;:&quot;0&quot;,&quot;copyright&quot;:&quot;&quot;,&quot;focal_length&quot;:&quot;0&quot;,&quot;iso&quot;:&quot;0&quot;,&quot;shutter_speed&quot;:&quot;0&quot;,&quot;title&quot;:&quot;&quot;,&quot;orientation&quot;:&quot;0&quot;}\" data-image-title=\"Banese nga nje fshat i Permetit\" data-image-description=\"\" data-image-caption=\"\" data-medium-file=\"https:\/\/i0.wp.com\/www.shqiperia.com\/blog\/wp-content\/uploads\/2020\/02\/76638423_2565786916872891_4696315625985802240_n-Copy.jpg?fit=300%2C160&amp;ssl=1\" data-large-file=\"https:\/\/i0.wp.com\/www.shqiperia.com\/blog\/wp-content\/uploads\/2020\/02\/76638423_2565786916872891_4696315625985802240_n-Copy.jpg?fit=846%2C451&amp;ssl=1\" class=\"alignnone  wp-image-31015\" alt=\"\" src=\"https:\/\/i0.wp.com\/www.shqiperia.com\/blog\/wp-content\/uploads\/2020\/02\/76638423_2565786916872891_4696315625985802240_n-Copy.jpg?resize=536%2C286&#038;ssl=1\" width=\"536\" height=\"286\" srcset=\"https:\/\/i0.wp.com\/www.shqiperia.com\/blog\/wp-content\/uploads\/2020\/02\/76638423_2565786916872891_4696315625985802240_n-Copy.jpg?resize=300%2C160&amp;ssl=1 300w, https:\/\/i0.wp.com\/www.shqiperia.com\/blog\/wp-content\/uploads\/2020\/02\/76638423_2565786916872891_4696315625985802240_n-Copy.jpg?resize=768%2C409&amp;ssl=1 768w, https:\/\/i0.wp.com\/www.shqiperia.com\/blog\/wp-content\/uploads\/2020\/02\/76638423_2565786916872891_4696315625985802240_n-Copy.jpg?resize=450%2C240&amp;ssl=1 450w, https:\/\/i0.wp.com\/www.shqiperia.com\/blog\/wp-content\/uploads\/2020\/02\/76638423_2565786916872891_4696315625985802240_n-Copy.jpg?resize=600%2C320&amp;ssl=1 600w, https:\/\/i0.wp.com\/www.shqiperia.com\/blog\/wp-content\/uploads\/2020\/02\/76638423_2565786916872891_4696315625985802240_n-Copy.jpg?resize=400%2C213&amp;ssl=1 400w, https:\/\/i0.wp.com\/www.shqiperia.com\/blog\/wp-content\/uploads\/2020\/02\/76638423_2565786916872891_4696315625985802240_n-Copy.jpg?w=846&amp;ssl=1 846w\" sizes=\"auto, (max-width: 536px) 100vw, 536px\" \/><\/p>\n<p>Banese nga nje fshat i Permetit.<\/p>\n<p>Foto Anest Jance.<\/p>\n<div id=\"attachment_31016\" style=\"width: 693px\" class=\"wp-caption alignnone\"><img data-recalc-dims=\"1\" loading=\"lazy\" decoding=\"async\" aria-describedby=\"caption-attachment-31016\" data-attachment-id=\"31016\" data-permalink=\"https:\/\/www.shqiperia.com\/blog\/banese-nga-nje-fshat-i-permetit\/76638423_2565786916872891_4696315625985802240_n-2\/\" data-orig-file=\"https:\/\/i0.wp.com\/www.shqiperia.com\/blog\/wp-content\/uploads\/2020\/02\/76638423_2565786916872891_4696315625985802240_n.jpg?fit=960%2C720&amp;ssl=1\" data-orig-size=\"960,720\" data-comments-opened=\"1\" data-image-meta=\"{&quot;aperture&quot;:&quot;0&quot;,&quot;credit&quot;:&quot;&quot;,&quot;camera&quot;:&quot;&quot;,&quot;caption&quot;:&quot;&quot;,&quot;created_timestamp&quot;:&quot;0&quot;,&quot;copyright&quot;:&quot;&quot;,&quot;focal_length&quot;:&quot;0&quot;,&quot;iso&quot;:&quot;0&quot;,&quot;shutter_speed&quot;:&quot;0&quot;,&quot;title&quot;:&quot;&quot;,&quot;orientation&quot;:&quot;0&quot;}\" data-image-title=\"76638423_2565786916872891_4696315625985802240_n\" data-image-description=\"\" data-image-caption=\"&lt;p&gt;Banese nga nje fshat i Permetit&lt;\/p&gt;\n\" data-medium-file=\"https:\/\/i0.wp.com\/www.shqiperia.com\/blog\/wp-content\/uploads\/2020\/02\/76638423_2565786916872891_4696315625985802240_n.jpg?fit=300%2C225&amp;ssl=1\" data-large-file=\"https:\/\/i0.wp.com\/www.shqiperia.com\/blog\/wp-content\/uploads\/2020\/02\/76638423_2565786916872891_4696315625985802240_n.jpg?fit=960%2C720&amp;ssl=1\" class=\" wp-image-31016\" alt=\"\" src=\"https:\/\/i0.wp.com\/www.shqiperia.com\/blog\/wp-content\/uploads\/2020\/02\/76638423_2565786916872891_4696315625985802240_n.jpg?resize=683%2C512&#038;ssl=1\" width=\"683\" height=\"512\" srcset=\"https:\/\/i0.wp.com\/www.shqiperia.com\/blog\/wp-content\/uploads\/2020\/02\/76638423_2565786916872891_4696315625985802240_n.jpg?resize=300%2C225&amp;ssl=1 300w, https:\/\/i0.wp.com\/www.shqiperia.com\/blog\/wp-content\/uploads\/2020\/02\/76638423_2565786916872891_4696315625985802240_n.jpg?resize=768%2C576&amp;ssl=1 768w, https:\/\/i0.wp.com\/www.shqiperia.com\/blog\/wp-content\/uploads\/2020\/02\/76638423_2565786916872891_4696315625985802240_n.jpg?resize=450%2C338&amp;ssl=1 450w, https:\/\/i0.wp.com\/www.shqiperia.com\/blog\/wp-content\/uploads\/2020\/02\/76638423_2565786916872891_4696315625985802240_n.jpg?resize=600%2C450&amp;ssl=1 600w, https:\/\/i0.wp.com\/www.shqiperia.com\/blog\/wp-content\/uploads\/2020\/02\/76638423_2565786916872891_4696315625985802240_n.jpg?resize=400%2C300&amp;ssl=1 400w, https:\/\/i0.wp.com\/www.shqiperia.com\/blog\/wp-content\/uploads\/2020\/02\/76638423_2565786916872891_4696315625985802240_n.jpg?w=960&amp;ssl=1 960w\" sizes=\"auto, (max-width: 683px) 100vw, 683px\" \/><p id=\"caption-attachment-31016\" class=\"wp-caption-text\">Banese nga nje fshat i Permetit<\/p><\/div>\n","protected":false},"excerpt":{"rendered":"<p>Banese nga nje fshat i Permetit. Foto Anest Jance.<\/p>\n","protected":false},"author":9,"featured_media":31015,"comment_status":"open","ping_status":"open","sticky":false,"template":"","format":"standard","meta":{"jetpack_post_was_ever_published":false,"_jetpack_newsletter_access":"","_jetpack_dont_email_post_to_subs":false,"_jetpack_newsletter_tier_id":0,"_jetpack_memberships_contains_paywalled_content":false,"_jetpack_memberships_contains_paid_content":false,"footnotes":"","jetpack_publicize_message":"","jetpack_publicize_feature_enabled":true,"jetpack_social_post_already_shared":true,"jetpack_social_options":{"image_generator_settings":{"template":"highway","default_image_id":0,"font":"","enabled":false},"version":2}},"categories":[10,86],"tags":[],"class_list":["post-31014","post","type-post","status-publish","format-standard","has-post-thumbnail","hentry","category-kultura","category-trashegimi-kulturore"],"jetpack_publicize_connections":[],"jetpack_featured_media_url":"https:\/\/i0.wp.com\/www.shqiperia.com\/blog\/wp-content\/uploads\/2020\/02\/76638423_2565786916872891_4696315625985802240_n-Copy.jpg?fit=846%2C451&ssl=1","jetpack_sharing_enabled":true,"jetpack_shortlink":"https:\/\/wp.me\/p5Z6wp-84e","jetpack-related-posts":[{"id":4472,"url":"https:\/\/www.shqiperia.com\/blog\/dy-gdhendje-guri-nga-nje-banese-300-vjecare-ne-kllojke\/","url_meta":{"origin":31014,"position":0},"title":"Dy gdhendje guri nga nje banese 300 vjecare ne Kllojke. &#8211;","author":"Kurt Farka","date":"March 8, 2018","format":false,"excerpt":"Nga Jaho Brahaj. Elton Ceca me origjine nga ky fshat i vjeter i Tiranes dhe me tradita, kur e ka vizituar vendbanimin e paraardhesve ka realizuar disa foto shume itersante. Ruhet nje banese me moshe mbi treqindvjecare e cila eshte bere objekt studimi dhe dokumentimi edhe nga studiuesit e Institutit\u2026","rel":"","context":"In &quot;Blogu i Udh\u00ebtarit&quot;","block_context":{"text":"Blogu i Udh\u00ebtarit","link":"https:\/\/www.shqiperia.com\/blog\/category\/blogu-i-udhetarit\/"},"img":{"alt_text":"","src":"https:\/\/i0.wp.com\/www.shqiperia.com\/blog\/wp-content\/uploads\/2018\/03\/28783597_10214210210161584_259169055468945408_n-Copy-Copy-300x291.jpg?resize=350%2C200","width":350,"height":200},"classes":[]},{"id":36729,"url":"https:\/\/www.shqiperia.com\/blog\/nga-arkitektura-e-nje-banese-te-fortifikuar-ne-malesine-e-pukes\/","url_meta":{"origin":31014,"position":1},"title":"Nga Arkitektura e nje banese te fortifikuar ne Malesine e Pukes.","author":"Kurt Farka","date":"July 31, 2020","format":false,"excerpt":"Nga Arkitektura e nje banese te fortifikuar ne Malesine e Pukes. Shenim nga Jaho Brahaj. Ne malesite e Veriut si rezultat qe ne shekuj mungonte forca e nje qeverie te organuzuar nga nje shtet, sepse perandorine pushtuese asnjehere nuk e njohen, vete banreve ju binte detyra dhe barra per tu\u2026","rel":"","context":"In &quot;Histori&quot;","block_context":{"text":"Histori","link":"https:\/\/www.shqiperia.com\/blog\/category\/histori\/"},"img":{"alt_text":"","src":"https:\/\/i0.wp.com\/www.shqiperia.com\/blog\/wp-content\/uploads\/2020\/07\/Banese-e-Fortifikuar-Dardhe-Puke-2.jpg?fit=960%2C531&ssl=1&resize=350%2C200","width":350,"height":200,"srcset":"https:\/\/i0.wp.com\/www.shqiperia.com\/blog\/wp-content\/uploads\/2020\/07\/Banese-e-Fortifikuar-Dardhe-Puke-2.jpg?fit=960%2C531&ssl=1&resize=350%2C200 1x, https:\/\/i0.wp.com\/www.shqiperia.com\/blog\/wp-content\/uploads\/2020\/07\/Banese-e-Fortifikuar-Dardhe-Puke-2.jpg?fit=960%2C531&ssl=1&resize=525%2C300 1.5x, https:\/\/i0.wp.com\/www.shqiperia.com\/blog\/wp-content\/uploads\/2020\/07\/Banese-e-Fortifikuar-Dardhe-Puke-2.jpg?fit=960%2C531&ssl=1&resize=700%2C400 2x"},"classes":[]},{"id":1987,"url":"https:\/\/www.shqiperia.com\/blog\/koleksionisti-aposionuar-kristaq-cullufe\/","url_meta":{"origin":31014,"position":2},"title":"Koleksionisti i aposionuar Kristaq Cullufe.","author":"Kurt Farka","date":"January 26, 2018","format":false,"excerpt":"Kristaq Cullufe eshte nga fshati Buhal i rrethit te Permetit. Me zanat hidraulik, por me pasion te pashterur si nje koleksinist dhe guregdhendes, ai ka arritur te mbledh per vite me radhe materiale antike te vjetra duke i bere koleksion. Kristaq Cullufe eshte nga fshati Buhal i rrethit te Permetit.\u2026","rel":"","context":"In &quot;Blogu i Udh\u00ebtarit&quot;","block_context":{"text":"Blogu i Udh\u00ebtarit","link":"https:\/\/www.shqiperia.com\/blog\/category\/blogu-i-udhetarit\/"},"img":{"alt_text":"","src":"https:\/\/i0.wp.com\/www.shqiperia.com\/blog\/wp-content\/uploads\/2018\/01\/Koleksionii-Kristaq-Cullufes-Permet-3.jpg?fit=1200%2C798&ssl=1&resize=350%2C200","width":350,"height":200,"srcset":"https:\/\/i0.wp.com\/www.shqiperia.com\/blog\/wp-content\/uploads\/2018\/01\/Koleksionii-Kristaq-Cullufes-Permet-3.jpg?fit=1200%2C798&ssl=1&resize=350%2C200 1x, https:\/\/i0.wp.com\/www.shqiperia.com\/blog\/wp-content\/uploads\/2018\/01\/Koleksionii-Kristaq-Cullufes-Permet-3.jpg?fit=1200%2C798&ssl=1&resize=525%2C300 1.5x, https:\/\/i0.wp.com\/www.shqiperia.com\/blog\/wp-content\/uploads\/2018\/01\/Koleksionii-Kristaq-Cullufes-Permet-3.jpg?fit=1200%2C798&ssl=1&resize=700%2C400 2x, https:\/\/i0.wp.com\/www.shqiperia.com\/blog\/wp-content\/uploads\/2018\/01\/Koleksionii-Kristaq-Cullufes-Permet-3.jpg?fit=1200%2C798&ssl=1&resize=1050%2C600 3x"},"classes":[]},{"id":36236,"url":"https:\/\/www.shqiperia.com\/blog\/heronj-te-heshtur-udhetim-ne-kohe-ne-banesen-e-vjeter-ne-bual-te-permetit\/","url_meta":{"origin":31014,"position":3},"title":"\u201cHeronj t\u00eb heshtur\u201d\/ Udh\u00ebtim n\u00eb koh\u00eb, n\u00eb banes\u00ebn e vjeter n\u00eb Bual t\u00eb P\u00ebrmetit","author":"Kurt Farka","date":"July 12, 2020","format":false,"excerpt":"\u201cHeronj t\u00eb heshtur\u201d\/ Udh\u00ebtim n\u00eb koh\u00eb, n\u00eb banes\u00ebn e vjeter n\u00eb Bual t\u00eb P\u00ebrmetit 13 QERSHOR 2020\u00a0\u00a0 Sot do t\u00eb flasim p\u00ebr Kristaqin, i cili prej disa vitesh administron banes\u00ebn e tij 120 -vje\u00e7are, nj\u00eb godin\u00eb e shpallur nga Ministria e Kultur\u00ebs \u201cMonument Kulture\u201d. Objekti ndodhet n\u00eb fshatin Bual t\u00eb\u2026","rel":"","context":"In &quot;Histori&quot;","block_context":{"text":"Histori","link":"https:\/\/www.shqiperia.com\/blog\/category\/histori\/"},"img":{"alt_text":"","src":"https:\/\/i0.wp.com\/www.shqiperia.com\/blog\/wp-content\/uploads\/2020\/07\/Banesa-e-Kristaq-Cullufes-Bual-Permet.jpg?fit=938%2C434&ssl=1&resize=350%2C200","width":350,"height":200,"srcset":"https:\/\/i0.wp.com\/www.shqiperia.com\/blog\/wp-content\/uploads\/2020\/07\/Banesa-e-Kristaq-Cullufes-Bual-Permet.jpg?fit=938%2C434&ssl=1&resize=350%2C200 1x, https:\/\/i0.wp.com\/www.shqiperia.com\/blog\/wp-content\/uploads\/2020\/07\/Banesa-e-Kristaq-Cullufes-Bual-Permet.jpg?fit=938%2C434&ssl=1&resize=525%2C300 1.5x, https:\/\/i0.wp.com\/www.shqiperia.com\/blog\/wp-content\/uploads\/2020\/07\/Banesa-e-Kristaq-Cullufes-Bual-Permet.jpg?fit=938%2C434&ssl=1&resize=700%2C400 2x"},"classes":[]},{"id":47540,"url":"https:\/\/www.shqiperia.com\/blog\/erion-brace-nje-leje-ndertimi-ne-fshat-shkon-mbi-7-milion-leke-qeveria-po-i-merr-nje-dhome-bujkut\/","url_meta":{"origin":31014,"position":4},"title":"Erion Bra\u00e7e: &#8211; Nj\u00eb lej\u00eb nd\u00ebrtimi n\u00eb fshat shkon mbi 7 milion lek\u00eb, qeveria po i merr nj\u00eb dhom\u00eb bujkut","author":"Kurt Farka","date":"May 17, 2021","format":false,"excerpt":"Erion Bra\u00e7e: - Nj\u00eb lej\u00eb nd\u00ebrtimi n\u00eb fshat shkon mbi 7 milion lek\u00eb, qeveria po i merr nj\u00eb dhom\u00eb bujkut 16\/05\/2021 Z\u00ebvend\u00ebs-kryeministri Erion Bra\u00e7e ankohet p\u00ebr tarifat e larta t\u00eb nd\u00ebrtimeve n\u00eb fshat, duke th\u00ebn\u00eb se nj\u00eb leje nd\u00ebrtimi shkon mbi milion lek\u00eb. P\u00ebrmes nj\u00eb postimi t\u00eb gjat\u00eb n\u00eb Facebook,\u2026","rel":"","context":"In &quot;Blogu i Udh\u00ebtarit&quot;","block_context":{"text":"Blogu i Udh\u00ebtarit","link":"https:\/\/www.shqiperia.com\/blog\/category\/blogu-i-udhetarit\/"},"img":{"alt_text":"","src":"https:\/\/i0.wp.com\/www.shqiperia.com\/blog\/wp-content\/uploads\/2021\/05\/BRACE-17_8.jpg?fit=385%2C232&ssl=1&resize=350%2C200","width":350,"height":200},"classes":[]},{"id":89240,"url":"https:\/\/www.shqiperia.com\/blog\/mesazh-i-kongresit-te-permetit-drejtuar-titos\/","url_meta":{"origin":31014,"position":5},"title":"Mesazh i Kongresit t\u00eb P\u00ebrmetit drejtuar Titos","author":"Kurt Farka","date":"February 8, 2025","format":false,"excerpt":"8 Shkurt 2025 Mesazh i Kongresit t\u00eb P\u00ebrmetit drejtuar Titos, paragrafi fundit: \u201cLufta juaj \u00ebsht\u00eb garancija e v\u00ebllaz\u00ebrimit t\u00eb popujve ballkanik\u00eb dhe realizimit t\u00eb ides\u00eb s\u00eb madhe t\u00eb nj\u00eb Konferderate Ballkanike.\u201d Ky \u00ebsht\u00eb dokument i marr\u00eb nga arkivat Jugosllave, q\u00eb e hedh n\u00eb er\u00eb tez\u00ebn q\u00eb komunist\u00ebt luftonin p\u00ebr \u00e7lirimin\u2026","rel":"","context":"In &quot;Blogu i Udh\u00ebtarit&quot;","block_context":{"text":"Blogu i Udh\u00ebtarit","link":"https:\/\/www.shqiperia.com\/blog\/category\/blogu-i-udhetarit\/"},"img":{"alt_text":"","src":"https:\/\/i0.wp.com\/www.shqiperia.com\/blog\/wp-content\/uploads\/2025\/02\/476114089_10162243094044127_6267329282837502298_n-Copy.jpg?fit=1200%2C633&ssl=1&resize=350%2C200","width":350,"height":200,"srcset":"https:\/\/i0.wp.com\/www.shqiperia.com\/blog\/wp-content\/uploads\/2025\/02\/476114089_10162243094044127_6267329282837502298_n-Copy.jpg?fit=1200%2C633&ssl=1&resize=350%2C200 1x, https:\/\/i0.wp.com\/www.shqiperia.com\/blog\/wp-content\/uploads\/2025\/02\/476114089_10162243094044127_6267329282837502298_n-Copy.jpg?fit=1200%2C633&ssl=1&resize=525%2C300 1.5x, https:\/\/i0.wp.com\/www.shqiperia.com\/blog\/wp-content\/uploads\/2025\/02\/476114089_10162243094044127_6267329282837502298_n-Copy.jpg?fit=1200%2C633&ssl=1&resize=700%2C400 2x, https:\/\/i0.wp.com\/www.shqiperia.com\/blog\/wp-content\/uploads\/2025\/02\/476114089_10162243094044127_6267329282837502298_n-Copy.jpg?fit=1200%2C633&ssl=1&resize=1050%2C600 3x"},"classes":[]}],"_links":{"self":[{"href":"https:\/\/www.shqiperia.com\/blog\/wp-json\/wp\/v2\/posts\/31014","targetHints":{"allow":["GET"]}}],"collection":[{"href":"https:\/\/www.shqiperia.com\/blog\/wp-json\/wp\/v2\/posts"}],"about":[{"href":"https:\/\/www.shqiperia.com\/blog\/wp-json\/wp\/v2\/types\/post"}],"author":[{"embeddable":true,"href":"https:\/\/www.shqiperia.com\/blog\/wp-json\/wp\/v2\/users\/9"}],"replies":[{"embeddable":true,"href":"https:\/\/www.shqiperia.com\/blog\/wp-json\/wp\/v2\/comments?post=31014"}],"version-history":[{"count":1,"href":"https:\/\/www.shqiperia.com\/blog\/wp-json\/wp\/v2\/posts\/31014\/revisions"}],"predecessor-version":[{"id":31017,"href":"https:\/\/www.shqiperia.com\/blog\/wp-json\/wp\/v2\/posts\/31014\/revisions\/31017"}],"wp:featuredmedia":[{"embeddable":true,"href":"https:\/\/www.shqiperia.com\/blog\/wp-json\/wp\/v2\/media\/31015"}],"wp:attachment":[{"href":"https:\/\/www.shqiperia.com\/blog\/wp-json\/wp\/v2\/media?parent=31014"}],"wp:term":[{"taxonomy":"category","embeddable":true,"href":"https:\/\/www.shqiperia.com\/blog\/wp-json\/wp\/v2\/categories?post=31014"},{"taxonomy":"post_tag","embeddable":true,"href":"https:\/\/www.shqiperia.com\/blog\/wp-json\/wp\/v2\/tags?post=31014"}],"curies":[{"name":"wp","href":"https:\/\/api.w.org\/{rel}","templated":true}]}}