{"id":31006,"date":"2020-02-03T02:29:19","date_gmt":"2020-02-03T02:29:19","guid":{"rendered":"https:\/\/www.shqiperia.com\/blog\/?p=31006"},"modified":"2020-02-03T02:37:24","modified_gmt":"2020-02-03T02:37:24","slug":"i-gjashti-prokuroria-nis-verifikimet-per-nje-tjeter-kryebashkiak","status":"publish","type":"post","link":"https:\/\/www.shqiperia.com\/blog\/i-gjashti-prokuroria-nis-verifikimet-per-nje-tjeter-kryebashkiak\/","title":{"rendered":"\u2018I gjashti\u2019, Prokuroria nis verifikimet p\u00ebr nj\u00eb tjet\u00ebr kryebashkiak."},"content":{"rendered":"<p>\u2018I gjashti\u2019, Prokuroria nis verifikimet p\u00ebr nj\u00eb tjet\u00ebr kryebashkiak.<\/p>\n<p><strong>2 Shkurt 2020 <\/strong><\/p>\n<p>Prokuroria e P\u00ebrgjithshme ka nisur nj\u00eb verifikim p\u00ebr kryebashkiakun socialist t\u00eb Librazhdit, Kastriot Gurra, p\u00ebr t\u00eb kaluar\u00ebn e tij. Pran\u00eb Komisionit Qendror t\u00eb Zgjedhjeve, Prokuroria ka paraqitur nj\u00eb k\u00ebrkes\u00eb p\u00ebr sekuestrimin e formularit t\u00eb tij t\u00eb vet\u00ebdeklarimit p\u00ebr efekt t\u00eb dekriminalizimit.<\/p>\n<p>P\u00ebr kryebashkiakun e Librazhdit nuk ka pasur denoncim n\u00eb media, nd\u00ebrsa ende nuk dihet konkretisht se \u00e7far\u00eb indiciesh ka pasur organi i akuz\u00ebs p\u00ebr t\u00eb nisur verifikimin p\u00ebr t\u00eb kaluar\u00ebn e Gurr\u00ebs.<\/p>\n<p>Emrat e denoncuar deri tani nga Partia Demokratike jan\u00eb; Valdrin Pjetri i Shkodr\u00ebs q\u00eb u largua, Agim Kajmaku i Vor\u00ebs po ashtu u largua, Mark Babani i Vaut t\u00eb Dej\u00ebs, Agron Malaj i Matit dhe Qerim Ismailaj i Mallakastr\u00ebs.<\/p>\n<p>Pak dit\u00eb m\u00eb par\u00eb n\u00eb Report Tv, sekretari i p\u00ebrgjithsh\u00ebm i PD-s\u00eb,\u00a0Gazment Bardhi paralajm\u00ebroi se kan\u00eb gati dosjen p\u00ebr emrin e gjasht\u00eb, por nuk e tregoi.<\/p>\n<p><strong>\u00a9Copyright Gazeta SHQIP<\/strong><\/p>\n","protected":false},"excerpt":{"rendered":"<p>\u2018I gjashti\u2019, Prokuroria nis verifikimet p\u00ebr nj\u00eb tjet\u00ebr kryebashkiak. 2 Shkurt 2020 Prokuroria e P\u00ebrgjithshme ka nisur nj\u00eb verifikim p\u00ebr kryebashkiakun socialist t\u00eb Librazhdit, Kastriot Gurra, p\u00ebr t\u00eb kaluar\u00ebn e tij. Pran\u00eb Komisionit Qendror t\u00eb Zgjedhjeve, Prokuroria ka paraqitur nj\u00eb k\u00ebrkes\u00eb p\u00ebr sekuestrimin e formularit t\u00eb tij t\u00eb vet\u00ebdeklarimit p\u00ebr efekt t\u00eb dekriminalizimit. P\u00ebr kryebashkiakun [&hellip;]<\/p>\n","protected":false},"author":9,"featured_media":31007,"comment_status":"open","ping_status":"open","sticky":false,"template":"","format":"standard","meta":{"jetpack_post_was_ever_published":false,"_jetpack_newsletter_access":"","_jetpack_dont_email_post_to_subs":false,"_jetpack_newsletter_tier_id":0,"_jetpack_memberships_contains_paywalled_content":false,"_jetpack_memberships_contains_paid_content":false,"footnotes":"","jetpack_publicize_message":"","jetpack_publicize_feature_enabled":true,"jetpack_social_post_already_shared":true,"jetpack_social_options":{"image_generator_settings":{"template":"highway","default_image_id":0,"font":"","enabled":false},"version":2}},"categories":[27,1],"tags":[],"class_list":["post-31006","post","type-post","status-publish","format-standard","has-post-thumbnail","hentry","category-blogu-i-udhetarit","category-njoftime-shtypi"],"jetpack_publicize_connections":[],"jetpack_featured_media_url":"https:\/\/i0.wp.com\/www.shqiperia.com\/blog\/wp-content\/uploads\/2020\/02\/Kastriot-Gurra.jpeg?fit=768%2C433&ssl=1","jetpack_sharing_enabled":true,"jetpack_shortlink":"https:\/\/wp.me\/p5Z6wp-846","jetpack-related-posts":[{"id":31011,"url":"https:\/\/www.shqiperia.com\/blog\/i-gjashti-prokuroria-nis-verifikimet-per-nje-tjeter-kryebashkiak-2\/","url_meta":{"origin":31006,"position":0},"title":"\u2018I gjashti\u2019, Prokuroria nis verifikimet p\u00ebr nj\u00eb tjet\u00ebr kryebashkiak","author":"Kurt Farka","date":"February 3, 2020","format":false,"excerpt":"\u2018I gjashti\u2019, Prokuroria nis verifikimet p\u00ebr nj\u00eb tjet\u00ebr kryebashkiak 2 Shkurt 2020 Prokuroria e P\u00ebrgjithshme ka nisur nj\u00eb verifikim p\u00ebr kryebashkiakun socialist t\u00eb Librazhdit, Kastriot Gurra, p\u00ebr t\u00eb kaluar\u00ebn e tij. Pran\u00eb Komisionit Qendror t\u00eb Zgjedhjeve, Prokuroria ka paraqitur nj\u00eb k\u00ebrkes\u00eb p\u00ebr sekuestrimin e formularit t\u00eb tij t\u00eb vet\u00ebdeklarimit p\u00ebr\u2026","rel":"","context":"In &quot;Blogu i Udh\u00ebtarit&quot;","block_context":{"text":"Blogu i Udh\u00ebtarit","link":"https:\/\/www.shqiperia.com\/blog\/category\/blogu-i-udhetarit\/"},"img":{"alt_text":"","src":"https:\/\/i0.wp.com\/www.shqiperia.com\/blog\/wp-content\/uploads\/2020\/02\/Kastriot-Gurra-1.jpeg?fit=768%2C433&ssl=1&resize=350%2C200","width":350,"height":200,"srcset":"https:\/\/i0.wp.com\/www.shqiperia.com\/blog\/wp-content\/uploads\/2020\/02\/Kastriot-Gurra-1.jpeg?fit=768%2C433&ssl=1&resize=350%2C200 1x, https:\/\/i0.wp.com\/www.shqiperia.com\/blog\/wp-content\/uploads\/2020\/02\/Kastriot-Gurra-1.jpeg?fit=768%2C433&ssl=1&resize=525%2C300 1.5x, https:\/\/i0.wp.com\/www.shqiperia.com\/blog\/wp-content\/uploads\/2020\/02\/Kastriot-Gurra-1.jpeg?fit=768%2C433&ssl=1&resize=700%2C400 2x"},"classes":[]},{"id":82441,"url":"https:\/\/www.shqiperia.com\/blog\/prokuroria-e-pergjithshme-nis-verifikimin-per-kryebashkiakun-e-malesise-se-madhe-tonin-marinaj\/","url_meta":{"origin":31006,"position":1},"title":"Prokuroria e P\u00ebrgjithshme nis verifikimin p\u00ebr kryebashkiakun e Mal\u00ebsis\u00eb s\u00eb Madhe, Tonin Marinaj","author":"Kurt Farka","date":"July 4, 2024","format":false,"excerpt":"4 Korrik 2024 Prokuroria e P\u00ebrgjithshme ka pranur k\u00ebrkes\u00ebn e grupit Parlamentar t\u00eb PD-s\u00eb t\u00eb cil\u00ebt kan\u00eb k\u00ebrkuar me an\u00eb t\u00eb nj\u00eb shkrese zyrtare t\u00eb nis\u00eb verifikimin e figur\u00ebs s\u00eb kryetarit t\u00eb Bashkis\u00eb s\u00eb Mal\u00ebsis\u00eb s\u00eb Madhe, Tonin Marinaj. Burime pran\u00eb Kuvendit kan\u00eb siguruar shkres\u00ebn q\u00eb Prokuroria e P\u00ebrgjithshme i\u2026","rel":"","context":"In &quot;Blogu i Udh\u00ebtarit&quot;","block_context":{"text":"Blogu i Udh\u00ebtarit","link":"https:\/\/www.shqiperia.com\/blog\/category\/blogu-i-udhetarit\/"},"img":{"alt_text":"","src":"https:\/\/i0.wp.com\/www.shqiperia.com\/blog\/wp-content\/uploads\/2024\/07\/Tonin-Marinaj-j.jpg?fit=900%2C636&ssl=1&resize=350%2C200","width":350,"height":200,"srcset":"https:\/\/i0.wp.com\/www.shqiperia.com\/blog\/wp-content\/uploads\/2024\/07\/Tonin-Marinaj-j.jpg?fit=900%2C636&ssl=1&resize=350%2C200 1x, https:\/\/i0.wp.com\/www.shqiperia.com\/blog\/wp-content\/uploads\/2024\/07\/Tonin-Marinaj-j.jpg?fit=900%2C636&ssl=1&resize=525%2C300 1.5x, https:\/\/i0.wp.com\/www.shqiperia.com\/blog\/wp-content\/uploads\/2024\/07\/Tonin-Marinaj-j.jpg?fit=900%2C636&ssl=1&resize=700%2C400 2x"},"classes":[]},{"id":28515,"url":"https:\/\/www.shqiperia.com\/blog\/pronat-e-lalzit-vrasja-e-gjyqtarit-konomi-dhe-atentati-ndaj-prokurorit-ndoj\/","url_meta":{"origin":31006,"position":2},"title":"Pronat e Lalzit, vrasja e gjyqtarit Konomi dhe atentati ndaj prokurorit Ndoj","author":"Kurt Farka","date":"November 23, 2019","format":false,"excerpt":"Pronat e Lalzit, vrasja e gjyqtarit Konomi dhe atentati ndaj prokurorit Ndoj 4 N\u00ebntor 2019 Shum\u00eb mund t\u00eb mendojn\u00eb se titulli i k\u00ebtij shkrimi nuk ka asnj\u00eb lidhje me at\u00eb se \u00e7far\u00eb ndodhi t\u00eb enjten. Por faktet e m\u00ebposhtme zbehin \u00e7do dyshim t\u00eb mundsh\u00ebm. S\u00eb pari, sepse atentati u b\u00eb\u2026","rel":"","context":"In &quot;Blogu i Udh\u00ebtarit&quot;","block_context":{"text":"Blogu i Udh\u00ebtarit","link":"https:\/\/www.shqiperia.com\/blog\/category\/blogu-i-udhetarit\/"},"img":{"alt_text":"","src":"https:\/\/i0.wp.com\/www.shqiperia.com\/blog\/wp-content\/uploads\/2019\/11\/844d614f-ec59-4a20-83c5-38c793caa206-1-1024x683-1.jpg?fit=1024%2C518&ssl=1&resize=350%2C200","width":350,"height":200,"srcset":"https:\/\/i0.wp.com\/www.shqiperia.com\/blog\/wp-content\/uploads\/2019\/11\/844d614f-ec59-4a20-83c5-38c793caa206-1-1024x683-1.jpg?fit=1024%2C518&ssl=1&resize=350%2C200 1x, https:\/\/i0.wp.com\/www.shqiperia.com\/blog\/wp-content\/uploads\/2019\/11\/844d614f-ec59-4a20-83c5-38c793caa206-1-1024x683-1.jpg?fit=1024%2C518&ssl=1&resize=525%2C300 1.5x, https:\/\/i0.wp.com\/www.shqiperia.com\/blog\/wp-content\/uploads\/2019\/11\/844d614f-ec59-4a20-83c5-38c793caa206-1-1024x683-1.jpg?fit=1024%2C518&ssl=1&resize=700%2C400 2x"},"classes":[]},{"id":51022,"url":"https:\/\/www.shqiperia.com\/blog\/spak-merr-te-pandehur-kryebashkiakun-e-mallakastres-qerim-ismailaj\/","url_meta":{"origin":31006,"position":3},"title":"Spak merr t\u00eb pandehur Kryebashkiakun e Mallakastr\u00ebs Qerim Ismailaj","author":"Kurt Farka","date":"November 1, 2021","format":false,"excerpt":"Spak merr t\u00eb pandehur Kryebashkiakun e Mallakastr\u00ebs Qerim Ismailaj 1 N\u00ebntor 2021 Prokuroria e Posa\u00e7me kund\u00ebr Korrupsionit dhe Krimit t\u00eb Organizuar Tiran\u00eb, merr t\u00eb pandehur kryetarin e bashkis\u00eb s\u00eb Mallakastr\u00ebs, Qerim Ismailajn dhe e d\u00ebrgon \u00e7\u00ebshtjen n\u00eb gjykate. N\u00eb p\u00ebrfundim t\u00eb hetimeve, Ismailaj akuzohet p\u00ebr vepr\u00ebn penale t\u00eb falsifikimit t\u00eb\u2026","rel":"","context":"In &quot;Politika&quot;","block_context":{"text":"Politika","link":"https:\/\/www.shqiperia.com\/blog\/category\/politika\/"},"img":{"alt_text":"","src":"https:\/\/i0.wp.com\/www.shqiperia.com\/blog\/wp-content\/uploads\/2021\/11\/agron-kapllanaj.jpg?fit=1024%2C538&ssl=1&resize=350%2C200","width":350,"height":200,"srcset":"https:\/\/i0.wp.com\/www.shqiperia.com\/blog\/wp-content\/uploads\/2021\/11\/agron-kapllanaj.jpg?fit=1024%2C538&ssl=1&resize=350%2C200 1x, https:\/\/i0.wp.com\/www.shqiperia.com\/blog\/wp-content\/uploads\/2021\/11\/agron-kapllanaj.jpg?fit=1024%2C538&ssl=1&resize=525%2C300 1.5x, https:\/\/i0.wp.com\/www.shqiperia.com\/blog\/wp-content\/uploads\/2021\/11\/agron-kapllanaj.jpg?fit=1024%2C538&ssl=1&resize=700%2C400 2x"},"classes":[]},{"id":79498,"url":"https:\/\/www.shqiperia.com\/blog\/kerkesa-per-spak-nga-italia-per-kryebashkiakun-e-rrogozhines\/","url_meta":{"origin":31006,"position":4},"title":"K\u00ebrkesa p\u00ebr SPAK nga Italia p\u00ebr kryebashkiakun e Rrogozhin\u00ebs","author":"Kurt Farka","date":"March 22, 2024","format":false,"excerpt":"22 Mars 2024 Kryebashkiaku i Rrogozhin\u00ebs, Edison Memolla \u00ebsht\u00eb n\u00eb gjyq nga SPAK bashk\u00eb me tre persona me akuz\u00ebn e \u201ckorrupsionit aktiv n\u00eb zgjedhje\u201d. N\u00eb cil\u00ebsin\u00eb e kandidatit p\u00ebr kryetar bashkie, n\u00eb zgjedhjet e pjesshme t\u00eb 6 marsit 2022, sipas SPAK ai ndikoi\u00a0te i akuzuari tjet\u00ebr Xhamani, elektricist p\u00ebr t\u00eb\u2026","rel":"","context":"In &quot;Blogu i Udh\u00ebtarit&quot;","block_context":{"text":"Blogu i Udh\u00ebtarit","link":"https:\/\/www.shqiperia.com\/blog\/category\/blogu-i-udhetarit\/"},"img":{"alt_text":"","src":"https:\/\/i0.wp.com\/www.shqiperia.com\/blog\/wp-content\/uploads\/2024\/03\/1700037336_0101-709x400-1.jpg?fit=705%2C400&ssl=1&resize=350%2C200","width":350,"height":200,"srcset":"https:\/\/i0.wp.com\/www.shqiperia.com\/blog\/wp-content\/uploads\/2024\/03\/1700037336_0101-709x400-1.jpg?fit=705%2C400&ssl=1&resize=350%2C200 1x, https:\/\/i0.wp.com\/www.shqiperia.com\/blog\/wp-content\/uploads\/2024\/03\/1700037336_0101-709x400-1.jpg?fit=705%2C400&ssl=1&resize=525%2C300 1.5x, https:\/\/i0.wp.com\/www.shqiperia.com\/blog\/wp-content\/uploads\/2024\/03\/1700037336_0101-709x400-1.jpg?fit=705%2C400&ssl=1&resize=700%2C400 2x"},"classes":[]},{"id":88854,"url":"https:\/\/www.shqiperia.com\/blog\/cucka-kryebashkiak-i-kolonjes-u-jep-banesa-vartesve-shpall-te-pastrehe-drejtoret-e-bashkise-dokumentet\/","url_meta":{"origin":31006,"position":5},"title":"\u201c\u00c7u\u00e7ka\u201d Kryebashkiak i Kolonj\u00ebs u jep banesa vart\u00ebsve, shpall t\u00eb pastreh\u00eb drejtor\u00ebt e Bashkis\u00eb (Dokumentet)","author":"Kurt Farka","date":"January 31, 2025","format":false,"excerpt":"31 Janar 2025 \u201cMiti\u201d se SPAK-u po \u201ctremb\u201d politikan\u00ebt dhe zyrtar\u00ebt e lart\u00eb p\u00ebr t\u00eb mos abuzuar me fondet publike, po zhb\u00ebhet \u00e7do dit\u00eb edhe m\u00eb shum\u00eb. Kjo gj\u00eb konfirmohet edhe nga rasti i fundit i komedianit-kryebashkiak t\u00eb Kolonj\u00ebs, Erion Isai, i njohur ndryshe si \u201c\u00c7u\u00e7ka\u201d, p\u00ebr shkak t\u00eb nj\u00eb\u2026","rel":"","context":"In &quot;Blogu i Udh\u00ebtarit&quot;","block_context":{"text":"Blogu i Udh\u00ebtarit","link":"https:\/\/www.shqiperia.com\/blog\/category\/blogu-i-udhetarit\/"},"img":{"alt_text":"","src":"https:\/\/i0.wp.com\/www.shqiperia.com\/blog\/wp-content\/uploads\/2025\/01\/640-0-26709aec586f458af33789c4b9a63b7d.png?fit=640%2C338&ssl=1&resize=350%2C200","width":350,"height":200,"srcset":"https:\/\/i0.wp.com\/www.shqiperia.com\/blog\/wp-content\/uploads\/2025\/01\/640-0-26709aec586f458af33789c4b9a63b7d.png?fit=640%2C338&ssl=1&resize=350%2C200 1x, https:\/\/i0.wp.com\/www.shqiperia.com\/blog\/wp-content\/uploads\/2025\/01\/640-0-26709aec586f458af33789c4b9a63b7d.png?fit=640%2C338&ssl=1&resize=525%2C300 1.5x"},"classes":[]}],"_links":{"self":[{"href":"https:\/\/www.shqiperia.com\/blog\/wp-json\/wp\/v2\/posts\/31006","targetHints":{"allow":["GET"]}}],"collection":[{"href":"https:\/\/www.shqiperia.com\/blog\/wp-json\/wp\/v2\/posts"}],"about":[{"href":"https:\/\/www.shqiperia.com\/blog\/wp-json\/wp\/v2\/types\/post"}],"author":[{"embeddable":true,"href":"https:\/\/www.shqiperia.com\/blog\/wp-json\/wp\/v2\/users\/9"}],"replies":[{"embeddable":true,"href":"https:\/\/www.shqiperia.com\/blog\/wp-json\/wp\/v2\/comments?post=31006"}],"version-history":[{"count":3,"href":"https:\/\/www.shqiperia.com\/blog\/wp-json\/wp\/v2\/posts\/31006\/revisions"}],"predecessor-version":[{"id":31010,"href":"https:\/\/www.shqiperia.com\/blog\/wp-json\/wp\/v2\/posts\/31006\/revisions\/31010"}],"wp:featuredmedia":[{"embeddable":true,"href":"https:\/\/www.shqiperia.com\/blog\/wp-json\/wp\/v2\/media\/31007"}],"wp:attachment":[{"href":"https:\/\/www.shqiperia.com\/blog\/wp-json\/wp\/v2\/media?parent=31006"}],"wp:term":[{"taxonomy":"category","embeddable":true,"href":"https:\/\/www.shqiperia.com\/blog\/wp-json\/wp\/v2\/categories?post=31006"},{"taxonomy":"post_tag","embeddable":true,"href":"https:\/\/www.shqiperia.com\/blog\/wp-json\/wp\/v2\/tags?post=31006"}],"curies":[{"name":"wp","href":"https:\/\/api.w.org\/{rel}","templated":true}]}}