{"id":31003,"date":"2020-02-03T01:56:50","date_gmt":"2020-02-03T01:56:50","guid":{"rendered":"https:\/\/www.shqiperia.com\/blog\/?p=31003"},"modified":"2020-02-03T01:57:10","modified_gmt":"2020-02-03T01:57:10","slug":"pa-tru-e-zemer-vetem-me-xhep-lirojne-monstra-rama-paralajmeron-gjykatesit-dhe-prokuroret-48-ore-kohe-qe-te-deklaroni-pasurine","status":"publish","type":"post","link":"https:\/\/www.shqiperia.com\/blog\/pa-tru-e-zemer-vetem-me-xhep-lirojne-monstra-rama-paralajmeron-gjykatesit-dhe-prokuroret-48-ore-kohe-qe-te-deklaroni-pasurine\/","title":{"rendered":"\u201cPa tru e zem\u00ebr, vet\u00ebm me xhep. Lirojn\u00eb monstra\u201d, Rama paralajm\u00ebron gjykat\u00ebsit dhe prokuror\u00ebt: 48 or\u00eb koh\u00eb q\u00eb t\u00eb deklaroni pasurin\u00eb"},"content":{"rendered":"<p><img data-recalc-dims=\"1\" loading=\"lazy\" decoding=\"async\" data-attachment-id=\"31004\" data-permalink=\"https:\/\/www.shqiperia.com\/blog\/pa-tru-e-zemer-vetem-me-xhep-lirojne-monstra-rama-paralajmeron-gjykatesit-dhe-prokuroret-48-ore-kohe-qe-te-deklaroni-pasurine\/rama-te-policia-e-shtetit-675x450\/\" data-orig-file=\"https:\/\/i0.wp.com\/www.shqiperia.com\/blog\/wp-content\/uploads\/2020\/02\/rama-te-policia-e-shtetit-675x450-1.jpg?fit=675%2C367&amp;ssl=1\" data-orig-size=\"675,367\" data-comments-opened=\"1\" data-image-meta=\"{&quot;aperture&quot;:&quot;0&quot;,&quot;credit&quot;:&quot;&quot;,&quot;camera&quot;:&quot;&quot;,&quot;caption&quot;:&quot;&quot;,&quot;created_timestamp&quot;:&quot;0&quot;,&quot;copyright&quot;:&quot;&quot;,&quot;focal_length&quot;:&quot;0&quot;,&quot;iso&quot;:&quot;0&quot;,&quot;shutter_speed&quot;:&quot;0&quot;,&quot;title&quot;:&quot;&quot;,&quot;orientation&quot;:&quot;0&quot;}\" data-image-title=\"Edi rama te-policia e shtetit-675&#215;450\" data-image-description=\"\" data-image-caption=\"\" data-medium-file=\"https:\/\/i0.wp.com\/www.shqiperia.com\/blog\/wp-content\/uploads\/2020\/02\/rama-te-policia-e-shtetit-675x450-1.jpg?fit=300%2C163&amp;ssl=1\" data-large-file=\"https:\/\/i0.wp.com\/www.shqiperia.com\/blog\/wp-content\/uploads\/2020\/02\/rama-te-policia-e-shtetit-675x450-1.jpg?fit=675%2C367&amp;ssl=1\" class=\"alignnone wp-image-31004\" alt=\"\" src=\"https:\/\/i0.wp.com\/www.shqiperia.com\/blog\/wp-content\/uploads\/2020\/02\/rama-te-policia-e-shtetit-675x450-1.jpg?resize=721%2C392&#038;ssl=1\" width=\"721\" height=\"392\" srcset=\"https:\/\/i0.wp.com\/www.shqiperia.com\/blog\/wp-content\/uploads\/2020\/02\/rama-te-policia-e-shtetit-675x450-1.jpg?resize=300%2C163&amp;ssl=1 300w, https:\/\/i0.wp.com\/www.shqiperia.com\/blog\/wp-content\/uploads\/2020\/02\/rama-te-policia-e-shtetit-675x450-1.jpg?resize=450%2C245&amp;ssl=1 450w, https:\/\/i0.wp.com\/www.shqiperia.com\/blog\/wp-content\/uploads\/2020\/02\/rama-te-policia-e-shtetit-675x450-1.jpg?resize=600%2C326&amp;ssl=1 600w, https:\/\/i0.wp.com\/www.shqiperia.com\/blog\/wp-content\/uploads\/2020\/02\/rama-te-policia-e-shtetit-675x450-1.jpg?resize=400%2C217&amp;ssl=1 400w, https:\/\/i0.wp.com\/www.shqiperia.com\/blog\/wp-content\/uploads\/2020\/02\/rama-te-policia-e-shtetit-675x450-1.jpg?w=675&amp;ssl=1 675w\" sizes=\"auto, (max-width: 721px) 100vw, 721px\" \/><\/p>\n<p><strong>\u201cPa tru e zem\u00ebr, vet\u00ebm me xhep. Lirojn\u00eb monstra\u201d, Rama paralajm\u00ebron gjykat\u00ebsit dhe prokuror\u00ebt: 48 or\u00eb koh\u00eb q\u00eb t\u00eb deklaroni pasurin\u00eb<\/strong><\/p>\n<p>02 Shkurt, 2020<\/p>\n<p>Me nj\u00eb gjuh\u00eb t\u00eb ashp\u00ebr, kryeministri Edi Rama ka paralajm\u00ebruar t\u00eb gjith\u00eb ata gjykat\u00ebs dhe prokuror\u00eb q\u00eb me vendimet e tyre jan\u00eb b\u00ebr\u00eb pjes\u00eb e bot\u00ebs s\u00eb krimit.<\/p>\n<p>Nga repartin RENEA ku \u00ebsht\u00eb trajnuar Nj\u00ebsia \u2018OPERACIONI FORCA E LIGJIT\u2019, kreu i ekzekutivit duke marr\u00eb shkas dhe nga rasti i gjyqtares Enkeleda Hoxha, e cila dha urdhrin p\u00ebr lirimin e Endrit Dokles, ish-kreun e band\u00ebs s\u00eb Durr\u00ebsit, Rama shpalli \u2018luft\u00eb\u2019 frontale p\u00ebr ata persona t\u00eb sistemit t\u00eb drejt\u00ebsis\u00eb q\u00eb shkelin ligjin.<\/p>\n<p>Mes t\u00eb tjerash Rama paralajm\u00ebroi gjyqtar\u00ebt dhe prokuror\u00ebt q\u00eb duke nisur nga dita e nes\u00ebr, brenda nj\u00eb afati prej 48 or\u00ebsh, duhet t\u00eb plot\u00ebsojn\u00eb nj\u00eb formular p\u00ebr deklarimin e pasuris\u00eb s\u00eb tyre dhe se duhet t\u00eb japin llogari para drejt\u00ebsis\u00eb.<\/p>\n<p>\u201cRasti m\u00eb i fundit ishte ai i nj\u00eb gjykat\u00ebse pa tru, pa sy, pa vesh\u00eb, pa zem\u00ebr. Por vet\u00ebm me xhep. Q\u00eb ka sjell\u00eb lirime monstrash. Nd\u00ebrkoh\u00eb q\u00eb sot jemi t\u00eb vet\u00ebdijsh\u00ebm e do duhet t\u00eb vuajm\u00eb akoma. Pasi ka gjykat\u00ebs dhe prokuror\u00eb q\u00eb e din\u00eb shum\u00eb mir\u00eb se s\u2019kan\u00eb p\u00ebr ta kaluar vettingun dhe jetojn\u00eb n\u00ebn tog\u00ebn e zez\u00eb si t\u00eb ishte dita e fundit e pazarit t\u00eb gj\u00ebs\u00eb s\u00eb gjall\u00eb me moton; \u201ckap \u00e7a t\u00eb kap\u00ebsh\u201d. Dhe p\u00ebr ta kjo paket\u00eb ka nj\u00eb ila\u00e7; Do p\u00ebrgjigjen. N\u00eb mos sot, nes\u00ebr. Nj\u00ebsoj si sot, q\u00eb erdhi koha t\u00eb p\u00ebrgjigjen \u2018t\u00eb fort\u00ebt\u2019 dhe \u2018t\u00eb paprekshmit\u2019 p\u00ebr pasurit\u00eb e tyre, per sht\u00ebpite, bizneset, makinat, tokat. Vettingu nuk \u00ebsht\u00eb gjykat\u00eb, as prokurori. Vettuingu nuk ka p\u00ebr detyr\u00eb q\u00eb t\u00eb nd\u00ebshkoj\u00eb ata t\u00eb cil\u00ebt kan\u00eb v\u00ebn\u00eb pasuri marramend\u00ebse duke e p\u00ebrdorur \u00e7eki\u00e7in e drejt\u00ebsis\u00eb p\u00ebr t\u00eb thyer kafk\u00ebn e drejt\u00ebsis\u00eb. Por \u00ebsht\u00eb faza kur ndotet \u2018i njomi me t\u00eb thatin\u2019. N\u00eb t\u00eb shumt\u00ebn e her\u00ebs k\u00ebta jen\u00eb kriminel\u00eb dhe jo gjykat\u00ebs. Nga nes\u00ebr nj\u00eb let\u00ebr do u drejtohet k\u00ebtyre subjekteve dhe do u k\u00ebrkohet brenda 48 or\u00ebsh q\u00eb t\u00eb plot\u00ebsojn\u00eb k\u00ebrkesat e formularit p\u00ebr burimin e pasuris\u00eb s\u00eb tyre. Dhe pastaj formulari do t\u00eb shkoj s\u00eb tek SPAK. Dhe nga SPAK, n\u00eb gjykat\u00eb. Ata do duhet t\u00eb vin\u00eb para gjykat\u00ebsit deh do duhet t\u00eb tregojn\u00eb se sa fort kan\u00eb punuar tok\u00ebn. Sa ullinj dhe portokalle kan\u00eb mbledhur. 48 or\u00eb formulari, deri n\u00eb 15 dit\u00eb SPAK-u. Pastaj deri n\u00eb 15 dit\u00eb gjykata dhe pastaj lamtumir\u00eb prona juaj! Me pasurit\u00eb e tyre do t\u00eb rrisim rrogat tuaja. Do t\u00eb sh\u00ebrbejn\u00eb si burim p\u00ebr t\u00eb shp\u00ebrblyer pun\u00ebn tuaj, do t\u00eb rrisim mb\u00ebshtetjen p\u00ebr f\u00ebmij\u00ebt e polic\u00ebve t\u00eb vrar\u00eb, do mb\u00ebshtesim Akademin\u00eb e Siguris\u00eb. Paketa Anti-K\u00c7K parashikon bllokimin e l\u00ebvizjes p\u00ebr jasht\u00eb shtetit. Parashikon bllokimin e l\u00ebvizjes jasht\u00eb nj\u00ebsis\u00eb administrative. Jo t\u00eb nisen me autokolona me makina luksoze dhe t\u00eb shkojn\u00eb t\u00eb nxjerrin pushk\u00eb n\u00eb planin e Himar\u00ebs n\u00eb mes t\u00eb sezonit. Paketa parashikon mos pjes\u00ebmarrjen me ligj t\u00eb tyre dhe familjar\u00ebve t\u00eb tyre n\u00eb tendera. E fundit, p\u00ebr prokuror\u00ebt dhe gjykat\u00ebsit q\u00eb godasin shtetin jo me plumba por m\u00eb keq se plumbi me \u00e7eki\u00e7in e drejt\u00ebsis\u00eb. Jo p\u00ebrball\u00eb por mbas shpine. Paketa k\u00ebrkon brenda 3 dit\u00ebsh pezullimin e tyre nga detyra dhe nisjen e hetimit. Ata jan\u00eb bashk\u00eb edhe tani q\u00eb po na shohin dhe un\u00eb ju siguroj q\u00eb ne jemi bashk\u00eb p\u00ebr t\u2019i b\u00ebr\u00eb ata bashk\u00eb atje ku e kan\u00eb vendin.\u201d, tha Rama.<br \/>\n<strong>(BalkanWeb)<\/strong><\/p>\n","protected":false},"excerpt":{"rendered":"<p>\u201cPa tru e zem\u00ebr, vet\u00ebm me xhep. Lirojn\u00eb monstra\u201d, Rama paralajm\u00ebron gjykat\u00ebsit dhe prokuror\u00ebt: 48 or\u00eb koh\u00eb q\u00eb t\u00eb deklaroni pasurin\u00eb 02 Shkurt, 2020 Me nj\u00eb gjuh\u00eb t\u00eb ashp\u00ebr, kryeministri Edi Rama ka paralajm\u00ebruar t\u00eb gjith\u00eb ata gjykat\u00ebs dhe prokuror\u00eb q\u00eb me vendimet e tyre jan\u00eb b\u00ebr\u00eb pjes\u00eb e bot\u00ebs s\u00eb krimit. Nga repartin RENEA [&hellip;]<\/p>\n","protected":false},"author":9,"featured_media":31004,"comment_status":"open","ping_status":"open","sticky":false,"template":"","format":"standard","meta":{"jetpack_post_was_ever_published":false,"_jetpack_newsletter_access":"","_jetpack_dont_email_post_to_subs":false,"_jetpack_newsletter_tier_id":0,"_jetpack_memberships_contains_paywalled_content":false,"_jetpack_memberships_contains_paid_content":false,"footnotes":"","jetpack_publicize_message":"","jetpack_publicize_feature_enabled":true,"jetpack_social_post_already_shared":true,"jetpack_social_options":{"image_generator_settings":{"template":"highway","default_image_id":0,"font":"","enabled":false},"version":2}},"categories":[27,1],"tags":[],"class_list":["post-31003","post","type-post","status-publish","format-standard","has-post-thumbnail","hentry","category-blogu-i-udhetarit","category-njoftime-shtypi"],"jetpack_publicize_connections":[],"jetpack_featured_media_url":"https:\/\/i0.wp.com\/www.shqiperia.com\/blog\/wp-content\/uploads\/2020\/02\/rama-te-policia-e-shtetit-675x450-1.jpg?fit=675%2C367&ssl=1","jetpack_sharing_enabled":true,"jetpack_shortlink":"https:\/\/wp.me\/p5Z6wp-843","jetpack-related-posts":[{"id":46850,"url":"https:\/\/www.shqiperia.com\/blog\/artan-hoxha-nxjerr-pamjet-e-kryeministrit-rama-brenda-zyres-dhe-e-paralajmeron-ke-kohe-deri-te-dielen-mos-u-tremb-ky-emision-eshte-bere-per-ata-qe-kane-zemer-te-forte\/","url_meta":{"origin":31003,"position":0},"title":"Artan Hoxha nxjerr pamjet e kryeministrit Rama brenda zyr\u00ebs dhe e paralajm\u00ebron: &#8211; Ke koh\u00eb deri t\u00eb diel\u00ebn! &#8211; Mos u tremb, ky emision \u00ebsht\u00eb b\u00ebr\u00eb p\u00ebr ata q\u00eb kan\u00eb zem\u00ebr t\u00eb fort\u00eb&#8230;","author":"Kurt Farka","date":"April 23, 2021","format":false,"excerpt":"Artan Hoxha nxjerr pamjet e kryeministrit Rama brenda zyr\u00ebs dhe e paralajm\u00ebron: - Ke koh\u00eb deri t\u00eb diel\u00ebn! - Mos u tremb, ky emision \u00ebsht\u00eb b\u00ebr\u00eb p\u00ebr ata q\u00eb kan\u00eb zem\u00ebr t\u00eb fort\u00eb... 23 PRILL 2021 Gazetari investigativ, Artan Hoxha ka ironizuar kryeministrin Rama duke i publikuar nj\u00eb foto brenda\u2026","rel":"","context":"In &quot;Politika&quot;","block_context":{"text":"Politika","link":"https:\/\/www.shqiperia.com\/blog\/category\/politika\/"},"img":{"alt_text":"","src":"https:\/\/i0.wp.com\/www.shqiperia.com\/blog\/wp-content\/uploads\/2021\/04\/Edi-Rama-5.jpg?fit=640%2C364&ssl=1&resize=350%2C200","width":350,"height":200,"srcset":"https:\/\/i0.wp.com\/www.shqiperia.com\/blog\/wp-content\/uploads\/2021\/04\/Edi-Rama-5.jpg?fit=640%2C364&ssl=1&resize=350%2C200 1x, https:\/\/i0.wp.com\/www.shqiperia.com\/blog\/wp-content\/uploads\/2021\/04\/Edi-Rama-5.jpg?fit=640%2C364&ssl=1&resize=525%2C300 1.5x"},"classes":[]},{"id":89462,"url":"https:\/\/www.shqiperia.com\/blog\/edi-rama-kercenon-spak-dhe-gjkko-paralajmeron-shkaterrimin-e-reformes-ne-drejtesi-dhe-lincon-gjyqtarin\/","url_meta":{"origin":31003,"position":1},"title":"Edi Rama k\u00ebrc\u00ebnon SPAK dhe GJKKO, paralajm\u00ebron shkat\u00ebrrimin e Reform\u00ebs n\u00eb Drejt\u00ebsi dhe lin\u00e7on gjyqtarin\u2026","author":"Kurt Farka","date":"February 13, 2025","format":false,"excerpt":"13 Shkurt 2025 Kryeministri Edi Rama ka k\u00ebrc\u00ebnuar hapur dje SPAK dhe GJKKO duke dh\u00ebn\u00eb sinjale se Reforma n\u00eb Drejt\u00ebsi mund t\u00eb shkat\u00ebrrohet. N\u00eb fjal\u00ebn e tij gjat\u00eb mbledhjes s\u00eb grupit parlamentar socialist, mbajtur dit\u00ebn e djeshme, Rama u shpreh se drejt\u00ebsia e re kan\u00eb shkelur t\u00eb drejtat e njeriut\u2026","rel":"","context":"In &quot;Blogu i Udh\u00ebtarit&quot;","block_context":{"text":"Blogu i Udh\u00ebtarit","link":"https:\/\/www.shqiperia.com\/blog\/category\/blogu-i-udhetarit\/"},"img":{"alt_text":"","src":"https:\/\/i0.wp.com\/www.shqiperia.com\/blog\/wp-content\/uploads\/2025\/02\/foto-faqe-2-2-1140x570-1.jpg?fit=1140%2C570&ssl=1&resize=350%2C200","width":350,"height":200,"srcset":"https:\/\/i0.wp.com\/www.shqiperia.com\/blog\/wp-content\/uploads\/2025\/02\/foto-faqe-2-2-1140x570-1.jpg?fit=1140%2C570&ssl=1&resize=350%2C200 1x, https:\/\/i0.wp.com\/www.shqiperia.com\/blog\/wp-content\/uploads\/2025\/02\/foto-faqe-2-2-1140x570-1.jpg?fit=1140%2C570&ssl=1&resize=525%2C300 1.5x, https:\/\/i0.wp.com\/www.shqiperia.com\/blog\/wp-content\/uploads\/2025\/02\/foto-faqe-2-2-1140x570-1.jpg?fit=1140%2C570&ssl=1&resize=700%2C400 2x, https:\/\/i0.wp.com\/www.shqiperia.com\/blog\/wp-content\/uploads\/2025\/02\/foto-faqe-2-2-1140x570-1.jpg?fit=1140%2C570&ssl=1&resize=1050%2C600 3x"},"classes":[]},{"id":31596,"url":"https:\/\/www.shqiperia.com\/blog\/pse-sekuestrimet-nuk-nisin-nga-vilat-tuaja-si-pergjigjet-rama\/","url_meta":{"origin":31003,"position":2},"title":"Pse sekuestrimet nuk nisin nga vilat tuaja? Si p\u00ebrgjigjet Rama","author":"Kurt Farka","date":"February 19, 2020","format":false,"excerpt":"Pse sekuestrimet nuk nisin nga vilat tuaja? Si p\u00ebrgjigjet Rama 13 \u00a02020 22 Kryeministri \u00ebsht\u00eb pyetur sonte n\u00eb Tv Klan p\u00ebrse aksioni i OFL-s\u00eb p\u00ebr justifikimin e pasuris\u00eb nuk ka nisur nga politikan\u00ebt me vila, dhe nga vet\u00eb Kryeministri. Rama \u00ebsht\u00eb p\u00ebrgjigjur duke th\u00ebn\u00eb se ai dhe t\u00eb gjith\u00eb politikan\u00ebt\u2026","rel":"","context":"In &quot;Blogu i Udh\u00ebtarit&quot;","block_context":{"text":"Blogu i Udh\u00ebtarit","link":"https:\/\/www.shqiperia.com\/blog\/category\/blogu-i-udhetarit\/"},"img":{"alt_text":"","src":"https:\/\/i0.wp.com\/www.shqiperia.com\/blog\/wp-content\/uploads\/2020\/02\/d55-770x433-1-905x450-1.jpg?fit=905%2C450&ssl=1&resize=350%2C200","width":350,"height":200,"srcset":"https:\/\/i0.wp.com\/www.shqiperia.com\/blog\/wp-content\/uploads\/2020\/02\/d55-770x433-1-905x450-1.jpg?fit=905%2C450&ssl=1&resize=350%2C200 1x, https:\/\/i0.wp.com\/www.shqiperia.com\/blog\/wp-content\/uploads\/2020\/02\/d55-770x433-1-905x450-1.jpg?fit=905%2C450&ssl=1&resize=525%2C300 1.5x, https:\/\/i0.wp.com\/www.shqiperia.com\/blog\/wp-content\/uploads\/2020\/02\/d55-770x433-1-905x450-1.jpg?fit=905%2C450&ssl=1&resize=700%2C400 2x"},"classes":[]},{"id":32905,"url":"https:\/\/www.shqiperia.com\/blog\/do-te-paguhet-18-milione-euro-nga-rama-pd-paralajmeron-kryeministrin-ne-kohe-lufte-e-di-se-cfare-i-pret-hajdutet\/","url_meta":{"origin":31003,"position":3},"title":"\u201cDo t\u00eb paguhet 18 milion\u00eb euro nga Rama\u201d, PD paralajm\u00ebron kryeministrin: N\u00eb koh\u00eb lufte e di se \u00e7far\u00eb i pret hajdut\u00ebt&#8230;","author":"Kurt Farka","date":"March 30, 2020","format":false,"excerpt":"\u201cDo t\u00eb paguhet 18 milion\u00eb euro nga Rama\u201d, PD paralajm\u00ebron kryeministrin: N\u00eb koh\u00eb lufte e di se \u00e7far\u00eb i pret hajdut\u00ebt... 29 MARS 2020 Demokrati Eno Bozdo, shprehet se kryeministri Rama do t\u00eb paguaj\u00eb 18 milion\u00eb euro Klodian Zoton k\u00ebt\u00eb vit. Sipas tij, Rama do u jap\u00eb edhe 11 miq\u2026","rel":"","context":"In &quot;Blogu i Udh\u00ebtarit&quot;","block_context":{"text":"Blogu i Udh\u00ebtarit","link":"https:\/\/www.shqiperia.com\/blog\/category\/blogu-i-udhetarit\/"},"img":{"alt_text":"","src":"https:\/\/i0.wp.com\/www.shqiperia.com\/blog\/wp-content\/uploads\/2020\/03\/800-0-5e80f980b6516.jpg?fit=800%2C419&ssl=1&resize=350%2C200","width":350,"height":200,"srcset":"https:\/\/i0.wp.com\/www.shqiperia.com\/blog\/wp-content\/uploads\/2020\/03\/800-0-5e80f980b6516.jpg?fit=800%2C419&ssl=1&resize=350%2C200 1x, https:\/\/i0.wp.com\/www.shqiperia.com\/blog\/wp-content\/uploads\/2020\/03\/800-0-5e80f980b6516.jpg?fit=800%2C419&ssl=1&resize=525%2C300 1.5x, https:\/\/i0.wp.com\/www.shqiperia.com\/blog\/wp-content\/uploads\/2020\/03\/800-0-5e80f980b6516.jpg?fit=800%2C419&ssl=1&resize=700%2C400 2x"},"classes":[]},{"id":6980,"url":"https:\/\/www.shqiperia.com\/blog\/rama-politikanet-nga-me-i-gjati-deri-tek-me-i-shkurtri-do-te-kalojne-ne-site\/","url_meta":{"origin":31003,"position":4},"title":"Rama: \u201cPolitikan\u00ebt nga m\u00eb i gjati deri tek m\u00eb i shkurtri do t\u00eb kalojn\u00eb ne site. &#8211;","author":"Kurt Farka","date":"May 2, 2018","format":false,"excerpt":"Rama: \u201cPolitikan\u00ebt nga m\u00eb i gjati deri tek m\u00eb i shkurtri do t\u00eb kalojn\u00eb ne site. - Kryeministri Edi Rama n\u00eb nj\u00eb takim tek Amfiteatri tek liqeni artificial, ka folur edhe nj\u00eb her\u00eb p\u00ebr Vettingun q\u00eb po b\u00ebhet n\u00eb sistemin gjyq\u00ebsor. Rama deklaroi se si gjykat\u00ebsit dhe prokuror\u00ebt edhe politikan\u00ebt\u2026","rel":"","context":"In &quot;Njoftime Shtypi&quot;","block_context":{"text":"Njoftime Shtypi","link":"https:\/\/www.shqiperia.com\/blog\/category\/njoftime-shtypi\/"},"img":{"alt_text":"","src":"https:\/\/i0.wp.com\/www.shqiperia.com\/blog\/wp-content\/uploads\/2018\/05\/z-1518974566-1724163_1518979774-4711528.jpg?fit=633%2C347&ssl=1&resize=350%2C200","width":350,"height":200,"srcset":"https:\/\/i0.wp.com\/www.shqiperia.com\/blog\/wp-content\/uploads\/2018\/05\/z-1518974566-1724163_1518979774-4711528.jpg?fit=633%2C347&ssl=1&resize=350%2C200 1x, https:\/\/i0.wp.com\/www.shqiperia.com\/blog\/wp-content\/uploads\/2018\/05\/z-1518974566-1724163_1518979774-4711528.jpg?fit=633%2C347&ssl=1&resize=525%2C300 1.5x"},"classes":[]},{"id":76215,"url":"https:\/\/www.shqiperia.com\/blog\/gjysma-e-qeverise-ne-burg-dhe-gjysma-nen-hetim-edi-rama-mbledh-kongresin-e-ps-dhe-nis-sulm-frontal-kunder-shba-dhe-spak-ne-panik-nga-republika-e-prokuroreve\/","url_meta":{"origin":31003,"position":5},"title":"Gjysma e qeveris\u00eb n\u00eb burg dhe gjysma n\u00ebn hetim. &#8211;  Edi Rama mbledh Kongresin e PS dhe nis sulm frontal kund\u00ebr SHBA dhe SPAK, n\u00eb panik nga republika e prokuror\u00ebve","author":"Kurt Farka","date":"December 9, 2023","format":false,"excerpt":"9 Dhjetor 2023 Rama - Kjo \u00ebsht\u00eb Republika e Shqip\u00ebris\u00eb dhe jo Republika e Prokuror\u00ebve dhe gjykat\u00ebse. Kryeministri Edi Rama mblodhi dit\u00ebn e djeshme Kongresin e PS n\u00eb nj\u00eb situat\u00eb ku ai dhe qeveria e tij ndodhet n\u00eb nj\u00eb momentum depresiv, pasi nj\u00eb pjes\u00eb e ministrave dhe deputet\u00ebve socialist\u00eb rrin\u00eb\u2026","rel":"","context":"In &quot;Kultura&quot;","block_context":{"text":"Kultura","link":"https:\/\/www.shqiperia.com\/blog\/category\/kultura\/"},"img":{"alt_text":"","src":"https:\/\/i0.wp.com\/www.shqiperia.com\/blog\/wp-content\/uploads\/2023\/12\/508f0be4-d12e-4dde-be6e-7ed4dcf8dad9-621x450-1.jpg?fit=621%2C377&ssl=1&resize=350%2C200","width":350,"height":200,"srcset":"https:\/\/i0.wp.com\/www.shqiperia.com\/blog\/wp-content\/uploads\/2023\/12\/508f0be4-d12e-4dde-be6e-7ed4dcf8dad9-621x450-1.jpg?fit=621%2C377&ssl=1&resize=350%2C200 1x, https:\/\/i0.wp.com\/www.shqiperia.com\/blog\/wp-content\/uploads\/2023\/12\/508f0be4-d12e-4dde-be6e-7ed4dcf8dad9-621x450-1.jpg?fit=621%2C377&ssl=1&resize=525%2C300 1.5x"},"classes":[]}],"_links":{"self":[{"href":"https:\/\/www.shqiperia.com\/blog\/wp-json\/wp\/v2\/posts\/31003","targetHints":{"allow":["GET"]}}],"collection":[{"href":"https:\/\/www.shqiperia.com\/blog\/wp-json\/wp\/v2\/posts"}],"about":[{"href":"https:\/\/www.shqiperia.com\/blog\/wp-json\/wp\/v2\/types\/post"}],"author":[{"embeddable":true,"href":"https:\/\/www.shqiperia.com\/blog\/wp-json\/wp\/v2\/users\/9"}],"replies":[{"embeddable":true,"href":"https:\/\/www.shqiperia.com\/blog\/wp-json\/wp\/v2\/comments?post=31003"}],"version-history":[{"count":1,"href":"https:\/\/www.shqiperia.com\/blog\/wp-json\/wp\/v2\/posts\/31003\/revisions"}],"predecessor-version":[{"id":31005,"href":"https:\/\/www.shqiperia.com\/blog\/wp-json\/wp\/v2\/posts\/31003\/revisions\/31005"}],"wp:featuredmedia":[{"embeddable":true,"href":"https:\/\/www.shqiperia.com\/blog\/wp-json\/wp\/v2\/media\/31004"}],"wp:attachment":[{"href":"https:\/\/www.shqiperia.com\/blog\/wp-json\/wp\/v2\/media?parent=31003"}],"wp:term":[{"taxonomy":"category","embeddable":true,"href":"https:\/\/www.shqiperia.com\/blog\/wp-json\/wp\/v2\/categories?post=31003"},{"taxonomy":"post_tag","embeddable":true,"href":"https:\/\/www.shqiperia.com\/blog\/wp-json\/wp\/v2\/tags?post=31003"}],"curies":[{"name":"wp","href":"https:\/\/api.w.org\/{rel}","templated":true}]}}