{"id":30991,"date":"2020-02-03T01:05:11","date_gmt":"2020-02-03T01:05:11","guid":{"rendered":"https:\/\/www.shqiperia.com\/blog\/?p=30991"},"modified":"2020-02-03T01:05:32","modified_gmt":"2020-02-03T01:05:32","slug":"kuriozitet-shtylle-me-qendrim-pezull-lepakshi-india","status":"publish","type":"post","link":"https:\/\/www.shqiperia.com\/blog\/kuriozitet-shtylle-me-qendrim-pezull-lepakshi-india\/","title":{"rendered":"Kuriozitet: Shtyll\u00eb me qendrim pezull, Lepakshi India"},"content":{"rendered":"<p><img data-recalc-dims=\"1\" loading=\"lazy\" decoding=\"async\" data-attachment-id=\"30992\" data-permalink=\"https:\/\/www.shqiperia.com\/blog\/kuriozitet-shtylle-me-qendrim-pezull-lepakshi-india\/shtyll-me-qendrim-pezull-lepakshi-indi-copy\/\" data-orig-file=\"https:\/\/i0.wp.com\/www.shqiperia.com\/blog\/wp-content\/uploads\/2020\/02\/Shtyll-me-qendrim-pezull-Lepakshi-Indi-Copy.jpg?fit=896%2C432&amp;ssl=1\" data-orig-size=\"896,432\" data-comments-opened=\"1\" data-image-meta=\"{&quot;aperture&quot;:&quot;0&quot;,&quot;credit&quot;:&quot;&quot;,&quot;camera&quot;:&quot;&quot;,&quot;caption&quot;:&quot;&quot;,&quot;created_timestamp&quot;:&quot;0&quot;,&quot;copyright&quot;:&quot;&quot;,&quot;focal_length&quot;:&quot;0&quot;,&quot;iso&quot;:&quot;0&quot;,&quot;shutter_speed&quot;:&quot;0&quot;,&quot;title&quot;:&quot;&quot;,&quot;orientation&quot;:&quot;0&quot;}\" data-image-title=\"Shtyll me qendrim pezull Lepakshi Indi &#8211; Copy\" data-image-description=\"\" data-image-caption=\"\" data-medium-file=\"https:\/\/i0.wp.com\/www.shqiperia.com\/blog\/wp-content\/uploads\/2020\/02\/Shtyll-me-qendrim-pezull-Lepakshi-Indi-Copy.jpg?fit=300%2C145&amp;ssl=1\" data-large-file=\"https:\/\/i0.wp.com\/www.shqiperia.com\/blog\/wp-content\/uploads\/2020\/02\/Shtyll-me-qendrim-pezull-Lepakshi-Indi-Copy.jpg?fit=896%2C432&amp;ssl=1\" class=\"alignnone wp-image-30992\" alt=\"\" src=\"https:\/\/i0.wp.com\/www.shqiperia.com\/blog\/wp-content\/uploads\/2020\/02\/Shtyll-me-qendrim-pezull-Lepakshi-Indi-Copy.jpg?resize=623%2C301&#038;ssl=1\" width=\"623\" height=\"301\" srcset=\"https:\/\/i0.wp.com\/www.shqiperia.com\/blog\/wp-content\/uploads\/2020\/02\/Shtyll-me-qendrim-pezull-Lepakshi-Indi-Copy.jpg?resize=300%2C145&amp;ssl=1 300w, https:\/\/i0.wp.com\/www.shqiperia.com\/blog\/wp-content\/uploads\/2020\/02\/Shtyll-me-qendrim-pezull-Lepakshi-Indi-Copy.jpg?resize=768%2C370&amp;ssl=1 768w, https:\/\/i0.wp.com\/www.shqiperia.com\/blog\/wp-content\/uploads\/2020\/02\/Shtyll-me-qendrim-pezull-Lepakshi-Indi-Copy.jpg?resize=450%2C217&amp;ssl=1 450w, https:\/\/i0.wp.com\/www.shqiperia.com\/blog\/wp-content\/uploads\/2020\/02\/Shtyll-me-qendrim-pezull-Lepakshi-Indi-Copy.jpg?resize=600%2C289&amp;ssl=1 600w, https:\/\/i0.wp.com\/www.shqiperia.com\/blog\/wp-content\/uploads\/2020\/02\/Shtyll-me-qendrim-pezull-Lepakshi-Indi-Copy.jpg?resize=400%2C193&amp;ssl=1 400w, https:\/\/i0.wp.com\/www.shqiperia.com\/blog\/wp-content\/uploads\/2020\/02\/Shtyll-me-qendrim-pezull-Lepakshi-Indi-Copy.jpg?w=896&amp;ssl=1 896w\" sizes=\"auto, (max-width: 623px) 100vw, 623px\" \/><\/p>\n<p>Shtyll\u00eb me qendrim pezull<br \/>\nLepakshi India<\/p>\n<p>P\u00ebr gurin q\u00eb rri n\u00eb aj\u00ebr thonin q\u00eb asht n\u00eb Mek\u00eb. Masnej thane se ashte meteorit i zi, t\u00eb cilin profeti Muhamed e ka vu me dor\u00ebn e tij n\u00eb fund t\u00eb murit, me q\u00ebllim q\u00eb aty t\u00eb ndalen lutjet dhe njer\u00ebzit ti shtrohen pun\u00ebs n\u00ebp\u00ebr sht\u00ebpait e veta, Se ky ishte q\u00ebllimii i haxhillikut&#8230;por me t\u00eb v\u00ebrtet\u00eb qenka nje kollon\u00eb guri disa tonelata q\u00eb q\u00ebndronka n\u00eb aj\u00ebr 2 cm mbi tok\u00eb n\u00eb Indi.<\/p>\n<p>&#8221; Nj\u00eb nga k\u00ebto mistere apo th\u00ebnie arkitekturore intelekturore q\u00eb vazhdojn\u00eb t\u00eb fluturojn\u00eb n\u00eb mendjet e shkenc\u00ebtar\u00ebve dhe arkitekt\u00ebve \u00ebsht\u00eb nj\u00eb nga shtyllat e suspenduar t\u00eb tempullit t\u00eb lepakshi. Shtylla si me qendrim pezull esht\u00eb nj\u00eb t\u00ebrheqese e till\u00eb e atij vendi q\u00eb kushdo q\u00eb e viziton p\u00ebr her\u00eb t\u00eb par\u00eb mbetet i habitur p\u00ebr nj\u00eb koh\u00eb.<br \/>\n<img data-recalc-dims=\"1\" loading=\"lazy\" decoding=\"async\" data-attachment-id=\"30993\" data-permalink=\"https:\/\/www.shqiperia.com\/blog\/kuriozitet-shtylle-me-qendrim-pezull-lepakshi-india\/shtyll-me-qendrim-pezull-lepakshi-indi-2\/\" data-orig-file=\"https:\/\/i0.wp.com\/www.shqiperia.com\/blog\/wp-content\/uploads\/2020\/02\/Shtyll-me-qendrim-pezull-Lepakshi-Indi-2.jpg?fit=800%2C600&amp;ssl=1\" data-orig-size=\"800,600\" data-comments-opened=\"1\" data-image-meta=\"{&quot;aperture&quot;:&quot;0&quot;,&quot;credit&quot;:&quot;&quot;,&quot;camera&quot;:&quot;&quot;,&quot;caption&quot;:&quot;&quot;,&quot;created_timestamp&quot;:&quot;0&quot;,&quot;copyright&quot;:&quot;&quot;,&quot;focal_length&quot;:&quot;0&quot;,&quot;iso&quot;:&quot;0&quot;,&quot;shutter_speed&quot;:&quot;0&quot;,&quot;title&quot;:&quot;&quot;,&quot;orientation&quot;:&quot;0&quot;}\" data-image-title=\"Shtyll me qendrim pezull Lepakshi Indi (2)\" data-image-description=\"\" data-image-caption=\"\" data-medium-file=\"https:\/\/i0.wp.com\/www.shqiperia.com\/blog\/wp-content\/uploads\/2020\/02\/Shtyll-me-qendrim-pezull-Lepakshi-Indi-2.jpg?fit=300%2C225&amp;ssl=1\" data-large-file=\"https:\/\/i0.wp.com\/www.shqiperia.com\/blog\/wp-content\/uploads\/2020\/02\/Shtyll-me-qendrim-pezull-Lepakshi-Indi-2.jpg?fit=800%2C600&amp;ssl=1\" class=\"alignnone wp-image-30993\" alt=\"\" src=\"https:\/\/i0.wp.com\/www.shqiperia.com\/blog\/wp-content\/uploads\/2020\/02\/Shtyll-me-qendrim-pezull-Lepakshi-Indi-2.jpg?resize=679%2C509&#038;ssl=1\" width=\"679\" height=\"509\" srcset=\"https:\/\/i0.wp.com\/www.shqiperia.com\/blog\/wp-content\/uploads\/2020\/02\/Shtyll-me-qendrim-pezull-Lepakshi-Indi-2.jpg?resize=300%2C225&amp;ssl=1 300w, https:\/\/i0.wp.com\/www.shqiperia.com\/blog\/wp-content\/uploads\/2020\/02\/Shtyll-me-qendrim-pezull-Lepakshi-Indi-2.jpg?resize=768%2C576&amp;ssl=1 768w, https:\/\/i0.wp.com\/www.shqiperia.com\/blog\/wp-content\/uploads\/2020\/02\/Shtyll-me-qendrim-pezull-Lepakshi-Indi-2.jpg?resize=450%2C338&amp;ssl=1 450w, https:\/\/i0.wp.com\/www.shqiperia.com\/blog\/wp-content\/uploads\/2020\/02\/Shtyll-me-qendrim-pezull-Lepakshi-Indi-2.jpg?resize=600%2C450&amp;ssl=1 600w, https:\/\/i0.wp.com\/www.shqiperia.com\/blog\/wp-content\/uploads\/2020\/02\/Shtyll-me-qendrim-pezull-Lepakshi-Indi-2.jpg?resize=400%2C300&amp;ssl=1 400w, https:\/\/i0.wp.com\/www.shqiperia.com\/blog\/wp-content\/uploads\/2020\/02\/Shtyll-me-qendrim-pezull-Lepakshi-Indi-2.jpg?w=800&amp;ssl=1 800w\" sizes=\"auto, (max-width: 679px) 100vw, 679px\" \/><\/p>\n<p><img data-recalc-dims=\"1\" loading=\"lazy\" decoding=\"async\" data-attachment-id=\"30994\" data-permalink=\"https:\/\/www.shqiperia.com\/blog\/kuriozitet-shtylle-me-qendrim-pezull-lepakshi-india\/shtyll-me-qendrim-pezull-lepakshi-indi-4\/\" data-orig-file=\"https:\/\/i0.wp.com\/www.shqiperia.com\/blog\/wp-content\/uploads\/2020\/02\/Shtyll-me-qendrim-pezull-Lepakshi-Indi-4.jpg?fit=960%2C540&amp;ssl=1\" data-orig-size=\"960,540\" data-comments-opened=\"1\" data-image-meta=\"{&quot;aperture&quot;:&quot;0&quot;,&quot;credit&quot;:&quot;&quot;,&quot;camera&quot;:&quot;&quot;,&quot;caption&quot;:&quot;&quot;,&quot;created_timestamp&quot;:&quot;0&quot;,&quot;copyright&quot;:&quot;&quot;,&quot;focal_length&quot;:&quot;0&quot;,&quot;iso&quot;:&quot;0&quot;,&quot;shutter_speed&quot;:&quot;0&quot;,&quot;title&quot;:&quot;&quot;,&quot;orientation&quot;:&quot;0&quot;}\" data-image-title=\"Shtyll me qendrim pezull Lepakshi Indi (4)\" data-image-description=\"\" data-image-caption=\"\" data-medium-file=\"https:\/\/i0.wp.com\/www.shqiperia.com\/blog\/wp-content\/uploads\/2020\/02\/Shtyll-me-qendrim-pezull-Lepakshi-Indi-4.jpg?fit=300%2C169&amp;ssl=1\" data-large-file=\"https:\/\/i0.wp.com\/www.shqiperia.com\/blog\/wp-content\/uploads\/2020\/02\/Shtyll-me-qendrim-pezull-Lepakshi-Indi-4.jpg?fit=960%2C540&amp;ssl=1\" class=\"alignnone wp-image-30994\" alt=\"\" src=\"https:\/\/i0.wp.com\/www.shqiperia.com\/blog\/wp-content\/uploads\/2020\/02\/Shtyll-me-qendrim-pezull-Lepakshi-Indi-4.jpg?resize=825%2C465&#038;ssl=1\" width=\"825\" height=\"465\" srcset=\"https:\/\/i0.wp.com\/www.shqiperia.com\/blog\/wp-content\/uploads\/2020\/02\/Shtyll-me-qendrim-pezull-Lepakshi-Indi-4.jpg?resize=300%2C169&amp;ssl=1 300w, https:\/\/i0.wp.com\/www.shqiperia.com\/blog\/wp-content\/uploads\/2020\/02\/Shtyll-me-qendrim-pezull-Lepakshi-Indi-4.jpg?resize=768%2C432&amp;ssl=1 768w, https:\/\/i0.wp.com\/www.shqiperia.com\/blog\/wp-content\/uploads\/2020\/02\/Shtyll-me-qendrim-pezull-Lepakshi-Indi-4.jpg?resize=450%2C253&amp;ssl=1 450w, https:\/\/i0.wp.com\/www.shqiperia.com\/blog\/wp-content\/uploads\/2020\/02\/Shtyll-me-qendrim-pezull-Lepakshi-Indi-4.jpg?resize=600%2C338&amp;ssl=1 600w, https:\/\/i0.wp.com\/www.shqiperia.com\/blog\/wp-content\/uploads\/2020\/02\/Shtyll-me-qendrim-pezull-Lepakshi-Indi-4.jpg?resize=400%2C225&amp;ssl=1 400w, https:\/\/i0.wp.com\/www.shqiperia.com\/blog\/wp-content\/uploads\/2020\/02\/Shtyll-me-qendrim-pezull-Lepakshi-Indi-4.jpg?w=960&amp;ssl=1 960w\" sizes=\"auto, (max-width: 825px) 100vw, 825px\" \/><br \/>\nQuaje kryevep\u00ebr e arkitektur\u00ebs ose mrekulli; ka fituar gjithmon\u00eb t\u00ebrheqjen e inxhinier\u00ebve t\u00eb shumt\u00eb kurioz p\u00ebr t\u00eb zbuluar sekretin e qendrimit pezull t\u00eb saj n\u00eb aj\u00ebr pa asnj\u00eb mb\u00ebshtetje.<\/p>\n<p>Dikur nj\u00eb inxhinier britanik u p\u00ebrpoq ta largonte shtyll\u00ebn nga pozicioni i tij origjinal, por gjith\u00e7ka ishte e padobishme. Nd\u00ebrsa i gjith\u00eb tempulli dhe pjesa e sip\u00ebrme filluan t\u00eb dridheshin. Transferimi i shtyll\u00ebs ishte zgjedhja e vetme.<\/p>\n<p>\u00cbsht\u00eb me t\u00eb v\u00ebrtet\u00eb arti i inxhinier\u00ebve; p\u00ebrndryshe, asnj\u00eb shtyll\u00eb e k\u00ebtij lloji nuk do t\u00eb ishte nd\u00ebrtuar pa asnj\u00eb kuptim strukturore. Sondazhi arkeologjik i Indis\u00eb ka treguar gjithashtu se kjo shtyll\u00eb nuk \u00ebsht\u00eb rezultat i nj\u00eb gabimi. Sipas disa inxhinier\u00ebve, nj\u00eb arsye e mundshme p\u00ebr k\u00ebt\u00eb mund t\u00eb jet\u00eb p\u00ebr t\u00eb shp\u00ebtuar tempullin nga shembja gjat\u00eb t\u00ebrmeteve q\u00eb prodhojn\u00eb val\u00eb sizmike.<\/p>\n<p><img data-recalc-dims=\"1\" loading=\"lazy\" decoding=\"async\" data-attachment-id=\"30995\" data-permalink=\"https:\/\/www.shqiperia.com\/blog\/kuriozitet-shtylle-me-qendrim-pezull-lepakshi-india\/shtyll-me-qendrim-pezull-lepakshi-indi\/\" data-orig-file=\"https:\/\/i0.wp.com\/www.shqiperia.com\/blog\/wp-content\/uploads\/2020\/02\/Shtyll-me-qendrim-pezull-Lepakshi-Indi.jpg?fit=960%2C712&amp;ssl=1\" data-orig-size=\"960,712\" data-comments-opened=\"1\" data-image-meta=\"{&quot;aperture&quot;:&quot;0&quot;,&quot;credit&quot;:&quot;&quot;,&quot;camera&quot;:&quot;&quot;,&quot;caption&quot;:&quot;&quot;,&quot;created_timestamp&quot;:&quot;0&quot;,&quot;copyright&quot;:&quot;&quot;,&quot;focal_length&quot;:&quot;0&quot;,&quot;iso&quot;:&quot;0&quot;,&quot;shutter_speed&quot;:&quot;0&quot;,&quot;title&quot;:&quot;&quot;,&quot;orientation&quot;:&quot;0&quot;}\" data-image-title=\"Shtyll me qendrim pezull Lepakshi Indi\" data-image-description=\"\" data-image-caption=\"\" data-medium-file=\"https:\/\/i0.wp.com\/www.shqiperia.com\/blog\/wp-content\/uploads\/2020\/02\/Shtyll-me-qendrim-pezull-Lepakshi-Indi.jpg?fit=300%2C223&amp;ssl=1\" data-large-file=\"https:\/\/i0.wp.com\/www.shqiperia.com\/blog\/wp-content\/uploads\/2020\/02\/Shtyll-me-qendrim-pezull-Lepakshi-Indi.jpg?fit=960%2C712&amp;ssl=1\" class=\"alignnone wp-image-30995\" alt=\"\" src=\"https:\/\/i0.wp.com\/www.shqiperia.com\/blog\/wp-content\/uploads\/2020\/02\/Shtyll-me-qendrim-pezull-Lepakshi-Indi.jpg?resize=722%2C537&#038;ssl=1\" width=\"722\" height=\"537\" srcset=\"https:\/\/i0.wp.com\/www.shqiperia.com\/blog\/wp-content\/uploads\/2020\/02\/Shtyll-me-qendrim-pezull-Lepakshi-Indi.jpg?resize=300%2C223&amp;ssl=1 300w, https:\/\/i0.wp.com\/www.shqiperia.com\/blog\/wp-content\/uploads\/2020\/02\/Shtyll-me-qendrim-pezull-Lepakshi-Indi.jpg?resize=768%2C570&amp;ssl=1 768w, https:\/\/i0.wp.com\/www.shqiperia.com\/blog\/wp-content\/uploads\/2020\/02\/Shtyll-me-qendrim-pezull-Lepakshi-Indi.jpg?resize=450%2C334&amp;ssl=1 450w, https:\/\/i0.wp.com\/www.shqiperia.com\/blog\/wp-content\/uploads\/2020\/02\/Shtyll-me-qendrim-pezull-Lepakshi-Indi.jpg?resize=600%2C445&amp;ssl=1 600w, https:\/\/i0.wp.com\/www.shqiperia.com\/blog\/wp-content\/uploads\/2020\/02\/Shtyll-me-qendrim-pezull-Lepakshi-Indi.jpg?resize=400%2C297&amp;ssl=1 400w\" sizes=\"auto, (max-width: 722px) 100vw, 722px\" \/> <img data-recalc-dims=\"1\" loading=\"lazy\" decoding=\"async\" data-attachment-id=\"30996\" data-permalink=\"https:\/\/www.shqiperia.com\/blog\/kuriozitet-shtylle-me-qendrim-pezull-lepakshi-india\/shtyll-me-qendrim-pezull-lepakshi-indi-3\/\" data-orig-file=\"https:\/\/i0.wp.com\/www.shqiperia.com\/blog\/wp-content\/uploads\/2020\/02\/Shtyll-me-qendrim-pezull-Lepakshi-Indi-3.jpg?fit=960%2C639&amp;ssl=1\" data-orig-size=\"960,639\" data-comments-opened=\"1\" data-image-meta=\"{&quot;aperture&quot;:&quot;0&quot;,&quot;credit&quot;:&quot;&quot;,&quot;camera&quot;:&quot;&quot;,&quot;caption&quot;:&quot;&quot;,&quot;created_timestamp&quot;:&quot;0&quot;,&quot;copyright&quot;:&quot;&quot;,&quot;focal_length&quot;:&quot;0&quot;,&quot;iso&quot;:&quot;0&quot;,&quot;shutter_speed&quot;:&quot;0&quot;,&quot;title&quot;:&quot;&quot;,&quot;orientation&quot;:&quot;0&quot;}\" data-image-title=\"Shtyll me qendrim pezull Lepakshi Indi (3)\" data-image-description=\"\" data-image-caption=\"\" data-medium-file=\"https:\/\/i0.wp.com\/www.shqiperia.com\/blog\/wp-content\/uploads\/2020\/02\/Shtyll-me-qendrim-pezull-Lepakshi-Indi-3.jpg?fit=300%2C200&amp;ssl=1\" data-large-file=\"https:\/\/i0.wp.com\/www.shqiperia.com\/blog\/wp-content\/uploads\/2020\/02\/Shtyll-me-qendrim-pezull-Lepakshi-Indi-3.jpg?fit=960%2C639&amp;ssl=1\" class=\"alignnone wp-image-30996\" alt=\"\" src=\"https:\/\/i0.wp.com\/www.shqiperia.com\/blog\/wp-content\/uploads\/2020\/02\/Shtyll-me-qendrim-pezull-Lepakshi-Indi-3.jpg?resize=609%2C406&#038;ssl=1\" width=\"609\" height=\"406\" srcset=\"https:\/\/i0.wp.com\/www.shqiperia.com\/blog\/wp-content\/uploads\/2020\/02\/Shtyll-me-qendrim-pezull-Lepakshi-Indi-3.jpg?resize=300%2C200&amp;ssl=1 300w, https:\/\/i0.wp.com\/www.shqiperia.com\/blog\/wp-content\/uploads\/2020\/02\/Shtyll-me-qendrim-pezull-Lepakshi-Indi-3.jpg?resize=768%2C511&amp;ssl=1 768w, https:\/\/i0.wp.com\/www.shqiperia.com\/blog\/wp-content\/uploads\/2020\/02\/Shtyll-me-qendrim-pezull-Lepakshi-Indi-3.jpg?resize=600%2C399&amp;ssl=1 600w, https:\/\/i0.wp.com\/www.shqiperia.com\/blog\/wp-content\/uploads\/2020\/02\/Shtyll-me-qendrim-pezull-Lepakshi-Indi-3.jpg?resize=450%2C300&amp;ssl=1 450w, https:\/\/i0.wp.com\/www.shqiperia.com\/blog\/wp-content\/uploads\/2020\/02\/Shtyll-me-qendrim-pezull-Lepakshi-Indi-3.jpg?resize=400%2C266&amp;ssl=1 400w, https:\/\/i0.wp.com\/www.shqiperia.com\/blog\/wp-content\/uploads\/2020\/02\/Shtyll-me-qendrim-pezull-Lepakshi-Indi-3.jpg?w=960&amp;ssl=1 960w\" sizes=\"auto, (max-width: 609px) 100vw, 609px\" \/> <img data-recalc-dims=\"1\" loading=\"lazy\" decoding=\"async\" data-attachment-id=\"30997\" data-permalink=\"https:\/\/www.shqiperia.com\/blog\/kuriozitet-shtylle-me-qendrim-pezull-lepakshi-india\/shtyll-me-qendrim-pezull-lepakshi-indi-5\/\" data-orig-file=\"https:\/\/i0.wp.com\/www.shqiperia.com\/blog\/wp-content\/uploads\/2020\/02\/Shtyll-me-qendrim-pezull-Lepakshi-Indi-5.jpg?fit=636%2C960&amp;ssl=1\" data-orig-size=\"636,960\" data-comments-opened=\"1\" data-image-meta=\"{&quot;aperture&quot;:&quot;0&quot;,&quot;credit&quot;:&quot;Ashwin Kumar&quot;,&quot;camera&quot;:&quot;&quot;,&quot;caption&quot;:&quot;&quot;,&quot;created_timestamp&quot;:&quot;0&quot;,&quot;copyright&quot;:&quot;&quot;,&quot;focal_length&quot;:&quot;0&quot;,&quot;iso&quot;:&quot;0&quot;,&quot;shutter_speed&quot;:&quot;0&quot;,&quot;title&quot;:&quot;&quot;,&quot;orientation&quot;:&quot;0&quot;}\" data-image-title=\"Shtyll me qendrim pezull Lepakshi Indi (5)\" data-image-description=\"\" data-image-caption=\"\" data-medium-file=\"https:\/\/i0.wp.com\/www.shqiperia.com\/blog\/wp-content\/uploads\/2020\/02\/Shtyll-me-qendrim-pezull-Lepakshi-Indi-5.jpg?fit=199%2C300&amp;ssl=1\" data-large-file=\"https:\/\/i0.wp.com\/www.shqiperia.com\/blog\/wp-content\/uploads\/2020\/02\/Shtyll-me-qendrim-pezull-Lepakshi-Indi-5.jpg?fit=636%2C960&amp;ssl=1\" class=\"alignnone wp-image-30997\" alt=\"\" src=\"https:\/\/i0.wp.com\/www.shqiperia.com\/blog\/wp-content\/uploads\/2020\/02\/Shtyll-me-qendrim-pezull-Lepakshi-Indi-5.jpg?resize=534%2C801&#038;ssl=1\" width=\"534\" height=\"801\" \/><\/p>\n<p>Jo nj\u00eb, por shum\u00eb nga k\u00ebto projekte arkitekturore n\u00eb bot\u00eb ndikojn\u00eb n\u00eb mendjet e shkenc\u00ebtar\u00ebve t\u00eb sot\u00ebm q\u00eb po p\u00ebrpiqen t\u00eb zgjidhin disa nga k\u00ebto mistere.&#8221;<\/p>\n","protected":false},"excerpt":{"rendered":"<p>Shtyll\u00eb me qendrim pezull Lepakshi India P\u00ebr gurin q\u00eb rri n\u00eb aj\u00ebr thonin q\u00eb asht n\u00eb Mek\u00eb. Masnej thane se ashte meteorit i zi, t\u00eb cilin profeti Muhamed e ka vu me dor\u00ebn e tij n\u00eb fund t\u00eb murit, me q\u00ebllim q\u00eb aty t\u00eb ndalen lutjet dhe njer\u00ebzit ti shtrohen pun\u00ebs n\u00ebp\u00ebr sht\u00ebpait e veta, [&hellip;]<\/p>\n","protected":false},"author":9,"featured_media":30992,"comment_status":"open","ping_status":"open","sticky":false,"template":"","format":"standard","meta":{"jetpack_post_was_ever_published":false,"_jetpack_newsletter_access":"","_jetpack_dont_email_post_to_subs":false,"_jetpack_newsletter_tier_id":0,"_jetpack_memberships_contains_paywalled_content":false,"_jetpack_memberships_contains_paid_content":false,"footnotes":"","jetpack_publicize_message":"","jetpack_publicize_feature_enabled":true,"jetpack_social_post_already_shared":true,"jetpack_social_options":{"image_generator_settings":{"template":"highway","default_image_id":0,"font":"","enabled":false},"version":2}},"categories":[27,85,14],"tags":[],"class_list":["post-30991","post","type-post","status-publish","format-standard","has-post-thumbnail","hentry","category-blogu-i-udhetarit","category-histori","category-press-releases"],"jetpack_publicize_connections":[],"jetpack_featured_media_url":"https:\/\/i0.wp.com\/www.shqiperia.com\/blog\/wp-content\/uploads\/2020\/02\/Shtyll-me-qendrim-pezull-Lepakshi-Indi-Copy.jpg?fit=896%2C432&ssl=1","jetpack_sharing_enabled":true,"jetpack_shortlink":"https:\/\/wp.me\/p5Z6wp-83R","jetpack-related-posts":[{"id":30235,"url":"https:\/\/www.shqiperia.com\/blog\/ekspozita-blerta-xhomo-zhvesh-figurat-njerezore-nudo-ne-pezull\/","url_meta":{"origin":30991,"position":0},"title":"Ekspozita: &#8211; Blerta Xhomo zhvesh figurat njer\u00ebzore nudo n\u00eb &#8216;Pezull&#8217;.","author":"Kurt Farka","date":"January 11, 2020","format":false,"excerpt":"Ekspozita: - Blerta Xhomo zhvesh figurat njer\u00ebzore nudo n\u00eb 'Pezull'. Ekspozita personale \u201cPezull\u201d e piktores Blerta Xhomo \u00ebsht\u00eb \u00e7elur n\u00eb galerin\u00eb e Fakultetit t\u00eb Arteve t\u00eb Bukura. Kuratori i ekspozit\u00ebs, Vladimir Myrtezai, zgjedhjen e artistes p\u00ebr t\u00eb zhveshur figurat fem\u00ebrore edhe mashkullore, i cil\u00ebson si nj\u00eb reflektim t\u00eb artistit mbi\u2026","rel":"","context":"In &quot;Arte&quot;","block_context":{"text":"Arte","link":"https:\/\/www.shqiperia.com\/blog\/category\/arte\/"},"img":{"alt_text":"","src":"https:\/\/i0.wp.com\/www.shqiperia.com\/blog\/wp-content\/uploads\/2020\/01\/Blerta-Xhomo.jpg?fit=480%2C360&ssl=1&resize=350%2C200","width":350,"height":200},"classes":[]},{"id":39740,"url":"https:\/\/www.shqiperia.com\/blog\/guri-qe-qendron-pezull-mes-dy-faqeve-shkembore\/","url_meta":{"origin":30991,"position":1},"title":"Guri q\u00eb q\u00ebndron pezull, mes dy faqeve shk\u00ebmbore","author":"Kurt Farka","date":"October 17, 2020","format":false,"excerpt":"Nj\u00eb mas\u00eb e madhe guri q\u00eb q\u00ebndron pezull mes dy mureve shk\u00ebmbore t\u00eb zinxhirit t\u00eb maleve Kjerag n\u00eb Norvegji, po t\u00ebrheq v\u00ebmendjen e alpinist\u00ebve m\u00eb t\u00eb apasionuar t\u00eb maleve. Jan\u00eb t\u00eb shumt\u00eb ata persona, q\u00eb vendosin t\u00eb sfidojn\u00eb hap\u00ebsir\u00ebn, n\u00eb nj\u00eb lart\u00ebsoi prej rreth 1 mij\u00eb metrash dhe kjo, vet\u00ebm\u2026","rel":"","context":"In &quot;Blogu i Udh\u00ebtarit&quot;","block_context":{"text":"Blogu i Udh\u00ebtarit","link":"https:\/\/www.shqiperia.com\/blog\/category\/blogu-i-udhetarit\/"},"img":{"alt_text":"","src":"https:\/\/i0.wp.com\/www.shqiperia.com\/blog\/wp-content\/uploads\/2020\/10\/Bucket-List-Kjergabolten-boulder-Kjeragbolten_Norway_By_Paul_Edmundson.jpg.1200x800_q85_crop-696x464-1.jpg?fit=696%2C367&ssl=1&resize=350%2C200","width":350,"height":200,"srcset":"https:\/\/i0.wp.com\/www.shqiperia.com\/blog\/wp-content\/uploads\/2020\/10\/Bucket-List-Kjergabolten-boulder-Kjeragbolten_Norway_By_Paul_Edmundson.jpg.1200x800_q85_crop-696x464-1.jpg?fit=696%2C367&ssl=1&resize=350%2C200 1x, https:\/\/i0.wp.com\/www.shqiperia.com\/blog\/wp-content\/uploads\/2020\/10\/Bucket-List-Kjergabolten-boulder-Kjeragbolten_Norway_By_Paul_Edmundson.jpg.1200x800_q85_crop-696x464-1.jpg?fit=696%2C367&ssl=1&resize=525%2C300 1.5x"},"classes":[]},{"id":26324,"url":"https:\/\/www.shqiperia.com\/blog\/opozita-ka-qendrim-te-unifikuar-kryemadhi-mjaftojne-9-kushtet-e-bundestagut-gjerman-per-te-kuptuar-se-kush-eshte-rama\/","url_meta":{"origin":30991,"position":2},"title":"\u201cOpozita ka q\u00ebndrim t\u00eb unifikuar\u201d- Kryemadhi: &#8211; Mjaftojn\u00eb 9 kushtet e Bundestagut gjerman p\u00ebr t\u00eb kuptuar se kush \u00ebsht\u00eb Rama","author":"Kurt Farka","date":"September 27, 2019","format":false,"excerpt":"\u201cOpozita ka q\u00ebndrim t\u00eb unifikuar\u201d- Kryemadhi: - Mjaftojn\u00eb 9 kushtet e Bundestagut gjerman p\u00ebr t\u00eb kuptuar se kush \u00ebsht\u00eb Rama \u00a026 shtator 2019 Kryetarja e LSI, Monika Kryemadhi thot\u00eb se koalicioni opozitar \u00ebsht\u00eb i unifikuar, pavar\u00ebsisht se partia\u00a0 q\u00eb drejton nga mendime ndryshe. \u201cDuhet t\u00eb kuptojm\u00eb dy gj\u00ebra, \u00ebsht\u00eb q\u00ebndrimi\u2026","rel":"","context":"In &quot;Blogu i Udh\u00ebtarit&quot;","block_context":{"text":"Blogu i Udh\u00ebtarit","link":"https:\/\/www.shqiperia.com\/blog\/category\/blogu-i-udhetarit\/"},"img":{"alt_text":"","src":"https:\/\/i0.wp.com\/www.shqiperia.com\/blog\/wp-content\/uploads\/2019\/09\/auto_Untitled-211569527365-433x300.jpg?fit=433%2C264&ssl=1&resize=350%2C200","width":350,"height":200},"classes":[]},{"id":74786,"url":"https:\/\/www.shqiperia.com\/blog\/fjalimi-i-rames-komenti-i-abilekaj-eshte-nje-aventurier-ne-pushtet\/","url_meta":{"origin":30991,"position":3},"title":"Fjalimi i Ram\u00ebs, komenti i Abilekaj: &#8211; \u00cbsht\u00eb nj\u00eb aventurier n\u00eb pushtet","author":"Kurt Farka","date":"October 13, 2023","format":false,"excerpt":"13 Tetor 2023 P\u00ebr analistin Enton Abilekajn, Edi Rama \u00ebsht\u00eb m\u00eb shum\u00eb nj\u00eb aventurier n\u00eb pushtet se sa nj\u00eb vizionar. Abilekaj u shpreh se ndryshimet e shpeshta t\u00eb q\u00ebndrimeve t\u00eb Edi Ram\u00ebs, tregojn\u00eb pik\u00ebrisht faktin se, ai \u00ebsht\u00eb nj\u00eb pelivan i pushtetit. \u201cFjalimi kryeministrit, q\u00eb vjen nj\u00eb her\u00eb n\u00eb muaj\u2026","rel":"","context":"In &quot;Blogu i Udh\u00ebtarit&quot;","block_context":{"text":"Blogu i Udh\u00ebtarit","link":"https:\/\/www.shqiperia.com\/blog\/category\/blogu-i-udhetarit\/"},"img":{"alt_text":"","src":"https:\/\/i0.wp.com\/www.shqiperia.com\/blog\/wp-content\/uploads\/2023\/10\/640-0-1665758425xrama-kurti-710.jpg?fit=640%2C360&ssl=1&resize=350%2C200","width":350,"height":200,"srcset":"https:\/\/i0.wp.com\/www.shqiperia.com\/blog\/wp-content\/uploads\/2023\/10\/640-0-1665758425xrama-kurti-710.jpg?fit=640%2C360&ssl=1&resize=350%2C200 1x, https:\/\/i0.wp.com\/www.shqiperia.com\/blog\/wp-content\/uploads\/2023\/10\/640-0-1665758425xrama-kurti-710.jpg?fit=640%2C360&ssl=1&resize=525%2C300 1.5x"},"classes":[]},{"id":73066,"url":"https:\/\/www.shqiperia.com\/blog\/pakica-e-pakices-se-pakices-pretendon-se-deklarata-e-grupit-parlamentar-eshte-qendrim-individual\/","url_meta":{"origin":30991,"position":4},"title":"Pakica e pakic\u00ebs s\u00eb pakic\u00ebs pretendon se deklarata e Grupit Parlamentar \u00ebsht\u00eb q\u00ebndrim individual","author":"Kurt Farka","date":"July 29, 2023","format":false,"excerpt":"29 Korrik 2023 Deputeti demokrat Dashnor Sula, ka komentuar debatet e zhvilluara p\u00ebr zgjedhjet q\u00eb do t\u00eb mbahen p\u00ebr kryetarin e ri t\u00eb PD. N\u00eb nj\u00eb status n\u00eb Facebook, deputeti Sula shprehet se n\u00eb demokraci shumica vendos dhe pakica \u00ebsht\u00eb ajo q\u00eb zbaton vullnetin e shumic\u00ebs. Gjithashtu shton se ata\u2026","rel":"","context":"In &quot;Blogu i Udh\u00ebtarit&quot;","block_context":{"text":"Blogu i Udh\u00ebtarit","link":"https:\/\/www.shqiperia.com\/blog\/category\/blogu-i-udhetarit\/"},"img":{"alt_text":"","src":"https:\/\/i0.wp.com\/www.shqiperia.com\/blog\/wp-content\/uploads\/2023\/07\/basha-5-1.png?fit=590%2C407&ssl=1&resize=350%2C200","width":350,"height":200,"srcset":"https:\/\/i0.wp.com\/www.shqiperia.com\/blog\/wp-content\/uploads\/2023\/07\/basha-5-1.png?fit=590%2C407&ssl=1&resize=350%2C200 1x, https:\/\/i0.wp.com\/www.shqiperia.com\/blog\/wp-content\/uploads\/2023\/07\/basha-5-1.png?fit=590%2C407&ssl=1&resize=525%2C300 1.5x"},"classes":[]},{"id":20612,"url":"https:\/\/www.shqiperia.com\/blog\/rama-dhe-thaci-e-shesin-kryeministrin-e-kosoves-analiza-e-artur-zhejit-thikat-qe-hengri-haradinaj-ne-berlin\/","url_meta":{"origin":30991,"position":5},"title":"Rama dhe Tha\u00e7i e \u201cshesin\u201d kryeministrin e Kosov\u00ebs\u2026 &#8211; Analiza e Artur Zhejit: -\u201cThikat\u201d q\u00eb h\u00ebngri Haradinaj n\u00eb Berlin.\u00a0","author":"Kurt Farka","date":"May 2, 2019","format":false,"excerpt":"Rama dhe Tha\u00e7i e \u201cshesin\u201d kryeministrin e Kosov\u00ebs\u2026 - Analiza e Artur Zhejit: -\u201cThikat\u201d q\u00eb h\u00ebngri Haradinaj n\u00eb Berlin. \u00a02 prill 2019 Nga\u00a0Artur ZHEJI N\u00eb takimet pa kamera dhe kok\u00eb m\u00eb kok\u00eb, aty ku marrin jet\u00eb vendimet apo zhg\u00ebnjimet e m\u00ebdha, Ramush Haradinaj, jo vet\u00ebm q\u00eb ka mbetur vet\u00ebm, por\u2026","rel":"","context":"In &quot;Blogu i Udh\u00ebtarit&quot;","block_context":{"text":"Blogu i Udh\u00ebtarit","link":"https:\/\/www.shqiperia.com\/blog\/category\/blogu-i-udhetarit\/"},"img":{"alt_text":"","src":"https:\/\/i0.wp.com\/www.shqiperia.com\/blog\/wp-content\/uploads\/2019\/05\/haradinajrama1.jpg?fit=1036%2C532&ssl=1&resize=350%2C200","width":350,"height":200,"srcset":"https:\/\/i0.wp.com\/www.shqiperia.com\/blog\/wp-content\/uploads\/2019\/05\/haradinajrama1.jpg?fit=1036%2C532&ssl=1&resize=350%2C200 1x, https:\/\/i0.wp.com\/www.shqiperia.com\/blog\/wp-content\/uploads\/2019\/05\/haradinajrama1.jpg?fit=1036%2C532&ssl=1&resize=525%2C300 1.5x, https:\/\/i0.wp.com\/www.shqiperia.com\/blog\/wp-content\/uploads\/2019\/05\/haradinajrama1.jpg?fit=1036%2C532&ssl=1&resize=700%2C400 2x"},"classes":[]}],"_links":{"self":[{"href":"https:\/\/www.shqiperia.com\/blog\/wp-json\/wp\/v2\/posts\/30991","targetHints":{"allow":["GET"]}}],"collection":[{"href":"https:\/\/www.shqiperia.com\/blog\/wp-json\/wp\/v2\/posts"}],"about":[{"href":"https:\/\/www.shqiperia.com\/blog\/wp-json\/wp\/v2\/types\/post"}],"author":[{"embeddable":true,"href":"https:\/\/www.shqiperia.com\/blog\/wp-json\/wp\/v2\/users\/9"}],"replies":[{"embeddable":true,"href":"https:\/\/www.shqiperia.com\/blog\/wp-json\/wp\/v2\/comments?post=30991"}],"version-history":[{"count":2,"href":"https:\/\/www.shqiperia.com\/blog\/wp-json\/wp\/v2\/posts\/30991\/revisions"}],"predecessor-version":[{"id":30999,"href":"https:\/\/www.shqiperia.com\/blog\/wp-json\/wp\/v2\/posts\/30991\/revisions\/30999"}],"wp:featuredmedia":[{"embeddable":true,"href":"https:\/\/www.shqiperia.com\/blog\/wp-json\/wp\/v2\/media\/30992"}],"wp:attachment":[{"href":"https:\/\/www.shqiperia.com\/blog\/wp-json\/wp\/v2\/media?parent=30991"}],"wp:term":[{"taxonomy":"category","embeddable":true,"href":"https:\/\/www.shqiperia.com\/blog\/wp-json\/wp\/v2\/categories?post=30991"},{"taxonomy":"post_tag","embeddable":true,"href":"https:\/\/www.shqiperia.com\/blog\/wp-json\/wp\/v2\/tags?post=30991"}],"curies":[{"name":"wp","href":"https:\/\/api.w.org\/{rel}","templated":true}]}}