{"id":30983,"date":"2020-02-03T00:36:56","date_gmt":"2020-02-03T00:36:56","guid":{"rendered":"https:\/\/www.shqiperia.com\/blog\/?p=30983"},"modified":"2020-02-03T00:37:38","modified_gmt":"2020-02-03T00:37:38","slug":"cfare-eshte-planifikuar-delegacioni-i-larte-i-kie-zbarkon-ne-tirane-zbardhet-axhenda","status":"publish","type":"post","link":"https:\/\/www.shqiperia.com\/blog\/cfare-eshte-planifikuar-delegacioni-i-larte-i-kie-zbarkon-ne-tirane-zbardhet-axhenda\/","title":{"rendered":"\u00c7far\u00eb \u00ebsht\u00eb planifikuar? Delegacioni i lart\u00eb i KiE zbarkon n\u00eb Tiran\u00eb, zbardhet axhenda"},"content":{"rendered":"<p><img data-recalc-dims=\"1\" loading=\"lazy\" decoding=\"async\" data-attachment-id=\"30984\" data-permalink=\"https:\/\/www.shqiperia.com\/blog\/cfare-eshte-planifikuar-delegacioni-i-larte-i-kie-zbarkon-ne-tirane-zbardhet-axhenda\/800-480-5e34137e2cb77\/\" data-orig-file=\"https:\/\/i0.wp.com\/www.shqiperia.com\/blog\/wp-content\/uploads\/2020\/02\/800-480-5e34137e2cb77.jpg?fit=800%2C480&amp;ssl=1\" data-orig-size=\"800,480\" data-comments-opened=\"1\" data-image-meta=\"{&quot;aperture&quot;:&quot;0&quot;,&quot;credit&quot;:&quot;&quot;,&quot;camera&quot;:&quot;&quot;,&quot;caption&quot;:&quot;&quot;,&quot;created_timestamp&quot;:&quot;0&quot;,&quot;copyright&quot;:&quot;&quot;,&quot;focal_length&quot;:&quot;0&quot;,&quot;iso&quot;:&quot;0&quot;,&quot;shutter_speed&quot;:&quot;0&quot;,&quot;title&quot;:&quot;&quot;,&quot;orientation&quot;:&quot;0&quot;}\" data-image-title=\"-800-480-5e34137e2cb77\" data-image-description=\"\" data-image-caption=\"\" data-medium-file=\"https:\/\/i0.wp.com\/www.shqiperia.com\/blog\/wp-content\/uploads\/2020\/02\/800-480-5e34137e2cb77.jpg?fit=300%2C180&amp;ssl=1\" data-large-file=\"https:\/\/i0.wp.com\/www.shqiperia.com\/blog\/wp-content\/uploads\/2020\/02\/800-480-5e34137e2cb77.jpg?fit=800%2C480&amp;ssl=1\" class=\"alignnone wp-image-30984\" alt=\"\" src=\"https:\/\/i0.wp.com\/www.shqiperia.com\/blog\/wp-content\/uploads\/2020\/02\/800-480-5e34137e2cb77.jpg?resize=533%2C320&#038;ssl=1\" width=\"533\" height=\"320\" srcset=\"https:\/\/i0.wp.com\/www.shqiperia.com\/blog\/wp-content\/uploads\/2020\/02\/800-480-5e34137e2cb77.jpg?resize=300%2C180&amp;ssl=1 300w, https:\/\/i0.wp.com\/www.shqiperia.com\/blog\/wp-content\/uploads\/2020\/02\/800-480-5e34137e2cb77.jpg?resize=768%2C461&amp;ssl=1 768w, https:\/\/i0.wp.com\/www.shqiperia.com\/blog\/wp-content\/uploads\/2020\/02\/800-480-5e34137e2cb77.jpg?resize=450%2C270&amp;ssl=1 450w, https:\/\/i0.wp.com\/www.shqiperia.com\/blog\/wp-content\/uploads\/2020\/02\/800-480-5e34137e2cb77.jpg?resize=600%2C360&amp;ssl=1 600w, https:\/\/i0.wp.com\/www.shqiperia.com\/blog\/wp-content\/uploads\/2020\/02\/800-480-5e34137e2cb77.jpg?resize=400%2C240&amp;ssl=1 400w, https:\/\/i0.wp.com\/www.shqiperia.com\/blog\/wp-content\/uploads\/2020\/02\/800-480-5e34137e2cb77.jpg?w=800&amp;ssl=1 800w\" sizes=\"auto, (max-width: 533px) 100vw, 533px\" \/><\/p>\n<p>\u00c7far\u00eb \u00ebsht\u00eb planifikuar? Delegacioni i lart\u00eb i KiE zbarkon n\u00eb Tiran\u00eb, zbardhet axhenda<\/p>\n<p>31 JANAR 2020<\/p>\n<p>N\u00eb fillim t\u00eb shkurtit pritet q\u00eb n\u00eb Tiran\u00eb t\u00eb zbarkoj\u00eb nj\u00eb delegacion i nivelit t\u00eb lart\u00eb t\u00eb KiE. N\u00eb qend\u00ebr t\u00eb diskutimeve do jen\u00eb zhvillimet pas \u201930 qershorit\u2019. Dihet tashm\u00eb se standardet e k\u00ebtyre votimeve ishin skandaloze, pavar\u00ebsisht se nuk kishte gar\u00eb.<\/p>\n<p>Nd\u00ebrkoh\u00eb prej asaj kohe, nj\u00eb num\u00ebr n\u00eb rritje kryebashkiak\u00ebsh t\u00eb zgjedhur nga Edi Rama, kan\u00eb rezultuar si t\u00eb lidhur me krimin.<\/p>\n<p><strong>NJOFTIMI<\/strong><\/p>\n<p>Nj\u00eb delegacion i Kongresit t\u00eb Autoriteteve Lokale e Rajonale t\u00eb K\u00ebshillit t\u00eb Evrop\u00ebs do t\u00eb b\u00ebj\u00eb nj\u00eb vizit\u00eb t\u00eb nivelit t\u00eb lart\u00eb n\u00eb Tiran\u00eb nga 4 m\u00eb 6 shkurt. N\u00eb qend\u00ebr t\u00eb vizit\u00ebs do t\u00eb jet\u00eb situata e demokracis\u00eb n\u00eb vend dhe ve\u00e7an\u00ebrisht zhvillimet q\u00eb nga zgjedhjet e fundit lokale, mbajtur n\u00eb qershor 2019.<\/p>\n<p>Delegacioni do t\u00eb p\u00ebrb\u00ebhet nga Presidenti i Kongresit, Anders Knape (Suedi, EPP\/CCE), Presidenti i Dhom\u00ebs s\u00eb Rajoneve, Gunn Marit Helgesen (Norvegji, EPP\/CCE), Presidenti i Dhom\u00ebs s\u00eb Autoriteteve Lokale, Xavier Cadoret (Franc\u00eb, SOC\/G\/PD) dhe Sekretari i P\u00ebrgjithsh\u00ebm i Kongresit, Andreas Kiefer.<\/p>\n<p>Programi p\u00ebrfshin takime me Presidentin e Shqip\u00ebris\u00eb Ilir Meta, Z\u00ebvend\u00ebsministren e Brendshme Romina Kuko, Kryetarin e Bashkis\u00eb s\u00eb Tiran\u00ebs dhe kryetar i Delegacionit Shqiptar n\u00eb Kongres, Erion VELIAJ, dhe me Kryetarin e KQZ, Klement Zguri.<\/p>\n<p>Ve\u00e7 k\u00ebtyre, jan\u00eb planifikuar takime edhe me nj\u00eb p\u00ebrfaq\u00ebsues t\u00eb kryeministrit dhe kryetarit t\u00eb Partis\u00eb Socialist, Edi Rama, dhe me kryetarin e Partis\u00eb Demokratike, Lulzim Basha.<\/p>\n<p>Delegacioni do t\u00eb shk\u00ebmbej\u00eb pik\u00ebpamje me p\u00ebrfaq\u00ebsues nga Shkodra, me kryebashkiaken Voltana Ademi dhe kryetaren e K\u00ebshillit Rajonal t\u00eb Shkodr\u00ebs,\u00a0 Greta Bardeli. Programi do t\u00eb plot\u00ebsohet nga takimet me p\u00ebrfaq\u00ebsues t\u00eb trupit diplomatik n\u00eb Tiran\u00eb, OJQ nd\u00ebrkomb\u00ebtare e vendase dhe shoqata t\u00eb vet\u00ebqeverisjes territoriale, si dhe me Avokaten e Popullit, Erinda Ballanca.<\/p>\n<p>Gazeta Sot<\/p>\n","protected":false},"excerpt":{"rendered":"<p>\u00c7far\u00eb \u00ebsht\u00eb planifikuar? Delegacioni i lart\u00eb i KiE zbarkon n\u00eb Tiran\u00eb, zbardhet axhenda 31 JANAR 2020 N\u00eb fillim t\u00eb shkurtit pritet q\u00eb n\u00eb Tiran\u00eb t\u00eb zbarkoj\u00eb nj\u00eb delegacion i nivelit t\u00eb lart\u00eb t\u00eb KiE. N\u00eb qend\u00ebr t\u00eb diskutimeve do jen\u00eb zhvillimet pas \u201930 qershorit\u2019. Dihet tashm\u00eb se standardet e k\u00ebtyre votimeve ishin skandaloze, pavar\u00ebsisht se [&hellip;]<\/p>\n","protected":false},"author":9,"featured_media":30984,"comment_status":"open","ping_status":"open","sticky":false,"template":"","format":"standard","meta":{"jetpack_post_was_ever_published":false,"_jetpack_newsletter_access":"","_jetpack_dont_email_post_to_subs":false,"_jetpack_newsletter_tier_id":0,"_jetpack_memberships_contains_paywalled_content":false,"_jetpack_memberships_contains_paid_content":false,"footnotes":"","jetpack_publicize_message":"","jetpack_publicize_feature_enabled":true,"jetpack_social_post_already_shared":true,"jetpack_social_options":{"image_generator_settings":{"template":"highway","default_image_id":0,"font":"","enabled":false},"version":2}},"categories":[27,2],"tags":[],"class_list":["post-30983","post","type-post","status-publish","format-standard","has-post-thumbnail","hentry","category-blogu-i-udhetarit","category-politika"],"jetpack_publicize_connections":[],"jetpack_featured_media_url":"https:\/\/i0.wp.com\/www.shqiperia.com\/blog\/wp-content\/uploads\/2020\/02\/800-480-5e34137e2cb77.jpg?fit=800%2C480&ssl=1","jetpack_sharing_enabled":true,"jetpack_shortlink":"https:\/\/wp.me\/p5Z6wp-83J","jetpack-related-posts":[{"id":31099,"url":"https:\/\/www.shqiperia.com\/blog\/votimet-lokale-moniste-te-ps-kie-zbarkon-ne-tirane\/","url_meta":{"origin":30983,"position":0},"title":"Votimet Lokale Moniste t\u00eb PS, KiE zbarkon n\u00eb Tiran\u00eb","author":"Kurt Farka","date":"February 5, 2020","format":false,"excerpt":"Votimet Lokale Moniste t\u00eb PS, KiE zbarkon n\u00eb Tiran\u00eb 04\/02\/2020 \u00a0 K\u00ebshilli i Europ\u00ebs ka d\u00ebrguar n\u00eb Tiran\u00eb delegacionin e nivelit m\u00eb t\u00eb lart\u00eb t\u00eb Kongresit t\u00eb Autoriteteve Lokale. Misioni faktmbledh\u00ebs ka q\u00ebllim kryesor t\u00eb vizit\u00ebs pik\u00ebrisht situat\u00ebn n\u00eb Shqip\u00ebri pas zgjedhjeve lokale moniste t\u00eb 30 qershorit. P\u00ebr t\u2019u njohur\u2026","rel":"","context":"In &quot;Blogu i Udh\u00ebtarit&quot;","block_context":{"text":"Blogu i Udh\u00ebtarit","link":"https:\/\/www.shqiperia.com\/blog\/category\/blogu-i-udhetarit\/"},"img":{"alt_text":"","src":"https:\/\/i0.wp.com\/www.shqiperia.com\/blog\/wp-content\/uploads\/2020\/02\/download.png?fit=474%2C261&ssl=1&resize=350%2C200","width":350,"height":200},"classes":[]},{"id":31221,"url":"https:\/\/www.shqiperia.com\/blog\/delegacioni-i-larte-i-kie-zgjedhjet-e-30-qershorit-nuk-ishin-demokratike\/","url_meta":{"origin":30983,"position":1},"title":"Delegacioni i lart\u00eb i KiE: &#8211; Zgjedhjet e 30 qershorit nuk ishin demokratike.","author":"Kurt Farka","date":"February 7, 2020","format":false,"excerpt":"Delegacioni i lart\u00eb i KiE: - Zgjedhjet e 30 qershorit nuk ishin demokratike. 6 shkurt 2020 Delegacioni i nivelit t\u00eb lart\u00eb t\u00eb Autoriteteve Lokale dhe Rajonale t\u00eb K\u00ebshillit t\u00eb Evrop\u00ebs, n\u00eb p\u00ebrfundim t\u00eb misionit t\u00eb tij n\u00eb Tiran\u00eb ka arritur n\u00eb p\u00ebrfundime q\u00eb rr\u00ebzojn\u00eb gjith\u00eb procesin e votimeve t\u00eb 30\u2026","rel":"","context":"In &quot;Blogu i Udh\u00ebtarit&quot;","block_context":{"text":"Blogu i Udh\u00ebtarit","link":"https:\/\/www.shqiperia.com\/blog\/category\/blogu-i-udhetarit\/"},"img":{"alt_text":"","src":"https:\/\/i0.wp.com\/www.shqiperia.com\/blog\/wp-content\/uploads\/2020\/02\/K%C3%ABshilli-i-Europ%C3%ABs-750x375-1-905x450-1.jpg?fit=905%2C450&ssl=1&resize=350%2C200","width":350,"height":200,"srcset":"https:\/\/i0.wp.com\/www.shqiperia.com\/blog\/wp-content\/uploads\/2020\/02\/K%C3%ABshilli-i-Europ%C3%ABs-750x375-1-905x450-1.jpg?fit=905%2C450&ssl=1&resize=350%2C200 1x, https:\/\/i0.wp.com\/www.shqiperia.com\/blog\/wp-content\/uploads\/2020\/02\/K%C3%ABshilli-i-Europ%C3%ABs-750x375-1-905x450-1.jpg?fit=905%2C450&ssl=1&resize=525%2C300 1.5x, https:\/\/i0.wp.com\/www.shqiperia.com\/blog\/wp-content\/uploads\/2020\/02\/K%C3%ABshilli-i-Europ%C3%ABs-750x375-1-905x450-1.jpg?fit=905%2C450&ssl=1&resize=700%2C400 2x"},"classes":[]},{"id":19317,"url":"https:\/\/www.shqiperia.com\/blog\/zbardhet-axhenda-zyrtari-i-larte-amerikan-neser-vjen-ne-tirane-a-do-te-afroje-zgjidhje-me-kerbac-ne-dore\/","url_meta":{"origin":30983,"position":2},"title":"Zbardhet axhenda! Zyrtari i lart\u00eb amerikan nes\u00ebr vjen n\u00eb Tiran\u00eb. A do t\u00eb afroj\u00eb zgjidhje me \u201ck\u00ebrba\u00e7\u201d n\u00eb dor\u00eb?","author":"Kurt Farka","date":"April 7, 2019","format":false,"excerpt":"Zbardhet axhenda! Zyrtari i lart\u00eb amerikan nes\u00ebr vjen n\u00eb Tiran\u00eb. A do t\u00eb afroj\u00eb zgjidhje me \u201ck\u00ebrba\u00e7\u201d n\u00eb dor\u00eb? Nga\u00a0Aranit Muraci\u00a0 07-04-2019, Z\u00ebvend\u00ebs-ndihm\u00ebs Sekretari Amerikan i Shtetit, Matthew Palmer, do t\u00eb mb\u00ebrrij\u00eb n\u00eb Tiran\u00eb n\u00eb fillim t\u00eb jav\u00ebs, n\u00eb kuad\u00ebr t\u00eb nj\u00eb turi ballkanik. Me mb\u00ebrritjen e tij n\u00eb Tiran\u00eb,\u2026","rel":"","context":"In &quot;Blogu i Udh\u00ebtarit&quot;","block_context":{"text":"Blogu i Udh\u00ebtarit","link":"https:\/\/www.shqiperia.com\/blog\/category\/blogu-i-udhetarit\/"},"img":{"alt_text":"","src":"https:\/\/i0.wp.com\/www.shqiperia.com\/blog\/wp-content\/uploads\/2019\/04\/matthew-palmer-thumb-large.jpg?fit=1024%2C543&ssl=1&resize=350%2C200","width":350,"height":200,"srcset":"https:\/\/i0.wp.com\/www.shqiperia.com\/blog\/wp-content\/uploads\/2019\/04\/matthew-palmer-thumb-large.jpg?fit=1024%2C543&ssl=1&resize=350%2C200 1x, https:\/\/i0.wp.com\/www.shqiperia.com\/blog\/wp-content\/uploads\/2019\/04\/matthew-palmer-thumb-large.jpg?fit=1024%2C543&ssl=1&resize=525%2C300 1.5x, https:\/\/i0.wp.com\/www.shqiperia.com\/blog\/wp-content\/uploads\/2019\/04\/matthew-palmer-thumb-large.jpg?fit=1024%2C543&ssl=1&resize=700%2C400 2x"},"classes":[]},{"id":17808,"url":"https:\/\/www.shqiperia.com\/blog\/kriza-politike-delegacion-i-pe-zbarkon-te-merkuren-ne-tirane\/","url_meta":{"origin":30983,"position":3},"title":"Kriza politike, delegacion i PE zbarkon t\u00eb m\u00ebrkur\u00ebn n\u00eb Tiran\u00eb","author":"Kurt Farka","date":"February 22, 2019","format":false,"excerpt":"Kriza politike, delegacion i PE zbarkon t\u00eb m\u00ebrkur\u00ebn n\u00eb Tiran\u00eb 22 shkurt 2019 T\u00eb m\u00ebrkur\u00ebn n\u00eb Tiran\u00eb do t\u00eb mb\u00ebrrij\u00eb nj\u00eb delegacion i Komisionit t\u00eb Pun\u00ebve t\u00eb Jashtme t\u00eb Parlamentit Evropian. Nj\u00eb tur n\u00eb Tiran\u00eb dhe m\u00eb tej n\u00eb Shkup, n\u00eb nj\u00eb axhend\u00eb t\u00eb paracaktuar prej muajit n\u00ebntor. Por ky\u2026","rel":"","context":"In &quot;Blogu i Udh\u00ebtarit&quot;","block_context":{"text":"Blogu i Udh\u00ebtarit","link":"https:\/\/www.shqiperia.com\/blog\/category\/blogu-i-udhetarit\/"},"img":{"alt_text":"","src":"https:\/\/i0.wp.com\/www.shqiperia.com\/blog\/wp-content\/uploads\/2019\/02\/PE-905x450.jpg?fit=905%2C450&ssl=1&resize=350%2C200","width":350,"height":200,"srcset":"https:\/\/i0.wp.com\/www.shqiperia.com\/blog\/wp-content\/uploads\/2019\/02\/PE-905x450.jpg?fit=905%2C450&ssl=1&resize=350%2C200 1x, https:\/\/i0.wp.com\/www.shqiperia.com\/blog\/wp-content\/uploads\/2019\/02\/PE-905x450.jpg?fit=905%2C450&ssl=1&resize=525%2C300 1.5x, https:\/\/i0.wp.com\/www.shqiperia.com\/blog\/wp-content\/uploads\/2019\/02\/PE-905x450.jpg?fit=905%2C450&ssl=1&resize=700%2C400 2x"},"classes":[]},{"id":61728,"url":"https:\/\/www.shqiperia.com\/blog\/erdogan-i-vuri-kembet-ne-nje-kepuce-edi-rama-fillon-leshimin-e-gylenisteve-per-ti-bere-fresk-sulltanit-policia-turke-zbarkon-ne-tirane\/","url_meta":{"origin":30983,"position":4},"title":"Erdogan i vuri \u201ck\u00ebmb\u00ebt n\u00eb nj\u00eb k\u00ebpuc\u00eb\u201d, Edi Rama fillon l\u00ebshimin e gylenist\u00ebve p\u00ebr t\u2019i b\u00ebr\u00eb fresk \u201cSulltanit\u201d. &#8211; Policia turke zbarkon n\u00eb Tiran\u00eb","author":"Kurt Farka","date":"September 2, 2022","format":false,"excerpt":"Edi Rama - Erdogan 2 Shtator 2022 Gazeta Sot Kryeministri Edi Rama mesa duket ka nisur zbatimin e urdhrit t\u00eb presidentit turk Recep Tayip Erdogan p\u00ebr t\u00eb goditur kund\u00ebrshtar\u00ebt e tij gylenist\u00eb q\u00eb strehon n\u00eb Shqip\u00ebri, t\u00eb cil\u00ebt jan\u00eb n\u00eb k\u00ebrkim p\u00ebr vepra t\u00eb ndryshe penale nga autoritetet turke. Sinjalet\u2026","rel":"","context":"In &quot;Blogu i Udh\u00ebtarit&quot;","block_context":{"text":"Blogu i Udh\u00ebtarit","link":"https:\/\/www.shqiperia.com\/blog\/category\/blogu-i-udhetarit\/"},"img":{"alt_text":"","src":"https:\/\/i0.wp.com\/www.shqiperia.com\/blog\/wp-content\/uploads\/2022\/09\/Edi-Rama-Erdogan.jpg?fit=942%2C540&ssl=1&resize=350%2C200","width":350,"height":200,"srcset":"https:\/\/i0.wp.com\/www.shqiperia.com\/blog\/wp-content\/uploads\/2022\/09\/Edi-Rama-Erdogan.jpg?fit=942%2C540&ssl=1&resize=350%2C200 1x, https:\/\/i0.wp.com\/www.shqiperia.com\/blog\/wp-content\/uploads\/2022\/09\/Edi-Rama-Erdogan.jpg?fit=942%2C540&ssl=1&resize=525%2C300 1.5x, https:\/\/i0.wp.com\/www.shqiperia.com\/blog\/wp-content\/uploads\/2022\/09\/Edi-Rama-Erdogan.jpg?fit=942%2C540&ssl=1&resize=700%2C400 2x"},"classes":[]},{"id":95039,"url":"https:\/\/www.shqiperia.com\/blog\/cfare-po-ndodh-delegacioni-i-larte-gjerman-vizite-ne-spak-zbulohen-detaje-nga-diskutimet\/","url_meta":{"origin":30983,"position":5},"title":"\u00c7far\u00eb po ndodh?\/ Delegacioni i lart\u00eb gjerman vizit\u00eb n\u00eb SPAK, zbulohen detaje nga diskutimet","author":"Kurt Farka","date":"November 21, 2025","format":false,"excerpt":"21 Nentor 2025 Drejtuesi i Seksionit kund\u00ebr Krimit t\u00eb Organizuar n\u00eb SPAK, prokurori Adnan Xholi, ka pritur sot nj\u00eb nj\u00eb delegacion t\u00eb nivelit t\u00eb lart\u00eb nga Gjermania, q\u00eb kryesohej nga Sekretarja e Shtetit pran\u00eb Ministris\u00eb s\u00eb Drejt\u00ebsis\u00eb dhe Mbrojtjes s\u00eb Konsumatorit, Annette Kramme. N\u00eb takim ishin t\u00eb pranish\u00ebm dhe ambasadori\u2026","rel":"","context":"In &quot;Blogu i Udh\u00ebtarit&quot;","block_context":{"text":"Blogu i Udh\u00ebtarit","link":"https:\/\/www.shqiperia.com\/blog\/category\/blogu-i-udhetarit\/"},"img":{"alt_text":"","src":"https:\/\/i0.wp.com\/www.shqiperia.com\/blog\/wp-content\/uploads\/2025\/11\/1757517542_1751955486spak-1.jpeg?fit=780%2C440&ssl=1&resize=350%2C200","width":350,"height":200,"srcset":"https:\/\/i0.wp.com\/www.shqiperia.com\/blog\/wp-content\/uploads\/2025\/11\/1757517542_1751955486spak-1.jpeg?fit=780%2C440&ssl=1&resize=350%2C200 1x, https:\/\/i0.wp.com\/www.shqiperia.com\/blog\/wp-content\/uploads\/2025\/11\/1757517542_1751955486spak-1.jpeg?fit=780%2C440&ssl=1&resize=525%2C300 1.5x, https:\/\/i0.wp.com\/www.shqiperia.com\/blog\/wp-content\/uploads\/2025\/11\/1757517542_1751955486spak-1.jpeg?fit=780%2C440&ssl=1&resize=700%2C400 2x"},"classes":[]}],"_links":{"self":[{"href":"https:\/\/www.shqiperia.com\/blog\/wp-json\/wp\/v2\/posts\/30983","targetHints":{"allow":["GET"]}}],"collection":[{"href":"https:\/\/www.shqiperia.com\/blog\/wp-json\/wp\/v2\/posts"}],"about":[{"href":"https:\/\/www.shqiperia.com\/blog\/wp-json\/wp\/v2\/types\/post"}],"author":[{"embeddable":true,"href":"https:\/\/www.shqiperia.com\/blog\/wp-json\/wp\/v2\/users\/9"}],"replies":[{"embeddable":true,"href":"https:\/\/www.shqiperia.com\/blog\/wp-json\/wp\/v2\/comments?post=30983"}],"version-history":[{"count":2,"href":"https:\/\/www.shqiperia.com\/blog\/wp-json\/wp\/v2\/posts\/30983\/revisions"}],"predecessor-version":[{"id":30986,"href":"https:\/\/www.shqiperia.com\/blog\/wp-json\/wp\/v2\/posts\/30983\/revisions\/30986"}],"wp:featuredmedia":[{"embeddable":true,"href":"https:\/\/www.shqiperia.com\/blog\/wp-json\/wp\/v2\/media\/30984"}],"wp:attachment":[{"href":"https:\/\/www.shqiperia.com\/blog\/wp-json\/wp\/v2\/media?parent=30983"}],"wp:term":[{"taxonomy":"category","embeddable":true,"href":"https:\/\/www.shqiperia.com\/blog\/wp-json\/wp\/v2\/categories?post=30983"},{"taxonomy":"post_tag","embeddable":true,"href":"https:\/\/www.shqiperia.com\/blog\/wp-json\/wp\/v2\/tags?post=30983"}],"curies":[{"name":"wp","href":"https:\/\/api.w.org\/{rel}","templated":true}]}}