{"id":30924,"date":"2020-02-01T12:45:33","date_gmt":"2020-02-01T12:45:33","guid":{"rendered":"https:\/\/www.shqiperia.com\/blog\/?p=30924"},"modified":"2021-07-07T07:19:42","modified_gmt":"2021-07-07T07:19:42","slug":"cili-ishte-emri-i-vertete-i-dhaskal-todrit","status":"publish","type":"post","link":"https:\/\/www.shqiperia.com\/blog\/cili-ishte-emri-i-vertete-i-dhaskal-todrit\/","title":{"rendered":"Cili ishte emri i v\u00ebrtet\u00eb i Dhaskal Todrit"},"content":{"rendered":"<p><img data-recalc-dims=\"1\" loading=\"lazy\" decoding=\"async\" data-attachment-id=\"30925\" data-permalink=\"https:\/\/www.shqiperia.com\/blog\/cili-ishte-emri-i-vertete-i-dhaskal-todrit\/dhaskal-todri-teodor-haxhifilipi-905x395-1\/\" data-orig-file=\"https:\/\/i0.wp.com\/www.shqiperia.com\/blog\/wp-content\/uploads\/2020\/02\/Dhaskal-Todri-Teodor-Haxhifilipi-905x395-1.jpg?fit=780%2C395&amp;ssl=1\" data-orig-size=\"780,395\" data-comments-opened=\"1\" data-image-meta=\"{&quot;aperture&quot;:&quot;0&quot;,&quot;credit&quot;:&quot;&quot;,&quot;camera&quot;:&quot;&quot;,&quot;caption&quot;:&quot;&quot;,&quot;created_timestamp&quot;:&quot;0&quot;,&quot;copyright&quot;:&quot;&quot;,&quot;focal_length&quot;:&quot;0&quot;,&quot;iso&quot;:&quot;0&quot;,&quot;shutter_speed&quot;:&quot;0&quot;,&quot;title&quot;:&quot;&quot;,&quot;orientation&quot;:&quot;0&quot;}\" data-image-title=\"Dhaskal-Todri-Teodor-Haxhifilipi-905&#215;395-1\" data-image-description=\"\" data-image-caption=\"\" data-medium-file=\"https:\/\/i0.wp.com\/www.shqiperia.com\/blog\/wp-content\/uploads\/2020\/02\/Dhaskal-Todri-Teodor-Haxhifilipi-905x395-1.jpg?fit=300%2C152&amp;ssl=1\" data-large-file=\"https:\/\/i0.wp.com\/www.shqiperia.com\/blog\/wp-content\/uploads\/2020\/02\/Dhaskal-Todri-Teodor-Haxhifilipi-905x395-1.jpg?fit=780%2C395&amp;ssl=1\" class=\"alignnone wp-image-30925\" alt=\"\" src=\"https:\/\/i0.wp.com\/www.shqiperia.com\/blog\/wp-content\/uploads\/2020\/02\/Dhaskal-Todri-Teodor-Haxhifilipi-905x395-1.jpg?resize=522%2C266&#038;ssl=1\" width=\"522\" height=\"266\" srcset=\"https:\/\/i0.wp.com\/www.shqiperia.com\/blog\/wp-content\/uploads\/2020\/02\/Dhaskal-Todri-Teodor-Haxhifilipi-905x395-1.jpg?resize=300%2C152&amp;ssl=1 300w, https:\/\/i0.wp.com\/www.shqiperia.com\/blog\/wp-content\/uploads\/2020\/02\/Dhaskal-Todri-Teodor-Haxhifilipi-905x395-1.jpg?resize=450%2C228&amp;ssl=1 450w, https:\/\/i0.wp.com\/www.shqiperia.com\/blog\/wp-content\/uploads\/2020\/02\/Dhaskal-Todri-Teodor-Haxhifilipi-905x395-1.jpg?resize=400%2C203&amp;ssl=1 400w\" sizes=\"auto, (max-width: 522px) 100vw, 522px\" \/><\/p>\n<p><strong>Cili ishte emri i v\u00ebrtet\u00eb i Dhaskal Todrit<\/strong><\/p>\n<p>Emri i v\u00ebrtet\u00eb i Dhaskal Todrit ishte Theodhor Haxhifilipi.<\/p>\n<p>Theodhori ishte m\u00ebsues e veprimtar i gjuh\u00ebs shqipe q\u00eb lindi n\u00eb Elbasan.<\/p>\n<p>U b\u00eb figur\u00eb aq e dashur popullore sa nis\u00ebn t\u2019i th\u00ebrrasin dhaskal (m\u00ebsues) dhe Todri ishte shkurtimi i emrit.<\/p>\n<p>Th. Haxhifilipi u p\u00ebrpoq p\u00ebr futjen e gjer\u00eb t\u00eb shqipes n\u00eb sh\u00ebrbesat fetare dhe p\u00ebr m\u00ebsimin e saj n\u00eb shkoll\u00eb.<\/p>\n<p>Porositi n\u00eb Evrop\u00eb edhe nj\u00eb shtypshkronj\u00eb, pasi krijoi n\u00eb Elbasan nj\u00eb tradit\u00eb t\u00eb shkrimit t\u00eb shqipes me alfabetin e tij, q\u00eb njihet q\u00eb nga fundi i shek.XVIII e deri n\u00eb shek.XX.<\/p>\n<p>P\u00ebr t\u00eb penguar k\u00ebt\u00eb, kisha fanariote futi njer\u00ebz dhe e vran\u00eb n\u00eb Dhiavat t\u00eb Resnj\u00ebs.<\/p>\n<p>M\u00eb 1827, kleri i dogji shkrimet e tij n\u00eb Elbasan, duke nxjerr\u00eb si shkak murtaj\u00ebn q\u00eb kishte r\u00ebn\u00eb n\u00eb qytet.<\/p>\n<p><strong>d.a. \/ dita<\/strong><\/p>\n","protected":false},"excerpt":{"rendered":"<p>Cili ishte emri i v\u00ebrtet\u00eb i Dhaskal Todrit Emri i v\u00ebrtet\u00eb i Dhaskal Todrit ishte Theodhor Haxhifilipi. Theodhori ishte m\u00ebsues e veprimtar i gjuh\u00ebs shqipe q\u00eb lindi n\u00eb Elbasan. U b\u00eb figur\u00eb aq e dashur popullore sa nis\u00ebn t\u2019i th\u00ebrrasin dhaskal (m\u00ebsues) dhe Todri ishte shkurtimi i emrit. Th. Haxhifilipi u p\u00ebrpoq p\u00ebr futjen e [&hellip;]<\/p>\n","protected":false},"author":9,"featured_media":30925,"comment_status":"open","ping_status":"open","sticky":false,"template":"","format":"standard","meta":{"jetpack_post_was_ever_published":false,"_jetpack_newsletter_access":"","_jetpack_dont_email_post_to_subs":false,"_jetpack_newsletter_tier_id":0,"_jetpack_memberships_contains_paywalled_content":false,"_jetpack_memberships_contains_paid_content":false,"footnotes":"","jetpack_publicize_message":"","jetpack_publicize_feature_enabled":true,"jetpack_social_post_already_shared":true,"jetpack_social_options":{"image_generator_settings":{"template":"highway","default_image_id":0,"font":"","enabled":false},"version":2}},"categories":[85,10,35],"tags":[],"class_list":["post-30924","post","type-post","status-publish","format-standard","has-post-thumbnail","hentry","category-histori","category-kultura","category-shoqerore"],"jetpack_publicize_connections":[],"jetpack_featured_media_url":"https:\/\/i0.wp.com\/www.shqiperia.com\/blog\/wp-content\/uploads\/2020\/02\/Dhaskal-Todri-Teodor-Haxhifilipi-905x395-1.jpg?fit=780%2C395&ssl=1","jetpack_sharing_enabled":true,"jetpack_shortlink":"https:\/\/wp.me\/p5Z6wp-82M","jetpack-related-posts":[{"id":13097,"url":"https:\/\/www.shqiperia.com\/blog\/si-u-zbulua-alfabeti-origjinal-i-anonimit-te-elbasanit\/","url_meta":{"origin":30924,"position":0},"title":"Si u zbulua alfabeti origjinal i \u201cAnonimit t\u00eb Elbasanit\u201d. &#8211;","author":"Kurt Farka","date":"October 28, 2018","format":false,"excerpt":"Si u zbulua alfabeti origjinal i \u201cAnonimit t\u00eb Elbasanit\u201d. - - Nga Bardha Nergjoni. Dor\u00ebshkrimet e para t\u00eb shqipes me alfabet orgjinal t\u00eb harruara n\u00eb arkiva Dhimit\u00ebr Shuteriqi: Papa Totasi nga Valshi, alfabeti n\u00eb Polis, autori mendohet Bogomili \u00a0Dor\u00ebshkrimi me alfabetin e ve\u00e7ant\u00eb q\u00eb u pag\u00ebzua me autor \u201cAnonimi i\u2026","rel":"","context":"In &quot;Histori&quot;","block_context":{"text":"Histori","link":"https:\/\/www.shqiperia.com\/blog\/category\/histori\/"},"img":{"alt_text":"","src":"https:\/\/i0.wp.com\/www.shqiperia.com\/blog\/wp-content\/uploads\/2018\/10\/129366.jpg?fit=620%2C420&ssl=1&resize=350%2C200","width":350,"height":200,"srcset":"https:\/\/i0.wp.com\/www.shqiperia.com\/blog\/wp-content\/uploads\/2018\/10\/129366.jpg?fit=620%2C420&ssl=1&resize=350%2C200 1x, https:\/\/i0.wp.com\/www.shqiperia.com\/blog\/wp-content\/uploads\/2018\/10\/129366.jpg?fit=620%2C420&ssl=1&resize=525%2C300 1.5x"},"classes":[]},{"id":39606,"url":"https:\/\/www.shqiperia.com\/blog\/arsimi-dhe-kultura-ne-voskopojen-e-shekullit-xviii\/","url_meta":{"origin":30924,"position":1},"title":"Arsimi dhe kultura n\u00eb Voskopoj\u00ebn e shekullit XVIII","author":"Kurt Farka","date":"October 13, 2020","format":false,"excerpt":"Arsimi dhe kultura n\u00eb Voskopoj\u00ebn e shekullit XVIII NGA:\u00a0DHIMIT\u00cbR SHUTERIQI N\u00eb shek. XVIII, nj\u00eb s\u00ebr\u00eb qytetesh shqiptare si Shkodra, Prizreni, Prishtina, Elbasani, Berati, njoh\u00ebn nj\u00eb zhvillim kulturor t\u00eb duksh\u00ebm p\u00ebr at\u00eb koh\u00eb t\u00eb feudalizmit dhe t\u00eb pushtimit osman. U pajis\u00ebn me shkolla dhe me vepra t\u00eb arkitektur\u00ebs artistike. Ky zhvillim\u2026","rel":"","context":"In &quot;Blogu i Udh\u00ebtarit&quot;","block_context":{"text":"Blogu i Udh\u00ebtarit","link":"https:\/\/www.shqiperia.com\/blog\/category\/blogu-i-udhetarit\/"},"img":{"alt_text":"","src":"https:\/\/i0.wp.com\/www.shqiperia.com\/blog\/wp-content\/uploads\/2020\/10\/39633040461_621609b7b6_c.jpg?fit=649%2C298&ssl=1&resize=350%2C200","width":350,"height":200,"srcset":"https:\/\/i0.wp.com\/www.shqiperia.com\/blog\/wp-content\/uploads\/2020\/10\/39633040461_621609b7b6_c.jpg?fit=649%2C298&ssl=1&resize=350%2C200 1x, https:\/\/i0.wp.com\/www.shqiperia.com\/blog\/wp-content\/uploads\/2020\/10\/39633040461_621609b7b6_c.jpg?fit=649%2C298&ssl=1&resize=525%2C300 1.5x"},"classes":[]},{"id":1834,"url":"https:\/\/www.shqiperia.com\/blog\/qemal-haxhihasani-1916-1991\/","url_meta":{"origin":30924,"position":2},"title":"Qemal Haxhihasani (1916-1991). &#8211;","author":"Kurt Farka","date":"January 23, 2018","format":false,"excerpt":"Nga Hyqmet Zane U lind n\u00eb Elbasan m\u00eb 16 shkurt 1916 Prof. folklorist i shquar, hartues i vepr\u00ebs madhore \"Epika Legjendare 1 dhe 2\", studiuesi q\u00eb u mor shum\u00eb me tema t\u00eb pal\u00ebvruara m\u00eb par\u00eb te ne si\u00e7 \u00ebsht\u00eb p.sh. cikli i kreshnik\u00ebve, t\u00eb cilat i p\u00ebrmblodhi n\u00eb \"K\u00ebng\u00eb popullore\u2026","rel":"","context":"In &quot;Kultura&quot;","block_context":{"text":"Kultura","link":"https:\/\/www.shqiperia.com\/blog\/category\/kultura\/"},"img":{"alt_text":"","src":"https:\/\/i0.wp.com\/www.shqiperia.com\/blog\/wp-content\/uploads\/2018\/01\/Qemal-Haxhihasani.png?fit=400%2C376&ssl=1&resize=350%2C200","width":350,"height":200},"classes":[]},{"id":4521,"url":"https:\/\/www.shqiperia.com\/blog\/sander-prosi-aktor-suksesshem-dhe-paharruar\/","url_meta":{"origin":30924,"position":3},"title":"Sander  PROSI \u2013 Aktor i suksesshem dhe i paharruar. &#8211;","author":"Kurt Farka","date":"March 9, 2018","format":false,"excerpt":"Me talentet n\u00eb p\u00ebrgjith\u00ebsi, e me ato t\u00eb artit n\u00eb ve\u00e7anti, jo rrall\u00eb ndodh q\u00eb, ato t\u00eb kishin filluar nj\u00eb arsimim, madje edhe mund t\u2019a kishin mbaruar at\u00eb, por jo n\u00eb drejtimin ku m\u00eb von\u00eb do t\u00eb b\u00ebnin em\u00ebr. Ky rast ka ndodhur edhe me Sand\u00ebr Prosin, aktorin e famsh\u00ebm\u2026","rel":"","context":"In &quot;Arte&quot;","block_context":{"text":"Arte","link":"https:\/\/www.shqiperia.com\/blog\/category\/arte\/"},"img":{"alt_text":"","src":"https:\/\/i0.wp.com\/www.shqiperia.com\/blog\/wp-content\/uploads\/2018\/03\/Sander-Prosi-Copy-Copy.jpg?fit=350%2C350&ssl=1&resize=350%2C200","width":350,"height":200},"classes":[]},{"id":5430,"url":"https:\/\/www.shqiperia.com\/blog\/kostandin-shpataraku-ne-gjurmet-e-onufrit\/","url_meta":{"origin":30924,"position":4},"title":"Kostandin Shpataraku n\u00eb gjurm\u00ebt e Onufrit. &#8211;","author":"Kurt Farka","date":"March 23, 2018","format":false,"excerpt":"Nga: Anisa Demiraj. - -Ne jemi nj\u00eb vend shum\u00eb i vog\u00ebl, por q\u00eb ka mund\u00ebsin\u00eb t\u00eb t\u00eb ofroj\u00eb shum\u00eb. Nj\u00eb nga bukurit\u00eb m\u00eb t\u00eb vler\u00ebsuara n\u00eb Shqip\u00ebri edhe m\u00eb gjer\u00eb, jan\u00eb pikturat murale n\u00ebp\u00ebr kisha, t\u00eb cilat datojn\u00eb q\u00eb n\u00eb shekullin e XVI. Artist\u00ebt e asaj kohe kan\u00eb qen\u00eb t\u00eb\u2026","rel":"","context":"In &quot;Arte&quot;","block_context":{"text":"Arte","link":"https:\/\/www.shqiperia.com\/blog\/category\/arte\/"},"img":{"alt_text":"","src":"https:\/\/i0.wp.com\/www.shqiperia.com\/blog\/wp-content\/uploads\/2018\/03\/Kostandin-Shpataraku-3-Copy.jpg?fit=589%2C418&ssl=1&resize=350%2C200","width":350,"height":200,"srcset":"https:\/\/i0.wp.com\/www.shqiperia.com\/blog\/wp-content\/uploads\/2018\/03\/Kostandin-Shpataraku-3-Copy.jpg?fit=589%2C418&ssl=1&resize=350%2C200 1x, https:\/\/i0.wp.com\/www.shqiperia.com\/blog\/wp-content\/uploads\/2018\/03\/Kostandin-Shpataraku-3-Copy.jpg?fit=589%2C418&ssl=1&resize=525%2C300 1.5x"},"classes":[]},{"id":38507,"url":"https:\/\/www.shqiperia.com\/blog\/mbreti-ilir-bato-dhe-monedha-e-tij-2200-vjecare-shkruar-ne-shqip-%ce%b2%ce%b1%cf%84%cf%89%ce%bd-bato-n\/","url_meta":{"origin":30924,"position":5},"title":"Mbreti ilir Bato dhe monedha e tij ~ 2200 vje\u00e7are shkruar n\u00eb Shqip: \u2018\u0392\u0391\u03a4\u03a9\u039d = BATO -N","author":"Kurt Farka","date":"September 16, 2020","format":false,"excerpt":"Mbreti ilir Bato dhe monedha e tij ~ 2200 vje\u00e7are shkruar n\u00eb Shqip: \u2018\u0392\u0391\u03a4\u03a9\u039d = BATO -N Shkruan: Aleksander HASANAS Em\u00ebr ky i cili nga manipulirator\u00ebt e gjuh\u00ebs s\u00eb greke shkruajn\u00eb: \u201cMbret i njohur ilir \u2018Bato\u2019 i v\u00ebrtetuar gjer\u00ebsisht n\u00eb Iliri, emri i t\u00eb cilit presupozohet se rrjedh\u00eb nga IE\u2026","rel":"","context":"In &quot;Histori&quot;","block_context":{"text":"Histori","link":"https:\/\/www.shqiperia.com\/blog\/category\/histori\/"},"img":{"alt_text":"","src":"https:\/\/i0.wp.com\/www.shqiperia.com\/blog\/wp-content\/uploads\/2020\/09\/Screenshot_523-640x401-1.jpg?fit=640%2C401&ssl=1&resize=350%2C200","width":350,"height":200,"srcset":"https:\/\/i0.wp.com\/www.shqiperia.com\/blog\/wp-content\/uploads\/2020\/09\/Screenshot_523-640x401-1.jpg?fit=640%2C401&ssl=1&resize=350%2C200 1x, https:\/\/i0.wp.com\/www.shqiperia.com\/blog\/wp-content\/uploads\/2020\/09\/Screenshot_523-640x401-1.jpg?fit=640%2C401&ssl=1&resize=525%2C300 1.5x"},"classes":[]}],"_links":{"self":[{"href":"https:\/\/www.shqiperia.com\/blog\/wp-json\/wp\/v2\/posts\/30924","targetHints":{"allow":["GET"]}}],"collection":[{"href":"https:\/\/www.shqiperia.com\/blog\/wp-json\/wp\/v2\/posts"}],"about":[{"href":"https:\/\/www.shqiperia.com\/blog\/wp-json\/wp\/v2\/types\/post"}],"author":[{"embeddable":true,"href":"https:\/\/www.shqiperia.com\/blog\/wp-json\/wp\/v2\/users\/9"}],"replies":[{"embeddable":true,"href":"https:\/\/www.shqiperia.com\/blog\/wp-json\/wp\/v2\/comments?post=30924"}],"version-history":[{"count":2,"href":"https:\/\/www.shqiperia.com\/blog\/wp-json\/wp\/v2\/posts\/30924\/revisions"}],"predecessor-version":[{"id":48325,"href":"https:\/\/www.shqiperia.com\/blog\/wp-json\/wp\/v2\/posts\/30924\/revisions\/48325"}],"wp:featuredmedia":[{"embeddable":true,"href":"https:\/\/www.shqiperia.com\/blog\/wp-json\/wp\/v2\/media\/30925"}],"wp:attachment":[{"href":"https:\/\/www.shqiperia.com\/blog\/wp-json\/wp\/v2\/media?parent=30924"}],"wp:term":[{"taxonomy":"category","embeddable":true,"href":"https:\/\/www.shqiperia.com\/blog\/wp-json\/wp\/v2\/categories?post=30924"},{"taxonomy":"post_tag","embeddable":true,"href":"https:\/\/www.shqiperia.com\/blog\/wp-json\/wp\/v2\/tags?post=30924"}],"curies":[{"name":"wp","href":"https:\/\/api.w.org\/{rel}","templated":true}]}}