{"id":30921,"date":"2020-02-01T01:59:27","date_gmt":"2020-02-01T01:59:27","guid":{"rendered":"https:\/\/www.shqiperia.com\/blog\/?p=30921"},"modified":"2020-02-01T01:59:40","modified_gmt":"2020-02-01T01:59:40","slug":"basha-u-ulem-per-reformen-zgjedhore-vetem-per-te-arritur-zgjedhjet-e-parakohshme","status":"publish","type":"post","link":"https:\/\/www.shqiperia.com\/blog\/basha-u-ulem-per-reformen-zgjedhore-vetem-per-te-arritur-zgjedhjet-e-parakohshme\/","title":{"rendered":"Basha: U ul\u00ebm p\u00ebr Reform\u00ebn Zgjedhore, vet\u00ebm p\u00ebr t\u00eb arritur zgjedhjet e parakohshme."},"content":{"rendered":"<p><img data-recalc-dims=\"1\" loading=\"lazy\" decoding=\"async\" data-attachment-id=\"30922\" data-permalink=\"https:\/\/www.shqiperia.com\/blog\/basha-u-ulem-per-reformen-zgjedhore-vetem-per-te-arritur-zgjedhjet-e-parakohshme\/hqdefault-21\/\" data-orig-file=\"https:\/\/i0.wp.com\/www.shqiperia.com\/blog\/wp-content\/uploads\/2020\/02\/hqdefault.jpg?fit=480%2C319&amp;ssl=1\" data-orig-size=\"480,319\" data-comments-opened=\"1\" data-image-meta=\"{&quot;aperture&quot;:&quot;0&quot;,&quot;credit&quot;:&quot;&quot;,&quot;camera&quot;:&quot;&quot;,&quot;caption&quot;:&quot;&quot;,&quot;created_timestamp&quot;:&quot;0&quot;,&quot;copyright&quot;:&quot;&quot;,&quot;focal_length&quot;:&quot;0&quot;,&quot;iso&quot;:&quot;0&quot;,&quot;shutter_speed&quot;:&quot;0&quot;,&quot;title&quot;:&quot;&quot;,&quot;orientation&quot;:&quot;0&quot;}\" data-image-title=\"hqdefault\" data-image-description=\"\" data-image-caption=\"\" data-medium-file=\"https:\/\/i0.wp.com\/www.shqiperia.com\/blog\/wp-content\/uploads\/2020\/02\/hqdefault.jpg?fit=300%2C199&amp;ssl=1\" data-large-file=\"https:\/\/i0.wp.com\/www.shqiperia.com\/blog\/wp-content\/uploads\/2020\/02\/hqdefault.jpg?fit=480%2C319&amp;ssl=1\" class=\"alignnone size-medium wp-image-30922\" alt=\"\" src=\"https:\/\/i0.wp.com\/www.shqiperia.com\/blog\/wp-content\/uploads\/2020\/02\/hqdefault.jpg?resize=300%2C199&#038;ssl=1\" width=\"300\" height=\"199\" srcset=\"https:\/\/i0.wp.com\/www.shqiperia.com\/blog\/wp-content\/uploads\/2020\/02\/hqdefault.jpg?resize=300%2C199&amp;ssl=1 300w, https:\/\/i0.wp.com\/www.shqiperia.com\/blog\/wp-content\/uploads\/2020\/02\/hqdefault.jpg?resize=450%2C299&amp;ssl=1 450w, https:\/\/i0.wp.com\/www.shqiperia.com\/blog\/wp-content\/uploads\/2020\/02\/hqdefault.jpg?resize=400%2C266&amp;ssl=1 400w, https:\/\/i0.wp.com\/www.shqiperia.com\/blog\/wp-content\/uploads\/2020\/02\/hqdefault.jpg?w=480&amp;ssl=1 480w\" sizes=\"auto, (max-width: 300px) 100vw, 300px\" \/><\/p>\n<p>Basha: U ul\u00ebm p\u00ebr Reform\u00ebn Zgjedhore, vet\u00ebm p\u00ebr t\u00eb arritur zgjedhjet e parakohshme<\/p>\n<p><a href=\"https:\/\/kohajone.com\/basha-u-ulem-per-reformen-zgjedhore-vetem-per-te-arritur-zgjedhjet-e-parakohshme\/\">31\/01\/2020 \u00a0\u00a0\u00a0\u00a0<\/a><\/p>\n<p>Marr\u00ebveshja p\u00ebr Reform\u00ebn Zgjedhore me Edi Ram\u00ebn do prodhoj\u00eb edhe zgjedhjet e parakohshme, konfirmimi vjen nga kryetari i PD Lulzim Basha. \u201c<strong>Ne i qendrojm\u00eb propozimit ton\u00eb p\u00ebr nj\u00eb qeveri tranzitore jo vet\u00ebm p\u00ebr t\u00eb kaluar k\u00ebt\u00eb kriz\u00eb. \u00cbsht\u00eb nj\u00eb qendrim q\u00eb ne nuk t\u00ebrhieqemi. \u00cbsht\u00eb i shkruar n\u00eb dokumentin q\u00eb u paraqit t\u00eb h\u00ebn\u00ebn. 100 dit\u00eb para zgjedhjeve vendi t\u00eb ket\u00eb nj\u00eb qeveri tranzitore<\/strong>\u201d, thot\u00eb Basha n\u00eb nj\u00eb intervist\u00eb p\u00ebr ABC News.<\/p>\n<p>Rikthimin e papritur n\u00eb tryez\u00ebn e dialogut nuk e quan surpriz\u00eb. \u201c<strong>Ne k\u00ebt\u00eb hap kaq t\u00eb r\u00ebnd\u00ebsish\u00ebm p\u00ebr t\u00eb cilin kemi luftuar p\u00ebr t\u2019ju dh\u00ebn\u00eb t\u00eb drejta shqiptar\u00ebve q\u00eb t\u00eb votojn\u00eb t\u00eb pak\u00ebrc\u00ebnuar. Me k\u00eb do e b\u00ebnim Reform\u00ebn Zgjedhore, do linin Edi Ram\u00ebn ta b\u00ebnte me oligark\u00ebt dhe kriminel\u00ebt apo me nj\u00eb Parlament fals. Padiskutim q\u00eb ne jemi garancia q\u00eb ky proces t\u00eb b\u00ebhet ashtu si\u00e7 duhet<\/strong>\u201d, shprehet kryedemokrati.<\/p>\n<p>Historia e Majit 2017 nuk do p\u00ebrs\u00ebritet sipas Bash\u00ebs, pasi k\u00ebt\u00eb her\u00eb nd\u00ebrkomb\u00ebtar\u00ebt jan\u00eb t\u00eb nd\u00ebrgjegj\u00ebsuar si dikur p\u00ebr ligjin e dekriminalizimit.<\/p>\n<p>\u201c<strong>\u00cbsht\u00eb pjes\u00eb e dialogut q\u00eb PD ka me gjith\u00eb faktorin nd\u00ebrkomb\u00ebtar dhe t\u00eb gjith\u00eb p\u00ebrfaq\u00ebsuesit e tyre n\u00eb Tiran\u00eb, \u00e7\u2019ka b\u00ebhet edhe m\u00eb e r\u00ebnd\u00ebsishme n\u00eb k\u00ebto koh\u00eb zhvillimesh, n\u00eb ve\u00e7anti Reform\u00ebn Zgjedhore dhe t\u00eb p\u00ebrpjekjes s\u00eb PD dhe opozit\u00ebs s\u00eb bashkuar p\u00ebr ti dh\u00ebn\u00eb zgjidhje k\u00ebsaj krize poltike p\u00ebrmes zgjedhjeve t\u00eb lira dhe t\u00eb ndershm\u201d<\/strong>,\u00a0tha Basha.<\/p>\n<p>I pyetur n\u00ebse fiton zgjedhjet Lulzim Basha do jet\u00eb kryeminist\u00ebr, po n\u00ebse i humb?\u00a0<strong>\u201cUn\u00eb nuk mendoj se shqiptar\u00ebt prekupohen nga pyetje p\u00ebr fatin e nj\u00eb individi, kushdo qoft\u00eb ky edhe kryetari i opozit\u00ebs<\/strong>\u201d, tha Lulzim Basha.<\/p>\n<p>I pyetur p\u00ebr marr\u00ebdh\u00ebniet me ambasador\u00ebt, Basha tha se PD dhe ai kan\u00eb bashk\u00ebpunuar me nd\u00ebrkomb\u00ebtar\u00ebt p\u00ebr interesin e shqiptar\u00ebve, si\u00e7 \u00ebsht\u00eb heqja e vizave dhe futja e vendit n\u00eb NATO. \u201c<strong>Shqip\u00ebria nuk \u00ebsht\u00eb penalizuar p\u00ebr shkak t\u00eb veprimeve t\u00eb PD dhe opozit\u00ebs. Denoncimet tona kan\u00eb qen\u00eb pasoja t\u00eb aleanc\u00ebs s\u00eb qeverisjes s\u00eb sotme me krimin\u201d, tha Basha duke shtuar se Shqip\u00ebrin\u00eb e ka penalizuar shkat\u00ebrrimi i rregullave politike. P\u00ebr shtat\u00eb vite jemi p\u00ebrballur me nj\u00eb sjellje anti-politike<\/strong>\u201d,- tha Basha.<\/p>\n<p>Basha ka folur dhe p\u00ebr betej\u00ebn nj\u00ebvje\u00e7are t\u00eb opozit\u00ebs. \u201c<strong>Gjith\u00eb beteja jon\u00eb politike, q\u00eb nga djegia e mandateve p\u00ebr shkak t\u00eb kriz\u00ebs s\u00eb thell\u00eb ku asgj\u00eb nuk funksiononte dhe gjith\u00e7ka ishte fasad\u00eb, deri tek mos pjes\u00ebmarrja n\u00eb zgjedhje b\u00ebri q\u00eb t\u00eb arrinim t\u00eb rgrisnim fasad\u00ebn e propagand\u00ebs dhe ti tregonim shqiptar\u00ebve dhe nd\u00ebrkomb\u00ebtar\u00ebve q\u00eb k\u00ebtu ka nj\u00eb kriz\u00eb t\u00eb r\u00ebnd\u00eb politike dhe zgjidhja e k\u00ebsaj krize kalon p\u00ebrmes disa hapash q\u00eb \u00ebsht\u00eb e p\u00ebrmbledhur n\u00eb rezolut\u00ebn e Bundestagut. Ne kemi arritur objektivat politike. Sepse nd\u00ebrkomb\u00ebtar\u00ebt dol\u00ebn duke th\u00ebn\u00eb se Shqip\u00ebria \u00ebsht\u00eb n\u00eb kriz\u00eb dhe than\u00eb q\u00eb kjo kalohet duke b\u00ebr\u00eb zgjedhje t\u00eb lira. Me k\u00eb do ta b\u00ebnim ne reform\u00ebn? S\u2019do ta linim Ram\u00ebn ta b\u00ebnte me oligark\u00ebt dhe krimin<\/strong>\u201d,- tha Lulzim Basha.<\/p>\n<p>Gazeta Koha e Jone<\/p>\n","protected":false},"excerpt":{"rendered":"<p>Basha: U ul\u00ebm p\u00ebr Reform\u00ebn Zgjedhore, vet\u00ebm p\u00ebr t\u00eb arritur zgjedhjet e parakohshme 31\/01\/2020 \u00a0\u00a0\u00a0\u00a0 Marr\u00ebveshja p\u00ebr Reform\u00ebn Zgjedhore me Edi Ram\u00ebn do prodhoj\u00eb edhe zgjedhjet e parakohshme, konfirmimi vjen nga kryetari i PD Lulzim Basha. \u201cNe i qendrojm\u00eb propozimit ton\u00eb p\u00ebr nj\u00eb qeveri tranzitore jo vet\u00ebm p\u00ebr t\u00eb kaluar k\u00ebt\u00eb kriz\u00eb. \u00cbsht\u00eb nj\u00eb qendrim [&hellip;]<\/p>\n","protected":false},"author":9,"featured_media":30922,"comment_status":"open","ping_status":"open","sticky":false,"template":"","format":"standard","meta":{"jetpack_post_was_ever_published":false,"_jetpack_newsletter_access":"","_jetpack_dont_email_post_to_subs":false,"_jetpack_newsletter_tier_id":0,"_jetpack_memberships_contains_paywalled_content":false,"_jetpack_memberships_contains_paid_content":false,"footnotes":"","jetpack_publicize_message":"","jetpack_publicize_feature_enabled":true,"jetpack_social_post_already_shared":true,"jetpack_social_options":{"image_generator_settings":{"template":"highway","default_image_id":0,"font":"","enabled":false},"version":2}},"categories":[27,2],"tags":[],"class_list":["post-30921","post","type-post","status-publish","format-standard","has-post-thumbnail","hentry","category-blogu-i-udhetarit","category-politika"],"jetpack_publicize_connections":[],"jetpack_featured_media_url":"https:\/\/i0.wp.com\/www.shqiperia.com\/blog\/wp-content\/uploads\/2020\/02\/hqdefault.jpg?fit=480%2C319&ssl=1","jetpack_sharing_enabled":true,"jetpack_shortlink":"https:\/\/wp.me\/p5Z6wp-82J","jetpack-related-posts":[{"id":26474,"url":"https:\/\/www.shqiperia.com\/blog\/zeri-i-amerikes-opozita-shqiptare-shpreson-zgjedhje-te-parakohshme-qeveria-dialog-ne-institucione\/","url_meta":{"origin":30921,"position":0},"title":"Z\u00ebri i Amerik\u00ebs: Opozita shqiptare shpreson zgjedhje t\u00eb parakohshme, qeveria dialog n\u00eb institucione. &#8211;","author":"Kurt Farka","date":"September 30, 2019","format":false,"excerpt":"Z\u00ebri i Amerik\u00ebs: Opozita shqiptare shpreson zgjedhje t\u00eb parakohshme, qeveria dialog n\u00eb institucione. 29 shtator 2019 N\u00eb Tiran\u00eb, Partia Demokratike e opozit\u00ebs po p\u00ebrgatit deg\u00ebt e saj p\u00ebr zgjedhje t\u00eb parakohshme, sipas t\u00eb dh\u00ebnave nga nj\u00eb mbledhje e sotme. Opozita ka vler\u00ebsuar se kriza politike mund t\u00eb kap\u00ebrcehet me zgjedhje\u2026","rel":"","context":"In &quot;Blogu i Udh\u00ebtarit&quot;","block_context":{"text":"Blogu i Udh\u00ebtarit","link":"https:\/\/www.shqiperia.com\/blog\/category\/blogu-i-udhetarit\/"},"img":{"alt_text":"","src":"https:\/\/i0.wp.com\/www.shqiperia.com\/blog\/wp-content\/uploads\/2019\/09\/D1D8C398-A304-4572-A788-38D5F5EA619E_w1023_r1_s-433x300.jpg?fit=433%2C218&ssl=1&resize=350%2C200","width":350,"height":200},"classes":[]},{"id":17063,"url":"https:\/\/www.shqiperia.com\/blog\/para-protestes-basha-paralajmeron-qeverine-populli-do-marre-ne-dore-institucionet\/","url_meta":{"origin":30921,"position":1},"title":"Para protest\u00ebs, Basha paralajm\u00ebron qeverin\u00eb: Populli do marr\u00eb n\u00eb dor\u00eb institucionet\u2026-","author":"Kurt Farka","date":"February 7, 2019","format":false,"excerpt":"Para protest\u00ebs, Basha paralajm\u00ebron qeverin\u00eb: Populli do marr\u00eb n\u00eb dor\u00eb institucionet\u2026- 7 shkurt 2019 \u00a0 Nga foltorja e Kuvendit, kreu i opozit\u00ebs, Lulzim Basha, u shpreh sot se Kuvendi nuk ka asnj\u00eb lidhje me kriz\u00ebn dhe situat\u00ebn aktuale t\u00eb vendit dhe zgjidhja q\u00eb i duhet vendit, \u00ebsht\u00eb nj\u00eb qeveri tranzitore\u2026","rel":"","context":"In &quot;Blogu i Udh\u00ebtarit&quot;","block_context":{"text":"Blogu i Udh\u00ebtarit","link":"https:\/\/www.shqiperia.com\/blog\/category\/blogu-i-udhetarit\/"},"img":{"alt_text":"","src":"https:\/\/i0.wp.com\/www.shqiperia.com\/blog\/wp-content\/uploads\/2019\/02\/basha21.jpg?fit=820%2C430&ssl=1&resize=350%2C200","width":350,"height":200,"srcset":"https:\/\/i0.wp.com\/www.shqiperia.com\/blog\/wp-content\/uploads\/2019\/02\/basha21.jpg?fit=820%2C430&ssl=1&resize=350%2C200 1x, https:\/\/i0.wp.com\/www.shqiperia.com\/blog\/wp-content\/uploads\/2019\/02\/basha21.jpg?fit=820%2C430&ssl=1&resize=525%2C300 1.5x, https:\/\/i0.wp.com\/www.shqiperia.com\/blog\/wp-content\/uploads\/2019\/02\/basha21.jpg?fit=820%2C430&ssl=1&resize=700%2C400 2x"},"classes":[]},{"id":35656,"url":"https:\/\/www.shqiperia.com\/blog\/zgjedhje-lokale-te-parakohshme-ne-nje-dite-me-parlamentaret-reagon-serish-ppe-per-reformen-zdhedhore-dhe-leshon-thirrjen-e-forte\/","url_meta":{"origin":30921,"position":2},"title":"Zgjedhje lokale t\u00eb parakohshme n\u00eb nj\u00eb dit\u00eb me parlamentaret, reagon s\u00ebrish PPE p\u00ebr Reform\u00ebn Zdhedhore dhe l\u00ebshon thirrjen e fort\u00eb","author":"Kurt Farka","date":"June 12, 2020","format":false,"excerpt":"Zgjedhje lokale t\u00eb parakohshme n\u00eb nj\u00eb dit\u00eb me parlamentaret, reagon s\u00ebrish PPE p\u00ebr Reform\u00ebn Zdhedhore dhe l\u00ebshon thirrjen e fort\u00eb 12 QERSHOR 2020 Grupi Parlamentar i Partive Popullore Europiane ka dal\u00eb sot s\u00ebrish me nj\u00eb deklarat\u00eb n\u00eb websajtin zyrtar, t\u00eb nxjerr\u00eb n\u00eb em\u00ebr t\u00eb nenkryetarit Kovatschev (GERB, BG) si dhe\u2026","rel":"","context":"In &quot;Blogu i Udh\u00ebtarit&quot;","block_context":{"text":"Blogu i Udh\u00ebtarit","link":"https:\/\/www.shqiperia.com\/blog\/category\/blogu-i-udhetarit\/"},"img":{"alt_text":"","src":"https:\/\/i0.wp.com\/www.shqiperia.com\/blog\/wp-content\/uploads\/2020\/06\/bashkimi-europian-dhe-shqiperia.jpg?fit=671%2C369&ssl=1&resize=350%2C200","width":350,"height":200,"srcset":"https:\/\/i0.wp.com\/www.shqiperia.com\/blog\/wp-content\/uploads\/2020\/06\/bashkimi-europian-dhe-shqiperia.jpg?fit=671%2C369&ssl=1&resize=350%2C200 1x, https:\/\/i0.wp.com\/www.shqiperia.com\/blog\/wp-content\/uploads\/2020\/06\/bashkimi-europian-dhe-shqiperia.jpg?fit=671%2C369&ssl=1&resize=525%2C300 1.5x"},"classes":[]},{"id":30382,"url":"https:\/\/www.shqiperia.com\/blog\/deget-e-pd-kerkojne-protesta-basha-qendroni-gati-per-zgjedhje-te-parakohshme\/","url_meta":{"origin":30921,"position":3},"title":"Deg\u00ebt e PD k\u00ebrkojn\u00eb protesta, Basha: &#8211; Q\u00ebndroni gati p\u00ebr zgjedhje t\u00eb parakohshme","author":"Kurt Farka","date":"January 16, 2020","format":false,"excerpt":"Deg\u00ebt e PD k\u00ebrkojn\u00eb protesta, Basha: - Q\u00ebndroni gati p\u00ebr zgjedhje t\u00eb parakohshme 15 Janar 2020 Lulzim Basha ka zhvilluar nj\u00eb bised\u00eb sot me krer\u00ebt e deg\u00ebve t\u00eb PD-s\u00eb n\u00ebp\u00ebr rrethe gjat\u00eb takimit me Kolegjin e Kryetar\u00ebve. Lideri i PD-s\u00eb u ka k\u00ebrkuar kryetar\u00ebve demokrat\u00eb n\u00eb rrethe q\u00eb t\u00eb mbajn\u00eb\u2026","rel":"","context":"In &quot;Blogu i Udh\u00ebtarit&quot;","block_context":{"text":"Blogu i Udh\u00ebtarit","link":"https:\/\/www.shqiperia.com\/blog\/category\/blogu-i-udhetarit\/"},"img":{"alt_text":"","src":"https:\/\/i0.wp.com\/www.shqiperia.com\/blog\/wp-content\/uploads\/2020\/01\/basha11qershor-1024x669-1.jpg?fit=1024%2C669&ssl=1&resize=350%2C200","width":350,"height":200,"srcset":"https:\/\/i0.wp.com\/www.shqiperia.com\/blog\/wp-content\/uploads\/2020\/01\/basha11qershor-1024x669-1.jpg?fit=1024%2C669&ssl=1&resize=350%2C200 1x, https:\/\/i0.wp.com\/www.shqiperia.com\/blog\/wp-content\/uploads\/2020\/01\/basha11qershor-1024x669-1.jpg?fit=1024%2C669&ssl=1&resize=525%2C300 1.5x, https:\/\/i0.wp.com\/www.shqiperia.com\/blog\/wp-content\/uploads\/2020\/01\/basha11qershor-1024x669-1.jpg?fit=1024%2C669&ssl=1&resize=700%2C400 2x"},"classes":[]},{"id":34909,"url":"https:\/\/www.shqiperia.com\/blog\/mblodhi-ekspertet-e-reformes-zgjedhore-basha-komunikon-vendimin-e-rendesishem-ne-vendosem-qe-tia-mohojme-rames-kete-plan-dinak\/","url_meta":{"origin":30921,"position":4},"title":"Mblodhi ekspert\u00ebt e Reform\u00ebs Zgjedhore, Basha komunikon vendimin e r\u00ebnd\u00ebsish\u00ebm: Ne vendos\u00ebm q\u00eb t\u2019ia mohojm\u00eb Ram\u00ebs k\u00ebt\u00eb plan dinak!","author":"Kurt Farka","date":"May 22, 2020","format":false,"excerpt":"Mblodhi ekspert\u00ebt e Reform\u00ebs Zgjedhore, Basha komunikon vendimin e r\u00ebnd\u00ebsish\u00ebm: Ne vendos\u00ebm q\u00eb t\u2019ia mohojm\u00eb Ram\u00ebs k\u00ebt\u00eb plan dinak! 22 MAJ 2020 Kreu i PD , Lulszim Basha pas mbledhje s me ekspert\u00ebt e PD p\u00ebr reform\u00ebn Zgjedhore ka dal\u00eb n\u00eb nj\u00eb prononcim p\u00ebr mediat. Basha b\u00ebri t\u00eb ditur se\u2026","rel":"","context":"In &quot;Njoftime Shtypi&quot;","block_context":{"text":"Njoftime Shtypi","link":"https:\/\/www.shqiperia.com\/blog\/category\/njoftime-shtypi\/"},"img":{"alt_text":"","src":"https:\/\/i0.wp.com\/www.shqiperia.com\/blog\/wp-content\/uploads\/2020\/05\/800-0-5ec7cc01071cd.jpg?fit=800%2C475&ssl=1&resize=350%2C200","width":350,"height":200,"srcset":"https:\/\/i0.wp.com\/www.shqiperia.com\/blog\/wp-content\/uploads\/2020\/05\/800-0-5ec7cc01071cd.jpg?fit=800%2C475&ssl=1&resize=350%2C200 1x, https:\/\/i0.wp.com\/www.shqiperia.com\/blog\/wp-content\/uploads\/2020\/05\/800-0-5ec7cc01071cd.jpg?fit=800%2C475&ssl=1&resize=525%2C300 1.5x, https:\/\/i0.wp.com\/www.shqiperia.com\/blog\/wp-content\/uploads\/2020\/05\/800-0-5ec7cc01071cd.jpg?fit=800%2C475&ssl=1&resize=700%2C400 2x"},"classes":[]},{"id":30506,"url":"https:\/\/www.shqiperia.com\/blog\/a-ka-nje-plan-opozita-per-zgjedhje-te-parakohshme-pas-reformes-zgjedhore-flet-erisa-xhixho\/","url_meta":{"origin":30921,"position":5},"title":"A ka nj\u00eb plan opozita p\u00ebr zgjedhje t\u00eb parakohshme pas Reform\u00ebs Zgjedhore? Flet Erisa Xhixho","author":"Kurt Farka","date":"January 20, 2020","format":false,"excerpt":"A ka nj\u00eb plan opozita p\u00ebr zgjedhje t\u00eb parakohshme pas Reform\u00ebs Zgjedhore? Flet Erisa Xhixho 18 Janar, 2020 N\u00ebnkryetarja e LSI-s\u00eb Erisa Xhixho ishte e ftuar sot n\u00eb studion e lajmeve t\u00eb Fax Ne\u00ebs, ku foli mbi uljen e partive politike n\u00eb nj\u00eb tryez\u00eb p\u00ebr Reform\u00ebn Zgjedhore. Sipas Xhixhos kjo\u2026","rel":"","context":"In &quot;Blogu i Udh\u00ebtarit&quot;","block_context":{"text":"Blogu i Udh\u00ebtarit","link":"https:\/\/www.shqiperia.com\/blog\/category\/blogu-i-udhetarit\/"},"img":{"alt_text":"","src":"https:\/\/i0.wp.com\/www.shqiperia.com\/blog\/wp-content\/uploads\/2020\/01\/Erisa-Xhixho.jpg?fit=584%2C352&ssl=1&resize=350%2C200","width":350,"height":200,"srcset":"https:\/\/i0.wp.com\/www.shqiperia.com\/blog\/wp-content\/uploads\/2020\/01\/Erisa-Xhixho.jpg?fit=584%2C352&ssl=1&resize=350%2C200 1x, https:\/\/i0.wp.com\/www.shqiperia.com\/blog\/wp-content\/uploads\/2020\/01\/Erisa-Xhixho.jpg?fit=584%2C352&ssl=1&resize=525%2C300 1.5x"},"classes":[]}],"_links":{"self":[{"href":"https:\/\/www.shqiperia.com\/blog\/wp-json\/wp\/v2\/posts\/30921","targetHints":{"allow":["GET"]}}],"collection":[{"href":"https:\/\/www.shqiperia.com\/blog\/wp-json\/wp\/v2\/posts"}],"about":[{"href":"https:\/\/www.shqiperia.com\/blog\/wp-json\/wp\/v2\/types\/post"}],"author":[{"embeddable":true,"href":"https:\/\/www.shqiperia.com\/blog\/wp-json\/wp\/v2\/users\/9"}],"replies":[{"embeddable":true,"href":"https:\/\/www.shqiperia.com\/blog\/wp-json\/wp\/v2\/comments?post=30921"}],"version-history":[{"count":1,"href":"https:\/\/www.shqiperia.com\/blog\/wp-json\/wp\/v2\/posts\/30921\/revisions"}],"predecessor-version":[{"id":30923,"href":"https:\/\/www.shqiperia.com\/blog\/wp-json\/wp\/v2\/posts\/30921\/revisions\/30923"}],"wp:featuredmedia":[{"embeddable":true,"href":"https:\/\/www.shqiperia.com\/blog\/wp-json\/wp\/v2\/media\/30922"}],"wp:attachment":[{"href":"https:\/\/www.shqiperia.com\/blog\/wp-json\/wp\/v2\/media?parent=30921"}],"wp:term":[{"taxonomy":"category","embeddable":true,"href":"https:\/\/www.shqiperia.com\/blog\/wp-json\/wp\/v2\/categories?post=30921"},{"taxonomy":"post_tag","embeddable":true,"href":"https:\/\/www.shqiperia.com\/blog\/wp-json\/wp\/v2\/tags?post=30921"}],"curies":[{"name":"wp","href":"https:\/\/api.w.org\/{rel}","templated":true}]}}