{"id":30916,"date":"2020-02-01T00:59:44","date_gmt":"2020-02-01T00:59:44","guid":{"rendered":"https:\/\/www.shqiperia.com\/blog\/?p=30916"},"modified":"2020-02-01T01:03:29","modified_gmt":"2020-02-01T01:03:29","slug":"parashikime-te-frikshme-300-milione-te-vdekur-nga-koronavirusi","status":"publish","type":"post","link":"https:\/\/www.shqiperia.com\/blog\/parashikime-te-frikshme-300-milione-te-vdekur-nga-koronavirusi\/","title":{"rendered":"Parashikime te frikshme &#8211; 300 milion\u00eb t\u00eb vdekur nga koronavirusi\u2026"},"content":{"rendered":"<p><img data-recalc-dims=\"1\" loading=\"lazy\" decoding=\"async\" data-attachment-id=\"30917\" data-permalink=\"https:\/\/www.shqiperia.com\/blog\/parashikime-te-frikshme-300-milione-te-vdekur-nga-koronavirusi\/5e340294c083aanariti\/\" data-orig-file=\"https:\/\/i0.wp.com\/www.shqiperia.com\/blog\/wp-content\/uploads\/2020\/02\/5e340294c083aanariti.jpg?fit=667%2C276&amp;ssl=1\" data-orig-size=\"667,276\" data-comments-opened=\"1\" data-image-meta=\"{&quot;aperture&quot;:&quot;0&quot;,&quot;credit&quot;:&quot;&quot;,&quot;camera&quot;:&quot;&quot;,&quot;caption&quot;:&quot;&quot;,&quot;created_timestamp&quot;:&quot;0&quot;,&quot;copyright&quot;:&quot;&quot;,&quot;focal_length&quot;:&quot;0&quot;,&quot;iso&quot;:&quot;0&quot;,&quot;shutter_speed&quot;:&quot;0&quot;,&quot;title&quot;:&quot;&quot;,&quot;orientation&quot;:&quot;0&quot;}\" data-image-title=\"5e340294c083aanariti\" data-image-description=\"\" data-image-caption=\"\" data-medium-file=\"https:\/\/i0.wp.com\/www.shqiperia.com\/blog\/wp-content\/uploads\/2020\/02\/5e340294c083aanariti.jpg?fit=300%2C124&amp;ssl=1\" data-large-file=\"https:\/\/i0.wp.com\/www.shqiperia.com\/blog\/wp-content\/uploads\/2020\/02\/5e340294c083aanariti.jpg?fit=667%2C276&amp;ssl=1\" class=\"alignnone wp-image-30917\" alt=\"\" src=\"https:\/\/i0.wp.com\/www.shqiperia.com\/blog\/wp-content\/uploads\/2020\/02\/5e340294c083aanariti.jpg?resize=559%2C231&#038;ssl=1\" width=\"559\" height=\"231\" srcset=\"https:\/\/i0.wp.com\/www.shqiperia.com\/blog\/wp-content\/uploads\/2020\/02\/5e340294c083aanariti.jpg?resize=300%2C124&amp;ssl=1 300w, https:\/\/i0.wp.com\/www.shqiperia.com\/blog\/wp-content\/uploads\/2020\/02\/5e340294c083aanariti.jpg?resize=450%2C186&amp;ssl=1 450w, https:\/\/i0.wp.com\/www.shqiperia.com\/blog\/wp-content\/uploads\/2020\/02\/5e340294c083aanariti.jpg?resize=600%2C248&amp;ssl=1 600w, https:\/\/i0.wp.com\/www.shqiperia.com\/blog\/wp-content\/uploads\/2020\/02\/5e340294c083aanariti.jpg?resize=400%2C166&amp;ssl=1 400w, https:\/\/i0.wp.com\/www.shqiperia.com\/blog\/wp-content\/uploads\/2020\/02\/5e340294c083aanariti.jpg?w=667&amp;ssl=1 667w\" sizes=\"auto, (max-width: 559px) 100vw, 559px\" \/><\/p>\n<p><strong>Parashikime te frikshme &#8211; 300 milion\u00eb t\u00eb vdekur nga koronavirusi\u2026<\/strong><\/p>\n<p>Shkruan Edmond Panariti.<\/p>\n<p><img data-recalc-dims=\"1\" loading=\"lazy\" decoding=\"async\" class=\"\" alt=\"\" src=\"https:\/\/i0.wp.com\/shqiptarja.com\/\/uploads\/ckeditor\/5e340294c083aanariti.jpg?resize=824%2C812&#038;ssl=1\" width=\"824\" height=\"812\" \/><\/p>\n<p><img data-recalc-dims=\"1\" loading=\"lazy\" decoding=\"async\" data-attachment-id=\"30919\" data-permalink=\"https:\/\/www.shqiperia.com\/blog\/parashikime-te-frikshme-300-milione-te-vdekur-nga-koronavirusi\/1580351764_rastmekoronavirus\/\" data-orig-file=\"https:\/\/i0.wp.com\/www.shqiperia.com\/blog\/wp-content\/uploads\/2020\/02\/1580351764_rastmekoronavirus.jpg?fit=780%2C440&amp;ssl=1\" data-orig-size=\"780,440\" data-comments-opened=\"1\" data-image-meta=\"{&quot;aperture&quot;:&quot;0&quot;,&quot;credit&quot;:&quot;&quot;,&quot;camera&quot;:&quot;&quot;,&quot;caption&quot;:&quot;&quot;,&quot;created_timestamp&quot;:&quot;0&quot;,&quot;copyright&quot;:&quot;&quot;,&quot;focal_length&quot;:&quot;0&quot;,&quot;iso&quot;:&quot;0&quot;,&quot;shutter_speed&quot;:&quot;0&quot;,&quot;title&quot;:&quot;&quot;,&quot;orientation&quot;:&quot;0&quot;}\" data-image-title=\"1580351764_rastmekoronavirus\" data-image-description=\"\" data-image-caption=\"\" data-medium-file=\"https:\/\/i0.wp.com\/www.shqiperia.com\/blog\/wp-content\/uploads\/2020\/02\/1580351764_rastmekoronavirus.jpg?fit=300%2C169&amp;ssl=1\" data-large-file=\"https:\/\/i0.wp.com\/www.shqiperia.com\/blog\/wp-content\/uploads\/2020\/02\/1580351764_rastmekoronavirus.jpg?fit=780%2C440&amp;ssl=1\" class=\"alignnone  wp-image-30919\" alt=\"\" src=\"https:\/\/i0.wp.com\/www.shqiperia.com\/blog\/wp-content\/uploads\/2020\/02\/1580351764_rastmekoronavirus.jpg?resize=667%2C376&#038;ssl=1\" width=\"667\" height=\"376\" srcset=\"https:\/\/i0.wp.com\/www.shqiperia.com\/blog\/wp-content\/uploads\/2020\/02\/1580351764_rastmekoronavirus.jpg?resize=300%2C169&amp;ssl=1 300w, https:\/\/i0.wp.com\/www.shqiperia.com\/blog\/wp-content\/uploads\/2020\/02\/1580351764_rastmekoronavirus.jpg?resize=768%2C433&amp;ssl=1 768w, https:\/\/i0.wp.com\/www.shqiperia.com\/blog\/wp-content\/uploads\/2020\/02\/1580351764_rastmekoronavirus.jpg?resize=450%2C254&amp;ssl=1 450w, https:\/\/i0.wp.com\/www.shqiperia.com\/blog\/wp-content\/uploads\/2020\/02\/1580351764_rastmekoronavirus.jpg?resize=600%2C338&amp;ssl=1 600w, https:\/\/i0.wp.com\/www.shqiperia.com\/blog\/wp-content\/uploads\/2020\/02\/1580351764_rastmekoronavirus.jpg?resize=400%2C226&amp;ssl=1 400w, https:\/\/i0.wp.com\/www.shqiperia.com\/blog\/wp-content\/uploads\/2020\/02\/1580351764_rastmekoronavirus.jpg?w=780&amp;ssl=1 780w\" sizes=\"auto, (max-width: 667px) 100vw, 667px\" \/><\/p>\n","protected":false},"excerpt":{"rendered":"<p>Parashikime te frikshme &#8211; 300 milion\u00eb t\u00eb vdekur nga koronavirusi\u2026 Shkruan Edmond Panariti.<\/p>\n","protected":false},"author":9,"featured_media":30917,"comment_status":"open","ping_status":"open","sticky":false,"template":"","format":"standard","meta":{"jetpack_post_was_ever_published":false,"_jetpack_newsletter_access":"","_jetpack_dont_email_post_to_subs":false,"_jetpack_newsletter_tier_id":0,"_jetpack_memberships_contains_paywalled_content":false,"_jetpack_memberships_contains_paid_content":false,"footnotes":"","jetpack_publicize_message":"","jetpack_publicize_feature_enabled":true,"jetpack_social_post_already_shared":true,"jetpack_social_options":{"image_generator_settings":{"template":"highway","default_image_id":0,"font":"","enabled":false},"version":2}},"categories":[27],"tags":[],"class_list":["post-30916","post","type-post","status-publish","format-standard","has-post-thumbnail","hentry","category-blogu-i-udhetarit"],"jetpack_publicize_connections":[],"jetpack_featured_media_url":"https:\/\/i0.wp.com\/www.shqiperia.com\/blog\/wp-content\/uploads\/2020\/02\/5e340294c083aanariti.jpg?fit=667%2C276&ssl=1","jetpack_sharing_enabled":true,"jetpack_shortlink":"https:\/\/wp.me\/p5Z6wp-82E","jetpack-related-posts":[{"id":32111,"url":"https:\/\/www.shqiperia.com\/blog\/studimi-australian-nga-koronavirusi-do-te-vdesin-15-milione-vete\/","url_meta":{"origin":30916,"position":0},"title":"Studimi australian: &#8211; Nga koronavirusi do t\u00eb vdesin 15 milion\u00eb vet\u00eb!","author":"Kurt Farka","date":"March 7, 2020","format":false,"excerpt":"Studimi australian: - Nga koronavirusi do t\u00eb vdesin 15 milion\u00eb vet\u00eb! 6 mars 2020 I nj\u00ebjti studim tregon se GDP-ja bot\u00ebrore do t\u00eb tkurret me 2.3 trilion\u00eb dollar\u00eb kur vala e s\u00ebmundjes t\u00eb ket\u00eb kaluar. N\u00eb skenarin m\u00eb shkat\u00ebrrues nd\u00ebrkoh\u00eb, bilanci i vdekjeve mund t\u00eb shkoj\u00eb sipas k\u00ebtyre shkenc\u00ebtar\u00ebve n\u00eb\u2026","rel":"","context":"In &quot;Blogu i Udh\u00ebtarit&quot;","block_context":{"text":"Blogu i Udh\u00ebtarit","link":"https:\/\/www.shqiperia.com\/blog\/category\/blogu-i-udhetarit\/"},"img":{"alt_text":"","src":"https:\/\/i0.wp.com\/www.shqiperia.com\/blog\/wp-content\/uploads\/2020\/03\/download-1-1-300x131.jpg?resize=350%2C200&ssl=1","width":350,"height":200,"srcset":"https:\/\/i0.wp.com\/www.shqiperia.com\/blog\/wp-content\/uploads\/2020\/03\/download-1-1-300x131.jpg?resize=350%2C200&ssl=1 1x, https:\/\/i0.wp.com\/www.shqiperia.com\/blog\/wp-content\/uploads\/2020\/03\/download-1-1-300x131.jpg?resize=525%2C300&ssl=1 1.5x"},"classes":[]},{"id":33341,"url":"https:\/\/www.shqiperia.com\/blog\/fisi-qe-mundet-te-shuhet-vdes-nga-koronavirusi-15-vjecari-nga-tribuja-e-larget-e-amazones-foto\/","url_meta":{"origin":30916,"position":1},"title":"Fisi q\u00eb mundet t\u00eb shuhet\/ Vdes nga koronavirusi 15-vje\u00e7ari nga tribuja e larg\u00ebt e Amazon\u00ebs (Foto)","author":"Kurt Farka","date":"April 12, 2020","format":false,"excerpt":"Fisi q\u00eb mundet t\u00eb shuhet\/ Vdes nga koronavirusi 15-vje\u00e7ari nga tribuja e larg\u00ebt e Amazon\u00ebs (Foto) 12 Prill 2020 Nj\u00eb an\u00ebtar i nj\u00eb tribuje t\u00eb larg\u00ebt n\u00eb Amazon\u00eb ka vdekur p\u00ebr shkak t\u00eb koronavirusit, duke alarmuar komunitetet indigjene t\u00eb Brazilit. 15-vje\u00e7ari i tribus\u00eb Yanomami ishte shtruar n\u00eb nj\u00eb spital t\u00eb\u2026","rel":"","context":"In &quot;Blogu i Udh\u00ebtarit&quot;","block_context":{"text":"Blogu i Udh\u00ebtarit","link":"https:\/\/www.shqiperia.com\/blog\/category\/blogu-i-udhetarit\/"},"img":{"alt_text":"","src":"https:\/\/i0.wp.com\/www.shqiperia.com\/blog\/wp-content\/uploads\/2020\/04\/1-27033898-8209569-The_remote_Yanomami_tribe_file_photo_has_recorded_its_first_case-a-35_1586592789387-Copy.jpg?fit=634%2C349&ssl=1&resize=350%2C200","width":350,"height":200,"srcset":"https:\/\/i0.wp.com\/www.shqiperia.com\/blog\/wp-content\/uploads\/2020\/04\/1-27033898-8209569-The_remote_Yanomami_tribe_file_photo_has_recorded_its_first_case-a-35_1586592789387-Copy.jpg?fit=634%2C349&ssl=1&resize=350%2C200 1x, https:\/\/i0.wp.com\/www.shqiperia.com\/blog\/wp-content\/uploads\/2020\/04\/1-27033898-8209569-The_remote_Yanomami_tribe_file_photo_has_recorded_its_first_case-a-35_1586592789387-Copy.jpg?fit=634%2C349&ssl=1&resize=525%2C300 1.5x"},"classes":[]},{"id":53146,"url":"https:\/\/www.shqiperia.com\/blog\/shkon-mbi-5-5-milione-numri-i-viktimave-nga-covid-19-ne-mbare-boten-kryesojne-shba-te\/","url_meta":{"origin":30916,"position":2},"title":"Shkon mbi 5.5 milion\u00eb numri i viktimave nga COVID-19 n\u00eb mbar\u00eb bot\u00ebn, kryesojn\u00eb SHBA-t\u00eb","author":"Kurt Farka","date":"January 16, 2022","format":false,"excerpt":"Shkon mbi 5.5 milion\u00eb numri i viktimave nga COVID-19 n\u00eb mbar\u00eb bot\u00ebn, kryesojn\u00eb SHBA-t\u00eb 16 Janar 2022 Koronavirusi ka shkaktuar deri m\u00eb tani 5 519 380 viktima n\u00eb t\u00eb gjith\u00eb bot\u00ebn q\u00eb nga fundi i dhjetorit 2019. K\u00ebto jan\u00eb t\u00eb dh\u00ebna t\u00eb p\u00ebrpiluara nga AFP. Padyshim q\u00eb n\u00eb k\u00ebt\u00eb list\u00eb\u2026","rel":"","context":"In &quot;Njoftime Shtypi&quot;","block_context":{"text":"Njoftime Shtypi","link":"https:\/\/www.shqiperia.com\/blog\/category\/njoftime-shtypi\/"},"img":{"alt_text":"","src":"https:\/\/i0.wp.com\/www.shqiperia.com\/blog\/wp-content\/uploads\/2022\/01\/auto_ogun-state-covid-19-testing1642230872-674x450-1.jpg?fit=674%2C450&ssl=1&resize=350%2C200","width":350,"height":200,"srcset":"https:\/\/i0.wp.com\/www.shqiperia.com\/blog\/wp-content\/uploads\/2022\/01\/auto_ogun-state-covid-19-testing1642230872-674x450-1.jpg?fit=674%2C450&ssl=1&resize=350%2C200 1x, https:\/\/i0.wp.com\/www.shqiperia.com\/blog\/wp-content\/uploads\/2022\/01\/auto_ogun-state-covid-19-testing1642230872-674x450-1.jpg?fit=674%2C450&ssl=1&resize=525%2C300 1.5x"},"classes":[]},{"id":34470,"url":"https:\/\/www.shqiperia.com\/blog\/kur-e-gjithe-bota-eshte-ne-kerkim-te-vaksines-presidenti-trump-ben-deklaraten-e-papritur\/","url_meta":{"origin":30916,"position":3},"title":"Kur e gjith\u00eb bota \u00ebsht\u00eb n\u00eb k\u00ebrkim t\u00eb vaksin\u00ebs, Presidenti Trump b\u00ebn deklarat\u00ebn e papritur","author":"Kurt Farka","date":"May 10, 2020","format":false,"excerpt":"Kur e gjith\u00eb bota \u00ebsht\u00eb n\u00eb k\u00ebrkim t\u00eb vaksin\u00ebs, Presidenti Trump b\u00ebn deklarat\u00ebn e papritur 8 MAJ 2020 Pa ofruar asnj\u00eb lloj d\u00ebshmie apo mb\u00ebshtetje shkencore, presidenti amerikan, Donald Trump, ka th\u00ebn\u00eb t\u00eb premten se koronavirusi q\u00eb po plandos bot\u00ebn \u201cdo t\u00eb zhduket pa vaksin\u00eb\u201d. Deklaratat i b\u00ebri gjat\u00eb nj\u00eb\u2026","rel":"","context":"In &quot;Blogu i Udh\u00ebtarit&quot;","block_context":{"text":"Blogu i Udh\u00ebtarit","link":"https:\/\/www.shqiperia.com\/blog\/category\/blogu-i-udhetarit\/"},"img":{"alt_text":"","src":"https:\/\/i0.wp.com\/www.shqiperia.com\/blog\/wp-content\/uploads\/2020\/05\/800-0-5eb5c826de2e6.jpg?fit=800%2C450&ssl=1&resize=350%2C200","width":350,"height":200,"srcset":"https:\/\/i0.wp.com\/www.shqiperia.com\/blog\/wp-content\/uploads\/2020\/05\/800-0-5eb5c826de2e6.jpg?fit=800%2C450&ssl=1&resize=350%2C200 1x, https:\/\/i0.wp.com\/www.shqiperia.com\/blog\/wp-content\/uploads\/2020\/05\/800-0-5eb5c826de2e6.jpg?fit=800%2C450&ssl=1&resize=525%2C300 1.5x, https:\/\/i0.wp.com\/www.shqiperia.com\/blog\/wp-content\/uploads\/2020\/05\/800-0-5eb5c826de2e6.jpg?fit=800%2C450&ssl=1&resize=700%2C400 2x"},"classes":[]},{"id":33059,"url":"https:\/\/www.shqiperia.com\/blog\/kreshnik-spahiu-publikon-pamjet-ne-keto-momente-kur-bota-po-digjet-shini-cfare-po-ndodh-ne-himare\/","url_meta":{"origin":30916,"position":4},"title":"Kreshnik Spahiu publikon pamjet: &#8211; N\u00eb k\u00ebto momente kur bota po \u201cdigjet\u201d, shini \u00e7far\u00eb po ndodh n\u00eb Himar\u00eb.","author":"Kurt Farka","date":"April 4, 2020","format":false,"excerpt":"Kreshnik Spahiu publikon pamjet: - N\u00eb k\u00ebto momente kur bota po \u201cdigjet\u201d, shini \u00e7far\u00eb po ndodh n\u00eb Himar\u00eb. 4 Prill 2020 Numri i t\u00eb infektuarve me Covid-19 n\u00eb t\u00eb gjith\u00eb bot\u00ebn ka shkuar n\u00eb rreth 1,1 milion. Sipas statistikave t\u00eb publikuara nga Universiteti amerikan John Hopkins numri i personave t\u00eb\u2026","rel":"","context":"In &quot;Blogu i Udh\u00ebtarit&quot;","block_context":{"text":"Blogu i Udh\u00ebtarit","link":"https:\/\/www.shqiperia.com\/blog\/category\/blogu-i-udhetarit\/"},"img":{"alt_text":"","src":"https:\/\/i0.wp.com\/www.shqiperia.com\/blog\/wp-content\/uploads\/2020\/04\/Flamuri-i-Vorio-Epirit-Himare-4-prill-2020-2.jpg?fit=403%2C215&ssl=1&resize=350%2C200","width":350,"height":200},"classes":[]},{"id":52511,"url":"https:\/\/www.shqiperia.com\/blog\/kuriozitete-parashikimet-e-nostradamusit-per-vitin-2022-nga-bomba-berthamore-te-rritja-e-urise\/","url_meta":{"origin":30916,"position":5},"title":"Kuriozitete: Parashikimet e Nostradamusit p\u00ebr vitin 2022. &#8211; Nga bomba b\u00ebrthamore te rritja e uris\u00eb.","author":"Kurt Farka","date":"December 19, 2021","format":false,"excerpt":"Kuriozitete: Parashikimet e Nostradamusit p\u00ebr vitin 2022. - Nga bomba b\u00ebrthamore te rritja e uris\u00eb. 17 Dhjetor 2021 Nd\u00ebrsa ne mund t\u00eb mos jemi shum\u00eb t\u00eb sigurt p\u00ebr k\u00ebto parashikime, ato jan\u00eb padyshim t\u00eb frikshme. Nostradamus parashikoi edhe disa nga ngjarjet m\u00eb t\u00eb m\u00ebdha n\u00eb historin\u00eb bot\u00ebrore, t\u00eb tilla si\u2026","rel":"","context":"In &quot;Blogu i Udh\u00ebtarit&quot;","block_context":{"text":"Blogu i Udh\u00ebtarit","link":"https:\/\/www.shqiperia.com\/blog\/category\/blogu-i-udhetarit\/"},"img":{"alt_text":"","src":"https:\/\/i0.wp.com\/www.shqiperia.com\/blog\/wp-content\/uploads\/2021\/12\/parashikimet-e-Nostradamusit-per-vitin-2022.jpg?fit=832%2C450&ssl=1&resize=350%2C200","width":350,"height":200,"srcset":"https:\/\/i0.wp.com\/www.shqiperia.com\/blog\/wp-content\/uploads\/2021\/12\/parashikimet-e-Nostradamusit-per-vitin-2022.jpg?fit=832%2C450&ssl=1&resize=350%2C200 1x, https:\/\/i0.wp.com\/www.shqiperia.com\/blog\/wp-content\/uploads\/2021\/12\/parashikimet-e-Nostradamusit-per-vitin-2022.jpg?fit=832%2C450&ssl=1&resize=525%2C300 1.5x, https:\/\/i0.wp.com\/www.shqiperia.com\/blog\/wp-content\/uploads\/2021\/12\/parashikimet-e-Nostradamusit-per-vitin-2022.jpg?fit=832%2C450&ssl=1&resize=700%2C400 2x"},"classes":[]}],"_links":{"self":[{"href":"https:\/\/www.shqiperia.com\/blog\/wp-json\/wp\/v2\/posts\/30916","targetHints":{"allow":["GET"]}}],"collection":[{"href":"https:\/\/www.shqiperia.com\/blog\/wp-json\/wp\/v2\/posts"}],"about":[{"href":"https:\/\/www.shqiperia.com\/blog\/wp-json\/wp\/v2\/types\/post"}],"author":[{"embeddable":true,"href":"https:\/\/www.shqiperia.com\/blog\/wp-json\/wp\/v2\/users\/9"}],"replies":[{"embeddable":true,"href":"https:\/\/www.shqiperia.com\/blog\/wp-json\/wp\/v2\/comments?post=30916"}],"version-history":[{"count":2,"href":"https:\/\/www.shqiperia.com\/blog\/wp-json\/wp\/v2\/posts\/30916\/revisions"}],"predecessor-version":[{"id":30920,"href":"https:\/\/www.shqiperia.com\/blog\/wp-json\/wp\/v2\/posts\/30916\/revisions\/30920"}],"wp:featuredmedia":[{"embeddable":true,"href":"https:\/\/www.shqiperia.com\/blog\/wp-json\/wp\/v2\/media\/30917"}],"wp:attachment":[{"href":"https:\/\/www.shqiperia.com\/blog\/wp-json\/wp\/v2\/media?parent=30916"}],"wp:term":[{"taxonomy":"category","embeddable":true,"href":"https:\/\/www.shqiperia.com\/blog\/wp-json\/wp\/v2\/categories?post=30916"},{"taxonomy":"post_tag","embeddable":true,"href":"https:\/\/www.shqiperia.com\/blog\/wp-json\/wp\/v2\/tags?post=30916"}],"curies":[{"name":"wp","href":"https:\/\/api.w.org\/{rel}","templated":true}]}}