{"id":30908,"date":"2020-02-01T00:18:05","date_gmt":"2020-02-01T00:18:05","guid":{"rendered":"https:\/\/www.shqiperia.com\/blog\/?p=30908"},"modified":"2020-02-01T00:18:05","modified_gmt":"2020-02-01T00:18:05","slug":"ligji-i-ri-ikin-shqiptaret-vijne-afro-aziatiket-dhe-pensionist-te-huaj","status":"publish","type":"post","link":"https:\/\/www.shqiperia.com\/blog\/ligji-i-ri-ikin-shqiptaret-vijne-afro-aziatiket-dhe-pensionist-te-huaj\/","title":{"rendered":"Ligji i ri: &#8211; Ikin shqiptar\u00ebt, vijn\u00eb afro-aziatik\u00ebt dhe pensionist t\u00eb huaj"},"content":{"rendered":"<p><img data-recalc-dims=\"1\" loading=\"lazy\" decoding=\"async\" data-attachment-id=\"30909\" data-permalink=\"https:\/\/www.shqiperia.com\/blog\/ligji-i-ri-ikin-shqiptaret-vijne-afro-aziatiket-dhe-pensionist-te-huaj\/3-40\/\" data-orig-file=\"https:\/\/i0.wp.com\/www.shqiperia.com\/blog\/wp-content\/uploads\/2020\/02\/3-40.jpg?fit=508%2C330&amp;ssl=1\" data-orig-size=\"508,330\" data-comments-opened=\"1\" data-image-meta=\"{&quot;aperture&quot;:&quot;0&quot;,&quot;credit&quot;:&quot;News&quot;,&quot;camera&quot;:&quot;&quot;,&quot;caption&quot;:&quot;&quot;,&quot;created_timestamp&quot;:&quot;1580462731&quot;,&quot;copyright&quot;:&quot;&quot;,&quot;focal_length&quot;:&quot;0&quot;,&quot;iso&quot;:&quot;0&quot;,&quot;shutter_speed&quot;:&quot;0&quot;,&quot;title&quot;:&quot;&quot;,&quot;orientation&quot;:&quot;0&quot;}\" data-image-title=\"3-40\" data-image-description=\"\" data-image-caption=\"\" data-medium-file=\"https:\/\/i0.wp.com\/www.shqiperia.com\/blog\/wp-content\/uploads\/2020\/02\/3-40.jpg?fit=300%2C195&amp;ssl=1\" data-large-file=\"https:\/\/i0.wp.com\/www.shqiperia.com\/blog\/wp-content\/uploads\/2020\/02\/3-40.jpg?fit=508%2C330&amp;ssl=1\" class=\"alignnone  wp-image-30909\" alt=\"\" src=\"https:\/\/i0.wp.com\/www.shqiperia.com\/blog\/wp-content\/uploads\/2020\/02\/3-40.jpg?resize=578%2C376&#038;ssl=1\" width=\"578\" height=\"376\" srcset=\"https:\/\/i0.wp.com\/www.shqiperia.com\/blog\/wp-content\/uploads\/2020\/02\/3-40.jpg?resize=300%2C195&amp;ssl=1 300w, https:\/\/i0.wp.com\/www.shqiperia.com\/blog\/wp-content\/uploads\/2020\/02\/3-40.jpg?resize=450%2C292&amp;ssl=1 450w, https:\/\/i0.wp.com\/www.shqiperia.com\/blog\/wp-content\/uploads\/2020\/02\/3-40.jpg?resize=400%2C260&amp;ssl=1 400w, https:\/\/i0.wp.com\/www.shqiperia.com\/blog\/wp-content\/uploads\/2020\/02\/3-40.jpg?w=508&amp;ssl=1 508w\" sizes=\"auto, (max-width: 578px) 100vw, 578px\" \/><\/p>\n<p>Ligji i ri: &#8211; Ikin shqiptar\u00ebt, vijn\u00eb afro-aziatik\u00ebt dhe pensionist t\u00eb huaj<\/p>\n<p>Nga\u00a0 <a href=\"http:\/\/telegraf.al\/author\/telegraf\/\"><strong>Gazeta Telegraf<\/strong><\/a><\/p>\n<p>31 Janar, 2020<\/p>\n<p><strong>Borxhi publik\u00a0 n\u00eb fund t\u00eb shtatorit \u00a0arriti mbi 9 miliard\u00eb euro, 1,7 milion\u00eb\u00a0 shqiptar\u00eb\u00a0 kan\u00eb ikur\u00a0 jasht\u00eb vendit dhe mijra t\u00eb rinj drejt Europ\u00ebs dhe SHBA. Edhe pse n\u00eb 2019-\u00ebn, 17 mij\u00eb shqiptar\u00eb\u00a0 k\u00ebrkuan\u00a0 azil dhe mbi 400 mij\u00eb aplikuan p\u00ebr llotarin\u00eb amerikan\u00eb, qeveria e \u201cRilindjes\u201d hesht dhe gjen zgjidhje z\u00ebvend\u00ebsimin e t\u00eb rinjve tan\u00eb me pun\u00ebtor nga Azia, Afrika dhe s\u00eb fundmi dje me ligjin e ri edhe me pensionist\u00eb \u00a0nga bota.<\/strong><\/p>\n<p><strong>Drafti n\u00eb Kuvend\/ Ligji i ri synon t\u00eb t\u00ebrheq\u00eb pensionist\u00ebt e huaj, nuk p\u00ebrfitojn\u00eb t\u00eb denuarit me mbi 3 vjet heqje lirie. Bizneset shqiptare po i z\u00ebvend\u00ebsojn\u00eb vendet e pun\u00ebs t\u00eb mbetura bosh me shtetas nga Azia dhe Afrika.<\/strong><\/p>\n<p><img data-recalc-dims=\"1\" loading=\"lazy\" decoding=\"async\" data-attachment-id=\"30910\" data-permalink=\"https:\/\/www.shqiperia.com\/blog\/ligji-i-ri-ikin-shqiptaret-vijne-afro-aziatiket-dhe-pensionist-te-huaj\/capture-136\/\" data-orig-file=\"https:\/\/i0.wp.com\/www.shqiperia.com\/blog\/wp-content\/uploads\/2020\/02\/Capture-136.jpg?fit=627%2C314&amp;ssl=1\" data-orig-size=\"627,314\" data-comments-opened=\"1\" data-image-meta=\"{&quot;aperture&quot;:&quot;0&quot;,&quot;credit&quot;:&quot;News&quot;,&quot;camera&quot;:&quot;&quot;,&quot;caption&quot;:&quot;&quot;,&quot;created_timestamp&quot;:&quot;1580462682&quot;,&quot;copyright&quot;:&quot;&quot;,&quot;focal_length&quot;:&quot;0&quot;,&quot;iso&quot;:&quot;0&quot;,&quot;shutter_speed&quot;:&quot;0&quot;,&quot;title&quot;:&quot;&quot;,&quot;orientation&quot;:&quot;0&quot;}\" data-image-title=\"Capture-136\" data-image-description=\"\" data-image-caption=\"\" data-medium-file=\"https:\/\/i0.wp.com\/www.shqiperia.com\/blog\/wp-content\/uploads\/2020\/02\/Capture-136.jpg?fit=300%2C150&amp;ssl=1\" data-large-file=\"https:\/\/i0.wp.com\/www.shqiperia.com\/blog\/wp-content\/uploads\/2020\/02\/Capture-136.jpg?fit=627%2C314&amp;ssl=1\" class=\"alignnone  wp-image-30910\" alt=\"\" src=\"https:\/\/i0.wp.com\/www.shqiperia.com\/blog\/wp-content\/uploads\/2020\/02\/Capture-136.jpg?resize=524%2C262&#038;ssl=1\" width=\"524\" height=\"262\" srcset=\"https:\/\/i0.wp.com\/www.shqiperia.com\/blog\/wp-content\/uploads\/2020\/02\/Capture-136.jpg?resize=300%2C150&amp;ssl=1 300w, https:\/\/i0.wp.com\/www.shqiperia.com\/blog\/wp-content\/uploads\/2020\/02\/Capture-136.jpg?resize=450%2C225&amp;ssl=1 450w, https:\/\/i0.wp.com\/www.shqiperia.com\/blog\/wp-content\/uploads\/2020\/02\/Capture-136.jpg?resize=600%2C300&amp;ssl=1 600w, https:\/\/i0.wp.com\/www.shqiperia.com\/blog\/wp-content\/uploads\/2020\/02\/Capture-136.jpg?resize=400%2C200&amp;ssl=1 400w, https:\/\/i0.wp.com\/www.shqiperia.com\/blog\/wp-content\/uploads\/2020\/02\/Capture-136.jpg?w=627&amp;ssl=1 627w\" sizes=\"auto, (max-width: 524px) 100vw, 524px\" \/><\/p>\n<p><strong>\u00a0Shqiptar\u00ebt \u00a0z\u00ebvend\u00ebsohen nga emigrant\u00eb nga \u00a0afro-aziatik dhe pensionist t\u00eb huaj<\/strong><\/p>\n<p><strong>\u00a001<\/strong><\/p>\n<p><strong>Kuvendi: Ligji i ri synon t\u00eb t\u00ebrheq\u00eb pensionist\u00ebt e huaj, nuk p\u00ebrfitojn\u00eb t\u00eb d\u00ebnuarit me mbi 3 vjet heqje lirie.<\/strong><\/p>\n<p>Parlamenti shqiptar miratoi me urgjenc\u00eb, n\u00eb form\u00ebn e nj\u00eb akti normativ, ligjin p\u00ebr shmangien nga tatimi pensionist\u00ebt q\u00eb vijn\u00eb e jetojn\u00eb n\u00eb Shqip\u00ebri nga shtetet e tjera t\u00eb BE-s\u00eb. Nisma e paraqitur n\u00eb m\u00ebnyr\u00eb t\u00eb p\u00ebrshpejtuar mban firm\u00ebn e ministrit t\u00eb shtetit p\u00ebr Diaspor\u00ebn, Pandeli Majko dhe ajo argumentohet se \u00ebsht\u00eb nd\u00ebrmarr\u00eb p\u00ebr t\u00eb favorizuar emigrant\u00ebt shqiptar\u00eb, apo shqiptar\u00ebt e Diaspor\u00ebs q\u00eb jetojn\u00eb n\u00eb shtete t\u00eb ndryshme, por jan\u00eb n\u00eb pension, apo n\u00eb prag t\u00eb tij. Pra, me daljen n\u00eb pension k\u00ebta shtetas mund t\u00eb jetojn\u00eb n\u00eb Shqip\u00ebri, duke i premtuar se nuk do t\u2019u mbahen tatimet p\u00ebr pensionet q\u00eb marrim nga shtetet ku kan\u00eb jetuar e punuar m\u00eb par\u00eb. Por ligji nuk prek vet\u00ebm k\u00ebt\u00eb kategori, por p\u00ebrfshin\u00eb edhe shtetasit me origjin\u00eb jo \u00a0shqiptare. Komisioni i Ekonomis\u00eb e shtrin m\u00eb tej gam\u00ebn e p\u00ebrfituesve, duke i b\u00ebr\u00eb nj\u00eb shtes\u00eb t\u00eb posa\u00e7me n\u00eb k\u00ebt\u00eb Akt normativ, duke p\u00ebrcaktuar me nj\u00eb nen t\u00eb posa\u00e7\u00ebm se \u201cp\u00ebrjashtim t\u00eb ardhurat nga pensionet dhe shp\u00ebrblimet e tjera t\u00eb ngjashme t\u00eb shtetasve t\u00eb huaj me origjin\u00eb shqiptare, apo t\u00eb atyre nga vendet e Bashkimit Europian, me leje q\u00ebndrimi n\u00eb Republik\u00ebn e Shqip\u00ebris\u00eb, si dhe t\u00eb shtetasve t\u00eb huaj q\u00eb kan\u00eb marr\u00eb shtet\u00ebsin\u00eb shqiptare e jan\u00eb rezident\u00eb n\u00eb Republik\u00ebn e Shqip\u00ebris\u00eb dhe q\u00eb i p\u00ebrfitojn\u00eb k\u00ebto t\u00eb ardhura sipas legjislacionit t\u00eb vendit ku p\u00ebrfitojn\u00eb pensionin apo shp\u00ebrblimet e tjera t\u00eb ngjashme\u201d. Edhe pse nisma ka pasur votat pro t\u00eb deputet\u00ebve t\u00eb opozit\u00ebs n\u00eb Komisionin e Ekonomis\u00eb, deputeti Myslim Murrizi e kontestoi at\u00eb, duke ngritur aludime se pas k\u00ebsaj mund t\u00eb fshihet edhe ndonj\u00eb projekt p\u00ebr t\u00eb ndihmuar ndonj\u00eb biznes p\u00ebr ngritjen e qendrave sociale dhe azile p\u00ebr pensionist\u00ebt. Ai theksoi se kjo mund t\u00eb na kthej\u00eb Shqip\u00ebrin\u00eb n\u00eb nj\u00eb g\u00ebrmadh\u00eb t\u00eb pensionist\u00ebve q\u00eb vijn\u00eb nga vende t\u00eb ndryshme t\u00eb bot\u00ebs. Ai ngriti shqet\u00ebsimin se n\u00eb nj\u00eb koh\u00eb, kur alarmi kryesor \u00ebsht\u00eb se t\u00eb rinjt\u00eb po largohen nga Shqip\u00ebria, qeveria po u krijon kushte pensionist\u00ebve nga vende t\u00eb ndryshme t\u00eb bot\u00ebs. \u201cShqip\u00ebria ka 625 mij\u00eb pensionist\u00eb, q\u00eb nuk paguajn\u00eb tatim mbi t\u00eb ardhurat. Me k\u00ebt\u00eb nism\u00eb duhet t\u00eb sqarohet se\u00a0 b\u00ebhet p\u00ebr t\u00eb sjell\u00eb pleq francez\u00eb, kanadez\u00eb, ta kthejm\u00eb Shqip\u00ebrin\u00eb n\u00eb nj\u00eb azil pleqsh, apo ka q\u00ebllime p\u00ebr t\u00eb krijuar lobime mes deputet\u00ebsh, a oligark\u00ebsh, qeveritar\u00ebsh, apo biznesesh me ta p\u00ebr disa minispitale, apo azile pleqsh, pasi t\u00eb kaloj\u00eb ky ligj. Nuk mendoj se Shqip\u00ebria ka luksin q\u00eb t\u00eb kthehet n\u00eb nj\u00eb vend g\u00ebrmadhash k\u00ebtu. A ka ndonj\u00eb shif\u00ebr se sa \u00ebsht\u00eb numri i p\u00ebrfituesve?\u201d, \u2013 theksoi Murrizi. Ministri Pandeli Majko gjat\u00eb fjal\u00ebs s\u00eb tij n\u00eb Parlament ka rr\u00ebzuar \u201cakuzat\u201d e Murrizit, duke theksuar se kjo \u00ebsht\u00eb m\u00eb tep\u00ebr p\u00ebr t\u2019i krijuar leht\u00ebsira atyre shqiptar\u00ebve, q\u00eb kur t\u00eb dalin n\u00eb pension duan t\u00eb jetojn\u00eb n\u00eb Shqip\u00ebri. \u201cNuk dua t\u00eb b\u00ebj nj\u00eb diskutim me variantin Shqip\u00ebria \u00e7ka qen\u00eb dhe \u00e7do t\u00eb b\u00ebj\u00eb. Ky akt normativ n\u00eb asnj\u00eb rast nuk mund t\u00eb ket\u00eb q\u00ebllime intrigash, q\u00eb Shqip\u00ebria t\u00eb kthehet \u00a0n\u00eb nj\u00eb vend pensionat\u00ebsh. Ky \u00ebsht\u00eb nj\u00eb model ligji portugez, e nuk e di n\u00ebse Portugalia \u00ebsht\u00eb nj\u00eb vend pensionist\u00ebsh\u201d, \u2013 u shpreh Majko, duke shtuar se kjo b\u00ebhet edhe p\u00ebr arb\u00ebresh\u00ebt. Ministri p\u00ebr Diaspor\u00ebn gjithashtu dha gjithashtu edhe shifra sipas INSTAT p\u00ebr numrin e emigrant\u00ebve shqiptar\u00eb. N\u00eb raportet e INSTAT, p\u00ebr migracionin \u00a0rezulton se jan\u00eb 1,7 milion\u00eb shtetas shqiptar\u00eb jasht\u00eb vendit, nga t\u00eb cil\u00ebt 78 mij\u00eb veta jan\u00eb n\u00eb mosh\u00ebn\u00a0 65 vje\u00e7. N\u00eb Itali kan\u00eb nd\u00ebrruar n\u00ebnshtet\u00ebsin\u00eb 16 mij\u00eb shtetas.<\/p>\n<p><img data-recalc-dims=\"1\" loading=\"lazy\" decoding=\"async\" data-attachment-id=\"30911\" data-permalink=\"https:\/\/www.shqiperia.com\/blog\/ligji-i-ri-ikin-shqiptaret-vijne-afro-aziatiket-dhe-pensionist-te-huaj\/1-75\/\" data-orig-file=\"https:\/\/i0.wp.com\/www.shqiperia.com\/blog\/wp-content\/uploads\/2020\/02\/1-75.jpg?fit=692%2C643&amp;ssl=1\" data-orig-size=\"692,643\" data-comments-opened=\"1\" data-image-meta=\"{&quot;aperture&quot;:&quot;0&quot;,&quot;credit&quot;:&quot;News&quot;,&quot;camera&quot;:&quot;&quot;,&quot;caption&quot;:&quot;&quot;,&quot;created_timestamp&quot;:&quot;1580462698&quot;,&quot;copyright&quot;:&quot;&quot;,&quot;focal_length&quot;:&quot;0&quot;,&quot;iso&quot;:&quot;0&quot;,&quot;shutter_speed&quot;:&quot;0&quot;,&quot;title&quot;:&quot;&quot;,&quot;orientation&quot;:&quot;0&quot;}\" data-image-title=\"1-75\" data-image-description=\"\" data-image-caption=\"\" data-medium-file=\"https:\/\/i0.wp.com\/www.shqiperia.com\/blog\/wp-content\/uploads\/2020\/02\/1-75.jpg?fit=300%2C279&amp;ssl=1\" data-large-file=\"https:\/\/i0.wp.com\/www.shqiperia.com\/blog\/wp-content\/uploads\/2020\/02\/1-75.jpg?fit=692%2C643&amp;ssl=1\" class=\"alignnone  wp-image-30911\" alt=\"\" src=\"https:\/\/i0.wp.com\/www.shqiperia.com\/blog\/wp-content\/uploads\/2020\/02\/1-75.jpg?resize=417%2C388&#038;ssl=1\" width=\"417\" height=\"388\" srcset=\"https:\/\/i0.wp.com\/www.shqiperia.com\/blog\/wp-content\/uploads\/2020\/02\/1-75.jpg?resize=300%2C279&amp;ssl=1 300w, https:\/\/i0.wp.com\/www.shqiperia.com\/blog\/wp-content\/uploads\/2020\/02\/1-75.jpg?resize=450%2C418&amp;ssl=1 450w, https:\/\/i0.wp.com\/www.shqiperia.com\/blog\/wp-content\/uploads\/2020\/02\/1-75.jpg?resize=600%2C558&amp;ssl=1 600w, https:\/\/i0.wp.com\/www.shqiperia.com\/blog\/wp-content\/uploads\/2020\/02\/1-75.jpg?resize=400%2C372&amp;ssl=1 400w, https:\/\/i0.wp.com\/www.shqiperia.com\/blog\/wp-content\/uploads\/2020\/02\/1-75.jpg?w=692&amp;ssl=1 692w\" sizes=\"auto, (max-width: 417px) 100vw, 417px\" \/><\/p>\n<p>\u201c\u00cbsht\u00eb e tep\u00ebrt t\u00eb mendosh nj\u00eb makinacion p\u00ebr shtetasin gjerman\u00eb e t\u00eb tjer\u00eb, ne po i themi vet\u00ebm p\u00ebr shtetas tan\u00eb se po i krijojm\u00eb nj\u00eb leht\u00ebsira ekonomike. Nuk \u00ebsht\u00eb se do t\u00eb hapet Pensionati (Azil) e do t\u00eb kthejm\u00eb n\u00eb biznes\u201d, \u2013 ritheksoi Majko. Prej vitesh Shqip\u00ebria \u00ebsht\u00eb kthyer n\u00eb nj\u00eb oaz p\u00ebr pensionist\u00ebt italian\u00eb. Shum\u00eb familje jetojn\u00eb n\u00eb zon\u00ebn e Durr\u00ebsit, apo t\u00eb Vlor\u00ebs, n\u00eb pjes\u00ebn e bregdetit. K\u00ebshtu ata i shmangen taksave n\u00eb shtetin e tyre dhe me nj\u00eb pension 1500-1600 euro dhe me nj\u00eb qira prej 200 euro n\u00eb muaj, q\u00eb e gjejn\u00eb n\u00eb Shqip\u00ebri, p\u00ebrfitojn\u00eb nj\u00eb sasi t\u00eb konsiderueshme t\u00eb ardhurash p\u00ebr jetuar n\u00eb vendin ton\u00eb. Sipas Ministris\u00eb s\u00eb Brendshme n\u00eb Shqip\u00ebri, jetojn\u00eb me leje q\u00ebndrimi 476 shtetas italian\u00eb mbi mosh\u00ebn 60 vje\u00e7. Sipas shifrave t\u00eb fundit, nga k\u00ebta 89 i kan\u00eb b\u00ebr\u00eb dokumente me an\u00eb t\u00eb bashkimit familjar, 176 jan\u00eb t\u00eb pun\u00ebsuar n\u00eb institucione fetare, t\u00eb pun\u00ebsuar dhe t\u00eb vet\u00ebpun\u00ebsuar jan\u00eb 182 italian\u00eb, nd\u00ebrsa 28 t\u00eb tjer\u00eb kan\u00eb bler\u00eb sht\u00ebpi. P\u00ebr t\u2019u pajisur me nj\u00eb leje q\u00ebndrimi nj\u00eb shtetasi italian i nevojiten rreth 2 muaj.<\/p>\n<p><strong>02<\/strong><\/p>\n<p><strong>Bizneset shqiptare po i z\u00ebvend\u00ebsojn\u00eb vendet e pun\u00ebs t\u00eb mbetura bosh me shtetas nga Azia dhe Afrika<\/strong><\/p>\n<p>Nd\u00ebrkoh\u00eb q\u00eb 1,7 milion\u00eb shtetas shqiptar\u00eb kan\u00eb ikur \u00a0jasht\u00eb vendit, mijra t\u00eb rinj kan\u00eb mar\u00eb rrug\u00ebt e Europ\u00ebs dhe SHBA-ve, 17 mij\u00eb t\u00eb tjer\u00eb kan\u00eb k\u00ebrkuar azil vet\u00ebm n\u00eb vitin 2019 dhe mbi 400 mij\u00eb kan\u00eb aplikuar p\u00ebr llotarin\u00eb amerikan\u00eb, qeveria e \u201cRilindjes\u201d hesht, duke gjetur si zgjidhje z\u00ebvend\u00ebsimin e t\u00eb rinjve shqiptar me emigrant nga Azia, Afrika dhe s\u00eb fundmi me pensionist nga bota.<\/p>\n<p>Chandra Selli ka pak jav\u00eb q\u00eb ka l\u00ebn\u00eb vendlindjen p\u00ebr t\u00eb punuar si kamariere n\u00eb Tiran\u00eb. Bashk\u00ebshorti i saj \u00ebsht\u00eb zhvendosur n\u00eb Itali, nd\u00ebrsa pjesa tjet\u00ebr e familjes vijon t\u00eb jetoj\u00eb n\u00eb Sri Lanka.\u201cKam pak q\u00eb kam ardhur n\u00eb Tiran\u00eb dhe m\u00eb p\u00eblqen v\u00ebrtet shum\u00eb. Njer\u00ebzit m\u00eb flasin, m\u00eb p\u00ebrsh\u00ebndesin. Tani kam filluar pun\u00eb si kamariere p\u00ebr pak koh\u00eb. S\u00eb shpejti do t\u00eb punoj si sanitare n\u00eb nj\u00eb familje. E lash\u00eb vendin tim, sepse atje nuk munda do t\u00eb gjej nj\u00eb pun\u00eb, nd\u00ebrkoh\u00eb q\u00eb kam edhe dy djem, p\u00ebr t\u00eb cil\u00ebt duhet t\u00eb kujdesem. M\u00eb p\u00eblqen shum\u00eb k\u00ebtu dhe besoj do t\u00eb rri gjat\u00eb n\u00eb vendin tuaj\u201d,\u00a0\u2013 tha ajo p\u00ebr \u201cMonitor Ekonomi\u201d. Nj\u00ebsoj si Chandra, n\u00eb Tiran\u00eb sapo ka mb\u00ebrritur edhe Stanley Akoma nga Nigeria, i cili \u00ebsht\u00eb n\u00eb pritje t\u00eb dit\u00ebs s\u00eb par\u00eb t\u00eb pun\u00ebs n\u00eb nj\u00eb kompani private security. Chandra Selli Nga Sri lanka punon kamariere n\u00eb Tiran\u00eb. \u00a0\u201cUn\u00eb vij nga Nigeria, nga nj\u00eb vend i varf\u00ebr, ku v\u00ebshtir\u00eb t\u00eb gjeja pun\u00eb, nd\u00ebrkoh\u00eb q\u00eb m\u00eb duhet t\u00eb kujdesem p\u00ebr familjen time. N\u00eb fillim emigrova n\u00eb Turqi, por atje gjeja pun\u00eb t\u00eb p\u00ebrkohshme, 1 javore apo 1 mujore. K\u00ebtu n\u00eb Shqip\u00ebri komunikova me disa agjenci pun\u00ebsimi dhe arrita t\u00eb mbyll nj\u00eb kontrat\u00eb me nj\u00eb kompani sigurie. Do t\u00eb punoj security p\u00ebr ta me nj\u00eb rrog\u00eb t\u00eb k\u00ebnaqshme. Tirana m\u00eb p\u00eblqen shum\u00eb, sidomos njer\u00ebzit q\u00eb jan\u00eb t\u00eb sjellsh\u00ebm me mua kudo ku shkoj\u201d,\u00a0\u2013 thot\u00eb ai. Emigracioni i lart\u00eb nuk p\u00ebrb\u00ebn ndonj\u00eb t\u00eb re p\u00ebr Shqip\u00ebrin\u00eb. Profesionist\u00ebt me eksperienc\u00eb n\u00eb fusha t\u00eb ndrysh\u00ebme, i jan\u00eb drejtuar Evrop\u00ebs p\u00ebr t\u00eb punuar dhe kjo ka sjell\u00eb q\u00eb kompanit\u00eb vendase, t\u00eb ken\u00eb v\u00ebshtir\u00ebsi n\u00eb gjetjen e puntor\u00ebve, duke e kaluar n\u00eb plan t\u00eb dyt\u00eb kualifikimin e tyre. Ermal Jauri, drejtues i kompanis\u00eb s\u00eb pun\u00ebsimit \u201cEurope Agency\u201d, pohon se \u201ck\u00ebrkesat e kompanive jan\u00eb q\u00eb n\u00eb t\u00eb ardhmen t\u00eb z\u00ebvend\u00ebsojn\u00eb personelin shqiptar me at\u00eb t\u00eb huaj. Edhe pse n\u00eb realitet kjo nuk \u00ebsht\u00eb di\u00e7ka e mir\u00eb, por n\u00eb fakt \u00ebsht\u00eb e vetmja zgjidhje q\u00eb kan\u00eb kompanit\u00eb. N\u00eb momentin q\u00eb flasim kemi k\u00ebrkes\u00eb p\u00ebr 120 veta staf t\u00eb huaj, q\u00eb i kemi sot n\u00eb zyr\u00eb gati p\u00ebr t\u00eb filluar pun\u00eb pas mbylljes s\u00eb procedurave. K\u00ebrkesat jan\u00eb n\u00eb t\u00eb gjith\u00eb sektor\u00ebt, por sektor\u00ebt e sh\u00ebrbimit jan\u00eb ato q\u00eb k\u00ebrkojn\u00eb m\u00eb shum\u00eb n\u00eb shifra. Kemi kompani prodhimi q\u00eb k\u00ebrkojn\u00eb krah pune dhe punonj\u00ebs t\u00eb pakualifikuar. Kemi kompani, t\u00eb cilat jan\u00eb n\u00eb fush\u00ebn e teknologjis\u00eb dhe informacionit q\u00eb k\u00ebrkojn\u00eb programues, IT dhe k\u00ebrkojn\u00eb n\u00eb shifra t\u00eb frikshme. Nuk ka m\u00eb r\u00ebnd\u00ebsi q\u00eb stafi t\u00eb jet\u00eb i kualifikuar, sesa stafi, i cili ka q\u00ebndrueshm\u00ebri n\u00eb pun\u00eb. Shum\u00eb kompani jan\u00eb t\u00eb gatshme t\u2019i trajnojn\u00eb vet\u00eb punonj\u00ebsit e tyre, vet\u00ebm me q\u00ebllim q\u00eb t\u00eb ken\u00eb nj\u00eb kontrat\u00eb afatgjat\u00eb t\u00eb parashikuar dhe t\u00eb besueshme, q\u00eb n\u00ebse do t\u00eb marrin dik\u00eb n\u00eb pun\u00eb sot dhe do t\u00eb investojn\u00eb n\u00eb trajnimin e tij e ka t\u00eb sigurt q\u00eb p\u00ebr aq sa ka kontrat\u00ebn do ta ket\u00eb n\u00eb pun\u00eb\u201d. Sipas agjencive t\u00eb pun\u00ebsimit, \u00e7do muaj hapen kontrata t\u00eb reja me kompani, t\u00eb cilat do t\u00eb sjellin pun\u00ebtor\u00eb nga Afrika dhe Azia. Sipas tyre, punonj\u00ebsit q\u00eb vijn\u00eb nga k\u00ebto vende kan\u00eb kosto t\u00eb ul\u00ebt, nuk kan\u00eb shum\u00eb pritshm\u00ebri page, kur vijn\u00eb dhe jan\u00eb t\u00eb gatsh\u00ebm p\u00ebr \u00e7do lloj pune. P\u00ebr m\u00eb tep\u00ebr, q\u00eb jan\u00eb m\u00eb t\u00eb shumt\u00eb n\u00eb num\u00ebr si aplikant\u00eb, sepse kane v\u00ebshtir\u00ebsi t\u00eb gjejn\u00eb pun\u00eb n\u00eb vendet e tyre t\u00eb origjin\u00ebs. Vendet e pun\u00ebs, t\u00eb cil\u00ebt po plot\u00ebsohen nga punonj\u00ebs nga Azia dhe Afrika jan\u00eb n\u00eb sektorin e sh\u00ebrbimit, si shit\u00ebs, kamarier, banakier, security, dado femij\u00ebsh, lavazh, shofer etj, n\u00eb prodhim (servise makinash psh), apo dhe punonj\u00ebs nd\u00ebrtimi. Jauri thot\u00eb se k\u00ebrkes\u00eb t\u00eb larte ka p\u00ebr IT (programues). Braktisjen masive t\u00eb burimeve njer\u00ebzore e kan\u00eb ndjer\u00eb edhe nd\u00ebrmarrjet fasone. Gjergji Gjika, kreu i dhom\u00ebs s\u00eb fason\u00ebve pohon se \u201c\u00e7do nd\u00ebrmarrjeje, nuk ka muaj q\u00eb t\u00eb mos i ikin 4 apo 5 punonj\u00ebs t\u00eb cil\u00ebt nuk z\u00ebvend\u00ebsohen. Dikur iknin, por gjendej dikush q\u00eb t\u2019i z\u00ebvend\u00ebsonte, edhe punonj\u00ebse e pakualifikuar, por t\u00eb pakt\u00ebn gjendej brenda muajit, ne tani nuk kemi m\u00eb njer\u00ebz. N\u00eb 2019 kemi pasur nj\u00eb shif\u00ebr rreth 5% mesatarisht largime t\u00eb personelit. Pra n\u00eb nj\u00eb kompani me 100 punonj\u00ebs, pothuajse n\u00eb fund t\u00eb vitit n\u00eb mos p\u00ebrgjysmohet arrin n\u00eb 60 punonj\u00ebs, kjo \u00ebsht\u00eb alarmante. Deri tani nuk kemi kontrata me kompani t\u00eb huaja p\u00ebr punonj\u00ebs t\u00eb huaj, por nuk shmanget si alternativ\u00eb p\u00ebrderisa shqiptar\u00ebt po ikin jasht\u00eb, do pranojm\u00eb dhe t\u00eb huajt k\u00ebtu\u201d. Emigracioni i shqiptar\u00ebve, sidomos n\u00eb disa qarqe t\u00eb caktuara po bie si kamban\u00eb alarmi. Sipas nj\u00eb sondazhi t\u00eb EPPC shqiptar\u00ebt largohen nga vendet e pun\u00ebs pasi nuk ndihen t\u00eb vler\u00ebsuar. Konkretisht 60% e t\u00eb pyeturve thon\u00eb se ndihen t\u00eb pak\u00ebnaqur n\u00eb vendin e tyre t\u00eb pun\u00ebs. Arsye t\u00eb tjera renditen paga, mungesa e motivimit, puna e pa paguar jasht\u00eb orarit dhe mund\u00ebsia e ul\u00ebt p\u00ebr t\u00eb b\u00ebr\u00eb karrier\u00eb.\u00a0 K\u00ebto arsye b\u00ebjn\u00eb q\u00eb zgjidhja dhe mund\u00ebsia p\u00ebr nj\u00eb jetes\u00eb m\u00eb t\u00eb mir\u00eb t\u00eb k\u00ebrkohen jasht\u00eb kufirit.<\/p>\n","protected":false},"excerpt":{"rendered":"<p>Ligji i ri: &#8211; Ikin shqiptar\u00ebt, vijn\u00eb afro-aziatik\u00ebt dhe pensionist t\u00eb huaj Nga\u00a0 Gazeta Telegraf 31 Janar, 2020 Borxhi publik\u00a0 n\u00eb fund t\u00eb shtatorit \u00a0arriti mbi 9 miliard\u00eb euro, 1,7 milion\u00eb\u00a0 shqiptar\u00eb\u00a0 kan\u00eb ikur\u00a0 jasht\u00eb vendit dhe mijra t\u00eb rinj drejt Europ\u00ebs dhe SHBA. Edhe pse n\u00eb 2019-\u00ebn, 17 mij\u00eb shqiptar\u00eb\u00a0 k\u00ebrkuan\u00a0 azil dhe mbi [&hellip;]<\/p>\n","protected":false},"author":9,"featured_media":30909,"comment_status":"open","ping_status":"open","sticky":false,"template":"","format":"standard","meta":{"jetpack_post_was_ever_published":false,"_jetpack_newsletter_access":"","_jetpack_dont_email_post_to_subs":false,"_jetpack_newsletter_tier_id":0,"_jetpack_memberships_contains_paywalled_content":false,"_jetpack_memberships_contains_paid_content":false,"footnotes":"","jetpack_publicize_message":"","jetpack_publicize_feature_enabled":true,"jetpack_social_post_already_shared":true,"jetpack_social_options":{"image_generator_settings":{"template":"highway","default_image_id":0,"font":"","enabled":false},"version":2}},"categories":[27,2],"tags":[],"class_list":["post-30908","post","type-post","status-publish","format-standard","has-post-thumbnail","hentry","category-blogu-i-udhetarit","category-politika"],"jetpack_publicize_connections":[],"jetpack_featured_media_url":"https:\/\/i0.wp.com\/www.shqiperia.com\/blog\/wp-content\/uploads\/2020\/02\/3-40.jpg?fit=508%2C330&ssl=1","jetpack_sharing_enabled":true,"jetpack_shortlink":"https:\/\/wp.me\/p5Z6wp-82w","jetpack-related-posts":[{"id":37716,"url":"https:\/\/www.shqiperia.com\/blog\/rilindja-perze-shqiptaret-por-merr-sirianet-dhe-afganet\/","url_meta":{"origin":30908,"position":0},"title":"Rilindja p\u00ebrz\u00eb shqiptar\u00ebt, por merr sirian\u00ebt dhe afgan\u00ebt","author":"Kurt Farka","date":"August 27, 2020","format":false,"excerpt":"Rilindja p\u00ebrz\u00eb shqiptar\u00ebt, por merr sirian\u00ebt dhe afgan\u00ebt 22\/08\/2020 Instituti i Statistikave publikoi dje t\u00eb dh\u00ebnat p\u00ebr personat q\u00eb kan\u00eb k\u00ebrkuar azil n\u00eb Shqip\u00ebri gjat\u00eb vitit 2019. Shifrat e institucioneve shtet\u00ebrore tregojn\u00eb se gjat\u00eb vitit q\u00eb lam\u00eb pas 6 567 qytetar\u00eb t\u00eb huaj kan\u00eb aplikuar n\u00eb Ministrin\u00eb e Brendshme p\u00ebr\u2026","rel":"","context":"In &quot;Blogu i Udh\u00ebtarit&quot;","block_context":{"text":"Blogu i Udh\u00ebtarit","link":"https:\/\/www.shqiperia.com\/blog\/category\/blogu-i-udhetarit\/"},"img":{"alt_text":"","src":"https:\/\/i0.wp.com\/www.shqiperia.com\/blog\/wp-content\/uploads\/2020\/08\/siriane-693x450-1-693x375-1.jpg?fit=693%2C375&ssl=1&resize=350%2C200","width":350,"height":200,"srcset":"https:\/\/i0.wp.com\/www.shqiperia.com\/blog\/wp-content\/uploads\/2020\/08\/siriane-693x450-1-693x375-1.jpg?fit=693%2C375&ssl=1&resize=350%2C200 1x, https:\/\/i0.wp.com\/www.shqiperia.com\/blog\/wp-content\/uploads\/2020\/08\/siriane-693x450-1-693x375-1.jpg?fit=693%2C375&ssl=1&resize=525%2C300 1.5x"},"classes":[]},{"id":73239,"url":"https:\/\/www.shqiperia.com\/blog\/greqia-kerkon-60-mije-punetore-zgjidhje-jane-aziatiket\/","url_meta":{"origin":30908,"position":1},"title":"Greqia k\u00ebrkon 60 mij\u00eb pun\u00ebtor\u00eb. &#8211; Zgjidhje jan\u00eb aziatik\u00ebt!","author":"Kurt Farka","date":"August 3, 2023","format":false,"excerpt":"3 Gusht 2023 Disa rajone n\u00eb Greqi po k\u00ebrkojn\u00eb pun\u00ebtor\u00eb sezonal\u00eb nga Azia, p\u00ebr t\u00eb p\u00ebrballuar sezonin e vjeljes s\u00eb prodhimeve bujq\u00ebsore dhe frutore. Afrimi i sezonit t\u00eb vjeljes, ka rritur sfidat p\u00ebr fermer\u00ebt grek\u00eb q\u00eb nuk po gjejn\u00eb m\u00eb fuqi pun\u00ebtore p\u00ebr shkak t\u00eb interesit t\u00eb ul\u00ebt t\u00eb emigrant\u00ebve\u2026","rel":"","context":"In &quot;Blogu i Udh\u00ebtarit&quot;","block_context":{"text":"Blogu i Udh\u00ebtarit","link":"https:\/\/www.shqiperia.com\/blog\/category\/blogu-i-udhetarit\/"},"img":{"alt_text":"","src":"https:\/\/i0.wp.com\/www.shqiperia.com\/blog\/wp-content\/uploads\/2023\/08\/punetore.jpg?fit=640%2C360&ssl=1&resize=350%2C200","width":350,"height":200,"srcset":"https:\/\/i0.wp.com\/www.shqiperia.com\/blog\/wp-content\/uploads\/2023\/08\/punetore.jpg?fit=640%2C360&ssl=1&resize=350%2C200 1x, https:\/\/i0.wp.com\/www.shqiperia.com\/blog\/wp-content\/uploads\/2023\/08\/punetore.jpg?fit=640%2C360&ssl=1&resize=525%2C300 1.5x"},"classes":[]},{"id":70836,"url":"https:\/\/www.shqiperia.com\/blog\/xhacka-e-emeroi-diplomate-burri-trafikoi-miliona-euro-kokaine-detajet-nga-skandali-me-i-ri-i-ministres\/","url_meta":{"origin":30908,"position":2},"title":"Xha\u00e7ka e em\u00ebroi diplomate, burri trafikoi miliona euro kokain\u00eb: &#8211; Detajet nga skandali m\u00eb i ri i ministres","author":"Kurt Farka","date":"April 17, 2023","format":false,"excerpt":"17 Prill 2023 Nga OraNews Juna Harja \u00ebsht\u00eb diplomatja e em\u00ebruar nga Ministrja Olta Xha\u00e7ka si Sekretare e dyt\u00eb n\u00eb konsullat\u00ebn shqiptare t\u00eb Stambollit, q\u00eb rezulton edhe si bashk\u00ebshtortja e nj\u00eb shtetasi turk t\u00eb njohur si Ramazan Keskin. Ky i fundit konsiderohet nga autoritetet gjermane si drejtuesi i nj\u00eb organizate\u2026","rel":"","context":"In &quot;Blogu i Udh\u00ebtarit&quot;","block_context":{"text":"Blogu i Udh\u00ebtarit","link":"https:\/\/www.shqiperia.com\/blog\/category\/blogu-i-udhetarit\/"},"img":{"alt_text":"","src":"https:\/\/i0.wp.com\/www.shqiperia.com\/blog\/wp-content\/uploads\/2023\/04\/640-0-screenshot-18-1681739062.jpg?fit=640%2C361&ssl=1&resize=350%2C200","width":350,"height":200,"srcset":"https:\/\/i0.wp.com\/www.shqiperia.com\/blog\/wp-content\/uploads\/2023\/04\/640-0-screenshot-18-1681739062.jpg?fit=640%2C361&ssl=1&resize=350%2C200 1x, https:\/\/i0.wp.com\/www.shqiperia.com\/blog\/wp-content\/uploads\/2023\/04\/640-0-screenshot-18-1681739062.jpg?fit=640%2C361&ssl=1&resize=525%2C300 1.5x"},"classes":[]},{"id":22273,"url":"https:\/\/www.shqiperia.com\/blog\/eksodi-i-ri-182-mije-shqiptare-lane-shqiperine-ne-5-muajt-e-pare-te-2019-s\/","url_meta":{"origin":30908,"position":3},"title":"EKSODI I RI &#8211; 182 mij\u00eb shqiptar\u00eb lan\u00eb Shqip\u00ebrin\u00eb n\u00eb 5 muajt e par\u00eb t\u00eb 2019-s","author":"Kurt Farka","date":"June 25, 2019","format":false,"excerpt":"EKSODI I RI - 182 mij\u00eb shqiptar\u00eb lan\u00eb Shqip\u00ebrin\u00eb n\u00eb 5 muajt e par\u00eb t\u00eb 2019-s. - Nga: Ilir Nikolla Shifra katastrofike e braktisjes s\u00eb vendit konfirmohet nga raportimi formal i INSTAT-it mbi hyrje daljet n\u00eb Shqip\u00ebri p\u00ebr 5 muajt e par\u00eb t\u00eb 2019-s. Edhe pse shifrat nuk p\u00ebrkthehen mir\u00ebfilli\u2026","rel":"","context":"In &quot;Kultura&quot;","block_context":{"text":"Kultura","link":"https:\/\/www.shqiperia.com\/blog\/category\/kultura\/"},"img":{"alt_text":"","src":"https:\/\/i0.wp.com\/www.shqiperia.com\/blog\/wp-content\/uploads\/2019\/06\/azil2.jpg?fit=1024%2C554&ssl=1&resize=350%2C200","width":350,"height":200,"srcset":"https:\/\/i0.wp.com\/www.shqiperia.com\/blog\/wp-content\/uploads\/2019\/06\/azil2.jpg?fit=1024%2C554&ssl=1&resize=350%2C200 1x, https:\/\/i0.wp.com\/www.shqiperia.com\/blog\/wp-content\/uploads\/2019\/06\/azil2.jpg?fit=1024%2C554&ssl=1&resize=525%2C300 1.5x, https:\/\/i0.wp.com\/www.shqiperia.com\/blog\/wp-content\/uploads\/2019\/06\/azil2.jpg?fit=1024%2C554&ssl=1&resize=700%2C400 2x"},"classes":[]},{"id":57119,"url":"https:\/\/www.shqiperia.com\/blog\/ska-punetore-hotelet-dhe-restorantet-ne-durres-me-syte-nga-azia-te-punesojne-te-huaj\/","url_meta":{"origin":30908,"position":4},"title":"S&#8217;ka pun\u00ebtor\u00eb, hotelet dhe restorantet n\u00eb Durr\u00ebs me syt\u00eb nga Azia t\u00eb pun\u00ebsojn\u00eb t\u00eb huaj","author":"Kurt Farka","date":"April 24, 2022","format":false,"excerpt":"S'ka pun\u00ebtor\u00eb, hotelet dhe restorantet n\u00eb Durr\u00ebs me syt\u00eb nga Azia t\u00eb pun\u00ebsojn\u00eb t\u00eb huaj Nga OraNews 14 Prill 2022 Bizneset e hoteleri-turizmit n\u00eb vend po ndeshin v\u00ebshtir\u00ebsi n\u00eb gjetjen e punonj\u00ebsve. Ndaj ata detyrohen t\u00eb pun\u00ebsojn\u00eb punonj\u00ebs nga Azia, dhe ve\u00e7an\u00ebrisht nga Filipinet. N\u00eb Panairin e Pun\u00ebs q\u00eb u\u2026","rel":"","context":"In &quot;Blogu i Udh\u00ebtarit&quot;","block_context":{"text":"Blogu i Udh\u00ebtarit","link":"https:\/\/www.shqiperia.com\/blog\/category\/blogu-i-udhetarit\/"},"img":{"alt_text":"","src":"https:\/\/i0.wp.com\/www.shqiperia.com\/blog\/wp-content\/uploads\/2022\/04\/hotel-apollonia-zimmeraussicht.jpg?fit=550%2C303&ssl=1&resize=350%2C200","width":350,"height":200,"srcset":"https:\/\/i0.wp.com\/www.shqiperia.com\/blog\/wp-content\/uploads\/2022\/04\/hotel-apollonia-zimmeraussicht.jpg?fit=550%2C303&ssl=1&resize=350%2C200 1x, https:\/\/i0.wp.com\/www.shqiperia.com\/blog\/wp-content\/uploads\/2022\/04\/hotel-apollonia-zimmeraussicht.jpg?fit=550%2C303&ssl=1&resize=525%2C300 1.5x"},"classes":[]},{"id":99468,"url":"https:\/\/www.shqiperia.com\/blog\/shqiperia-marrveshje-me-filipinet-kerkese-zyrtare-per-20-mije-punonjes-shqiptaret-ikin\/","url_meta":{"origin":30908,"position":5},"title":"Shqip\u00ebria marrveshje me Filipinet, k\u00ebrkes\u00eb zyrtare p\u00ebr 20 mij\u00eb punonj\u00ebs. &#8211; Shqiptaret ikin &#8230;","author":"Kurt Farka","date":"April 17, 2026","format":false,"excerpt":"17 Prill 2027 Departamenti i Punonj\u00ebsve Migrator\u00eb n\u00eb Filipine ka njoftuar zyrtarisht qytetar\u00ebt p\u00ebr mund\u00ebsi t\u00eb reja pun\u00ebsimi n\u00eb Malt\u00eb dhe n\u00eb Shqip\u00ebri. Sipas raportit Malta po pun\u00ebson kujdestar\u00eb filipinas me paga mujore q\u00eb variojn\u00eb nga 1,000 deri n\u00eb 3,500 euro. Nd\u00ebrkoh\u00eb, Shqip\u00ebria k\u00ebrkon t\u00eb pun\u00ebsoj\u00eb rreth 20 mij\u00eb pun\u00ebtor\u00eb\u2026","rel":"","context":"In &quot;Histori&quot;","block_context":{"text":"Histori","link":"https:\/\/www.shqiperia.com\/blog\/category\/histori\/"},"img":{"alt_text":"","src":"https:\/\/i0.wp.com\/www.shqiperia.com\/blog\/wp-content\/uploads\/2026\/04\/Shqiperia-negociata-me-Filipinet-kerkese-zyrtare-per-20-mije-punonjes.jpg?fit=1049%2C626&ssl=1&resize=350%2C200","width":350,"height":200,"srcset":"https:\/\/i0.wp.com\/www.shqiperia.com\/blog\/wp-content\/uploads\/2026\/04\/Shqiperia-negociata-me-Filipinet-kerkese-zyrtare-per-20-mije-punonjes.jpg?fit=1049%2C626&ssl=1&resize=350%2C200 1x, https:\/\/i0.wp.com\/www.shqiperia.com\/blog\/wp-content\/uploads\/2026\/04\/Shqiperia-negociata-me-Filipinet-kerkese-zyrtare-per-20-mije-punonjes.jpg?fit=1049%2C626&ssl=1&resize=525%2C300 1.5x, https:\/\/i0.wp.com\/www.shqiperia.com\/blog\/wp-content\/uploads\/2026\/04\/Shqiperia-negociata-me-Filipinet-kerkese-zyrtare-per-20-mije-punonjes.jpg?fit=1049%2C626&ssl=1&resize=700%2C400 2x"},"classes":[]}],"_links":{"self":[{"href":"https:\/\/www.shqiperia.com\/blog\/wp-json\/wp\/v2\/posts\/30908","targetHints":{"allow":["GET"]}}],"collection":[{"href":"https:\/\/www.shqiperia.com\/blog\/wp-json\/wp\/v2\/posts"}],"about":[{"href":"https:\/\/www.shqiperia.com\/blog\/wp-json\/wp\/v2\/types\/post"}],"author":[{"embeddable":true,"href":"https:\/\/www.shqiperia.com\/blog\/wp-json\/wp\/v2\/users\/9"}],"replies":[{"embeddable":true,"href":"https:\/\/www.shqiperia.com\/blog\/wp-json\/wp\/v2\/comments?post=30908"}],"version-history":[{"count":1,"href":"https:\/\/www.shqiperia.com\/blog\/wp-json\/wp\/v2\/posts\/30908\/revisions"}],"predecessor-version":[{"id":30912,"href":"https:\/\/www.shqiperia.com\/blog\/wp-json\/wp\/v2\/posts\/30908\/revisions\/30912"}],"wp:featuredmedia":[{"embeddable":true,"href":"https:\/\/www.shqiperia.com\/blog\/wp-json\/wp\/v2\/media\/30909"}],"wp:attachment":[{"href":"https:\/\/www.shqiperia.com\/blog\/wp-json\/wp\/v2\/media?parent=30908"}],"wp:term":[{"taxonomy":"category","embeddable":true,"href":"https:\/\/www.shqiperia.com\/blog\/wp-json\/wp\/v2\/categories?post=30908"},{"taxonomy":"post_tag","embeddable":true,"href":"https:\/\/www.shqiperia.com\/blog\/wp-json\/wp\/v2\/tags?post=30908"}],"curies":[{"name":"wp","href":"https:\/\/api.w.org\/{rel}","templated":true}]}}