{"id":30905,"date":"2020-02-01T00:05:46","date_gmt":"2020-02-01T00:05:46","guid":{"rendered":"https:\/\/www.shqiperia.com\/blog\/?p=30905"},"modified":"2020-02-01T00:05:46","modified_gmt":"2020-02-01T00:05:46","slug":"presidenti-dhe-presioni-nderkombetar-detyrojne-kryeministrin-te-terhiqet-nga-censura","status":"publish","type":"post","link":"https:\/\/www.shqiperia.com\/blog\/presidenti-dhe-presioni-nderkombetar-detyrojne-kryeministrin-te-terhiqet-nga-censura\/","title":{"rendered":"Presidenti dhe presioni nd\u00ebrkomb\u00ebtar detyrojn\u00eb kryeministrin t\u00eb t\u00ebrhiqet nga censura."},"content":{"rendered":"<p><img data-recalc-dims=\"1\" loading=\"lazy\" decoding=\"async\" data-attachment-id=\"30906\" data-permalink=\"https:\/\/www.shqiperia.com\/blog\/presidenti-dhe-presioni-nderkombetar-detyrojne-kryeministrin-te-terhiqet-nga-censura\/censure-media\/\" data-orig-file=\"https:\/\/i0.wp.com\/www.shqiperia.com\/blog\/wp-content\/uploads\/2020\/02\/censure-media.jpg?fit=550%2C340&amp;ssl=1\" data-orig-size=\"550,340\" data-comments-opened=\"1\" data-image-meta=\"{&quot;aperture&quot;:&quot;0&quot;,&quot;credit&quot;:&quot;&quot;,&quot;camera&quot;:&quot;&quot;,&quot;caption&quot;:&quot;&quot;,&quot;created_timestamp&quot;:&quot;0&quot;,&quot;copyright&quot;:&quot;&quot;,&quot;focal_length&quot;:&quot;0&quot;,&quot;iso&quot;:&quot;0&quot;,&quot;shutter_speed&quot;:&quot;0&quot;,&quot;title&quot;:&quot;&quot;,&quot;orientation&quot;:&quot;0&quot;}\" data-image-title=\"censure-media\" data-image-description=\"\" data-image-caption=\"\" data-medium-file=\"https:\/\/i0.wp.com\/www.shqiperia.com\/blog\/wp-content\/uploads\/2020\/02\/censure-media.jpg?fit=300%2C185&amp;ssl=1\" data-large-file=\"https:\/\/i0.wp.com\/www.shqiperia.com\/blog\/wp-content\/uploads\/2020\/02\/censure-media.jpg?fit=550%2C340&amp;ssl=1\" class=\"alignnone  wp-image-30906\" alt=\"\" src=\"https:\/\/i0.wp.com\/www.shqiperia.com\/blog\/wp-content\/uploads\/2020\/02\/censure-media.jpg?resize=581%2C358&#038;ssl=1\" width=\"581\" height=\"358\" srcset=\"https:\/\/i0.wp.com\/www.shqiperia.com\/blog\/wp-content\/uploads\/2020\/02\/censure-media.jpg?resize=300%2C185&amp;ssl=1 300w, https:\/\/i0.wp.com\/www.shqiperia.com\/blog\/wp-content\/uploads\/2020\/02\/censure-media.jpg?resize=450%2C278&amp;ssl=1 450w, https:\/\/i0.wp.com\/www.shqiperia.com\/blog\/wp-content\/uploads\/2020\/02\/censure-media.jpg?resize=400%2C247&amp;ssl=1 400w, https:\/\/i0.wp.com\/www.shqiperia.com\/blog\/wp-content\/uploads\/2020\/02\/censure-media.jpg?w=550&amp;ssl=1 550w\" sizes=\"auto, (max-width: 581px) 100vw, 581px\" \/><\/p>\n<p>Presidenti dhe presioni nd\u00ebrkomb\u00ebtar detyrojn\u00eb kryeministrin t\u00eb t\u00ebrhiqet nga censura<\/p>\n<p><a href=\"https:\/\/kohajone.com\/presoni-nderkombetar-dhe-presidenti-detyrojne-kryeministrin-te-terhiqet-nga-censura\/\">31\/01\/2020\u00a0\u00a0 \u00a0<\/a><\/p>\n<p>Partia Socialiste ka b\u00ebr\u00eb nj\u00eb l\u00ebvizje taktike p\u00ebr paket\u00ebn e ligjeve \u201canti-shpifje\u201d q\u00eb pritej t\u00eb votohej dje n\u00eb Parlament. Dy ligjet q\u00eb jan\u00eb cil\u00ebsuar si rikthim i censur\u00ebs n\u00eb Shqip\u00ebri dhe nuk u dekretuan nga Presidenti Ilir Meta, ishin planifikuar t\u00eb kalonin p\u00ebr votim pas asnj\u00eb ndryshim nga ana e mazhoranc\u00ebs. N\u00eb momentet e fundit, socialist\u00ebt vendos\u00ebn q\u00eb t\u00eb shtyjn\u00eb votimin e tyre duke argumentuar se do t\u00eb pritej opinioni i Komisionit t\u00eb Venecias, i cili do t\u00eb vendos\u00eb n\u00ebse k\u00ebto ligje cenojn\u00eb standardet demokratike apo jo. L\u00ebvizja q\u00eb duket si nj\u00eb respektim i Komisionit t\u00eb Venecias n\u00eb fakt \u00ebsht\u00eb zbythje e mazhoranc\u00ebs dhe kryeministrit Edi Rama p\u00ebrball\u00eb presionit t\u00eb fort\u00eb nd\u00ebrkomb\u00ebtar. Pak or\u00eb para se PS-ja t\u00eb merrte vendimin p\u00ebr shtyrjen e ligjeve, raporteri p\u00ebr Shqip\u00ebrin\u00eb n\u00eb Grupin Partive Popullore Europian n\u00eb Parlamentit Europian, David Lega, b\u00ebri nj\u00eb deklarat\u00eb t\u00eb fort\u00eb kund\u00ebr qeveris\u00eb \u201cRama\u201d. Lega paralajm\u00ebroi kryeministrin Edi Rama, se n\u00ebse ligjet e kthyera nga Presidenti Ilir Meta do t\u00eb rivotoheshin pa asnj\u00eb ndryshim nga ana e qeveris\u00eb, Shqip\u00ebria rrezikonte hapjen e negociatave. Deklarata e David Lega nuk \u00ebsht\u00eb vet\u00ebm q\u00ebndrimi i nj\u00eb euordeputeti nga 751 t\u00eb till\u00eb q\u00eb nga Parlamenti Europian. Partit\u00eb Popullore Europane q\u00eb p\u00ebrfaq\u00ebson Davil Lega jan\u00eb grupimi m\u00eb i madh polik n\u00eb BE dhe qeverit\u00eb kryesore t\u00eb vendeve t\u00eb BE i p\u00ebrkasin pik\u00ebrisht k\u00ebtij kampi politik. Praktikisht deputet\u00ebt e PE-s\u00eb nuk e k\u00ebshilluan, por e k\u00ebrc\u00ebnuan qeverin\u00eb \u201cRama\u201d duke i vendosur kushtin e bllokimit t\u00eb negociatave, n\u00ebse ligjet rivotoheshin pa marr\u00eb rekomandimet e Presidentit Ilir Meta. Mesazhi i PPE-s\u00eb n\u00eb adres\u00eb t\u00eb kreut t\u00eb qeveris\u00eb p\u00ebr ligjet problematike nuk \u00ebsht\u00eb i vetmi. Pak dit\u00eb m\u00eb par\u00eb Zyra e OSBE p\u00ebr Lirin\u00eb e Medias n\u00eb Vjen\u00eb doli kund\u00ebr projektit t\u00eb Edi Ram\u00ebs p\u00ebr censur\u00ebn ndaj mediave. Aq antiligjore ishte paketa \u201canti-shpifje\u201d e Edi Ram\u00ebs, sa i nj\u00ebjti zyrtar i OSBE q\u00eb e mb\u00ebshteti, pasi pa draftin e miratuar u detyrua t\u00eb dal\u00eb hapur kund\u00ebr saj. N\u00eb k\u00ebt\u00eb reagim edhe m\u00eb i r\u00ebnd\u00eb \u00ebsht\u00eb fakti q\u00eb OSBE doli kund\u00ebr shefit t\u00eb saj t\u00eb radh\u00ebs Edi Rama duke ja p\u00ebrplasur hapur faktin q\u00eb ligjet jan\u00eb dhunuese dhe modeli m\u00eb i keq q\u00eb p\u00ebrdoret n\u00eb nj\u00eb vend q\u00eb k\u00ebrkon t\u00eb hyj\u00eb n\u00eb Bashkimin Europian.<\/p>\n<p>Si rrall\u00eb her\u00eb, projekti i qeveris\u00eb \u201cRama\u201d p\u00ebr median ngriti n\u00eb k\u00ebmb\u00eb shoqatat n\u00eb Tiran\u00eb. Pavar\u00ebsisht se ku financiohen, shumica e organizatave t\u00eb shoq\u00ebris\u00eb civile k\u00ebt\u00eb her\u00eb ran\u00eb n\u00eb nj\u00eb mendje q\u00eb ligjet p\u00ebr mediat nuk ishin reform\u00eb, por nj\u00eb form\u00eb e re censure e rrezikshme p\u00ebr t\u00eb gjith\u00eb. P\u00ebrve\u00e7 deputet\u00ebve q\u00eb votuan n\u00eb rresht k\u00ebt\u00eb paket\u00eb, p\u00ebr her\u00eb t\u00eb par\u00eb p\u00ebrfaq\u00ebsues t\u00eb mediave, t\u00eb cil\u00ebt dihet se jan\u00eb shum\u00eb af\u00ebr q\u00ebndrimeve t\u00eb Edi Ram\u00ebs u detyruan, n\u00eb mos t\u00eb dilnin kund\u00ebr t\u00eb pakt\u00ebn t\u00eb heshtin dhe t\u00eb pranonin n\u00ebn z\u00eb se ligjet ishin nj\u00eb pav\u00e7avure juridike q\u00eb t\u00eb kujtonte koh\u00ebn e komunizmit. Zhurma q\u00eb m\u00eb t\u00eb drejt\u00eb u b\u00eb n\u00eb Tiran\u00eb p\u00ebr k\u00ebto ligje vuri n\u00eb l\u00ebvizje dhe organizatat nd\u00ebrkomb\u00ebtare t\u00eb gazetar\u00ebve, t\u00eb cil\u00ebt reaguan disa her\u00eb p\u00ebr anulimin e ligjit. Q\u00ebndrimet n\u00eb mas\u00eb kund\u00ebr ligjit, si dhe dekreti i anulimit t\u00eb tyre nga ana e Presidentit Ilir Meta, i cili argumentonte dhe shkeljet kushtetuese t\u00eb k\u00ebtij projekti, vun\u00eb n\u00eb l\u00ebvizje dhe institucione nd\u00ebrkomb\u00ebtare. K\u00ebshilli i Europ\u00ebs, dy jav\u00eb m\u00eb par\u00eb, mori p\u00ebrsip\u00ebr t\u00eb nd\u00ebrhyj\u00eb duke d\u00ebrguar paket\u00ebn ligjore n\u00eb Komisionin e Venecias p\u00ebr interpretim. Nj\u00eb akt t\u00eb till\u00eb K\u00ebshilli i Europ\u00ebs e ka b\u00ebr\u00eb vet\u00ebm p\u00ebr burgosjen e gazetar\u00ebve n\u00eb Turqi apo p\u00ebr shtete ku nuk ekziston demokracia. Vet\u00eb akti i ankes\u00ebs s\u00eb K\u00ebshillit t\u00eb Europ\u00ebs tregon se q\u00ebndrimi i Edi Ram\u00ebs ndaj medias tashm\u00eb \u00ebsht\u00eb b\u00ebr\u00eb nj\u00eb shqet\u00ebsim serioz nd\u00ebrkomb\u00ebtar. N\u00eb m\u00ebnyr\u00eb ironike, vet\u00ebm Ambasada e BE n\u00eb Tiran\u00eb u kujtua q\u00eb ligjet p\u00ebr mediat kishin probleme serioze, pasi Taulant Balla deklaroi se nuk do t\u2019i votonin pa pritur q\u00ebndrimin e Venecias. N\u00ebse PS do vazhdonte marr\u00ebzin\u00eb dhe do t\u2019i votonte si\u00e7 jan\u00eb aktualisht, ka mund\u00ebsi q\u00eb kjo ambasad\u00eb t\u00eb p\u00ebrsh\u00ebndeste votimin si nj\u00eb hap p\u00ebrpara n\u00eb lirin\u00eb e medias. Presidenca e OSBE dihet q\u00eb mendon nj\u00eblloj si Edi Rama, ndaj nuk pret njeri q\u00eb t\u00eb flas\u00eb ambasadori. Pavar\u00ebsisht q\u00ebndrimeve t\u00eb munguara ose t\u00eb vonuara nga diplomat\u00ebve t\u00eb ve\u00e7uar n\u00eb Tiran\u00eb, fakti \u00ebsht\u00eb se Edi Rama u t\u00ebrhoq taktikisht nga votimi i ligjeve. Nuk e b\u00ebri k\u00ebt\u00eb se ka ndryshuar mendim p\u00ebr censur\u00ebn dhe kontrollin mbi mediat, por sepse si asnj\u00ebher\u00eb m\u00eb par\u00eb institucionet nd\u00ebrkomb\u00ebtare e kan\u00eb goditur q\u00ebndrimin e tij dhe paket\u00ebn anti-shpifje. \u00cbsht\u00eb nj\u00eb sinjal q\u00eb nd\u00ebrkomb\u00ebtar\u00ebt kan\u00eb nisur t\u00eb kuptojn\u00eb problemet reale q\u00eb Shqip\u00ebria me qeverisjen \u201cRama\u201d. Pas k\u00ebtij presioni t\u00eb fort\u00eb ndaj kryeministrit q\u00eb e detyroi t\u00eb t\u00ebrhiqet, socialist\u00ebt duhet t\u00eb mendohen dy her\u00eb para se t\u00eb thon\u00eb se kan\u00eb mb\u00ebshtetjen e nd\u00ebrkomb\u00ebtar\u00ebve.\/M.Xh.\/<\/p>\n<p>Koha e Jone<\/p>\n","protected":false},"excerpt":{"rendered":"<p>Presidenti dhe presioni nd\u00ebrkomb\u00ebtar detyrojn\u00eb kryeministrin t\u00eb t\u00ebrhiqet nga censura 31\/01\/2020\u00a0\u00a0 \u00a0 Partia Socialiste ka b\u00ebr\u00eb nj\u00eb l\u00ebvizje taktike p\u00ebr paket\u00ebn e ligjeve \u201canti-shpifje\u201d q\u00eb pritej t\u00eb votohej dje n\u00eb Parlament. Dy ligjet q\u00eb jan\u00eb cil\u00ebsuar si rikthim i censur\u00ebs n\u00eb Shqip\u00ebri dhe nuk u dekretuan nga Presidenti Ilir Meta, ishin planifikuar t\u00eb kalonin p\u00ebr [&hellip;]<\/p>\n","protected":false},"author":9,"featured_media":30906,"comment_status":"open","ping_status":"open","sticky":false,"template":"","format":"standard","meta":{"jetpack_post_was_ever_published":false,"_jetpack_newsletter_access":"","_jetpack_dont_email_post_to_subs":false,"_jetpack_newsletter_tier_id":0,"_jetpack_memberships_contains_paywalled_content":false,"_jetpack_memberships_contains_paid_content":false,"footnotes":"","jetpack_publicize_message":"","jetpack_publicize_feature_enabled":true,"jetpack_social_post_already_shared":true,"jetpack_social_options":{"image_generator_settings":{"template":"highway","default_image_id":0,"font":"","enabled":false},"version":2}},"categories":[27,2],"tags":[],"class_list":["post-30905","post","type-post","status-publish","format-standard","has-post-thumbnail","hentry","category-blogu-i-udhetarit","category-politika"],"jetpack_publicize_connections":[],"jetpack_featured_media_url":"https:\/\/i0.wp.com\/www.shqiperia.com\/blog\/wp-content\/uploads\/2020\/02\/censure-media.jpg?fit=550%2C340&ssl=1","jetpack_sharing_enabled":true,"jetpack_shortlink":"https:\/\/wp.me\/p5Z6wp-82t","jetpack-related-posts":[{"id":47739,"url":"https:\/\/www.shqiperia.com\/blog\/vendimi-qe-perjashton-gazetaret-nga-aktiviteti-i-kuvendit-reagon-presidenti-meta-praktika-te-ngjashme-me-regjimin-e-lukashenkos-mazhoranca-te-terhiqet\/","url_meta":{"origin":30905,"position":0},"title":"Vendimi q\u00eb p\u00ebrjashton gazetar\u00ebt nga aktiviteti i Kuvendit\/ Reagon Presidenti Meta: &#8211; Praktika t\u00eb ngjashme me regjimin e Lukashenkos, mazhoranca t\u00eb t\u00ebrhiqet","author":"Kurt Farka","date":"June 8, 2021","format":false,"excerpt":"Vendimi q\u00eb p\u00ebrjashton gazetar\u00ebt nga aktiviteti i Kuvendit\/ Reagon Presidenti Meta: Praktika t\u00eb ngjashme me regjimin e Lukashenkos, mazhoranca t\u00eb t\u00ebrhiqet 8 qershor 2021 Presidenti Ilir Meta ka reaguar pas vendimit t\u00eb nj\u00eb rregulloreje t\u00eb re nga Byroja e Kuvendit, miratuar n\u00eb fsheht\u00ebsi, i cili nuk lejon gazetar\u00ebt t\u00eb ndjekin\u2026","rel":"","context":"In &quot;Blogu i Udh\u00ebtarit&quot;","block_context":{"text":"Blogu i Udh\u00ebtarit","link":"https:\/\/www.shqiperia.com\/blog\/category\/blogu-i-udhetarit\/"},"img":{"alt_text":"","src":"https:\/\/i0.wp.com\/www.shqiperia.com\/blog\/wp-content\/uploads\/2021\/06\/Ilir-Meta.jpg?fit=600%2C323&ssl=1&resize=350%2C200","width":350,"height":200,"srcset":"https:\/\/i0.wp.com\/www.shqiperia.com\/blog\/wp-content\/uploads\/2021\/06\/Ilir-Meta.jpg?fit=600%2C323&ssl=1&resize=350%2C200 1x, https:\/\/i0.wp.com\/www.shqiperia.com\/blog\/wp-content\/uploads\/2021\/06\/Ilir-Meta.jpg?fit=600%2C323&ssl=1&resize=525%2C300 1.5x"},"classes":[]},{"id":26897,"url":"https:\/\/www.shqiperia.com\/blog\/presidenca-del-ne-deklarate-per-mediat-raporti-i-venecias-nuk-eshte-ai-qe-eshte-shperndare-nga-rilindja-mashtrime\/","url_meta":{"origin":30905,"position":1},"title":"Presidenca del n\u00eb deklarat\u00eb p\u00ebr mediat: Raporti i Venecias nuk \u00ebsht\u00eb ai q\u00eb \u00ebsht\u00eb shp\u00ebrndar\u00eb nga Rilindja, mashtrime","author":"Kurt Farka","date":"October 11, 2019","format":false,"excerpt":". Presidenca del n\u00eb deklarat\u00eb p\u00ebr mediat: Raporti i Venecias nuk \u00ebsht\u00eb ai q\u00eb \u00ebsht\u00eb shp\u00ebrndar\u00eb nga Rilindja, mashtrime 11 tetor 2019 Z\u00ebdh\u00ebn\u00ebsi p\u00ebr shtyp i presidenc\u00ebs Tedi Blushi ka dal\u00eb n\u00eb nj\u00eb deklarat\u00eb p\u00ebr mediat k\u00ebt\u00eb pasdite duke u shprehur se vendimin final dhe dokumenti origjinal mbi vendimin e\u2026","rel":"","context":"In &quot;Blogu i Udh\u00ebtarit&quot;","block_context":{"text":"Blogu i Udh\u00ebtarit","link":"https:\/\/www.shqiperia.com\/blog\/category\/blogu-i-udhetarit\/"},"img":{"alt_text":"","src":"https:\/\/i0.wp.com\/www.shqiperia.com\/blog\/wp-content\/uploads\/2019\/10\/bfc6b2d1-1491-40e4-81e3-24db7f476d97.jpg?fit=1200%2C679&ssl=1&resize=350%2C200","width":350,"height":200,"srcset":"https:\/\/i0.wp.com\/www.shqiperia.com\/blog\/wp-content\/uploads\/2019\/10\/bfc6b2d1-1491-40e4-81e3-24db7f476d97.jpg?fit=1200%2C679&ssl=1&resize=350%2C200 1x, https:\/\/i0.wp.com\/www.shqiperia.com\/blog\/wp-content\/uploads\/2019\/10\/bfc6b2d1-1491-40e4-81e3-24db7f476d97.jpg?fit=1200%2C679&ssl=1&resize=525%2C300 1.5x, https:\/\/i0.wp.com\/www.shqiperia.com\/blog\/wp-content\/uploads\/2019\/10\/bfc6b2d1-1491-40e4-81e3-24db7f476d97.jpg?fit=1200%2C679&ssl=1&resize=700%2C400 2x, https:\/\/i0.wp.com\/www.shqiperia.com\/blog\/wp-content\/uploads\/2019\/10\/bfc6b2d1-1491-40e4-81e3-24db7f476d97.jpg?fit=1200%2C679&ssl=1&resize=1050%2C600 3x"},"classes":[]},{"id":40180,"url":"https:\/\/www.shqiperia.com\/blog\/ke-insiston-maxhoranca-te-prese-venecian-per-kodin-por-vendimi-i-takon-ps\/","url_meta":{"origin":30905,"position":2},"title":"KE insiston: &#8211; Maxhoranca t\u00eb pres\u00eb \u201cVenecian\u201d p\u00ebr Kodin, por vendimi i takon PS","author":"Kurt Farka","date":"October 27, 2020","format":false,"excerpt":"KE insiston: - Maxhoranca t\u00eb pres\u00eb \u201cVenecian\u201d p\u00ebr Kodin, por vendimi i takon PS 27 TETOR 2020 Z\u00ebdh\u00ebn\u00ebsja e KE-s\u00eb, Ana Pisonero-Hernandez \u00ebsht\u00eb shprehur se beson se Komisioni i Venecias do t\u2019i jap\u00eb pal\u00ebve politike n\u00eb Shqip\u00ebri nj\u00eb arsyetim t\u00eb shpejt\u00eb lidhur me zbatimin e ndryshimeve kushtetuese t\u00eb miratuara nga\u2026","rel":"","context":"In &quot;Blogu i Udh\u00ebtarit&quot;","block_context":{"text":"Blogu i Udh\u00ebtarit","link":"https:\/\/www.shqiperia.com\/blog\/category\/blogu-i-udhetarit\/"},"img":{"alt_text":"","src":"https:\/\/i0.wp.com\/www.shqiperia.com\/blog\/wp-content\/uploads\/2020\/10\/640-0-5f980dcd3171b.jpg?fit=640%2C320&ssl=1&resize=350%2C200","width":350,"height":200,"srcset":"https:\/\/i0.wp.com\/www.shqiperia.com\/blog\/wp-content\/uploads\/2020\/10\/640-0-5f980dcd3171b.jpg?fit=640%2C320&ssl=1&resize=350%2C200 1x, https:\/\/i0.wp.com\/www.shqiperia.com\/blog\/wp-content\/uploads\/2020\/10\/640-0-5f980dcd3171b.jpg?fit=640%2C320&ssl=1&resize=525%2C300 1.5x"},"classes":[]},{"id":28535,"url":"https:\/\/www.shqiperia.com\/blog\/komisioni-i-venecias-rrezon-ramen-per-kushtetuesen-ja-si-zgjidhen-anetaret-ne-kushte-normale\/","url_meta":{"origin":30905,"position":3},"title":"Komisioni i Venecias rr\u00ebzon Ram\u00ebn p\u00ebr Kushtetuesen. &#8211; Ja si zgjidhen an\u00ebtar\u00ebt n\u00eb kushte normale. &#8211;","author":"Kurt Farka","date":"November 24, 2019","format":false,"excerpt":"Komisioni i Venecias rr\u00ebzon Ram\u00ebn p\u00ebr Kushtetuesen\/ Ja si zgjidhen an\u00ebtar\u00ebt n\u00eb kushte normale Komisioni i Venecias rr\u00ebzon Ram\u00ebn dhe mazhoranc\u00ebn n\u00eb lidhje me pretendimet e tyre mbi t\u00eb drejt\u00ebn e em\u00ebrimeve t\u00eb 9 an\u00ebtar\u00ebve t\u00eb Gjykat\u00ebs Kushtetuese. Ish-ministri i Drejt\u00ebsis\u00eb, Eduart Halimi ka b\u00ebr\u00eb publik q\u00ebndrimin e Komisionit t\u00eb\u2026","rel":"","context":"In &quot;Blogu i Udh\u00ebtarit&quot;","block_context":{"text":"Blogu i Udh\u00ebtarit","link":"https:\/\/www.shqiperia.com\/blog\/category\/blogu-i-udhetarit\/"},"img":{"alt_text":"","src":"https:\/\/i0.wp.com\/www.shqiperia.com\/blog\/wp-content\/uploads\/2019\/11\/gjykata-kushtetuese-Copy.jpg?fit=596%2C346&ssl=1&resize=350%2C200","width":350,"height":200,"srcset":"https:\/\/i0.wp.com\/www.shqiperia.com\/blog\/wp-content\/uploads\/2019\/11\/gjykata-kushtetuese-Copy.jpg?fit=596%2C346&ssl=1&resize=350%2C200 1x, https:\/\/i0.wp.com\/www.shqiperia.com\/blog\/wp-content\/uploads\/2019\/11\/gjykata-kushtetuese-Copy.jpg?fit=596%2C346&ssl=1&resize=525%2C300 1.5x"},"classes":[]},{"id":32153,"url":"https:\/\/www.shqiperia.com\/blog\/venecia-jep-grusht-grushtit-te-shtetit\/","url_meta":{"origin":30905,"position":4},"title":"Venecia jep grusht \u201cGrushtit t\u00eb Shtetit\u201d","author":"Kurt Farka","date":"March 8, 2020","format":false,"excerpt":"Venecia jep grusht \u201cGrushtit t\u00eb Shtetit\u201d 07\/03\/2020 Nga: M. Xhani Komisioni i Venecias i ka dh\u00ebn\u00eb nj\u00eb goditje asgj\u00ebsuese nism\u00ebs s\u00eb qeveris\u00eb \u201cRama\u201d p\u00ebr t\u00eb kapur Gjykat\u00ebn Kushtetuese. Raporti paraprak i k\u00ebtij komisioni, i cili u thirr nga PS-ja p\u00ebr t\u00eb dh\u00ebn\u00eb mendim juridik p\u00ebr p\u00ebrplasjen me Presidentin, arrin n\u00eb\u2026","rel":"","context":"In &quot;Blogu i Udh\u00ebtarit&quot;","block_context":{"text":"Blogu i Udh\u00ebtarit","link":"https:\/\/www.shqiperia.com\/blog\/category\/blogu-i-udhetarit\/"},"img":{"alt_text":"","src":"https:\/\/i0.wp.com\/www.shqiperia.com\/blog\/wp-content\/uploads\/2020\/03\/Meta-komisioni-venecias.jpg?fit=600%2C291&ssl=1&resize=350%2C200","width":350,"height":200,"srcset":"https:\/\/i0.wp.com\/www.shqiperia.com\/blog\/wp-content\/uploads\/2020\/03\/Meta-komisioni-venecias.jpg?fit=600%2C291&ssl=1&resize=350%2C200 1x, https:\/\/i0.wp.com\/www.shqiperia.com\/blog\/wp-content\/uploads\/2020\/03\/Meta-komisioni-venecias.jpg?fit=600%2C291&ssl=1&resize=525%2C300 1.5x"},"classes":[]},{"id":25741,"url":"https:\/\/www.shqiperia.com\/blog\/gazetari-rama-iu-tha-deputeteve-te-behen-gati-per-zgjedhje-me-meten\/","url_meta":{"origin":30905,"position":5},"title":"Gazetari: &#8211; Rama iu tha deputet\u00ebve t\u00eb b\u00ebhen gati p\u00ebr zgjedhje. Me Met\u00ebn\u2026","author":"Kurt Farka","date":"September 10, 2019","format":false,"excerpt":"Gazetari: - Rama iu tha deputet\u00ebve t\u00eb b\u00ebhen gati p\u00ebr zgjedhje. Me Met\u00ebn\u2026 09 Shtator, 2019 Kjo e h\u00ebn\u00eb nisi vrullsh\u00ebm n\u00eb aspektin politik, pasi Presidenti Ilir Meta doli p\u00ebrpara Komisionit Hetimor, t\u00eb ngritur p\u00ebr shkarkimin e tij.\u00a0 P\u00ebrpara komisionit parlamentar q\u00eb po heton aktet e tij mbi zgjedhjet vendore,\u2026","rel":"","context":"In &quot;Blogu i Udh\u00ebtarit&quot;","block_context":{"text":"Blogu i Udh\u00ebtarit","link":"https:\/\/www.shqiperia.com\/blog\/category\/blogu-i-udhetarit\/"},"img":{"alt_text":"","src":"https:\/\/i0.wp.com\/www.shqiperia.com\/blog\/wp-content\/uploads\/2019\/09\/op-1-530x433.png?fit=501%2C286&ssl=1&resize=350%2C200","width":350,"height":200},"classes":[]}],"_links":{"self":[{"href":"https:\/\/www.shqiperia.com\/blog\/wp-json\/wp\/v2\/posts\/30905","targetHints":{"allow":["GET"]}}],"collection":[{"href":"https:\/\/www.shqiperia.com\/blog\/wp-json\/wp\/v2\/posts"}],"about":[{"href":"https:\/\/www.shqiperia.com\/blog\/wp-json\/wp\/v2\/types\/post"}],"author":[{"embeddable":true,"href":"https:\/\/www.shqiperia.com\/blog\/wp-json\/wp\/v2\/users\/9"}],"replies":[{"embeddable":true,"href":"https:\/\/www.shqiperia.com\/blog\/wp-json\/wp\/v2\/comments?post=30905"}],"version-history":[{"count":1,"href":"https:\/\/www.shqiperia.com\/blog\/wp-json\/wp\/v2\/posts\/30905\/revisions"}],"predecessor-version":[{"id":30907,"href":"https:\/\/www.shqiperia.com\/blog\/wp-json\/wp\/v2\/posts\/30905\/revisions\/30907"}],"wp:featuredmedia":[{"embeddable":true,"href":"https:\/\/www.shqiperia.com\/blog\/wp-json\/wp\/v2\/media\/30906"}],"wp:attachment":[{"href":"https:\/\/www.shqiperia.com\/blog\/wp-json\/wp\/v2\/media?parent=30905"}],"wp:term":[{"taxonomy":"category","embeddable":true,"href":"https:\/\/www.shqiperia.com\/blog\/wp-json\/wp\/v2\/categories?post=30905"},{"taxonomy":"post_tag","embeddable":true,"href":"https:\/\/www.shqiperia.com\/blog\/wp-json\/wp\/v2\/tags?post=30905"}],"curies":[{"name":"wp","href":"https:\/\/api.w.org\/{rel}","templated":true}]}}