{"id":30900,"date":"2020-01-31T14:13:11","date_gmt":"2020-01-31T14:13:11","guid":{"rendered":"https:\/\/www.shqiperia.com\/blog\/?p=30900"},"modified":"2020-01-31T14:13:11","modified_gmt":"2020-01-31T14:13:11","slug":"libri-i-ri-rrugetimi-i-nje-arbereshi","status":"publish","type":"post","link":"https:\/\/www.shqiperia.com\/blog\/libri-i-ri-rrugetimi-i-nje-arbereshi\/","title":{"rendered":"Libri i Ri: \u201cRrug\u00ebtimi i nj\u00eb Arb\u00ebreshi\u201d"},"content":{"rendered":"<p><img data-recalc-dims=\"1\" loading=\"lazy\" decoding=\"async\" data-attachment-id=\"30901\" data-permalink=\"https:\/\/www.shqiperia.com\/blog\/libri-i-ri-rrugetimi-i-nje-arbereshi\/81203748_524721774810076_5138133749174632448_n\/\" data-orig-file=\"https:\/\/i0.wp.com\/www.shqiperia.com\/blog\/wp-content\/uploads\/2020\/01\/81203748_524721774810076_5138133749174632448_n.jpg?fit=480%2C286&amp;ssl=1\" data-orig-size=\"480,286\" data-comments-opened=\"1\" data-image-meta=\"{&quot;aperture&quot;:&quot;0&quot;,&quot;credit&quot;:&quot;&quot;,&quot;camera&quot;:&quot;&quot;,&quot;caption&quot;:&quot;&quot;,&quot;created_timestamp&quot;:&quot;0&quot;,&quot;copyright&quot;:&quot;&quot;,&quot;focal_length&quot;:&quot;0&quot;,&quot;iso&quot;:&quot;0&quot;,&quot;shutter_speed&quot;:&quot;0&quot;,&quot;title&quot;:&quot;&quot;,&quot;orientation&quot;:&quot;0&quot;}\" data-image-title=\"81203748_524721774810076_5138133749174632448_n\" data-image-description=\"\" data-image-caption=\"\" data-medium-file=\"https:\/\/i0.wp.com\/www.shqiperia.com\/blog\/wp-content\/uploads\/2020\/01\/81203748_524721774810076_5138133749174632448_n.jpg?fit=300%2C179&amp;ssl=1\" data-large-file=\"https:\/\/i0.wp.com\/www.shqiperia.com\/blog\/wp-content\/uploads\/2020\/01\/81203748_524721774810076_5138133749174632448_n.jpg?fit=480%2C286&amp;ssl=1\" class=\"alignnone  wp-image-30901\" alt=\"\" src=\"https:\/\/i0.wp.com\/www.shqiperia.com\/blog\/wp-content\/uploads\/2020\/01\/81203748_524721774810076_5138133749174632448_n.jpg?resize=659%2C393&#038;ssl=1\" width=\"659\" height=\"393\" srcset=\"https:\/\/i0.wp.com\/www.shqiperia.com\/blog\/wp-content\/uploads\/2020\/01\/81203748_524721774810076_5138133749174632448_n.jpg?resize=300%2C179&amp;ssl=1 300w, https:\/\/i0.wp.com\/www.shqiperia.com\/blog\/wp-content\/uploads\/2020\/01\/81203748_524721774810076_5138133749174632448_n.jpg?resize=450%2C268&amp;ssl=1 450w, https:\/\/i0.wp.com\/www.shqiperia.com\/blog\/wp-content\/uploads\/2020\/01\/81203748_524721774810076_5138133749174632448_n.jpg?resize=400%2C238&amp;ssl=1 400w, https:\/\/i0.wp.com\/www.shqiperia.com\/blog\/wp-content\/uploads\/2020\/01\/81203748_524721774810076_5138133749174632448_n.jpg?w=480&amp;ssl=1 480w\" sizes=\"auto, (max-width: 659px) 100vw, 659px\" \/><\/p>\n<p>Libri i Ri: \u201cRrug\u00ebtimi i nj\u00eb Arb\u00ebreshi\u201d<\/p>\n<p>\u201cRrug\u00ebtimi i nj\u00eb Arb\u00ebreshi\u201d \u00ebsht\u00eb libri i autores Ornela Radovicka mbi jet\u00ebn dhe veprimtarin\u00eb e arb\u00ebreshit At Antonio Bellusci i publikuar nga shoqata \u201cPal Engj<span>\u00eblli\u201d.<\/span><br \/>\n<span>Z. Bellusci me arkivin e tij krijoi nj\u00eb tablo t\u00eb pasur mbi jet\u00ebn reale t\u00eb arb\u00ebresh\u00ebve t\u00eb Kalabris\u00eb dhe arb\u00ebror\u00ebve arvanitas, luftoi p\u00ebr \u00e7\u00ebshtjen e pavar\u00ebsis\u00eb s\u00eb Kosov\u00ebs dhe si misionar p\u00ebr ruajtjen e gjuh\u00ebs dhe identitetit arb\u00ebror. Vepra e tij \u00ebsht\u00eb d\u00ebshmi e gjall\u00eb gojore, etnografike, letrare, folklorike arb\u00ebreshe e arvanitase. Ai ishte themelues i revist\u00ebs \u201cLidhja\u201d, an\u00ebtar i lobit Shqiptaro-Amerian dhe punoi n\u00eb mjediset arvanitase p\u00ebr mbi 40 vjet. Gjat\u00eb udh\u00ebtimeve in\u00e7izoi lirikat e dashuris\u00eb dhe familjare, k\u00ebng\u00ebt popullore, m\u00ebnyr\u00ebn e jetes\u00ebs, kultet, lindjet, dasmat, vajtimet arb\u00ebrore, fjal\u00eb e urta, anekdotat, ritet, mitet e veshjet popullore.<\/span><\/p>\n<p><img data-recalc-dims=\"1\" loading=\"lazy\" decoding=\"async\" data-attachment-id=\"30902\" data-permalink=\"https:\/\/www.shqiperia.com\/blog\/libri-i-ri-rrugetimi-i-nje-arbereshi\/81990873_524721771476743_801533342309679104_n\/\" data-orig-file=\"https:\/\/i0.wp.com\/www.shqiperia.com\/blog\/wp-content\/uploads\/2020\/01\/81990873_524721771476743_801533342309679104_n.jpg?fit=480%2C524&amp;ssl=1\" data-orig-size=\"480,524\" data-comments-opened=\"1\" data-image-meta=\"{&quot;aperture&quot;:&quot;0&quot;,&quot;credit&quot;:&quot;&quot;,&quot;camera&quot;:&quot;&quot;,&quot;caption&quot;:&quot;&quot;,&quot;created_timestamp&quot;:&quot;0&quot;,&quot;copyright&quot;:&quot;&quot;,&quot;focal_length&quot;:&quot;0&quot;,&quot;iso&quot;:&quot;0&quot;,&quot;shutter_speed&quot;:&quot;0&quot;,&quot;title&quot;:&quot;&quot;,&quot;orientation&quot;:&quot;0&quot;}\" data-image-title=\"81990873_524721771476743_801533342309679104_n\" data-image-description=\"\" data-image-caption=\"\" data-medium-file=\"https:\/\/i0.wp.com\/www.shqiperia.com\/blog\/wp-content\/uploads\/2020\/01\/81990873_524721771476743_801533342309679104_n.jpg?fit=275%2C300&amp;ssl=1\" data-large-file=\"https:\/\/i0.wp.com\/www.shqiperia.com\/blog\/wp-content\/uploads\/2020\/01\/81990873_524721771476743_801533342309679104_n.jpg?fit=480%2C524&amp;ssl=1\" class=\"alignnone  wp-image-30902\" alt=\"\" src=\"https:\/\/i0.wp.com\/www.shqiperia.com\/blog\/wp-content\/uploads\/2020\/01\/81990873_524721771476743_801533342309679104_n.jpg?resize=508%2C554&#038;ssl=1\" width=\"508\" height=\"554\" srcset=\"https:\/\/i0.wp.com\/www.shqiperia.com\/blog\/wp-content\/uploads\/2020\/01\/81990873_524721771476743_801533342309679104_n.jpg?resize=275%2C300&amp;ssl=1 275w, https:\/\/i0.wp.com\/www.shqiperia.com\/blog\/wp-content\/uploads\/2020\/01\/81990873_524721771476743_801533342309679104_n.jpg?resize=450%2C491&amp;ssl=1 450w, https:\/\/i0.wp.com\/www.shqiperia.com\/blog\/wp-content\/uploads\/2020\/01\/81990873_524721771476743_801533342309679104_n.jpg?resize=400%2C437&amp;ssl=1 400w, https:\/\/i0.wp.com\/www.shqiperia.com\/blog\/wp-content\/uploads\/2020\/01\/81990873_524721771476743_801533342309679104_n.jpg?w=480&amp;ssl=1 480w\" sizes=\"auto, (max-width: 508px) 100vw, 508px\" \/><br \/>\n<span>\u201cBota arb\u00ebrore dhe ajo arvanitase ishin sikur t\u00eb lexoje t\u00eb nj\u00ebjtin lib\u00ebr\u201d, \u00ebsht\u00eb shprehur z. Bellusci.<\/span><\/p>\n","protected":false},"excerpt":{"rendered":"<p>Libri i Ri: \u201cRrug\u00ebtimi i nj\u00eb Arb\u00ebreshi\u201d \u201cRrug\u00ebtimi i nj\u00eb Arb\u00ebreshi\u201d \u00ebsht\u00eb libri i autores Ornela Radovicka mbi jet\u00ebn dhe veprimtarin\u00eb e arb\u00ebreshit At Antonio Bellusci i publikuar nga shoqata \u201cPal Engj\u00eblli\u201d. Z. Bellusci me arkivin e tij krijoi nj\u00eb tablo t\u00eb pasur mbi jet\u00ebn reale t\u00eb arb\u00ebresh\u00ebve t\u00eb Kalabris\u00eb dhe arb\u00ebror\u00ebve arvanitas, luftoi p\u00ebr [&hellip;]<\/p>\n","protected":false},"author":9,"featured_media":30901,"comment_status":"open","ping_status":"open","sticky":false,"template":"","format":"standard","meta":{"jetpack_post_was_ever_published":false,"_jetpack_newsletter_access":"","_jetpack_dont_email_post_to_subs":false,"_jetpack_newsletter_tier_id":0,"_jetpack_memberships_contains_paywalled_content":false,"_jetpack_memberships_contains_paid_content":false,"footnotes":"","jetpack_publicize_message":"","jetpack_publicize_feature_enabled":true,"jetpack_social_post_already_shared":true,"jetpack_social_options":{"image_generator_settings":{"template":"highway","default_image_id":0,"font":"","enabled":false},"version":2}},"categories":[85,10,35],"tags":[],"class_list":["post-30900","post","type-post","status-publish","format-standard","has-post-thumbnail","hentry","category-histori","category-kultura","category-shoqerore"],"jetpack_publicize_connections":[],"jetpack_featured_media_url":"https:\/\/i0.wp.com\/www.shqiperia.com\/blog\/wp-content\/uploads\/2020\/01\/81203748_524721774810076_5138133749174632448_n.jpg?fit=480%2C286&ssl=1","jetpack_sharing_enabled":true,"jetpack_shortlink":"https:\/\/wp.me\/p5Z6wp-82o","jetpack-related-posts":[{"id":82012,"url":"https:\/\/www.shqiperia.com\/blog\/antonio-bellusci-zeri-i-arberesheve-e-arvanitasve-miku-i-te-gjitheve\/","url_meta":{"origin":30900,"position":0},"title":"Antonio Bellusci \u2013 Z\u00ebri i arb\u00ebresh\u00ebve e arvanitasve, miku i t\u00eb gjith\u00ebve","author":"Kurt Farka","date":"June 21, 2024","format":false,"excerpt":"21 Qershor 2024 Antonio Bellusci qe prift arb\u00ebresh, gazetar, shkrimtar, pedagog, etnolog (N\u00eb foto: Bellusci n\u00eb shtator t\u00eb vitit 2018, gjat\u00eb intervist\u00ebs p\u00ebr \u201cKoh\u00ebn Ditore) Adresa e tij nuk ishte thjesht e nj\u00eb prifti a studiuesi, por adres\u00eb e arb\u00ebresh\u00ebve, pasi ata q\u00eb ia m\u00ebsynin asaj ane i vinte n\u00eb\u2026","rel":"","context":"In &quot;Blogu i Udh\u00ebtarit&quot;","block_context":{"text":"Blogu i Udh\u00ebtarit","link":"https:\/\/www.shqiperia.com\/blog\/category\/blogu-i-udhetarit\/"},"img":{"alt_text":"","src":"https:\/\/i0.wp.com\/www.shqiperia.com\/blog\/wp-content\/uploads\/2024\/06\/Antonio-Bellushi.jpg?fit=819%2C550&ssl=1&resize=350%2C200","width":350,"height":200,"srcset":"https:\/\/i0.wp.com\/www.shqiperia.com\/blog\/wp-content\/uploads\/2024\/06\/Antonio-Bellushi.jpg?fit=819%2C550&ssl=1&resize=350%2C200 1x, https:\/\/i0.wp.com\/www.shqiperia.com\/blog\/wp-content\/uploads\/2024\/06\/Antonio-Bellushi.jpg?fit=819%2C550&ssl=1&resize=525%2C300 1.5x, https:\/\/i0.wp.com\/www.shqiperia.com\/blog\/wp-content\/uploads\/2024\/06\/Antonio-Bellushi.jpg?fit=819%2C550&ssl=1&resize=700%2C400 2x"},"classes":[]},{"id":39547,"url":"https:\/\/www.shqiperia.com\/blog\/shtator-1909-arbereshi-nilo-borgia-hapte-shtypshkronjen-e-pare-ne-grottaferrata\/","url_meta":{"origin":30900,"position":1},"title":"Shtator 1909, arb\u00ebreshi Nilo Borgia hapte shtypshkronj\u00ebn e par\u00eb n\u00eb Grottaferrata","author":"Kurt Farka","date":"October 11, 2020","format":false,"excerpt":"Shtator 1909, arb\u00ebreshi Nilo Borgia hapte shtypshkronj\u00ebn e par\u00eb n\u00eb Grottaferrata 111 vjet m\u00eb par\u00eb n\u00eb shtator t\u00eb vitit 1909 hapej p\u00ebr her\u00eb t\u00eb par\u00eb \u00a0nj\u00eb shtypshkronj\u00eb me emrin \u201cSan Nilo\u201d, n\u00eb manastirin e Grottaferrata-s, nj\u00eb nga qendrat kryesore kulturore t\u00eb ritit bizantin dhe pika e referimit p\u00ebr Arb\u00ebresh\u00ebt e\u2026","rel":"","context":"In &quot;Blogu i Udh\u00ebtarit&quot;","block_context":{"text":"Blogu i Udh\u00ebtarit","link":"https:\/\/www.shqiperia.com\/blog\/category\/blogu-i-udhetarit\/"},"img":{"alt_text":"","src":"https:\/\/i0.wp.com\/www.shqiperia.com\/blog\/wp-content\/uploads\/2020\/10\/auto_aa1600085416.jpg?fit=850%2C440&ssl=1&resize=350%2C200","width":350,"height":200,"srcset":"https:\/\/i0.wp.com\/www.shqiperia.com\/blog\/wp-content\/uploads\/2020\/10\/auto_aa1600085416.jpg?fit=850%2C440&ssl=1&resize=350%2C200 1x, https:\/\/i0.wp.com\/www.shqiperia.com\/blog\/wp-content\/uploads\/2020\/10\/auto_aa1600085416.jpg?fit=850%2C440&ssl=1&resize=525%2C300 1.5x, https:\/\/i0.wp.com\/www.shqiperia.com\/blog\/wp-content\/uploads\/2020\/10\/auto_aa1600085416.jpg?fit=850%2C440&ssl=1&resize=700%2C400 2x"},"classes":[]},{"id":92451,"url":"https:\/\/www.shqiperia.com\/blog\/berisha-sonte-ora-1900-tek-bulevardi-i-ri-bashkohu-permbylljes-se-nje-rrugetimi-historik-drejt-misionit-per-shqiperine-madheshtore\/","url_meta":{"origin":30900,"position":2},"title":"Berisha: &#8211; Sonte, ora 19:00 tek Bulevardi i Ri bashkohu p\u00ebrmbylljes s\u00eb nj\u00eb rrug\u00ebtimi historik, drejt misionit p\u00ebr \u2018Shqip\u00ebrin\u00eb Madh\u00ebshtore\u2019","author":"Kurt Farka","date":"May 9, 2025","format":false,"excerpt":"9 Maji 2025 Partia Demokratike dhe ASHM mbyllin sot fushat\u00ebn elektorale p\u00ebr zgjedhjet q\u00eb do t\u00eb mbahen k\u00ebt\u00eb t\u00eb diel\u00eb. Lideri i opozit\u00ebs Sali Berisha ka ndar\u00eb n\u00eb faqen e tij n\u00eb facebook njoftimin p\u00ebr k\u00ebt\u00eb takim madh\u00ebshtor. \u201cSonte, ora 19:00 tek Bulevardi i Ri bashkohu p\u00ebrmbylljes s\u00eb nj\u00eb rrug\u00ebtimi\u2026","rel":"","context":"In &quot;Blogu i Udh\u00ebtarit&quot;","block_context":{"text":"Blogu i Udh\u00ebtarit","link":"https:\/\/www.shqiperia.com\/blog\/category\/blogu-i-udhetarit\/"},"img":{"alt_text":"","src":"https:\/\/i0.wp.com\/www.shqiperia.com\/blog\/wp-content\/uploads\/2025\/05\/auto_auto_ba13baff-9049-496c-ba09-41d24e3314c117443967771746774478.jpg?fit=900%2C556&ssl=1&resize=350%2C200","width":350,"height":200,"srcset":"https:\/\/i0.wp.com\/www.shqiperia.com\/blog\/wp-content\/uploads\/2025\/05\/auto_auto_ba13baff-9049-496c-ba09-41d24e3314c117443967771746774478.jpg?fit=900%2C556&ssl=1&resize=350%2C200 1x, https:\/\/i0.wp.com\/www.shqiperia.com\/blog\/wp-content\/uploads\/2025\/05\/auto_auto_ba13baff-9049-496c-ba09-41d24e3314c117443967771746774478.jpg?fit=900%2C556&ssl=1&resize=525%2C300 1.5x, https:\/\/i0.wp.com\/www.shqiperia.com\/blog\/wp-content\/uploads\/2025\/05\/auto_auto_ba13baff-9049-496c-ba09-41d24e3314c117443967771746774478.jpg?fit=900%2C556&ssl=1&resize=700%2C400 2x"},"classes":[]},{"id":73890,"url":"https:\/\/www.shqiperia.com\/blog\/babai-i-robotikes-ismail-al-jazari-1136-1206\/","url_meta":{"origin":30900,"position":3},"title":"BABAI I ROBOTIK\u00cbS: ISMAIL AL-JAZARI (1136\u20131206)","author":"Kurt Farka","date":"August 25, 2023","format":false,"excerpt":"25 Gusht 2023 Ismail Al-Jazari ishte nj\u00eb polimath: nj\u00eb dijetar, shpik\u00ebs, inxhinier mekanik, artizan, artist dhe matematikan nga Dinastia Artuqid e Jazir\u00ebs n\u00eb Mesopotami. \u2018Libri i njohurive t\u00eb pajisjeve mekanike ingjeniale\u2019 \u00ebsht\u00eb nj\u00eb lib\u00ebr mesjetar arabisht i shkruar nga Ismail al-Jazari n\u00eb shekullin e 12-t\u00eb. Ai p\u00ebrshkruan mbi pes\u00ebdhjet\u00eb pajisje\u2026","rel":"","context":"In &quot;Blogu i Udh\u00ebtarit&quot;","block_context":{"text":"Blogu i Udh\u00ebtarit","link":"https:\/\/www.shqiperia.com\/blog\/category\/blogu-i-udhetarit\/"},"img":{"alt_text":"","src":"https:\/\/i0.wp.com\/www.shqiperia.com\/blog\/wp-content\/uploads\/2023\/08\/369026920_685728623590135_856726335786743880_n-1.jpg?fit=526%2C344&ssl=1&resize=350%2C200","width":350,"height":200,"srcset":"https:\/\/i0.wp.com\/www.shqiperia.com\/blog\/wp-content\/uploads\/2023\/08\/369026920_685728623590135_856726335786743880_n-1.jpg?fit=526%2C344&ssl=1&resize=350%2C200 1x, https:\/\/i0.wp.com\/www.shqiperia.com\/blog\/wp-content\/uploads\/2023\/08\/369026920_685728623590135_856726335786743880_n-1.jpg?fit=526%2C344&ssl=1&resize=525%2C300 1.5x"},"classes":[]},{"id":5566,"url":"https:\/\/www.shqiperia.com\/blog\/libri-ri-nga-stalini-te-mao-shqiperia-dhe-bota-socialiste\/","url_meta":{"origin":30900,"position":4},"title":"Libri I Ri: -\u201cNga Stalini te Mao, Shqip\u00ebria dhe Bota Socialiste\u201d. &#8211;","author":"Kurt Farka","date":"March 25, 2018","format":false,"excerpt":"Promovohet n\u00eb Washington libri \u201cNga Stalini te Mao, Shqip\u00ebria dhe Bota Socialiste\u201d, e studiuesit shqiptar Elidor M\u00ebhilli, ku ende nuk shteron interesi mbi specifikat e komunizmit n\u00eb Shqip\u00ebri dhe dinamikat q\u00eb ndikuan tek aleancat nd\u00ebrkomb\u00ebtare t\u00eb vendit ton\u00eb. Libri pritet t\u00eb p\u00ebrkthehet s\u00eb shpejti edhe n\u00eb shqip Rrethanat, ngjarjet dhe\u2026","rel":"","context":"In &quot;Kultura&quot;","block_context":{"text":"Kultura","link":"https:\/\/www.shqiperia.com\/blog\/category\/kultura\/"},"img":{"alt_text":"","src":"https:\/\/i0.wp.com\/www.shqiperia.com\/blog\/wp-content\/uploads\/2018\/03\/Elidor-M%C3%ABhilli-Nga-Stalini-te-Mao-Copy.jpg?resize=350%2C200","width":350,"height":200},"classes":[]},{"id":11525,"url":"https:\/\/www.shqiperia.com\/blog\/motive-arvanitase-ne-tablone-tezeu-dhe-minotauri-nga-nikos-egonopulos\/","url_meta":{"origin":30900,"position":5},"title":"Motive arvanitase n\u00eb tablon\u00eb &#8220;Tezeu dhe Minotauri&#8221; nga Nikos Egonopulos. &#8211;","author":"Kurt Farka","date":"September 14, 2018","format":false,"excerpt":"Motive arvanitase n\u00eb tablon\u00eb \"Tezeu dhe Minotauri\" nga Nikos Egonopulos. - Nga: Dorian Koci N\u00eb tablon\u00eb \"Tezeu dhe Minotauri\", e cila \u00ebsht\u00eb bazuar ne mitin e njohur te Tezeut q\u00eb vret Minotaurin ne Kret\u00eb. Piktura ne fakt q\u00eb n\u00eb pamje t\u00eb par\u00eb mund t\u00eb evidentohet leht\u00eb q\u00eb s\u2019 ka lidhje\u2026","rel":"","context":"In &quot;Blogu i Udh\u00ebtarit&quot;","block_context":{"text":"Blogu i Udh\u00ebtarit","link":"https:\/\/www.shqiperia.com\/blog\/category\/blogu-i-udhetarit\/"},"img":{"alt_text":"","src":"https:\/\/i0.wp.com\/www.shqiperia.com\/blog\/wp-content\/uploads\/2018\/09\/Tezeu-dhe-Minotauri-Copy.jpg?fit=542%2C329&ssl=1&resize=350%2C200","width":350,"height":200,"srcset":"https:\/\/i0.wp.com\/www.shqiperia.com\/blog\/wp-content\/uploads\/2018\/09\/Tezeu-dhe-Minotauri-Copy.jpg?fit=542%2C329&ssl=1&resize=350%2C200 1x, https:\/\/i0.wp.com\/www.shqiperia.com\/blog\/wp-content\/uploads\/2018\/09\/Tezeu-dhe-Minotauri-Copy.jpg?fit=542%2C329&ssl=1&resize=525%2C300 1.5x"},"classes":[]}],"_links":{"self":[{"href":"https:\/\/www.shqiperia.com\/blog\/wp-json\/wp\/v2\/posts\/30900","targetHints":{"allow":["GET"]}}],"collection":[{"href":"https:\/\/www.shqiperia.com\/blog\/wp-json\/wp\/v2\/posts"}],"about":[{"href":"https:\/\/www.shqiperia.com\/blog\/wp-json\/wp\/v2\/types\/post"}],"author":[{"embeddable":true,"href":"https:\/\/www.shqiperia.com\/blog\/wp-json\/wp\/v2\/users\/9"}],"replies":[{"embeddable":true,"href":"https:\/\/www.shqiperia.com\/blog\/wp-json\/wp\/v2\/comments?post=30900"}],"version-history":[{"count":1,"href":"https:\/\/www.shqiperia.com\/blog\/wp-json\/wp\/v2\/posts\/30900\/revisions"}],"predecessor-version":[{"id":30903,"href":"https:\/\/www.shqiperia.com\/blog\/wp-json\/wp\/v2\/posts\/30900\/revisions\/30903"}],"wp:featuredmedia":[{"embeddable":true,"href":"https:\/\/www.shqiperia.com\/blog\/wp-json\/wp\/v2\/media\/30901"}],"wp:attachment":[{"href":"https:\/\/www.shqiperia.com\/blog\/wp-json\/wp\/v2\/media?parent=30900"}],"wp:term":[{"taxonomy":"category","embeddable":true,"href":"https:\/\/www.shqiperia.com\/blog\/wp-json\/wp\/v2\/categories?post=30900"},{"taxonomy":"post_tag","embeddable":true,"href":"https:\/\/www.shqiperia.com\/blog\/wp-json\/wp\/v2\/tags?post=30900"}],"curies":[{"name":"wp","href":"https:\/\/api.w.org\/{rel}","templated":true}]}}