{"id":30895,"date":"2020-01-31T12:23:44","date_gmt":"2020-01-31T12:23:44","guid":{"rendered":"https:\/\/www.shqiperia.com\/blog\/?p=30895"},"modified":"2020-01-31T12:23:44","modified_gmt":"2020-01-31T12:23:44","slug":"librii-i-ri-i-ismet-bales-nje-jete-bashke","status":"publish","type":"post","link":"https:\/\/www.shqiperia.com\/blog\/librii-i-ri-i-ismet-bales-nje-jete-bashke\/","title":{"rendered":"Librii i Ri i Ismet Bales: &#8220;Nje jete bashke&#8221;."},"content":{"rendered":"<p><img data-recalc-dims=\"1\" loading=\"lazy\" decoding=\"async\" data-attachment-id=\"30896\" data-permalink=\"https:\/\/www.shqiperia.com\/blog\/librii-i-ri-i-ismet-bales-nje-jete-bashke\/ismet-balaj-dhe-muharrem-neziri-2\/\" data-orig-file=\"https:\/\/i0.wp.com\/www.shqiperia.com\/blog\/wp-content\/uploads\/2020\/01\/Ismet-Balaj-dhe-Muharrem-Neziri-2.jpg?fit=705%2C390&amp;ssl=1\" data-orig-size=\"705,390\" data-comments-opened=\"1\" data-image-meta=\"{&quot;aperture&quot;:&quot;0&quot;,&quot;credit&quot;:&quot;&quot;,&quot;camera&quot;:&quot;&quot;,&quot;caption&quot;:&quot;&quot;,&quot;created_timestamp&quot;:&quot;0&quot;,&quot;copyright&quot;:&quot;&quot;,&quot;focal_length&quot;:&quot;0&quot;,&quot;iso&quot;:&quot;0&quot;,&quot;shutter_speed&quot;:&quot;0&quot;,&quot;title&quot;:&quot;&quot;,&quot;orientation&quot;:&quot;0&quot;}\" data-image-title=\"Ismet Balaj dhe Muharrem Neziri (2)\" data-image-description=\"\" data-image-caption=\"\" data-medium-file=\"https:\/\/i0.wp.com\/www.shqiperia.com\/blog\/wp-content\/uploads\/2020\/01\/Ismet-Balaj-dhe-Muharrem-Neziri-2.jpg?fit=300%2C166&amp;ssl=1\" data-large-file=\"https:\/\/i0.wp.com\/www.shqiperia.com\/blog\/wp-content\/uploads\/2020\/01\/Ismet-Balaj-dhe-Muharrem-Neziri-2.jpg?fit=705%2C390&amp;ssl=1\" class=\"alignnone  wp-image-30896\" alt=\"\" src=\"https:\/\/i0.wp.com\/www.shqiperia.com\/blog\/wp-content\/uploads\/2020\/01\/Ismet-Balaj-dhe-Muharrem-Neziri-2.jpg?resize=466%2C258&#038;ssl=1\" width=\"466\" height=\"258\" srcset=\"https:\/\/i0.wp.com\/www.shqiperia.com\/blog\/wp-content\/uploads\/2020\/01\/Ismet-Balaj-dhe-Muharrem-Neziri-2.jpg?resize=300%2C166&amp;ssl=1 300w, https:\/\/i0.wp.com\/www.shqiperia.com\/blog\/wp-content\/uploads\/2020\/01\/Ismet-Balaj-dhe-Muharrem-Neziri-2.jpg?resize=450%2C249&amp;ssl=1 450w, https:\/\/i0.wp.com\/www.shqiperia.com\/blog\/wp-content\/uploads\/2020\/01\/Ismet-Balaj-dhe-Muharrem-Neziri-2.jpg?resize=600%2C332&amp;ssl=1 600w, https:\/\/i0.wp.com\/www.shqiperia.com\/blog\/wp-content\/uploads\/2020\/01\/Ismet-Balaj-dhe-Muharrem-Neziri-2.jpg?resize=400%2C221&amp;ssl=1 400w, https:\/\/i0.wp.com\/www.shqiperia.com\/blog\/wp-content\/uploads\/2020\/01\/Ismet-Balaj-dhe-Muharrem-Neziri-2.jpg?w=705&amp;ssl=1 705w\" sizes=\"auto, (max-width: 466px) 100vw, 466px\" \/><\/p>\n<p>Librii i Ri i Ismet Bales: &#8220;Nje jete bashke&#8221;.<\/p>\n<p>Libri , botim 2019:&#8221;Nje jete bashke&#8221; I autorit Ismet Balaj pasqyron ne forme kujtimesh momentet kryesore te jetes sone (Ismet Balaj e Muharrem Neziri) qe nga Shkolla e Mesme &#8220;Ndrec Ndue Gjoka&#8221; Tirane me 1952 e ne vijim deri me (2019); si shkollimi, fejesa, martesa, gezime, hidherime, fatekeqesi te jetes, puna profesionale per mesimin dhe edukimin e brezave te rinj, raportet e marredhenieve tona vellazerore familjare, shoqerore, politike e tj qe na ka sjelle jeta dhe qendrimi ndaj tyre<span>; jeta ne pension ne Tirane dhe vazhdimi i nje jete te perbashket per problemet qe ka shtruar e shtron jeta edhe ne ditet e sotme.<\/span><\/p>\n<p><img data-recalc-dims=\"1\" loading=\"lazy\" decoding=\"async\" data-attachment-id=\"30898\" data-permalink=\"https:\/\/www.shqiperia.com\/blog\/librii-i-ri-i-ismet-bales-nje-jete-bashke\/ismet-balaj-dhe-muharrem-neziri-3\/\" data-orig-file=\"https:\/\/i0.wp.com\/www.shqiperia.com\/blog\/wp-content\/uploads\/2020\/01\/Ismet-Balaj-dhe-Muharrem-Neziri-1.jpg?fit=694%2C940&amp;ssl=1\" data-orig-size=\"694,940\" data-comments-opened=\"1\" data-image-meta=\"{&quot;aperture&quot;:&quot;0&quot;,&quot;credit&quot;:&quot;&quot;,&quot;camera&quot;:&quot;&quot;,&quot;caption&quot;:&quot;&quot;,&quot;created_timestamp&quot;:&quot;0&quot;,&quot;copyright&quot;:&quot;&quot;,&quot;focal_length&quot;:&quot;0&quot;,&quot;iso&quot;:&quot;0&quot;,&quot;shutter_speed&quot;:&quot;0&quot;,&quot;title&quot;:&quot;&quot;,&quot;orientation&quot;:&quot;0&quot;}\" data-image-title=\"Ismet Balaj dhe Muharrem Neziri\" data-image-description=\"\" data-image-caption=\"\" data-medium-file=\"https:\/\/i0.wp.com\/www.shqiperia.com\/blog\/wp-content\/uploads\/2020\/01\/Ismet-Balaj-dhe-Muharrem-Neziri-1.jpg?fit=221%2C300&amp;ssl=1\" data-large-file=\"https:\/\/i0.wp.com\/www.shqiperia.com\/blog\/wp-content\/uploads\/2020\/01\/Ismet-Balaj-dhe-Muharrem-Neziri-1.jpg?fit=694%2C940&amp;ssl=1\" class=\"alignnone  wp-image-30898\" alt=\"\" src=\"https:\/\/i0.wp.com\/www.shqiperia.com\/blog\/wp-content\/uploads\/2020\/01\/Ismet-Balaj-dhe-Muharrem-Neziri-1.jpg?resize=511%2C694&#038;ssl=1\" width=\"511\" height=\"694\" srcset=\"https:\/\/i0.wp.com\/www.shqiperia.com\/blog\/wp-content\/uploads\/2020\/01\/Ismet-Balaj-dhe-Muharrem-Neziri-1.jpg?resize=221%2C300&amp;ssl=1 221w, https:\/\/i0.wp.com\/www.shqiperia.com\/blog\/wp-content\/uploads\/2020\/01\/Ismet-Balaj-dhe-Muharrem-Neziri-1.jpg?resize=450%2C610&amp;ssl=1 450w, https:\/\/i0.wp.com\/www.shqiperia.com\/blog\/wp-content\/uploads\/2020\/01\/Ismet-Balaj-dhe-Muharrem-Neziri-1.jpg?resize=400%2C542&amp;ssl=1 400w\" sizes=\"auto, (max-width: 511px) 100vw, 511px\" \/><\/p>\n<p><span> Ky liber synon t`u lene edhe brezave te ardhshem nje kujtim se paskan qene dy djem, nxenes, kuadro, intelektuale prej viteve pesedhjete te shekullit XX e deri ne fund te jetes se tyre, qe, ndonese nga rrethe te ndryshme, koha e ndryshimeve e zhvillimeve te medha e te jashtezakonshme, i bashkoi ne pune e ne jete dhe ata e trajtuan njeri-tjetrin si vellezer te vertete, te cilet nuk u ndane sa ishin gjalle.<\/span><\/p>\n","protected":false},"excerpt":{"rendered":"<p>Librii i Ri i Ismet Bales: &#8220;Nje jete bashke&#8221;. Libri , botim 2019:&#8221;Nje jete bashke&#8221; I autorit Ismet Balaj pasqyron ne forme kujtimesh momentet kryesore te jetes sone (Ismet Balaj e Muharrem Neziri) qe nga Shkolla e Mesme &#8220;Ndrec Ndue Gjoka&#8221; Tirane me 1952 e ne vijim deri me (2019); si shkollimi, fejesa, martesa, gezime, [&hellip;]<\/p>\n","protected":false},"author":9,"featured_media":30896,"comment_status":"open","ping_status":"open","sticky":false,"template":"","format":"standard","meta":{"jetpack_post_was_ever_published":false,"_jetpack_newsletter_access":"","_jetpack_dont_email_post_to_subs":false,"_jetpack_newsletter_tier_id":0,"_jetpack_memberships_contains_paywalled_content":false,"_jetpack_memberships_contains_paid_content":false,"footnotes":"","jetpack_publicize_message":"","jetpack_publicize_feature_enabled":true,"jetpack_social_post_already_shared":true,"jetpack_social_options":{"image_generator_settings":{"template":"highway","default_image_id":0,"font":"","enabled":false},"version":2}},"categories":[27,10],"tags":[],"class_list":["post-30895","post","type-post","status-publish","format-standard","has-post-thumbnail","hentry","category-blogu-i-udhetarit","category-kultura"],"jetpack_publicize_connections":[],"jetpack_featured_media_url":"https:\/\/i0.wp.com\/www.shqiperia.com\/blog\/wp-content\/uploads\/2020\/01\/Ismet-Balaj-dhe-Muharrem-Neziri-2.jpg?fit=705%2C390&ssl=1","jetpack_sharing_enabled":true,"jetpack_shortlink":"https:\/\/wp.me\/p5Z6wp-82j","jetpack-related-posts":[{"id":35507,"url":"https:\/\/www.shqiperia.com\/blog\/ne-83-vjetorin-e-lindjes-luan-rama-dedikim-per-ismet-pejen-monument-i-gjalle-i-kenges-popullore\/","url_meta":{"origin":30895,"position":0},"title":"Ne 83 vjetorin e lindjes, Luan Rama dedikim p\u00ebr Ismet Pej\u00ebn: Monument i gjall\u00eb i k\u00ebng\u00ebs popullore!","author":"Kurt Farka","date":"June 7, 2020","format":false,"excerpt":"Ne 83 vjetorin e lindjes, Luan Rama dedikim p\u00ebr Ismet Pej\u00ebn: Monument i gjall\u00eb i k\u00ebng\u00ebs popullore! 25 Prill 2020 Figura e njohur e muzik\u00ebs popullore qytetare, Ismet Peja feston sot 83 vjetorin e lindjes. Z\u00ebvend\u00ebskryetari i LSI-s\u00eb, Luan Rama e ka uruar p\u00ebrmes nj\u00eb postimi n\u00eb rrjetet sociale, ku\u2026","rel":"","context":"In &quot;Histori&quot;","block_context":{"text":"Histori","link":"https:\/\/www.shqiperia.com\/blog\/category\/histori\/"},"img":{"alt_text":"","src":"https:\/\/i0.wp.com\/www.shqiperia.com\/blog\/wp-content\/uploads\/2020\/06\/Kengetar-Ismet-Peja-1.jpg?fit=439%2C241&ssl=1&resize=350%2C200","width":350,"height":200},"classes":[]},{"id":44140,"url":"https:\/\/www.shqiperia.com\/blog\/nga-jeta-aktori-i-njohur-shqiptar-andon-qezari\/","url_meta":{"origin":30895,"position":1},"title":"Nga jeta aktori i njohur shqiptar: Andon Qezari","author":"Kurt Farka","date":"February 13, 2021","format":false,"excerpt":"Nga jeta aktori i njohur shqiptar: Andon Qezari 13 SHKURT 2021 Ka nd\u00ebrruar jet\u00eb n\u00eb mosh\u00ebn 78-vje\u00e7ari aktori i njohur, Andon Qesari. Ai u nda nga jeta pas nj\u00eb s\u00ebmundje t\u00eb gjat\u00eb, e cila e kishte r\u00ebnduar shum\u00eb n\u00eb vitin e fundit. Ka qen\u00eb djali i tij, Redon Qesari, ai\u2026","rel":"","context":"In &quot;Arte&quot;","block_context":{"text":"Arte","link":"https:\/\/www.shqiperia.com\/blog\/category\/arte\/"},"img":{"alt_text":"","src":"https:\/\/i0.wp.com\/www.shqiperia.com\/blog\/wp-content\/uploads\/2021\/02\/640-0-6027b16edd4c6.png?fit=640%2C379&ssl=1&resize=350%2C200","width":350,"height":200,"srcset":"https:\/\/i0.wp.com\/www.shqiperia.com\/blog\/wp-content\/uploads\/2021\/02\/640-0-6027b16edd4c6.png?fit=640%2C379&ssl=1&resize=350%2C200 1x, https:\/\/i0.wp.com\/www.shqiperia.com\/blog\/wp-content\/uploads\/2021\/02\/640-0-6027b16edd4c6.png?fit=640%2C379&ssl=1&resize=525%2C300 1.5x"},"classes":[]},{"id":12852,"url":"https:\/\/www.shqiperia.com\/blog\/monumente-kulla-e-ismet-cmeges-rahovec-kosove\/","url_meta":{"origin":30895,"position":2},"title":"Monumente- Kulla e Ismet \u00c7meg\u00ebs, -Rahovec, Kosove. &#8211;","author":"Kurt Farka","date":"October 22, 2018","format":false,"excerpt":"Kulla e Ismet \u00c7meg\u00ebs, -Rahovec, Kosove. - Kulla e Ismet \u00c7meg\u00ebs gjendet n\u00eb qendr\u00ebn e vjet\u00ebr t\u00eb Rahovecit,n\u00eb sheshin \u201cVrella\u201d. \u00cbsht\u00eb nd\u00ebrtuar gjat\u00eb shek. XIX nga ana e Dervish Meriqit, kurse tani \u00ebsht\u00eb n\u00eb pron\u00ebsi t\u00eb familjes \u00c7mega. Nd\u00ebrtesa i ka ve\u00e7orit\u00eb karakteristike t\u00eb kullave q\u00eb jan\u00eb nd\u00ebrtuar gjat\u00eb shek.\u2026","rel":"","context":"In &quot;Histori&quot;","block_context":{"text":"Histori","link":"https:\/\/www.shqiperia.com\/blog\/category\/histori\/"},"img":{"alt_text":"","src":"https:\/\/i0.wp.com\/www.shqiperia.com\/blog\/wp-content\/uploads\/2018\/10\/3.-Kulla-para-restaurimit_2013.jpg?fit=1200%2C592&ssl=1&resize=350%2C200","width":350,"height":200,"srcset":"https:\/\/i0.wp.com\/www.shqiperia.com\/blog\/wp-content\/uploads\/2018\/10\/3.-Kulla-para-restaurimit_2013.jpg?fit=1200%2C592&ssl=1&resize=350%2C200 1x, https:\/\/i0.wp.com\/www.shqiperia.com\/blog\/wp-content\/uploads\/2018\/10\/3.-Kulla-para-restaurimit_2013.jpg?fit=1200%2C592&ssl=1&resize=525%2C300 1.5x, https:\/\/i0.wp.com\/www.shqiperia.com\/blog\/wp-content\/uploads\/2018\/10\/3.-Kulla-para-restaurimit_2013.jpg?fit=1200%2C592&ssl=1&resize=700%2C400 2x, https:\/\/i0.wp.com\/www.shqiperia.com\/blog\/wp-content\/uploads\/2018\/10\/3.-Kulla-para-restaurimit_2013.jpg?fit=1200%2C592&ssl=1&resize=1050%2C600 3x"},"classes":[]},{"id":84701,"url":"https:\/\/www.shqiperia.com\/blog\/biblioteka-kombetare-ne-gjendje-kritike-gonxhja-nuk-do-shkaterrohet-prane-gardes-biblioteka-e-re\/","url_meta":{"origin":30895,"position":3},"title":"Biblioteka Komb\u00ebtare n\u00eb gjendje kritike, Gonxhja: &#8211; Nuk do shkat\u00ebrrohet, pran\u00eb gard\u00ebs biblioteka e re","author":"Kurt Farka","date":"September 19, 2024","format":false,"excerpt":"19 Shtator 2024 Nga Julia Vrapi Biblioteka Komb\u00ebtare e Shqip\u00ebris\u00eb ndodhet n\u00eb nj\u00eb situat\u00eb kritike. Seanca d\u00ebgjimore e Komisionit p\u00ebr Edukimin dhe Mjetet e Informimit Publik, ku ishte i pranish\u00ebm ministri i Ekonomis\u00eb, Kultur\u00ebs dhe Inovacionit Blendi Gonxhja u shoq\u00ebrua me debate p\u00ebr m\u00ebnyr\u00ebn e administrimit t\u00eb parqeve arkeologjike n\u00eb\u2026","rel":"","context":"In &quot;Blogu i Udh\u00ebtarit&quot;","block_context":{"text":"Blogu i Udh\u00ebtarit","link":"https:\/\/www.shqiperia.com\/blog\/category\/blogu-i-udhetarit\/"},"img":{"alt_text":"","src":"https:\/\/i0.wp.com\/www.shqiperia.com\/blog\/wp-content\/uploads\/2024\/09\/gonxhe.jpg?fit=837%2C534&ssl=1&resize=350%2C200","width":350,"height":200,"srcset":"https:\/\/i0.wp.com\/www.shqiperia.com\/blog\/wp-content\/uploads\/2024\/09\/gonxhe.jpg?fit=837%2C534&ssl=1&resize=350%2C200 1x, https:\/\/i0.wp.com\/www.shqiperia.com\/blog\/wp-content\/uploads\/2024\/09\/gonxhe.jpg?fit=837%2C534&ssl=1&resize=525%2C300 1.5x, https:\/\/i0.wp.com\/www.shqiperia.com\/blog\/wp-content\/uploads\/2024\/09\/gonxhe.jpg?fit=837%2C534&ssl=1&resize=700%2C400 2x"},"classes":[]},{"id":8406,"url":"https:\/\/www.shqiperia.com\/blog\/jeta-krishterim-pa-krisht-dhe-poezia-mbijetuese-e-petrit-nikes\/","url_meta":{"origin":30895,"position":4},"title":"Jeta, krisht\u00ebrim pa Krisht dhe poezia mbijetuese e Petrit Nik\u00ebs. &#8211;","author":"Kurt Farka","date":"June 5, 2018","format":false,"excerpt":"Jeta, krisht\u00ebrim pa Krisht dhe poezia mbijetuese e Petrit Nik\u00ebs. - -Re\u00e7ension mbi librin poetik \"N\u00ebn hijen e pyllit urban\" nga Akademik Moikom Zeqo Nga Moikom Zeqo N\u00ebse poezia \u201cka temperatur\u00eb\u201d, zbehet, zvet\u00ebnohet, asfiksohet, meket, ahere vdekja e saj do t\u00eb ishte vdekja e kombit, - kjo ide \u00ebsht\u00eb shprehur\u2026","rel":"","context":"In &quot;Kultura&quot;","block_context":{"text":"Kultura","link":"https:\/\/www.shqiperia.com\/blog\/category\/kultura\/"},"img":{"alt_text":"","src":"https:\/\/i0.wp.com\/www.shqiperia.com\/blog\/wp-content\/uploads\/2018\/06\/maxresdefault.jpg?fit=1200%2C650&ssl=1&resize=350%2C200","width":350,"height":200,"srcset":"https:\/\/i0.wp.com\/www.shqiperia.com\/blog\/wp-content\/uploads\/2018\/06\/maxresdefault.jpg?fit=1200%2C650&ssl=1&resize=350%2C200 1x, https:\/\/i0.wp.com\/www.shqiperia.com\/blog\/wp-content\/uploads\/2018\/06\/maxresdefault.jpg?fit=1200%2C650&ssl=1&resize=525%2C300 1.5x, https:\/\/i0.wp.com\/www.shqiperia.com\/blog\/wp-content\/uploads\/2018\/06\/maxresdefault.jpg?fit=1200%2C650&ssl=1&resize=700%2C400 2x, https:\/\/i0.wp.com\/www.shqiperia.com\/blog\/wp-content\/uploads\/2018\/06\/maxresdefault.jpg?fit=1200%2C650&ssl=1&resize=1050%2C600 3x"},"classes":[]},{"id":40156,"url":"https:\/\/www.shqiperia.com\/blog\/lajm-arkiv-faleminderit-maks-shoqeria-shqiptare-ka-nje-borxh-shume-te-madh-ndaj-teje\/","url_meta":{"origin":30895,"position":5},"title":"Lajm Arkiv: &#8211; Faleminderit, Maks. Shoq\u00ebria shqiptare ka nj\u00eb borxh shum\u00eb t\u00eb madh ndaj teje","author":"Kurt Farka","date":"October 26, 2020","format":false,"excerpt":"Lajm Arkiv: - Faleminderit, Maks. Shoq\u00ebria shqiptare ka nj\u00eb borxh shum\u00eb t\u00eb madh ndaj teje. 14\/05\/2020 \u201cAgjitacion dhe propagand\u00eb kund\u00ebr shtetit\u201d ishte d\u00ebnimi q\u00eb i mori 10 vjet jet\u00eb Maks Velos, gjat\u00eb periudh\u00ebs m\u00eb t\u00eb eg\u00ebr q\u00eb ka par\u00eb Shqip\u00ebria. Arkitekti dhe piktori, Maks Velo sot u nda nga jeta\u2026","rel":"","context":"In &quot;Histori&quot;","block_context":{"text":"Histori","link":"https:\/\/www.shqiperia.com\/blog\/category\/histori\/"},"img":{"alt_text":"","src":"https:\/\/i0.wp.com\/www.shqiperia.com\/blog\/wp-content\/uploads\/2020\/10\/maks-velo.jpg?fit=1200%2C800&ssl=1&resize=350%2C200","width":350,"height":200,"srcset":"https:\/\/i0.wp.com\/www.shqiperia.com\/blog\/wp-content\/uploads\/2020\/10\/maks-velo.jpg?fit=1200%2C800&ssl=1&resize=350%2C200 1x, https:\/\/i0.wp.com\/www.shqiperia.com\/blog\/wp-content\/uploads\/2020\/10\/maks-velo.jpg?fit=1200%2C800&ssl=1&resize=525%2C300 1.5x, https:\/\/i0.wp.com\/www.shqiperia.com\/blog\/wp-content\/uploads\/2020\/10\/maks-velo.jpg?fit=1200%2C800&ssl=1&resize=700%2C400 2x, https:\/\/i0.wp.com\/www.shqiperia.com\/blog\/wp-content\/uploads\/2020\/10\/maks-velo.jpg?fit=1200%2C800&ssl=1&resize=1050%2C600 3x"},"classes":[]}],"_links":{"self":[{"href":"https:\/\/www.shqiperia.com\/blog\/wp-json\/wp\/v2\/posts\/30895","targetHints":{"allow":["GET"]}}],"collection":[{"href":"https:\/\/www.shqiperia.com\/blog\/wp-json\/wp\/v2\/posts"}],"about":[{"href":"https:\/\/www.shqiperia.com\/blog\/wp-json\/wp\/v2\/types\/post"}],"author":[{"embeddable":true,"href":"https:\/\/www.shqiperia.com\/blog\/wp-json\/wp\/v2\/users\/9"}],"replies":[{"embeddable":true,"href":"https:\/\/www.shqiperia.com\/blog\/wp-json\/wp\/v2\/comments?post=30895"}],"version-history":[{"count":1,"href":"https:\/\/www.shqiperia.com\/blog\/wp-json\/wp\/v2\/posts\/30895\/revisions"}],"predecessor-version":[{"id":30899,"href":"https:\/\/www.shqiperia.com\/blog\/wp-json\/wp\/v2\/posts\/30895\/revisions\/30899"}],"wp:featuredmedia":[{"embeddable":true,"href":"https:\/\/www.shqiperia.com\/blog\/wp-json\/wp\/v2\/media\/30896"}],"wp:attachment":[{"href":"https:\/\/www.shqiperia.com\/blog\/wp-json\/wp\/v2\/media?parent=30895"}],"wp:term":[{"taxonomy":"category","embeddable":true,"href":"https:\/\/www.shqiperia.com\/blog\/wp-json\/wp\/v2\/categories?post=30895"},{"taxonomy":"post_tag","embeddable":true,"href":"https:\/\/www.shqiperia.com\/blog\/wp-json\/wp\/v2\/tags?post=30895"}],"curies":[{"name":"wp","href":"https:\/\/api.w.org\/{rel}","templated":true}]}}