{"id":30892,"date":"2020-01-31T01:13:42","date_gmt":"2020-01-31T01:13:42","guid":{"rendered":"https:\/\/www.shqiperia.com\/blog\/?p=30892"},"modified":"2020-01-31T01:14:18","modified_gmt":"2020-01-31T01:14:18","slug":"mesazhi-i-koduar-i-metes-per-ramen-bashen-dhemoniken","status":"publish","type":"post","link":"https:\/\/www.shqiperia.com\/blog\/mesazhi-i-koduar-i-metes-per-ramen-bashen-dhemoniken\/","title":{"rendered":"Mesazhi i koduar i Met\u00ebs p\u00ebr Ram\u00ebn, Bash\u00ebn dhe\u2026Monik\u00ebn!"},"content":{"rendered":"<p><img data-recalc-dims=\"1\" loading=\"lazy\" decoding=\"async\" data-attachment-id=\"30893\" data-permalink=\"https:\/\/www.shqiperia.com\/blog\/mesazhi-i-koduar-i-metes-per-ramen-bashen-dhemoniken\/screenshot_11-17-538x360\/\" data-orig-file=\"https:\/\/i0.wp.com\/www.shqiperia.com\/blog\/wp-content\/uploads\/2020\/01\/Screenshot_11-17-538x360-1.jpg?fit=538%2C291&amp;ssl=1\" data-orig-size=\"538,291\" data-comments-opened=\"1\" data-image-meta=\"{&quot;aperture&quot;:&quot;0&quot;,&quot;credit&quot;:&quot;&quot;,&quot;camera&quot;:&quot;&quot;,&quot;caption&quot;:&quot;&quot;,&quot;created_timestamp&quot;:&quot;0&quot;,&quot;copyright&quot;:&quot;&quot;,&quot;focal_length&quot;:&quot;0&quot;,&quot;iso&quot;:&quot;0&quot;,&quot;shutter_speed&quot;:&quot;0&quot;,&quot;title&quot;:&quot;&quot;,&quot;orientation&quot;:&quot;0&quot;}\" data-image-title=\"Screenshot_11-17-538&#215;360\" data-image-description=\"\" data-image-caption=\"\" data-medium-file=\"https:\/\/i0.wp.com\/www.shqiperia.com\/blog\/wp-content\/uploads\/2020\/01\/Screenshot_11-17-538x360-1.jpg?fit=300%2C162&amp;ssl=1\" data-large-file=\"https:\/\/i0.wp.com\/www.shqiperia.com\/blog\/wp-content\/uploads\/2020\/01\/Screenshot_11-17-538x360-1.jpg?fit=538%2C291&amp;ssl=1\" class=\"alignnone wp-image-30893\" alt=\"\" src=\"https:\/\/i0.wp.com\/www.shqiperia.com\/blog\/wp-content\/uploads\/2020\/01\/Screenshot_11-17-538x360-1.jpg?resize=548%2C298&#038;ssl=1\" width=\"548\" height=\"298\" \/><\/p>\n<p><strong>Mesazhi i koduar i Met\u00ebs p\u00ebr Ram\u00ebn, Bash\u00ebn dhe\u2026Monik\u00ebn!<\/strong><\/p>\n<p><strong>30 Janar 2020 <\/strong><\/p>\n<p>Presidenti Ilir Meta i ka p\u00ebrcjell\u00eb nj\u00eb mesazh partive politike p\u00ebr nevoj\u00ebn e nj\u00eb dialogu t\u00eb hapur dhe pa manipulime. Pavar\u00ebsisht se Meta nuk i referohet tryez\u00ebs politike ku partit\u00eb jan\u00eb ulur p\u00ebr t\u00eb form\u00ebsuar nj\u00eb reform\u00eb zgjedhore, Presidenti Meta flet p\u00ebr nevoj\u00ebn e nj\u00eb dialogu ku t\u00eb d\u00ebgjohet dhe z\u00ebri i qytetar\u00ebve dhe t\u00eb respektohet liria e zgjedhjes dhe fjal\u00ebs.<\/p>\n<p><strong>Deklarata e Met\u00ebs n\u00eb facebook:<\/strong><\/p>\n<p>Shqiptar\u00ebt kan\u00eb nevoj\u00eb m\u00eb shum\u00eb se kurr\u00eb p\u00ebr nj\u00eb dialog t\u00eb v\u00ebrtet\u00eb, t\u00eb hapur, pa p\u00ebrjashtime dhe manipulime, me gjithsecilin prej tyre. Ata duan q\u00eb z\u00ebri i tyre t\u00eb d\u00ebgjohet, t\u00eb ken\u00eb lirin\u00eb e zgjedhjes, t\u00eb fjal\u00ebs, t\u00eb jen\u00eb aktiv\u00eb dhe faktor\u00ebt m\u00eb kryesor\u00eb n\u00eb ruajtjen e Kushtetut\u00ebs, demokracis\u00eb, n\u00eb vendimarrjen dhe destinacionin europian t\u00eb vendit.<\/p>\n<p>Shqiptar\u00ebt meritojn\u00eb standarde m\u00eb t\u00eb mira jetese dhe nj\u00eb ekonomi m\u00eb t\u00eb konsoliduar, m\u00eb p\u00ebrfshir\u00ebs\u00eb dhe m\u00eb shpres\u00ebdh\u00ebn\u00ebse. Shqiptar\u00ebt duhen d\u00ebgjuar dhe jo p\u00ebrjashtuar!<\/p>\n<p><strong>\u00a9Copyright Gazeta SHQIP<\/strong><\/p>\n","protected":false},"excerpt":{"rendered":"<p>Mesazhi i koduar i Met\u00ebs p\u00ebr Ram\u00ebn, Bash\u00ebn dhe\u2026Monik\u00ebn! 30 Janar 2020 Presidenti Ilir Meta i ka p\u00ebrcjell\u00eb nj\u00eb mesazh partive politike p\u00ebr nevoj\u00ebn e nj\u00eb dialogu t\u00eb hapur dhe pa manipulime. Pavar\u00ebsisht se Meta nuk i referohet tryez\u00ebs politike ku partit\u00eb jan\u00eb ulur p\u00ebr t\u00eb form\u00ebsuar nj\u00eb reform\u00eb zgjedhore, Presidenti Meta flet p\u00ebr nevoj\u00ebn [&hellip;]<\/p>\n","protected":false},"author":9,"featured_media":30893,"comment_status":"open","ping_status":"open","sticky":false,"template":"","format":"standard","meta":{"jetpack_post_was_ever_published":false,"_jetpack_newsletter_access":"","_jetpack_dont_email_post_to_subs":false,"_jetpack_newsletter_tier_id":0,"_jetpack_memberships_contains_paywalled_content":false,"_jetpack_memberships_contains_paid_content":false,"footnotes":"","jetpack_publicize_message":"","jetpack_publicize_feature_enabled":true,"jetpack_social_post_already_shared":true,"jetpack_social_options":{"image_generator_settings":{"template":"highway","default_image_id":0,"font":"","enabled":false},"version":2}},"categories":[27,2],"tags":[],"class_list":["post-30892","post","type-post","status-publish","format-standard","has-post-thumbnail","hentry","category-blogu-i-udhetarit","category-politika"],"jetpack_publicize_connections":[],"jetpack_featured_media_url":"https:\/\/i0.wp.com\/www.shqiperia.com\/blog\/wp-content\/uploads\/2020\/01\/Screenshot_11-17-538x360-1.jpg?fit=538%2C291&ssl=1","jetpack_sharing_enabled":true,"jetpack_shortlink":"https:\/\/wp.me\/p5Z6wp-82g","jetpack-related-posts":[{"id":31147,"url":"https:\/\/www.shqiperia.com\/blog\/takimi-i-metes-me-presidentin-e-pe-sundimi-i-ligjit-dhe-dialogu-gjitheperfshires-me-rendesi-per-integrimin\/","url_meta":{"origin":30892,"position":0},"title":"Takimi i Met\u00ebs me Presidentin e PE: Sundimi i ligjit dhe dialogu gjith\u00ebp\u00ebrfshir\u00ebs, me r\u00ebnd\u00ebsi p\u00ebr integrimin!","author":"Kurt Farka","date":"February 5, 2020","format":false,"excerpt":"Takimi i Met\u00ebs me Presidentin e PE: Sundimi i ligjit dhe dialogu gjith\u00ebp\u00ebrfshir\u00ebs, me r\u00ebnd\u00ebsi p\u00ebr integrimin! 03 Shkurt, 2020 Presidenti i Republik\u00ebs, Ilir Meta, priti sot n\u00eb nj\u00eb takim Presidentin e Parlamentit Europian, David Sassoli. Presidenti Meta vler\u00ebsoi mb\u00ebshtetjen e vazhdueshme q\u00eb Parlamenti Europian i ka dh\u00ebn\u00eb procesit t\u00eb\u2026","rel":"","context":"In &quot;Blogu i Udh\u00ebtarit&quot;","block_context":{"text":"Blogu i Udh\u00ebtarit","link":"https:\/\/www.shqiperia.com\/blog\/category\/blogu-i-udhetarit\/"},"img":{"alt_text":"","src":"https:\/\/i0.wp.com\/www.shqiperia.com\/blog\/wp-content\/uploads\/2020\/02\/eabb4381-f416-48b0-914d-01e6feaaa5c4-675x450-1.jpg?fit=675%2C372&ssl=1&resize=350%2C200","width":350,"height":200,"srcset":"https:\/\/i0.wp.com\/www.shqiperia.com\/blog\/wp-content\/uploads\/2020\/02\/eabb4381-f416-48b0-914d-01e6feaaa5c4-675x450-1.jpg?fit=675%2C372&ssl=1&resize=350%2C200 1x, https:\/\/i0.wp.com\/www.shqiperia.com\/blog\/wp-content\/uploads\/2020\/02\/eabb4381-f416-48b0-914d-01e6feaaa5c4-675x450-1.jpg?fit=675%2C372&ssl=1&resize=525%2C300 1.5x"},"classes":[]},{"id":21789,"url":"https:\/\/www.shqiperia.com\/blog\/gazeta-prane-qeverise-zbulon-takimin-sekret-mes-rames-dhe-metes-ne-gjirin-e-lalzit\/","url_meta":{"origin":30892,"position":1},"title":"Gazeta pran\u00eb qeveris\u00eb zbulon takimin sekret mes Ram\u00ebs dhe Met\u00ebs n\u00eb Gjirin e Lalzit. &#8211;","author":"Kurt Farka","date":"June 9, 2019","format":false,"excerpt":"Gazeta pran\u00eb qeveris\u00eb zbulon takimin sekret mes Ram\u00ebs dhe Met\u00ebs n\u00eb Gjirin e Lalzit. - 9 Qershor 2019 | Gazeta \u2018Dita\u2019 ka zbardhur nj\u00eb takim jo publik dhe t\u00eb fsheht\u00eb q\u00eb \u00ebsht\u00eb zhvilluar mes kryeministrit Edi Rama dhe presidentit Ilir Meta. Kujtojm\u00eb se vet\u00ebm nj\u00eb dit\u00eb m\u00eb par\u00eb presidenti shpalli\u2026","rel":"","context":"In &quot;Blogu i Udh\u00ebtarit&quot;","block_context":{"text":"Blogu i Udh\u00ebtarit","link":"https:\/\/www.shqiperia.com\/blog\/category\/blogu-i-udhetarit\/"},"img":{"alt_text":"","src":"https:\/\/i0.wp.com\/www.shqiperia.com\/blog\/wp-content\/uploads\/2019\/06\/ra.jpg?fit=701%2C394&ssl=1&resize=350%2C200","width":350,"height":200,"srcset":"https:\/\/i0.wp.com\/www.shqiperia.com\/blog\/wp-content\/uploads\/2019\/06\/ra.jpg?fit=701%2C394&ssl=1&resize=350%2C200 1x, https:\/\/i0.wp.com\/www.shqiperia.com\/blog\/wp-content\/uploads\/2019\/06\/ra.jpg?fit=701%2C394&ssl=1&resize=525%2C300 1.5x, https:\/\/i0.wp.com\/www.shqiperia.com\/blog\/wp-content\/uploads\/2019\/06\/ra.jpg?fit=701%2C394&ssl=1&resize=700%2C400 2x"},"classes":[]},{"id":22797,"url":"https:\/\/www.shqiperia.com\/blog\/postimi-i-trete-i-metes-kam-disa-pyetje-per-ambasadorin-soreca\/","url_meta":{"origin":30892,"position":2},"title":"Postimi i tret\u00eb i Met\u00ebs: Kam disa pyetje p\u00ebr ambasadorin Soreca. &#8211;","author":"Kurt Farka","date":"July 3, 2019","format":false,"excerpt":"Postimi i tret\u00eb i Met\u00ebs: Kam disa pyetje p\u00ebr ambasadorin Soreca. - 3 korrik 2019 Presidenti Ilir Meta, k\u00ebt\u00eb her\u00eb\u00a0 i \u00ebsht\u00eb drejtuar n\u00eb m\u00ebnyr\u00eb direkte dhe publike ambasadorit t\u00eb BE, Luigi Soreca duke i th\u00ebn\u00eb se nuk ka b\u00ebr\u00eb p\u00ebrpjekje t\u00eb sinqerta p\u00ebr dialog mes pal\u00ebve. Nd\u00ebr t\u00eb tjera,\u2026","rel":"","context":"In &quot;Blogu i Udh\u00ebtarit&quot;","block_context":{"text":"Blogu i Udh\u00ebtarit","link":"https:\/\/www.shqiperia.com\/blog\/category\/blogu-i-udhetarit\/"},"img":{"alt_text":"","src":"https:\/\/i0.wp.com\/www.shqiperia.com\/blog\/wp-content\/uploads\/2019\/07\/meta-soreca-1024x682-905x450.jpg?fit=905%2C450&ssl=1&resize=350%2C200","width":350,"height":200,"srcset":"https:\/\/i0.wp.com\/www.shqiperia.com\/blog\/wp-content\/uploads\/2019\/07\/meta-soreca-1024x682-905x450.jpg?fit=905%2C450&ssl=1&resize=350%2C200 1x, https:\/\/i0.wp.com\/www.shqiperia.com\/blog\/wp-content\/uploads\/2019\/07\/meta-soreca-1024x682-905x450.jpg?fit=905%2C450&ssl=1&resize=525%2C300 1.5x, https:\/\/i0.wp.com\/www.shqiperia.com\/blog\/wp-content\/uploads\/2019\/07\/meta-soreca-1024x682-905x450.jpg?fit=905%2C450&ssl=1&resize=700%2C400 2x"},"classes":[]},{"id":51947,"url":"https:\/\/www.shqiperia.com\/blog\/lufte-e-hapur-mes-metes-dhe-bashes-presidenti-i-pergjigjet-kreut-te-pd-se-per-detin-jam-peshe-e-rende\/","url_meta":{"origin":30892,"position":3},"title":"Luft\u00eb e hapur mes Met\u00ebs dhe Bash\u00ebs, presidenti i p\u00ebrgjigjet kreut t\u00eb PD-s\u00eb p\u00ebr detin: Jam pesh\u00eb e r\u00ebnd\u00eb","author":"Kurt Farka","date":"December 3, 2021","format":false,"excerpt":"Luft\u00eb e hapur mes Met\u00ebs dhe Bash\u00ebs, presidenti i p\u00ebrgjigjet kreut t\u00eb PD-s\u00eb p\u00ebr detin: Jam pesh\u00eb e r\u00ebnd\u00eb 2 DHJETOR 2021 Kryedemokrati Lulzim Basha i \u00ebsht\u00eb p\u00ebrgjigjur presidentit Ilir Meta lidhur me akuz\u00ebn e b\u00ebr\u00eb se \u201cka b\u00ebr\u00eb dopio loj\u00eb me marr\u00ebveshjen me Greqin\u00eb p\u00ebr detin\u201d. Basha u shpreh\u2026","rel":"","context":"In &quot;Blogu i Udh\u00ebtarit&quot;","block_context":{"text":"Blogu i Udh\u00ebtarit","link":"https:\/\/www.shqiperia.com\/blog\/category\/blogu-i-udhetarit\/"},"img":{"alt_text":"","src":"https:\/\/i0.wp.com\/www.shqiperia.com\/blog\/wp-content\/uploads\/2021\/12\/Basha-Meta.jpg?fit=800%2C424&ssl=1&resize=350%2C200","width":350,"height":200,"srcset":"https:\/\/i0.wp.com\/www.shqiperia.com\/blog\/wp-content\/uploads\/2021\/12\/Basha-Meta.jpg?fit=800%2C424&ssl=1&resize=350%2C200 1x, https:\/\/i0.wp.com\/www.shqiperia.com\/blog\/wp-content\/uploads\/2021\/12\/Basha-Meta.jpg?fit=800%2C424&ssl=1&resize=525%2C300 1.5x, https:\/\/i0.wp.com\/www.shqiperia.com\/blog\/wp-content\/uploads\/2021\/12\/Basha-Meta.jpg?fit=800%2C424&ssl=1&resize=700%2C400 2x"},"classes":[]},{"id":32027,"url":"https:\/\/www.shqiperia.com\/blog\/mbi-100-mije-ne-bulevard-ilir-meta-fjalim-madheshtor\/","url_meta":{"origin":30892,"position":4},"title":"Mbi 100 mij\u00eb n\u00eb bulevard, Ilir Meta fjalim madh\u00ebshtor","author":"Kurt Farka","date":"March 4, 2020","format":false,"excerpt":"Mbi 100 mij\u00eb n\u00eb bulevard, Ilir Meta fjalim madh\u00ebshtor Thjesht me nj\u00eb fjal\u00eb, dje ishte dit\u00eb madh\u00ebshtore p\u00ebr Republik\u00ebn 03\/03\/2020 Nga Mili Xhani Presidenti premtoi publikisht dhe solemnisht se pas 15 marsit do t\u00eb shp\u00ebrndaj\u00eb parlamentin e turpit, parlament q\u00eb mbetet nj\u00eb nd\u00ebr njollat m\u00eb t\u00eb zez\u00eb t\u00eb historis\u00eb politike\u2026","rel":"","context":"In &quot;Blogu i Udh\u00ebtarit&quot;","block_context":{"text":"Blogu i Udh\u00ebtarit","link":"https:\/\/www.shqiperia.com\/blog\/category\/blogu-i-udhetarit\/"},"img":{"alt_text":"","src":"https:\/\/i0.wp.com\/www.shqiperia.com\/blog\/wp-content\/uploads\/2020\/03\/Manifestimi-Meta-9.jpeg?fit=1200%2C800&ssl=1&resize=350%2C200","width":350,"height":200,"srcset":"https:\/\/i0.wp.com\/www.shqiperia.com\/blog\/wp-content\/uploads\/2020\/03\/Manifestimi-Meta-9.jpeg?fit=1200%2C800&ssl=1&resize=350%2C200 1x, https:\/\/i0.wp.com\/www.shqiperia.com\/blog\/wp-content\/uploads\/2020\/03\/Manifestimi-Meta-9.jpeg?fit=1200%2C800&ssl=1&resize=525%2C300 1.5x, https:\/\/i0.wp.com\/www.shqiperia.com\/blog\/wp-content\/uploads\/2020\/03\/Manifestimi-Meta-9.jpeg?fit=1200%2C800&ssl=1&resize=700%2C400 2x, https:\/\/i0.wp.com\/www.shqiperia.com\/blog\/wp-content\/uploads\/2020\/03\/Manifestimi-Meta-9.jpeg?fit=1200%2C800&ssl=1&resize=1050%2C600 3x"},"classes":[]},{"id":80085,"url":"https:\/\/www.shqiperia.com\/blog\/meta-qeveria-ka-korruptuar-bashen-izolimi-i-berishes-per-arsye-politike-pl-uragan-lirie\/","url_meta":{"origin":30892,"position":5},"title":"Meta: Qeveria ka korruptuar Bash\u00ebn! &#8211; Izolimi i Berish\u00ebs p\u00ebr arsye politike. &#8211; PL uragan lirie","author":"Kurt Farka","date":"April 13, 2024","format":false,"excerpt":"13 Prill 2024 Kryetari i Partis\u00eb s\u00eb Liris\u00eb Ilir Meta n\u00eb nj\u00eb konferenc\u00eb p\u00ebr mediat nga Kor\u00e7a deklaroi se qeverisja e Edi Ram\u00ebs ka korruptuar Lulzim Bash\u00ebn. Meta tha se izolimi i Sali Berish\u00ebs \u00ebsht\u00eb b\u00ebr\u00eb p\u00ebr arsye t\u00eb pastra politike. Nd\u00ebrsa, shtoi se PL \u00ebsht\u00eb nj\u00eb uragan i v\u00ebrtet\u00eb\u2026","rel":"","context":"In &quot;Blogu i Udh\u00ebtarit&quot;","block_context":{"text":"Blogu i Udh\u00ebtarit","link":"https:\/\/www.shqiperia.com\/blog\/category\/blogu-i-udhetarit\/"},"img":{"alt_text":"","src":"https:\/\/i0.wp.com\/www.shqiperia.com\/blog\/wp-content\/uploads\/2024\/04\/600-388-bf1c76d7982b12446d6a87e89acfacc1.jpg?fit=600%2C384&ssl=1&resize=350%2C200","width":350,"height":200,"srcset":"https:\/\/i0.wp.com\/www.shqiperia.com\/blog\/wp-content\/uploads\/2024\/04\/600-388-bf1c76d7982b12446d6a87e89acfacc1.jpg?fit=600%2C384&ssl=1&resize=350%2C200 1x, https:\/\/i0.wp.com\/www.shqiperia.com\/blog\/wp-content\/uploads\/2024\/04\/600-388-bf1c76d7982b12446d6a87e89acfacc1.jpg?fit=600%2C384&ssl=1&resize=525%2C300 1.5x"},"classes":[]}],"_links":{"self":[{"href":"https:\/\/www.shqiperia.com\/blog\/wp-json\/wp\/v2\/posts\/30892","targetHints":{"allow":["GET"]}}],"collection":[{"href":"https:\/\/www.shqiperia.com\/blog\/wp-json\/wp\/v2\/posts"}],"about":[{"href":"https:\/\/www.shqiperia.com\/blog\/wp-json\/wp\/v2\/types\/post"}],"author":[{"embeddable":true,"href":"https:\/\/www.shqiperia.com\/blog\/wp-json\/wp\/v2\/users\/9"}],"replies":[{"embeddable":true,"href":"https:\/\/www.shqiperia.com\/blog\/wp-json\/wp\/v2\/comments?post=30892"}],"version-history":[{"count":1,"href":"https:\/\/www.shqiperia.com\/blog\/wp-json\/wp\/v2\/posts\/30892\/revisions"}],"predecessor-version":[{"id":30894,"href":"https:\/\/www.shqiperia.com\/blog\/wp-json\/wp\/v2\/posts\/30892\/revisions\/30894"}],"wp:featuredmedia":[{"embeddable":true,"href":"https:\/\/www.shqiperia.com\/blog\/wp-json\/wp\/v2\/media\/30893"}],"wp:attachment":[{"href":"https:\/\/www.shqiperia.com\/blog\/wp-json\/wp\/v2\/media?parent=30892"}],"wp:term":[{"taxonomy":"category","embeddable":true,"href":"https:\/\/www.shqiperia.com\/blog\/wp-json\/wp\/v2\/categories?post=30892"},{"taxonomy":"post_tag","embeddable":true,"href":"https:\/\/www.shqiperia.com\/blog\/wp-json\/wp\/v2\/tags?post=30892"}],"curies":[{"name":"wp","href":"https:\/\/api.w.org\/{rel}","templated":true}]}}