{"id":30889,"date":"2020-01-31T00:57:20","date_gmt":"2020-01-31T00:57:20","guid":{"rendered":"https:\/\/www.shqiperia.com\/blog\/?p=30889"},"modified":"2020-01-31T00:57:20","modified_gmt":"2020-01-31T00:57:20","slug":"fjale-asgje-me-shume","status":"publish","type":"post","link":"https:\/\/www.shqiperia.com\/blog\/fjale-asgje-me-shume\/","title":{"rendered":"Fjal\u00eb, asgj\u00eb m\u00eb shum\u00eb."},"content":{"rendered":"<p><img data-recalc-dims=\"1\" loading=\"lazy\" decoding=\"async\" data-attachment-id=\"30890\" data-permalink=\"https:\/\/www.shqiperia.com\/blog\/fjale-asgje-me-shume\/edi-rama-parlament-905x450\/\" data-orig-file=\"https:\/\/i0.wp.com\/www.shqiperia.com\/blog\/wp-content\/uploads\/2020\/01\/Edi-Rama-parlament-905x450-1.jpg?fit=905%2C450&amp;ssl=1\" data-orig-size=\"905,450\" data-comments-opened=\"1\" data-image-meta=\"{&quot;aperture&quot;:&quot;0&quot;,&quot;credit&quot;:&quot;&quot;,&quot;camera&quot;:&quot;&quot;,&quot;caption&quot;:&quot;&quot;,&quot;created_timestamp&quot;:&quot;0&quot;,&quot;copyright&quot;:&quot;&quot;,&quot;focal_length&quot;:&quot;0&quot;,&quot;iso&quot;:&quot;0&quot;,&quot;shutter_speed&quot;:&quot;0&quot;,&quot;title&quot;:&quot;&quot;,&quot;orientation&quot;:&quot;0&quot;}\" data-image-title=\"Edi-Rama-parlament-905&#215;450\" data-image-description=\"\" data-image-caption=\"\" data-medium-file=\"https:\/\/i0.wp.com\/www.shqiperia.com\/blog\/wp-content\/uploads\/2020\/01\/Edi-Rama-parlament-905x450-1.jpg?fit=300%2C149&amp;ssl=1\" data-large-file=\"https:\/\/i0.wp.com\/www.shqiperia.com\/blog\/wp-content\/uploads\/2020\/01\/Edi-Rama-parlament-905x450-1.jpg?fit=905%2C450&amp;ssl=1\" class=\"alignnone  wp-image-30890\" alt=\"\" src=\"https:\/\/i0.wp.com\/www.shqiperia.com\/blog\/wp-content\/uploads\/2020\/01\/Edi-Rama-parlament-905x450-1.jpg?resize=681%2C338&#038;ssl=1\" width=\"681\" height=\"338\" srcset=\"https:\/\/i0.wp.com\/www.shqiperia.com\/blog\/wp-content\/uploads\/2020\/01\/Edi-Rama-parlament-905x450-1.jpg?resize=300%2C149&amp;ssl=1 300w, https:\/\/i0.wp.com\/www.shqiperia.com\/blog\/wp-content\/uploads\/2020\/01\/Edi-Rama-parlament-905x450-1.jpg?resize=768%2C382&amp;ssl=1 768w, https:\/\/i0.wp.com\/www.shqiperia.com\/blog\/wp-content\/uploads\/2020\/01\/Edi-Rama-parlament-905x450-1.jpg?resize=450%2C224&amp;ssl=1 450w, https:\/\/i0.wp.com\/www.shqiperia.com\/blog\/wp-content\/uploads\/2020\/01\/Edi-Rama-parlament-905x450-1.jpg?resize=600%2C298&amp;ssl=1 600w, https:\/\/i0.wp.com\/www.shqiperia.com\/blog\/wp-content\/uploads\/2020\/01\/Edi-Rama-parlament-905x450-1.jpg?resize=400%2C199&amp;ssl=1 400w, https:\/\/i0.wp.com\/www.shqiperia.com\/blog\/wp-content\/uploads\/2020\/01\/Edi-Rama-parlament-905x450-1.jpg?w=905&amp;ssl=1 905w\" sizes=\"auto, (max-width: 681px) 100vw, 681px\" \/><\/p>\n<p><strong>Fjal\u00eb, asgj\u00eb m\u00eb shum\u00eb<\/strong><\/p>\n<p>30 janar 2020<\/p>\n<p><strong>Nga Skerdilajd Zaimi<\/strong><\/p>\n<p>Kryeministri Edi Rama ka folur sot n\u00eb nj\u00eb forum p\u00ebr ekonomin\u00eb ku raportohet q\u00eb ai t\u00eb ket\u00eb shprehur shqet\u00ebsime p\u00ebr klim\u00ebn e biznesit n\u00eb vend. Autokritika ka qen\u00eb shfaqja e sotme, bashk\u00eb me premtimet q\u00eb nuk mungojn\u00eb asnj\u00ebher\u00eb.<\/p>\n<p><em>100 vjet m\u00eb par\u00eb n\u00eb dat\u00ebn 30 janar t\u00eb 1920 kishim kongresin e Lushnj\u00ebs q\u00eb \u00ebsht\u00eb nj\u00eb ngjarje shum\u00eb e r\u00ebnd\u00ebsishme n\u00eb nd\u00ebrtimin e shtetit ton\u00eb, nj\u00eb shteti q\u00eb i ka gjithmon\u00eb syt\u00eb nga Per\u00ebndimi p\u00ebrsa i p\u00ebrket zhvillimit t\u00eb vet.<\/em><\/p>\n<p><em>Ky forum sot \u00ebsht\u00eb modeluar si forumi i Delfit por ideja ime \u00ebsht\u00eb q\u00eb t\u00eb p\u00ebrforcojm\u00eb k\u00ebt\u00eb bashk\u00ebpunim me at\u00eb t\u00eb Delfit dhe t\u00eb p\u00ebrfitojm\u00eb dije dhe p\u00ebrvoj\u00eb m\u00eb shum\u00eb, dhe mbase t\u00eb organizojm\u00eb hapa vijues\u2026<\/em><\/p>\n<p>tha nd\u00ebr t\u00eb tjera z. Rama.<\/p>\n<p>Pak m\u00eb tutje ai ka folur p\u00ebr sjelljen jo t\u00eb mir\u00eb t\u00eb administrat\u00ebs, ndon\u00ebse n\u00eb vitin 2017 shpalli mandatin e dyt\u00eb si mandat t\u00eb reform\u00ebs n\u00eb adminisrat\u00eb.<\/p>\n<p><em>M\u00eb lejoni t\u00eb flas p\u00ebr sfidat, duhet t\u00eb p\u00ebrmir\u00ebsojm\u00eb klim\u00ebn e biznesit, sjelljen e administrat\u00ebs, kemi nevoj\u00eb p\u00ebr t\u00eb p\u00ebrmir\u00ebsuar sidomos at\u00eb pjes\u00eb q\u00eb lidhet me biznesin. Gjat\u00eb k\u00ebtij viti do kemi rezultate t\u00eb q\u00ebn\u00ebsishme n\u00eb k\u00ebt\u00eb drejtim.<\/em><\/p>\n<p><em>Plani \u00ebsht\u00eb q\u00eb brenda 2020 t\u00eb kemi 95 p\u00ebrqind t\u00eb sh\u00ebrbimeve t\u00eb dixhitalizuara, online q\u00eb k\u00ebshtu ata q\u00eb merren me biznes t\u00eb mos shkojn\u00eb n\u00ebp\u00ebr vende t\u00eb aplikojn\u00eb p\u00ebr ata \u00e7far\u00eb u duhen, pra gjith\u00e7ka t\u00eb transferohet n\u00eb internet, kjo gj\u00eb do ndryshoj\u00eb natyr\u00ebn e komunikimit.<\/em><\/p>\n<p><em>P\u00ebrmes nj\u00eb vendimi t\u00eb qeveris\u00eb vendos\u00ebm se t\u00eb gjitha aplikimet duhet t\u00eb marrin p\u00ebrgjigje brenda afatave ligjore, dhe p\u00ebr cdo shkelje do ket\u00eb gjob\u00eb p\u00ebr ata q\u00eb e shkelin, ata do paguajn\u00eb nga xhepi p\u00ebr vonesat q\u00eb u shkaktohen qytetar\u00ebve.<\/em><\/p>\n<p><em>Hapi i dyt\u00eb, n\u00eb marr\u00ebdh\u00ebnien me bizneset, programi i fiskalizimit q\u00eb do sjell\u00eb rezultate brenda k\u00ebtij viti, pra q\u00eb t\u00eb gjith\u00eb transaksionet t\u00eb jen\u00eb transparente. Sot jemi larg k\u00ebsaj, sepse ne skemi transparanc\u00eb t\u00eb transaksioneve nga biznesi n\u00eb biznes, q\u00eb do t\u00eb thot\u00eb se ka shum\u00eb hije n\u00eb k\u00ebt\u00eb gj\u00eb.<\/em><\/p>\n<p><em>Me programin e fiskalizmit do shohim \u00e7do veprimtari n\u00eb internet dhe do monitorohet, kjo do parandaloj\u00eb edhe nj\u00eb mas\u00eb t\u00eb madhe keqb\u00ebrje nga vet\u00eb administrata. Hapi i dyt\u00eb \u00ebsht\u00eb sistemi i gjurmimit e k\u00ebrkimit, nga produktet e akciz\u00ebs e produketet ushqimore, ujin e pijsh\u00ebm e barnat. \u00c7do pik\u00eb karburanti q\u00eb del nga rrjeti i shp\u00ebrndarjes do gjurmohet. K\u00ebto jan\u00eb lajme t\u00eb mira dhe jam i lumtur se pas kaq shum\u00eb vitesh pun\u00eb, jemi gati t\u00eb marrim frytet e asaj q\u00eb kemi krijuar. Gjith\u00e7ka do ndryshoj\u00eb situat\u00ebn p\u00ebr korrupsionin, ryshfetet.<\/em><\/p>\n<p>Jan\u00eb fjal\u00eb, asgj\u00eb m\u00eb shum\u00eb. Fatkeq\u00ebsisht. Kryeministri improvizon \u00e7do gj\u00eb. Ai rekruton ekselent\u00ebt prej vitesh n\u00eb administrat\u00eb, por kjo nuk funksionon. P\u00ebrdori policin\u00eb p\u00ebr kuponin tatimor dhe sot po vet\u00eb na thot\u00eb se pun\u00ebt nuk shkojn\u00eb mir\u00eb. Flet p\u00ebr sh\u00ebrbimet online, por k\u00ebt\u00eb gj\u00eb e b\u00ebri edhe n\u00eb vitin 2017. Mburr fiskalizimin, por ndoshta nuk e di q\u00eb me propozim t\u00eb b\u00ebr\u00eb n\u00eb Komisionin e Ekonomis\u00eb, sistemi i kasave fiskale lihet n\u00eb fuqi ende.<\/p>\n<p>\u00c7far\u00eb duhet t\u00eb b\u00ebj\u00eb m\u00eb kjo qeveri p\u00ebr t\u00eb na hedhur hi syve? Edhe sikur ta pranojm\u00eb se ajo ka vullnet real p\u00ebr t\u00eb ndryshuar, p\u00ebr ta p\u00ebrmir\u00ebsuar gjendjen q\u00eb \u00ebsht\u00eb e till\u00eb prej koh\u00ebsh, jo kur e pranon ajo, ne shohim se qeveria e tanishme, kreu i\u00a0saj nuk kan\u00eb asnj\u00eb ide t\u00eb besueshme n\u00eb k\u00ebt\u00eb drejtim.<\/p>\n<p>Tani zoti Rama \u00ebsht\u00eb l\u00ebshuar personalisht drejt nj\u00eb \u201cbesimi t\u00eb verb\u00ebr\u201d te teknologjia, po shnd\u00ebrrohet n\u00eb nj\u00eb teknoman, apo teknofil, por ajo \u00ebsht\u00eb instrument dhe jo q\u00ebllim. Ajo \u00ebsht\u00eb ndihm\u00eb dhe jo parim pune. Sidomos n\u00eb hartimin e politikave.<\/p>\n<p><strong>Sistemi korrupton<\/strong>, k\u00ebt\u00eb fjal\u00eb na e ka p\u00ebrs\u00ebritur shpesh zot\u00ebria n\u00eb fjal\u00eb. Epo po pranon at\u00ebher\u00eb q\u00eb ai \u00ebsht\u00eb n\u00eb krye t\u00eb nj\u00eb sistemi q\u00eb nuk ka ndryshuar. \u00cbsht\u00eb i\u00a0nj\u00ebjti. Dhe n\u00eb k\u00ebt\u00eb kuptim ka udh\u00ebhequr nj\u00eb luft\u00eb, q\u00eb ose ka qen\u00eb thjesht retorik\u00eb, ose t\u00eb cil\u00ebn nuk \u00ebsht\u00eb i\u00a0zoti ta fitoj\u00eb.<\/p>\n<p>Gjendja \u00ebsht\u00eb keq dhe qeveria po e pranon vet\u00eb. Ato q\u00eb duhet t\u00eb ishin standarde, si\u00e7 jan\u00eb klima e biznesit, nj\u00eb far\u00eb etike n\u00eb administrat\u00eb, minimizimi i zhvatjes dhe klientelizmit, shpallen objektiva t\u00eb nj\u00eb aksioni t\u00eb ri.<\/p>\n<p>\u00c7do kryeminist\u00ebr tjet\u00ebr do t\u00eb turp\u00ebrohej q\u00eb pasi ka folur kaq shum\u00eb, kaq shpesh dhe kaq gjat\u00eb p\u00ebr reformat e shk\u00eblqyera dhe transformuese q\u00eb ka kryer, del dhe I kujton vetes at\u00eb q\u00eb nuk ka dashur ta pranoj\u00eb deri m\u00eb sot nga t\u00eb tjer\u00ebt: q\u00eb gj\u00ebrat jan\u00eb po aq keq sa kan\u00eb qen\u00eb. Dhe se ndryshimi ka qen\u00eb iluziv.<\/p>\n<p>Jan\u00eb fjal\u00eb k\u00ebto q\u00eb thot\u00eb kryeministri dhe p\u00ebr t\u00eb tilla duhet t\u2019i\u00a0marrim t\u00eb gjith\u00eb. Me fjal\u00eb nuk qeveriset, shtyhet nj\u00eb far\u00eb kohe. Asgj\u00eb m\u00eb shum\u00eb. Fjal\u00eb q\u00eb i\u00a0merr era dhe k\u00ebt\u00eb tashm\u00eb e ka kuptuar nj\u00eb pjes\u00eb e madhe e shoq\u00ebris\u00eb.<\/p>\n<p>Sidomos ajo q\u00eb u zhg\u00ebnjye si rrall\u00eb ndonj\u00ebher\u00eb nga nj\u00eb njeri q\u00eb pati aq besim.<\/p>\n","protected":false},"excerpt":{"rendered":"<p>Fjal\u00eb, asgj\u00eb m\u00eb shum\u00eb 30 janar 2020 Nga Skerdilajd Zaimi Kryeministri Edi Rama ka folur sot n\u00eb nj\u00eb forum p\u00ebr ekonomin\u00eb ku raportohet q\u00eb ai t\u00eb ket\u00eb shprehur shqet\u00ebsime p\u00ebr klim\u00ebn e biznesit n\u00eb vend. Autokritika ka qen\u00eb shfaqja e sotme, bashk\u00eb me premtimet q\u00eb nuk mungojn\u00eb asnj\u00ebher\u00eb. 100 vjet m\u00eb par\u00eb n\u00eb dat\u00ebn 30 [&hellip;]<\/p>\n","protected":false},"author":9,"featured_media":30890,"comment_status":"open","ping_status":"open","sticky":false,"template":"","format":"standard","meta":{"jetpack_post_was_ever_published":false,"_jetpack_newsletter_access":"","_jetpack_dont_email_post_to_subs":false,"_jetpack_newsletter_tier_id":0,"_jetpack_memberships_contains_paywalled_content":false,"_jetpack_memberships_contains_paid_content":false,"footnotes":"","jetpack_publicize_message":"","jetpack_publicize_feature_enabled":true,"jetpack_social_post_already_shared":true,"jetpack_social_options":{"image_generator_settings":{"template":"highway","default_image_id":0,"font":"","enabled":false},"version":2}},"categories":[27,35],"tags":[],"class_list":["post-30889","post","type-post","status-publish","format-standard","has-post-thumbnail","hentry","category-blogu-i-udhetarit","category-shoqerore"],"jetpack_publicize_connections":[],"jetpack_featured_media_url":"https:\/\/i0.wp.com\/www.shqiperia.com\/blog\/wp-content\/uploads\/2020\/01\/Edi-Rama-parlament-905x450-1.jpg?fit=905%2C450&ssl=1","jetpack_sharing_enabled":true,"jetpack_shortlink":"https:\/\/wp.me\/p5Z6wp-82d","jetpack-related-posts":[{"id":59315,"url":"https:\/\/www.shqiperia.com\/blog\/gazetarja-franceze-ia-plas-ne-sy-rames-mazhoranca-juaj-eshte-njollosur-nga-disa-skandale\/","url_meta":{"origin":30889,"position":0},"title":"Gazetarja franceze ia plas n\u00eb sy Ram\u00ebs.- &#8220;Mazhoranca juaj \u00ebsht\u00eb njollosur nga disa skandale&#8221;","author":"Kurt Farka","date":"June 25, 2022","format":false,"excerpt":"25 Qershor 2022 Duke folur p\u00ebr emisionin Ici l\u2019Europe kryeministri Edi Rama, u shpreh se Shqip\u00ebria vazhdon zbatimin e reform\u00ebs n\u00eb drejt\u00ebsi, q\u00eb \u00ebsht\u00eb konsideruar nga t\u00eb gjith\u00eb si nj\u00eb model. Rama thekson se m\u00eb par\u00eb nuk u imagjinonte q\u00eb dikush me pushtet t\u00eb dilte para drejt\u00ebsis\u00eb. N\u00eb k\u00ebt\u00eb moment\u2026","rel":"","context":"In &quot;Kultura&quot;","block_context":{"text":"Kultura","link":"https:\/\/www.shqiperia.com\/blog\/category\/kultura\/"},"img":{"alt_text":"","src":"https:\/\/i0.wp.com\/www.shqiperia.com\/blog\/wp-content\/uploads\/2022\/06\/Edi-Rama-2-1.jpg?fit=800%2C434&ssl=1&resize=350%2C200","width":350,"height":200,"srcset":"https:\/\/i0.wp.com\/www.shqiperia.com\/blog\/wp-content\/uploads\/2022\/06\/Edi-Rama-2-1.jpg?fit=800%2C434&ssl=1&resize=350%2C200 1x, https:\/\/i0.wp.com\/www.shqiperia.com\/blog\/wp-content\/uploads\/2022\/06\/Edi-Rama-2-1.jpg?fit=800%2C434&ssl=1&resize=525%2C300 1.5x, https:\/\/i0.wp.com\/www.shqiperia.com\/blog\/wp-content\/uploads\/2022\/06\/Edi-Rama-2-1.jpg?fit=800%2C434&ssl=1&resize=700%2C400 2x"},"classes":[]},{"id":44565,"url":"https:\/\/www.shqiperia.com\/blog\/rama-njeriu-me-i-rrezikshem-qe-ka-shqiperia-sot-fatos-lubonja-komenton-perplasjen-mes-kryeministrit-dhe-presidentit\/","url_meta":{"origin":30889,"position":1},"title":"\u201cRama njeriu m\u00eb i rreziksh\u00ebm q\u00eb ka Shqip\u00ebria sot\u201d\/ Fatos Lubonja komenton p\u00ebrplasjen mes kryeministrit dhe Presidentit","author":"Kurt Farka","date":"February 23, 2021","format":false,"excerpt":"\u201cRama njeriu m\u00eb i rreziksh\u00ebm q\u00eb ka Shqip\u00ebria sot\u201d\/ Fatos Lubonja komenton p\u00ebrplasjen mes kryeministrit dhe Presidentit 22 shkurt 2021 Analisti Fatos Lubonja, i ftuar n\u00eb rubrik\u00ebn \u201cOpinion\u201d n\u00eb \u201cNews 24\u201d, duke folur p\u00ebr p\u00ebrplasjen mes kryeministrit e presidentit, deklaroi se shikon Ram\u00ebn si rrezikun m\u00eb t\u00eb madh t\u00eb demokracis\u00eb\u2026","rel":"","context":"In &quot;Blogu i Udh\u00ebtarit&quot;","block_context":{"text":"Blogu i Udh\u00ebtarit","link":"https:\/\/www.shqiperia.com\/blog\/category\/blogu-i-udhetarit\/"},"img":{"alt_text":"","src":"https:\/\/i0.wp.com\/www.shqiperia.com\/blog\/wp-content\/uploads\/2021\/02\/Lubonja1-770x393-1.jpg?fit=770%2C393&ssl=1&resize=350%2C200","width":350,"height":200,"srcset":"https:\/\/i0.wp.com\/www.shqiperia.com\/blog\/wp-content\/uploads\/2021\/02\/Lubonja1-770x393-1.jpg?fit=770%2C393&ssl=1&resize=350%2C200 1x, https:\/\/i0.wp.com\/www.shqiperia.com\/blog\/wp-content\/uploads\/2021\/02\/Lubonja1-770x393-1.jpg?fit=770%2C393&ssl=1&resize=525%2C300 1.5x, https:\/\/i0.wp.com\/www.shqiperia.com\/blog\/wp-content\/uploads\/2021\/02\/Lubonja1-770x393-1.jpg?fit=770%2C393&ssl=1&resize=700%2C400 2x"},"classes":[]},{"id":49577,"url":"https:\/\/www.shqiperia.com\/blog\/kabineti-qeveritar-roland-bejko-ben-reagimin-e-papritur-spak-te-nderhyje-dhe-7-prej-tyre-ti-prese-koken-neser-ky-eshte-nderi-qe-kryeministri-i-ka-bere-opozites\/","url_meta":{"origin":30889,"position":2},"title":"Kabineti qeveritar, Roland Bejko b\u00ebn reagimin e papritur: &#8211; SPAK t\u00eb nd\u00ebrhyj\u00eb dhe 7 prej tyre t\u2019i \u2018pres\u00eb kok\u00ebn\u2019 nes\u00ebr! &#8211; Ky \u00ebsht\u00eb nderi q\u00eb kryeministri i ka b\u00ebr\u00eb opozit\u00ebs","author":"Kurt Farka","date":"September 2, 2021","format":false,"excerpt":"Kabineti qeveritar, Roland Bejko b\u00ebn reagimin e papritur: - SPAK t\u00eb nd\u00ebrhyj\u00eb dhe 7 prej tyre t\u2019i \u2018pres\u00eb kok\u00ebn\u2019 nes\u00ebr! Ky \u00ebsht\u00eb nderi q\u00eb kryeministri i ka b\u00ebr\u00eb opozit\u00ebs 2 SHTATOR 2021 An\u00ebtari i K\u00ebshillit Komb\u00ebtar t\u00eb PD-s\u00eb, Roland Bejko ka komentuar zhvillimet e fundit politike. Ai ka folur p\u00ebr\u2026","rel":"","context":"In &quot;Blogu i Udh\u00ebtarit&quot;","block_context":{"text":"Blogu i Udh\u00ebtarit","link":"https:\/\/www.shqiperia.com\/blog\/category\/blogu-i-udhetarit\/"},"img":{"alt_text":"","src":"https:\/\/i0.wp.com\/www.shqiperia.com\/blog\/wp-content\/uploads\/2021\/09\/qeveria-rama.jpg?fit=640%2C380&ssl=1&resize=350%2C200","width":350,"height":200,"srcset":"https:\/\/i0.wp.com\/www.shqiperia.com\/blog\/wp-content\/uploads\/2021\/09\/qeveria-rama.jpg?fit=640%2C380&ssl=1&resize=350%2C200 1x, https:\/\/i0.wp.com\/www.shqiperia.com\/blog\/wp-content\/uploads\/2021\/09\/qeveria-rama.jpg?fit=640%2C380&ssl=1&resize=525%2C300 1.5x"},"classes":[]},{"id":73848,"url":"https:\/\/www.shqiperia.com\/blog\/kompania-shell-deklaron-se-nuk-ka-nafte-ne-horizont-rama-fushate-me-puse-nafte-imagjinare-per-te-sfumuar-gropen-e-korrupsionit\/","url_meta":{"origin":30889,"position":3},"title":"Kompania SHELL deklaron se nuk ka naft\u00eb n\u00eb horizont. &#8211; Rama fushat\u00eb me puse nafte imagjinare p\u00ebr t\u00eb sfumuar \u201cgrop\u00ebn e korrupsionit\u201d","author":"Kurt Farka","date":"August 24, 2023","format":false,"excerpt":"24 Gusht 2023 Kryeministri Edi Rama si mjeshtri i propagand\u00ebs i \u00ebsht\u00eb rikthyer dje fusht\u00ebs me puse nafte imagjinare p\u00ebr t\u00eb sfumuar \u201cgrop\u00ebn e korrupsionit\u201d. Kryeministri Rama ka gati dhjet\u00eb vite q\u00eb \u00e7do pragvjeshte jep lajmin: \u201cNaft\u00eb n\u00eb Shpirag\u201d. Shkon n\u00eb Shpirag, vishet si naft\u00ebtar, poston foto n\u00eb rrjetet sociale,\u2026","rel":"","context":"In &quot;Blogu i Udh\u00ebtarit&quot;","block_context":{"text":"Blogu i Udh\u00ebtarit","link":"https:\/\/www.shqiperia.com\/blog\/category\/blogu-i-udhetarit\/"},"img":{"alt_text":"","src":"https:\/\/i0.wp.com\/www.shqiperia.com\/blog\/wp-content\/uploads\/2023\/05\/IMG_20230422_202847-300x168.jpg?resize=350%2C200&ssl=1","width":350,"height":200,"srcset":"https:\/\/i0.wp.com\/www.shqiperia.com\/blog\/wp-content\/uploads\/2023\/05\/IMG_20230422_202847-300x168.jpg?resize=350%2C200&ssl=1 1x, https:\/\/i0.wp.com\/www.shqiperia.com\/blog\/wp-content\/uploads\/2023\/05\/IMG_20230422_202847-300x168.jpg?resize=525%2C300&ssl=1 1.5x, https:\/\/i0.wp.com\/www.shqiperia.com\/blog\/wp-content\/uploads\/2023\/05\/IMG_20230422_202847-300x168.jpg?resize=700%2C400&ssl=1 2x"},"classes":[]},{"id":19970,"url":"https:\/\/www.shqiperia.com\/blog\/a-na-duhet-vertete-nje-minister-kulture\/","url_meta":{"origin":30889,"position":4},"title":"A na duhet v\u00ebrtet\u00eb nj\u00eb minist\u00ebr Kulture?!","author":"Kurt Farka","date":"April 22, 2019","format":false,"excerpt":"A na duhet v\u00ebrtet\u00eb nj\u00eb minist\u00ebr Kulture?! Gazeta Shqiptare Nga: Ben Andoni \u2013 Un\u00eb i thash\u00eb kryeministrit se Genti Cak\u00ebn mund ta b\u00ebnte Minist\u00ebr Kulture, n\u00ebse ai e vler\u00ebsonte aq shum\u00eb\u201d. Kjo \u00ebsht\u00eb fjalia e Z.Ilir\u00a0Meta q\u00eb u sfumua n\u00eb mesin e shum\u00eb prej fjalive ku publiku u mundua t\u00eb\u2026","rel":"","context":"In &quot;Blogu i Udh\u00ebtarit&quot;","block_context":{"text":"Blogu i Udh\u00ebtarit","link":"https:\/\/www.shqiperia.com\/blog\/category\/blogu-i-udhetarit\/"},"img":{"alt_text":"","src":"https:\/\/i0.wp.com\/www.shqiperia.com\/blog\/wp-content\/uploads\/2019\/04\/13-20-7-2-575x433.jpg?fit=575%2C301&ssl=1&resize=350%2C200","width":350,"height":200,"srcset":"https:\/\/i0.wp.com\/www.shqiperia.com\/blog\/wp-content\/uploads\/2019\/04\/13-20-7-2-575x433.jpg?fit=575%2C301&ssl=1&resize=350%2C200 1x, https:\/\/i0.wp.com\/www.shqiperia.com\/blog\/wp-content\/uploads\/2019\/04\/13-20-7-2-575x433.jpg?fit=575%2C301&ssl=1&resize=525%2C300 1.5x"},"classes":[]},{"id":54363,"url":"https:\/\/www.shqiperia.com\/blog\/hetimet-per-aferen-e-inceneratoreve-genc-burimi-nxjerr-prapaskenat-dhe-paralajmeron-termet-ne-politiken-shqiptare\/","url_meta":{"origin":30889,"position":5},"title":"Hetimet p\u00ebr afer\u00ebn e incenerator\u00ebve. &#8211; Genc Burimi nxjerr prapaskenat dhe paralajm\u00ebron \u2018t\u00ebrmet\u2019 n\u00eb politik\u00ebn shqiptare","author":"Kurt Farka","date":"February 23, 2022","format":false,"excerpt":"Hetimet p\u00ebr afer\u00ebn e incenerator\u00ebve. - Genc Burimi nxjerr prapaskenat dhe paralajm\u00ebron \u2018t\u00ebrmet\u2019 n\u00eb politik\u00ebn shqiptare 23 SHKURT 2022 Analisti Genc Burimi ka komentuar sot Komisionin Hetimor p\u00ebr afer\u00ebn e incenerator\u00ebve dhe zyrtar\u00ebt e lart\u00eb q\u00eb jan\u00eb thirrur t\u00eb d\u00ebshmojn\u00eb n\u00eb k\u00ebt\u00eb komision, mes tyre Arben Ahmeta, Engj\u00ebll Aga\u00e7i, Damina\u2026","rel":"","context":"In &quot;Blogu i Udh\u00ebtarit&quot;","block_context":{"text":"Blogu i Udh\u00ebtarit","link":"https:\/\/www.shqiperia.com\/blog\/category\/blogu-i-udhetarit\/"},"img":{"alt_text":"","src":"https:\/\/i0.wp.com\/www.shqiperia.com\/blog\/wp-content\/uploads\/2022\/02\/1603280018_auto80005f7d56a3c3d171602050014.jpg?fit=780%2C440&ssl=1&resize=350%2C200","width":350,"height":200,"srcset":"https:\/\/i0.wp.com\/www.shqiperia.com\/blog\/wp-content\/uploads\/2022\/02\/1603280018_auto80005f7d56a3c3d171602050014.jpg?fit=780%2C440&ssl=1&resize=350%2C200 1x, https:\/\/i0.wp.com\/www.shqiperia.com\/blog\/wp-content\/uploads\/2022\/02\/1603280018_auto80005f7d56a3c3d171602050014.jpg?fit=780%2C440&ssl=1&resize=525%2C300 1.5x, https:\/\/i0.wp.com\/www.shqiperia.com\/blog\/wp-content\/uploads\/2022\/02\/1603280018_auto80005f7d56a3c3d171602050014.jpg?fit=780%2C440&ssl=1&resize=700%2C400 2x"},"classes":[]}],"_links":{"self":[{"href":"https:\/\/www.shqiperia.com\/blog\/wp-json\/wp\/v2\/posts\/30889","targetHints":{"allow":["GET"]}}],"collection":[{"href":"https:\/\/www.shqiperia.com\/blog\/wp-json\/wp\/v2\/posts"}],"about":[{"href":"https:\/\/www.shqiperia.com\/blog\/wp-json\/wp\/v2\/types\/post"}],"author":[{"embeddable":true,"href":"https:\/\/www.shqiperia.com\/blog\/wp-json\/wp\/v2\/users\/9"}],"replies":[{"embeddable":true,"href":"https:\/\/www.shqiperia.com\/blog\/wp-json\/wp\/v2\/comments?post=30889"}],"version-history":[{"count":1,"href":"https:\/\/www.shqiperia.com\/blog\/wp-json\/wp\/v2\/posts\/30889\/revisions"}],"predecessor-version":[{"id":30891,"href":"https:\/\/www.shqiperia.com\/blog\/wp-json\/wp\/v2\/posts\/30889\/revisions\/30891"}],"wp:featuredmedia":[{"embeddable":true,"href":"https:\/\/www.shqiperia.com\/blog\/wp-json\/wp\/v2\/media\/30890"}],"wp:attachment":[{"href":"https:\/\/www.shqiperia.com\/blog\/wp-json\/wp\/v2\/media?parent=30889"}],"wp:term":[{"taxonomy":"category","embeddable":true,"href":"https:\/\/www.shqiperia.com\/blog\/wp-json\/wp\/v2\/categories?post=30889"},{"taxonomy":"post_tag","embeddable":true,"href":"https:\/\/www.shqiperia.com\/blog\/wp-json\/wp\/v2\/tags?post=30889"}],"curies":[{"name":"wp","href":"https:\/\/api.w.org\/{rel}","templated":true}]}}