{"id":30826,"date":"2020-01-30T00:32:35","date_gmt":"2020-01-30T00:32:35","guid":{"rendered":"https:\/\/www.shqiperia.com\/blog\/?p=30826"},"modified":"2020-01-30T00:32:48","modified_gmt":"2020-01-30T00:32:48","slug":"bardhi-rama-u-ka-marre-doreheqjen-61-kryetareve-te-bashkive","status":"publish","type":"post","link":"https:\/\/www.shqiperia.com\/blog\/bardhi-rama-u-ka-marre-doreheqjen-61-kryetareve-te-bashkive\/","title":{"rendered":"Bardhi: Rama u ka marr\u00eb dor\u00ebheqjen 61 kryetar\u00ebve t\u00eb bashkive"},"content":{"rendered":"<p><img data-recalc-dims=\"1\" loading=\"lazy\" decoding=\"async\" data-attachment-id=\"30827\" data-permalink=\"https:\/\/www.shqiperia.com\/blog\/bardhi-rama-u-ka-marre-doreheqjen-61-kryetareve-te-bashkive\/gazment-bardhi\/\" data-orig-file=\"https:\/\/i0.wp.com\/www.shqiperia.com\/blog\/wp-content\/uploads\/2020\/01\/Gazment-Bardhi.jpeg?fit=1242%2C567&amp;ssl=1\" data-orig-size=\"1242,567\" data-comments-opened=\"1\" data-image-meta=\"{&quot;aperture&quot;:&quot;0&quot;,&quot;credit&quot;:&quot;&quot;,&quot;camera&quot;:&quot;&quot;,&quot;caption&quot;:&quot;&quot;,&quot;created_timestamp&quot;:&quot;0&quot;,&quot;copyright&quot;:&quot;&quot;,&quot;focal_length&quot;:&quot;0&quot;,&quot;iso&quot;:&quot;0&quot;,&quot;shutter_speed&quot;:&quot;0&quot;,&quot;title&quot;:&quot;&quot;,&quot;orientation&quot;:&quot;1&quot;}\" data-image-title=\"Gazment Bardhi\" data-image-description=\"\" data-image-caption=\"\" data-medium-file=\"https:\/\/i0.wp.com\/www.shqiperia.com\/blog\/wp-content\/uploads\/2020\/01\/Gazment-Bardhi.jpeg?fit=300%2C137&amp;ssl=1\" data-large-file=\"https:\/\/i0.wp.com\/www.shqiperia.com\/blog\/wp-content\/uploads\/2020\/01\/Gazment-Bardhi.jpeg?fit=1024%2C467&amp;ssl=1\" class=\"alignnone  wp-image-30827\" alt=\"\" src=\"https:\/\/i0.wp.com\/www.shqiperia.com\/blog\/wp-content\/uploads\/2020\/01\/Gazment-Bardhi.jpeg?resize=515%2C237&#038;ssl=1\" width=\"515\" height=\"237\" srcset=\"https:\/\/i0.wp.com\/www.shqiperia.com\/blog\/wp-content\/uploads\/2020\/01\/Gazment-Bardhi.jpeg?resize=300%2C137&amp;ssl=1 300w, https:\/\/i0.wp.com\/www.shqiperia.com\/blog\/wp-content\/uploads\/2020\/01\/Gazment-Bardhi.jpeg?resize=400%2C183&amp;ssl=1 400w, https:\/\/i0.wp.com\/www.shqiperia.com\/blog\/wp-content\/uploads\/2020\/01\/Gazment-Bardhi.jpeg?zoom=2&amp;resize=515%2C237&amp;ssl=1 1030w\" sizes=\"auto, (max-width: 515px) 100vw, 515px\" \/><\/p>\n<p><strong>Bardhi: Rama u ka marr\u00eb dor\u00ebheqjen 61 kryetar\u00ebve t\u00eb bashkive<\/strong><\/p>\n<p>29\/01\/20 |<\/p>\n<p>Sekretari i P\u00ebrgjithsh\u00ebm i PD, Gazment Bardhi, zbuloi sonte n\u00eb nj\u00eb intervist\u00eb n\u00eb Abc News se, Edi Rama u ka marr\u00eb me shkres\u00eb, dor\u00ebheqjen, 61 kryetar\u00ebve t\u00eb bashkive.<\/p>\n<p>B\u00ebhet fjal\u00eb p\u00ebr nj\u00eb instrument presioni, q\u00eb kryeministri t\u2019i kishte n\u00eb dor\u00eb dhe n\u00ebn kontroll t\u00eb zgjedhurit e tij.\u00a0Eventualisht, n\u00eb \u00e7do rast, t\u2019i p\u00ebrdorte ato.<\/p>\n<p>Sipas Bardhit, me k\u00ebt\u00eb, Rama nuk i konsideron ata kryetar\u00eb bashkie, por vegla t\u00eb tij.<\/p>\n<p>Me gjas\u00eb, kryeministri mund ta ket\u00eb menduar k\u00ebt\u00eb edhe si nj\u00eb l\u00ebvizje n\u00eb rast t\u00eb ndonj\u00eb marr\u00ebveshjeje politike, p\u00ebr t\u00eb shmangur kok\u00ebfort\u00ebsin\u00eb e ndonj\u00eb kryetari q\u00eb mund t\u00eb mos pranonte urdh\u00ebrin politik.<\/p>\n<p>Gazeta Mapo<\/p>\n","protected":false},"excerpt":{"rendered":"<p>Bardhi: Rama u ka marr\u00eb dor\u00ebheqjen 61 kryetar\u00ebve t\u00eb bashkive 29\/01\/20 | Sekretari i P\u00ebrgjithsh\u00ebm i PD, Gazment Bardhi, zbuloi sonte n\u00eb nj\u00eb intervist\u00eb n\u00eb Abc News se, Edi Rama u ka marr\u00eb me shkres\u00eb, dor\u00ebheqjen, 61 kryetar\u00ebve t\u00eb bashkive. B\u00ebhet fjal\u00eb p\u00ebr nj\u00eb instrument presioni, q\u00eb kryeministri t\u2019i kishte n\u00eb dor\u00eb dhe n\u00ebn kontroll [&hellip;]<\/p>\n","protected":false},"author":9,"featured_media":30827,"comment_status":"open","ping_status":"open","sticky":false,"template":"","format":"standard","meta":{"jetpack_post_was_ever_published":false,"_jetpack_newsletter_access":"","_jetpack_dont_email_post_to_subs":false,"_jetpack_newsletter_tier_id":0,"_jetpack_memberships_contains_paywalled_content":false,"_jetpack_memberships_contains_paid_content":false,"footnotes":"","jetpack_publicize_message":"","jetpack_publicize_feature_enabled":true,"jetpack_social_post_already_shared":true,"jetpack_social_options":{"image_generator_settings":{"template":"highway","default_image_id":0,"font":"","enabled":false},"version":2}},"categories":[27,2],"tags":[],"class_list":["post-30826","post","type-post","status-publish","format-standard","has-post-thumbnail","hentry","category-blogu-i-udhetarit","category-politika"],"jetpack_publicize_connections":[],"jetpack_featured_media_url":"https:\/\/i0.wp.com\/www.shqiperia.com\/blog\/wp-content\/uploads\/2020\/01\/Gazment-Bardhi.jpeg?fit=1242%2C567&ssl=1","jetpack_sharing_enabled":true,"jetpack_shortlink":"https:\/\/wp.me\/p5Z6wp-81c","jetpack-related-posts":[{"id":98273,"url":"https:\/\/www.shqiperia.com\/blog\/gazment-bardhi-thirrje-qytetareve-me-12-mars-para-parlamentit-fjala-iu-mbetet-ju\/","url_meta":{"origin":30826,"position":0},"title":"Gazment Bardhi thirrje qytetar\u00ebve: &#8211; M\u00eb 12 mars, para Parlamentit fjala iu mbetet ju","author":"Kurt Farka","date":"March 10, 2026","format":false,"excerpt":"10 Mars 2026 Kreu i grupit parlamentar t\u00eb PD-s\u00eb, Gazment Bardhi po mban j\u00eb deklarat\u00eb p\u00ebr mediat nga selia blu ku u ka b\u00ebr\u00eb thirrje qytetar\u00ebve q\u00eb t\u00eb marrin pjes\u00eb n\u00eb protest\u00ebn q\u00eb do t\u00eb mbahet n\u00eb dat\u00ebn 12 mars p\u00ebrpara Kuvendit. Ai ka shtuar se 12 marsi \u00ebsht\u00eb data\u2026","rel":"","context":"In &quot;Blogu i Udh\u00ebtarit&quot;","block_context":{"text":"Blogu i Udh\u00ebtarit","link":"https:\/\/www.shqiperia.com\/blog\/category\/blogu-i-udhetarit\/"},"img":{"alt_text":"","src":"https:\/\/i0.wp.com\/www.shqiperia.com\/blog\/wp-content\/uploads\/2026\/03\/PDal-1.jpg?fit=1200%2C675&ssl=1&resize=350%2C200","width":350,"height":200,"srcset":"https:\/\/i0.wp.com\/www.shqiperia.com\/blog\/wp-content\/uploads\/2026\/03\/PDal-1.jpg?fit=1200%2C675&ssl=1&resize=350%2C200 1x, https:\/\/i0.wp.com\/www.shqiperia.com\/blog\/wp-content\/uploads\/2026\/03\/PDal-1.jpg?fit=1200%2C675&ssl=1&resize=525%2C300 1.5x, https:\/\/i0.wp.com\/www.shqiperia.com\/blog\/wp-content\/uploads\/2026\/03\/PDal-1.jpg?fit=1200%2C675&ssl=1&resize=700%2C400 2x, https:\/\/i0.wp.com\/www.shqiperia.com\/blog\/wp-content\/uploads\/2026\/03\/PDal-1.jpg?fit=1200%2C675&ssl=1&resize=1050%2C600 3x"},"classes":[]},{"id":48381,"url":"https:\/\/www.shqiperia.com\/blog\/open-data-qeveria-ka-me-shume-shkelje-ne-tendera-se-bashkite-ja-cfare-shkruan-zeri-i-amerikes-pas-paralajmerimit-te-forte-qe-leshoi-rama-ndaj-kryetareve-te-bashkise-ne-vend\/","url_meta":{"origin":30826,"position":1},"title":"Open Data: -Qeveria ka m\u00eb shum\u00eb shkelje n\u00eb tendera se bashkit\u00eb. &#8211; Ja \u00e7far\u00eb shkruan Z\u00ebri i Amerik\u00ebs pas paralajm\u00ebrimit t\u00eb fort\u00eb q\u00eb l\u00ebshoi Rama ndaj kryetar\u00ebve t\u00eb bashkis\u00eb n\u00eb vend.","author":"Kurt Farka","date":"July 10, 2021","format":false,"excerpt":"Open Data: -Qeveria ka m\u00eb shum\u00eb shkelje n\u00eb tendera se bashkit\u00eb. - Ja \u00e7far\u00eb shkruan Z\u00ebri i Amerik\u00ebs pas paralajm\u00ebrimit t\u00eb fort\u00eb q\u00eb l\u00ebshoi Rama ndaj kryetar\u00ebve t\u00eb bashkis\u00eb n\u00eb vend. 10 KORRIK 2021 N\u00eb Tiran\u00eb, kryeministri Edi Rama u b\u00ebri thirrje kryetar\u00ebve t\u00eb bashkive q\u00eb t\u2019u japin fund praktikave\u2026","rel":"","context":"In &quot;Blogu i Udh\u00ebtarit&quot;","block_context":{"text":"Blogu i Udh\u00ebtarit","link":"https:\/\/www.shqiperia.com\/blog\/category\/blogu-i-udhetarit\/"},"img":{"alt_text":"","src":"https:\/\/i0.wp.com\/www.shqiperia.com\/blog\/wp-content\/uploads\/2021\/07\/Aranita-Braha-Edi-Rama.jpg?fit=772%2C416&ssl=1&resize=350%2C200","width":350,"height":200,"srcset":"https:\/\/i0.wp.com\/www.shqiperia.com\/blog\/wp-content\/uploads\/2021\/07\/Aranita-Braha-Edi-Rama.jpg?fit=772%2C416&ssl=1&resize=350%2C200 1x, https:\/\/i0.wp.com\/www.shqiperia.com\/blog\/wp-content\/uploads\/2021\/07\/Aranita-Braha-Edi-Rama.jpg?fit=772%2C416&ssl=1&resize=525%2C300 1.5x, https:\/\/i0.wp.com\/www.shqiperia.com\/blog\/wp-content\/uploads\/2021\/07\/Aranita-Braha-Edi-Rama.jpg?fit=772%2C416&ssl=1&resize=700%2C400 2x"},"classes":[]},{"id":48378,"url":"https:\/\/www.shqiperia.com\/blog\/kryeministri-rama-zbulon-raportin-e-prokurorimeve-publike-nga-61-bashki-te-vendit-47-prej-tyre-bejne-tendera-vetem-me-nje-operator\/","url_meta":{"origin":30826,"position":2},"title":"Kryeministri Rama zbulon raportin e prokurorimeve publike: -Nga 61 bashki t\u00eb vendit, 47 prej tyre b\u00ebjn\u00eb tendera vet\u00ebm me nj\u00eb operator","author":"Kurt Farka","date":"July 10, 2021","format":false,"excerpt":"Kryeministri Rama zbulon raportin e prokurorimeve publike: -Nga 61 bashki t\u00eb vendit, 47 prej tyre b\u00ebjn\u00eb tendera vet\u00ebm me nj\u00eb operator 9 qershor\u00a0 2021 Kryeministri Edi Rama n\u00eb nj\u00eb takim me kryetar\u00ebt e bashkive u ka k\u00ebrkuar atyre q\u00eb t\u00eb ken\u00eb shum\u00eb kujdes dhe t\u2019i v\u00ebn\u00eb gishtin kok\u00ebs se n\u00eb\u2026","rel":"","context":"In &quot;Blogu i Udh\u00ebtarit&quot;","block_context":{"text":"Blogu i Udh\u00ebtarit","link":"https:\/\/www.shqiperia.com\/blog\/category\/blogu-i-udhetarit\/"},"img":{"alt_text":"","src":"https:\/\/i0.wp.com\/www.shqiperia.com\/blog\/wp-content\/uploads\/2021\/07\/rama-kryesoreee.png?fit=1116%2C678&ssl=1&resize=350%2C200","width":350,"height":200,"srcset":"https:\/\/i0.wp.com\/www.shqiperia.com\/blog\/wp-content\/uploads\/2021\/07\/rama-kryesoreee.png?fit=1116%2C678&ssl=1&resize=350%2C200 1x, https:\/\/i0.wp.com\/www.shqiperia.com\/blog\/wp-content\/uploads\/2021\/07\/rama-kryesoreee.png?fit=1116%2C678&ssl=1&resize=525%2C300 1.5x, https:\/\/i0.wp.com\/www.shqiperia.com\/blog\/wp-content\/uploads\/2021\/07\/rama-kryesoreee.png?fit=1116%2C678&ssl=1&resize=700%2C400 2x, https:\/\/i0.wp.com\/www.shqiperia.com\/blog\/wp-content\/uploads\/2021\/07\/rama-kryesoreee.png?fit=1116%2C678&ssl=1&resize=1050%2C600 3x"},"classes":[]},{"id":45036,"url":"https:\/\/www.shqiperia.com\/blog\/perplasjet-me-gjiknurin-dritan-leli-drejt-doreheqjes-si-kryebashkiak-ja-oferta-qe-i-beri-rama-afrim-qendro-do-behet-kryetari-i-bashkise-se-vlores-dritan-leli-pritet-te-jape-doreheqjen-p\/","url_meta":{"origin":30826,"position":3},"title":"P\u00ebrplasjet me Gjiknurin, Dritan Leli drejt dor\u00ebheqjes si kryebashkiak, ja oferta q\u00eb i b\u00ebri Rama.","author":"Kurt Farka","date":"March 6, 2021","format":false,"excerpt":"P\u00ebrplasjet me Gjiknurin, Dritan Leli drejt dor\u00ebheqjes si kryebashkiak, ja oferta q\u00eb i b\u00ebri Rama. Afrim Qendro do b\u00ebhet\u2026 6 mars 2021 Kryetari i Bashkis\u00eb s\u00eb Vlor\u00ebs, Dritan Leli, pritet t\u00eb jap\u00eb dor\u00ebheqjen pas k\u00ebrkes\u00ebs q\u00eb Kryeministri Rama i ka b\u00ebr\u00eb p\u00ebr t\u00eb qen\u00eb pjes\u00eb e list\u00ebs s\u00eb kandidat\u00ebve p\u00ebr\u2026","rel":"","context":"In &quot;Politika&quot;","block_context":{"text":"Politika","link":"https:\/\/www.shqiperia.com\/blog\/category\/politika\/"},"img":{"alt_text":"","src":"https:\/\/i0.wp.com\/www.shqiperia.com\/blog\/wp-content\/uploads\/2021\/03\/pjimage-68.jpg?fit=600%2C400&ssl=1&resize=350%2C200","width":350,"height":200,"srcset":"https:\/\/i0.wp.com\/www.shqiperia.com\/blog\/wp-content\/uploads\/2021\/03\/pjimage-68.jpg?fit=600%2C400&ssl=1&resize=350%2C200 1x, https:\/\/i0.wp.com\/www.shqiperia.com\/blog\/wp-content\/uploads\/2021\/03\/pjimage-68.jpg?fit=600%2C400&ssl=1&resize=525%2C300 1.5x"},"classes":[]},{"id":95622,"url":"https:\/\/www.shqiperia.com\/blog\/rama-te-jape-doreheqjen-bashke-me-ballukun-lubonja-paralajmeron-zhvillime-te-forta-kryeministri-ska-1730-16-12-2025-a-a-rama-te-jape-doreheqjen-bashke-me-b\/","url_meta":{"origin":30826,"position":4},"title":"\u201cRama t\u00eb jap\u00eb dor\u00ebheqjen bashk\u00eb me Ballukun\u201d, Lubonja paralajm\u00ebron zhvillime t\u00eb forta: Kryeministri s\u2019ka..   17:30 | 16\/12\/2025 A A \u201cRama t\u00eb jap\u00eb dor\u00ebheqjen bashk\u00eb me Ballukun\u201d, Lubonja paralajm\u00ebron zhvillime t\u00eb forta: &#8211; Kryeministri s\u2019ka..","author":"Kurt Farka","date":"December 16, 2025","format":false,"excerpt":"16 Dhjetor 2025 Analisti Fatos Lubonja komentoi n\u00eb nj\u00eb emision televiziv pasditen e sotme k\u00ebrkes\u00ebn e SPAK ndaj Kuvendit p\u00ebr heqjen e imunitetit ndaj deputetes Belinda Ballukut. Lubonja rendit fillimisht disa hipoteza n\u00eb k\u00ebto hapa t\u00eb SPAK. M\u00eb tej shton se zullumi i korrupsionit n\u00eb vend \u00ebsht\u00eb b\u00ebr\u00eb aq i\u2026","rel":"","context":"In &quot;Blogu i Udh\u00ebtarit&quot;","block_context":{"text":"Blogu i Udh\u00ebtarit","link":"https:\/\/www.shqiperia.com\/blog\/category\/blogu-i-udhetarit\/"},"img":{"alt_text":"","src":"https:\/\/i0.wp.com\/www.shqiperia.com\/blog\/wp-content\/uploads\/2025\/12\/900-0-1765901085xramaedi-921.png?fit=900%2C575&ssl=1&resize=350%2C200","width":350,"height":200,"srcset":"https:\/\/i0.wp.com\/www.shqiperia.com\/blog\/wp-content\/uploads\/2025\/12\/900-0-1765901085xramaedi-921.png?fit=900%2C575&ssl=1&resize=350%2C200 1x, https:\/\/i0.wp.com\/www.shqiperia.com\/blog\/wp-content\/uploads\/2025\/12\/900-0-1765901085xramaedi-921.png?fit=900%2C575&ssl=1&resize=525%2C300 1.5x, https:\/\/i0.wp.com\/www.shqiperia.com\/blog\/wp-content\/uploads\/2025\/12\/900-0-1765901085xramaedi-921.png?fit=900%2C575&ssl=1&resize=700%2C400 2x"},"classes":[]},{"id":17898,"url":"https:\/\/www.shqiperia.com\/blog\/la-repubblica-ne-shesh-shume-te-papune-e-te-varfer-rama-jane-te-bashkive-te-pd\/","url_meta":{"origin":30826,"position":5},"title":"La Repubblica: N\u00eb shesh, shum\u00eb t\u00eb papun\u00eb e t\u00eb varf\u00ebr, Rama: &#8211; Jan\u00eb t\u00eb bashkive t\u00eb PD","author":"Kurt Farka","date":"February 24, 2019","format":false,"excerpt":"La Repubblica: N\u00eb shesh, shum\u00eb t\u00eb papun\u00eb e t\u00eb varf\u00ebr, Rama: - Jan\u00eb t\u00eb bashkive t\u00eb PD - 23\/02\/19 12 Media italiane ka shtuar v\u00ebmendjen ndaj zhvillimeve politike n\u00eb Shqip\u00ebri. Pas RaiNews, kryeministri Rama \u00ebsht\u00eb pyetur edhe nga gazeta italiane, La Repubblica, lidhur situat\u00ebn ku ndodhet vendi, dhe mbi m\u00ebnyr\u00ebn\u2026","rel":"","context":"In &quot;Blogu i Udh\u00ebtarit&quot;","block_context":{"text":"Blogu i Udh\u00ebtarit","link":"https:\/\/www.shqiperia.com\/blog\/category\/blogu-i-udhetarit\/"},"img":{"alt_text":"","src":"https:\/\/i0.wp.com\/www.shqiperia.com\/blog\/wp-content\/uploads\/2019\/02\/edi-rama-3-e1550929286888-1024x576.jpg?fit=1024%2C576&ssl=1&resize=350%2C200","width":350,"height":200,"srcset":"https:\/\/i0.wp.com\/www.shqiperia.com\/blog\/wp-content\/uploads\/2019\/02\/edi-rama-3-e1550929286888-1024x576.jpg?fit=1024%2C576&ssl=1&resize=350%2C200 1x, https:\/\/i0.wp.com\/www.shqiperia.com\/blog\/wp-content\/uploads\/2019\/02\/edi-rama-3-e1550929286888-1024x576.jpg?fit=1024%2C576&ssl=1&resize=525%2C300 1.5x, https:\/\/i0.wp.com\/www.shqiperia.com\/blog\/wp-content\/uploads\/2019\/02\/edi-rama-3-e1550929286888-1024x576.jpg?fit=1024%2C576&ssl=1&resize=700%2C400 2x"},"classes":[]}],"_links":{"self":[{"href":"https:\/\/www.shqiperia.com\/blog\/wp-json\/wp\/v2\/posts\/30826","targetHints":{"allow":["GET"]}}],"collection":[{"href":"https:\/\/www.shqiperia.com\/blog\/wp-json\/wp\/v2\/posts"}],"about":[{"href":"https:\/\/www.shqiperia.com\/blog\/wp-json\/wp\/v2\/types\/post"}],"author":[{"embeddable":true,"href":"https:\/\/www.shqiperia.com\/blog\/wp-json\/wp\/v2\/users\/9"}],"replies":[{"embeddable":true,"href":"https:\/\/www.shqiperia.com\/blog\/wp-json\/wp\/v2\/comments?post=30826"}],"version-history":[{"count":2,"href":"https:\/\/www.shqiperia.com\/blog\/wp-json\/wp\/v2\/posts\/30826\/revisions"}],"predecessor-version":[{"id":30829,"href":"https:\/\/www.shqiperia.com\/blog\/wp-json\/wp\/v2\/posts\/30826\/revisions\/30829"}],"wp:featuredmedia":[{"embeddable":true,"href":"https:\/\/www.shqiperia.com\/blog\/wp-json\/wp\/v2\/media\/30827"}],"wp:attachment":[{"href":"https:\/\/www.shqiperia.com\/blog\/wp-json\/wp\/v2\/media?parent=30826"}],"wp:term":[{"taxonomy":"category","embeddable":true,"href":"https:\/\/www.shqiperia.com\/blog\/wp-json\/wp\/v2\/categories?post=30826"},{"taxonomy":"post_tag","embeddable":true,"href":"https:\/\/www.shqiperia.com\/blog\/wp-json\/wp\/v2\/tags?post=30826"}],"curies":[{"name":"wp","href":"https:\/\/api.w.org\/{rel}","templated":true}]}}