{"id":30823,"date":"2020-01-30T00:12:15","date_gmt":"2020-01-30T00:12:15","guid":{"rendered":"https:\/\/www.shqiperia.com\/blog\/?p=30823"},"modified":"2020-01-30T00:12:15","modified_gmt":"2020-01-30T00:12:15","slug":"nisin-problemet-spanja-paralajmeron-bojkotimin-e-samitit-te-zagrebit","status":"publish","type":"post","link":"https:\/\/www.shqiperia.com\/blog\/nisin-problemet-spanja-paralajmeron-bojkotimin-e-samitit-te-zagrebit\/","title":{"rendered":"Nisin problemet, Spanja paralajm\u00ebron bojkotimin e Samitit t\u00eb Zagrebit."},"content":{"rendered":"<p><img data-recalc-dims=\"1\" loading=\"lazy\" decoding=\"async\" data-attachment-id=\"30824\" data-permalink=\"https:\/\/www.shqiperia.com\/blog\/nisin-problemet-spanja-paralajmeron-bojkotimin-e-samitit-te-zagrebit\/4f91736d-bd0d-4264-b343-182a3dc131ac_cx0_cy10_cw0_w1023_r1_s\/\" data-orig-file=\"https:\/\/i0.wp.com\/www.shqiperia.com\/blog\/wp-content\/uploads\/2020\/01\/4F91736D-BD0D-4264-B343-182A3DC131AC_cx0_cy10_cw0_w1023_r1_s.jpg?fit=1023%2C575&amp;ssl=1\" data-orig-size=\"1023,575\" data-comments-opened=\"1\" data-image-meta=\"{&quot;aperture&quot;:&quot;0&quot;,&quot;credit&quot;:&quot;&quot;,&quot;camera&quot;:&quot;&quot;,&quot;caption&quot;:&quot;&quot;,&quot;created_timestamp&quot;:&quot;0&quot;,&quot;copyright&quot;:&quot;&quot;,&quot;focal_length&quot;:&quot;0&quot;,&quot;iso&quot;:&quot;0&quot;,&quot;shutter_speed&quot;:&quot;0&quot;,&quot;title&quot;:&quot;&quot;,&quot;orientation&quot;:&quot;0&quot;}\" data-image-title=\"4F91736D-BD0D-4264-B343-182A3DC131AC_cx0_cy10_cw0_w1023_r1_s\" data-image-description=\"\" data-image-caption=\"\" data-medium-file=\"https:\/\/i0.wp.com\/www.shqiperia.com\/blog\/wp-content\/uploads\/2020\/01\/4F91736D-BD0D-4264-B343-182A3DC131AC_cx0_cy10_cw0_w1023_r1_s.jpg?fit=300%2C169&amp;ssl=1\" data-large-file=\"https:\/\/i0.wp.com\/www.shqiperia.com\/blog\/wp-content\/uploads\/2020\/01\/4F91736D-BD0D-4264-B343-182A3DC131AC_cx0_cy10_cw0_w1023_r1_s.jpg?fit=1023%2C575&amp;ssl=1\" class=\"alignnone  wp-image-30824\" alt=\"\" src=\"https:\/\/i0.wp.com\/www.shqiperia.com\/blog\/wp-content\/uploads\/2020\/01\/4F91736D-BD0D-4264-B343-182A3DC131AC_cx0_cy10_cw0_w1023_r1_s.jpg?resize=557%2C314&#038;ssl=1\" width=\"557\" height=\"314\" srcset=\"https:\/\/i0.wp.com\/www.shqiperia.com\/blog\/wp-content\/uploads\/2020\/01\/4F91736D-BD0D-4264-B343-182A3DC131AC_cx0_cy10_cw0_w1023_r1_s.jpg?resize=300%2C169&amp;ssl=1 300w, https:\/\/i0.wp.com\/www.shqiperia.com\/blog\/wp-content\/uploads\/2020\/01\/4F91736D-BD0D-4264-B343-182A3DC131AC_cx0_cy10_cw0_w1023_r1_s.jpg?resize=768%2C432&amp;ssl=1 768w, https:\/\/i0.wp.com\/www.shqiperia.com\/blog\/wp-content\/uploads\/2020\/01\/4F91736D-BD0D-4264-B343-182A3DC131AC_cx0_cy10_cw0_w1023_r1_s.jpg?resize=450%2C253&amp;ssl=1 450w, https:\/\/i0.wp.com\/www.shqiperia.com\/blog\/wp-content\/uploads\/2020\/01\/4F91736D-BD0D-4264-B343-182A3DC131AC_cx0_cy10_cw0_w1023_r1_s.jpg?resize=600%2C337&amp;ssl=1 600w, https:\/\/i0.wp.com\/www.shqiperia.com\/blog\/wp-content\/uploads\/2020\/01\/4F91736D-BD0D-4264-B343-182A3DC131AC_cx0_cy10_cw0_w1023_r1_s.jpg?resize=400%2C225&amp;ssl=1 400w, https:\/\/i0.wp.com\/www.shqiperia.com\/blog\/wp-content\/uploads\/2020\/01\/4F91736D-BD0D-4264-B343-182A3DC131AC_cx0_cy10_cw0_w1023_r1_s.jpg?w=1023&amp;ssl=1 1023w\" sizes=\"auto, (max-width: 557px) 100vw, 557px\" \/><\/p>\n<p><strong>Nisin problemet, Spanja paralajm\u00ebron bojkotimin e Samitit t\u00eb Zagrebit<\/strong><\/p>\n<p><strong>29 Janar 2020 <\/strong><\/p>\n<p>Spanja k\u00ebrc\u00ebnon se do t\u00eb bojkotoj\u00eb Samitin e Zagrebit p\u00ebr shkak t\u00eb pjes\u00ebmarrjes s\u00eb Kosov\u00ebs, ka m\u00ebsuar Radio Evropa e Lir\u00eb nga burime t\u00eb besueshme n\u00eb Madrid, Zagreb dhe Bruksel.<\/p>\n<p>Sipas tyre, zyrtar\u00ebt spanjoll\u00eb i kan\u00eb paralajm\u00ebruar mikprit\u00ebsit e samitit t\u00eb ardhsh\u00ebm se nuk do t\u00eb marrin pjes\u00eb n\u00eb takimin ku Kosova ka pjes\u00ebmarrje t\u00eb barabart\u00eb me vendet tjera t\u00eb Ballkanit Per\u00ebndimor. Po sipas burimeve, diplomat\u00ebt e vendeve tjera t\u00eb Bashkimit Europian jan\u00eb njoftuar tashm\u00eb se Spanja mund ta anashkaloj\u00eb Samitin e Zagrebit. Samiti mes p\u00ebrfaq\u00ebsuesve t\u00eb BE-s\u00eb dhe atyre t\u00eb Ballkanit Per\u00ebndimor do t\u00eb mbahet m\u00eb 6-7 maj.<\/p>\n<p>Spanja nuk e njeh pavar\u00ebsin\u00eb e Kosov\u00ebs. Qeveria n\u00eb Madrid e ka sfiduar pjes\u00ebmarrjen e barabart\u00eb t\u00eb Kosov\u00ebs n\u00eb t\u00eb gjitha tubimet e nivelit europian. Ajo edhe m\u00eb par\u00eb ka bojkotuar takime t\u00eb ngjashme.<\/p>\n<p>N\u00eb vitin 2018 n\u00eb Sofje, kur \u00ebsht\u00eb mbajtur Samiti me Ballkanin Per\u00ebndimor, i pari pas 15 vjet\u00ebsh, Madridi zyrtar nuk ka marr\u00eb pjes\u00eb p\u00ebr t\u00eb nj\u00ebjtat arsye. N\u00eb nj\u00eb takim joformal t\u00eb ministrave t\u00eb jasht\u00ebm t\u00eb BE-s\u00eb dhe rajonit, i cili u zhvillua n\u00eb Helsinki gushtin e kaluar, ministri i at\u00ebhersh\u00ebm i pun\u00ebve t\u00eb Jashtme t\u00eb Spanj\u00ebs, Josep Borrell, u largua nga salla p\u00ebr shkak t\u00eb pranis\u00eb s\u00eb ministrit t\u00eb Kosov\u00ebs.<\/p>\n<p>Asokohe, ai nuk ka qen\u00eb i em\u00ebruar p\u00ebr pozit\u00ebn e shefit t\u00eb Politik\u00ebs s\u00eb Jashtme t\u00eb BE-s\u00eb. I pyetur nga Sh\u00ebrbimi i Ballkanit i Radios Evropa e Lir\u00eb, p\u00ebr problemet e mundshme n\u00eb organizimin e samitit p\u00ebr shkak t\u00eb pjes\u00ebmarrjes s\u00eb barabart\u00eb t\u00eb Kosov\u00ebs, kryetari i Parlamentit kroat, Gordan Jandrokovic, tha se nuk \u00ebsht\u00eb e leht\u00eb t\u00eb p\u00ebrputhen interesat e t\u00eb gjitha vendeve an\u00ebtare t\u00eb BE-s\u00eb.<\/p>\n<p>\u201cKur ka interesa t\u00eb ndrysh\u00ebm, at\u00ebher\u00eb negociohet gjat\u00eb\u201d, tha Jandrokovic, i cili ka konfirmuar se kryeministri kroat, Andrej Pllenkovi\u00e7, \u00ebsht\u00eb n\u00eb kontakt me t\u00eb gjith\u00eb lider\u00ebt evropian\u00eb rreth organizimit t\u00eb samitit.<\/p>\n<p>Jandrokovic po ashtu tha se Qeveria e Kroacis\u00eb do t\u00eb b\u00ebj\u00eb gjith\u00e7ka t\u00eb mundur p\u00ebr t\u2019iu dh\u00ebn\u00eb vendeve t\u00eb Ballkanit Per\u00ebndimor perspektiv\u00eb t\u00eb qart\u00eb europiane. \u201cJo t\u00eb gjitha vendet e BE-s\u00eb kan\u00eb nj\u00eb q\u00ebndrim dhe entuziaz\u00ebm t\u00eb till\u00eb. Ne do t\u00eb flasim n\u00eb interesin m\u00eb t\u00eb mir\u00eb t\u00eb fqinjve tan\u00eb\u201d ka th\u00ebn\u00eb mes tjerash ai.<\/p>\n<p><strong>\u00a9Copyright Gazeta SHQIP<\/strong><\/p>\n","protected":false},"excerpt":{"rendered":"<p>Nisin problemet, Spanja paralajm\u00ebron bojkotimin e Samitit t\u00eb Zagrebit 29 Janar 2020 Spanja k\u00ebrc\u00ebnon se do t\u00eb bojkotoj\u00eb Samitin e Zagrebit p\u00ebr shkak t\u00eb pjes\u00ebmarrjes s\u00eb Kosov\u00ebs, ka m\u00ebsuar Radio Evropa e Lir\u00eb nga burime t\u00eb besueshme n\u00eb Madrid, Zagreb dhe Bruksel. Sipas tyre, zyrtar\u00ebt spanjoll\u00eb i kan\u00eb paralajm\u00ebruar mikprit\u00ebsit e samitit t\u00eb ardhsh\u00ebm se [&hellip;]<\/p>\n","protected":false},"author":9,"featured_media":30824,"comment_status":"open","ping_status":"open","sticky":false,"template":"","format":"standard","meta":{"jetpack_post_was_ever_published":false,"_jetpack_newsletter_access":"","_jetpack_dont_email_post_to_subs":false,"_jetpack_newsletter_tier_id":0,"_jetpack_memberships_contains_paywalled_content":false,"_jetpack_memberships_contains_paid_content":false,"footnotes":"","jetpack_publicize_message":"","jetpack_publicize_feature_enabled":true,"jetpack_social_post_already_shared":true,"jetpack_social_options":{"image_generator_settings":{"template":"highway","default_image_id":0,"font":"","enabled":false},"version":2}},"categories":[27,2],"tags":[],"class_list":["post-30823","post","type-post","status-publish","format-standard","has-post-thumbnail","hentry","category-blogu-i-udhetarit","category-politika"],"jetpack_publicize_connections":[],"jetpack_featured_media_url":"https:\/\/i0.wp.com\/www.shqiperia.com\/blog\/wp-content\/uploads\/2020\/01\/4F91736D-BD0D-4264-B343-182A3DC131AC_cx0_cy10_cw0_w1023_r1_s.jpg?fit=1023%2C575&ssl=1","jetpack_sharing_enabled":true,"jetpack_shortlink":"https:\/\/wp.me\/p5Z6wp-819","jetpack-related-posts":[{"id":30527,"url":"https:\/\/www.shqiperia.com\/blog\/e-zbulon-per-here-te-pare-monika-kryemadhi-rama-ka-rene-dakord-do-shpallte-zgjedhjet-e-parakohshme-ne-muajin\/","url_meta":{"origin":30823,"position":0},"title":"E zbulon p\u00ebr her\u00eb t\u00eb par\u00eb Monika Kryemadhi: &#8211; Rama ka r\u00ebn\u00eb dakord. Do shpallte zgjedhjet e parakohshme n\u00eb muajin&#8230;","author":"Kurt Farka","date":"January 21, 2020","format":false,"excerpt":"E zbulon p\u00ebr her\u00eb t\u00eb par\u00eb Monika Kryemadhi: - Rama ka r\u00ebn\u00eb dakord. Do shpallte zgjedhjet e parakohshme n\u00eb muajin... 20 JANAR 2020 P\u00ebr her\u00eb t\u00eb par\u00eb, kryetarja e LSI-s\u00eb Monika Kryemadhi zbuloi se dakord\u00ebsia p\u00ebr reform\u00ebn zgjedhore \u00ebsht\u00eb arritur m\u00eb her\u00ebt se sa janari, duke th\u00ebn\u00eb se zgjedhjet e\u2026","rel":"","context":"In &quot;Blogu i Udh\u00ebtarit&quot;","block_context":{"text":"Blogu i Udh\u00ebtarit","link":"https:\/\/www.shqiperia.com\/blog\/category\/blogu-i-udhetarit\/"},"img":{"alt_text":"","src":"https:\/\/i0.wp.com\/www.shqiperia.com\/blog\/wp-content\/uploads\/2020\/01\/640-0-5e2614c159569.jpg?fit=640%2C321&ssl=1&resize=350%2C200","width":350,"height":200,"srcset":"https:\/\/i0.wp.com\/www.shqiperia.com\/blog\/wp-content\/uploads\/2020\/01\/640-0-5e2614c159569.jpg?fit=640%2C321&ssl=1&resize=350%2C200 1x, https:\/\/i0.wp.com\/www.shqiperia.com\/blog\/wp-content\/uploads\/2020\/01\/640-0-5e2614c159569.jpg?fit=640%2C321&ssl=1&resize=525%2C300 1.5x"},"classes":[]},{"id":78728,"url":"https:\/\/www.shqiperia.com\/blog\/vucic-pas-samitit-ne-tirane-sanksionet-kunder-rusise-nuk-permenden-ne-deklarate-pjesemarresit-rane-dakord-qe\/","url_meta":{"origin":30823,"position":1},"title":"Vu\u00e7i\u00e7 pas Samitit n\u00eb Tiran\u00eb: &#8211; Sanksionet kund\u00ebr Rusis\u00eb nuk p\u00ebrmenden n\u00eb deklarat\u00eb! &#8211; Pjes\u00ebmarr\u00ebsit ran\u00eb dakord q\u00eb\u2026","author":"Kurt Farka","date":"February 28, 2024","format":false,"excerpt":"28 Shkurt 2024 Presidenti i Serbis\u00eb, Aleksandar Vu\u00e7i\u00e7, tha se deklarata e r\u00ebn\u00eb dakord n\u00eb Samitin p\u00ebr Ukrain\u00ebn q\u00eb u mbajt n\u00eb Tiran\u00eb, nuk i p\u00ebrmend sanksionet kund\u00ebr Rusis\u00eb e as ndikimin keqdash\u00ebs rus. Kjo, sipas tij, u b\u00eb e mundur me k\u00ebrkes\u00eb t\u00eb Serbis\u00eb. \u201cPjes\u00ebmarr\u00ebsit ran\u00eb dakord q\u00eb ta\u2026","rel":"","context":"In &quot;Blogu i Udh\u00ebtarit&quot;","block_context":{"text":"Blogu i Udh\u00ebtarit","link":"https:\/\/www.shqiperia.com\/blog\/category\/blogu-i-udhetarit\/"},"img":{"alt_text":"","src":"https:\/\/i0.wp.com\/www.shqiperia.com\/blog\/wp-content\/uploads\/2024\/02\/800-0-5a296e3bd762d335fcdb41ac5f52da5a.jpeg?fit=800%2C447&ssl=1&resize=350%2C200","width":350,"height":200,"srcset":"https:\/\/i0.wp.com\/www.shqiperia.com\/blog\/wp-content\/uploads\/2024\/02\/800-0-5a296e3bd762d335fcdb41ac5f52da5a.jpeg?fit=800%2C447&ssl=1&resize=350%2C200 1x, https:\/\/i0.wp.com\/www.shqiperia.com\/blog\/wp-content\/uploads\/2024\/02\/800-0-5a296e3bd762d335fcdb41ac5f52da5a.jpeg?fit=800%2C447&ssl=1&resize=525%2C300 1.5x, https:\/\/i0.wp.com\/www.shqiperia.com\/blog\/wp-content\/uploads\/2024\/02\/800-0-5a296e3bd762d335fcdb41ac5f52da5a.jpeg?fit=800%2C447&ssl=1&resize=700%2C400 2x"},"classes":[]},{"id":81643,"url":"https:\/\/www.shqiperia.com\/blog\/partia-katalunase-dorezon-ne-parlament-propozimin-per-njohjen-e-kosoves-nga-spanja\/","url_meta":{"origin":30823,"position":2},"title":"Partia katalunase dor\u00ebzon n\u00eb Parlament propozimin p\u00ebr njohjen e Kosov\u00ebs nga Spanja","author":"Kurt Farka","date":"June 5, 2024","format":false,"excerpt":"6 Qershor 2024 \u201cJunts per Catalunya\u201d, partia katalunase kan\u00eb d\u00ebrguar sot nj\u00eb propozim n\u00eb Parlamentin e Spanj\u00ebs ku i k\u00ebrkojn\u00eb qeveris\u00eb spanjolle q\u00eb ta njoh\u00eb Kosov\u00ebn si nj\u00eb shtet t\u00eb pavarur. Partia katalunase e cila ka p\u00ebrkrahur krijimin e qeveris\u00eb s\u00eb re t\u00eb Pedro Sanchez, n\u00eb propozimin e saj thekson\u2026","rel":"","context":"In &quot;Blogu i Udh\u00ebtarit&quot;","block_context":{"text":"Blogu i Udh\u00ebtarit","link":"https:\/\/www.shqiperia.com\/blog\/category\/blogu-i-udhetarit\/"},"img":{"alt_text":"","src":"https:\/\/i0.wp.com\/www.shqiperia.com\/blog\/wp-content\/uploads\/2024\/06\/640-0-4859edd73c96b9df30fda4e1cd80d12e.jpg?fit=640%2C378&ssl=1&resize=350%2C200","width":350,"height":200,"srcset":"https:\/\/i0.wp.com\/www.shqiperia.com\/blog\/wp-content\/uploads\/2024\/06\/640-0-4859edd73c96b9df30fda4e1cd80d12e.jpg?fit=640%2C378&ssl=1&resize=350%2C200 1x, https:\/\/i0.wp.com\/www.shqiperia.com\/blog\/wp-content\/uploads\/2024\/06\/640-0-4859edd73c96b9df30fda4e1cd80d12e.jpg?fit=640%2C378&ssl=1&resize=525%2C300 1.5x"},"classes":[]},{"id":74835,"url":"https:\/\/www.shqiperia.com\/blog\/ish-ministri-i-njohur-zbardh-prapaskenat-e-forta-nga-samiti-i-berlinit-ne-tirane-diskutimet-per-ceshtjen-kosove-serbi-jo-ne-tryezen-zyrtare\/","url_meta":{"origin":30823,"position":3},"title":"Ish-ministri i njohur zbardh prapaskenat e forta nga Samiti i Berlinit n\u00eb Tiran\u00eb: &#8211; Diskutimet p\u00ebr \u00e7\u00ebshtjen Kosov\u00eb-Serbi jo n\u00eb tryez\u00ebn zyrtare","author":"Kurt Farka","date":"October 16, 2023","format":false,"excerpt":"16 Tetor 2023 Ish-ministri i Jasht\u00ebm Paskal Milo tha n\u00eb intervist\u00eb televizive se Samiti i Procesit t\u00eb Berlinit q\u00eb do mbahet nes\u00ebr n\u00eb Tiran\u00eb do ket\u00eb n\u00eb fokus forcimin e bashk\u00ebpunimit ekonomik dhe tregtar mes vendeve t\u00eb Ballkanit Per\u00ebndimor dhe BE-s\u00eb. Ai theksoi se nuk beson q\u00eb \u00e7\u00ebshtja e tensioneve\u2026","rel":"","context":"In &quot;Blogu i Udh\u00ebtarit&quot;","block_context":{"text":"Blogu i Udh\u00ebtarit","link":"https:\/\/www.shqiperia.com\/blog\/category\/blogu-i-udhetarit\/"},"img":{"alt_text":"","src":"https:\/\/i0.wp.com\/www.shqiperia.com\/blog\/wp-content\/uploads\/2023\/10\/800-0-474c1a638b5b80592e18c492a3fc6bdc.jpg?fit=800%2C440&ssl=1&resize=350%2C200","width":350,"height":200,"srcset":"https:\/\/i0.wp.com\/www.shqiperia.com\/blog\/wp-content\/uploads\/2023\/10\/800-0-474c1a638b5b80592e18c492a3fc6bdc.jpg?fit=800%2C440&ssl=1&resize=350%2C200 1x, https:\/\/i0.wp.com\/www.shqiperia.com\/blog\/wp-content\/uploads\/2023\/10\/800-0-474c1a638b5b80592e18c492a3fc6bdc.jpg?fit=800%2C440&ssl=1&resize=525%2C300 1.5x, https:\/\/i0.wp.com\/www.shqiperia.com\/blog\/wp-content\/uploads\/2023\/10\/800-0-474c1a638b5b80592e18c492a3fc6bdc.jpg?fit=800%2C440&ssl=1&resize=700%2C400 2x"},"classes":[]},{"id":73818,"url":"https:\/\/www.shqiperia.com\/blog\/ja-vendimet-e-samitit-te-athines-serbia-detyrohet-te-pranoje-agresionin-rus-ne-ukraine-kosoves-iu-njoh-flamuri-dhe-edi-rama-shpallet-non-grata-per-be\/","url_meta":{"origin":30823,"position":4},"title":"Ja vendimet e Samitit t\u00eb Athin\u00ebs, Serbia detyrohet t\u00eb pranoj\u00eb agresionin rus n\u00eb Ukrain\u00eb, Kosov\u00ebs iu njoh flamuri dhe Edi Rama shpallet \u201cnon grata\u201d p\u00ebr BE","author":"Kurt Farka","date":"August 23, 2023","format":false,"excerpt":"23 Gusht 2023 Lider\u00ebt e Ballkanit u mblodh\u00ebn m\u00eb 21 gusht 2023 n\u00eb Athin\u00eb, nd\u00ebrsa t\u00eb ftuar ishin edhe krer\u00ebt e institucioneve t\u00eb Bashkimit Evropian, presidentja e Komisionit Evropian, Ursula von der Leyen dhe Presidenti i K\u00ebshillit Evropian Charles Michel, nd\u00ebrkoh\u00eb q\u00eb i pranishmi surpriz\u00eb ishte presidenti ukrainas Volodymyr Zelensky.\u2026","rel":"","context":"In &quot;Blogu i Udh\u00ebtarit&quot;","block_context":{"text":"Blogu i Udh\u00ebtarit","link":"https:\/\/www.shqiperia.com\/blog\/category\/blogu-i-udhetarit\/"},"img":{"alt_text":"","src":"https:\/\/i0.wp.com\/www.shqiperia.com\/blog\/wp-content\/uploads\/2023\/08\/800-0-64e5c2a1c7ce6.png?fit=800%2C443&ssl=1&resize=350%2C200","width":350,"height":200,"srcset":"https:\/\/i0.wp.com\/www.shqiperia.com\/blog\/wp-content\/uploads\/2023\/08\/800-0-64e5c2a1c7ce6.png?fit=800%2C443&ssl=1&resize=350%2C200 1x, https:\/\/i0.wp.com\/www.shqiperia.com\/blog\/wp-content\/uploads\/2023\/08\/800-0-64e5c2a1c7ce6.png?fit=800%2C443&ssl=1&resize=525%2C300 1.5x, https:\/\/i0.wp.com\/www.shqiperia.com\/blog\/wp-content\/uploads\/2023\/08\/800-0-64e5c2a1c7ce6.png?fit=800%2C443&ssl=1&resize=700%2C400 2x"},"classes":[]},{"id":79692,"url":"https:\/\/www.shqiperia.com\/blog\/edward-joseph-shba-e-be-permes-kievit-ta-cojne-kosoven-drejt-njohjes-nderkombetare-greqia-eshte-gati-spanja-mund-te-levize\/","url_meta":{"origin":30823,"position":5},"title":"Edward Joseph: &#8211; SHBA e BE p\u00ebrmes Kievit ta \u00e7ojn\u00eb Kosov\u00ebn drejt njohjes nd\u00ebrkomb\u00ebtare. &#8211; Greqia \u00ebsht\u00eb gati, Spanja mund t\u00eb l\u00ebviz\u00eb","author":"Kurt Farka","date":"March 28, 2024","format":false,"excerpt":"28 Mars 2024 Profesori amerikan, Edward Joseph e sheh t\u00eb zymt\u00eb situat\u00ebn n\u00eb Ballkan pas pushtimit t\u00eb Rusis\u00eb n\u00eb Ukrain\u00eb. SHBA-ja dhe BE-ja, sipas tij, duhet t\u2019i kuptojn\u00eb m\u00eb mir\u00eb implikimet e asaj lufte n\u00eb rajon dhe t\u00eb marrin q\u00ebndrimin e duhur ndaj Kosov\u00ebs, t\u00eb cil\u00ebn, ai thot\u00eb se duhet\u2026","rel":"","context":"In &quot;Blogu i Udh\u00ebtarit&quot;","block_context":{"text":"Blogu i Udh\u00ebtarit","link":"https:\/\/www.shqiperia.com\/blog\/category\/blogu-i-udhetarit\/"},"img":{"alt_text":"","src":"https:\/\/i0.wp.com\/www.shqiperia.com\/blog\/wp-content\/uploads\/2024\/03\/Edward-600x360-1.jpg?fit=600%2C360&ssl=1&resize=350%2C200","width":350,"height":200,"srcset":"https:\/\/i0.wp.com\/www.shqiperia.com\/blog\/wp-content\/uploads\/2024\/03\/Edward-600x360-1.jpg?fit=600%2C360&ssl=1&resize=350%2C200 1x, https:\/\/i0.wp.com\/www.shqiperia.com\/blog\/wp-content\/uploads\/2024\/03\/Edward-600x360-1.jpg?fit=600%2C360&ssl=1&resize=525%2C300 1.5x"},"classes":[]}],"_links":{"self":[{"href":"https:\/\/www.shqiperia.com\/blog\/wp-json\/wp\/v2\/posts\/30823","targetHints":{"allow":["GET"]}}],"collection":[{"href":"https:\/\/www.shqiperia.com\/blog\/wp-json\/wp\/v2\/posts"}],"about":[{"href":"https:\/\/www.shqiperia.com\/blog\/wp-json\/wp\/v2\/types\/post"}],"author":[{"embeddable":true,"href":"https:\/\/www.shqiperia.com\/blog\/wp-json\/wp\/v2\/users\/9"}],"replies":[{"embeddable":true,"href":"https:\/\/www.shqiperia.com\/blog\/wp-json\/wp\/v2\/comments?post=30823"}],"version-history":[{"count":1,"href":"https:\/\/www.shqiperia.com\/blog\/wp-json\/wp\/v2\/posts\/30823\/revisions"}],"predecessor-version":[{"id":30825,"href":"https:\/\/www.shqiperia.com\/blog\/wp-json\/wp\/v2\/posts\/30823\/revisions\/30825"}],"wp:featuredmedia":[{"embeddable":true,"href":"https:\/\/www.shqiperia.com\/blog\/wp-json\/wp\/v2\/media\/30824"}],"wp:attachment":[{"href":"https:\/\/www.shqiperia.com\/blog\/wp-json\/wp\/v2\/media?parent=30823"}],"wp:term":[{"taxonomy":"category","embeddable":true,"href":"https:\/\/www.shqiperia.com\/blog\/wp-json\/wp\/v2\/categories?post=30823"},{"taxonomy":"post_tag","embeddable":true,"href":"https:\/\/www.shqiperia.com\/blog\/wp-json\/wp\/v2\/tags?post=30823"}],"curies":[{"name":"wp","href":"https:\/\/api.w.org\/{rel}","templated":true}]}}