{"id":30819,"date":"2020-01-29T23:08:39","date_gmt":"2020-01-29T23:08:39","guid":{"rendered":"https:\/\/www.shqiperia.com\/blog\/?p=30819"},"modified":"2020-01-29T23:08:39","modified_gmt":"2020-01-29T23:08:39","slug":"kengetarja-naile-hoxha","status":"publish","type":"post","link":"https:\/\/www.shqiperia.com\/blog\/kengetarja-naile-hoxha\/","title":{"rendered":"Kengetarja Naile Hoxha."},"content":{"rendered":"<p><img data-recalc-dims=\"1\" loading=\"lazy\" decoding=\"async\" data-attachment-id=\"30820\" data-permalink=\"https:\/\/www.shqiperia.com\/blog\/kengetarja-naile-hoxha\/naile-hoxha\/\" data-orig-file=\"https:\/\/i0.wp.com\/www.shqiperia.com\/blog\/wp-content\/uploads\/2020\/01\/Naile-Hoxha.jpg?fit=552%2C375&amp;ssl=1\" data-orig-size=\"552,375\" data-comments-opened=\"1\" data-image-meta=\"{&quot;aperture&quot;:&quot;0&quot;,&quot;credit&quot;:&quot;&quot;,&quot;camera&quot;:&quot;&quot;,&quot;caption&quot;:&quot;&quot;,&quot;created_timestamp&quot;:&quot;0&quot;,&quot;copyright&quot;:&quot;&quot;,&quot;focal_length&quot;:&quot;0&quot;,&quot;iso&quot;:&quot;0&quot;,&quot;shutter_speed&quot;:&quot;0&quot;,&quot;title&quot;:&quot;&quot;,&quot;orientation&quot;:&quot;0&quot;}\" data-image-title=\"Naile Hoxha\" data-image-description=\"\" data-image-caption=\"\" data-medium-file=\"https:\/\/i0.wp.com\/www.shqiperia.com\/blog\/wp-content\/uploads\/2020\/01\/Naile-Hoxha.jpg?fit=300%2C204&amp;ssl=1\" data-large-file=\"https:\/\/i0.wp.com\/www.shqiperia.com\/blog\/wp-content\/uploads\/2020\/01\/Naile-Hoxha.jpg?fit=552%2C375&amp;ssl=1\" class=\"alignnone  wp-image-30820\" alt=\"\" src=\"https:\/\/i0.wp.com\/www.shqiperia.com\/blog\/wp-content\/uploads\/2020\/01\/Naile-Hoxha.jpg?resize=525%2C357&#038;ssl=1\" width=\"525\" height=\"357\" srcset=\"https:\/\/i0.wp.com\/www.shqiperia.com\/blog\/wp-content\/uploads\/2020\/01\/Naile-Hoxha.jpg?resize=300%2C204&amp;ssl=1 300w, https:\/\/i0.wp.com\/www.shqiperia.com\/blog\/wp-content\/uploads\/2020\/01\/Naile-Hoxha.jpg?resize=450%2C306&amp;ssl=1 450w, https:\/\/i0.wp.com\/www.shqiperia.com\/blog\/wp-content\/uploads\/2020\/01\/Naile-Hoxha.jpg?resize=235%2C160&amp;ssl=1 235w, https:\/\/i0.wp.com\/www.shqiperia.com\/blog\/wp-content\/uploads\/2020\/01\/Naile-Hoxha.jpg?resize=400%2C272&amp;ssl=1 400w, https:\/\/i0.wp.com\/www.shqiperia.com\/blog\/wp-content\/uploads\/2020\/01\/Naile-Hoxha.jpg?w=552&amp;ssl=1 552w\" sizes=\"auto, (max-width: 525px) 100vw, 525px\" \/><\/p>\n<p>Naile Hoxha lindi n\u00eb Shkod\u00ebr m\u00eb 31 dhjetor 1934, k\u00ebng\u00ebtare e muzik\u00ebs popullore shqiptare. Artiste e Merituar. Disa nga k\u00ebng\u00ebt m\u00eb t\u00eb suksesshme t\u00eb saj q\u00eb kan\u00eb pasur sukses jo vet\u00ebm n\u00eb Shqip\u00ebri, ishin &#8220;Xhamadanin kuq si gjaku&#8221;, &#8220;Moj e mir synin larush&#8221;, &#8220;Djal i dashtun&#8221;, &#8220;Se\u00e7 po fryn fllad pranvere&#8221;.<\/p>\n<p><img data-recalc-dims=\"1\" loading=\"lazy\" decoding=\"async\" data-attachment-id=\"30821\" data-permalink=\"https:\/\/www.shqiperia.com\/blog\/kengetarja-naile-hoxha\/naile-hoxha-2\/\" data-orig-file=\"https:\/\/i0.wp.com\/www.shqiperia.com\/blog\/wp-content\/uploads\/2020\/01\/Naile-Hoxha-2.jpg?fit=552%2C738&amp;ssl=1\" data-orig-size=\"552,738\" data-comments-opened=\"1\" data-image-meta=\"{&quot;aperture&quot;:&quot;0&quot;,&quot;credit&quot;:&quot;&quot;,&quot;camera&quot;:&quot;&quot;,&quot;caption&quot;:&quot;&quot;,&quot;created_timestamp&quot;:&quot;0&quot;,&quot;copyright&quot;:&quot;&quot;,&quot;focal_length&quot;:&quot;0&quot;,&quot;iso&quot;:&quot;0&quot;,&quot;shutter_speed&quot;:&quot;0&quot;,&quot;title&quot;:&quot;&quot;,&quot;orientation&quot;:&quot;0&quot;}\" data-image-title=\"Naile Hoxha (2)\" data-image-description=\"\" data-image-caption=\"\" data-medium-file=\"https:\/\/i0.wp.com\/www.shqiperia.com\/blog\/wp-content\/uploads\/2020\/01\/Naile-Hoxha-2.jpg?fit=224%2C300&amp;ssl=1\" data-large-file=\"https:\/\/i0.wp.com\/www.shqiperia.com\/blog\/wp-content\/uploads\/2020\/01\/Naile-Hoxha-2.jpg?fit=552%2C738&amp;ssl=1\" class=\"alignnone  wp-image-30821\" alt=\"\" src=\"https:\/\/i0.wp.com\/www.shqiperia.com\/blog\/wp-content\/uploads\/2020\/01\/Naile-Hoxha-2.jpg?resize=559%2C749&#038;ssl=1\" width=\"559\" height=\"749\" srcset=\"https:\/\/i0.wp.com\/www.shqiperia.com\/blog\/wp-content\/uploads\/2020\/01\/Naile-Hoxha-2.jpg?resize=224%2C300&amp;ssl=1 224w, https:\/\/i0.wp.com\/www.shqiperia.com\/blog\/wp-content\/uploads\/2020\/01\/Naile-Hoxha-2.jpg?resize=450%2C602&amp;ssl=1 450w, https:\/\/i0.wp.com\/www.shqiperia.com\/blog\/wp-content\/uploads\/2020\/01\/Naile-Hoxha-2.jpg?resize=400%2C535&amp;ssl=1 400w\" sizes=\"auto, (max-width: 559px) 100vw, 559px\" \/><br \/>\nK\u00ebng\u00ebtarja shkodrane ishte pjes\u00eb e Ansamblit t\u00eb K\u00ebng\u00ebve dhe Valleve Popullore t\u00eb Shqip\u00ebris\u00eb. U nda nga jeta m\u00eb 29 gusht 2016.<\/p>\n","protected":false},"excerpt":{"rendered":"<p>Naile Hoxha lindi n\u00eb Shkod\u00ebr m\u00eb 31 dhjetor 1934, k\u00ebng\u00ebtare e muzik\u00ebs popullore shqiptare. Artiste e Merituar. Disa nga k\u00ebng\u00ebt m\u00eb t\u00eb suksesshme t\u00eb saj q\u00eb kan\u00eb pasur sukses jo vet\u00ebm n\u00eb Shqip\u00ebri, ishin &#8220;Xhamadanin kuq si gjaku&#8221;, &#8220;Moj e mir synin larush&#8221;, &#8220;Djal i dashtun&#8221;, &#8220;Se\u00e7 po fryn fllad pranvere&#8221;. K\u00ebng\u00ebtarja shkodrane ishte pjes\u00eb [&hellip;]<\/p>\n","protected":false},"author":9,"featured_media":30820,"comment_status":"open","ping_status":"open","sticky":false,"template":"","format":"standard","meta":{"jetpack_post_was_ever_published":false,"_jetpack_newsletter_access":"","_jetpack_dont_email_post_to_subs":false,"_jetpack_newsletter_tier_id":0,"_jetpack_memberships_contains_paywalled_content":false,"_jetpack_memberships_contains_paid_content":false,"footnotes":"","jetpack_publicize_message":"","jetpack_publicize_feature_enabled":true,"jetpack_social_post_already_shared":true,"jetpack_social_options":{"image_generator_settings":{"template":"highway","default_image_id":0,"font":"","enabled":false},"version":2}},"categories":[87,10,35],"tags":[],"class_list":["post-30819","post","type-post","status-publish","format-standard","has-post-thumbnail","hentry","category-arte","category-kultura","category-shoqerore"],"jetpack_publicize_connections":[],"jetpack_featured_media_url":"https:\/\/i0.wp.com\/www.shqiperia.com\/blog\/wp-content\/uploads\/2020\/01\/Naile-Hoxha.jpg?fit=552%2C375&ssl=1","jetpack_sharing_enabled":true,"jetpack_shortlink":"https:\/\/wp.me\/p5Z6wp-815","jetpack-related-posts":[{"id":16143,"url":"https:\/\/www.shqiperia.com\/blog\/tom-nikolla-nje-nga-themeluesit-e-ansamblit-te-kangeve-dhe-valleve-popullore\/","url_meta":{"origin":30819,"position":0},"title":"TOM NIKOLLA &#8211; nje nga themeluesit e Ansamblit te Kangeve dhe Valleve Popullore.","author":"Kurt Farka","date":"January 16, 2019","format":false,"excerpt":"TOM NIKOLLA - nje nga themeluesit e Ansamblit te Kangeve dhe Valleve Popullore. Tom Nikolla eshte nje prej kengetarve shume i dashur per publikun dhe me kontribut te rendesishem per futjen e kenges me cifteli ne hulline e muzikes qytetare shqiptare bashkekohase. Qe ne moshe te re spikati dhe fitoi\u2026","rel":"","context":"In &quot;Arte&quot;","block_context":{"text":"Arte","link":"https:\/\/www.shqiperia.com\/blog\/category\/arte\/"},"img":{"alt_text":"","src":"https:\/\/i0.wp.com\/www.shqiperia.com\/blog\/wp-content\/uploads\/2019\/01\/T-Nikolla-1.jpg?resize=350%2C200","width":350,"height":200},"classes":[]},{"id":27445,"url":"https:\/\/www.shqiperia.com\/blog\/nazmie-hoxha-kengetare-e-njohur-e-muzikes-popullore\/","url_meta":{"origin":30819,"position":1},"title":"Nazmie Hoxha  k\u00ebng\u00ebtare e njohur e muzikes popullore.","author":"Kurt Farka","date":"October 29, 2019","format":false,"excerpt":"Nazmie Hoxha \u00ebsht\u00eb k\u00ebng\u00ebtare e njohur. Nazmie Hoxha lindi m\u00eb 25 tetor 1952 af\u00ebr Prizrenit dhe vdiq m\u00eb 5 maj 2007 n\u00eb Prishtin\u00eb. Nazmie Hoxha ishte k\u00ebng\u00ebtare e popullarizuar e muzik\u00ebs popullore shqiptare n\u00eb vitet 1970-2000. Si f\u00ebmij\u00eb i p\u00eblqente interpretimi dhe me hyrjen n\u00eb shkoll\u00ebn e mjek\u00ebsis\u00eb, si pjes\u00eb\u2026","rel":"","context":"In &quot;Arte&quot;","block_context":{"text":"Arte","link":"https:\/\/www.shqiperia.com\/blog\/category\/arte\/"},"img":{"alt_text":"","src":"https:\/\/i0.wp.com\/www.shqiperia.com\/blog\/wp-content\/uploads\/2019\/10\/126545.jpg?fit=600%2C343&ssl=1&resize=350%2C200","width":350,"height":200,"srcset":"https:\/\/i0.wp.com\/www.shqiperia.com\/blog\/wp-content\/uploads\/2019\/10\/126545.jpg?fit=600%2C343&ssl=1&resize=350%2C200 1x, https:\/\/i0.wp.com\/www.shqiperia.com\/blog\/wp-content\/uploads\/2019\/10\/126545.jpg?fit=600%2C343&ssl=1&resize=525%2C300 1.5x"},"classes":[]},{"id":16205,"url":"https:\/\/www.shqiperia.com\/blog\/homazh-shuhet-tom-nikolla-themeltari-i-ansamblit-te-kengeve-dhe-valleve-popullore\/","url_meta":{"origin":30819,"position":2},"title":"Homazh\/ Shuhet Tom Nikolla, themeltari i Ansamblit t\u00eb K\u00ebng\u00ebve dhe Valleve Popullore. &#8211;","author":"Kurt Farka","date":"January 17, 2019","format":false,"excerpt":"Homazh\/ Shuhet Tom Nikolla, themeltari i Ansamblit t\u00eb K\u00ebng\u00ebve dhe Valleve Popullore. - Nga Gazeta Shqiptarja.Com. 17 janar 2019. Tom Nikolla \u00ebsht\u00eb nj\u00eb prej k\u00ebng\u00ebtar\u00ebve shum\u00eb i dashur p\u00ebr publikun dhe me kontribut t\u00eb r\u00ebnd\u00ebsish\u00ebm p\u00ebr futjen e k\u00ebng\u00ebs me \u00e7ifteli n\u00eb hullin\u00eb e muzik\u00ebs qytetare shqiptare bashk\u00ebkoh\u00ebse. Tom Nikolla\u2026","rel":"","context":"In &quot;Arte&quot;","block_context":{"text":"Arte","link":"https:\/\/www.shqiperia.com\/blog\/category\/arte\/"},"img":{"alt_text":"","src":"https:\/\/i0.wp.com\/www.shqiperia.com\/blog\/wp-content\/uploads\/2019\/01\/T-Nikolla-1-1.jpg?resize=350%2C200","width":350,"height":200},"classes":[]},{"id":4578,"url":"https:\/\/www.shqiperia.com\/blog\/muharrem-gurra-autor-i-100-teksteve-te-kenges-popullore-tironase\/","url_meta":{"origin":30819,"position":3},"title":"MUHARREM GURRA &#8211; AUTOR I 100 TEKSTEVE TE KENGES POPULLORE TIRONASE. &#8211;","author":"Kurt Farka","date":"March 10, 2018","format":false,"excerpt":"-I KENOJM TE BUKRIT VEN I KENOJM TIRONES TON RAHMET SHPIRTI MUHARREM PER KTO KONGE QE NA KE LON. Muharrem Gurra lindi me 10 Dhjetor 1915 ne Tirone, ne nje familje te mesme qytetare me tradita muzikore. Mesimet e para ne muzike i mori prane Bandes Mbreterore ne vitet 1934-1938\u2026","rel":"","context":"In &quot;Arte&quot;","block_context":{"text":"Arte","link":"https:\/\/www.shqiperia.com\/blog\/category\/arte\/"},"img":{"alt_text":"","src":"https:\/\/i0.wp.com\/www.shqiperia.com\/blog\/wp-content\/uploads\/2018\/03\/1-muharrem-gurra.jpg?fit=514%2C431&ssl=1&resize=350%2C200","width":350,"height":200},"classes":[]},{"id":3538,"url":"https:\/\/www.shqiperia.com\/blog\/fitnete-rexha-bilbili-kenges-popullore-te-shqiperise-se-mesme\/","url_meta":{"origin":30819,"position":4},"title":"Fitnete Rexha Bilbili i kenges popullore t\u00eb Shqip\u00ebris\u00eb s\u00eb Mesme. &#8211;","author":"Kurt Farka","date":"February 19, 2018","format":false,"excerpt":"\u00a0 \u00a0-Fitnete Rexha lindi n\u00eb Tirane m\u00eb 3 prill 1933,\u00a0 vdiq n\u00eb Tiran\u00eb m\u00eb 14 gusht 2003. Fitnete Rexha \u00ebsht\u00eb \"Artiste e Merituar\". Nj\u00eb nd\u00ebr k\u00ebng\u00ebtaret m\u00eb t\u00eb shquara t\u00eb muzik\u00ebs popullore t\u00eb Shqip\u00ebris\u00eb s\u00eb mesme, kryesisht t\u00eb muzik\u00ebs popullore qytetare tiranase. Fitnetja bie n\u00eb kontakt me tradit\u00ebn e muzik\u00ebs\u2026","rel":"","context":"In &quot;Arte&quot;","block_context":{"text":"Arte","link":"https:\/\/www.shqiperia.com\/blog\/category\/arte\/"},"img":{"alt_text":"","src":"https:\/\/i0.wp.com\/www.shqiperia.com\/blog\/wp-content\/uploads\/2018\/02\/Fitnete-Rexha-2.jpeg?fit=626%2C875&ssl=1&resize=350%2C200","width":350,"height":200,"srcset":"https:\/\/i0.wp.com\/www.shqiperia.com\/blog\/wp-content\/uploads\/2018\/02\/Fitnete-Rexha-2.jpeg?fit=626%2C875&ssl=1&resize=350%2C200 1x, https:\/\/i0.wp.com\/www.shqiperia.com\/blog\/wp-content\/uploads\/2018\/02\/Fitnete-Rexha-2.jpeg?fit=626%2C875&ssl=1&resize=525%2C300 1.5x"},"classes":[]},{"id":24904,"url":"https:\/\/www.shqiperia.com\/blog\/recital-i-kengetares-zoja-pali-kur-kthehet-bilbili\/","url_meta":{"origin":30819,"position":5},"title":"Recital i kengetares ZOJA PALI &#8230;. &#8220;KUR KTHEHET BILBILI &#8230; &#8220;.","author":"Kurt Farka","date":"August 20, 2019","format":false,"excerpt":"Me daten 20 Gusht 2019 ora 18.00, n\u00eb Pallatin e Kultur\u00ebs q\u00eb mban emrin e Artistit te Popullit Ndue Shyti, n\u00eb Puk\u00eb\u00a0 organizohet\u00a0 Recitali i kengetares ZOJA PALI, k\u00ebng\u00ebtare q\u00eb i ka munguar prej koh\u00ebsh kesaj skene, ku kaloi ato vite t\u00eb bukura t\u00eb rinis\u00eb s\u00eb saj. Recitali mban titullin:\u2026","rel":"","context":"In &quot;Arte&quot;","block_context":{"text":"Arte","link":"https:\/\/www.shqiperia.com\/blog\/category\/arte\/"},"img":{"alt_text":"","src":"https:\/\/i0.wp.com\/www.shqiperia.com\/blog\/wp-content\/uploads\/2019\/08\/66825638_2461919160551410_7160828853261172736_n-Copy.jpg?fit=655%2C379&ssl=1&resize=350%2C200","width":350,"height":200,"srcset":"https:\/\/i0.wp.com\/www.shqiperia.com\/blog\/wp-content\/uploads\/2019\/08\/66825638_2461919160551410_7160828853261172736_n-Copy.jpg?fit=655%2C379&ssl=1&resize=350%2C200 1x, https:\/\/i0.wp.com\/www.shqiperia.com\/blog\/wp-content\/uploads\/2019\/08\/66825638_2461919160551410_7160828853261172736_n-Copy.jpg?fit=655%2C379&ssl=1&resize=525%2C300 1.5x"},"classes":[]}],"_links":{"self":[{"href":"https:\/\/www.shqiperia.com\/blog\/wp-json\/wp\/v2\/posts\/30819","targetHints":{"allow":["GET"]}}],"collection":[{"href":"https:\/\/www.shqiperia.com\/blog\/wp-json\/wp\/v2\/posts"}],"about":[{"href":"https:\/\/www.shqiperia.com\/blog\/wp-json\/wp\/v2\/types\/post"}],"author":[{"embeddable":true,"href":"https:\/\/www.shqiperia.com\/blog\/wp-json\/wp\/v2\/users\/9"}],"replies":[{"embeddable":true,"href":"https:\/\/www.shqiperia.com\/blog\/wp-json\/wp\/v2\/comments?post=30819"}],"version-history":[{"count":1,"href":"https:\/\/www.shqiperia.com\/blog\/wp-json\/wp\/v2\/posts\/30819\/revisions"}],"predecessor-version":[{"id":30822,"href":"https:\/\/www.shqiperia.com\/blog\/wp-json\/wp\/v2\/posts\/30819\/revisions\/30822"}],"wp:featuredmedia":[{"embeddable":true,"href":"https:\/\/www.shqiperia.com\/blog\/wp-json\/wp\/v2\/media\/30820"}],"wp:attachment":[{"href":"https:\/\/www.shqiperia.com\/blog\/wp-json\/wp\/v2\/media?parent=30819"}],"wp:term":[{"taxonomy":"category","embeddable":true,"href":"https:\/\/www.shqiperia.com\/blog\/wp-json\/wp\/v2\/categories?post=30819"},{"taxonomy":"post_tag","embeddable":true,"href":"https:\/\/www.shqiperia.com\/blog\/wp-json\/wp\/v2\/tags?post=30819"}],"curies":[{"name":"wp","href":"https:\/\/api.w.org\/{rel}","templated":true}]}}