{"id":30816,"date":"2020-01-29T14:50:09","date_gmt":"2020-01-29T14:50:09","guid":{"rendered":"https:\/\/www.shqiperia.com\/blog\/?p=30816"},"modified":"2020-01-29T14:50:30","modified_gmt":"2020-01-29T14:50:30","slug":"alfred-trebicka-me-tone-te-ashpra-per-ermal-mamaqin-dhe-bes-kallakun-sharlatane-te-kinemase","status":"publish","type":"post","link":"https:\/\/www.shqiperia.com\/blog\/alfred-trebicka-me-tone-te-ashpra-per-ermal-mamaqin-dhe-bes-kallakun-sharlatane-te-kinemase\/","title":{"rendered":"Alfred Trebicka me tone t\u00eb ashpra p\u00ebr Ermal Mamaqin dhe Bes Kallakun: Sharlatan\u00eb t\u00eb kinemas\u00eb"},"content":{"rendered":"<p><img data-recalc-dims=\"1\" loading=\"lazy\" decoding=\"async\" data-attachment-id=\"30817\" data-permalink=\"https:\/\/www.shqiperia.com\/blog\/alfred-trebicka-me-tone-te-ashpra-per-ermal-mamaqin-dhe-bes-kallakun-sharlatane-te-kinemase\/cover-10-590x354\/\" data-orig-file=\"https:\/\/i0.wp.com\/www.shqiperia.com\/blog\/wp-content\/uploads\/2020\/01\/cover-10-590x354-1.png?fit=590%2C321&amp;ssl=1\" data-orig-size=\"590,321\" data-comments-opened=\"1\" data-image-meta=\"{&quot;aperture&quot;:&quot;0&quot;,&quot;credit&quot;:&quot;&quot;,&quot;camera&quot;:&quot;&quot;,&quot;caption&quot;:&quot;&quot;,&quot;created_timestamp&quot;:&quot;0&quot;,&quot;copyright&quot;:&quot;&quot;,&quot;focal_length&quot;:&quot;0&quot;,&quot;iso&quot;:&quot;0&quot;,&quot;shutter_speed&quot;:&quot;0&quot;,&quot;title&quot;:&quot;&quot;,&quot;orientation&quot;:&quot;0&quot;}\" data-image-title=\"cover-10-590&#215;354\" data-image-description=\"\" data-image-caption=\"\" data-medium-file=\"https:\/\/i0.wp.com\/www.shqiperia.com\/blog\/wp-content\/uploads\/2020\/01\/cover-10-590x354-1.png?fit=300%2C163&amp;ssl=1\" data-large-file=\"https:\/\/i0.wp.com\/www.shqiperia.com\/blog\/wp-content\/uploads\/2020\/01\/cover-10-590x354-1.png?fit=590%2C321&amp;ssl=1\" class=\"alignnone size-medium wp-image-30817\" alt=\"\" src=\"https:\/\/i0.wp.com\/www.shqiperia.com\/blog\/wp-content\/uploads\/2020\/01\/cover-10-590x354-1.png?resize=300%2C163&#038;ssl=1\" width=\"300\" height=\"163\" srcset=\"https:\/\/i0.wp.com\/www.shqiperia.com\/blog\/wp-content\/uploads\/2020\/01\/cover-10-590x354-1.png?resize=300%2C163&amp;ssl=1 300w, https:\/\/i0.wp.com\/www.shqiperia.com\/blog\/wp-content\/uploads\/2020\/01\/cover-10-590x354-1.png?resize=450%2C245&amp;ssl=1 450w, https:\/\/i0.wp.com\/www.shqiperia.com\/blog\/wp-content\/uploads\/2020\/01\/cover-10-590x354-1.png?resize=400%2C218&amp;ssl=1 400w, https:\/\/i0.wp.com\/www.shqiperia.com\/blog\/wp-content\/uploads\/2020\/01\/cover-10-590x354-1.png?w=590&amp;ssl=1 590w\" sizes=\"auto, (max-width: 300px) 100vw, 300px\" \/><\/p>\n<p><strong>Alfred Trebicka me tone t\u00eb ashpra p\u00ebr Ermal Mamaqin dhe Bes Kallakun: Sharlatan\u00eb t\u00eb kinemas\u00eb<\/strong><\/p>\n<p>28 Janar, 2020<\/p>\n<p>Aktori dhe regjizori Alfred Trebicka ka b\u00ebr\u00eb\u00a0 nj\u00eb deklarat\u00eb mjaft t\u00eb fort\u00eb ndaj filmave t\u00eb rinj q\u00eb kan\u00eb dal\u00eb n\u00eb treg.<\/p>\n<p>N\u00eb nj\u00eb koh\u00eb ku po shohim reklamat e filmave t\u00eb rinj t\u00eb Bes Kallakut dhe Ermal Mamaqit, Alfred Trebicka i ka quajtur autor\u00ebt e tyre \u201csharlatan\u00eb t\u00eb kinemas\u00eb.\u201d<\/p>\n<p>I ftuar n\u00eb emisionin \u201cVizioni i Pasdites\u201d, regjizori i 20 viteve karrier\u00eb \u00ebsht\u00eb shprehur shum\u00eb hapur pas pyetjes s\u00eb Evi Re\u00e7it p\u00ebr filmat e prodhuar koh\u00ebve t\u00eb fundit.<\/p>\n<p>\u201cUn\u00eb si profesionist do t\u2019i quaja sharlatan\u00eb, k\u00ebta jan\u00eb sharlatan\u00eb t\u00eb k\u00ebtij arti t\u00eb madh si\u00e7 \u00ebsht\u00eb kinemaja\u201d tha ai teksa \u00ebsht\u00eb pyetur nga moderatorja.<\/p>\n<p>\u201cK\u00ebtu po dalin njer\u00ebz pa asnj\u00eb lloj formimi, thon\u00eb \u2018un\u00eb jam kineast.\u2019 Fjala kineast \u00ebsht\u00eb fjal\u00eb shum\u00eb e madhe. Nj\u00eb njeri q\u00eb vjen nga asgj\u00ebja dhe thot\u00eb un\u00eb do b\u00ebj film. B\u00ebjn\u00eb skenarin vet\u00eb, b\u00ebjn\u00eb regjin\u00eb vet\u00eb, b\u00ebjn\u00eb dhe rolet vet\u00eb. Dhe vet\u00ebshpallen pastaj, \u2018un\u00eb jam regjisor, jam kineast, se un\u00eb e njoh tregun.\u2019 Ka kapur tregun ky, ky e di \u00e7\u2019do tregu. Cilin treg? P\u00ebr cilin treg flasin k\u00ebta?\u201d<\/p>\n<p>Trebicka, i cili ndon\u00ebse nuk vuri gishin e kishte tep\u00ebr t\u00eb dukshme se p\u00ebr k\u00eb aludonte, e p\u00ebrfundoi deklarat\u00ebn duke i etiketuar filmat e rinj dhe krijuesit e tyre si \u2018gripe, si viruse q\u00eb gjenden gjithandej\u201d, \u00ebsht\u00eb shprehur Alfred Trebicka n\u00eb emisionin \u201cVizioni i Pasdites\u201d.\/<\/p>\n<p><strong><em>CNA.al<\/em><\/strong><\/p>\n","protected":false},"excerpt":{"rendered":"<p>Alfred Trebicka me tone t\u00eb ashpra p\u00ebr Ermal Mamaqin dhe Bes Kallakun: Sharlatan\u00eb t\u00eb kinemas\u00eb 28 Janar, 2020 Aktori dhe regjizori Alfred Trebicka ka b\u00ebr\u00eb\u00a0 nj\u00eb deklarat\u00eb mjaft t\u00eb fort\u00eb ndaj filmave t\u00eb rinj q\u00eb kan\u00eb dal\u00eb n\u00eb treg. N\u00eb nj\u00eb koh\u00eb ku po shohim reklamat e filmave t\u00eb rinj t\u00eb Bes Kallakut dhe Ermal [&hellip;]<\/p>\n","protected":false},"author":9,"featured_media":30817,"comment_status":"open","ping_status":"open","sticky":false,"template":"","format":"standard","meta":{"jetpack_post_was_ever_published":false,"_jetpack_newsletter_access":"","_jetpack_dont_email_post_to_subs":false,"_jetpack_newsletter_tier_id":0,"_jetpack_memberships_contains_paywalled_content":false,"_jetpack_memberships_contains_paid_content":false,"footnotes":"","jetpack_publicize_message":"","jetpack_publicize_feature_enabled":true,"jetpack_social_post_already_shared":true,"jetpack_social_options":{"image_generator_settings":{"template":"highway","default_image_id":0,"font":"","enabled":false},"version":2}},"categories":[87,27,10],"tags":[],"class_list":["post-30816","post","type-post","status-publish","format-standard","has-post-thumbnail","hentry","category-arte","category-blogu-i-udhetarit","category-kultura"],"jetpack_publicize_connections":[],"jetpack_featured_media_url":"https:\/\/i0.wp.com\/www.shqiperia.com\/blog\/wp-content\/uploads\/2020\/01\/cover-10-590x354-1.png?fit=590%2C321&ssl=1","jetpack_sharing_enabled":true,"jetpack_shortlink":"https:\/\/wp.me\/p5Z6wp-812","jetpack-related-posts":[{"id":30833,"url":"https:\/\/www.shqiperia.com\/blog\/filmat-nga-ermal-mamaqi-dhe-bes-kallaku-reagon-ashper-alfred-trebicka-sharlatane-te-kinemase-jane-perhapur-si-viruse-te-frikshme\/","url_meta":{"origin":30816,"position":0},"title":"Filmat nga Ermal Mamaqi dhe Bes Kallaku, reagon ashp\u00ebr Alfred Trebicka: &#8211; Sharlatan\u00eb t\u00eb kinemas\u00eb. Jan\u00eb p\u00ebrhapur si viruse t\u00eb frikshme","author":"Kurt Farka","date":"January 30, 2020","format":false,"excerpt":"Filmat nga Ermal Mamaqi dhe Bes Kallaku, reagon ashp\u00ebr Alfred Trebicka: - Sharlatan\u00eb t\u00eb kinemas\u00eb. Jan\u00eb p\u00ebrhapur si viruse t\u00eb frikshme 28\/01\/2020 Aktori i njohur Alfred Trebicka reagoi ashp\u00ebr ndaj filmave t\u00eb Ermal Mamaqit dhe Bes Kallakut, duke i quajtur sharlatan\u00eb t\u00eb kinemas\u00eb. Trebicka u shpreh se n\u00eb Shqip\u00ebri njer\u00ebz\u2026","rel":"","context":"In &quot;Arte&quot;","block_context":{"text":"Arte","link":"https:\/\/www.shqiperia.com\/blog\/category\/arte\/"},"img":{"alt_text":"","src":"https:\/\/i0.wp.com\/www.shqiperia.com\/blog\/wp-content\/uploads\/2020\/01\/alfred-trebicka-600x375-1.jpeg?fit=600%2C375&ssl=1&resize=350%2C200","width":350,"height":200,"srcset":"https:\/\/i0.wp.com\/www.shqiperia.com\/blog\/wp-content\/uploads\/2020\/01\/alfred-trebicka-600x375-1.jpeg?fit=600%2C375&ssl=1&resize=350%2C200 1x, https:\/\/i0.wp.com\/www.shqiperia.com\/blog\/wp-content\/uploads\/2020\/01\/alfred-trebicka-600x375-1.jpeg?fit=600%2C375&ssl=1&resize=525%2C300 1.5x"},"classes":[]},{"id":61118,"url":"https:\/\/www.shqiperia.com\/blog\/ndahet-nga-jeta-regjisori-i-kinemase-shqiptare-kristaq-dhamo\/","url_meta":{"origin":30816,"position":1},"title":"Ndahet nga Jeta Regjisori i Kinemase Shqiptare Kristaq Dhamo","author":"Kurt Farka","date":"August 14, 2022","format":false,"excerpt":"14 Gusht 2022 Kristaq Dhamo\u00a0- lindi m\u00eb\u00a020 Prill\u00a01933\u00a0n\u00eb\u00a0Fier. Ka mbaruari studimet n\u00eb Institutin e Lart\u00eb kinematografik n\u00eb Budapest, Hungari. Fillon t\u00eb punojn\u00eb n\u00eb Film Studio-\"Shqip\u00ebria e Re\", ku realizoj filmin \"Tana\" m\u00eb 1958. P\u00ebr shum\u00eb vite ai ka qen\u00eb drejtor artistik n\u00eb Film Studio. Dhamo ka dh\u00ebn\u00eb nj\u00eb ndihm\u00eb t\u00eb\u2026","rel":"","context":"In &quot;Arte&quot;","block_context":{"text":"Arte","link":"https:\/\/www.shqiperia.com\/blog\/category\/arte\/"},"img":{"alt_text":"","src":"https:\/\/i0.wp.com\/www.shqiperia.com\/blog\/wp-content\/uploads\/2022\/08\/Kristaq-Dhamo.jpg?fit=780%2C440&ssl=1&resize=350%2C200","width":350,"height":200,"srcset":"https:\/\/i0.wp.com\/www.shqiperia.com\/blog\/wp-content\/uploads\/2022\/08\/Kristaq-Dhamo.jpg?fit=780%2C440&ssl=1&resize=350%2C200 1x, https:\/\/i0.wp.com\/www.shqiperia.com\/blog\/wp-content\/uploads\/2022\/08\/Kristaq-Dhamo.jpg?fit=780%2C440&ssl=1&resize=525%2C300 1.5x, https:\/\/i0.wp.com\/www.shqiperia.com\/blog\/wp-content\/uploads\/2022\/08\/Kristaq-Dhamo.jpg?fit=780%2C440&ssl=1&resize=700%2C400 2x"},"classes":[]},{"id":8439,"url":"https:\/\/www.shqiperia.com\/blog\/ju-kujtohet-pavlina-mani-aktorja-e-teatrit-dhe-kinemase-shqiptare\/","url_meta":{"origin":30816,"position":2},"title":"Ju kujtohet Pavlina Mani, aktorja e teatrit dhe kinemase shqiptare. &#8211;","author":"Kurt Farka","date":"June 5, 2018","format":false,"excerpt":"Ju kujtohet Pavlina Mani, aktorja e teatrit dhe kinemase shqiptare. - Ajo eshte padyshim nje nga aktoret me fantastike qe ka prodhuar kinematografia dhe teatri shqiptar. Po flasim per Pavlina Manin, aktorja qe per brezin pas \u201990-\u00ebs mbahet mend per serialin e famsh\u00ebm te filmit \u201cNjer\u00ebz dhe fate\u201d, ndersa per\u2026","rel":"","context":"In &quot;Arte&quot;","block_context":{"text":"Arte","link":"https:\/\/www.shqiperia.com\/blog\/category\/arte\/"},"img":{"alt_text":"","src":"https:\/\/i0.wp.com\/www.shqiperia.com\/blog\/wp-content\/uploads\/2018\/06\/Pvlina-dhe-Piro-Mani.jpg?fit=696%2C348&ssl=1&resize=350%2C200","width":350,"height":200,"srcset":"https:\/\/i0.wp.com\/www.shqiperia.com\/blog\/wp-content\/uploads\/2018\/06\/Pvlina-dhe-Piro-Mani.jpg?fit=696%2C348&ssl=1&resize=350%2C200 1x, https:\/\/i0.wp.com\/www.shqiperia.com\/blog\/wp-content\/uploads\/2018\/06\/Pvlina-dhe-Piro-Mani.jpg?fit=696%2C348&ssl=1&resize=525%2C300 1.5x"},"classes":[]},{"id":32484,"url":"https:\/\/www.shqiperia.com\/blog\/te-moshuarit-rebele-thone-lajmet-chipokrizi\/","url_meta":{"origin":30816,"position":3},"title":"T\u00eb moshuarit rebel\u00eb\u2026 thon\u00eb lajmet.. \u00e7\u2019hipokrizi.. ?!","author":"Kurt Farka","date":"March 18, 2020","format":false,"excerpt":"T\u00eb moshuarit rebel\u00eb\u2026 thon\u00eb lajmet.. \u00e7\u2019hipokrizi.. ?! Nga: Brizida GjikondiU kujtuat Ju p\u00ebr t\u00eb moshuarit, Ju q\u00eb edhe tani skeni hallin e tyre por tuajin.. N\u00eb 30 vjet i keni trajtuar si mos m\u00eb keq, pensionet e tyre jan\u00eb m\u00eb posht\u00ebrueset n\u00eb rajon pale n\u00eb Evrop\u00eb, n\u00eb v\u00ebnd t\u00eb ilaceve\u2026","rel":"","context":"In &quot;Blogu i Udh\u00ebtarit&quot;","block_context":{"text":"Blogu i Udh\u00ebtarit","link":"https:\/\/www.shqiperia.com\/blog\/category\/blogu-i-udhetarit\/"},"img":{"alt_text":"","src":"https:\/\/i0.wp.com\/www.shqiperia.com\/blog\/wp-content\/uploads\/2020\/03\/download-1-2.jpg?resize=350%2C200&ssl=1","width":350,"height":200,"srcset":"https:\/\/i0.wp.com\/www.shqiperia.com\/blog\/wp-content\/uploads\/2020\/03\/download-1-2.jpg?resize=350%2C200&ssl=1 1x, https:\/\/i0.wp.com\/www.shqiperia.com\/blog\/wp-content\/uploads\/2020\/03\/download-1-2.jpg?resize=525%2C300&ssl=1 1.5x"},"classes":[]},{"id":39664,"url":"https:\/\/www.shqiperia.com\/blog\/basha-ngre-tonet-kriminale-si-sillet-me-shqiptaret-palacoja-fryhet-si-gjel-kakaris-si-pule\/","url_meta":{"origin":30816,"position":4},"title":"Basha ngre tonet: &#8211; Kriminale si sillet me shqiptar\u00ebt pala\u00e7oja, fryhet si gjel, kakaris si pul\u00eb","author":"Kurt Farka","date":"October 14, 2020","format":false,"excerpt":"Basha ngre tonet: - Kriminale si sillet me shqiptar\u00ebt pala\u00e7oja, fryhet si gjel, kakaris si pul\u00eb 14\/10\/20 Kryedemokrati Lulzim Basha ka dal\u00eb sot s\u00ebrish para mediave duke akuzuar qeverin\u00eb dhe kryeministrin Edi Rama p\u00ebr sjellje kriminale me qytetar\u00ebt shqiptar\u00eb, teksa ka sjell\u00eb nj\u00eb panoram\u00eb t\u00eb zymt\u00eb t\u00eb situat\u00ebs ekonomike e\u2026","rel":"","context":"In &quot;Blogu i Udh\u00ebtarit&quot;","block_context":{"text":"Blogu i Udh\u00ebtarit","link":"https:\/\/www.shqiperia.com\/blog\/category\/blogu-i-udhetarit\/"},"img":{"alt_text":"","src":"https:\/\/i0.wp.com\/www.shqiperia.com\/blog\/wp-content\/uploads\/2020\/10\/Edi-Rama-5.jpg?fit=900%2C394&ssl=1&resize=350%2C200","width":350,"height":200,"srcset":"https:\/\/i0.wp.com\/www.shqiperia.com\/blog\/wp-content\/uploads\/2020\/10\/Edi-Rama-5.jpg?fit=900%2C394&ssl=1&resize=350%2C200 1x, https:\/\/i0.wp.com\/www.shqiperia.com\/blog\/wp-content\/uploads\/2020\/10\/Edi-Rama-5.jpg?fit=900%2C394&ssl=1&resize=525%2C300 1.5x, https:\/\/i0.wp.com\/www.shqiperia.com\/blog\/wp-content\/uploads\/2020\/10\/Edi-Rama-5.jpg?fit=900%2C394&ssl=1&resize=700%2C400 2x"},"classes":[]},{"id":78414,"url":"https:\/\/www.shqiperia.com\/blog\/intelektualet-shqiptare-peticion-ama-s-largoni-sharlatanet-nga-ekranet-po-kultivojne-psikoza-te-semura-ne-opinionin-publik\/","url_meta":{"origin":30816,"position":5},"title":"Intelektual\u00ebt shqiptar\u00eb peticion AMA-s: Largoni sharlatan\u00ebt nga ekranet, po kultivojn\u00eb psikoza t\u00eb s\u00ebmura n\u00eb opinionin publik","author":"Kurt Farka","date":"February 18, 2024","format":false,"excerpt":"17 Shkurt 2024 ... Niveli i ul\u00ebt i informacionit shkencor n\u00eb nj\u00eb pjes\u00eb t\u00eb mediave tona, promovimi i dijeve amatoreske, i nj\u00eb etimologjie vulgare dhe sharlatanizmi kan\u00eb krijuar nj\u00eb situat\u00eb alarmante... Nj\u00eb grup intelektual\u00ebsh nga m\u00eb t\u00eb r\u00ebnd\u00ebsishmit n\u00eb vend, ku renditen: Rexhep Qosja, Bamir Topi, Xhevat Lloshi, P\u00ebllumb Xhufi\u2026","rel":"","context":"In &quot;Blogu i Udh\u00ebtarit&quot;","block_context":{"text":"Blogu i Udh\u00ebtarit","link":"https:\/\/www.shqiperia.com\/blog\/category\/blogu-i-udhetarit\/"},"img":{"alt_text":"","src":"https:\/\/i0.wp.com\/www.shqiperia.com\/blog\/wp-content\/uploads\/2024\/02\/600-388-ama-1708288381-1.jpg?fit=600%2C388&ssl=1&resize=350%2C200","width":350,"height":200,"srcset":"https:\/\/i0.wp.com\/www.shqiperia.com\/blog\/wp-content\/uploads\/2024\/02\/600-388-ama-1708288381-1.jpg?fit=600%2C388&ssl=1&resize=350%2C200 1x, https:\/\/i0.wp.com\/www.shqiperia.com\/blog\/wp-content\/uploads\/2024\/02\/600-388-ama-1708288381-1.jpg?fit=600%2C388&ssl=1&resize=525%2C300 1.5x"},"classes":[]}],"_links":{"self":[{"href":"https:\/\/www.shqiperia.com\/blog\/wp-json\/wp\/v2\/posts\/30816","targetHints":{"allow":["GET"]}}],"collection":[{"href":"https:\/\/www.shqiperia.com\/blog\/wp-json\/wp\/v2\/posts"}],"about":[{"href":"https:\/\/www.shqiperia.com\/blog\/wp-json\/wp\/v2\/types\/post"}],"author":[{"embeddable":true,"href":"https:\/\/www.shqiperia.com\/blog\/wp-json\/wp\/v2\/users\/9"}],"replies":[{"embeddable":true,"href":"https:\/\/www.shqiperia.com\/blog\/wp-json\/wp\/v2\/comments?post=30816"}],"version-history":[{"count":1,"href":"https:\/\/www.shqiperia.com\/blog\/wp-json\/wp\/v2\/posts\/30816\/revisions"}],"predecessor-version":[{"id":30818,"href":"https:\/\/www.shqiperia.com\/blog\/wp-json\/wp\/v2\/posts\/30816\/revisions\/30818"}],"wp:featuredmedia":[{"embeddable":true,"href":"https:\/\/www.shqiperia.com\/blog\/wp-json\/wp\/v2\/media\/30817"}],"wp:attachment":[{"href":"https:\/\/www.shqiperia.com\/blog\/wp-json\/wp\/v2\/media?parent=30816"}],"wp:term":[{"taxonomy":"category","embeddable":true,"href":"https:\/\/www.shqiperia.com\/blog\/wp-json\/wp\/v2\/categories?post=30816"},{"taxonomy":"post_tag","embeddable":true,"href":"https:\/\/www.shqiperia.com\/blog\/wp-json\/wp\/v2\/tags?post=30816"}],"curies":[{"name":"wp","href":"https:\/\/api.w.org\/{rel}","templated":true}]}}