{"id":30132,"date":"2020-01-08T21:14:53","date_gmt":"2020-01-08T21:14:53","guid":{"rendered":"https:\/\/www.shqiperia.com\/blog\/?p=30132"},"modified":"2020-01-08T21:17:51","modified_gmt":"2020-01-08T21:17:51","slug":"naxhi-bakalli-balada-e-kostandinit-e-doruntina","status":"publish","type":"post","link":"https:\/\/www.shqiperia.com\/blog\/naxhi-bakalli-balada-e-kostandinit-e-doruntina\/","title":{"rendered":"Naxhi Bakalli: &#8220;Balada e Kostandinit e Doruntina&#8221;. (2 foto)."},"content":{"rendered":"<div class=\"_5pbx userContent _3576\" id=\"js_1t\" data-testid=\"post_message\" data-ft=\"{&quot;tn&quot;:&quot;K&quot;}\">\n<div id=\"attachment_30133\" style=\"width: 459px\" class=\"wp-caption alignnone\"><img data-recalc-dims=\"1\" loading=\"lazy\" decoding=\"async\" aria-describedby=\"caption-attachment-30133\" data-attachment-id=\"30133\" data-permalink=\"https:\/\/www.shqiperia.com\/blog\/naxhi-bakalli-balada-e-kostandinit-e-doruntina\/naxhi-bakalli-2\/\" data-orig-file=\"https:\/\/i0.wp.com\/www.shqiperia.com\/blog\/wp-content\/uploads\/2020\/01\/Naxhi-Bakalli-2.jpg?fit=638%2C488&amp;ssl=1\" data-orig-size=\"638,488\" data-comments-opened=\"1\" data-image-meta=\"{&quot;aperture&quot;:&quot;0&quot;,&quot;credit&quot;:&quot;&quot;,&quot;camera&quot;:&quot;&quot;,&quot;caption&quot;:&quot;&quot;,&quot;created_timestamp&quot;:&quot;0&quot;,&quot;copyright&quot;:&quot;&quot;,&quot;focal_length&quot;:&quot;0&quot;,&quot;iso&quot;:&quot;0&quot;,&quot;shutter_speed&quot;:&quot;0&quot;,&quot;title&quot;:&quot;&quot;,&quot;orientation&quot;:&quot;0&quot;}\" data-image-title=\"Naxhi Bakalli (2)\" data-image-description=\"\" data-image-caption=\"&lt;p&gt;Naxhi Bakalli&lt;\/p&gt;\n\" data-medium-file=\"https:\/\/i0.wp.com\/www.shqiperia.com\/blog\/wp-content\/uploads\/2020\/01\/Naxhi-Bakalli-2.jpg?fit=300%2C229&amp;ssl=1\" data-large-file=\"https:\/\/i0.wp.com\/www.shqiperia.com\/blog\/wp-content\/uploads\/2020\/01\/Naxhi-Bakalli-2.jpg?fit=638%2C488&amp;ssl=1\" class=\" wp-image-30133\" alt=\"\" src=\"https:\/\/i0.wp.com\/www.shqiperia.com\/blog\/wp-content\/uploads\/2020\/01\/Naxhi-Bakalli-2.jpg?resize=449%2C343&#038;ssl=1\" width=\"449\" height=\"343\" srcset=\"https:\/\/i0.wp.com\/www.shqiperia.com\/blog\/wp-content\/uploads\/2020\/01\/Naxhi-Bakalli-2.jpg?resize=300%2C229&amp;ssl=1 300w, https:\/\/i0.wp.com\/www.shqiperia.com\/blog\/wp-content\/uploads\/2020\/01\/Naxhi-Bakalli-2.jpg?resize=450%2C344&amp;ssl=1 450w, https:\/\/i0.wp.com\/www.shqiperia.com\/blog\/wp-content\/uploads\/2020\/01\/Naxhi-Bakalli-2.jpg?resize=600%2C459&amp;ssl=1 600w, https:\/\/i0.wp.com\/www.shqiperia.com\/blog\/wp-content\/uploads\/2020\/01\/Naxhi-Bakalli-2.jpg?resize=400%2C306&amp;ssl=1 400w, https:\/\/i0.wp.com\/www.shqiperia.com\/blog\/wp-content\/uploads\/2020\/01\/Naxhi-Bakalli-2.jpg?w=638&amp;ssl=1 638w\" sizes=\"auto, (max-width: 449px) 100vw, 449px\" \/><p id=\"caption-attachment-30133\" class=\"wp-caption-text\">Naxhi Bakalli<\/p><\/div>\n<p>Naxhi Bakalli.<br \/>\nKartoline shoqeruese e serise se Pullave Postare: &#8220;Balada e Kostandinit e Doruntina&#8221;.<br \/>\nDita e emisionit 05.04 1989.<\/p>\n<div id=\"attachment_30134\" style=\"width: 626px\" class=\"wp-caption alignnone\"><img data-recalc-dims=\"1\" loading=\"lazy\" decoding=\"async\" aria-describedby=\"caption-attachment-30134\" data-attachment-id=\"30134\" data-permalink=\"https:\/\/www.shqiperia.com\/blog\/naxhi-bakalli-balada-e-kostandinit-e-doruntina\/naxhi-bakalli\/\" data-orig-file=\"https:\/\/i0.wp.com\/www.shqiperia.com\/blog\/wp-content\/uploads\/2020\/01\/Naxhi-Bakalli.jpg?fit=638%2C960&amp;ssl=1\" data-orig-size=\"638,960\" data-comments-opened=\"1\" data-image-meta=\"{&quot;aperture&quot;:&quot;0&quot;,&quot;credit&quot;:&quot;&quot;,&quot;camera&quot;:&quot;&quot;,&quot;caption&quot;:&quot;&quot;,&quot;created_timestamp&quot;:&quot;0&quot;,&quot;copyright&quot;:&quot;&quot;,&quot;focal_length&quot;:&quot;0&quot;,&quot;iso&quot;:&quot;0&quot;,&quot;shutter_speed&quot;:&quot;0&quot;,&quot;title&quot;:&quot;&quot;,&quot;orientation&quot;:&quot;0&quot;}\" data-image-title=\"Naxhi Bakalli\" data-image-description=\"\" data-image-caption=\"&lt;p&gt;Naxhi Bakalli&lt;\/p&gt;\n\" data-medium-file=\"https:\/\/i0.wp.com\/www.shqiperia.com\/blog\/wp-content\/uploads\/2020\/01\/Naxhi-Bakalli.jpg?fit=199%2C300&amp;ssl=1\" data-large-file=\"https:\/\/i0.wp.com\/www.shqiperia.com\/blog\/wp-content\/uploads\/2020\/01\/Naxhi-Bakalli.jpg?fit=638%2C960&amp;ssl=1\" class=\" wp-image-30134\" alt=\"\" src=\"https:\/\/i0.wp.com\/www.shqiperia.com\/blog\/wp-content\/uploads\/2020\/01\/Naxhi-Bakalli.jpg?resize=616%2C929&#038;ssl=1\" width=\"616\" height=\"929\" srcset=\"https:\/\/i0.wp.com\/www.shqiperia.com\/blog\/wp-content\/uploads\/2020\/01\/Naxhi-Bakalli.jpg?resize=199%2C300&amp;ssl=1 199w, https:\/\/i0.wp.com\/www.shqiperia.com\/blog\/wp-content\/uploads\/2020\/01\/Naxhi-Bakalli.jpg?resize=400%2C602&amp;ssl=1 400w\" sizes=\"auto, (max-width: 616px) 100vw, 616px\" \/><p id=\"caption-attachment-30134\" class=\"wp-caption-text\">Naxhi Bakalli<\/p><\/div>\n<\/div>\n<div class=\"_3x-2\" data-ft=\"{&quot;tn&quot;:&quot;H&quot;}\">\n<div data-ft=\"{&quot;tn&quot;:&quot;H&quot;}\">\n<div class=\"mtm\">\n<div>\n<div class=\"_1ktf\" data-ft=\"{&quot;tn&quot;:&quot;E&quot;}\"><\/div>\n<\/div>\n<\/div>\n<\/div>\n<\/div>\n","protected":false},"excerpt":{"rendered":"<p>Naxhi Bakalli. Kartoline shoqeruese e serise se Pullave Postare: &#8220;Balada e Kostandinit e Doruntina&#8221;. Dita e emisionit 05.04 1989.<\/p>\n","protected":false},"author":9,"featured_media":30133,"comment_status":"open","ping_status":"open","sticky":false,"template":"","format":"standard","meta":{"jetpack_post_was_ever_published":false,"_jetpack_newsletter_access":"","_jetpack_dont_email_post_to_subs":false,"_jetpack_newsletter_tier_id":0,"_jetpack_memberships_contains_paywalled_content":false,"_jetpack_memberships_contains_paid_content":false,"footnotes":"","jetpack_publicize_message":"","jetpack_publicize_feature_enabled":true,"jetpack_social_post_already_shared":true,"jetpack_social_options":{"image_generator_settings":{"template":"highway","default_image_id":0,"font":"","enabled":false},"version":2}},"categories":[87,10,86],"tags":[],"class_list":["post-30132","post","type-post","status-publish","format-standard","has-post-thumbnail","hentry","category-arte","category-kultura","category-trashegimi-kulturore"],"jetpack_publicize_connections":[],"jetpack_featured_media_url":"https:\/\/i0.wp.com\/www.shqiperia.com\/blog\/wp-content\/uploads\/2020\/01\/Naxhi-Bakalli-2.jpg?fit=638%2C488&ssl=1","jetpack_sharing_enabled":true,"jetpack_shortlink":"https:\/\/wp.me\/p5Z6wp-7Q0","jetpack-related-posts":[{"id":78839,"url":"https:\/\/www.shqiperia.com\/blog\/piktori-naxhi-bakalli-nderohet-me-titullin-qytetar-nderi-i-krujes\/","url_meta":{"origin":30132,"position":0},"title":"Piktori Naxhi Bakalli nderohet me titullin &#8220;Qytetar Nderi i Kruj\u00ebs&#8221;.","author":"Kurt Farka","date":"March 4, 2024","format":false,"excerpt":"4 Mars 2024 Piktori Naxhi Bakalli nderohet me titullin \"Qytetar Nderi i Kruj\u00ebs\", p\u00ebr vepr\u00ebn madh\u00ebshtore t\u00eb tij, \"P\u00ebrballimi\", realizuar n\u00eb Muzeun Historik \"Gjergj Kastrioti Sk\u00ebnderbeu\".","rel":"","context":"In &quot;Arte&quot;","block_context":{"text":"Arte","link":"https:\/\/www.shqiperia.com\/blog\/category\/arte\/"},"img":{"alt_text":"","src":"https:\/\/i0.wp.com\/www.shqiperia.com\/blog\/wp-content\/uploads\/2024\/03\/417534088_10231113821130469_1754268312157160392_n.jpg?fit=720%2C518&ssl=1&resize=350%2C200","width":350,"height":200,"srcset":"https:\/\/i0.wp.com\/www.shqiperia.com\/blog\/wp-content\/uploads\/2024\/03\/417534088_10231113821130469_1754268312157160392_n.jpg?fit=720%2C518&ssl=1&resize=350%2C200 1x, https:\/\/i0.wp.com\/www.shqiperia.com\/blog\/wp-content\/uploads\/2024\/03\/417534088_10231113821130469_1754268312157160392_n.jpg?fit=720%2C518&ssl=1&resize=525%2C300 1.5x, https:\/\/i0.wp.com\/www.shqiperia.com\/blog\/wp-content\/uploads\/2024\/03\/417534088_10231113821130469_1754268312157160392_n.jpg?fit=720%2C518&ssl=1&resize=700%2C400 2x"},"classes":[]},{"id":75814,"url":"https:\/\/www.shqiperia.com\/blog\/naxhi-bakalli-mjeshtri-i-motiveve-popullore-ne-pikturen-shqiptare\/","url_meta":{"origin":30132,"position":1},"title":"Naxhi Bakalli, mjeshtri i motiveve popullore n\u00eb piktur\u00ebn shqiptare","author":"Kurt Farka","date":"November 26, 2023","format":false,"excerpt":"26 Nentor 2023 \u00cbsht\u00eb e v\u00ebshtir\u00eb t\u2019i mendosh t\u00eb pikturuara motivet popullore dhe tematikat komb\u00ebtare, pa emrin e piktorit Naxhi Bakalli. Piktura e tij \u00ebsht\u00eb autentike. Sapo e sheh vepr\u00ebn e tij, menj\u00ebher\u00eb e shquan dhe e identifikon autorin e tyre. Naxhi Bakalli veprimtarin\u00eb e vet artistike e ka krijuar\u2026","rel":"","context":"In &quot;Arte&quot;","block_context":{"text":"Arte","link":"https:\/\/www.shqiperia.com\/blog\/category\/arte\/"},"img":{"alt_text":"","src":"https:\/\/i0.wp.com\/www.shqiperia.com\/blog\/wp-content\/uploads\/2023\/11\/2023111514315347582-1.jpg?fit=1200%2C746&ssl=1&resize=350%2C200","width":350,"height":200,"srcset":"https:\/\/i0.wp.com\/www.shqiperia.com\/blog\/wp-content\/uploads\/2023\/11\/2023111514315347582-1.jpg?fit=1200%2C746&ssl=1&resize=350%2C200 1x, https:\/\/i0.wp.com\/www.shqiperia.com\/blog\/wp-content\/uploads\/2023\/11\/2023111514315347582-1.jpg?fit=1200%2C746&ssl=1&resize=525%2C300 1.5x, https:\/\/i0.wp.com\/www.shqiperia.com\/blog\/wp-content\/uploads\/2023\/11\/2023111514315347582-1.jpg?fit=1200%2C746&ssl=1&resize=700%2C400 2x, https:\/\/i0.wp.com\/www.shqiperia.com\/blog\/wp-content\/uploads\/2023\/11\/2023111514315347582-1.jpg?fit=1200%2C746&ssl=1&resize=1050%2C600 3x"},"classes":[]},{"id":6104,"url":"https:\/\/www.shqiperia.com\/blog\/skulptori-qazim-arifi-artisti-i-portreteve\/","url_meta":{"origin":30132,"position":2},"title":"Skulptori Qazim Arifi &#8211; Artisti i Portreteve.","author":"Kurt Farka","date":"April 8, 2018","format":false,"excerpt":"Mendohej qe perendoi koha e busteve portret, Mjeshteria e daltes\u00a0 dhe karakteret e analizuar psikologjkishte,\u00a0 japin vepra me vlera artistike dhe karaktere me vlera arti. Ketu ne Shqiperi ne keto vite po e tregon puna e palodhur e skulptorit Qazim Arifi. Ka shume skulptore qe me mjeshterine e tyre \u00a0shpalosin\u2026","rel":"","context":"In &quot;Arte&quot;","block_context":{"text":"Arte","link":"https:\/\/www.shqiperia.com\/blog\/category\/arte\/"},"img":{"alt_text":"","src":"https:\/\/i0.wp.com\/www.shqiperia.com\/blog\/wp-content\/uploads\/2018\/04\/Naxh-Bakalli.jpg?fit=960%2C635&ssl=1&resize=350%2C200","width":350,"height":200,"srcset":"https:\/\/i0.wp.com\/www.shqiperia.com\/blog\/wp-content\/uploads\/2018\/04\/Naxh-Bakalli.jpg?fit=960%2C635&ssl=1&resize=350%2C200 1x, https:\/\/i0.wp.com\/www.shqiperia.com\/blog\/wp-content\/uploads\/2018\/04\/Naxh-Bakalli.jpg?fit=960%2C635&ssl=1&resize=525%2C300 1.5x, https:\/\/i0.wp.com\/www.shqiperia.com\/blog\/wp-content\/uploads\/2018\/04\/Naxh-Bakalli.jpg?fit=960%2C635&ssl=1&resize=700%2C400 2x"},"classes":[]},{"id":5946,"url":"https:\/\/www.shqiperia.com\/blog\/filmi-my-name-is-somebody-i-regjisorit-orges-bakalli-nominohet-per-tre-cmime\/","url_meta":{"origin":30132,"position":3},"title":"Filmi \u201cMy Name is Somebody\u201d i regjisorit Orges Bakalli nominohet p\u00ebr tre \u00e7mime","author":"shqiperia","date":"April 6, 2018","format":false,"excerpt":"Filmi \u201cMy Name is Somebody\u201d me regji dhe skenar nga Orges Bakalli ka fituar \u00e7mimin \u201cBest Cinematography\u201d (Kinematografia m\u00eb e mir\u00eb) nga Genre Celebration Festival 2018 dhe ka marr\u00eb tre nominime: \u201cBest Screenplay Narrative Short\u201d (Skenari m\u00eb i mir\u00eb p\u00ebr metrazh t\u00eb shkurt\u00ebr), \u201cBest Actor\u201d (Aktori m\u00eb i mir\u00eb) p\u00ebr\u2026","rel":"","context":"In &quot;Kultura&quot;","block_context":{"text":"Kultura","link":"https:\/\/www.shqiperia.com\/blog\/category\/kultura\/"},"img":{"alt_text":"","src":"https:\/\/i0.wp.com\/www.shqiperia.com\/blog\/wp-content\/uploads\/2018\/04\/My-name-is-somebody.jpg?fit=847%2C1200&ssl=1&resize=350%2C200","width":350,"height":200,"srcset":"https:\/\/i0.wp.com\/www.shqiperia.com\/blog\/wp-content\/uploads\/2018\/04\/My-name-is-somebody.jpg?fit=847%2C1200&ssl=1&resize=350%2C200 1x, https:\/\/i0.wp.com\/www.shqiperia.com\/blog\/wp-content\/uploads\/2018\/04\/My-name-is-somebody.jpg?fit=847%2C1200&ssl=1&resize=525%2C300 1.5x, https:\/\/i0.wp.com\/www.shqiperia.com\/blog\/wp-content\/uploads\/2018\/04\/My-name-is-somebody.jpg?fit=847%2C1200&ssl=1&resize=700%2C400 2x"},"classes":[]},{"id":97714,"url":"https:\/\/www.shqiperia.com\/blog\/nga-piktura-te-skena-sofra-tiranase-nje-feste-e-artit-dhe-tradites-shqiptare-sjell-mjeshtrit-e-artit-dhe-muzikes\/","url_meta":{"origin":30132,"position":4},"title":"Nga piktura te skena, \u201cSofra Tiranase\u201d nj\u00eb fest\u00eb e artit dhe tradit\u00ebs shqiptare sjell mjeshtrit e artit dhe muzik\u00ebs","author":"Kurt Farka","date":"February 15, 2026","format":false,"excerpt":"15 Shkurt 2026 N\u00eb Tiran\u00eb, kultura dhe arti bashkohen p\u00ebr t\u00eb krijuar nj\u00eb eksperienc\u00eb t\u00eb paharrueshme. \u201cSofra Tiranase 2026\u201d vjen si nj\u00eb fest\u00eb e kultur\u00ebs, ngjyrave dhe emocioneve t\u00eb bukura. N\u00ebn organizimin e \u201cShoqat\u00ebs Tirana\u201d, ky aktivitet sjell energji, eleganc\u00eb dhe profesionaliz\u00ebm. Nj\u00eb udh\u00ebtim artistik, q\u00eb nis me piktur\u00ebn dhe\u2026","rel":"","context":"In &quot;Arte&quot;","block_context":{"text":"Arte","link":"https:\/\/www.shqiperia.com\/blog\/category\/arte\/"},"img":{"alt_text":"","src":"https:\/\/i0.wp.com\/www.shqiperia.com\/blog\/wp-content\/uploads\/2026\/02\/Pallati-i-Kongreseve.jpg?fit=991%2C619&ssl=1&resize=350%2C200","width":350,"height":200,"srcset":"https:\/\/i0.wp.com\/www.shqiperia.com\/blog\/wp-content\/uploads\/2026\/02\/Pallati-i-Kongreseve.jpg?fit=991%2C619&ssl=1&resize=350%2C200 1x, https:\/\/i0.wp.com\/www.shqiperia.com\/blog\/wp-content\/uploads\/2026\/02\/Pallati-i-Kongreseve.jpg?fit=991%2C619&ssl=1&resize=525%2C300 1.5x, https:\/\/i0.wp.com\/www.shqiperia.com\/blog\/wp-content\/uploads\/2026\/02\/Pallati-i-Kongreseve.jpg?fit=991%2C619&ssl=1&resize=700%2C400 2x"},"classes":[]},{"id":55426,"url":"https:\/\/www.shqiperia.com\/blog\/aktivistja-gjyljana-bakalli-e-arrestuar-nga-policia-ne-proteste-i-bashkohet-tubimit-zoti-e-di-cfare-kam-hequr-ato-dite-mesazh-administrates-ngrihuni-dreqi-ta-haje-k\/","url_meta":{"origin":30132,"position":5},"title":"\u201d- Aktivistja Gjyljana Bakalli e arrestuar nga policia n\u00eb protest\u00eb i bashkohet tubimit: &#8211; \u201cZoti e di \u00e7far\u00eb kam hequr ato dit\u00eb\u201d.- mesazh administrat\u00ebs: Ngrihuni dreqi ta haj\u00eb, kaq shum\u00eb ua ka vrar\u00eb nervin?","author":"Kurt Farka","date":"March 14, 2022","format":false,"excerpt":"\u201d- Aktivistja Gjyljana Bakalli e arrestuar nga policia n\u00eb protest\u00eb i bashkohet tubimit: - \u201cZoti e di \u00e7far\u00eb kam hequr ato dit\u00eb\u201d.- mesazh administrat\u00ebs: Ngrihuni dreqi ta haj\u00eb, kaq shum\u00eb ua ka vrar\u00eb nervin? - 14.03.22 \u201cM\u00eb vjen mir\u00eb q\u00eb ju shoh t\u00eb gjith\u00ebve duhet t\u00eb jemi m\u00eb shum\u00eb e\u2026","rel":"","context":"In &quot;Blogu i Udh\u00ebtarit&quot;","block_context":{"text":"Blogu i Udh\u00ebtarit","link":"https:\/\/www.shqiperia.com\/blog\/category\/blogu-i-udhetarit\/"},"img":{"alt_text":"","src":"https:\/\/i0.wp.com\/www.shqiperia.com\/blog\/wp-content\/uploads\/2022\/03\/Aktivistja-Gjyljana-Bakalli.jpg?fit=770%2C433&ssl=1&resize=350%2C200","width":350,"height":200,"srcset":"https:\/\/i0.wp.com\/www.shqiperia.com\/blog\/wp-content\/uploads\/2022\/03\/Aktivistja-Gjyljana-Bakalli.jpg?fit=770%2C433&ssl=1&resize=350%2C200 1x, https:\/\/i0.wp.com\/www.shqiperia.com\/blog\/wp-content\/uploads\/2022\/03\/Aktivistja-Gjyljana-Bakalli.jpg?fit=770%2C433&ssl=1&resize=525%2C300 1.5x, https:\/\/i0.wp.com\/www.shqiperia.com\/blog\/wp-content\/uploads\/2022\/03\/Aktivistja-Gjyljana-Bakalli.jpg?fit=770%2C433&ssl=1&resize=700%2C400 2x"},"classes":[]}],"_links":{"self":[{"href":"https:\/\/www.shqiperia.com\/blog\/wp-json\/wp\/v2\/posts\/30132","targetHints":{"allow":["GET"]}}],"collection":[{"href":"https:\/\/www.shqiperia.com\/blog\/wp-json\/wp\/v2\/posts"}],"about":[{"href":"https:\/\/www.shqiperia.com\/blog\/wp-json\/wp\/v2\/types\/post"}],"author":[{"embeddable":true,"href":"https:\/\/www.shqiperia.com\/blog\/wp-json\/wp\/v2\/users\/9"}],"replies":[{"embeddable":true,"href":"https:\/\/www.shqiperia.com\/blog\/wp-json\/wp\/v2\/comments?post=30132"}],"version-history":[{"count":4,"href":"https:\/\/www.shqiperia.com\/blog\/wp-json\/wp\/v2\/posts\/30132\/revisions"}],"predecessor-version":[{"id":30138,"href":"https:\/\/www.shqiperia.com\/blog\/wp-json\/wp\/v2\/posts\/30132\/revisions\/30138"}],"wp:featuredmedia":[{"embeddable":true,"href":"https:\/\/www.shqiperia.com\/blog\/wp-json\/wp\/v2\/media\/30133"}],"wp:attachment":[{"href":"https:\/\/www.shqiperia.com\/blog\/wp-json\/wp\/v2\/media?parent=30132"}],"wp:term":[{"taxonomy":"category","embeddable":true,"href":"https:\/\/www.shqiperia.com\/blog\/wp-json\/wp\/v2\/categories?post=30132"},{"taxonomy":"post_tag","embeddable":true,"href":"https:\/\/www.shqiperia.com\/blog\/wp-json\/wp\/v2\/tags?post=30132"}],"curies":[{"name":"wp","href":"https:\/\/api.w.org\/{rel}","templated":true}]}}