{"id":30126,"date":"2020-01-08T16:20:53","date_gmt":"2020-01-08T16:20:53","guid":{"rendered":"https:\/\/www.shqiperia.com\/blog\/?p=30126"},"modified":"2020-01-08T16:21:40","modified_gmt":"2020-01-08T16:21:40","slug":"neritan-ceka-si-u-be-grek-nga-ministria-e-kultures-tirane-butrinti-i-prasaibeve-kaoneve-dhe-epiroteve","status":"publish","type":"post","link":"https:\/\/www.shqiperia.com\/blog\/neritan-ceka-si-u-be-grek-nga-ministria-e-kultures-tirane-butrinti-i-prasaibeve-kaoneve-dhe-epiroteve\/","title":{"rendered":"NERITAN CEKA: -Si u b\u00eb grek nga Ministria e Kultures, Tirane Butrinti i prasaib\u00ebve, kaon\u00ebve dhe epirot\u00ebve"},"content":{"rendered":"<p><strong><img data-recalc-dims=\"1\" loading=\"lazy\" decoding=\"async\" data-attachment-id=\"30127\" data-permalink=\"https:\/\/www.shqiperia.com\/blog\/neritan-ceka-si-u-be-grek-nga-ministria-e-kultures-tirane-butrinti-i-prasaibeve-kaoneve-dhe-epiroteve\/arkeologu-neritan-ceka\/\" data-orig-file=\"https:\/\/i0.wp.com\/www.shqiperia.com\/blog\/wp-content\/uploads\/2020\/01\/Arkeologu-Neritan-Ceka.jpg?fit=770%2C433&amp;ssl=1\" data-orig-size=\"770,433\" data-comments-opened=\"1\" data-image-meta=\"{&quot;aperture&quot;:&quot;0&quot;,&quot;credit&quot;:&quot;&quot;,&quot;camera&quot;:&quot;&quot;,&quot;caption&quot;:&quot;&quot;,&quot;created_timestamp&quot;:&quot;0&quot;,&quot;copyright&quot;:&quot;&quot;,&quot;focal_length&quot;:&quot;0&quot;,&quot;iso&quot;:&quot;0&quot;,&quot;shutter_speed&quot;:&quot;0&quot;,&quot;title&quot;:&quot;&quot;,&quot;orientation&quot;:&quot;0&quot;}\" data-image-title=\"Arkeologu Neritan Ceka\" data-image-description=\"\" data-image-caption=\"&lt;p&gt;Arkeologu Neritan Ceka&lt;\/p&gt;\n\" data-medium-file=\"https:\/\/i0.wp.com\/www.shqiperia.com\/blog\/wp-content\/uploads\/2020\/01\/Arkeologu-Neritan-Ceka.jpg?fit=300%2C169&amp;ssl=1\" data-large-file=\"https:\/\/i0.wp.com\/www.shqiperia.com\/blog\/wp-content\/uploads\/2020\/01\/Arkeologu-Neritan-Ceka.jpg?fit=770%2C433&amp;ssl=1\" class=\"alignnone wp-image-30127\" alt=\"\" src=\"https:\/\/i0.wp.com\/www.shqiperia.com\/blog\/wp-content\/uploads\/2020\/01\/Arkeologu-Neritan-Ceka.jpg?resize=550%2C310&#038;ssl=1\" width=\"550\" height=\"310\" srcset=\"https:\/\/i0.wp.com\/www.shqiperia.com\/blog\/wp-content\/uploads\/2020\/01\/Arkeologu-Neritan-Ceka.jpg?resize=300%2C169&amp;ssl=1 300w, https:\/\/i0.wp.com\/www.shqiperia.com\/blog\/wp-content\/uploads\/2020\/01\/Arkeologu-Neritan-Ceka.jpg?resize=768%2C432&amp;ssl=1 768w, https:\/\/i0.wp.com\/www.shqiperia.com\/blog\/wp-content\/uploads\/2020\/01\/Arkeologu-Neritan-Ceka.jpg?resize=450%2C253&amp;ssl=1 450w, https:\/\/i0.wp.com\/www.shqiperia.com\/blog\/wp-content\/uploads\/2020\/01\/Arkeologu-Neritan-Ceka.jpg?resize=600%2C337&amp;ssl=1 600w, https:\/\/i0.wp.com\/www.shqiperia.com\/blog\/wp-content\/uploads\/2020\/01\/Arkeologu-Neritan-Ceka.jpg?resize=400%2C225&amp;ssl=1 400w, https:\/\/i0.wp.com\/www.shqiperia.com\/blog\/wp-content\/uploads\/2020\/01\/Arkeologu-Neritan-Ceka.jpg?w=770&amp;ssl=1 770w\" sizes=\"auto, (max-width: 550px) 100vw, 550px\" \/><\/strong><\/p>\n<p><strong>NERITAN CEKA: -Si u b\u00eb grek nga <\/strong>Ministria e Kultures, Tirane<strong> Butrinti i prasaib\u00ebve, kaon\u00ebve dhe epirot\u00ebve<\/strong><\/p>\n<p>06.01.20<\/p>\n<p><a href=\"http:\/\/gazetashqiptare.al\/2020\/01\/06\/neritan-ceka-si-u-grek-butrinti-prasaibeve-kaoneve-dhe-epiroteve\/\">Gazeta Shqiptare<\/a><\/p>\n<p>(N. Ceka: -\u2026 n\u00eb se Ministria e Kultures, Tirane mendon se epirot\u00ebt ishin grek\u00eb, le ta d\u00ebshmoj\u00eb, se vet\u00eb grek\u00ebt nuk kan\u00eb arritur\u2026).<\/p>\n<p>Kan\u00eb qen\u00eb disa v\u00ebrejtjet q\u00eb profesor Neritan Ceka ka b\u00ebr\u00eb mbi planin e menaxhimit t\u00eb Butrintit. Pos intervist\u00ebs p\u00ebr GSH, atyre n\u00eb televizione dhe vet\u00eb atyre, q\u00eb ju tha drejtp\u00ebrdrejt, zyrtar\u00ebve t\u00eb Ministris\u00eb s\u00eb Kultur\u00ebs dhe p\u00ebrfaq\u00ebsuesve t\u00eb AADF n\u00eb takimin publik t\u00eb mbajtur n\u00eb Tiran\u00eb gjat\u00eb vitit t\u00eb shkuar, Ceka i ka d\u00ebrguar nj\u00eb let\u00ebr zyrtare ministris\u00eb, pjes\u00eb nga e cila n\u00eb po botojm\u00eb sot. Prej 26 dhjetorit, plani i menaxhimit t\u00eb Butrintit \u00ebsht\u00eb online n\u00eb kuad\u00ebr t\u00eb \u2018konsultimit publik\u2019, dhe mund t\u00eb lexohet nga kushdo. Profesor Ceka thot\u00eb se nuk \u00ebsht\u00eb e papritur mungesa e \u00e7do reflektimi n\u00eb Planin e Menaxhimit t\u00eb Butrintit nga v\u00ebrejtjet q\u00eb u b\u00ebn\u00eb n\u00eb dit\u00ebt e diskutimit. Duke u shprehur i gatsh\u00ebm t\u00eb pranoj\u00eb pjes\u00ebn kryesore t\u00eb planit ai jep edhe nj\u00ebher\u00eb mang\u00ebsit\u00eb q\u00eb gjykon si specialist i trash\u00ebgimis\u00eb.<\/p>\n<p><strong>Nga Prof. Neritan Ceka<\/strong><\/p>\n<p>Duke ju fal\u00ebnderuar p\u00ebr mund\u00ebsin\u00eb q\u00eb m\u00eb dhat\u00eb q\u00eb t\u00eb shpreh pik\u00ebpamjet e mija p\u00ebr dokumentin \u201cPlani i menaxhimit t\u00eb integruar t\u00eb Parkut t\u00eb Butrintit\u201d, t\u00eb procedurave t\u00eb realizimit t\u00eb tij, si dhe perspektiv\u00ebn e zbatimit t\u00eb atij plani, po ju p\u00ebrmbledh vler\u00ebsimin tim, t\u00eb cilin pjes\u00ebrisht ja kam kaluar edhe Fondacionit Amerikan Shqiptar. Plani paraqet nj\u00eb dokument t\u00eb vlefsh\u00ebm, t\u00eb standardit bashk\u00ebkohor, q\u00eb mund t\u00eb sh\u00ebrbej\u00eb si nj\u00eb \u2018vademecum\u2019 p\u00ebr menaxhimin e Parkut Komb\u00ebtar t\u00eb Butrintit t\u00eb pakt\u00ebn p\u00ebr dekad\u00ebn e ardhshme. Si i till\u00eb ka vler\u00ebn e nj\u00eb dokumenti paraprak, ende i pa pap\u00ebrfunduar p\u00ebr t\u00eb qen\u00eb nj\u00eb instrument menaxhimi, sepse ka parashtruar \u00e7\u00ebshtjet KU dhe \u00c7FAR\u00cb, por ka l\u00ebn\u00eb pa trajtuar \u00e7\u00ebshtjet shum\u00eb t\u00eb r\u00ebnd\u00ebsishme KUSH dhe SI? Pra, \u00ebsht\u00eb nj\u00eb makin\u00eb e bukur, por pa motor (pavar\u00ebsisht se ministres suaj nuk i p\u00eblqejn\u00eb metaforat!)<\/p>\n<p><strong>KAPITULLI I MUNGUAR<\/strong><br \/>\nAtij i mungon nj\u00eb kapitull i t\u00ebr\u00eb ku duhet t\u00eb ishte propozuar statusi fondacionit q\u00eb merr p\u00ebrsip\u00ebr menaxhimin; rregullorja e funksionimit t\u00eb Fondacionit, marr\u00ebdh\u00ebnia midis Fondacionit dhe shtetit shqiptar, struktura, kompetencat dhe rregullorja e funksionimit t\u00eb stafit menaxhues t\u00eb Parkut, profilet e pun\u00ebs s\u00eb stafit drejtues, m\u00ebnyra dhe kriteret e p\u00ebrzgjedhjes, e karrier\u00ebs dhe e pages\u00ebs s\u00eb tyre, rregullat e marr\u00ebdh\u00ebnieve t\u00eb stafit menaxhues me agjencit\u00eb dhe institucionet publike t\u00eb angazhuara n\u00eb mbrojtjen, restaurimin, k\u00ebrkimin shkencor, promovimin e vlerave arkeologjike dhe ambientale t\u00eb Parkut, si dhe me organet e pushtetit vendor, grupet e interesit, mediat, etj.<br \/>\nMinistria duhet t\u00eb k\u00ebrkoj\u00eb plot\u00ebsimin e k\u00ebtij kapitulli, ku t\u00eb p\u00ebrfshihet edhe drafti i kontrat\u00ebs midis MK dhe Fondacionit t\u00eb ri, pastaj t\u00eb marr\u00eb n\u00eb dor\u00ebzim dokumentin, q\u00eb n\u00eb form\u00ebn aktuale \u00ebsht\u00eb ende nj\u00eb \u201chistori suksesi\u201d (ndjes\u00eb p\u00ebr metafor\u00ebn!). Dokumenti duhet t\u00eb parashikoj\u00eb edhe dinamik\u00ebn e zhvillimit t\u00eb Fondacionit t\u00eb ri dhe rrethit t\u00eb veprimit t\u00eb tij. N\u00ebse p\u00ebrdorim teorin\u00eb e rrath\u00ebve, q\u00eb parashtroi ministrja, kjo nuk do t\u00eb funksionoj\u00eb n\u00eb se krijojm\u00eb nga nj\u00eb fondacion p\u00ebr \u00e7do sit arkeologjik-ambiental, q\u00eb mund t\u00eb ishte Antigoneia, Oriku, Apollonia, Lezha apo Shkodra. Shembulli q\u00eb do t\u00eb ndiqej do t\u00eb ishte ai i \u2018British Heritage\u2019, q\u00eb \u00ebsht\u00eb nj\u00eb charity, por me kontroll publik p\u00ebrmes em\u00ebrimit nga Ministri i Kultur\u00ebs dhe kontrollit ekonomik e profesional. Pra Fondacioni i ri mund t\u00eb p\u00ebrfshij\u00eb n\u00eb nj\u00eb shkall\u00eb t\u00eb dyt\u00eb, jo t\u00eb larg\u00ebt Parkun e Finiqit dhe t\u00eb Antigones\u00eb, Syrin e Kalt\u00ebr, K\u00ebshtjell\u00ebn dhe Gjirin e Porto Palermos (t\u00eb shpallur sa m\u00eb par\u00eb park komb\u00ebtar!) bashk\u00eb me tunelin e n\u00ebndet\u00ebseve, p\u00ebr t\u00eb arritur nj\u00eb dit\u00eb deri n\u00eb Shkod\u00ebr, n\u00ebse koha do ta justifikoj\u00eb. P\u00ebrndryshe duhet t\u00eb marr\u00eb statusin e ngjash\u00ebm t\u00eb Parkut Bibracte n\u00eb Franc\u00eb, i cili funksionon si \u2018sh.a\u2019, apo at\u00eb t\u00eb Parkut t\u00eb Pompeit, q\u00eb funksionon si sopraintendenza (ku p\u00ebrfshihen edhe Herculanum, Stabiae, etj) n\u00eb var\u00ebsi t\u00eb Ministris\u00eb s\u00eb Kultur\u00ebs.<\/p>\n<div id=\"attachment_30128\" style=\"width: 716px\" class=\"wp-caption alignnone\"><img data-recalc-dims=\"1\" loading=\"lazy\" decoding=\"async\" aria-describedby=\"caption-attachment-30128\" data-attachment-id=\"30128\" data-permalink=\"https:\/\/www.shqiperia.com\/blog\/neritan-ceka-si-u-be-grek-nga-ministria-e-kultures-tirane-butrinti-i-prasaibeve-kaoneve-dhe-epiroteve\/faqja-e-pare-e-planit\/\" data-orig-file=\"https:\/\/i0.wp.com\/www.shqiperia.com\/blog\/wp-content\/uploads\/2020\/01\/Faqja-e-par%C3%AB-e-planit.png?fit=790%2C721&amp;ssl=1\" data-orig-size=\"790,721\" data-comments-opened=\"1\" data-image-meta=\"{&quot;aperture&quot;:&quot;0&quot;,&quot;credit&quot;:&quot;&quot;,&quot;camera&quot;:&quot;&quot;,&quot;caption&quot;:&quot;&quot;,&quot;created_timestamp&quot;:&quot;0&quot;,&quot;copyright&quot;:&quot;&quot;,&quot;focal_length&quot;:&quot;0&quot;,&quot;iso&quot;:&quot;0&quot;,&quot;shutter_speed&quot;:&quot;0&quot;,&quot;title&quot;:&quot;&quot;,&quot;orientation&quot;:&quot;0&quot;}\" data-image-title=\"Faqja e par\u00eb e planit\" data-image-description=\"\" data-image-caption=\"&lt;p&gt;Faqja e par\u00eb e planit&lt;\/p&gt;\n\" data-medium-file=\"https:\/\/i0.wp.com\/www.shqiperia.com\/blog\/wp-content\/uploads\/2020\/01\/Faqja-e-par%C3%AB-e-planit.png?fit=300%2C274&amp;ssl=1\" data-large-file=\"https:\/\/i0.wp.com\/www.shqiperia.com\/blog\/wp-content\/uploads\/2020\/01\/Faqja-e-par%C3%AB-e-planit.png?fit=790%2C721&amp;ssl=1\" class=\" wp-image-30128\" alt=\"\" src=\"https:\/\/i0.wp.com\/www.shqiperia.com\/blog\/wp-content\/uploads\/2020\/01\/Faqja-e-par%C3%AB-e-planit.png?resize=706%2C645&#038;ssl=1\" width=\"706\" height=\"645\" srcset=\"https:\/\/i0.wp.com\/www.shqiperia.com\/blog\/wp-content\/uploads\/2020\/01\/Faqja-e-par%C3%AB-e-planit.png?resize=300%2C274&amp;ssl=1 300w, https:\/\/i0.wp.com\/www.shqiperia.com\/blog\/wp-content\/uploads\/2020\/01\/Faqja-e-par%C3%AB-e-planit.png?resize=768%2C701&amp;ssl=1 768w, https:\/\/i0.wp.com\/www.shqiperia.com\/blog\/wp-content\/uploads\/2020\/01\/Faqja-e-par%C3%AB-e-planit.png?resize=450%2C411&amp;ssl=1 450w, https:\/\/i0.wp.com\/www.shqiperia.com\/blog\/wp-content\/uploads\/2020\/01\/Faqja-e-par%C3%AB-e-planit.png?resize=600%2C548&amp;ssl=1 600w, https:\/\/i0.wp.com\/www.shqiperia.com\/blog\/wp-content\/uploads\/2020\/01\/Faqja-e-par%C3%AB-e-planit.png?resize=400%2C365&amp;ssl=1 400w, https:\/\/i0.wp.com\/www.shqiperia.com\/blog\/wp-content\/uploads\/2020\/01\/Faqja-e-par%C3%AB-e-planit.png?w=790&amp;ssl=1 790w\" sizes=\"auto, (max-width: 706px) 100vw, 706px\" \/><p id=\"caption-attachment-30128\" class=\"wp-caption-text\">Faqja e par\u00eb e planit<\/p><\/div>\n<p><strong>BUTRINTI GREK?!<\/strong><\/p>\n<p>Duke paraqitur nj\u00eb dokument publik, studio duhet t\u00eb kishte qen\u00eb e kujdesshme n\u00eb paraqitjen e pjes\u00ebs historike, q\u00eb dominohet nga nj\u00eb megallomani anglosaksone (ndjes\u00eb p\u00ebr metafor\u00ebn!), sipas s\u00eb cil\u00ebs Parku Arkeologjik i Butrintit \u00ebsht\u00eb vep\u00ebr e Fondacionit Butrinti q\u00eb punoi atje n\u00eb vitet 1993-2012, duke reduktuar n\u00eb disa rreshta kontributin e misionit arkeologjik italian t\u00eb drejtuar nga L. M. Ugolini dhe asistuar nga H. Ceka, q\u00eb zbuloi pjes\u00ebn kryesore t\u00eb monumenteve, pun\u00ebn e arkeolog\u00ebve shqiptar\u00eb t\u00eb Institutit t\u00eb Arkeologjis\u00eb D. Budina, S. Islami, S. Anamali, N. Ceka, K. Lako, Dh. Condi, B. Muka q\u00eb drejtuan ekspeditat k\u00ebrkimore nga 1958-2019, apo pun\u00ebn e historian\u00ebve t\u00eb arkitektur\u00ebs dhe restaurator\u00ebve t\u00eb Institutit t\u00eb Monumenteve K. Zheku, N. Ceka, Gj. Karaiskaj, A. Meksi, A. Ba\u00e7e, q\u00eb kan\u00eb punuar n\u00eb Butrint gjat\u00eb s\u00eb nj\u00ebjt\u00ebs periudh\u00eb. Personalisht kam drejtuar krijimin e Parkut Arkeologjik t\u00eb Butrintit n\u00eb vitet 1969-1975, kur kam qen\u00eb punonj\u00ebs i Institutit t\u00eb Monumenteve dhe parku q\u00eb kemi sot, me p\u00ebrjashtim t\u00eb muzeut, \u00ebsht\u00eb krijuar i gjithi n\u00eb at\u00eb periudh\u00eb, q\u00eb nga rrethimi, porta, rruginat e l\u00ebvizjes, restaurimi i sken\u00ebs s\u00eb teatrit, tempullit t\u00eb Asklepit, termeve romake, nymfeut, etj. Po ashtu, kam drejtuar ekspedit\u00ebn arkeologjike shqiptare-greke n\u00eb vitet 1991-1992 dhe ekspedit\u00ebn e Forumit n\u00eb vitet 2004-2005. Nd\u00ebrsa un\u00eb kam qen\u00eb autor i krijimit t\u00eb parkut arkeologjik brenda rrethimit, i detyrohet A. Tares p\u00ebrfshirja n\u00eb territorin e Parkut edhe t\u00eb pjes\u00ebs ambientale dhe vendosja e renxhersave, pa t\u00eb cil\u00ebn Parku arkeologjik sot do t\u00eb ishte i rrethuar nga dhjet\u00ebra hotele, restorante dhe banesa. \u00cbsht\u00eb jo vet\u00ebm joetike, por krejt\u00ebsisht megallomane mungesa e \u00e7do referimi ndaj kontributeve shkencore e menaxheriale shqiptare p\u00ebr Butrintin n\u00eb list\u00ebn bibliografike, ku mund t\u00eb gjesh citime si: Bescoby et ali, Shenjt\u00eb dhe m\u00ebkatar\u00eb (pa dat\u00eb dhe vend botimi; al n\u00eb vend t\u00eb alii), apo Hernandez D. R; Mitchell, I.; Varrezat per\u00ebndimore: vrojtim arkeologjik i varreve romake p\u00ebrgjat\u00eb Kanalit t\u00eb Vivarit, Butrint 4. Oxbow books (Pa dat\u00eb! dhe p\u00ebrse sh\u00ebrben???), citime q\u00eb nuk kan\u00eb t\u00eb b\u00ebjn\u00eb aspak me p\u00ebrmbajtjen e dokumentit, por evidentojn\u00eb diletantizmin e hartuesve.<\/p>\n<p>Diletantizmi dhe megallomania b\u00ebhen komprometuese p\u00ebr dokumentin ve\u00e7an\u00ebrisht p\u00ebr termat e p\u00ebrdorura kuturu, por me rrezikun e interpretimit politik. Butrinti dhe qytet\u00ebrimi i tij cil\u00ebsohen grek dhe romak, nd\u00ebrkoh\u00eb q\u00eb Butrinti nuk \u00ebsht\u00eb koloni helene si Apollonia, Dyrrahu dhe Oriku, q\u00eb cil\u00ebsohen nga autor\u00ebt antik\u00eb dhe historia moderne si greke. Ato burime dhe mbishkrimet na d\u00ebshmojn\u00eb se \u00ebsht\u00eb kryeqytet i prasaib\u00ebve, kaon dhe epirot (n\u00eb se MK mendon se epirot\u00ebt ishin grek\u00eb, le ta d\u00ebshmoj\u00eb, se vet\u00eb grek\u00ebt nuk kan\u00eb arritur). Po kaq diletante \u00ebsht\u00eb p\u00ebrfshirja e t\u00eb gjith\u00eb mureve antike t\u00eb qytetit n\u00ebn termin helenistik, q\u00eb cil\u00ebson periudh\u00ebn 335- 30 p. Kr., nd\u00ebrkoh\u00eb q\u00eb n\u00eb muret e Butrintit ka nj\u00eb periudh\u00eb arkaike t\u00eb shek. VII p. Kr., klasike t\u00eb shek. V p.Kr, klasike t\u00eb von\u00eb t\u00eb fillimit t\u00eb shek. IV p. Kr, nd\u00ebrsa periudha helenistike ka vet\u00ebm dy rind\u00ebrtime t\u00eb kufizuara dhe nuk gjendet fare n\u00eb akropol, ku e vendosin hartuesit e dokumentit. Kjo nuk \u00ebsht\u00eb vet\u00ebm me r\u00ebnd\u00ebsi shkencore, por edhe p\u00ebr pun\u00ebn konkrete t\u00eb vler\u00ebsimit turistik, konservimit e restaurimit, mbi baz\u00ebn e teknikave t\u00eb secil\u00ebs periudh\u00eb (metaforikisht do t\u00eb ishte sikur t\u00eb vler\u00ebsoje nj\u00eb grua t\u00eb bukur bionde si midis t\u00eb tridhjetave dhe shtat\u00ebdhjetave!).<\/p>\n<div id=\"attachment_30127\" style=\"width: 1011px\" class=\"wp-caption alignnone\"><img data-recalc-dims=\"1\" loading=\"lazy\" decoding=\"async\" aria-describedby=\"caption-attachment-30127\" data-attachment-id=\"30127\" data-permalink=\"https:\/\/www.shqiperia.com\/blog\/neritan-ceka-si-u-be-grek-nga-ministria-e-kultures-tirane-butrinti-i-prasaibeve-kaoneve-dhe-epiroteve\/arkeologu-neritan-ceka\/\" data-orig-file=\"https:\/\/i0.wp.com\/www.shqiperia.com\/blog\/wp-content\/uploads\/2020\/01\/Arkeologu-Neritan-Ceka.jpg?fit=770%2C433&amp;ssl=1\" data-orig-size=\"770,433\" data-comments-opened=\"1\" data-image-meta=\"{&quot;aperture&quot;:&quot;0&quot;,&quot;credit&quot;:&quot;&quot;,&quot;camera&quot;:&quot;&quot;,&quot;caption&quot;:&quot;&quot;,&quot;created_timestamp&quot;:&quot;0&quot;,&quot;copyright&quot;:&quot;&quot;,&quot;focal_length&quot;:&quot;0&quot;,&quot;iso&quot;:&quot;0&quot;,&quot;shutter_speed&quot;:&quot;0&quot;,&quot;title&quot;:&quot;&quot;,&quot;orientation&quot;:&quot;0&quot;}\" data-image-title=\"Arkeologu Neritan Ceka\" data-image-description=\"\" data-image-caption=\"&lt;p&gt;Arkeologu Neritan Ceka&lt;\/p&gt;\n\" data-medium-file=\"https:\/\/i0.wp.com\/www.shqiperia.com\/blog\/wp-content\/uploads\/2020\/01\/Arkeologu-Neritan-Ceka.jpg?fit=300%2C169&amp;ssl=1\" data-large-file=\"https:\/\/i0.wp.com\/www.shqiperia.com\/blog\/wp-content\/uploads\/2020\/01\/Arkeologu-Neritan-Ceka.jpg?fit=770%2C433&amp;ssl=1\" class=\" wp-image-30127\" alt=\"\" src=\"https:\/\/i0.wp.com\/www.shqiperia.com\/blog\/wp-content\/uploads\/2020\/01\/Arkeologu-Neritan-Ceka.jpg?resize=1001%2C564&#038;ssl=1\" width=\"1001\" height=\"564\" srcset=\"https:\/\/i0.wp.com\/www.shqiperia.com\/blog\/wp-content\/uploads\/2020\/01\/Arkeologu-Neritan-Ceka.jpg?resize=300%2C169&amp;ssl=1 300w, https:\/\/i0.wp.com\/www.shqiperia.com\/blog\/wp-content\/uploads\/2020\/01\/Arkeologu-Neritan-Ceka.jpg?resize=768%2C432&amp;ssl=1 768w, https:\/\/i0.wp.com\/www.shqiperia.com\/blog\/wp-content\/uploads\/2020\/01\/Arkeologu-Neritan-Ceka.jpg?resize=450%2C253&amp;ssl=1 450w, https:\/\/i0.wp.com\/www.shqiperia.com\/blog\/wp-content\/uploads\/2020\/01\/Arkeologu-Neritan-Ceka.jpg?resize=600%2C337&amp;ssl=1 600w, https:\/\/i0.wp.com\/www.shqiperia.com\/blog\/wp-content\/uploads\/2020\/01\/Arkeologu-Neritan-Ceka.jpg?resize=400%2C225&amp;ssl=1 400w, https:\/\/i0.wp.com\/www.shqiperia.com\/blog\/wp-content\/uploads\/2020\/01\/Arkeologu-Neritan-Ceka.jpg?w=770&amp;ssl=1 770w\" sizes=\"auto, (max-width: 1000px) 100vw, 1000px\" \/><p id=\"caption-attachment-30127\" class=\"wp-caption-text\">Arkeologu Neritan Ceka<\/p><\/div>\n<p><strong>PPP APO CILI STATUS?<\/strong><br \/>\nMe r\u00ebnd\u00ebsi t\u00eb ve\u00e7ant\u00eb \u00ebsht\u00eb statusi i Fondacionit dhe i vet\u00eb Parkut, q\u00eb mbetet krejt i paqart\u00eb. T\u00eb shkruash q\u00eb do t\u00eb jet\u00eb nj\u00eb aset publik, nuk thua asgj\u00eb, sepse nuk mund t\u00eb imagjinohet privatizimi i nj\u00eb siti arkeologjik \u00e7far\u00ebdo dhe jo pastaj i Butrintit. Nuk shpreh nj\u00eb koncept juridik as kur thuhet se nuk do t\u00eb jet\u00eb as koncesion dhe as PPP. P\u00ebr mua nuk duhen krijuar terminologji t\u00eb reja ekuivoke, por t\u00eb cil\u00ebsohen ato q\u00eb jan\u00eb sot legale. Pra do t\u00eb jet\u00eb nj\u00eb PPP n\u00eb planin administrativ dhe teknik-shkencor, por jo t\u00eb pron\u00ebsis\u00eb, ku shteti ruan pron\u00ebsin\u00eb, t\u00eb drejt\u00ebn e p\u00ebrfitimit ekonomik dhe teknik-shkencor, si dhe t\u00eb kontrollit mbi m\u00ebnyr\u00ebn e menaxhimit mbi baz\u00ebn e nj\u00eb kontrate t\u00eb holl\u00ebsishme, t\u00eb p\u00ebrfshir\u00eb n\u00eb kapitullin mungues t\u00eb dokumentit. Personalisht jam p\u00ebr nj\u00eb fondacion krejt\u00ebsisht publik, q\u00eb drejtohet nga nj\u00eb bord profesional shqiptar dhe i huaj, krejt\u00ebsisht autonom me kontroll financiar e profesional publik dhe me shtrirje t\u00eb gjer\u00eb gjeografike nga Butrinti n\u00eb Shkod\u00ebr me parqe arkeologjike- ambientale. N\u00eb kushtet e sotme do ta pranoja me nj\u00eb kompromis t\u00eb dhimbsh\u00ebm mefistofelian, vet\u00ebm q\u00eb t\u00eb shoh MK sa m\u00eb larg Butrintit dhe me shpres\u00eb t\u00eb zotit nga gjith\u00eb trash\u00ebgimia kulturore e t\u00eb nj\u00ebjtit karakter.<br \/>\n\u00cbsht\u00eb e papranueshme q\u00eb n\u00eb k\u00ebt\u00eb lloj t\u00eb ve\u00e7ant\u00eb PPP presidenti i Bordit t\u00eb Fondacionit t\u00eb ri t\u00eb jet\u00eb ex uficio ministri i Kultur\u00ebs. S\u00eb pari sepse kjo do ta politizonte menj\u00ebher\u00eb iniciativ\u00ebn dhe do t\u00eb hapte rrug\u00ebn p\u00ebr pushtimin e stafit nga klientela partiake, por shtron edhe pyetjen p\u00ebrse ministri i kultur\u00ebs dhe jo i shkenc\u00ebs, apo i ambientit? Arsyeja e par\u00eb do t\u00eb mjaftonte p\u00ebr ta l\u00ebn\u00eb presidentin n\u00eb kompetenc\u00eb t\u00eb bordit, por me miratim (jo vet\u00ebm honorifik) t\u00eb tre ministrave p\u00ebrkat\u00ebs.<\/p>\n<p><strong>ZANAFILLA<\/strong><br \/>\nPjesa m\u00eb e madhe e paqart\u00ebsive, mungesave dhe gafave t\u00eb m\u00ebsip\u00ebrme vijn\u00eb n\u00eb radh\u00eb t\u00eb par\u00eb nga nd\u00ebrtimi i gabuar i fillimit t\u00eb pun\u00ebs n\u00eb marr\u00ebveshjen midis Ministris\u00eb s\u00eb Kultur\u00ebs, Fondacionit Amerikan Shqiptar dhe studios angleze t\u00eb ngarkuar me studimin. Shfaqja e par\u00eb n\u00eb Muzeun Komb\u00ebtar, ku nuk u ftuan specialist\u00ebt e Butrintit, nuk u pranua asnj\u00eb pyetje dhe diskutim, as nga A. Tare, t\u00eb cilit ju mohua fjala, ka qen\u00eb vet\u00ebm shprehja e filozofis\u00eb arrogante dhe megallomane q\u00eb karakterizon Ministrin\u00eb e Kultur\u00ebs kundrejt intelektual\u00ebve shqiptar\u00eb dhe p\u00ebrul\u00ebsis\u00eb ndaj t\u00eb huajve. Edhe dy diskutimet e tjera, t\u00eb afishuara n\u00eb sitet e MK dhe IMK pasqyrojn\u00eb po k\u00ebt\u00eb raport, kur pes\u00eb shqiptar\u00eb, plot\u00ebsisht inkompetent\u00eb p\u00ebr \u00e7\u00ebshtjen, paraqiten t\u00eb mrekulluar p\u00ebrpara nj\u00eb babloku anglez, po aq inkompetent sa ata. N\u00eb rastin e dyt\u00eb, jan\u00eb treguar edhe dy p\u00ebrfaq\u00ebsues t\u00eb Institutit t\u00eb Arkeologjis\u00eb, profesor dhe asistent-profesor, t\u00eb vendosur n\u00eb fund t\u00eb sall\u00ebs, n\u00eb gjysmerr\u00ebsir\u00eb dhe t\u00eb paraprir\u00eb nga persona anonim\u00eb p\u00ebr \u00e7\u00ebshtjen q\u00eb trajtohet, pa tituj, grada shkencore, artikuj, apo libra. \u00cbsht\u00eb e natyrshme q\u00eb babloku anglez t\u00eb mendonte q\u00eb kjo \u00ebsht\u00eb Shqip\u00ebria dhe t\u00eb p\u00ebrgatiste gjell\u00ebn e p\u00ebrshtatshme p\u00ebr ta (edhe nj\u00eb her\u00eb ndjes\u00eb p\u00ebr metaforat!). Si rrjedhim, isha i detyruar q\u00eb n\u00eb at\u00eb takim, jasht\u00eb tem\u00ebs s\u00eb dit\u00ebs, por brenda kuadrit n\u00eb t\u00eb cilin duhet t\u00eb zhvillohet ajo n\u00eb t\u00eb ardhmen, t\u00eb parashtroja edhe v\u00ebrejtje. N\u00ebse duam q\u00eb t\u00eb ndryshojm\u00eb gjendjen n\u00eb menaxhimin e trash\u00ebgimis\u00eb kulturore, duhet t\u00eb kthehemi tek koncepti i administrimit shkencor-teknik, p\u00ebrmes nj\u00eb agjencie t\u00eb sanksionuar ligj\u00ebrisht si e till\u00eb. MK \u00ebsht\u00eb e vetmja ministri n\u00eb Shqip\u00ebri, q\u00eb ka ruajtur atributet e menaxhimit direkt, tipike p\u00ebr periudh\u00ebn komuniste. Parimi demokratik \u00ebsht\u00eb q\u00eb ministrit\u00eb b\u00ebjn\u00eb politika, nd\u00ebrsa menaxhimin direkt e b\u00ebjn\u00eb agjencit\u00eb e saj. Imagjinoni sikur drejtorit\u00eb e policis\u00eb, rrug\u00ebve, energjis\u00eb, etj., t\u00eb menaxhoheshin direkt nga ministrat! Nd\u00ebrkoh\u00eb ministri i kultur\u00ebs \u00ebsht\u00eb ligj\u00ebrisht menaxhuesi direkt i parqeve arkeologjike, muzeve, drejtorive rajonale dhe, natyrisht, i askujt (kush do t\u00eb p\u00ebrgjigjej p\u00ebr nj\u00eb zjarr n\u00eb muzeun e Apollonis\u00eb, apo n\u00eb Butrint, largqoft\u00eb! Do mjaftonte dor\u00ebheqja?).<\/p>\n","protected":false},"excerpt":{"rendered":"<p>NERITAN CEKA: -Si u b\u00eb grek nga Ministria e Kultures, Tirane Butrinti i prasaib\u00ebve, kaon\u00ebve dhe epirot\u00ebve 06.01.20 Gazeta Shqiptare (N. Ceka: -\u2026 n\u00eb se Ministria e Kultures, Tirane mendon se epirot\u00ebt ishin grek\u00eb, le ta d\u00ebshmoj\u00eb, se vet\u00eb grek\u00ebt nuk kan\u00eb arritur\u2026). Kan\u00eb qen\u00eb disa v\u00ebrejtjet q\u00eb profesor Neritan Ceka ka b\u00ebr\u00eb mbi planin [&hellip;]<\/p>\n","protected":false},"author":9,"featured_media":30127,"comment_status":"open","ping_status":"open","sticky":false,"template":"","format":"standard","meta":{"jetpack_post_was_ever_published":false,"_jetpack_newsletter_access":"","_jetpack_dont_email_post_to_subs":false,"_jetpack_newsletter_tier_id":0,"_jetpack_memberships_contains_paywalled_content":false,"_jetpack_memberships_contains_paid_content":false,"footnotes":"","jetpack_publicize_message":"","jetpack_publicize_feature_enabled":true,"jetpack_social_post_already_shared":true,"jetpack_social_options":{"image_generator_settings":{"template":"highway","default_image_id":0,"font":"","enabled":false},"version":2}},"categories":[85,10,35,86],"tags":[],"class_list":["post-30126","post","type-post","status-publish","format-standard","has-post-thumbnail","hentry","category-histori","category-kultura","category-shoqerore","category-trashegimi-kulturore"],"jetpack_publicize_connections":[],"jetpack_featured_media_url":"https:\/\/i0.wp.com\/www.shqiperia.com\/blog\/wp-content\/uploads\/2020\/01\/Arkeologu-Neritan-Ceka.jpg?fit=770%2C433&ssl=1","jetpack_sharing_enabled":true,"jetpack_shortlink":"https:\/\/wp.me\/p5Z6wp-7PU","jetpack-related-posts":[{"id":28199,"url":"https:\/\/www.shqiperia.com\/blog\/plani-i-menaxhimit-te-butrintit-specialistet-nje-poshterim-per-te-gjithe-studiuesit-shqiptare-materiali-mohon-punen-e-tyre\/","url_meta":{"origin":30126,"position":0},"title":"Plani i menaxhimit t\u00eb Butrintit, specialist\u00ebt: &#8211; Nj\u00eb posht\u00ebrim p\u00ebr t\u00eb gjith\u00eb studiuesit shqiptar\u00eb, materiali mohon pun\u00ebn e tyre. &#8211;","author":"Kurt Farka","date":"November 17, 2019","format":false,"excerpt":"Plani i menaxhimit t\u00eb Butrintit, specialist\u00ebt: - Nj\u00eb posht\u00ebrim p\u00ebr t\u00eb gjith\u00eb studiuesit shqiptar\u00eb, materiali mohon pun\u00ebn e tyre. - 16\/11\/2019 - Plani i menaxhimit t\u00eb integruar i parkut komb\u00ebtar t\u00eb Butrintit solli p\u00ebrplasjen e ministres s\u00eb Kultur\u00ebs Elva Margariti me specialist\u00ebt e trash\u00ebgimis\u00eb kulturore. Nd\u00ebrsa nga ministrja e Kultur\u00ebs\u2026","rel":"","context":"In &quot;Histori&quot;","block_context":{"text":"Histori","link":"https:\/\/www.shqiperia.com\/blog\/category\/histori\/"},"img":{"alt_text":"","src":"https:\/\/i0.wp.com\/www.shqiperia.com\/blog\/wp-content\/uploads\/2019\/11\/download-1.jpg?resize=350%2C200&ssl=1","width":350,"height":200,"srcset":"https:\/\/i0.wp.com\/www.shqiperia.com\/blog\/wp-content\/uploads\/2019\/11\/download-1.jpg?resize=350%2C200&ssl=1 1x, https:\/\/i0.wp.com\/www.shqiperia.com\/blog\/wp-content\/uploads\/2019\/11\/download-1.jpg?resize=525%2C300&ssl=1 1.5x"},"classes":[]},{"id":53733,"url":"https:\/\/www.shqiperia.com\/blog\/plas-skandali-me-butrintin-grek-neritan-ceka-hedh-drite-ministria-e-kultures-e-ka-futur-ne-dokumente-zyrtare-nuk-mbron-dot-identitetin-kombetar\/","url_meta":{"origin":30126,"position":1},"title":"Plas skandali me \u201cButrintin grek\u201d, Neritan Ceka hedh drit\u00eb: Ministria e Kultur\u00ebs e ka futur n\u00eb dokumente zyrtare, nuk mbron dot identitetin komb\u00ebtar","author":"Kurt Farka","date":"February 4, 2022","format":false,"excerpt":"Plas skandali me \u201cButrintin grek\u201d, Neritan Ceka hedh drit\u00eb: Ministria e Kultur\u00ebs e ka futur n\u00eb dokumente zyrtare, nuk mbron dot identitetin komb\u00ebtar 3 SHKURT 2022 Butrinti, \u00ebsht\u00eb perla e pasuris\u00eb son\u00eb arkeologjike, shprehet prof. dr. Neritan Ceka. \u00c7\u00ebshtja e Butrintit ka sjell\u00eb k\u00ebto dit\u00eb reagime t\u00eb arkeolog\u00ebve t\u00eb ndrysh\u00ebm,\u2026","rel":"","context":"In &quot;Histori&quot;","block_context":{"text":"Histori","link":"https:\/\/www.shqiperia.com\/blog\/category\/histori\/"},"img":{"alt_text":"","src":"https:\/\/i0.wp.com\/www.shqiperia.com\/blog\/wp-content\/uploads\/2022\/02\/Neritan-Ceka.jpg?fit=800%2C455&ssl=1&resize=350%2C200","width":350,"height":200,"srcset":"https:\/\/i0.wp.com\/www.shqiperia.com\/blog\/wp-content\/uploads\/2022\/02\/Neritan-Ceka.jpg?fit=800%2C455&ssl=1&resize=350%2C200 1x, https:\/\/i0.wp.com\/www.shqiperia.com\/blog\/wp-content\/uploads\/2022\/02\/Neritan-Ceka.jpg?fit=800%2C455&ssl=1&resize=525%2C300 1.5x, https:\/\/i0.wp.com\/www.shqiperia.com\/blog\/wp-content\/uploads\/2022\/02\/Neritan-Ceka.jpg?fit=800%2C455&ssl=1&resize=700%2C400 2x"},"classes":[]},{"id":27095,"url":"https:\/\/www.shqiperia.com\/blog\/butrinti-me-koncesion-neritan-ceka-po-grabitet-pasuria-po-sillen-si-gadafi-ministrja-genjen-genjen-genjen\/","url_meta":{"origin":30126,"position":2},"title":"\u201cButrinti me koncesion\u201d\/ Neritan Ceka: Po grabitet pasuria, po sillen si Gadafi, ministrja g\u00ebnjen, g\u00ebnjen, g\u00ebnjen &#8230;","author":"Kurt Farka","date":"October 18, 2019","format":false,"excerpt":"\u201cButrinti me koncesion\u201d\/ Neritan Ceka: Po grabitet pasuria, po sillen si Gadafi, ministrja g\u00ebnjen, g\u00ebnjen, g\u00ebnjen Nga: Fatmira Nikolli\u00a0 Profesor Neritan Ceka reagon ashp\u00ebr p\u00ebr \u00e7\u00ebshtjen e Butrintit. Dy dit\u00eb m\u00eb par\u00eb n\u00eb Ministrin\u00eb e Kultur\u00ebs u dor\u00ebzua nga shefi i bordit Fondi Shqiptaro- Amerikan p\u00ebr Zhvillim\u201d, Michael Granoff, \u201cPlani\u2026","rel":"","context":"In &quot;Kultura&quot;","block_context":{"text":"Kultura","link":"https:\/\/www.shqiperia.com\/blog\/category\/kultura\/"},"img":{"alt_text":"","src":"https:\/\/i0.wp.com\/www.shqiperia.com\/blog\/wp-content\/uploads\/2019\/10\/nerian-ceka-.jpg?fit=770%2C407&ssl=1&resize=350%2C200","width":350,"height":200,"srcset":"https:\/\/i0.wp.com\/www.shqiperia.com\/blog\/wp-content\/uploads\/2019\/10\/nerian-ceka-.jpg?fit=770%2C407&ssl=1&resize=350%2C200 1x, https:\/\/i0.wp.com\/www.shqiperia.com\/blog\/wp-content\/uploads\/2019\/10\/nerian-ceka-.jpg?fit=770%2C407&ssl=1&resize=525%2C300 1.5x, https:\/\/i0.wp.com\/www.shqiperia.com\/blog\/wp-content\/uploads\/2019\/10\/nerian-ceka-.jpg?fit=770%2C407&ssl=1&resize=700%2C400 2x"},"classes":[]},{"id":23538,"url":"https:\/\/www.shqiperia.com\/blog\/keni-pasur-tendera-me-tendera-te-fikni-deren-per-dy-kisha-kane-harxhuar-aq-sa-mund-te-restauroheshin-te-gjithe-kishat\/","url_meta":{"origin":30126,"position":3},"title":"Neritan Ceka: &#8211; Keni pasur tendera. Me tendera t\u00eb fikni der\u00ebn. &#8211; P\u00ebr dy kisha kan\u00eb harxhuar aq sa mund t\u00eb restauroheshin t\u00eb gjith\u00eb kishat. &#8211;","author":"Kurt Farka","date":"July 25, 2019","format":false,"excerpt":"Neritan Ceka: - Keni pasur tendera. Me tendera t\u00eb fikni der\u00ebn. - P\u00ebr dy kisha kan\u00eb harxhuar aq sa mund t\u00eb restauroheshin t\u00eb gjith\u00eb kishat. - 24\/07\/2019 - 23:05 Arkeologu Neritan Ceka debatoi me p\u00ebrfaq\u00ebsuesen e ministris\u00eb s\u00eb Kultur\u00ebs Kozeta Angjeli , n\u00eb studion e emisionit \u201cArena\u201d n\u00eb RTV Ora.\u2026","rel":"","context":"In &quot;Blogu i Udh\u00ebtarit&quot;","block_context":{"text":"Blogu i Udh\u00ebtarit","link":"https:\/\/www.shqiperia.com\/blog\/category\/blogu-i-udhetarit\/"},"img":{"alt_text":"","src":"https:\/\/i0.wp.com\/www.shqiperia.com\/blog\/wp-content\/uploads\/2019\/07\/neritanceka2.jpg?fit=1200%2C675&ssl=1&resize=350%2C200","width":350,"height":200,"srcset":"https:\/\/i0.wp.com\/www.shqiperia.com\/blog\/wp-content\/uploads\/2019\/07\/neritanceka2.jpg?fit=1200%2C675&ssl=1&resize=350%2C200 1x, https:\/\/i0.wp.com\/www.shqiperia.com\/blog\/wp-content\/uploads\/2019\/07\/neritanceka2.jpg?fit=1200%2C675&ssl=1&resize=525%2C300 1.5x, https:\/\/i0.wp.com\/www.shqiperia.com\/blog\/wp-content\/uploads\/2019\/07\/neritanceka2.jpg?fit=1200%2C675&ssl=1&resize=700%2C400 2x, https:\/\/i0.wp.com\/www.shqiperia.com\/blog\/wp-content\/uploads\/2019\/07\/neritanceka2.jpg?fit=1200%2C675&ssl=1&resize=1050%2C600 3x"},"classes":[]},{"id":32058,"url":"https:\/\/www.shqiperia.com\/blog\/plan-menaxhimi-edhe-per-parkun-arkeologjik-ne-durres-arkeologu-ministria-e-kultures-punon-ne-fshehtesi-perjashton-arkeologet-vendas\/","url_meta":{"origin":30126,"position":4},"title":"Plan Menaxhimi edhe p\u00ebr Parkun Arkeologjik n\u00eb Durr\u00ebs, arkeologu: Ministria e Kultur\u00ebs punon n\u00eb fsheht\u00ebsi, p\u00ebrjashton arkeolog\u00ebt vendas","author":"Kurt Farka","date":"March 5, 2020","format":false,"excerpt":"Plan Menaxhimi edhe p\u00ebr Parkun Arkeologjik n\u00eb Durr\u00ebs, arkeologu: Ministria e Kultur\u00ebs punon n\u00eb fsheht\u00ebsi, p\u00ebrjashton arkeolog\u00ebt vendas Elva Margariti ka b\u00ebr\u00eb publike prioritetet q\u00eb ka Ministria e Kultur\u00ebs p\u00ebr vitin 2020-t\u00eb n\u00eb arkeologji gjat\u00eb nj\u00eb konference n\u00eb Muzeun Historik Komb\u00ebtar. Ajo shprehet se ka nisur puna p\u00ebr nj\u00eb plan\u2026","rel":"","context":"In &quot;Blogu i Udh\u00ebtarit&quot;","block_context":{"text":"Blogu i Udh\u00ebtarit","link":"https:\/\/www.shqiperia.com\/blog\/category\/blogu-i-udhetarit\/"},"img":{"alt_text":"","src":"https:\/\/i0.wp.com\/www.shqiperia.com\/blog\/wp-content\/uploads\/2020\/03\/Neritan-Ceka.jpg?fit=1200%2C684&ssl=1&resize=350%2C200","width":350,"height":200,"srcset":"https:\/\/i0.wp.com\/www.shqiperia.com\/blog\/wp-content\/uploads\/2020\/03\/Neritan-Ceka.jpg?fit=1200%2C684&ssl=1&resize=350%2C200 1x, https:\/\/i0.wp.com\/www.shqiperia.com\/blog\/wp-content\/uploads\/2020\/03\/Neritan-Ceka.jpg?fit=1200%2C684&ssl=1&resize=525%2C300 1.5x, https:\/\/i0.wp.com\/www.shqiperia.com\/blog\/wp-content\/uploads\/2020\/03\/Neritan-Ceka.jpg?fit=1200%2C684&ssl=1&resize=700%2C400 2x, https:\/\/i0.wp.com\/www.shqiperia.com\/blog\/wp-content\/uploads\/2020\/03\/Neritan-Ceka.jpg?fit=1200%2C684&ssl=1&resize=1050%2C600 3x"},"classes":[]},{"id":21711,"url":"https:\/\/www.shqiperia.com\/blog\/specialistet-e-trashegimise-akuzojne-asha-eshte-shnderruar-ne-nje-agjenci-dekorative-qender-korrupsioni-dhe-paaftesie\/","url_meta":{"origin":30126,"position":5},"title":"Specialist\u00ebt e trash\u00ebgimis\u00eb akuzojn\u00eb ASHA: &#8211; \u00cbsht\u00eb shnd\u00ebrruar n\u00eb nj\u00eb agjenci dekorative, qend\u00ebr korrupsioni dhe paaft\u00ebsie","author":"Kurt Farka","date":"June 8, 2019","format":false,"excerpt":"Specialist\u00ebt e trash\u00ebgimis\u00eb akuzojn\u00eb ASHA: - \u00cbsht\u00eb shnd\u00ebrruar n\u00eb nj\u00eb agjenci dekorative, qend\u00ebr korrupsioni dhe paaft\u00ebsie 07\/06\/2019 Specialist\u00ebt e trash\u00ebgimis\u00eb shprehen se baza e arkeologjis\u00eb \u00ebsht\u00eb g\u00ebrmimi arkeologjik, por n\u00eb vendin ton\u00eb kjo \u00ebsht\u00eb shum\u00eb e pakt\u00eb krahasuar me vite m\u00eb par\u00eb. T\u00eb gjendur p\u00ebrball\u00eb k\u00ebsaj situate studiues dhe arkeolog\u00eb\u2026","rel":"","context":"In &quot;Histori&quot;","block_context":{"text":"Histori","link":"https:\/\/www.shqiperia.com\/blog\/category\/histori\/"},"img":{"alt_text":"","src":"https:\/\/i0.wp.com\/www.shqiperia.com\/blog\/wp-content\/uploads\/2019\/06\/arkelogjiaaaa_faqe_asha_faqe_18-1-300x199.jpg?resize=350%2C200","width":350,"height":200},"classes":[]}],"_links":{"self":[{"href":"https:\/\/www.shqiperia.com\/blog\/wp-json\/wp\/v2\/posts\/30126","targetHints":{"allow":["GET"]}}],"collection":[{"href":"https:\/\/www.shqiperia.com\/blog\/wp-json\/wp\/v2\/posts"}],"about":[{"href":"https:\/\/www.shqiperia.com\/blog\/wp-json\/wp\/v2\/types\/post"}],"author":[{"embeddable":true,"href":"https:\/\/www.shqiperia.com\/blog\/wp-json\/wp\/v2\/users\/9"}],"replies":[{"embeddable":true,"href":"https:\/\/www.shqiperia.com\/blog\/wp-json\/wp\/v2\/comments?post=30126"}],"version-history":[{"count":1,"href":"https:\/\/www.shqiperia.com\/blog\/wp-json\/wp\/v2\/posts\/30126\/revisions"}],"predecessor-version":[{"id":30129,"href":"https:\/\/www.shqiperia.com\/blog\/wp-json\/wp\/v2\/posts\/30126\/revisions\/30129"}],"wp:featuredmedia":[{"embeddable":true,"href":"https:\/\/www.shqiperia.com\/blog\/wp-json\/wp\/v2\/media\/30127"}],"wp:attachment":[{"href":"https:\/\/www.shqiperia.com\/blog\/wp-json\/wp\/v2\/media?parent=30126"}],"wp:term":[{"taxonomy":"category","embeddable":true,"href":"https:\/\/www.shqiperia.com\/blog\/wp-json\/wp\/v2\/categories?post=30126"},{"taxonomy":"post_tag","embeddable":true,"href":"https:\/\/www.shqiperia.com\/blog\/wp-json\/wp\/v2\/tags?post=30126"}],"curies":[{"name":"wp","href":"https:\/\/api.w.org\/{rel}","templated":true}]}}