{"id":30123,"date":"2020-01-08T15:23:18","date_gmt":"2020-01-08T15:23:18","guid":{"rendered":"https:\/\/www.shqiperia.com\/blog\/?p=30123"},"modified":"2020-01-08T15:23:18","modified_gmt":"2020-01-08T15:23:18","slug":"tjeter-kryebashkiak-i-ps-me-te-kaluar-kriminale-pd-qerim-ismailaj-i-denuar-ne-greqi","status":"publish","type":"post","link":"https:\/\/www.shqiperia.com\/blog\/tjeter-kryebashkiak-i-ps-me-te-kaluar-kriminale-pd-qerim-ismailaj-i-denuar-ne-greqi\/","title":{"rendered":"Tjet\u00ebr kryebashkiak i PS me t\u00eb kaluar kriminale. PD: Qerim Ismailaj i d\u00ebnuar n\u00eb Greqi"},"content":{"rendered":"<p><img data-recalc-dims=\"1\" loading=\"lazy\" decoding=\"async\" data-attachment-id=\"30124\" data-permalink=\"https:\/\/www.shqiperia.com\/blog\/tjeter-kryebashkiak-i-ps-me-te-kaluar-kriminale-pd-qerim-ismailaj-i-denuar-ne-greqi\/qerim-ismailaj\/\" data-orig-file=\"https:\/\/i0.wp.com\/www.shqiperia.com\/blog\/wp-content\/uploads\/2020\/01\/Qerim-Ismailaj..jpg?fit=750%2C375&amp;ssl=1\" data-orig-size=\"750,375\" data-comments-opened=\"1\" data-image-meta=\"{&quot;aperture&quot;:&quot;0&quot;,&quot;credit&quot;:&quot;&quot;,&quot;camera&quot;:&quot;&quot;,&quot;caption&quot;:&quot;&quot;,&quot;created_timestamp&quot;:&quot;0&quot;,&quot;copyright&quot;:&quot;&quot;,&quot;focal_length&quot;:&quot;0&quot;,&quot;iso&quot;:&quot;0&quot;,&quot;shutter_speed&quot;:&quot;0&quot;,&quot;title&quot;:&quot;&quot;,&quot;orientation&quot;:&quot;0&quot;}\" data-image-title=\"Qerim Ismailaj.\" data-image-description=\"\" data-image-caption=\"&lt;p&gt;Qerim Ismailaj.&lt;\/p&gt;\n\" data-medium-file=\"https:\/\/i0.wp.com\/www.shqiperia.com\/blog\/wp-content\/uploads\/2020\/01\/Qerim-Ismailaj..jpg?fit=300%2C150&amp;ssl=1\" data-large-file=\"https:\/\/i0.wp.com\/www.shqiperia.com\/blog\/wp-content\/uploads\/2020\/01\/Qerim-Ismailaj..jpg?fit=750%2C375&amp;ssl=1\" class=\"alignnone  wp-image-30124\" alt=\"\" src=\"https:\/\/i0.wp.com\/www.shqiperia.com\/blog\/wp-content\/uploads\/2020\/01\/Qerim-Ismailaj..jpg?resize=544%2C272&#038;ssl=1\" width=\"544\" height=\"272\" srcset=\"https:\/\/i0.wp.com\/www.shqiperia.com\/blog\/wp-content\/uploads\/2020\/01\/Qerim-Ismailaj..jpg?resize=300%2C150&amp;ssl=1 300w, https:\/\/i0.wp.com\/www.shqiperia.com\/blog\/wp-content\/uploads\/2020\/01\/Qerim-Ismailaj..jpg?resize=450%2C225&amp;ssl=1 450w, https:\/\/i0.wp.com\/www.shqiperia.com\/blog\/wp-content\/uploads\/2020\/01\/Qerim-Ismailaj..jpg?resize=600%2C300&amp;ssl=1 600w, https:\/\/i0.wp.com\/www.shqiperia.com\/blog\/wp-content\/uploads\/2020\/01\/Qerim-Ismailaj..jpg?resize=400%2C200&amp;ssl=1 400w, https:\/\/i0.wp.com\/www.shqiperia.com\/blog\/wp-content\/uploads\/2020\/01\/Qerim-Ismailaj..jpg?w=750&amp;ssl=1 750w\" sizes=\"auto, (max-width: 544px) 100vw, 544px\" \/><\/p>\n<p>Tjet\u00ebr kryebashkiak i PS me t\u00eb kaluar kriminale. PD: Qerim Ismailaj i d\u00ebnuar n\u00eb Greqi<\/p>\n<p><a href=\"https:\/\/kohajone.com\/tjeter-kryebashkiak-i-ps-me-te-kaluar-kriminale-pd-qerim-ismailaj-i-denuar-ne-greqi\/\">08\/01\/2020 <\/a><\/p>\n<p>Pas Shkodr\u00ebs, Vor\u00ebs dhe Vaut t\u00eb Dej\u00ebs, Partia Demokratike i ka k\u00ebrkuar Prokuroris\u00eb q\u00eb t\u00eb vetifikoj\u00eb t\u00eb kaluar\u00ebn e Kryebashkiakut t\u00eb Mallakastr\u00ebs, Qerim Ismailaj. N\u00eb k\u00ebrkes\u00ebn e Sekretarit t\u00eb P\u00ebrgjithsh\u00ebm t\u00eb PD-s\u00eb, Gazment Bardhi, drejtuar Prokuroris\u00eb s\u00eb P\u00ebrgjithshme, specifikohet se kreu i Bashkis\u00eb ndodhet n\u00eb kushtet e ndalimit p\u00ebr t\u00eb kandiduar dhe p\u00ebr t\u2019u zgjedhur n\u00eb nj\u00eb funksion t\u00eb lart\u00eb publik, p\u00ebr shkak se dyshohet se ka qen\u00eb i arrestuar\/ndaluar n\u00eb Greqi dhe se n\u00eb periudh\u00ebn 1999-2000 ndaj tij \u00ebsht\u00eb marr\u00eb masa e d\u00ebnimit dhe d\u00ebbimit nga autoritetet p\u00ebrgjegj\u00ebse greke.<\/p>\n<p>Informacionet e PD-s\u00eb, tregojn\u00eb se Qerim Ismailaj ka falsifikuar formularin e dekriminalizimit, p\u00ebr shkak se \u201cpyetjeve n\u00ebse \u00ebsht\u00eb ndaluar apo arrestuar ndonj\u00ebher\u00eb nga organet ligjzbatuese p\u00ebr kryerjen e nj\u00eb vepre penale, n\u00ebse \u00ebsht\u00eb d\u00ebnuar ndonj\u00ebher\u00eb nga autoritetet gjyq\u00ebsore t\u00eb huaja apo n\u00ebse ndaj tij \u00ebsht\u00eb marr\u00eb ndonj\u00ebher\u00eb masa e d\u00ebbimit nga nj\u00eb shtet i huaj, rezulton se i \u00ebsht\u00eb p\u00ebrgjigjur me JO\u201d,-theksohet n\u00eb shkres\u00ebn e Sekretarit t\u00eb P\u00ebrgjithsh\u00ebm.<\/p>\n<p>Sipas ligjit t\u00eb dekriminalizimit pasqyrimi i t\u00eb dh\u00ebnave t\u00eb pasakta dhe t\u00eb pav\u00ebrteta n\u00eb Formularin e Vet\u00ebdeklarimit, p\u00ebrb\u00ebn vep\u00ebr penale dhe passjell skualifikimin e menj\u00ebhersh\u00ebm t\u00eb subjektit nga kandidimi apo ushtrimi i m\u00ebtejsh\u00ebm i funkisonit publik. N\u00eb k\u00ebt\u00eb rast, sjell largimin e menj\u00ebhersh\u00ebm nga detyra t\u00eb Kryebashkiakut t\u00eb Mallakastr\u00ebs dhe ndjekjen e tij penale. Partia Demokratike e Shqip\u00ebris\u00eb, nisur nga interesi i lart\u00eb publik q\u00eb paraqet kjo \u00e7\u00ebshtje, i k\u00ebrkon Prokuroris\u00eb s\u00eb P\u00ebrgjithshme nj\u00eb verifikim dhe reagim institucional t\u00eb shpejt\u00eb, me synim q\u00eb t\u00eb arrihet q\u00ebllimi kryesor q\u00eb ka ligji i dekriminalizimit, te largoj\u00eb personat me te kaluar kriminale t\u00eb marrin vendime p\u00ebr qytetar\u00ebt apo t\u00eb ndikojn\u00eb n\u00eb zgjedhje.<\/p>\n<div id=\"attachment_30124\" style=\"width: 852px\" class=\"wp-caption alignnone\"><img data-recalc-dims=\"1\" loading=\"lazy\" decoding=\"async\" aria-describedby=\"caption-attachment-30124\" data-attachment-id=\"30124\" data-permalink=\"https:\/\/www.shqiperia.com\/blog\/tjeter-kryebashkiak-i-ps-me-te-kaluar-kriminale-pd-qerim-ismailaj-i-denuar-ne-greqi\/qerim-ismailaj\/\" data-orig-file=\"https:\/\/i0.wp.com\/www.shqiperia.com\/blog\/wp-content\/uploads\/2020\/01\/Qerim-Ismailaj..jpg?fit=750%2C375&amp;ssl=1\" data-orig-size=\"750,375\" data-comments-opened=\"1\" data-image-meta=\"{&quot;aperture&quot;:&quot;0&quot;,&quot;credit&quot;:&quot;&quot;,&quot;camera&quot;:&quot;&quot;,&quot;caption&quot;:&quot;&quot;,&quot;created_timestamp&quot;:&quot;0&quot;,&quot;copyright&quot;:&quot;&quot;,&quot;focal_length&quot;:&quot;0&quot;,&quot;iso&quot;:&quot;0&quot;,&quot;shutter_speed&quot;:&quot;0&quot;,&quot;title&quot;:&quot;&quot;,&quot;orientation&quot;:&quot;0&quot;}\" data-image-title=\"Qerim Ismailaj.\" data-image-description=\"\" data-image-caption=\"&lt;p&gt;Qerim Ismailaj.&lt;\/p&gt;\n\" data-medium-file=\"https:\/\/i0.wp.com\/www.shqiperia.com\/blog\/wp-content\/uploads\/2020\/01\/Qerim-Ismailaj..jpg?fit=300%2C150&amp;ssl=1\" data-large-file=\"https:\/\/i0.wp.com\/www.shqiperia.com\/blog\/wp-content\/uploads\/2020\/01\/Qerim-Ismailaj..jpg?fit=750%2C375&amp;ssl=1\" class=\" wp-image-30124\" alt=\"\" src=\"https:\/\/i0.wp.com\/www.shqiperia.com\/blog\/wp-content\/uploads\/2020\/01\/Qerim-Ismailaj..jpg?resize=842%2C421&#038;ssl=1\" width=\"842\" height=\"421\" srcset=\"https:\/\/i0.wp.com\/www.shqiperia.com\/blog\/wp-content\/uploads\/2020\/01\/Qerim-Ismailaj..jpg?resize=300%2C150&amp;ssl=1 300w, https:\/\/i0.wp.com\/www.shqiperia.com\/blog\/wp-content\/uploads\/2020\/01\/Qerim-Ismailaj..jpg?resize=450%2C225&amp;ssl=1 450w, https:\/\/i0.wp.com\/www.shqiperia.com\/blog\/wp-content\/uploads\/2020\/01\/Qerim-Ismailaj..jpg?resize=600%2C300&amp;ssl=1 600w, https:\/\/i0.wp.com\/www.shqiperia.com\/blog\/wp-content\/uploads\/2020\/01\/Qerim-Ismailaj..jpg?resize=400%2C200&amp;ssl=1 400w, https:\/\/i0.wp.com\/www.shqiperia.com\/blog\/wp-content\/uploads\/2020\/01\/Qerim-Ismailaj..jpg?w=750&amp;ssl=1 750w\" sizes=\"auto, (max-width: 842px) 100vw, 842px\" \/><p id=\"caption-attachment-30124\" class=\"wp-caption-text\">Qerim Ismailaj.<\/p><\/div>\n<p>Vet\u00eb kreu i Bashkis\u00eb s\u00eb Mallakastr\u00ebs, Qerim Ismailaj, ka reaguar pas denoncimit t\u00eb b\u00ebr\u00eb nga Partia Demokratike, ku thot\u00eb se nuk \u00ebsht\u00eb ndaluar nga Policia. \u201dJam i hapur p\u00ebr \u00e7do lloj verifikimi. Un\u00eb punoj si kryetar i Mallakastr\u00ebs. Kam deklaruar formularin e dekriminalizimit. Nuk jam ndaluar asnj\u00ebhere nga policia Greke. Kam motr\u00ebn n\u00eb Greqi dhe ajo ka pasur disa probleme familjare. Isha para dy jav\u00ebsh atje\u201d.<\/p>\n<p>Ky \u00ebsht\u00eb denoncimi i kat\u00ebrt i PD-s\u00eb p\u00ebr kryebashkiak\u00ebt e PS-s\u00eb.<\/p>\n<p>Gazeta Koha Jone<\/p>\n","protected":false},"excerpt":{"rendered":"<p>Tjet\u00ebr kryebashkiak i PS me t\u00eb kaluar kriminale. PD: Qerim Ismailaj i d\u00ebnuar n\u00eb Greqi 08\/01\/2020 Pas Shkodr\u00ebs, Vor\u00ebs dhe Vaut t\u00eb Dej\u00ebs, Partia Demokratike i ka k\u00ebrkuar Prokuroris\u00eb q\u00eb t\u00eb vetifikoj\u00eb t\u00eb kaluar\u00ebn e Kryebashkiakut t\u00eb Mallakastr\u00ebs, Qerim Ismailaj. N\u00eb k\u00ebrkes\u00ebn e Sekretarit t\u00eb P\u00ebrgjithsh\u00ebm t\u00eb PD-s\u00eb, Gazment Bardhi, drejtuar Prokuroris\u00eb s\u00eb P\u00ebrgjithshme, specifikohet [&hellip;]<\/p>\n","protected":false},"author":9,"featured_media":30124,"comment_status":"open","ping_status":"open","sticky":false,"template":"","format":"standard","meta":{"jetpack_post_was_ever_published":false,"_jetpack_newsletter_access":"","_jetpack_dont_email_post_to_subs":false,"_jetpack_newsletter_tier_id":0,"_jetpack_memberships_contains_paywalled_content":false,"_jetpack_memberships_contains_paid_content":false,"footnotes":"","jetpack_publicize_message":"","jetpack_publicize_feature_enabled":true,"jetpack_social_post_already_shared":true,"jetpack_social_options":{"image_generator_settings":{"template":"highway","default_image_id":0,"font":"","enabled":false},"version":2}},"categories":[1,2],"tags":[],"class_list":["post-30123","post","type-post","status-publish","format-standard","has-post-thumbnail","hentry","category-njoftime-shtypi","category-politika"],"jetpack_publicize_connections":[],"jetpack_featured_media_url":"https:\/\/i0.wp.com\/www.shqiperia.com\/blog\/wp-content\/uploads\/2020\/01\/Qerim-Ismailaj..jpg?fit=750%2C375&ssl=1","jetpack_sharing_enabled":true,"jetpack_shortlink":"https:\/\/wp.me\/p5Z6wp-7PR","jetpack-related-posts":[{"id":51022,"url":"https:\/\/www.shqiperia.com\/blog\/spak-merr-te-pandehur-kryebashkiakun-e-mallakastres-qerim-ismailaj\/","url_meta":{"origin":30123,"position":0},"title":"Spak merr t\u00eb pandehur Kryebashkiakun e Mallakastr\u00ebs Qerim Ismailaj","author":"Kurt Farka","date":"November 1, 2021","format":false,"excerpt":"Spak merr t\u00eb pandehur Kryebashkiakun e Mallakastr\u00ebs Qerim Ismailaj 1 N\u00ebntor 2021 Prokuroria e Posa\u00e7me kund\u00ebr Korrupsionit dhe Krimit t\u00eb Organizuar Tiran\u00eb, merr t\u00eb pandehur kryetarin e bashkis\u00eb s\u00eb Mallakastr\u00ebs, Qerim Ismailajn dhe e d\u00ebrgon \u00e7\u00ebshtjen n\u00eb gjykate. N\u00eb p\u00ebrfundim t\u00eb hetimeve, Ismailaj akuzohet p\u00ebr vepr\u00ebn penale t\u00eb falsifikimit t\u00eb\u2026","rel":"","context":"In &quot;Politika&quot;","block_context":{"text":"Politika","link":"https:\/\/www.shqiperia.com\/blog\/category\/politika\/"},"img":{"alt_text":"","src":"https:\/\/i0.wp.com\/www.shqiperia.com\/blog\/wp-content\/uploads\/2021\/11\/agron-kapllanaj.jpg?fit=1024%2C538&ssl=1&resize=350%2C200","width":350,"height":200,"srcset":"https:\/\/i0.wp.com\/www.shqiperia.com\/blog\/wp-content\/uploads\/2021\/11\/agron-kapllanaj.jpg?fit=1024%2C538&ssl=1&resize=350%2C200 1x, https:\/\/i0.wp.com\/www.shqiperia.com\/blog\/wp-content\/uploads\/2021\/11\/agron-kapllanaj.jpg?fit=1024%2C538&ssl=1&resize=525%2C300 1.5x, https:\/\/i0.wp.com\/www.shqiperia.com\/blog\/wp-content\/uploads\/2021\/11\/agron-kapllanaj.jpg?fit=1024%2C538&ssl=1&resize=700%2C400 2x"},"classes":[]},{"id":47995,"url":"https:\/\/www.shqiperia.com\/blog\/pas-te-dhenave-te-prokurorise-qe-kryebashkiaku-i-ps-eshte-denuar-me-tre-vite-burg-reagon-menjehere-gazment-bardhi-nje-tjeter-burgaxhi-i-edi-rames-do-te-largohet-nga-qeverisja\/","url_meta":{"origin":30123,"position":1},"title":"Pas t\u00eb dh\u00ebnave t\u00eb Prokuroris\u00eb q\u00eb kryebashkiaku i PS \u00ebsht\u00eb d\u00ebnuar me tre vite burg, reagon Gazment Bardhi: &#8211; Nj\u00eb tjet\u00ebr burgaxhi i Edi Ram\u00ebs do t\u00eb largohet nga qeverisja","author":"Kurt Farka","date":"June 19, 2021","format":false,"excerpt":"Pas t\u00eb dh\u00ebnave t\u00eb Prokuroris\u00eb q\u00eb kryebashkiaku i PS \u00ebsht\u00eb d\u00ebnuar me tre vite burg, reagon Gazment Bardhi: - Nj\u00eb tjet\u00ebr burgaxhi i Edi Ram\u00ebs do t\u00eb largohet nga qeverisja 15 QERSHOR 2021 Pas t\u00eb dh\u00ebnave t\u00eb fundit q\u00eb nxori Prokuroria ku b\u00ebn me dije se\u00a0kryebashkiaku i Mallakastr\u00ebs, Qerim Ismailaj\u2026","rel":"","context":"In &quot;Blogu i Udh\u00ebtarit&quot;","block_context":{"text":"Blogu i Udh\u00ebtarit","link":"https:\/\/www.shqiperia.com\/blog\/category\/blogu-i-udhetarit\/"},"img":{"alt_text":"","src":"https:\/\/i0.wp.com\/www.shqiperia.com\/blog\/wp-content\/uploads\/2021\/06\/Ballsh-Mallakaster.jpg?fit=1200%2C664&ssl=1&resize=350%2C200","width":350,"height":200,"srcset":"https:\/\/i0.wp.com\/www.shqiperia.com\/blog\/wp-content\/uploads\/2021\/06\/Ballsh-Mallakaster.jpg?fit=1200%2C664&ssl=1&resize=350%2C200 1x, https:\/\/i0.wp.com\/www.shqiperia.com\/blog\/wp-content\/uploads\/2021\/06\/Ballsh-Mallakaster.jpg?fit=1200%2C664&ssl=1&resize=525%2C300 1.5x, https:\/\/i0.wp.com\/www.shqiperia.com\/blog\/wp-content\/uploads\/2021\/06\/Ballsh-Mallakaster.jpg?fit=1200%2C664&ssl=1&resize=700%2C400 2x, https:\/\/i0.wp.com\/www.shqiperia.com\/blog\/wp-content\/uploads\/2021\/06\/Ballsh-Mallakaster.jpg?fit=1200%2C664&ssl=1&resize=1050%2C600 3x"},"classes":[]},{"id":47920,"url":"https:\/\/www.shqiperia.com\/blog\/prokuroria-kryebashkiaku-i-mallakastres-i-denuar-me-3-vite-burg-ne-greqi-ja-si-i-parashikon-ligji-shqiptar-keto-vepra-penale\/","url_meta":{"origin":30123,"position":2},"title":"Prokuroria: Kryebashkiaku i Mallakastr\u00ebs i d\u00ebnuar me 3 vite burg n\u00eb Greqi. Ja si i parashikon ligji shqiptar k\u00ebto vepra penale","author":"Kurt Farka","date":"June 15, 2021","format":false,"excerpt":"Prokuroria: Kryebashkiaku i Mallakastr\u00ebs i d\u00ebnuar me 3 vite burg n\u00eb Greqi. Ja si i parashikon ligji shqiptar k\u00ebto vepra penale 15 qershor 2021 Kryetari i Bashkis\u00eb Mallakast\u00ebr, Qerim Ismailaj, rezulton i d\u00ebnuar me 3 vite burg n\u00eb Greqi, p\u00ebr dy vepra penale. Pas hetimeve t\u00eb kryera nga prokuroria, kryebashkiaku\u2026","rel":"","context":"In &quot;Blogu i Udh\u00ebtarit&quot;","block_context":{"text":"Blogu i Udh\u00ebtarit","link":"https:\/\/www.shqiperia.com\/blog\/category\/blogu-i-udhetarit\/"},"img":{"alt_text":"","src":"https:\/\/i0.wp.com\/www.shqiperia.com\/blog\/wp-content\/uploads\/2021\/06\/QERIM-ISMAILAJ-Kryetar-i-Bashkise-Ballsh.jpg?fit=675%2C399&ssl=1&resize=350%2C200","width":350,"height":200,"srcset":"https:\/\/i0.wp.com\/www.shqiperia.com\/blog\/wp-content\/uploads\/2021\/06\/QERIM-ISMAILAJ-Kryetar-i-Bashkise-Ballsh.jpg?fit=675%2C399&ssl=1&resize=350%2C200 1x, https:\/\/i0.wp.com\/www.shqiperia.com\/blog\/wp-content\/uploads\/2021\/06\/QERIM-ISMAILAJ-Kryetar-i-Bashkise-Ballsh.jpg?fit=675%2C399&ssl=1&resize=525%2C300 1.5x"},"classes":[]},{"id":30260,"url":"https:\/\/www.shqiperia.com\/blog\/edhe-kryebashkiaku-i-mallakastres-i-denuar-ne-greqi-nuk-e-dija\/","url_meta":{"origin":30123,"position":3},"title":"Edhe kryebashkiaku i Mallakastr\u00ebs i d\u00ebnuar n\u00eb Greqi: &#8211; Nuk e dija &#8230;","author":"Kurt Farka","date":"January 12, 2020","format":false,"excerpt":"Edhe kryebashkiaku i Mallakastr\u00ebs i d\u00ebnuar n\u00eb Greqi: - Nuk e dija... Fillimisht e mohoi, por pak or\u00eb pasi Partia Demokratike nxori dokumentet p\u00ebr t\u00eb cilat thot\u00eb se konfirmojn\u00eb d\u00ebnimin e Qerim Ismailajt n\u00eb Greqi, ky i fundit thot\u00eb q\u00eb nuk e dinte. \u201cLidhur me shkresat e paraqitura sot nuk\u2026","rel":"","context":"In &quot;Histori&quot;","block_context":{"text":"Histori","link":"https:\/\/www.shqiperia.com\/blog\/category\/histori\/"},"img":{"alt_text":"","src":"https:\/\/i0.wp.com\/www.shqiperia.com\/blog\/wp-content\/uploads\/2020\/01\/Screenshot_5-11-e1578729933939-905x450-1.jpg?fit=905%2C450&ssl=1&resize=350%2C200","width":350,"height":200,"srcset":"https:\/\/i0.wp.com\/www.shqiperia.com\/blog\/wp-content\/uploads\/2020\/01\/Screenshot_5-11-e1578729933939-905x450-1.jpg?fit=905%2C450&ssl=1&resize=350%2C200 1x, https:\/\/i0.wp.com\/www.shqiperia.com\/blog\/wp-content\/uploads\/2020\/01\/Screenshot_5-11-e1578729933939-905x450-1.jpg?fit=905%2C450&ssl=1&resize=525%2C300 1.5x, https:\/\/i0.wp.com\/www.shqiperia.com\/blog\/wp-content\/uploads\/2020\/01\/Screenshot_5-11-e1578729933939-905x450-1.jpg?fit=905%2C450&ssl=1&resize=700%2C400 2x"},"classes":[]},{"id":31006,"url":"https:\/\/www.shqiperia.com\/blog\/i-gjashti-prokuroria-nis-verifikimet-per-nje-tjeter-kryebashkiak\/","url_meta":{"origin":30123,"position":4},"title":"\u2018I gjashti\u2019, Prokuroria nis verifikimet p\u00ebr nj\u00eb tjet\u00ebr kryebashkiak.","author":"Kurt Farka","date":"February 3, 2020","format":false,"excerpt":"\u2018I gjashti\u2019, Prokuroria nis verifikimet p\u00ebr nj\u00eb tjet\u00ebr kryebashkiak. 2 Shkurt 2020 Prokuroria e P\u00ebrgjithshme ka nisur nj\u00eb verifikim p\u00ebr kryebashkiakun socialist t\u00eb Librazhdit, Kastriot Gurra, p\u00ebr t\u00eb kaluar\u00ebn e tij. Pran\u00eb Komisionit Qendror t\u00eb Zgjedhjeve, Prokuroria ka paraqitur nj\u00eb k\u00ebrkes\u00eb p\u00ebr sekuestrimin e formularit t\u00eb tij t\u00eb vet\u00ebdeklarimit p\u00ebr\u2026","rel":"","context":"In &quot;Blogu i Udh\u00ebtarit&quot;","block_context":{"text":"Blogu i Udh\u00ebtarit","link":"https:\/\/www.shqiperia.com\/blog\/category\/blogu-i-udhetarit\/"},"img":{"alt_text":"","src":"https:\/\/i0.wp.com\/www.shqiperia.com\/blog\/wp-content\/uploads\/2020\/02\/Kastriot-Gurra.jpeg?fit=768%2C433&ssl=1&resize=350%2C200","width":350,"height":200,"srcset":"https:\/\/i0.wp.com\/www.shqiperia.com\/blog\/wp-content\/uploads\/2020\/02\/Kastriot-Gurra.jpeg?fit=768%2C433&ssl=1&resize=350%2C200 1x, https:\/\/i0.wp.com\/www.shqiperia.com\/blog\/wp-content\/uploads\/2020\/02\/Kastriot-Gurra.jpeg?fit=768%2C433&ssl=1&resize=525%2C300 1.5x, https:\/\/i0.wp.com\/www.shqiperia.com\/blog\/wp-content\/uploads\/2020\/02\/Kastriot-Gurra.jpeg?fit=768%2C433&ssl=1&resize=700%2C400 2x"},"classes":[]},{"id":31011,"url":"https:\/\/www.shqiperia.com\/blog\/i-gjashti-prokuroria-nis-verifikimet-per-nje-tjeter-kryebashkiak-2\/","url_meta":{"origin":30123,"position":5},"title":"\u2018I gjashti\u2019, Prokuroria nis verifikimet p\u00ebr nj\u00eb tjet\u00ebr kryebashkiak","author":"Kurt Farka","date":"February 3, 2020","format":false,"excerpt":"\u2018I gjashti\u2019, Prokuroria nis verifikimet p\u00ebr nj\u00eb tjet\u00ebr kryebashkiak 2 Shkurt 2020 Prokuroria e P\u00ebrgjithshme ka nisur nj\u00eb verifikim p\u00ebr kryebashkiakun socialist t\u00eb Librazhdit, Kastriot Gurra, p\u00ebr t\u00eb kaluar\u00ebn e tij. Pran\u00eb Komisionit Qendror t\u00eb Zgjedhjeve, Prokuroria ka paraqitur nj\u00eb k\u00ebrkes\u00eb p\u00ebr sekuestrimin e formularit t\u00eb tij t\u00eb vet\u00ebdeklarimit p\u00ebr\u2026","rel":"","context":"In &quot;Blogu i Udh\u00ebtarit&quot;","block_context":{"text":"Blogu i Udh\u00ebtarit","link":"https:\/\/www.shqiperia.com\/blog\/category\/blogu-i-udhetarit\/"},"img":{"alt_text":"","src":"https:\/\/i0.wp.com\/www.shqiperia.com\/blog\/wp-content\/uploads\/2020\/02\/Kastriot-Gurra-1.jpeg?fit=768%2C433&ssl=1&resize=350%2C200","width":350,"height":200,"srcset":"https:\/\/i0.wp.com\/www.shqiperia.com\/blog\/wp-content\/uploads\/2020\/02\/Kastriot-Gurra-1.jpeg?fit=768%2C433&ssl=1&resize=350%2C200 1x, https:\/\/i0.wp.com\/www.shqiperia.com\/blog\/wp-content\/uploads\/2020\/02\/Kastriot-Gurra-1.jpeg?fit=768%2C433&ssl=1&resize=525%2C300 1.5x, https:\/\/i0.wp.com\/www.shqiperia.com\/blog\/wp-content\/uploads\/2020\/02\/Kastriot-Gurra-1.jpeg?fit=768%2C433&ssl=1&resize=700%2C400 2x"},"classes":[]}],"_links":{"self":[{"href":"https:\/\/www.shqiperia.com\/blog\/wp-json\/wp\/v2\/posts\/30123","targetHints":{"allow":["GET"]}}],"collection":[{"href":"https:\/\/www.shqiperia.com\/blog\/wp-json\/wp\/v2\/posts"}],"about":[{"href":"https:\/\/www.shqiperia.com\/blog\/wp-json\/wp\/v2\/types\/post"}],"author":[{"embeddable":true,"href":"https:\/\/www.shqiperia.com\/blog\/wp-json\/wp\/v2\/users\/9"}],"replies":[{"embeddable":true,"href":"https:\/\/www.shqiperia.com\/blog\/wp-json\/wp\/v2\/comments?post=30123"}],"version-history":[{"count":1,"href":"https:\/\/www.shqiperia.com\/blog\/wp-json\/wp\/v2\/posts\/30123\/revisions"}],"predecessor-version":[{"id":30125,"href":"https:\/\/www.shqiperia.com\/blog\/wp-json\/wp\/v2\/posts\/30123\/revisions\/30125"}],"wp:featuredmedia":[{"embeddable":true,"href":"https:\/\/www.shqiperia.com\/blog\/wp-json\/wp\/v2\/media\/30124"}],"wp:attachment":[{"href":"https:\/\/www.shqiperia.com\/blog\/wp-json\/wp\/v2\/media?parent=30123"}],"wp:term":[{"taxonomy":"category","embeddable":true,"href":"https:\/\/www.shqiperia.com\/blog\/wp-json\/wp\/v2\/categories?post=30123"},{"taxonomy":"post_tag","embeddable":true,"href":"https:\/\/www.shqiperia.com\/blog\/wp-json\/wp\/v2\/tags?post=30123"}],"curies":[{"name":"wp","href":"https:\/\/api.w.org\/{rel}","templated":true}]}}