{"id":30112,"date":"2020-01-08T02:08:25","date_gmt":"2020-01-08T02:08:25","guid":{"rendered":"https:\/\/www.shqiperia.com\/blog\/?p=30112"},"modified":"2020-01-08T02:08:25","modified_gmt":"2020-01-08T02:08:25","slug":"pas-sulmeve-ne-irak-trump-pritet-ti-drejtohet-sonte-botes","status":"publish","type":"post","link":"https:\/\/www.shqiperia.com\/blog\/pas-sulmeve-ne-irak-trump-pritet-ti-drejtohet-sonte-botes\/","title":{"rendered":"PAS SULMEVE N\u00cb IRAK, TRUMP PRITET T\u2019I DREJTOHET SONTE BOT\u00cbS"},"content":{"rendered":"<p><img data-recalc-dims=\"1\" loading=\"lazy\" decoding=\"async\" data-attachment-id=\"30113\" data-permalink=\"https:\/\/www.shqiperia.com\/blog\/pas-sulmeve-ne-irak-trump-pritet-ti-drejtohet-sonte-botes\/trump\/\" data-orig-file=\"https:\/\/i0.wp.com\/www.shqiperia.com\/blog\/wp-content\/uploads\/2020\/01\/Trump-.jpg?fit=730%2C440&amp;ssl=1\" data-orig-size=\"730,440\" data-comments-opened=\"1\" data-image-meta=\"{&quot;aperture&quot;:&quot;0&quot;,&quot;credit&quot;:&quot;&quot;,&quot;camera&quot;:&quot;&quot;,&quot;caption&quot;:&quot;&quot;,&quot;created_timestamp&quot;:&quot;0&quot;,&quot;copyright&quot;:&quot;&quot;,&quot;focal_length&quot;:&quot;0&quot;,&quot;iso&quot;:&quot;0&quot;,&quot;shutter_speed&quot;:&quot;0&quot;,&quot;title&quot;:&quot;&quot;,&quot;orientation&quot;:&quot;0&quot;}\" data-image-title=\"Trump-\" data-image-description=\"\" data-image-caption=\"\" data-medium-file=\"https:\/\/i0.wp.com\/www.shqiperia.com\/blog\/wp-content\/uploads\/2020\/01\/Trump-.jpg?fit=300%2C181&amp;ssl=1\" data-large-file=\"https:\/\/i0.wp.com\/www.shqiperia.com\/blog\/wp-content\/uploads\/2020\/01\/Trump-.jpg?fit=730%2C440&amp;ssl=1\" class=\"alignnone  wp-image-30113\" alt=\"\" src=\"https:\/\/i0.wp.com\/www.shqiperia.com\/blog\/wp-content\/uploads\/2020\/01\/Trump-.jpg?resize=588%2C355&#038;ssl=1\" width=\"588\" height=\"355\" srcset=\"https:\/\/i0.wp.com\/www.shqiperia.com\/blog\/wp-content\/uploads\/2020\/01\/Trump-.jpg?resize=300%2C181&amp;ssl=1 300w, https:\/\/i0.wp.com\/www.shqiperia.com\/blog\/wp-content\/uploads\/2020\/01\/Trump-.jpg?resize=450%2C271&amp;ssl=1 450w, https:\/\/i0.wp.com\/www.shqiperia.com\/blog\/wp-content\/uploads\/2020\/01\/Trump-.jpg?resize=600%2C362&amp;ssl=1 600w, https:\/\/i0.wp.com\/www.shqiperia.com\/blog\/wp-content\/uploads\/2020\/01\/Trump-.jpg?resize=400%2C241&amp;ssl=1 400w, https:\/\/i0.wp.com\/www.shqiperia.com\/blog\/wp-content\/uploads\/2020\/01\/Trump-.jpg?w=730&amp;ssl=1 730w\" sizes=\"auto, (max-width: 588px) 100vw, 588px\" \/><\/p>\n<p>PAS SULMEVE N\u00cb IRAK, TRUMP PRITET T\u2019I DREJTOHET SONTE BOT\u00cbS<\/p>\n<p>INSAJDERI<\/p>\n<p>Nd\u00ebrsa Presidenti Donald Trump po bisedon me k\u00ebshilltar\u00ebt e tij t\u00eb lart\u00eb sonte n\u00eb Sht\u00ebpin\u00eb e Bardh\u00eb, ndihm\u00ebsit po b\u00ebjn\u00eb p\u00ebrgatitje urgjente n\u00eb k\u00ebt\u00eb or\u00eb q\u00eb ai t\u2019i drejtohet kombit amerikan pasi Irani gjuajti me raketa forcat amerikane n\u00eb Irak.<\/p>\n<p>CNN nuk raporton p\u00ebr koh\u00ebn specifike se kur do t\u00eb ndodh kjo, por zyrtar\u00ebt e lart\u00eb, i kan\u00eb treguar k\u00ebtij mediumi se po p\u00ebrgatitet nj\u00eb fjalim dhe po b\u00ebhen plane q\u00eb Trump t\u00eb flas\u00eb sonte nga Zyra Oval, transmeton Insajderi.<\/p>\n","protected":false},"excerpt":{"rendered":"<p>PAS SULMEVE N\u00cb IRAK, TRUMP PRITET T\u2019I DREJTOHET SONTE BOT\u00cbS INSAJDERI Nd\u00ebrsa Presidenti Donald Trump po bisedon me k\u00ebshilltar\u00ebt e tij t\u00eb lart\u00eb sonte n\u00eb Sht\u00ebpin\u00eb e Bardh\u00eb, ndihm\u00ebsit po b\u00ebjn\u00eb p\u00ebrgatitje urgjente n\u00eb k\u00ebt\u00eb or\u00eb q\u00eb ai t\u2019i drejtohet kombit amerikan pasi Irani gjuajti me raketa forcat amerikane n\u00eb Irak. CNN nuk raporton p\u00ebr [&hellip;]<\/p>\n","protected":false},"author":9,"featured_media":30113,"comment_status":"open","ping_status":"open","sticky":false,"template":"","format":"standard","meta":{"jetpack_post_was_ever_published":false,"_jetpack_newsletter_access":"","_jetpack_dont_email_post_to_subs":false,"_jetpack_newsletter_tier_id":0,"_jetpack_memberships_contains_paywalled_content":false,"_jetpack_memberships_contains_paid_content":false,"footnotes":"","jetpack_publicize_message":"","jetpack_publicize_feature_enabled":true,"jetpack_social_post_already_shared":true,"jetpack_social_options":{"image_generator_settings":{"template":"highway","default_image_id":0,"font":"","enabled":false},"version":2}},"categories":[27],"tags":[],"class_list":["post-30112","post","type-post","status-publish","format-standard","has-post-thumbnail","hentry","category-blogu-i-udhetarit"],"jetpack_publicize_connections":[],"jetpack_featured_media_url":"https:\/\/i0.wp.com\/www.shqiperia.com\/blog\/wp-content\/uploads\/2020\/01\/Trump-.jpg?fit=730%2C440&ssl=1","jetpack_sharing_enabled":true,"jetpack_shortlink":"https:\/\/wp.me\/p5Z6wp-7PG","jetpack-related-posts":[{"id":98898,"url":"https:\/\/www.shqiperia.com\/blog\/finalja-per-histori-kosova-eshte-gati\/","url_meta":{"origin":30112,"position":0},"title":"Finalja p\u00ebr histori &#8211; Kosova \u00ebsht\u00eb gati","author":"Kurt Farka","date":"March 31, 2026","format":false,"excerpt":"31 Mars 2026 Me fillim prej or\u00ebs 20:45 sonte Kosova pret Turqin\u00eb n\u00eb \u201cFadil Vokrri\u201d. \u00cbndrr\u00ebn shum\u00ebgjenerat\u00ebshe \u201cdardan\u00ebt\u201d mund ta realizojn\u00eb sonte. N\u00eb rast t\u00eb fitores, Kosova kualifikohet n\u00eb Kup\u00ebn e Bot\u00ebs n\u00eb futboll q\u00eb sivjet mbahet n\u00eb SHBA, Kanada e Meksik\u00eb. \u00c7do gj\u00eb rreth k\u00ebsaj ndeshjeje, para, gjat\u00eb dhe\u2026","rel":"","context":"In &quot;Blogu i Udh\u00ebtarit&quot;","block_context":{"text":"Blogu i Udh\u00ebtarit","link":"https:\/\/www.shqiperia.com\/blog\/category\/blogu-i-udhetarit\/"},"img":{"alt_text":"","src":"https:\/\/i0.wp.com\/www.shqiperia.com\/blog\/wp-content\/uploads\/2026\/03\/8f0c2f1b-c1ca-4f8a-b3ba-930efbcb51ed.webp?fit=1200%2C768&ssl=1&resize=350%2C200","width":350,"height":200,"srcset":"https:\/\/i0.wp.com\/www.shqiperia.com\/blog\/wp-content\/uploads\/2026\/03\/8f0c2f1b-c1ca-4f8a-b3ba-930efbcb51ed.webp?fit=1200%2C768&ssl=1&resize=350%2C200 1x, https:\/\/i0.wp.com\/www.shqiperia.com\/blog\/wp-content\/uploads\/2026\/03\/8f0c2f1b-c1ca-4f8a-b3ba-930efbcb51ed.webp?fit=1200%2C768&ssl=1&resize=525%2C300 1.5x, https:\/\/i0.wp.com\/www.shqiperia.com\/blog\/wp-content\/uploads\/2026\/03\/8f0c2f1b-c1ca-4f8a-b3ba-930efbcb51ed.webp?fit=1200%2C768&ssl=1&resize=700%2C400 2x, https:\/\/i0.wp.com\/www.shqiperia.com\/blog\/wp-content\/uploads\/2026\/03\/8f0c2f1b-c1ca-4f8a-b3ba-930efbcb51ed.webp?fit=1200%2C768&ssl=1&resize=1050%2C600 3x"},"classes":[]},{"id":70840,"url":"https:\/\/www.shqiperia.com\/blog\/po-vjen-furtuna-keto-jan-tre-qytetet-qe-do-te-kete-shtrengata-sonte\/","url_meta":{"origin":30112,"position":1},"title":"Po vjen furtuna, k\u00ebto jan tre qytetet q\u00eb do t\u00eb ket\u00eb shtr\u00ebngata sonte","author":"Kurt Farka","date":"April 17, 2023","format":false,"excerpt":"17 Prill 2023 Pasditen e sotme dhe nes\u00ebr priten reshje mesatare n\u00eb qarqet Lezh\u00eb, Dib\u00ebr dhe Vlor\u00eb, nd\u00ebrsa reshje t\u00eb dob\u00ebta deri lokalisht mesatare n\u00eb t\u00eb gjitha qarqet e tjera (si\u00e7 tregohet n\u00eb tabel\u00eb, respektivisht p\u00ebr secilin qark), sipas Institutit t\u00eb Gjeoshkencave. N\u00eb qarqet Lezh\u00eb, Dib\u00ebr dhe Vlor\u00eb, reshjet priten\u2026","rel":"","context":"In &quot;Blogu i Udh\u00ebtarit&quot;","block_context":{"text":"Blogu i Udh\u00ebtarit","link":"https:\/\/www.shqiperia.com\/blog\/category\/blogu-i-udhetarit\/"},"img":{"alt_text":"","src":"https:\/\/i0.wp.com\/www.shqiperia.com\/blog\/wp-content\/uploads\/2023\/04\/800-0-5b3d5b6057cb9a7706e2d2207e47f7b1.jpg?fit=800%2C450&ssl=1&resize=350%2C200","width":350,"height":200,"srcset":"https:\/\/i0.wp.com\/www.shqiperia.com\/blog\/wp-content\/uploads\/2023\/04\/800-0-5b3d5b6057cb9a7706e2d2207e47f7b1.jpg?fit=800%2C450&ssl=1&resize=350%2C200 1x, https:\/\/i0.wp.com\/www.shqiperia.com\/blog\/wp-content\/uploads\/2023\/04\/800-0-5b3d5b6057cb9a7706e2d2207e47f7b1.jpg?fit=800%2C450&ssl=1&resize=525%2C300 1.5x, https:\/\/i0.wp.com\/www.shqiperia.com\/blog\/wp-content\/uploads\/2023\/04\/800-0-5b3d5b6057cb9a7706e2d2207e47f7b1.jpg?fit=800%2C450&ssl=1&resize=700%2C400 2x"},"classes":[]},{"id":51728,"url":"https:\/\/www.shqiperia.com\/blog\/po-vjen-stuhia-me-bubullima-qytetet-qe-do-te-godase-sonte-dhe-neser\/","url_meta":{"origin":30112,"position":2},"title":"Po vjen stuhia me bubullima, qytetet q\u00eb do t\u00eb godas\u00eb sonte dhe nes\u00ebr","author":"Kurt Farka","date":"November 26, 2021","format":false,"excerpt":"Po vjen stuhia me bubullima, qytetet q\u00eb do t\u00eb godas\u00eb sonte dhe nes\u00ebr 25 n\u00ebntor 2021 Duke filluar nga mbr\u00ebmja e sotme (25 Nentor) nj\u00eb pjes\u00eb e territorit shqiptar do t\u00eb p\u00ebrfshihet nga reshjet e dendura t\u00eb shiut dhe stuhia q\u00eb do t\u00eb kulmoj\u00eb nes\u00ebr. Furtuna po vjen nga Jugu\u2026","rel":"","context":"In &quot;Blogu i Udh\u00ebtarit&quot;","block_context":{"text":"Blogu i Udh\u00ebtarit","link":"https:\/\/www.shqiperia.com\/blog\/category\/blogu-i-udhetarit\/"},"img":{"alt_text":"","src":"https:\/\/i0.wp.com\/www.shqiperia.com\/blog\/wp-content\/uploads\/2021\/11\/Screenshot_7-12.png?fit=610%2C348&ssl=1&resize=350%2C200","width":350,"height":200,"srcset":"https:\/\/i0.wp.com\/www.shqiperia.com\/blog\/wp-content\/uploads\/2021\/11\/Screenshot_7-12.png?fit=610%2C348&ssl=1&resize=350%2C200 1x, https:\/\/i0.wp.com\/www.shqiperia.com\/blog\/wp-content\/uploads\/2021\/11\/Screenshot_7-12.png?fit=610%2C348&ssl=1&resize=525%2C300 1.5x"},"classes":[]},{"id":80503,"url":"https:\/\/www.shqiperia.com\/blog\/meloni-merr-ne-mbrojtje-ramen-rai3-i-kthehet-sonte-do-te-publikojme-fakte-dhe-dokumente-te-reja-per\/","url_meta":{"origin":30112,"position":3},"title":"Meloni \u201cmerr n\u00eb mbrojtje\u201d Ram\u00ebn, RAI3 \u201ci kthehet\u201d: Sonte do t\u00eb publikojm\u00eb fakte dhe dokumente t\u00eb reja p\u00ebr\u2026","author":"Kurt Farka","date":"April 28, 2024","format":false,"excerpt":"28 Prill 2024 Pas deklaratave t\u00eb kryeministres italiane, Giorgia Meloni, se homologu i saj, Edi Rama u sulmua p\u00ebr shkak t\u00eb marr\u00ebveshjes p\u00ebr emigrant\u00ebt me Italin\u00eb, ka reaguar televizioni RAI3, duke paralajm\u00ebruar se do t\u00eb publikohen fakte dhe dokumente t\u00eb tjera mbr\u00ebmjen e sotme. \u201cM\u00eb ndihmoni t\u2019i d\u00ebrgoj t\u00eb gjith\u00eb\u2026","rel":"","context":"In &quot;Blogu i Udh\u00ebtarit&quot;","block_context":{"text":"Blogu i Udh\u00ebtarit","link":"https:\/\/www.shqiperia.com\/blog\/category\/blogu-i-udhetarit\/"},"img":{"alt_text":"","src":"https:\/\/i0.wp.com\/www.shqiperia.com\/blog\/wp-content\/uploads\/2024\/04\/rama-meloni.jpg?fit=940%2C633&ssl=1&resize=350%2C200","width":350,"height":200,"srcset":"https:\/\/i0.wp.com\/www.shqiperia.com\/blog\/wp-content\/uploads\/2024\/04\/rama-meloni.jpg?fit=940%2C633&ssl=1&resize=350%2C200 1x, https:\/\/i0.wp.com\/www.shqiperia.com\/blog\/wp-content\/uploads\/2024\/04\/rama-meloni.jpg?fit=940%2C633&ssl=1&resize=525%2C300 1.5x, https:\/\/i0.wp.com\/www.shqiperia.com\/blog\/wp-content\/uploads\/2024\/04\/rama-meloni.jpg?fit=940%2C633&ssl=1&resize=700%2C400 2x"},"classes":[]},{"id":41901,"url":"https:\/\/www.shqiperia.com\/blog\/sonte-orotesta-e-gjashte-nis-grumbullimi-i-te-rinjve-ne-sheshin-skenderbej-disa-prej-tyre-mbajne-pankarta\/","url_meta":{"origin":30112,"position":4},"title":"Sonte protesta e gjasht\u00eb. \u00a0Nis grumbullimi i t\u00eb rinjve n\u00eb sheshin Sk\u00ebnderbej, disa prej tyre mbajn\u00eb pankarta.","author":"Kurt Farka","date":"December 14, 2020","format":false,"excerpt":"Sonte protesta e gjasht\u00eb. \u00a0Nis grumbullimi i t\u00eb rinjve n\u00eb sheshin Sk\u00ebnderbej, disa prej tyre mbajn\u00eb pankarta. 14 dhjetor 2020 \u00a0Sot pritet q\u00eb p\u00ebr t\u00eb gjasht\u00ebn dit\u00eb radhazi t\u00eb mblidhen qytetar\u00ebt p\u00ebr t\u00eb protestuar p\u00ebr vrasjen e Klodian Rash\u00ebs, nga efektivi i policis\u00eb. Pas dor\u00ebheqjes s\u00eb Sand\u00ebr Lleshajt, nga posti\u2026","rel":"","context":"In &quot;Blogu i Udh\u00ebtarit&quot;","block_context":{"text":"Blogu i Udh\u00ebtarit","link":"https:\/\/www.shqiperia.com\/blog\/category\/blogu-i-udhetarit\/"},"img":{"alt_text":"","src":"https:\/\/i0.wp.com\/www.shqiperia.com\/blog\/wp-content\/uploads\/2020\/12\/policia5.png?fit=640%2C382&ssl=1&resize=350%2C200","width":350,"height":200,"srcset":"https:\/\/i0.wp.com\/www.shqiperia.com\/blog\/wp-content\/uploads\/2020\/12\/policia5.png?fit=640%2C382&ssl=1&resize=350%2C200 1x, https:\/\/i0.wp.com\/www.shqiperia.com\/blog\/wp-content\/uploads\/2020\/12\/policia5.png?fit=640%2C382&ssl=1&resize=525%2C300 1.5x"},"classes":[]},{"id":30109,"url":"https:\/\/www.shqiperia.com\/blog\/irani-sulmon-nje-baze-ajrore-amerikane-ne-irak\/","url_meta":{"origin":30112,"position":5},"title":"Irani sulmon nj\u00eb baz\u00eb ajrore amerikane n\u00eb Irak","author":"Kurt Farka","date":"January 8, 2020","format":false,"excerpt":"Irani sulmon nj\u00eb baz\u00eb ajrore amerikane n\u00eb Irak Televizioni shtet\u00ebror i Iranit ka b\u00ebr\u00eb t\u00eb ditur se Garda Revolucionare Islamike e Iranit (IRGC) kan\u00eb goditur baz\u00ebn ajrore amerikane t\u00eb Ain al-Asad n\u00eb provinc\u00ebn Anbar n\u00eb Irakun per\u00ebndimor. Si\u00e7 shkruan CNN, p\u00ebrcjell Telegrafi, sulmi vjen pas nj\u00eb premtimi p\u00ebr hakmarrje ndaj\u2026","rel":"","context":"In &quot;Blogu i Udh\u00ebtarit&quot;","block_context":{"text":"Blogu i Udh\u00ebtarit","link":"https:\/\/www.shqiperia.com\/blog\/category\/blogu-i-udhetarit\/"},"img":{"alt_text":"","src":"https:\/\/i0.wp.com\/www.shqiperia.com\/blog\/wp-content\/uploads\/2020\/01\/iran-irak-780x439-1.jpg?fit=780%2C439&ssl=1&resize=350%2C200","width":350,"height":200,"srcset":"https:\/\/i0.wp.com\/www.shqiperia.com\/blog\/wp-content\/uploads\/2020\/01\/iran-irak-780x439-1.jpg?fit=780%2C439&ssl=1&resize=350%2C200 1x, https:\/\/i0.wp.com\/www.shqiperia.com\/blog\/wp-content\/uploads\/2020\/01\/iran-irak-780x439-1.jpg?fit=780%2C439&ssl=1&resize=525%2C300 1.5x, https:\/\/i0.wp.com\/www.shqiperia.com\/blog\/wp-content\/uploads\/2020\/01\/iran-irak-780x439-1.jpg?fit=780%2C439&ssl=1&resize=700%2C400 2x"},"classes":[]}],"_links":{"self":[{"href":"https:\/\/www.shqiperia.com\/blog\/wp-json\/wp\/v2\/posts\/30112","targetHints":{"allow":["GET"]}}],"collection":[{"href":"https:\/\/www.shqiperia.com\/blog\/wp-json\/wp\/v2\/posts"}],"about":[{"href":"https:\/\/www.shqiperia.com\/blog\/wp-json\/wp\/v2\/types\/post"}],"author":[{"embeddable":true,"href":"https:\/\/www.shqiperia.com\/blog\/wp-json\/wp\/v2\/users\/9"}],"replies":[{"embeddable":true,"href":"https:\/\/www.shqiperia.com\/blog\/wp-json\/wp\/v2\/comments?post=30112"}],"version-history":[{"count":1,"href":"https:\/\/www.shqiperia.com\/blog\/wp-json\/wp\/v2\/posts\/30112\/revisions"}],"predecessor-version":[{"id":30114,"href":"https:\/\/www.shqiperia.com\/blog\/wp-json\/wp\/v2\/posts\/30112\/revisions\/30114"}],"wp:featuredmedia":[{"embeddable":true,"href":"https:\/\/www.shqiperia.com\/blog\/wp-json\/wp\/v2\/media\/30113"}],"wp:attachment":[{"href":"https:\/\/www.shqiperia.com\/blog\/wp-json\/wp\/v2\/media?parent=30112"}],"wp:term":[{"taxonomy":"category","embeddable":true,"href":"https:\/\/www.shqiperia.com\/blog\/wp-json\/wp\/v2\/categories?post=30112"},{"taxonomy":"post_tag","embeddable":true,"href":"https:\/\/www.shqiperia.com\/blog\/wp-json\/wp\/v2\/tags?post=30112"}],"curies":[{"name":"wp","href":"https:\/\/api.w.org\/{rel}","templated":true}]}}