{"id":30109,"date":"2020-01-08T02:01:04","date_gmt":"2020-01-08T02:01:04","guid":{"rendered":"https:\/\/www.shqiperia.com\/blog\/?p=30109"},"modified":"2020-01-08T02:01:04","modified_gmt":"2020-01-08T02:01:04","slug":"irani-sulmon-nje-baze-ajrore-amerikane-ne-irak","status":"publish","type":"post","link":"https:\/\/www.shqiperia.com\/blog\/irani-sulmon-nje-baze-ajrore-amerikane-ne-irak\/","title":{"rendered":"Irani sulmon nj\u00eb baz\u00eb ajrore amerikane n\u00eb Irak"},"content":{"rendered":"<p><img data-recalc-dims=\"1\" loading=\"lazy\" decoding=\"async\" data-attachment-id=\"30110\" data-permalink=\"https:\/\/www.shqiperia.com\/blog\/irani-sulmon-nje-baze-ajrore-amerikane-ne-irak\/iran-irak-780x439\/\" data-orig-file=\"https:\/\/i0.wp.com\/www.shqiperia.com\/blog\/wp-content\/uploads\/2020\/01\/iran-irak-780x439-1.jpg?fit=780%2C439&amp;ssl=1\" data-orig-size=\"780,439\" data-comments-opened=\"1\" data-image-meta=\"{&quot;aperture&quot;:&quot;0&quot;,&quot;credit&quot;:&quot;&quot;,&quot;camera&quot;:&quot;&quot;,&quot;caption&quot;:&quot;&quot;,&quot;created_timestamp&quot;:&quot;0&quot;,&quot;copyright&quot;:&quot;&quot;,&quot;focal_length&quot;:&quot;0&quot;,&quot;iso&quot;:&quot;0&quot;,&quot;shutter_speed&quot;:&quot;0&quot;,&quot;title&quot;:&quot;&quot;,&quot;orientation&quot;:&quot;0&quot;}\" data-image-title=\"iran-irak-780&#215;439\" data-image-description=\"\" data-image-caption=\"\" data-medium-file=\"https:\/\/i0.wp.com\/www.shqiperia.com\/blog\/wp-content\/uploads\/2020\/01\/iran-irak-780x439-1.jpg?fit=300%2C169&amp;ssl=1\" data-large-file=\"https:\/\/i0.wp.com\/www.shqiperia.com\/blog\/wp-content\/uploads\/2020\/01\/iran-irak-780x439-1.jpg?fit=780%2C439&amp;ssl=1\" class=\"alignnone  wp-image-30110\" alt=\"\" src=\"https:\/\/i0.wp.com\/www.shqiperia.com\/blog\/wp-content\/uploads\/2020\/01\/iran-irak-780x439-1.jpg?resize=531%2C299&#038;ssl=1\" width=\"531\" height=\"299\" srcset=\"https:\/\/i0.wp.com\/www.shqiperia.com\/blog\/wp-content\/uploads\/2020\/01\/iran-irak-780x439-1.jpg?resize=300%2C169&amp;ssl=1 300w, https:\/\/i0.wp.com\/www.shqiperia.com\/blog\/wp-content\/uploads\/2020\/01\/iran-irak-780x439-1.jpg?resize=768%2C432&amp;ssl=1 768w, https:\/\/i0.wp.com\/www.shqiperia.com\/blog\/wp-content\/uploads\/2020\/01\/iran-irak-780x439-1.jpg?resize=450%2C253&amp;ssl=1 450w, https:\/\/i0.wp.com\/www.shqiperia.com\/blog\/wp-content\/uploads\/2020\/01\/iran-irak-780x439-1.jpg?resize=600%2C338&amp;ssl=1 600w, https:\/\/i0.wp.com\/www.shqiperia.com\/blog\/wp-content\/uploads\/2020\/01\/iran-irak-780x439-1.jpg?resize=400%2C225&amp;ssl=1 400w, https:\/\/i0.wp.com\/www.shqiperia.com\/blog\/wp-content\/uploads\/2020\/01\/iran-irak-780x439-1.jpg?w=780&amp;ssl=1 780w\" sizes=\"auto, (max-width: 531px) 100vw, 531px\" \/><\/p>\n<p><strong>Irani sulmon nj\u00eb baz\u00eb ajrore amerikane n\u00eb Irak<\/strong><\/p>\n<p>Televizioni shtet\u00ebror i Iranit ka b\u00ebr\u00eb t\u00eb ditur se Garda Revolucionare Islamike e Iranit (IRGC) kan\u00eb goditur baz\u00ebn ajrore amerikane t\u00eb Ain al-Asad n\u00eb provinc\u00ebn Anbar n\u00eb Irakun per\u00ebndimor.<\/p>\n<p>Si\u00e7 shkruan CNN, p\u00ebrcjell Telegrafi, sulmi vjen pas nj\u00eb premtimi p\u00ebr hakmarrje ndaj SHBA-s\u00eb, pas vrasjes s\u00eb komandantit t\u00eb lart\u00eb iranian, gjeneral-lejtnant Qassem Soleimani.<\/p>\n<p>Po sipas raportimeve, dhjet\u00ebra raketa q\u00eblluan baz\u00ebn strategjike ajrore. Sulmi u konfirmua m\u00eb von\u00eb nga Sht\u00ebpia e Bardh\u00eb, thuhet n\u00eb raport.<\/p>\n<p>Nd\u00ebrkoh\u00eb, po sipas CNN, Trupat e Gard\u00ebs Revolucionare Islamike (IRGC) kan\u00eb marr\u00eb p\u00ebrgjegj\u00ebsin\u00eb p\u00ebr nj\u00eb sulm me raketa n\u00eb nj\u00eb baz\u00eb ajrore irakiane ku strehohen trupat amerikane.<\/p>\n<p>Si\u00e7 b\u00ebhet e ditur m\u00eb tej, edhe presidenti amerikan, Donald Trump u informua p\u00ebr raportet e sulmeve me raketa n\u00eb nj\u00eb baz\u00eb ajrore, ku trupat amerikane jan\u00eb vendosur n\u00eb Irak, tha z\u00ebdh\u00ebn\u00ebsi i tij.<\/p>\n<p>\u201cNe jemi t\u00eb vet\u00ebdijsh\u00ebm p\u00ebr raportet e sulmeve n\u00eb objektet amerikane n\u00eb Irak. Presidenti \u00ebsht\u00eb informuar dhe po monitoron nga af\u00ebr situat\u00ebn dhe po k\u00ebshillohet me ekipin e tij t\u00eb siguris\u00eb komb\u00ebtare,\u201d tha sekretarja e shtypit e Sht\u00ebpis\u00eb s\u00eb Bardh\u00eb, Stephanie Grisham.<\/p>\n<p>Nga: <strong>Telegraf<\/strong>\/<\/p>\n","protected":false},"excerpt":{"rendered":"<p>Irani sulmon nj\u00eb baz\u00eb ajrore amerikane n\u00eb Irak Televizioni shtet\u00ebror i Iranit ka b\u00ebr\u00eb t\u00eb ditur se Garda Revolucionare Islamike e Iranit (IRGC) kan\u00eb goditur baz\u00ebn ajrore amerikane t\u00eb Ain al-Asad n\u00eb provinc\u00ebn Anbar n\u00eb Irakun per\u00ebndimor. Si\u00e7 shkruan CNN, p\u00ebrcjell Telegrafi, sulmi vjen pas nj\u00eb premtimi p\u00ebr hakmarrje ndaj SHBA-s\u00eb, pas vrasjes s\u00eb komandantit [&hellip;]<\/p>\n","protected":false},"author":9,"featured_media":30110,"comment_status":"open","ping_status":"open","sticky":false,"template":"","format":"standard","meta":{"jetpack_post_was_ever_published":false,"_jetpack_newsletter_access":"","_jetpack_dont_email_post_to_subs":false,"_jetpack_newsletter_tier_id":0,"_jetpack_memberships_contains_paywalled_content":false,"_jetpack_memberships_contains_paid_content":false,"footnotes":"","jetpack_publicize_message":"","jetpack_publicize_feature_enabled":true,"jetpack_social_post_already_shared":true,"jetpack_social_options":{"image_generator_settings":{"template":"highway","default_image_id":0,"font":"","enabled":false},"version":2}},"categories":[27],"tags":[],"class_list":["post-30109","post","type-post","status-publish","format-standard","has-post-thumbnail","hentry","category-blogu-i-udhetarit"],"jetpack_publicize_connections":[],"jetpack_featured_media_url":"https:\/\/i0.wp.com\/www.shqiperia.com\/blog\/wp-content\/uploads\/2020\/01\/iran-irak-780x439-1.jpg?fit=780%2C439&ssl=1","jetpack_sharing_enabled":true,"jetpack_shortlink":"https:\/\/wp.me\/p5Z6wp-7PD","jetpack-related-posts":[{"id":45345,"url":"https:\/\/www.shqiperia.com\/blog\/irak-sulmohet-nje-baze-ushtarake-qe-strehon-forca-amerikane\/","url_meta":{"origin":30109,"position":0},"title":"Irak, sulmohet nj\u00eb baz\u00eb ushtarake q\u00eb strehon forca amerikane","author":"Kurt Farka","date":"March 16, 2021","format":false,"excerpt":"Irak, sulmohet nj\u00eb baz\u00eb ushtarake q\u00eb strehon forca amerikane 16 Mars, 2021. 0ra, \u00a002:00 Nj\u00eb baz\u00eb ushtarake ajrore q\u00eb strehon ushtar\u00eb amerikan\u00eb n\u00eb provinc\u00ebn Salah al-Din t\u00eb Irakut \u00ebsht\u00eb sulmuar me raketa. \u201cIndivid\u00eb t\u00eb paidentifikuar l\u00ebshuan pes\u00eb raketa n\u00eb baz\u00ebn ajrore Balad n\u00eb provinc\u00eb\u201d, tha\u00a0 nj\u00eb oficer i policis\u00eb, i\u2026","rel":"","context":"In &quot;Blogu i Udh\u00ebtarit&quot;","block_context":{"text":"Blogu i Udh\u00ebtarit","link":"https:\/\/www.shqiperia.com\/blog\/category\/blogu-i-udhetarit\/"},"img":{"alt_text":"","src":"https:\/\/i0.wp.com\/www.shqiperia.com\/blog\/wp-content\/uploads\/2021\/03\/Irak-sulmohet-nje-baze-ushtarake-qe-strehon-forca-amerikane.jpg?fit=770%2C433&ssl=1&resize=350%2C200","width":350,"height":200,"srcset":"https:\/\/i0.wp.com\/www.shqiperia.com\/blog\/wp-content\/uploads\/2021\/03\/Irak-sulmohet-nje-baze-ushtarake-qe-strehon-forca-amerikane.jpg?fit=770%2C433&ssl=1&resize=350%2C200 1x, https:\/\/i0.wp.com\/www.shqiperia.com\/blog\/wp-content\/uploads\/2021\/03\/Irak-sulmohet-nje-baze-ushtarake-qe-strehon-forca-amerikane.jpg?fit=770%2C433&ssl=1&resize=525%2C300 1.5x, https:\/\/i0.wp.com\/www.shqiperia.com\/blog\/wp-content\/uploads\/2021\/03\/Irak-sulmohet-nje-baze-ushtarake-qe-strehon-forca-amerikane.jpg?fit=770%2C433&ssl=1&resize=700%2C400 2x"},"classes":[]},{"id":90931,"url":"https:\/\/www.shqiperia.com\/blog\/shba-provokon-iranin-leviz-dy-bombarduesit-me-te-fuqishem-nje-sulm-ndaj-objekteve-berthamore-eshte-duke-u-pergatitur\/","url_meta":{"origin":30109,"position":1},"title":"SHBA provokon Iranin, l\u00ebviz dy bombarduesit m\u00eb t\u00eb fuqish\u00ebm, nj\u00eb sulm ndaj objekteve b\u00ebrthamore \u00ebsht\u00eb duke u p\u00ebrgatitur","author":"Kurt Farka","date":"March 31, 2025","format":false,"excerpt":"31 Mars 2025 Nga: Marsela SHYTIA Shtetet e Bashkuara kan\u00eb zhvendosur disa B-2 Spirits n\u00eb baz\u00ebn ajrore Diego Garcia q\u00eb ndodhet n\u00eb zem\u00ebr t\u00eb Oqeanit Indian, n\u00eb arkipelagun e Ishujve Chagos, rreth 1600 kilometra n\u00eb jug t\u00eb Maldiveve. Forcat Ajrore t\u00eb SHBA-s\u00eb (USAF) dyshohet se kan\u00eb d\u00ebrguar pes\u00eb deri n\u00eb\u2026","rel":"","context":"In &quot;Blogu i Udh\u00ebtarit&quot;","block_context":{"text":"Blogu i Udh\u00ebtarit","link":"https:\/\/www.shqiperia.com\/blog\/category\/blogu-i-udhetarit\/"},"img":{"alt_text":"","src":"https:\/\/i0.wp.com\/www.shqiperia.com\/blog\/wp-content\/uploads\/2025\/03\/Bota-Faqja-12-shba-iran-1140x570-1.jpg?fit=1140%2C570&ssl=1&resize=350%2C200","width":350,"height":200,"srcset":"https:\/\/i0.wp.com\/www.shqiperia.com\/blog\/wp-content\/uploads\/2025\/03\/Bota-Faqja-12-shba-iran-1140x570-1.jpg?fit=1140%2C570&ssl=1&resize=350%2C200 1x, https:\/\/i0.wp.com\/www.shqiperia.com\/blog\/wp-content\/uploads\/2025\/03\/Bota-Faqja-12-shba-iran-1140x570-1.jpg?fit=1140%2C570&ssl=1&resize=525%2C300 1.5x, https:\/\/i0.wp.com\/www.shqiperia.com\/blog\/wp-content\/uploads\/2025\/03\/Bota-Faqja-12-shba-iran-1140x570-1.jpg?fit=1140%2C570&ssl=1&resize=700%2C400 2x, https:\/\/i0.wp.com\/www.shqiperia.com\/blog\/wp-content\/uploads\/2025\/03\/Bota-Faqja-12-shba-iran-1140x570-1.jpg?fit=1140%2C570&ssl=1&resize=1050%2C600 3x"},"classes":[]},{"id":80920,"url":"https:\/\/www.shqiperia.com\/blog\/irani-paralajmeron-mundesine-e-nisjes-se-prodhimit-te-bombave-berthamore\/","url_meta":{"origin":30109,"position":2},"title":"Irani paralajm\u00ebron mund\u00ebsin\u00eb e nisjes s\u00eb prodhimit t\u00eb bombave b\u00ebrthamore","author":"Kurt Farka","date":"May 10, 2024","format":false,"excerpt":"10 Maji 2024 Nj\u00eb zyrtar i lart\u00eb iranian paralajm\u00ebroi se Teherani mund t\u00eb ndryshoj\u00eb doktrin\u00ebn e tij b\u00ebrthamore dhe t\u00eb nis\u00eb nd\u00ebrtimin e bombave b\u00ebrthamore, n\u00ebse k\u00ebrc\u00ebnohet ekzistenca e shtetit. Kamal Kharrazi, kreu i K\u00ebshillit Strategjik iranian p\u00ebr Marr\u00ebdh\u00ebnie t\u00eb Jashtme dhe k\u00ebshilltar i lart\u00eb i liderit suprem, Ajatollah Ali\u2026","rel":"","context":"In &quot;Blogu i Udh\u00ebtarit&quot;","block_context":{"text":"Blogu i Udh\u00ebtarit","link":"https:\/\/www.shqiperia.com\/blog\/category\/blogu-i-udhetarit\/"},"img":{"alt_text":"","src":"https:\/\/i0.wp.com\/www.shqiperia.com\/blog\/wp-content\/uploads\/2024\/05\/Capture-122-754x450-1.jpg?fit=754%2C450&ssl=1&resize=350%2C200","width":350,"height":200,"srcset":"https:\/\/i0.wp.com\/www.shqiperia.com\/blog\/wp-content\/uploads\/2024\/05\/Capture-122-754x450-1.jpg?fit=754%2C450&ssl=1&resize=350%2C200 1x, https:\/\/i0.wp.com\/www.shqiperia.com\/blog\/wp-content\/uploads\/2024\/05\/Capture-122-754x450-1.jpg?fit=754%2C450&ssl=1&resize=525%2C300 1.5x, https:\/\/i0.wp.com\/www.shqiperia.com\/blog\/wp-content\/uploads\/2024\/05\/Capture-122-754x450-1.jpg?fit=754%2C450&ssl=1&resize=700%2C400 2x"},"classes":[]},{"id":60758,"url":"https:\/\/www.shqiperia.com\/blog\/sulmet-ne-gaza-irani-kercenon-izraelin-do-paguani-cmim-te-rende\/","url_meta":{"origin":30109,"position":3},"title":"Sulmet n\u00eb Gaza, Irani k\u00ebrc\u00ebnon Izraelin: &#8211; Do paguani \u00e7mim t\u00eb r\u00ebnd\u00eb","author":"Kurt Farka","date":"August 6, 2022","format":false,"excerpt":"6 Gusht 2022 Komandanti i Korpusit t\u00eb Gard\u00ebs Revolucionare Islamike t\u00eb Iranit, paralajm\u00ebroi Izraelin p\u00ebr sulmet e vazhdueshme me raketa n\u00eb Rripin e Gaz\u00ebs. Gjeneral Major Hossein Salami tha se Izraeli do t\u00eb paguaj\u00eb \u00e7mim t\u00eb r\u00ebnd\u00eb p\u00ebr sulmet n\u00eb Gaza. Ai e b\u00ebri k\u00ebt\u00eb paralajm\u00ebrim gjat\u00eb nj\u00eb takimi me\u2026","rel":"","context":"In &quot;Blogu i Udh\u00ebtarit&quot;","block_context":{"text":"Blogu i Udh\u00ebtarit","link":"https:\/\/www.shqiperia.com\/blog\/category\/blogu-i-udhetarit\/"},"img":{"alt_text":"","src":"https:\/\/i0.wp.com\/www.shqiperia.com\/blog\/wp-content\/uploads\/2022\/08\/Sulmet-ne-Gaza.jpg?fit=800%2C440&ssl=1&resize=350%2C200","width":350,"height":200,"srcset":"https:\/\/i0.wp.com\/www.shqiperia.com\/blog\/wp-content\/uploads\/2022\/08\/Sulmet-ne-Gaza.jpg?fit=800%2C440&ssl=1&resize=350%2C200 1x, https:\/\/i0.wp.com\/www.shqiperia.com\/blog\/wp-content\/uploads\/2022\/08\/Sulmet-ne-Gaza.jpg?fit=800%2C440&ssl=1&resize=525%2C300 1.5x, https:\/\/i0.wp.com\/www.shqiperia.com\/blog\/wp-content\/uploads\/2022\/08\/Sulmet-ne-Gaza.jpg?fit=800%2C440&ssl=1&resize=700%2C400 2x"},"classes":[]},{"id":48057,"url":"https:\/\/www.shqiperia.com\/blog\/publikohet-raporti-secret-ufo-t-rrezuan-10-raketa-berthamore-ne-bazen-amerikane\/","url_meta":{"origin":30109,"position":4},"title":"Publikohet raporti sekret: &#8211; UFO-t rr\u00ebzuan 10 raketa b\u00ebrthamore n\u00eb baz\u00ebn amerikane.","author":"Kurt Farka","date":"June 22, 2021","format":false,"excerpt":"Publikohet raporti sekret: - UFO-t rr\u00ebzuan 10 raketa b\u00ebrthamore n\u00eb baz\u00ebn amerikane. 22 QERSHOR 2021 UFO-t pretendohet t\u00eb ken\u00eb rr\u00ebzuar 10 raketa b\u00ebrthamore n\u00eb nj\u00eb baz\u00eb ushtarake amerikane dhe i gjith\u00eb fenomeni global, mund t\u00eb jet\u00eb nxitur pik\u00ebrisht nga testet e bomb\u00ebs s\u00eb par\u00eb atomike n\u00eb vitet 1940. Objektet e\u2026","rel":"","context":"In &quot;Njoftime Shtypi&quot;","block_context":{"text":"Njoftime Shtypi","link":"https:\/\/www.shqiperia.com\/blog\/category\/njoftime-shtypi\/"},"img":{"alt_text":"","src":"https:\/\/i0.wp.com\/www.shqiperia.com\/blog\/wp-content\/uploads\/2021\/06\/640-0-60d21f2a1ac7b.jpg?fit=640%2C360&ssl=1&resize=350%2C200","width":350,"height":200,"srcset":"https:\/\/i0.wp.com\/www.shqiperia.com\/blog\/wp-content\/uploads\/2021\/06\/640-0-60d21f2a1ac7b.jpg?fit=640%2C360&ssl=1&resize=350%2C200 1x, https:\/\/i0.wp.com\/www.shqiperia.com\/blog\/wp-content\/uploads\/2021\/06\/640-0-60d21f2a1ac7b.jpg?fit=640%2C360&ssl=1&resize=525%2C300 1.5x"},"classes":[]},{"id":29993,"url":"https:\/\/www.shqiperia.com\/blog\/sulmohet-ambasada-amerikane-ne-bagdat-ka-te-vdekur-1438-31-12-201914380-stafi-i-ambasades-dhe-ambasadori-amerikan-ne-irak-eshte-raportuar-te-jene-evakuuar-si-pasoje-e-protestave-jashte-ambasades\/","url_meta":{"origin":30109,"position":5},"title":"Sulmohet ambasada amerikane n\u00eb Bagdat, ka t\u00eb vdekur.","author":"Kurt Farka","date":"January 4, 2020","format":false,"excerpt":"Sulmohet ambasada amerikane n\u00eb Bagdat, ka t\u00eb vdekur Nga ABC News 14:38 | 31\/12\/201914:38 Stafi i ambasad\u00ebs dhe ambasadori amerikan n\u00eb Irak \u00ebsht\u00eb raportuar t\u00eb jen\u00eb evakuuar si pasoj\u00eb e protestave jasht\u00eb ambasad\u00ebs amerikane n\u00eb Bagdad, duke kund\u00ebrshtuar sulmet e fundit ajrore t\u00eb Shteteve t\u00eb Bashkuara, q\u00eb kan\u00eb l\u00ebn\u00eb t\u00eb\u2026","rel":"","context":"In &quot;Blogu i Udh\u00ebtarit&quot;","block_context":{"text":"Blogu i Udh\u00ebtarit","link":"https:\/\/www.shqiperia.com\/blog\/category\/blogu-i-udhetarit\/"},"img":{"alt_text":"","src":"https:\/\/i0.wp.com\/abcnews.al\/wp-content\/uploads\/2019\/12\/sulm.jpg?resize=350%2C200","width":350,"height":200,"srcset":"https:\/\/i0.wp.com\/abcnews.al\/wp-content\/uploads\/2019\/12\/sulm.jpg?resize=350%2C200 1x, https:\/\/i0.wp.com\/abcnews.al\/wp-content\/uploads\/2019\/12\/sulm.jpg?resize=525%2C300 1.5x, https:\/\/i0.wp.com\/abcnews.al\/wp-content\/uploads\/2019\/12\/sulm.jpg?resize=700%2C400 2x, https:\/\/i0.wp.com\/abcnews.al\/wp-content\/uploads\/2019\/12\/sulm.jpg?resize=1050%2C600 3x"},"classes":[]}],"_links":{"self":[{"href":"https:\/\/www.shqiperia.com\/blog\/wp-json\/wp\/v2\/posts\/30109","targetHints":{"allow":["GET"]}}],"collection":[{"href":"https:\/\/www.shqiperia.com\/blog\/wp-json\/wp\/v2\/posts"}],"about":[{"href":"https:\/\/www.shqiperia.com\/blog\/wp-json\/wp\/v2\/types\/post"}],"author":[{"embeddable":true,"href":"https:\/\/www.shqiperia.com\/blog\/wp-json\/wp\/v2\/users\/9"}],"replies":[{"embeddable":true,"href":"https:\/\/www.shqiperia.com\/blog\/wp-json\/wp\/v2\/comments?post=30109"}],"version-history":[{"count":1,"href":"https:\/\/www.shqiperia.com\/blog\/wp-json\/wp\/v2\/posts\/30109\/revisions"}],"predecessor-version":[{"id":30111,"href":"https:\/\/www.shqiperia.com\/blog\/wp-json\/wp\/v2\/posts\/30109\/revisions\/30111"}],"wp:featuredmedia":[{"embeddable":true,"href":"https:\/\/www.shqiperia.com\/blog\/wp-json\/wp\/v2\/media\/30110"}],"wp:attachment":[{"href":"https:\/\/www.shqiperia.com\/blog\/wp-json\/wp\/v2\/media?parent=30109"}],"wp:term":[{"taxonomy":"category","embeddable":true,"href":"https:\/\/www.shqiperia.com\/blog\/wp-json\/wp\/v2\/categories?post=30109"},{"taxonomy":"post_tag","embeddable":true,"href":"https:\/\/www.shqiperia.com\/blog\/wp-json\/wp\/v2\/tags?post=30109"}],"curies":[{"name":"wp","href":"https:\/\/api.w.org\/{rel}","templated":true}]}}