{"id":30106,"date":"2020-01-08T01:40:45","date_gmt":"2020-01-08T01:40:45","guid":{"rendered":"https:\/\/www.shqiperia.com\/blog\/?p=30106"},"modified":"2020-01-08T01:40:45","modified_gmt":"2020-01-08T01:40:45","slug":"kryesimi-i-osbe-se-panariti-si-mund-te-predikoje-rama-lirine-e-shprehjes-shtypit-dhe-organizimin-e-zgjedhjeve-te-lira","status":"publish","type":"post","link":"https:\/\/www.shqiperia.com\/blog\/kryesimi-i-osbe-se-panariti-si-mund-te-predikoje-rama-lirine-e-shprehjes-shtypit-dhe-organizimin-e-zgjedhjeve-te-lira\/","title":{"rendered":"Kryesimi i OSBE-s\u00eb, Panariti: &#8211; Si mund t\u00eb predikoj\u00eb Rama lirin\u00eb e shprehjes, shtypit dhe organizimin e zgjedhjeve t\u00eb lira."},"content":{"rendered":"<div id=\"attachment_30107\" style=\"width: 616px\" class=\"wp-caption alignnone\"><img data-recalc-dims=\"1\" loading=\"lazy\" decoding=\"async\" aria-describedby=\"caption-attachment-30107\" data-attachment-id=\"30107\" data-permalink=\"https:\/\/www.shqiperia.com\/blog\/kryesimi-i-osbe-se-panariti-si-mund-te-predikoje-rama-lirine-e-shprehjes-shtypit-dhe-organizimin-e-zgjedhjeve-te-lira\/edmond-panariti-1-750x375\/\" data-orig-file=\"https:\/\/i0.wp.com\/www.shqiperia.com\/blog\/wp-content\/uploads\/2020\/01\/Edmond-Panariti-1-750x375-1.jpg?fit=750%2C375&amp;ssl=1\" data-orig-size=\"750,375\" data-comments-opened=\"1\" data-image-meta=\"{&quot;aperture&quot;:&quot;0&quot;,&quot;credit&quot;:&quot;&quot;,&quot;camera&quot;:&quot;&quot;,&quot;caption&quot;:&quot;&quot;,&quot;created_timestamp&quot;:&quot;0&quot;,&quot;copyright&quot;:&quot;&quot;,&quot;focal_length&quot;:&quot;0&quot;,&quot;iso&quot;:&quot;0&quot;,&quot;shutter_speed&quot;:&quot;0&quot;,&quot;title&quot;:&quot;&quot;,&quot;orientation&quot;:&quot;0&quot;}\" data-image-title=\"Edmond Panariti\" data-image-description=\"\" data-image-caption=\"&lt;p&gt;Edmond Panariti&lt;\/p&gt;\n\" data-medium-file=\"https:\/\/i0.wp.com\/www.shqiperia.com\/blog\/wp-content\/uploads\/2020\/01\/Edmond-Panariti-1-750x375-1.jpg?fit=300%2C150&amp;ssl=1\" data-large-file=\"https:\/\/i0.wp.com\/www.shqiperia.com\/blog\/wp-content\/uploads\/2020\/01\/Edmond-Panariti-1-750x375-1.jpg?fit=750%2C375&amp;ssl=1\" class=\" wp-image-30107\" alt=\"\" src=\"https:\/\/i0.wp.com\/www.shqiperia.com\/blog\/wp-content\/uploads\/2020\/01\/Edmond-Panariti-1-750x375-1.jpg?resize=606%2C303&#038;ssl=1\" width=\"606\" height=\"303\" srcset=\"https:\/\/i0.wp.com\/www.shqiperia.com\/blog\/wp-content\/uploads\/2020\/01\/Edmond-Panariti-1-750x375-1.jpg?resize=300%2C150&amp;ssl=1 300w, https:\/\/i0.wp.com\/www.shqiperia.com\/blog\/wp-content\/uploads\/2020\/01\/Edmond-Panariti-1-750x375-1.jpg?resize=450%2C225&amp;ssl=1 450w, https:\/\/i0.wp.com\/www.shqiperia.com\/blog\/wp-content\/uploads\/2020\/01\/Edmond-Panariti-1-750x375-1.jpg?resize=600%2C300&amp;ssl=1 600w, https:\/\/i0.wp.com\/www.shqiperia.com\/blog\/wp-content\/uploads\/2020\/01\/Edmond-Panariti-1-750x375-1.jpg?resize=400%2C200&amp;ssl=1 400w, https:\/\/i0.wp.com\/www.shqiperia.com\/blog\/wp-content\/uploads\/2020\/01\/Edmond-Panariti-1-750x375-1.jpg?w=750&amp;ssl=1 750w\" sizes=\"auto, (max-width: 606px) 100vw, 606px\" \/><p id=\"caption-attachment-30107\" class=\"wp-caption-text\">Edmond Panariti<\/p><\/div>\n<p>Kryesimi i OSBE-s\u00eb, Panariti: &#8211; Si mund t\u00eb predikoj\u00eb Rama lirin\u00eb e shprehjes, shtypit dhe organizimin e zgjedhjeve t\u00eb lira.<\/p>\n<p>Ish-deputeti i LSI-s\u00eb: Kryesimi i OSBE-s\u00eb, nga Shqip\u00ebria mbetet nj\u00eb akt procedural i shembullit t\u00eb keq!<\/p>\n<p><a href=\"https:\/\/kohajone.com\/kryesimi-i-osbe-se-panariti-si-mund-te-predikoje-rama-lirine-e-shprehjes-shtypit-dhe-organizimin-e-zgjedhjeve-te-lira\/\">07\/01\/2020 <\/a><\/p>\n<p>Ish-deputeti i L\u00ebvizjes Socialiste p\u00ebr Integrim Edmond Panariti shpreh bindjen e tij se marrja e kryesimit t\u00eb OSBE-s\u00eb nga Shqip\u00ebria \u00ebsht\u00eb nj\u00eb akt procedural i shembullit t\u00eb keq.<\/p>\n<p>P\u00ebrmes nj\u00eb reagimi n\u00eb faqen e tij zyrtare n\u00eb rrjetin social \u201cfacebook\u201d, teksa rendit dhe arsyet pse asnj\u00eb nga t\u00eb 57 vendet an\u00ebtare t\u00eb k\u00ebsaj organizate, nuk ka \u201csituat\u00eb shqiptare\u201d, ish-ministri Panariti shprehet se n\u00eb qend\u00ebr t\u00eb misionit t\u00eb k\u00ebsaj organizate jan\u00eb liria e shprehjes, shtypit dhe organizimi i zgjedhjeve t\u00eb lira, pluraliste dhe demokratike.<\/p>\n<p>Dhe n\u00eb k\u00ebt\u00eb kontekst, Panariti thekson se \u00ebsht\u00eb e pamundur q\u00eb autori i shembjes s\u00eb k\u00ebtyre parimeve, ministri i Jasht\u00ebm i Shqip\u00ebris\u00eb, q\u00eb \u00ebsht\u00eb kryeministri Edi Rama, t\u00eb predikoj\u00eb ruajtjen dhe zbatimin e k\u00ebtyre parimeve dhe vlerave te t\u00eb tjer\u00ebt an\u00ebtar\u00eb t\u00eb organizat\u00ebs.<\/p>\n<p><strong><em>\u201cKryesimi i OSBE-s\u00eb, nga Shqip\u00ebria mbetet nj\u00eb akt procedural i shembullit t\u00eb keq! Asnj\u00eb nga t\u00eb 57 vendet an\u00ebtare t\u00eb k\u00ebsaj organizate, nuk ka \u201csituat\u00eb shqiptare\u201d. Sepse asnj\u00eb nuk ka munges\u00eb t\u00eb gjykatave supreme (Kushtetuese dhe t\u00eb Lart\u00eb), nuk ka parlament monopartiak, nuk ka votime me nj\u00eb parti, nuk ka raport t\u00eb ODIHR-it t\u00eb OSBE-s\u00eb q\u00eb i deligjitimon k\u00ebto votime, nuk ka shtypje t\u00eb fjal\u00ebs s\u00eb lire me ligj n\u00ebn pretekstin e shpifjes. Vini re! N\u00eb qend\u00ebr t\u00eb misionit t\u00eb k\u00ebsaj organizate jan\u00eb liria e shprehjes, shtypit dhe organizimi i zgjedhjeve t\u00eb lira, pluraliste dhe demokratike. Tani p\u00ebrfytyroni ministrin e jasht\u00ebm tonin t\u00eb predikoj\u00eb ruajtjen dhe zbatimin e k\u00ebtyre parimeve dhe vlerave te t\u00eb tjer\u00ebt an\u00ebtar\u00eb t\u00eb organizat\u00ebs!\u201d,<\/em><\/strong><strong>\u00a0<\/strong>thekson n\u00eb reagimin e tij, ish-deputeti i LSI-s\u00eb, Edmond Panariti.<\/p>\n<p>Gazeta Sot<\/p>\n","protected":false},"excerpt":{"rendered":"<p>Kryesimi i OSBE-s\u00eb, Panariti: &#8211; Si mund t\u00eb predikoj\u00eb Rama lirin\u00eb e shprehjes, shtypit dhe organizimin e zgjedhjeve t\u00eb lira. Ish-deputeti i LSI-s\u00eb: Kryesimi i OSBE-s\u00eb, nga Shqip\u00ebria mbetet nj\u00eb akt procedural i shembullit t\u00eb keq! 07\/01\/2020 Ish-deputeti i L\u00ebvizjes Socialiste p\u00ebr Integrim Edmond Panariti shpreh bindjen e tij se marrja e kryesimit t\u00eb OSBE-s\u00eb [&hellip;]<\/p>\n","protected":false},"author":9,"featured_media":30107,"comment_status":"open","ping_status":"open","sticky":false,"template":"","format":"standard","meta":{"jetpack_post_was_ever_published":false,"_jetpack_newsletter_access":"","_jetpack_dont_email_post_to_subs":false,"_jetpack_newsletter_tier_id":0,"_jetpack_memberships_contains_paywalled_content":false,"_jetpack_memberships_contains_paid_content":false,"footnotes":"","jetpack_publicize_message":"","jetpack_publicize_feature_enabled":true,"jetpack_social_post_already_shared":true,"jetpack_social_options":{"image_generator_settings":{"template":"highway","default_image_id":0,"font":"","enabled":false},"version":2}},"categories":[85,10,35],"tags":[],"class_list":["post-30106","post","type-post","status-publish","format-standard","has-post-thumbnail","hentry","category-histori","category-kultura","category-shoqerore"],"jetpack_publicize_connections":[],"jetpack_featured_media_url":"https:\/\/i0.wp.com\/www.shqiperia.com\/blog\/wp-content\/uploads\/2020\/01\/Edmond-Panariti-1-750x375-1.jpg?fit=750%2C375&ssl=1","jetpack_sharing_enabled":true,"jetpack_shortlink":"https:\/\/wp.me\/p5Z6wp-7PA","jetpack-related-posts":[{"id":40823,"url":"https:\/\/www.shqiperia.com\/blog\/edmond-panariti-jep-lajmin-fantastik-kura-qe-ju-shpeton-nga-koronavirusi-ndodhet-ne-natyre\/","url_meta":{"origin":30106,"position":0},"title":"Edmond Panariti jep lajmin fantastik: &#8211; Kura q\u00eb ju shp\u00ebton nga koronavirusi ndodhet n\u00eb natyr\u00eb!","author":"Kurt Farka","date":"November 13, 2020","format":false,"excerpt":"Edmond Panariti jep lajmin fantastik: Kura q\u00eb ju shp\u00ebton nga koronavirusi ndodhet n\u00eb natyr\u00eb! Ish-ministri Edmond Panariti jep lajmin e mir\u00eb se shp\u00ebtimi nga Covid-19 nuk \u00ebsht\u00eb dhe aq larg sa duket. Ai jep kurat natyrale pa patur nevoj\u00eb p\u00ebr vizit\u00eb, receta, farmaci dhe shum\u00eb para p\u00ebr t\u00eb luftuar koronavirusin\u2026","rel":"","context":"In &quot;Blogu i Udh\u00ebtarit&quot;","block_context":{"text":"Blogu i Udh\u00ebtarit","link":"https:\/\/www.shqiperia.com\/blog\/category\/blogu-i-udhetarit\/"},"img":{"alt_text":"","src":"https:\/\/i0.wp.com\/www.shqiperia.com\/blog\/wp-content\/uploads\/2020\/11\/20131120215635958577.jpg?fit=520%2C370&ssl=1&resize=350%2C200","width":350,"height":200},"classes":[]},{"id":48369,"url":"https:\/\/www.shqiperia.com\/blog\/si-ta-dalloni-nese-shalqini-ka-nivel-te-larte-nitrati-ekspertet-bejne-publike-informacionet-qe-duhet-ti-dime-te-gjithe\/","url_meta":{"origin":30106,"position":1},"title":"Si ta dalloni n\u00ebse shalqini ka nivel t\u00eb lart\u00eb nitrati? &#8211; Ekspert\u00ebt b\u00ebjn\u00eb publike informacionet q\u00eb duhet t\u2019i dim\u00eb t\u00eb gjith\u00eb","author":"Kurt Farka","date":"July 9, 2021","format":false,"excerpt":"Si ta dalloni n\u00ebse shalqini ka nivel t\u00eb lart\u00eb nitrati? - Ekspert\u00ebt b\u00ebjn\u00eb publike informacionet q\u00eb duhet t\u2019i dim\u00eb t\u00eb gjith\u00eb 9 KORRIK 2021 Sezoni i nj\u00eb nga frutave m\u00eb t\u00eb dashura t\u00eb stin\u00ebs, shalqinit, nisi dhe po vijon me debatet e shumta t\u00eb konsumator\u00ebve mbi nivelin e p\u00ebrmbajtjes s\u00eb\u2026","rel":"","context":"In &quot;Blogu i Udh\u00ebtarit&quot;","block_context":{"text":"Blogu i Udh\u00ebtarit","link":"https:\/\/www.shqiperia.com\/blog\/category\/blogu-i-udhetarit\/"},"img":{"alt_text":"","src":"https:\/\/i0.wp.com\/www.shqiperia.com\/blog\/wp-content\/uploads\/2021\/07\/800-0-60e84f8d69b47.jpg?fit=800%2C451&ssl=1&resize=350%2C200","width":350,"height":200,"srcset":"https:\/\/i0.wp.com\/www.shqiperia.com\/blog\/wp-content\/uploads\/2021\/07\/800-0-60e84f8d69b47.jpg?fit=800%2C451&ssl=1&resize=350%2C200 1x, https:\/\/i0.wp.com\/www.shqiperia.com\/blog\/wp-content\/uploads\/2021\/07\/800-0-60e84f8d69b47.jpg?fit=800%2C451&ssl=1&resize=525%2C300 1.5x, https:\/\/i0.wp.com\/www.shqiperia.com\/blog\/wp-content\/uploads\/2021\/07\/800-0-60e84f8d69b47.jpg?fit=800%2C451&ssl=1&resize=700%2C400 2x"},"classes":[]},{"id":12707,"url":"https:\/\/www.shqiperia.com\/blog\/regjistrimi-i-portaleve-osbe-leter-rames-mund-te-sjelle-efekt-shume-negativ-ne-lirine-e-medias\/","url_meta":{"origin":30106,"position":2},"title":"Regjistrimi i portaleve, OSBE let\u00ebr Ram\u00ebs: Mund t\u00eb sjell\u00eb efekt shum\u00eb negativ n\u00eb lirin\u00eb e medias. \u2013","author":"Kurt Farka","date":"October 18, 2018","format":false,"excerpt":"Regjistrimi i portaleve, OSBE let\u00ebr Ram\u00ebs: Mund t\u00eb sjell\u00eb efekt shum\u00eb negativ n\u00eb lirin\u00eb e medias. \u2013 - Kriteret mbi baz\u00ebn e t\u00eb cilave jan\u00eb p\u00ebrzgjedhur k\u00ebto 44 faqe (portale) interneti\u201c!? P\u00ebrfaq\u00ebsuesi i OSBE-s\u00eb p\u00ebr Lirin\u00eb e Medias Harlem D\u00e9sir shprehet se ky vendim mund t\u00eb ket\u00eb efekt negativ n\u00eb\u2026","rel":"","context":"In &quot;Blogu i Udh\u00ebtarit&quot;","block_context":{"text":"Blogu i Udh\u00ebtarit","link":"https:\/\/www.shqiperia.com\/blog\/category\/blogu-i-udhetarit\/"},"img":{"alt_text":"","src":"https:\/\/i0.wp.com\/www.shqiperia.com\/blog\/wp-content\/uploads\/2018\/10\/Prfaqsuesii-OSBE-s-pr-Lirine-Medias-Harlem-Desir.jpg?fit=780%2C440&ssl=1&resize=350%2C200","width":350,"height":200,"srcset":"https:\/\/i0.wp.com\/www.shqiperia.com\/blog\/wp-content\/uploads\/2018\/10\/Prfaqsuesii-OSBE-s-pr-Lirine-Medias-Harlem-Desir.jpg?fit=780%2C440&ssl=1&resize=350%2C200 1x, https:\/\/i0.wp.com\/www.shqiperia.com\/blog\/wp-content\/uploads\/2018\/10\/Prfaqsuesii-OSBE-s-pr-Lirine-Medias-Harlem-Desir.jpg?fit=780%2C440&ssl=1&resize=525%2C300 1.5x, https:\/\/i0.wp.com\/www.shqiperia.com\/blog\/wp-content\/uploads\/2018\/10\/Prfaqsuesii-OSBE-s-pr-Lirine-Medias-Harlem-Desir.jpg?fit=780%2C440&ssl=1&resize=700%2C400 2x"},"classes":[]},{"id":30314,"url":"https:\/\/www.shqiperia.com\/blog\/pasi-mori-dokumentet-shpjeguese-nga-presidenti-meta-reagon-osbe-gati-te-punojme-per-ndryshimet-e-propozuara-per-anti-shpifjen\/","url_meta":{"origin":30106,"position":3},"title":"Pasi mori dokumentet shpjeguese nga Presidenti Meta, reagon OSBE: Gati t\u00eb punojm\u00eb p\u00ebr ndryshimet e propozuara p\u00ebr anti-shpifjen","author":"Kurt Farka","date":"January 13, 2020","format":false,"excerpt":"Pasi mori dokumentet shpjeguese nga Presidenti Meta, reagon OSBE: Gati t\u00eb punojm\u00eb p\u00ebr ndryshimet e propozuara p\u00ebr anti-shpifjen \u00a013 janar 2020 P\u00ebrfaq\u00ebsuesi i OSBE-s\u00eb p\u00ebr shtypin, Harlem Desir ka pritur sot n\u00eb nj\u00eb takim Presidentin e Republik\u00ebs, Ilir Meta, i cili e ka njohur me argumentet se p\u00ebrse e ktheu\u2026","rel":"","context":"In &quot;Kultura&quot;","block_context":{"text":"Kultura","link":"https:\/\/www.shqiperia.com\/blog\/category\/kultura\/"},"img":{"alt_text":"","src":"https:\/\/i0.wp.com\/www.shqiperia.com\/blog\/wp-content\/uploads\/2020\/01\/osbe.jpg?fit=1023%2C555&ssl=1&resize=350%2C200","width":350,"height":200,"srcset":"https:\/\/i0.wp.com\/www.shqiperia.com\/blog\/wp-content\/uploads\/2020\/01\/osbe.jpg?fit=1023%2C555&ssl=1&resize=350%2C200 1x, https:\/\/i0.wp.com\/www.shqiperia.com\/blog\/wp-content\/uploads\/2020\/01\/osbe.jpg?fit=1023%2C555&ssl=1&resize=525%2C300 1.5x, https:\/\/i0.wp.com\/www.shqiperia.com\/blog\/wp-content\/uploads\/2020\/01\/osbe.jpg?fit=1023%2C555&ssl=1&resize=700%2C400 2x"},"classes":[]},{"id":16905,"url":"https:\/\/www.shqiperia.com\/blog\/osbe-frenon-ramen-i-dergon-ligjet-per-paketen-antishpifje\/","url_meta":{"origin":30106,"position":4},"title":"OSBE \u201cfrenon\u201d Ram\u00ebn. I d\u00ebrgon ligjet p\u00ebr Paket\u00ebn Antishpifje.","author":"Kurt Farka","date":"February 3, 2019","format":false,"excerpt":"OSBE \u201cfrenon\u201d Ram\u00ebn. I d\u00ebrgon ligjet p\u00ebr Paket\u00ebn Antishpifje. - 2shkurt 2019 Nisma e qeveris\u00eb p\u00ebr miratimin e nj\u00eb ligji t\u00eb ri t\u00eb cil\u00ebsuar si paketa Antishpifje po monitorohet nga af\u00ebr nga ana e OSBE-s\u00eb n\u00ebp\u00ebrmjet p\u00ebrfaq\u00ebsuesit p\u00ebr Lirin\u00eb e Medias. Sipas burimeve pran\u00eb Gazet\u00ebs \u201cSi\u201d, zyra e OSBE-s\u00eb n\u00eb\u2026","rel":"","context":"In &quot;Kultura&quot;","block_context":{"text":"Kultura","link":"https:\/\/www.shqiperia.com\/blog\/category\/kultura\/"},"img":{"alt_text":"","src":"https:\/\/i0.wp.com\/www.shqiperia.com\/blog\/wp-content\/uploads\/2019\/02\/rama-un-905x395.jpg?fit=847%2C395&ssl=1&resize=350%2C200","width":350,"height":200,"srcset":"https:\/\/i0.wp.com\/www.shqiperia.com\/blog\/wp-content\/uploads\/2019\/02\/rama-un-905x395.jpg?fit=847%2C395&ssl=1&resize=350%2C200 1x, https:\/\/i0.wp.com\/www.shqiperia.com\/blog\/wp-content\/uploads\/2019\/02\/rama-un-905x395.jpg?fit=847%2C395&ssl=1&resize=525%2C300 1.5x, https:\/\/i0.wp.com\/www.shqiperia.com\/blog\/wp-content\/uploads\/2019\/02\/rama-un-905x395.jpg?fit=847%2C395&ssl=1&resize=700%2C400 2x"},"classes":[]},{"id":16331,"url":"https:\/\/www.shqiperia.com\/blog\/16331-2\/","url_meta":{"origin":30106,"position":5},"title":"Tiran\u00eb:  &#8211; 7 organizata i k\u00ebrkojn\u00eb qeveris\u00eb t\u00eb t\u00ebrheq\u00eb 2 projektligjet mbi mediat online si jodemokratike","author":"Kurt Farka","date":"January 19, 2019","format":false,"excerpt":"Tiran\u00eb: \u00a0- 7 organizata i k\u00ebrkojn\u00eb qeveris\u00eb t\u00eb t\u00ebrheq\u00eb 2 projektligjet mbi mediat online si jodemokratike 18 janar 2019. Nj\u00eb grup prej 7 organizatash p\u00ebr mbrojtjen e t\u00eb drejtave t\u00eb njeriut, liris\u00eb s\u00eb fjal\u00ebs dhe organizata t\u00eb gazetar\u00ebve i k\u00ebrkuan sot kryeministrit Edi Rama t\u00eb t\u00ebrheq\u00eb dy projektligjet p\u00ebr rregullimin\u2026","rel":"","context":"In &quot;Blogu i Udh\u00ebtarit&quot;","block_context":{"text":"Blogu i Udh\u00ebtarit","link":"https:\/\/www.shqiperia.com\/blog\/category\/blogu-i-udhetarit\/"},"img":{"alt_text":"","src":"https:\/\/i0.wp.com\/www.shqiperia.com\/blog\/wp-content\/uploads\/2019\/01\/tirane7.png?fit=1009%2C525&ssl=1&resize=350%2C200","width":350,"height":200,"srcset":"https:\/\/i0.wp.com\/www.shqiperia.com\/blog\/wp-content\/uploads\/2019\/01\/tirane7.png?fit=1009%2C525&ssl=1&resize=350%2C200 1x, https:\/\/i0.wp.com\/www.shqiperia.com\/blog\/wp-content\/uploads\/2019\/01\/tirane7.png?fit=1009%2C525&ssl=1&resize=525%2C300 1.5x, https:\/\/i0.wp.com\/www.shqiperia.com\/blog\/wp-content\/uploads\/2019\/01\/tirane7.png?fit=1009%2C525&ssl=1&resize=700%2C400 2x"},"classes":[]}],"_links":{"self":[{"href":"https:\/\/www.shqiperia.com\/blog\/wp-json\/wp\/v2\/posts\/30106","targetHints":{"allow":["GET"]}}],"collection":[{"href":"https:\/\/www.shqiperia.com\/blog\/wp-json\/wp\/v2\/posts"}],"about":[{"href":"https:\/\/www.shqiperia.com\/blog\/wp-json\/wp\/v2\/types\/post"}],"author":[{"embeddable":true,"href":"https:\/\/www.shqiperia.com\/blog\/wp-json\/wp\/v2\/users\/9"}],"replies":[{"embeddable":true,"href":"https:\/\/www.shqiperia.com\/blog\/wp-json\/wp\/v2\/comments?post=30106"}],"version-history":[{"count":1,"href":"https:\/\/www.shqiperia.com\/blog\/wp-json\/wp\/v2\/posts\/30106\/revisions"}],"predecessor-version":[{"id":30108,"href":"https:\/\/www.shqiperia.com\/blog\/wp-json\/wp\/v2\/posts\/30106\/revisions\/30108"}],"wp:featuredmedia":[{"embeddable":true,"href":"https:\/\/www.shqiperia.com\/blog\/wp-json\/wp\/v2\/media\/30107"}],"wp:attachment":[{"href":"https:\/\/www.shqiperia.com\/blog\/wp-json\/wp\/v2\/media?parent=30106"}],"wp:term":[{"taxonomy":"category","embeddable":true,"href":"https:\/\/www.shqiperia.com\/blog\/wp-json\/wp\/v2\/categories?post=30106"},{"taxonomy":"post_tag","embeddable":true,"href":"https:\/\/www.shqiperia.com\/blog\/wp-json\/wp\/v2\/tags?post=30106"}],"curies":[{"name":"wp","href":"https:\/\/api.w.org\/{rel}","templated":true}]}}