{"id":30101,"date":"2020-01-08T00:45:11","date_gmt":"2020-01-08T00:45:11","guid":{"rendered":"https:\/\/www.shqiperia.com\/blog\/?p=30101"},"modified":"2020-01-08T00:45:11","modified_gmt":"2020-01-08T00:45:11","slug":"tanush-frasheri-ali-kelcyra-ne-terrin-e-mosnjohjes-cfare-kam-zbuluar-per-te-ne-arkivat-italiane","status":"publish","type":"post","link":"https:\/\/www.shqiperia.com\/blog\/tanush-frasheri-ali-kelcyra-ne-terrin-e-mosnjohjes-cfare-kam-zbuluar-per-te-ne-arkivat-italiane\/","title":{"rendered":"Tanush Frash\u00ebri: Ali K\u00eblcyra n\u00eb terrin e mosnjohjes. \u00c7far\u00eb kam zbuluar p\u00ebr t\u00eb n\u00eb arkivat italiane"},"content":{"rendered":"<p><img data-recalc-dims=\"1\" loading=\"lazy\" decoding=\"async\" data-attachment-id=\"30102\" data-permalink=\"https:\/\/www.shqiperia.com\/blog\/tanush-frasheri-ali-kelcyra-ne-terrin-e-mosnjohjes-cfare-kam-zbuluar-per-te-ne-arkivat-italiane\/tanush-frasheri\/\" data-orig-file=\"https:\/\/i0.wp.com\/www.shqiperia.com\/blog\/wp-content\/uploads\/2020\/01\/Tanush-frasheri.jpg?fit=1280%2C720&amp;ssl=1\" data-orig-size=\"1280,720\" data-comments-opened=\"1\" data-image-meta=\"{&quot;aperture&quot;:&quot;0&quot;,&quot;credit&quot;:&quot;&quot;,&quot;camera&quot;:&quot;&quot;,&quot;caption&quot;:&quot;&quot;,&quot;created_timestamp&quot;:&quot;0&quot;,&quot;copyright&quot;:&quot;&quot;,&quot;focal_length&quot;:&quot;0&quot;,&quot;iso&quot;:&quot;0&quot;,&quot;shutter_speed&quot;:&quot;0&quot;,&quot;title&quot;:&quot;&quot;,&quot;orientation&quot;:&quot;0&quot;}\" data-image-title=\"Tanush frasheri\" data-image-description=\"\" data-image-caption=\"\" data-medium-file=\"https:\/\/i0.wp.com\/www.shqiperia.com\/blog\/wp-content\/uploads\/2020\/01\/Tanush-frasheri.jpg?fit=300%2C169&amp;ssl=1\" data-large-file=\"https:\/\/i0.wp.com\/www.shqiperia.com\/blog\/wp-content\/uploads\/2020\/01\/Tanush-frasheri.jpg?fit=1024%2C576&amp;ssl=1\" class=\"alignnone  wp-image-30102\" alt=\"\" src=\"https:\/\/i0.wp.com\/www.shqiperia.com\/blog\/wp-content\/uploads\/2020\/01\/Tanush-frasheri.jpg?resize=563%2C317&#038;ssl=1\" width=\"563\" height=\"317\" srcset=\"https:\/\/i0.wp.com\/www.shqiperia.com\/blog\/wp-content\/uploads\/2020\/01\/Tanush-frasheri.jpg?resize=300%2C169&amp;ssl=1 300w, https:\/\/i0.wp.com\/www.shqiperia.com\/blog\/wp-content\/uploads\/2020\/01\/Tanush-frasheri.jpg?resize=1024%2C576&amp;ssl=1 1024w, https:\/\/i0.wp.com\/www.shqiperia.com\/blog\/wp-content\/uploads\/2020\/01\/Tanush-frasheri.jpg?resize=768%2C432&amp;ssl=1 768w, https:\/\/i0.wp.com\/www.shqiperia.com\/blog\/wp-content\/uploads\/2020\/01\/Tanush-frasheri.jpg?resize=450%2C253&amp;ssl=1 450w, https:\/\/i0.wp.com\/www.shqiperia.com\/blog\/wp-content\/uploads\/2020\/01\/Tanush-frasheri.jpg?resize=600%2C338&amp;ssl=1 600w, https:\/\/i0.wp.com\/www.shqiperia.com\/blog\/wp-content\/uploads\/2020\/01\/Tanush-frasheri.jpg?resize=400%2C225&amp;ssl=1 400w, https:\/\/i0.wp.com\/www.shqiperia.com\/blog\/wp-content\/uploads\/2020\/01\/Tanush-frasheri.jpg?w=1280&amp;ssl=1 1280w\" sizes=\"auto, (max-width: 563px) 100vw, 563px\" \/><\/p>\n<p><strong>Tanush Frash\u00ebri: Ali K\u00eblcyra n\u00eb terrin e mosnjohjes. \u00c7far\u00eb kam zbuluar p\u00ebr t\u00eb n\u00eb arkivat italiane <\/strong><\/p>\n<p><em>Historiani dhe arkivisti i njohur b\u00ebn thirrje q\u00eb t\u00eb zbulohen t\u00eb v\u00ebrtetat historike p\u00ebr ngjarjet q\u00eb kan\u00eb ndodhur gjat\u00eb Luft\u00ebs II Bot\u00ebrore n\u00eb Shqip\u00ebri. Duke e vendosur figur\u00ebn e Ali K\u00eblcyr\u00ebs n\u00eb situat\u00ebn reale q\u00eb kalonte vendi yn\u00eb, Tanush Frash\u00ebri deklaron se: Historia vijon t\u00eb shkruhet sipas optik\u00ebs ideologjike. \u00cbsht\u00eb g\u00ebnjesht\u00ebr marr\u00ebveshja Dalmacio-K\u00eblcyra. Nuk ka nj\u00eb t\u00eb till\u00eb as n\u00eb arkivat e SIM-it\u201d. \u00a0<\/em><\/p>\n<p>Nga: <a href=\"https:\/\/shqiptarja.com\/autori\/10\">Dhurata Hamzai\u00a0<\/a><\/p>\n<p>6 Janar, 2929<\/p>\n<p>Tanush Frash\u00ebri, autor i disa librave historik\u00eb dhe i k\u00ebrkimeve shum\u00ebvje\u00e7are n\u00ebp\u00ebr arkivat e bibliotekave t\u00eb vendeve t\u00eb ndryshme t\u00eb Europ\u00ebs, \u00ebsht\u00eb p\u00ebrpjekur t\u00eb hedh\u00eb drit\u00eb mbi jet\u00ebn e Ali K\u00eblcyr\u00ebs, nj\u00ebrit prej protagonist\u00ebve t\u00eb politik\u00ebs shqiptare t\u00eb gjysm\u00ebs s\u00eb par\u00eb t\u00eb shekullit t\u00eb kaluar.<\/p>\n<p>N\u00eb nj\u00eb intervist\u00eb, ekskluzivisht p\u00ebr Report TV, Tanush Frash\u00ebri deklaron se \u201cAli K\u00eblcyra \u00ebsht\u00eb l\u00ebn\u00eb n\u00eb terrin e mosnjohjes p\u00ebr dekada me radh\u00eb.\u201d<\/p>\n<p>Ajo q\u00eb e shqet\u00ebson historianin \u00ebsht\u00eb \u201cshikimi i k\u00ebsaj figure n\u00eb optik\u00ebn e historiografis\u00eb s\u00eb diktatur\u00ebs komuniste\u201d, ku protagonizmi i Ali K\u00eblcyr\u00ebs n\u00eb trazirat e Luft\u00ebs s\u00eb Dyt\u00eb Bot\u00ebrore keqinterpretohet.<\/p>\n<p>Frash\u00ebri d\u00ebshmon se k\u00ebrkimet e tij p\u00ebrmbysin disa teza t\u00eb historian\u00ebve.<\/p>\n<p>Nd\u00ebrsa ka botuar dy libra studimor\u00eb, q\u00eb i kushtohen Ali K\u00eblcyr\u00ebs, gjat\u00eb intervist\u00ebs p\u00ebr Report TV, Tanush Frash\u00ebri e quan g\u00ebnjesht\u00ebr marr\u00ebveshjen e shum\u00ebp\u00ebrfolur \u201cDalmacio-K\u00eblcyra\u201d, p\u00ebr t\u00eb cil\u00ebn jo pak historian\u00eb deklarojn\u00eb se p\u00ebrmes saj italian\u00ebt jan\u00eb garantuar se nuk do t\u00eb pengoheshin p\u00ebr t\u00eb shtypur ushtarakisht forcat partizane dhe luft\u00ebn e tyre Nacional-\u00c7lirimtare.<\/p>\n<p>I ashtuquajturi \u201cProtokolli Dalmacio-K\u00eblcyra\u201d q\u00eb mendohet t\u00eb jet\u00eb n\u00ebnshkruar n\u00eb mars t\u00eb vitit 1943, nd\u00ebrmjet Komandantit t\u00eb Forcave pushtuese italiane n\u00eb Shqip\u00ebri, Dalmacios, dhe p\u00ebrfaq\u00ebsuesit t\u00eb Ballit Komb\u00ebtar, Ali K\u00eblcyr\u00ebs, sipas Tanush Frash\u00ebrit nuk ekziston, madje as n\u00eb arkivat e SIM-it.<\/p>\n<p>Frash\u00ebri k\u00ebmb\u00ebngul se \u201c<em>vet\u00ebm k\u00ebrkimet arkivore do ta ndri\u00e7ojn\u00eb me t\u00eb v\u00ebrtet\u00ebn historike Ali K\u00eblcyr\u00ebn, si figur\u00eb interesante e me pesh\u00eb p\u00ebr historin\u00eb e Shqip\u00ebris\u00eb, duke hedhur drit\u00eb n\u00eb rrethanat, periudh\u00ebn dhe bashk\u00ebkoh\u00ebsit e tij.\u201d<\/em><\/p>\n<p><em>\u201cParimi im kryesor ishte q\u00eb t\u00eb them t\u00eb v\u00ebrtet\u00ebn. Dhe e p\u00ebrdora k\u00ebt\u00eb ide timen q\u00eb kur kisha mund\u00ebsi t\u00eb suvenconoja k\u00ebrkimet e mira arkivore me parat\u00eb e mia, pasi shita dy apartamente q\u00eb kisha n\u00eb Shqip\u00ebri, q\u00eb t\u00eb mos m\u00eb thoshte njeri se ne nuk kemi mund\u00ebsi t\u00eb paguaj kaq shum\u00eb. K\u00ebshtu q\u00eb duke ardhur n\u00eb kontakt me dokumentacionin, e kuptova se duhet t\u00eb mb\u00ebshtes\u00eb t\u00eb v\u00ebrtet\u00ebn me dokumentet q\u00eb gjej, q\u00eb t\u00eb mos fsheh, se mjaft jan\u00eb fshehur deri m\u00eb sot\u201d,<\/em>\u00a0-thot\u00eb Tanush Frash\u00ebri.<\/p>\n<p>I prekur nga disa t\u00eb pav\u00ebrteta t\u00eb shkuara n\u00eb Historin\u00eb e Shqip\u00ebris\u00eb, Tanush Frash\u00ebri rr\u00ebfen rrug\u00ebtimin e tij n\u00eb k\u00ebrkimet arkivore:<\/p>\n<p><em>\u201cShkova n\u00eb Arkivin e shtetit ushtarak, duke i b\u00ebr\u00eb k\u00ebrkes\u00eb ministres \u00a0Suzana\u00a0Anjeli. Kur shkova tek arkivat dhe m\u00eb pyet\u00ebn ku do t\u00eb hysh. Un\u00eb u thash\u00eb n\u00eb arkivat e SIM-it. \u201cOh, -m\u00eb than\u00eb -pse dashke drejt e ne thela.\u201d Un\u00eb u thash\u00eb se \u201cdua t\u00eb shoh atje, sepse kam n\u00eb gryk\u00eb nj\u00eb kock\u00eb e m\u00eb ngel aty n\u00ebse nuk kam p\u00ebr t\u00eb m\u00ebsuar t\u00eb v\u00ebrtet\u00ebn.\u201d Kur hapa arkivat, atje pash\u00eb q\u00eb nuk kishte nj\u00eb protokoll \u201cK\u00eblcyra-Dalmacio\u201d, dhe kjo \u00ebsht\u00eb revoltuese, sepse ne kemi folur p\u00ebr nj\u00eb protokoll q\u00eb nuk ekziston. N\u00eb t\u00eb v\u00ebrtet\u00eb delegat\u00ebt e Ballit Komb\u00ebtar nuk shkuan me kok\u00ebn e vet, por Ali K\u00eblcyra dhe Nuredin Vlora k\u00ebrkuan t\u00eb bisedonin me Dalmacion si fillim dhe pastaj \u00e7uan specialist\u00eb p\u00ebr marr\u00ebveshjet q\u00eb t\u00eb mos d\u00ebmtoheshin njer\u00ebz dhe t\u00eb mos humbiste pasuria komb\u00ebtare, por nuk u b\u00eb gj\u00eb p\u00ebr shkak t\u00eb krimeve q\u00eb b\u00ebri Mehmet Shehu. Krime q\u00eb dihen.\u201d<\/em><\/p>\n<p>Tanush Frash\u00ebri megjithat\u00eb nuk e mohon se nga familjet e m\u00ebdha shqiptare kan\u00eb bashk\u00ebpunuar me pushtuesin.<\/p>\n<p><em>\u201cFamiljet e m\u00ebdha, fatkeq\u00ebsisht pas luft\u00ebs s\u00eb Dyt\u00eb Bot\u00ebrore, p\u00ebr mendimin tim dol\u00ebn si\u00e7 qen\u00eb n\u00eb t\u00eb v\u00ebrtet\u00eb. Shum\u00eb pak prej tyre nuk u p\u00ebzjen\u00eb me kolaboracionizmin. Sepse disa prej tyre vrapuan t\u00eb bashk\u00ebpunonin p\u00ebr afinitet ideologjik, nd\u00ebrsa Shefqet V\u00ebrlaci, kur pa se nuk e linin italian\u00ebt t\u00eb b\u00ebnte at\u00eb q\u00eb donte, ai dha dor\u00ebheqjen dhe erdh\u00ebn t\u00eb tjer\u00ebt n\u00eb vendin e tij.\u201d<\/em>, tha Frash\u00ebri.<\/p>\n<p>I pyetur se si kane qen\u00eb marr\u00ebdh\u00ebniet n\u00eb dy periudha t\u00eb ndryshme t\u00eb politik\u00ebs italiane, Tanush Frash\u00ebri rr\u00ebfen se lufta, paqja dhe miq\u00ebsia kan\u00eb qen\u00eb komplekse me luhatje t\u00eb m\u00ebdha, duke kaluar nga periudha liberale n\u00eb at\u00eb fashiste t\u00eb Italis\u00eb. Tanush Frash\u00ebri rr\u00ebfen se \u201clufta kund\u00ebr italian\u00ebve ka nisur n\u00eb Tepelen\u00eb, ku b\u00ebn\u00eb t\u00eb kapitullonte nj\u00eb batalion italian, e nd\u00ebrkoh\u00eb n\u00eb Vlor\u00eb u acarua gjith\u00e7ka, sepse u b\u00eb q\u00ebndresa m\u00eb e ashp\u00ebr, ku n\u00eb Kot u vra dhe gjeneral Gotti me djalin kolonel Kavalon q\u00eb ra rob, dhe pas 24 ushtar\u00ebve t\u00eb vdekur n\u00eb Llogara, italian\u00ebt e rrethuan Vlor\u00ebn me tela me gjemba, derisa u b\u00eb lufta e ashp\u00ebr dhe pasoi me kapitullimin e italian\u00ebve. Nd\u00ebrsa n\u00eb etap\u00ebn e Musolinit, mendohej q\u00eb Shqip\u00ebria t\u00eb ishte e pavarur dhe me kufijt\u00eb e pacaktuar si n\u00eb Konferenc\u00ebn e Ambasador\u00ebve n\u00eb Lond\u00ebr, nd\u00ebrsa penetrimi i Italis\u00eb nisi n\u00eb at\u00eb koh\u00eb kur u pa se situata e vendit ishte fare p\u00ebrtok\u00eb\u201d, -tha Frash\u00ebri.<\/p>\n<div id=\"attachment_30104\" style=\"width: 503px\" class=\"wp-caption alignnone\"><img data-recalc-dims=\"1\" loading=\"lazy\" decoding=\"async\" aria-describedby=\"caption-attachment-30104\" data-attachment-id=\"30104\" data-permalink=\"https:\/\/www.shqiperia.com\/blog\/tanush-frasheri-ali-kelcyra-ne-terrin-e-mosnjohjes-cfare-kam-zbuluar-per-te-ne-arkivat-italiane\/ali-kelcyra-2\/\" data-orig-file=\"https:\/\/i0.wp.com\/www.shqiperia.com\/blog\/wp-content\/uploads\/2020\/01\/ali-kelcyra-1.jpg?fit=200%2C266&amp;ssl=1\" data-orig-size=\"200,266\" data-comments-opened=\"1\" data-image-meta=\"{&quot;aperture&quot;:&quot;0&quot;,&quot;credit&quot;:&quot;&quot;,&quot;camera&quot;:&quot;&quot;,&quot;caption&quot;:&quot;&quot;,&quot;created_timestamp&quot;:&quot;0&quot;,&quot;copyright&quot;:&quot;&quot;,&quot;focal_length&quot;:&quot;0&quot;,&quot;iso&quot;:&quot;0&quot;,&quot;shutter_speed&quot;:&quot;0&quot;,&quot;title&quot;:&quot;&quot;,&quot;orientation&quot;:&quot;0&quot;}\" data-image-title=\"ali kelcyra\" data-image-description=\"\" data-image-caption=\"&lt;p&gt;Ali Kelcyra&lt;\/p&gt;\n\" data-medium-file=\"https:\/\/i0.wp.com\/www.shqiperia.com\/blog\/wp-content\/uploads\/2020\/01\/ali-kelcyra-1.jpg?fit=200%2C266&amp;ssl=1\" data-large-file=\"https:\/\/i0.wp.com\/www.shqiperia.com\/blog\/wp-content\/uploads\/2020\/01\/ali-kelcyra-1.jpg?fit=200%2C266&amp;ssl=1\" class=\" wp-image-30104\" alt=\"\" src=\"https:\/\/i0.wp.com\/www.shqiperia.com\/blog\/wp-content\/uploads\/2020\/01\/ali-kelcyra-1.jpg?resize=493%2C656&#038;ssl=1\" width=\"493\" height=\"656\" \/><p id=\"caption-attachment-30104\" class=\"wp-caption-text\">Ali Kelcyra<\/p><\/div>\n<p>Tanush Frash\u00ebri, \u00a0pasi b\u00ebn\u00eb nj\u00eb panoram\u00eb t\u00eb Tiran\u00ebs s\u00eb mjeruar n\u00eb vitin 1925, shpjegon edhe marr\u00ebdh\u00ebniet politike e diplomatike me Italin\u00eb dhe rolin e saj her\u00eb si mb\u00ebshtet\u00ebse, her\u00eb si kund\u00ebrshtare.<\/p>\n<p>Tanush Frash\u00ebri rr\u00ebfen edhe marr\u00ebdh\u00ebniet e Ahmet Zogut me Italin\u00eb, i cili sipas tij \u201cm\u00eb shpesh ka k\u00ebrkuar ndihma prej saj p\u00ebr t\u00eb ringritur vendin, sesa ka dh\u00ebn\u00eb.\u201d<\/p>\n<p>Sipas Frash\u00ebrit Zogu nuk e ka vjedhur Bank\u00ebn e Shqip\u00ebris\u00eb&#8230;<\/p>\n<p><em>\u201cDihet q\u00eb Banka kishte dy drejtor\u00eb, nj\u00ebri ishte shqiptar, Mitrush Kuteli dhe tjetri italian, si do t\u2019i thoshte Zogu italianit, hajde pak k\u00ebtu ti, se un\u00eb do t\u00eb vjedh thesarin e shtetit. Por e v\u00ebrteta \u00ebsht\u00eb se italian\u00ebt n\u00eb \u201943-shin kapitulluan dhe nuk mor\u00ebn dot asgj\u00eb. Erdh\u00ebn gjerman\u00ebt dhe me gjith\u00eb p\u00ebrpjekjet e drejtorit t\u00eb at\u00ebhersh\u00ebm Mitrush Kutelit, arrit\u00ebn ta marrin thesarin. Nd\u00ebrsa Zogu ka marr\u00eb t\u00eb ardhurat e veta q\u00eb kishte nga tokat, nga pyjet etj.\u201d,<\/em>\u00a0deklaron Frash\u00ebri.<\/p>\n<p>Historiani Tanush Frash\u00ebri flet edhe p\u00ebr sekuestrimin e arkivave t\u00eb trash\u00ebgimis\u00eb nga gjerman\u00ebt, si\u00e7 kan\u00eb qen\u00eb edhe dor\u00ebshkrimet albanologjike t\u00eb Joklit.<\/p>\n<p><em>\u201cDhe\u00a0 e keqja \u00ebsht\u00eb se ku \u00ebsht\u00eb tani biblioteka\u00a0 e Joklit, q\u00eb ka qen\u00eb nj\u00eb nga m\u00eb t\u00eb pasurat. Edhe vete \u00c7abej q\u00eb ishte nj\u00eb nga nx\u00ebn\u00ebsit m\u00eb t\u00eb p\u00ebrk\u00ebdhelur t\u00eb tij, nuk e dinte ku \u00ebsht\u00eb.\u201d<\/em>, thot\u00eb Frash\u00ebri.<\/p>\n<p>Duke hedhur drit\u00eb mbi q\u00ebndrimin e Ali K\u00eblcyr\u00ebs n\u00eb \u00e7\u00ebshtjen komb\u00ebtare, Tanush Frash\u00ebri flet edhe p\u00ebr marr\u00ebdh\u00ebniet me Ahmet Zogun.<\/p>\n<p><em>\u201cAli K\u00eblcyra kishte nj\u00eb goj\u00ebtar shigjetues dhe e kritikonte Zogun. I thoshte mos t\u00eb fuste frym\u00ebn politike n\u00eb ushtri. Dhe \u00e7far\u00eb ndodhi, oficer\u00ebt e Zogut e fut\u00ebn vet politik\u00ebn n\u00eb ushtri. N\u00eb emigrim, Zogu e tregoi veten q\u00eb ishte burr\u00eb shteti, sepse e ndihmoi megjithat\u00eb Ali K\u00eblcyr\u00ebn, kur Italia do ta fuste n\u00eb burg, sepse i thoshin q\u00eb ju na keni luftuar, mos q\u00ebndroni k\u00ebtu. Ali K\u00eblcyra \u00ebsht\u00eb nj\u00eb figur\u00eb e shquar me pik\u00ebpamje social-demokratike socialiste. N\u00eb Itali u lidh me figura t\u00eb shquara t\u00eb social-demokracsis\u00eb socialiste.\u201d<\/em>, tha Frash\u00ebri.<\/p>\n<p>I pyetur se \u00e7far\u00eb duhet t\u00eb korrigjoj\u00eb m\u00eb tej Historia e Shqip\u00ebris\u00eb, Tanush Frash\u00ebri shprehet se \u201cduhet t\u00eb \u00e7lirohet nga ideologjizimi dhe t\u00eb mos b\u00ebhen citime t\u00eb falsifikuara , t\u00eb prera p\u00ebr q\u00ebllime t\u00eb caktuara p\u00ebrgjysm\u00eb. Madje tani kan\u00eb nxjerr\u00eb edhe nj\u00eb protokoll \u201cZogu-Pashi\u00e7\u201d, por edhe nj\u00eb t\u00eb till\u00eb n\u00eb arkivat italiane nuk ka\u201d, -deklaron Frash\u00ebri.<\/p>\n<p>I pyetur m\u00eb tej se si ka qen\u00eb jeta e tij private n\u00eb koh\u00ebn e diktatur\u00ebs, Tanush Frahs\u00ebri rr\u00ebfen se ngaq\u00eb ishte fejuar me fjal\u00eb goje, por ende jo zyrtarisht, me mbes\u00ebn e Vlorajve, t\u00eb Eqerem Vlor\u00ebs, pati jo pak telashe.<\/p>\n<p><em>\u201cGruaja ime m\u00eb priti 13 vjet me premtimin e fejes\u00ebs, dhe kur erdha n\u00eb Tiran\u00eb n\u00eb shtator e fillova pun\u00eb n\u00eb gjimnazin \u201cIsmail Qemali\u201d, pas gjasht\u00eb muaj u d\u00ebrgova n\u00eb Spa\u00e7, edhe pse punoja shum\u00eb, b\u00ebja aktivitete, teat\u00ebr me nx\u00ebn\u00ebsit, etj. Nj\u00ebher\u00eb nj\u00eb drejtor shkolle m\u00eb tha: \u201cMos harro kush je ti, por ne t\u00eb mbajm\u00eb se na duhesh\u201d. Un\u00eb kisha shoqe shkolle vajz\u00ebn e drejtorit t\u00eb sigurimit, dhe ajo ishte e p\u00ebrk\u00ebdhelura e babait dhe ishte ajo q\u00eb i tha t\u00eb atit \u00e7\u2019m\u00eb pat\u00ebn th\u00ebn\u00eb. Pas k\u00ebsaj, drejtori m\u00eb k\u00ebrkoi falje, por kjo nuk m\u00eb vlejti. Un\u00eb megjithat\u00eb shkova t\u00eb nxirrja pirit n\u00eb minier\u00eb, por gruaja ime m\u00eb abonoi tek studimet filologjike, dhe tek gazeta \u201cDrita\u201d. Un\u00eb nuk mund t\u00eb botoja, por nuk u shk\u00ebputa nga kontakti me shkenc\u00ebn historike, pavar\u00ebsisht se e mbyllja goj\u00ebn. Se nuk mund t\u00eb ul\u00ebrije at\u00ebher\u00eb, se t\u00eb pritej koka\u201d,<\/em>\u00a0shprehet gjat\u00eb intervist\u00ebs p\u00ebr Report TV Tanush Frash\u00ebri.<\/p>\n<p>Tanush Frash\u00ebri i lindur n\u00eb Tiran\u00eb n\u00eb vitin 1936 \u00ebsht\u00eb diplomuar p\u00ebr histori n\u00eb Universitetin e Tiran\u00ebs m\u00eb 1960. Nd\u00ebrsa ushtronte detyr\u00ebn e m\u00ebsuesit t\u00eb historis\u00eb n\u00eb shkollat e mesme t\u00eb Vlor\u00ebs dhe t\u00eb Tiran\u00ebs deri n\u00eb vitin 1972, at\u00eb e arrestojn\u00eb dhe e burgosin me akuz\u00ebn fam\u00ebkeqe \u201cp\u00ebr agjitacion e propagand\u00eb\u201d. E lan\u00eb t\u00eb lir\u00eb n\u00eb vitin 1977, por q\u00eb t\u00eb punonte si pun\u00ebtor krahu, duke i hequr t\u00eb drejt\u00ebn e m\u00ebsimdh\u00ebnies dhe botimeve.<\/p>\n<p>Ky d\u00ebnim zgjati deri n\u00eb vitin 1990, kur emigroi n\u00eb Austri, ku jeton edhe sot. Tanush Frash\u00ebri pas k\u00ebsaj \u00ebsht\u00eb autor i disa librave: &#8220;T\u00eb dh\u00ebna arkeologjike nga lugina e Vjos\u00ebs&#8221;, autor i monografis\u00eb &#8220;Vlleh\u00ebt n\u00eb krahin\u00ebn e Vlor\u00ebs&#8221;, autor i dy librave librave kushtuar Ali K\u00eblcyr\u00ebs, q\u00eb jan\u00eb \u201cAli K\u00eblcyra patrioti kuq e zi\u201d dhe libri me hulumtime arkivore \u201cAli K\u00eblcyra, shkrime p\u00ebr historin\u00eb e Shqip\u00ebris\u00eb\u201d, e m\u00eb gjer\u00eb.<\/p>\n<p>m.v.\/b.ha.\/Shqiptarja.com<\/p>\n","protected":false},"excerpt":{"rendered":"<p>Tanush Frash\u00ebri: Ali K\u00eblcyra n\u00eb terrin e mosnjohjes. \u00c7far\u00eb kam zbuluar p\u00ebr t\u00eb n\u00eb arkivat italiane Historiani dhe arkivisti i njohur b\u00ebn thirrje q\u00eb t\u00eb zbulohen t\u00eb v\u00ebrtetat historike p\u00ebr ngjarjet q\u00eb kan\u00eb ndodhur gjat\u00eb Luft\u00ebs II Bot\u00ebrore n\u00eb Shqip\u00ebri. Duke e vendosur figur\u00ebn e Ali K\u00eblcyr\u00ebs n\u00eb situat\u00ebn reale q\u00eb kalonte vendi yn\u00eb, Tanush [&hellip;]<\/p>\n","protected":false},"author":9,"featured_media":30102,"comment_status":"open","ping_status":"open","sticky":false,"template":"","format":"standard","meta":{"jetpack_post_was_ever_published":false,"_jetpack_newsletter_access":"","_jetpack_dont_email_post_to_subs":false,"_jetpack_newsletter_tier_id":0,"_jetpack_memberships_contains_paywalled_content":false,"_jetpack_memberships_contains_paid_content":false,"footnotes":"","jetpack_publicize_message":"","jetpack_publicize_feature_enabled":true,"jetpack_social_post_already_shared":true,"jetpack_social_options":{"image_generator_settings":{"template":"highway","default_image_id":0,"font":"","enabled":false},"version":2}},"categories":[27,85],"tags":[],"class_list":["post-30101","post","type-post","status-publish","format-standard","has-post-thumbnail","hentry","category-blogu-i-udhetarit","category-histori"],"jetpack_publicize_connections":[],"jetpack_featured_media_url":"https:\/\/i0.wp.com\/www.shqiperia.com\/blog\/wp-content\/uploads\/2020\/01\/Tanush-frasheri.jpg?fit=1280%2C720&ssl=1","jetpack_sharing_enabled":true,"jetpack_shortlink":"https:\/\/wp.me\/p5Z6wp-7Pv","jetpack-related-posts":[{"id":12254,"url":"https:\/\/www.shqiperia.com\/blog\/vajza-e-ali-kelcyres-leter-kryeministrit-per-kalane-e-kelcyres\/","url_meta":{"origin":30101,"position":0},"title":"Vajza e Ali K\u00eblcyr\u00ebs, let\u00ebr Kryeministrit p\u00ebr Kalan\u00eb e Kelcyres. &#8211;","author":"Kurt Farka","date":"October 4, 2018","format":false,"excerpt":"Vajza e Ali K\u00eblcyr\u00ebs, let\u00ebr Kryeministrit p\u00ebr Kalan\u00eb e Kelcyres. - -Hana Klissura: Zoti Rama, m\u00eb lejoni t\u00eb k\u00ebrkoj angazhimin Tuaj p\u00ebr ruajtjen dhe konsolidimin e rr\u00ebnojave t\u00eb kalas\u00eb dhe sarajeve t\u00eb K\u00eblcyr\u00ebs Nga Dhurata Hamzai. \u2013 Hana Klissura (K\u00eblcyra), e bija e Ali K\u00eblcyr\u00ebs - nj\u00ebrit prej personaliteteve m\u00eb\u2026","rel":"","context":"In &quot;Histori&quot;","block_context":{"text":"Histori","link":"https:\/\/www.shqiperia.com\/blog\/category\/histori\/"},"img":{"alt_text":"","src":"https:\/\/i0.wp.com\/www.shqiperia.com\/blog\/wp-content\/uploads\/2018\/10\/phoca_thumb_l_Castello-di-Ali-Bej-Kelcyre-3-Copy.jpg?fit=659%2C354&ssl=1&resize=350%2C200","width":350,"height":200,"srcset":"https:\/\/i0.wp.com\/www.shqiperia.com\/blog\/wp-content\/uploads\/2018\/10\/phoca_thumb_l_Castello-di-Ali-Bej-Kelcyre-3-Copy.jpg?fit=659%2C354&ssl=1&resize=350%2C200 1x, https:\/\/i0.wp.com\/www.shqiperia.com\/blog\/wp-content\/uploads\/2018\/10\/phoca_thumb_l_Castello-di-Ali-Bej-Kelcyre-3-Copy.jpg?fit=659%2C354&ssl=1&resize=525%2C300 1.5x"},"classes":[]},{"id":4285,"url":"https:\/\/www.shqiperia.com\/blog\/vepra-te-zgjedhura-mithat-frasheri\/","url_meta":{"origin":30101,"position":1},"title":"Vepra te Zgjedhura-Mithat Frasheri.","author":"Kurt Farka","date":"March 3, 2018","format":false,"excerpt":"Instituti i Studimeve Historike \u201cLumo Sk\u00ebndo\u201d risjell n\u00eb v\u00ebmendjen tuaj nj\u00eb botim t\u00eb jasht\u00ebzakonsh\u00ebm p\u00ebr nga p\u00ebrmbajtja, bashk\u00ebkohor p\u00ebr nga aktualiteti dhe luksoz p\u00ebr nga bibliofilia. Historiani Uran Butka e vler\u00ebson si nj\u00eb pasuri e madhe kulturore ende e panjohur apo e varrosur, q\u00eb i kthehet kombit dhe kultur\u00ebs shqiptare.\u2026","rel":"","context":"In &quot;Kultura&quot;","block_context":{"text":"Kultura","link":"https:\/\/www.shqiperia.com\/blog\/category\/kultura\/"},"img":{"alt_text":"","src":"https:\/\/i0.wp.com\/www.shqiperia.com\/blog\/wp-content\/uploads\/2018\/03\/Vepra-e-Mithat-Frasherit.jpg?fit=433%2C489&ssl=1&resize=350%2C200","width":350,"height":200},"classes":[]},{"id":2695,"url":"https:\/\/www.shqiperia.com\/blog\/2695-2\/","url_meta":{"origin":30101,"position":2},"title":"Testamenti Dhe Varri i Mit\u2019hat Frash\u00ebrit","author":"Kurt Farka","date":"February 8, 2018","format":false,"excerpt":"SHKRUAN: DR. SKENDER MURTEZANI Mit\u2019hat Frash\u00ebri Sh\u00ebrb\u00ebtor i Kombit: Njeriu q\u00eb adhuroi librin dhe dashuroi Kombin, meriton q\u00eb eshtrat e tij t\u00eb pushojn\u00eb n\u00eb kopshtin e libraris\u00eb dhe arkivit q\u00eb ia fali Atdheut . Mithat Frash\u00ebri \u00ebsht\u00eb kolosi I fundit i Frash\u00ebrllinjve. Sa m\u00eb shum\u00eb lexon p\u00ebr veprimtarin\u00eb e tij\u2026","rel":"","context":"In &quot;Blogu i Udh\u00ebtarit&quot;","block_context":{"text":"Blogu i Udh\u00ebtarit","link":"https:\/\/www.shqiperia.com\/blog\/category\/blogu-i-udhetarit\/"},"img":{"alt_text":"","src":"https:\/\/i0.wp.com\/www.shqiperia.com\/blog\/wp-content\/uploads\/2018\/02\/mithat-Frasheri.jpg?fit=640%2C483&ssl=1&resize=350%2C200","width":350,"height":200,"srcset":"https:\/\/i0.wp.com\/www.shqiperia.com\/blog\/wp-content\/uploads\/2018\/02\/mithat-Frasheri.jpg?fit=640%2C483&ssl=1&resize=350%2C200 1x, https:\/\/i0.wp.com\/www.shqiperia.com\/blog\/wp-content\/uploads\/2018\/02\/mithat-Frasheri.jpg?fit=640%2C483&ssl=1&resize=525%2C300 1.5x"},"classes":[]},{"id":11504,"url":"https:\/\/www.shqiperia.com\/blog\/frasheri-fshati-qe-i-dha-emer-shqiperise-por-qe-ngeli-vete-pa-emer-album-foto\/","url_meta":{"origin":30101,"position":3},"title":"Frash\u00ebri, fshati q\u00eb i dha em\u00ebr Shqip\u00ebris\u00eb, por q\u00eb ngeli vet\u00eb pa em\u00ebr. &#8211; (+album foto).","author":"Kurt Farka","date":"September 14, 2018","format":false,"excerpt":"Frash\u00ebri, fshati q\u00eb i dha em\u00ebr Shqip\u00ebris\u00eb, por q\u00eb ngeli vet\u00eb pa em\u00ebr. - (+album foto). Nga: Zylyftar Hoxha. - Kam shkuar disa her\u00eb n\u00eb Frash\u00ebr, me rast apo pa rast, me sebep apo pa sebep, si i thon\u00eb. Megjith\u00ebse larg e me nj\u00eb rrug\u00eb, m\u00eb t\u00eb keqen n\u00eb Shqip\u00ebri,\u2026","rel":"","context":"In &quot;Blogu i Udh\u00ebtarit&quot;","block_context":{"text":"Blogu i Udh\u00ebtarit","link":"https:\/\/www.shqiperia.com\/blog\/category\/blogu-i-udhetarit\/"},"img":{"alt_text":"","src":"https:\/\/i0.wp.com\/www.shqiperia.com\/blog\/wp-content\/uploads\/2018\/09\/Frasheri-Permet.jpg?fit=905%2C395&ssl=1&resize=350%2C200","width":350,"height":200,"srcset":"https:\/\/i0.wp.com\/www.shqiperia.com\/blog\/wp-content\/uploads\/2018\/09\/Frasheri-Permet.jpg?fit=905%2C395&ssl=1&resize=350%2C200 1x, https:\/\/i0.wp.com\/www.shqiperia.com\/blog\/wp-content\/uploads\/2018\/09\/Frasheri-Permet.jpg?fit=905%2C395&ssl=1&resize=525%2C300 1.5x, https:\/\/i0.wp.com\/www.shqiperia.com\/blog\/wp-content\/uploads\/2018\/09\/Frasheri-Permet.jpg?fit=905%2C395&ssl=1&resize=700%2C400 2x"},"classes":[]},{"id":9338,"url":"https:\/\/www.shqiperia.com\/blog\/vend-i-sekreteve-te-medha-cfare-fshihet-ne-arkivat-e-vatikanit\/","url_meta":{"origin":30101,"position":4},"title":"Vend i sekreteve t\u00eb m\u00ebdha, \u00e7far\u00eb fshihet n\u00eb arkivat e Vatikanit? &#8211;","author":"Kurt Farka","date":"July 2, 2018","format":false,"excerpt":"Vend i sekreteve t\u00eb m\u00ebdha, \u00e7far\u00eb fshihet n\u00eb arkivat e Vatikanit? - N\u00ebp\u00ebr bot\u00eb ka shum\u00eb vende me interes, t\u00eb cilat paraqesin nj\u00eb alternativ\u00eb origjinale, ndryshe nga destinacionet e nj\u00ebjta turistike, gjer\u00ebsisht t\u00eb njohura Po flasim p\u00ebr shembull p\u00ebr vende t\u00eb tilla si shpellat Lascaux ose p\u00ebr ishullin e gjarp\u00ebrinjve.\u2026","rel":"","context":"In &quot;Blogu i Udh\u00ebtarit&quot;","block_context":{"text":"Blogu i Udh\u00ebtarit","link":"https:\/\/www.shqiperia.com\/blog\/category\/blogu-i-udhetarit\/"},"img":{"alt_text":"","src":"https:\/\/i0.wp.com\/www.shqiperia.com\/blog\/wp-content\/uploads\/2018\/07\/vatikani61.jpg?fit=520%2C342&ssl=1&resize=350%2C200","width":350,"height":200},"classes":[]},{"id":75713,"url":"https:\/\/www.shqiperia.com\/blog\/arkivat-e-lashta-sekrete-te-vatikanit-nisin-te-studiohen-nga-shkencetaret-italiane\/","url_meta":{"origin":30101,"position":5},"title":"Arkivat e lashta sekrete t\u00eb Vatikanit nisin t\u00eb studiohen nga shkenc\u00ebtar\u00ebt italian\u00eb","author":"Kurt Farka","date":"November 22, 2023","format":false,"excerpt":"22 Nentor 2023 Thell\u00eb posht\u00eb qytetit t\u00eb Vatikanit mbahen t\u00eb dije t\u00eb lashta, sekrete t\u00eb njer\u00ebzimit, si dhe \u00e7do shkrim i t\u00eb gjith\u00eb pap\u00ebve t\u00eb shkruara n\u00eb m\u00eb shum\u00eb se 1000 vjet. Ato besohet se jan\u00eb arkivuar n\u00eb tunele rreth 50 km t\u00eb gjata (aq sa \u00ebsht\u00eb i gjat\u00eb Kanali\u2026","rel":"","context":"In &quot;Blogu i Udh\u00ebtarit&quot;","block_context":{"text":"Blogu i Udh\u00ebtarit","link":"https:\/\/www.shqiperia.com\/blog\/category\/blogu-i-udhetarit\/"},"img":{"alt_text":"","src":"https:\/\/i0.wp.com\/www.shqiperia.com\/blog\/wp-content\/uploads\/2023\/11\/640-0-21ed1a29a9d976057b02b77d2f2c9c96.png?fit=640%2C300&ssl=1&resize=350%2C200","width":350,"height":200,"srcset":"https:\/\/i0.wp.com\/www.shqiperia.com\/blog\/wp-content\/uploads\/2023\/11\/640-0-21ed1a29a9d976057b02b77d2f2c9c96.png?fit=640%2C300&ssl=1&resize=350%2C200 1x, https:\/\/i0.wp.com\/www.shqiperia.com\/blog\/wp-content\/uploads\/2023\/11\/640-0-21ed1a29a9d976057b02b77d2f2c9c96.png?fit=640%2C300&ssl=1&resize=525%2C300 1.5x"},"classes":[]}],"_links":{"self":[{"href":"https:\/\/www.shqiperia.com\/blog\/wp-json\/wp\/v2\/posts\/30101","targetHints":{"allow":["GET"]}}],"collection":[{"href":"https:\/\/www.shqiperia.com\/blog\/wp-json\/wp\/v2\/posts"}],"about":[{"href":"https:\/\/www.shqiperia.com\/blog\/wp-json\/wp\/v2\/types\/post"}],"author":[{"embeddable":true,"href":"https:\/\/www.shqiperia.com\/blog\/wp-json\/wp\/v2\/users\/9"}],"replies":[{"embeddable":true,"href":"https:\/\/www.shqiperia.com\/blog\/wp-json\/wp\/v2\/comments?post=30101"}],"version-history":[{"count":1,"href":"https:\/\/www.shqiperia.com\/blog\/wp-json\/wp\/v2\/posts\/30101\/revisions"}],"predecessor-version":[{"id":30105,"href":"https:\/\/www.shqiperia.com\/blog\/wp-json\/wp\/v2\/posts\/30101\/revisions\/30105"}],"wp:featuredmedia":[{"embeddable":true,"href":"https:\/\/www.shqiperia.com\/blog\/wp-json\/wp\/v2\/media\/30102"}],"wp:attachment":[{"href":"https:\/\/www.shqiperia.com\/blog\/wp-json\/wp\/v2\/media?parent=30101"}],"wp:term":[{"taxonomy":"category","embeddable":true,"href":"https:\/\/www.shqiperia.com\/blog\/wp-json\/wp\/v2\/categories?post=30101"},{"taxonomy":"post_tag","embeddable":true,"href":"https:\/\/www.shqiperia.com\/blog\/wp-json\/wp\/v2\/tags?post=30101"}],"curies":[{"name":"wp","href":"https:\/\/api.w.org\/{rel}","templated":true}]}}