{"id":30094,"date":"2020-01-07T21:43:11","date_gmt":"2020-01-07T21:43:11","guid":{"rendered":"https:\/\/www.shqiperia.com\/blog\/?p=30094"},"modified":"2020-01-07T21:43:11","modified_gmt":"2020-01-07T21:43:11","slug":"madheshtia-e-nolit","status":"publish","type":"post","link":"https:\/\/www.shqiperia.com\/blog\/madheshtia-e-nolit\/","title":{"rendered":"Madh\u00ebshtia e Nolit"},"content":{"rendered":"<p><img data-recalc-dims=\"1\" loading=\"lazy\" decoding=\"async\" data-attachment-id=\"30095\" data-permalink=\"https:\/\/www.shqiperia.com\/blog\/madheshtia-e-nolit\/1578379163_fannoli\/\" data-orig-file=\"https:\/\/i0.wp.com\/www.shqiperia.com\/blog\/wp-content\/uploads\/2020\/01\/1578379163_fannoli.jpg?fit=780%2C440&amp;ssl=1\" data-orig-size=\"780,440\" data-comments-opened=\"1\" data-image-meta=\"{&quot;aperture&quot;:&quot;0&quot;,&quot;credit&quot;:&quot;&quot;,&quot;camera&quot;:&quot;&quot;,&quot;caption&quot;:&quot;&quot;,&quot;created_timestamp&quot;:&quot;0&quot;,&quot;copyright&quot;:&quot;&quot;,&quot;focal_length&quot;:&quot;0&quot;,&quot;iso&quot;:&quot;0&quot;,&quot;shutter_speed&quot;:&quot;0&quot;,&quot;title&quot;:&quot;&quot;,&quot;orientation&quot;:&quot;0&quot;}\" data-image-title=\"fan noli\" data-image-description=\"\" data-image-caption=\"\" data-medium-file=\"https:\/\/i0.wp.com\/www.shqiperia.com\/blog\/wp-content\/uploads\/2020\/01\/1578379163_fannoli.jpg?fit=300%2C169&amp;ssl=1\" data-large-file=\"https:\/\/i0.wp.com\/www.shqiperia.com\/blog\/wp-content\/uploads\/2020\/01\/1578379163_fannoli.jpg?fit=780%2C440&amp;ssl=1\" class=\"alignnone  wp-image-30095\" alt=\"\" src=\"https:\/\/i0.wp.com\/www.shqiperia.com\/blog\/wp-content\/uploads\/2020\/01\/1578379163_fannoli.jpg?resize=655%2C369&#038;ssl=1\" width=\"655\" height=\"369\" srcset=\"https:\/\/i0.wp.com\/www.shqiperia.com\/blog\/wp-content\/uploads\/2020\/01\/1578379163_fannoli.jpg?resize=300%2C169&amp;ssl=1 300w, https:\/\/i0.wp.com\/www.shqiperia.com\/blog\/wp-content\/uploads\/2020\/01\/1578379163_fannoli.jpg?resize=768%2C433&amp;ssl=1 768w, https:\/\/i0.wp.com\/www.shqiperia.com\/blog\/wp-content\/uploads\/2020\/01\/1578379163_fannoli.jpg?resize=450%2C254&amp;ssl=1 450w, https:\/\/i0.wp.com\/www.shqiperia.com\/blog\/wp-content\/uploads\/2020\/01\/1578379163_fannoli.jpg?resize=600%2C338&amp;ssl=1 600w, https:\/\/i0.wp.com\/www.shqiperia.com\/blog\/wp-content\/uploads\/2020\/01\/1578379163_fannoli.jpg?resize=400%2C226&amp;ssl=1 400w, https:\/\/i0.wp.com\/www.shqiperia.com\/blog\/wp-content\/uploads\/2020\/01\/1578379163_fannoli.jpg?w=780&amp;ssl=1 780w\" sizes=\"auto, (max-width: 655px) 100vw, 655px\" \/><\/p>\n<p><strong>Madh\u00ebshtia e Nolit<\/strong><\/p>\n<p><em>P\u00ebr t\u00eb kuptuar vler\u00ebn dhe r\u00ebnd\u00ebsin\u00eb e k\u00ebsaj figure t\u00eb pap\u00ebrs\u00ebritshme t\u00eb panteonit akoma t\u00eb pand\u00ebrtuar shqiptar duhet t\u00eb hedh\u00ebsh v\u00ebshtrimin mbrapa p\u00ebr t\u00eb par\u00eb se \u00e7\u2019trash\u00ebgimi dhe kultur\u00eb politike shqiptare kishin para tij.<\/em><\/p>\n<p><a href=\"https:\/\/shqiptarja.com\/autori\/75\">Nga: Dorian Ko\u00e7i\u00a0<\/a><\/p>\n<p>6 Janar, 2020<\/p>\n<p>N\u00eb dat\u00ebn 6 janar \u00ebsht\u00eb 138 vjetori i lindjes s\u00eb Fan Nolit, k\u00ebtij kolosi t\u00eb kultur\u00ebs shqiptare. P\u00ebr t\u00eb kuptuar vler\u00ebn dhe r\u00ebnd\u00ebsin\u00eb e k\u00ebsaj figure t\u00eb pap\u00ebrs\u00ebritshme t\u00eb panteonit akoma t\u00eb pand\u00ebrtuar shqiptar duhet t\u00eb hedh\u00ebsh v\u00ebshtrimin mbrapa p\u00ebr t\u00eb par\u00eb se \u00e7\u2019trash\u00ebgimi dhe kultur\u00eb politike shqiptare kishin para tij. N\u00ebse gjat\u00eb nj\u00eb bisede me Konic\u00ebn, Noli dhe Konica nuk kishin se me \u00e7far\u00eb t\u00eb krenoheshin p\u00ebrve\u00e7se nj\u00eb konservatorizmi mjeran sepse kultura politike dhe shoq\u00ebrore ishte varf\u00ebr p\u00ebrpara tyre, sot ne kemi mund\u00ebsi q\u00eb sa her\u00eb flasim p\u00ebr nocione t\u00eb tilla t\u00eb sjellim nd\u00ebrmend figur\u00ebn e k\u00ebtyre dy kolos\u00ebve, por ve\u00e7an\u00ebrisht t\u00eb Fan Nolit p\u00ebr vepr\u00ebn e gjithanshme t\u00eb tij.<\/p>\n<p>Emri i tij Theofan (gr shfaqja e Zotit) sh\u00ebnjoi mesa duket n\u00eb m\u00ebnyr\u00eb t\u00eb pashmangshme dhe shfaqjen e tij n\u00eb qiejt e trazuar t\u00eb ringjalljes s\u00eb kultur\u00ebs dhe politik\u00ebs shqiptare. I d\u00ebshiruar dhe i anatemuar, i p\u00ebrg\u00ebzuar dhe i hidh\u00ebruar gjat\u00eb jet\u00ebs, fati i tij nuk mund t\u2019i shp\u00ebtonte fatit t\u00eb gjith\u00eb atyre q\u00eb kan\u00eb pasur si q\u00ebllim t\u00eb jet\u00ebs s\u00eb tyre idealizmin se nj\u00eb dit\u00eb Shqip\u00ebria do t\u00eb b\u00ebhet.<\/p>\n<p>Vizionin e i tij i gjer\u00eb shtrihej q\u00eb nga p\u00ebrkthimi dhe interpretimi i Bibl\u00ebs dhe ungjijve, e deri tek jeta dhe muzika e Bethovenit, nga krijimi i Kish\u00ebs Autoqefale Shqiptare e deri tek p\u00ebrkthimi i Shekspirit, Servantesit, Bodlerit etj. I drejt\u00eb p\u00ebr s\u00eb drejt\u00eb dhe i pakompromis p\u00ebr t\u00eb v\u00ebn\u00eb para idet\u00eb e tij \u00ebnd\u00ebrronte q\u00eb t\u00eb sillte pak \u201cAmerik\u00eb\u201d n\u00eb Ballkanin e trazuar nga qiejt e urrejtjes dhe dredhis\u00eb, nga masakrat dhe shpagimet e m\u00ebrive t\u00eb vjetra.<\/p>\n<p>m.v.\/Shqiptarja.com<\/p>\n","protected":false},"excerpt":{"rendered":"<p>Madh\u00ebshtia e Nolit P\u00ebr t\u00eb kuptuar vler\u00ebn dhe r\u00ebnd\u00ebsin\u00eb e k\u00ebsaj figure t\u00eb pap\u00ebrs\u00ebritshme t\u00eb panteonit akoma t\u00eb pand\u00ebrtuar shqiptar duhet t\u00eb hedh\u00ebsh v\u00ebshtrimin mbrapa p\u00ebr t\u00eb par\u00eb se \u00e7\u2019trash\u00ebgimi dhe kultur\u00eb politike shqiptare kishin para tij. Nga: Dorian Ko\u00e7i\u00a0 6 Janar, 2020 N\u00eb dat\u00ebn 6 janar \u00ebsht\u00eb 138 vjetori i lindjes s\u00eb Fan Nolit, [&hellip;]<\/p>\n","protected":false},"author":9,"featured_media":30095,"comment_status":"open","ping_status":"open","sticky":false,"template":"","format":"standard","meta":{"jetpack_post_was_ever_published":false,"_jetpack_newsletter_access":"","_jetpack_dont_email_post_to_subs":false,"_jetpack_newsletter_tier_id":0,"_jetpack_memberships_contains_paywalled_content":false,"_jetpack_memberships_contains_paid_content":false,"footnotes":"","jetpack_publicize_message":"","jetpack_publicize_feature_enabled":true,"jetpack_social_post_already_shared":true,"jetpack_social_options":{"image_generator_settings":{"template":"highway","default_image_id":0,"font":"","enabled":false},"version":2}},"categories":[27,85,10],"tags":[],"class_list":["post-30094","post","type-post","status-publish","format-standard","has-post-thumbnail","hentry","category-blogu-i-udhetarit","category-histori","category-kultura"],"jetpack_publicize_connections":[],"jetpack_featured_media_url":"https:\/\/i0.wp.com\/www.shqiperia.com\/blog\/wp-content\/uploads\/2020\/01\/1578379163_fannoli.jpg?fit=780%2C440&ssl=1","jetpack_sharing_enabled":true,"jetpack_shortlink":"https:\/\/wp.me\/p5Z6wp-7Po","jetpack-related-posts":[{"id":37686,"url":"https:\/\/www.shqiperia.com\/blog\/greqia-ngre-duart-lart-per-teqen-bektashiane-qe-strehoi-njerezit-e-nolit-prone-e-shtetit-shqiptar\/","url_meta":{"origin":30094,"position":0},"title":"Greqia ngre duart lart p\u00ebr Teqen Bektashiane q\u00eb strehoi njer\u00ebzit e Nolit: &#8211; Pron\u00eb e shtetit shqiptar","author":"Kurt Farka","date":"August 26, 2020","format":false,"excerpt":"Greqia ngre duart lart p\u00ebr Teqen Bektashiane q\u00eb strehoi njer\u00ebzit e Nolit: - Pron\u00eb e shtetit shqiptar Historiani i njohur shqiptar, Arben Llalla ka publikuar historin\u00eb e Teqes Bektashiane q\u00eb \u00ebsht\u00eb l\u00ebn\u00eb n\u00eb harres\u00eb nga qeverit\u00eb. P\u00ebrmes nj\u00eb statusi n\u00eb Facebook, Llalla shkruan se Teqeja Bektashiane q\u00eb ndodhet n\u00eb Asprogjia\u2026","rel":"","context":"In &quot;Blogu i Udh\u00ebtarit&quot;","block_context":{"text":"Blogu i Udh\u00ebtarit","link":"https:\/\/www.shqiperia.com\/blog\/category\/blogu-i-udhetarit\/"},"img":{"alt_text":"","src":"https:\/\/i0.wp.com\/www.shqiperia.com\/blog\/wp-content\/uploads\/2020\/08\/118349399_4761348493879158_4083555910363514875_n-Copy.jpg?fit=960%2C514&ssl=1&resize=350%2C200","width":350,"height":200,"srcset":"https:\/\/i0.wp.com\/www.shqiperia.com\/blog\/wp-content\/uploads\/2020\/08\/118349399_4761348493879158_4083555910363514875_n-Copy.jpg?fit=960%2C514&ssl=1&resize=350%2C200 1x, https:\/\/i0.wp.com\/www.shqiperia.com\/blog\/wp-content\/uploads\/2020\/08\/118349399_4761348493879158_4083555910363514875_n-Copy.jpg?fit=960%2C514&ssl=1&resize=525%2C300 1.5x, https:\/\/i0.wp.com\/www.shqiperia.com\/blog\/wp-content\/uploads\/2020\/08\/118349399_4761348493879158_4083555910363514875_n-Copy.jpg?fit=960%2C514&ssl=1&resize=700%2C400 2x"},"classes":[]},{"id":19970,"url":"https:\/\/www.shqiperia.com\/blog\/a-na-duhet-vertete-nje-minister-kulture\/","url_meta":{"origin":30094,"position":1},"title":"A na duhet v\u00ebrtet\u00eb nj\u00eb minist\u00ebr Kulture?!","author":"Kurt Farka","date":"April 22, 2019","format":false,"excerpt":"A na duhet v\u00ebrtet\u00eb nj\u00eb minist\u00ebr Kulture?! Gazeta Shqiptare Nga: Ben Andoni \u2013 Un\u00eb i thash\u00eb kryeministrit se Genti Cak\u00ebn mund ta b\u00ebnte Minist\u00ebr Kulture, n\u00ebse ai e vler\u00ebsonte aq shum\u00eb\u201d. Kjo \u00ebsht\u00eb fjalia e Z.Ilir\u00a0Meta q\u00eb u sfumua n\u00eb mesin e shum\u00eb prej fjalive ku publiku u mundua t\u00eb\u2026","rel":"","context":"In &quot;Blogu i Udh\u00ebtarit&quot;","block_context":{"text":"Blogu i Udh\u00ebtarit","link":"https:\/\/www.shqiperia.com\/blog\/category\/blogu-i-udhetarit\/"},"img":{"alt_text":"","src":"https:\/\/i0.wp.com\/www.shqiperia.com\/blog\/wp-content\/uploads\/2019\/04\/13-20-7-2-575x433.jpg?fit=575%2C301&ssl=1&resize=350%2C200","width":350,"height":200,"srcset":"https:\/\/i0.wp.com\/www.shqiperia.com\/blog\/wp-content\/uploads\/2019\/04\/13-20-7-2-575x433.jpg?fit=575%2C301&ssl=1&resize=350%2C200 1x, https:\/\/i0.wp.com\/www.shqiperia.com\/blog\/wp-content\/uploads\/2019\/04\/13-20-7-2-575x433.jpg?fit=575%2C301&ssl=1&resize=525%2C300 1.5x"},"classes":[]},{"id":53,"url":"https:\/\/www.shqiperia.com\/blog\/maqedonise-po-i-shtirren-rezervat-e-themelimit-te-shtetit-falco\/","url_meta":{"origin":30094,"position":2},"title":"Maqedonis\u00eb po i shtirren rezervat   e themelimit t\u00eb shtetit  falco!","author":"Asllan Dibrani","date":"April 28, 2015","format":false,"excerpt":"Se kriza politike n\u00eb Maqedoni po merr dita dit\u00ebs p\u00ebrmasa ma dramatike nuk ka dyshim! Keq\u00ebsimin e situat\u00ebs atje,po\u00a0 e nxisin forcat maqedonase duke provokuar dhe duke ndjek nj\u00eb\u00a0 diskriminim ndaj shqiptar\u00ebve. Forcat e tyre po e ngacmojn\u00eb griazin,ku nuk po i din\u00eb hallin vetes s\u00eb vet ngase jan\u00eb t\u00eb\u2026","rel":"","context":"In &quot;Politika&quot;","block_context":{"text":"Politika","link":"https:\/\/www.shqiperia.com\/blog\/category\/politika\/"},"img":{"alt_text":"","src":"","width":0,"height":0},"classes":[]},{"id":1212,"url":"https:\/\/www.shqiperia.com\/blog\/libri-ri-koco-kota-per-nje-shqiperi-oksidentale-autorit-harallamb-kota\/","url_meta":{"origin":30094,"position":3},"title":"Libri i ri \u201cKo\u00e7o Kota \u2013 P\u00ebr nj\u00eb Shqip\u00ebri oksidentale\u201d i autorit Harallamb Kota","author":"Kurt Farka","date":"January 13, 2018","format":false,"excerpt":"Libri i ri \u201cKo\u00e7o Kota \u2013 P\u00ebr nj\u00eb Shqip\u00ebri oksidentale\u201d, nj\u00eb ridimensionim i\u00a0leximit real t\u00eb historis\u00eb shqiptare \u00a0 Nga: Prof. dr. Bardhosh Ga\u00e7e &Albert Z. ZHOLI Sado q\u00eb koh\u00ebt kan\u00eb ecur p\u00ebrpara, kan\u00eb l\u00ebvizur me nj\u00eb progres t\u00eb habitsh\u00ebm,\u00a0jan\u00eb zbuluar arkiva shtet\u00ebrore, arkiva familjare, na kan\u00eb ardhur n\u00eb kronikat\u00a0e t\u00eb\u2026","rel":"","context":"In &quot;Kultura&quot;","block_context":{"text":"Kultura","link":"https:\/\/www.shqiperia.com\/blog\/category\/kultura\/"},"img":{"alt_text":"","src":"https:\/\/i0.wp.com\/www.shqiperia.com\/blog\/wp-content\/uploads\/2018\/01\/Koco-Kota-227x300.jpg?resize=350%2C200","width":350,"height":200},"classes":[]},{"id":4119,"url":"https:\/\/www.shqiperia.com\/blog\/kush-e-vrau-bajram-currin-dhe-pse-nuk-flitet-sot-per-te-2\/","url_meta":{"origin":30094,"position":4},"title":"KUSH E VRAU BAJRAM CURRIN DHE PSE NUK FLITET SOT P\u00cbR T\u00cb?","author":"Kurt Farka","date":"March 1, 2018","format":false,"excerpt":"Kush ishte n\u00eb t\u00eb v\u00ebrtet\u00eb Bajram Curri? Cila ishte ana tjet\u00ebr e panjohur e tij. Kush frik\u00ebsohet p\u00ebr p\u00ebrkujtimin e figur\u00ebs s\u00eb tij n\u00eb pervjetorin e vrasjes? \u00c7far\u00eb e b\u00ebnte t\u00eb ve\u00e7ant\u00eb k\u00ebt\u00eb njeri t\u00eb jasht\u00ebzakonsh\u00ebm? A ishte aq i pasur dhe pse prishte pafund? Kush ishte realisht i interesuar\u2026","rel":"","context":"In &quot;Blogu i Udh\u00ebtarit&quot;","block_context":{"text":"Blogu i Udh\u00ebtarit","link":"https:\/\/www.shqiperia.com\/blog\/category\/blogu-i-udhetarit\/"},"img":{"alt_text":"","src":"https:\/\/i0.wp.com\/www.shqiperia.com\/blog\/wp-content\/uploads\/2018\/03\/Bajram-Curri-3.jpg?fit=1200%2C890&ssl=1&resize=350%2C200","width":350,"height":200,"srcset":"https:\/\/i0.wp.com\/www.shqiperia.com\/blog\/wp-content\/uploads\/2018\/03\/Bajram-Curri-3.jpg?fit=1200%2C890&ssl=1&resize=350%2C200 1x, https:\/\/i0.wp.com\/www.shqiperia.com\/blog\/wp-content\/uploads\/2018\/03\/Bajram-Curri-3.jpg?fit=1200%2C890&ssl=1&resize=525%2C300 1.5x, https:\/\/i0.wp.com\/www.shqiperia.com\/blog\/wp-content\/uploads\/2018\/03\/Bajram-Curri-3.jpg?fit=1200%2C890&ssl=1&resize=700%2C400 2x, https:\/\/i0.wp.com\/www.shqiperia.com\/blog\/wp-content\/uploads\/2018\/03\/Bajram-Curri-3.jpg?fit=1200%2C890&ssl=1&resize=1050%2C600 3x"},"classes":[]},{"id":31087,"url":"https:\/\/www.shqiperia.com\/blog\/imzot-jerothe-andon-jaho-20-janar-1956\/","url_meta":{"origin":30094,"position":5},"title":"Imzot Jerothe Andon Jaho (20 janar 1956)","author":"Kurt Farka","date":"February 4, 2020","format":false,"excerpt":"Imzot Jerothe Andon Jaho (20 janar 1956) M\u00eb 20 janar 1956 vdiq n\u00eb Mal t\u00eb Shenjt\u00eb (n\u00eb ekzil) ish-Mitropoliti i Kor\u00e7\u00ebs, Imzot Jerothe Andon Jaho, nj\u00eb nga themelv\u00ebn\u00ebsit e kish\u00ebs son\u00eb komb\u00ebtare. Ishte nga \u00c7arshova e P\u00ebrmetit, i lindur n\u00eb vitin 1880. Edhe pse q\u00ebllimisht i harruar nga kryesia e\u2026","rel":"","context":"In &quot;Histori&quot;","block_context":{"text":"Histori","link":"https:\/\/www.shqiperia.com\/blog\/category\/histori\/"},"img":{"alt_text":"","src":"https:\/\/i0.wp.com\/www.shqiperia.com\/blog\/wp-content\/uploads\/2020\/02\/83778253_1321768871346484_1012813993464561664_n-Copy.jpg?fit=603%2C310&ssl=1&resize=350%2C200","width":350,"height":200,"srcset":"https:\/\/i0.wp.com\/www.shqiperia.com\/blog\/wp-content\/uploads\/2020\/02\/83778253_1321768871346484_1012813993464561664_n-Copy.jpg?fit=603%2C310&ssl=1&resize=350%2C200 1x, https:\/\/i0.wp.com\/www.shqiperia.com\/blog\/wp-content\/uploads\/2020\/02\/83778253_1321768871346484_1012813993464561664_n-Copy.jpg?fit=603%2C310&ssl=1&resize=525%2C300 1.5x"},"classes":[]}],"_links":{"self":[{"href":"https:\/\/www.shqiperia.com\/blog\/wp-json\/wp\/v2\/posts\/30094","targetHints":{"allow":["GET"]}}],"collection":[{"href":"https:\/\/www.shqiperia.com\/blog\/wp-json\/wp\/v2\/posts"}],"about":[{"href":"https:\/\/www.shqiperia.com\/blog\/wp-json\/wp\/v2\/types\/post"}],"author":[{"embeddable":true,"href":"https:\/\/www.shqiperia.com\/blog\/wp-json\/wp\/v2\/users\/9"}],"replies":[{"embeddable":true,"href":"https:\/\/www.shqiperia.com\/blog\/wp-json\/wp\/v2\/comments?post=30094"}],"version-history":[{"count":1,"href":"https:\/\/www.shqiperia.com\/blog\/wp-json\/wp\/v2\/posts\/30094\/revisions"}],"predecessor-version":[{"id":30096,"href":"https:\/\/www.shqiperia.com\/blog\/wp-json\/wp\/v2\/posts\/30094\/revisions\/30096"}],"wp:featuredmedia":[{"embeddable":true,"href":"https:\/\/www.shqiperia.com\/blog\/wp-json\/wp\/v2\/media\/30095"}],"wp:attachment":[{"href":"https:\/\/www.shqiperia.com\/blog\/wp-json\/wp\/v2\/media?parent=30094"}],"wp:term":[{"taxonomy":"category","embeddable":true,"href":"https:\/\/www.shqiperia.com\/blog\/wp-json\/wp\/v2\/categories?post=30094"},{"taxonomy":"post_tag","embeddable":true,"href":"https:\/\/www.shqiperia.com\/blog\/wp-json\/wp\/v2\/tags?post=30094"}],"curies":[{"name":"wp","href":"https:\/\/api.w.org\/{rel}","templated":true}]}}