{"id":30090,"date":"2020-01-07T17:58:36","date_gmt":"2020-01-07T17:58:36","guid":{"rendered":"https:\/\/www.shqiperia.com\/blog\/?p=30090"},"modified":"2020-01-08T16:34:44","modified_gmt":"2020-01-08T16:34:44","slug":"studiuesi-flet-per-festen-ne-perkujtim-te-hyjnezimit-kershendellave-dhe-dites-se-hyjnezimit-te-ujrave-eshte-e-lidhur-me-solstidin-e-diellit","status":"publish","type":"post","link":"https:\/\/www.shqiperia.com\/blog\/studiuesi-flet-per-festen-ne-perkujtim-te-hyjnezimit-kershendellave-dhe-dites-se-hyjnezimit-te-ujrave-eshte-e-lidhur-me-solstidin-e-diellit\/","title":{"rendered":"Studiuesi flet p\u00ebr fest\u00ebn n\u00eb p\u00ebrkujtim t\u00eb hyjn\u00ebzimit Kershendellave dhe Dites se hyjn\u00ebzimit t\u00eb ujrave: &#8211; \u00cbsht\u00eb e lidhur me solstidin e Diellit"},"content":{"rendered":"<p><img data-recalc-dims=\"1\" loading=\"lazy\" decoding=\"async\" data-attachment-id=\"30091\" data-permalink=\"https:\/\/www.shqiperia.com\/blog\/studiuesi-flet-per-festen-ne-perkujtim-te-hyjnezimit-kershendellave-dhe-dites-se-hyjnezimit-te-ujrave-eshte-e-lidhur-me-solstidin-e-diellit\/jaho-brahaj-per-ceremonit-e-fillimvitit-te-kalendarit-popullor-2\/\" data-orig-file=\"https:\/\/i0.wp.com\/www.shqiperia.com\/blog\/wp-content\/uploads\/2020\/01\/Jaho-Brahaj-per-Ceremonit-e-fillimvitit-te-kalendarit-popullor.-2.jpg?fit=561%2C308&amp;ssl=1\" data-orig-size=\"561,308\" data-comments-opened=\"1\" data-image-meta=\"{&quot;aperture&quot;:&quot;0&quot;,&quot;credit&quot;:&quot;&quot;,&quot;camera&quot;:&quot;&quot;,&quot;caption&quot;:&quot;&quot;,&quot;created_timestamp&quot;:&quot;1578164880&quot;,&quot;copyright&quot;:&quot;&quot;,&quot;focal_length&quot;:&quot;0&quot;,&quot;iso&quot;:&quot;0&quot;,&quot;shutter_speed&quot;:&quot;0&quot;,&quot;title&quot;:&quot;&quot;,&quot;orientation&quot;:&quot;0&quot;}\" data-image-title=\"Jaho Brahaj per Ceremonit e fillimvitit te kalendarit popullor. (2)\" data-image-description=\"\" data-image-caption=\"&lt;p&gt;Jaho Brahaj per Ceremonit e fillimvitit te kalendarit popullor.&lt;\/p&gt;\n\" data-medium-file=\"https:\/\/i0.wp.com\/www.shqiperia.com\/blog\/wp-content\/uploads\/2020\/01\/Jaho-Brahaj-per-Ceremonit-e-fillimvitit-te-kalendarit-popullor.-2.jpg?fit=300%2C165&amp;ssl=1\" data-large-file=\"https:\/\/i0.wp.com\/www.shqiperia.com\/blog\/wp-content\/uploads\/2020\/01\/Jaho-Brahaj-per-Ceremonit-e-fillimvitit-te-kalendarit-popullor.-2.jpg?fit=561%2C308&amp;ssl=1\" class=\" wp-image-30091\" alt=\"\" src=\"https:\/\/i0.wp.com\/www.shqiperia.com\/blog\/wp-content\/uploads\/2020\/01\/Jaho-Brahaj-per-Ceremonit-e-fillimvitit-te-kalendarit-popullor.-2.jpg?resize=542%2C298&#038;ssl=1\" width=\"542\" height=\"298\" srcset=\"https:\/\/i0.wp.com\/www.shqiperia.com\/blog\/wp-content\/uploads\/2020\/01\/Jaho-Brahaj-per-Ceremonit-e-fillimvitit-te-kalendarit-popullor.-2.jpg?resize=300%2C165&amp;ssl=1 300w, https:\/\/i0.wp.com\/www.shqiperia.com\/blog\/wp-content\/uploads\/2020\/01\/Jaho-Brahaj-per-Ceremonit-e-fillimvitit-te-kalendarit-popullor.-2.jpg?resize=450%2C247&amp;ssl=1 450w, https:\/\/i0.wp.com\/www.shqiperia.com\/blog\/wp-content\/uploads\/2020\/01\/Jaho-Brahaj-per-Ceremonit-e-fillimvitit-te-kalendarit-popullor.-2.jpg?resize=400%2C220&amp;ssl=1 400w, https:\/\/i0.wp.com\/www.shqiperia.com\/blog\/wp-content\/uploads\/2020\/01\/Jaho-Brahaj-per-Ceremonit-e-fillimvitit-te-kalendarit-popullor.-2.jpg?w=561&amp;ssl=1 561w\" sizes=\"auto, (max-width: 542px) 100vw, 542px\" \/><\/p>\n<p>Studiuesi flet p\u00ebr fest\u00ebn n\u00eb p\u00ebrkujtim t\u00eb hyjn\u00ebzimit Kershendellave dhe Dites se hyjn\u00ebzimit t\u00eb ujrave: &#8211; \u00cbsht\u00eb e lidhur me solstidin e Diellit<\/p>\n<p><a href=\"https:\/\/kohajone.com\/studiuesi-flet-per-festen-ne-perkujtim-te-hyjnezimit-te-ujrave-eshte-e-lidhur-me-solsidin-e-diellit\/\">04\/01\/2020\u00a0<\/a><\/p>\n<p><a href=\"https:\/\/kohajone.com\/wp-content\/uploads\/2020\/01\/ok.jpg\">Nga: Tv. Ora News<\/a><\/p>\n<p>Studiuesi \u00a0i njohur i kultur\u00ebs dhe traditave shqiptare Jaho Brahaj, flet n\u00eb \u201cAlien\u201d n\u00eb RTV Ora p\u00ebr festat n\u00eb Shqip\u00ebri. Ai ka shpjeguar me detaje edhe fest\u00ebn e Kershndellave qe fillon me \u201cSh\u00ebn Nikoll\u00ebs\u201d, q\u00eb festohej n\u00eb veri t\u00eb Shqip\u00ebris\u00eb nga katoliket latine dhe myslimanet, p\u00ebrjashtuar Shkodr\u00ebn dhe Lezh\u00ebn.<\/p>\n<p>\u201c<em>Ceremonia e Krishtlindjeve n\u00eb Shqip\u00ebrin\u00eb e Veriut jan\u00eb t\u00eb nd\u00ebrlidhura pazgjidhshm\u00ebrisht me festimet p\u00ebr kultin e natyr\u00ebs, p\u00ebr riardhjen e mot-motit t\u00eb ri dhe te nderthurura me petkun e lindjes s\u00eb Krishtit q\u00eb \u00ebsht\u00eb e p\u00ebrcaktuar n\u00eb dat\u00ebn 24 dhjetor.<\/em><\/p>\n<p><em>\u201cPara Krishtlindjes \u00ebsht\u00eb festa e Sh\u00ebn Nikoll\u00ebs n\u00eb dat\u00ebn 6 dhjetor, shejt i cili i \u00a0\u00ebsht\u00eb kushtuar besimit pagan e p\u00ebrkujtimit si i \u00a0plotfuqishem i ujrave, pra kjo feste i kushtohet hyjnizimit t\u00eb ujrave. Dihet q\u00eb n\u00eb periudhat shum\u00eb t\u00eb lashta ka qen\u00eb uji, zjarri, toka etj. Kershendellat (Krishtlindjet) si fest\u00eb jan\u00eb t\u00eb lidhura me solsidin e Diellit, sepse dihet q\u00eb n\u00eb dat\u00ebn 21- 22 dhjetor, barazohet dita me nat\u00ebn, tani e ne vazhdim fillon t\u00eb zgjatet dita, nisemi nga viti tjeter. Data 24 ne mbremje dhe te nesermen ne mengjes eshte edhe Nata e Buzmit, e cila eshte e lidhur me ceremonite kushtuar Bimesise se pritshme, Blegetorise dhe rite te tjera kundra semindjeve. Kjo eshte nje Ceremoni me disa rite te lidhura po keshtu me fillimin e motmotit te ri, qe i kushtohen natures, prodhime bujqesore dhe shendetit njersore dhe mbaresise se blegtorise.<\/em><\/p>\n<p><em>Duke qen\u00eb se kjo fest\u00eb i kushtohet kalendarit popullor te zanafilles vjetore e te rilindjes se natyr\u00ebs, ka disa rite dhe ceremoni q\u00eb \u00a0zhvillohen p\u00ebr natyr\u00ebn duke patur te nderthurura edhe ceremoni kristiane q\u00eb i luten Krishtit dhe Sh\u00ebn M\u00ebris\u00eb. N\u00eb k\u00ebt\u00eb periudh\u00eb t\u00eb gjitha pem\u00ebt ndalojn\u00eb faz\u00ebn e tyre t\u00eb thithjes t\u00eb l\u00ebngjeve q\u00eb kan\u00eb pasur gjat\u00eb gjith\u00eb vitit dhe kan\u00eb nj\u00eb periudh\u00eb pause\u201d,<\/em>\u00a0shprehet studiuesi, prangaj pas dates 21 dhjetor deri ne find te shkurtit nuk mbillen peme. Ne ditet e para te motmotit te ri eshte Dita e Egersirave, ku keto jane shume e egersuara. Pas kesaj keto rite mbarojne me Diten e Ujit (te Bekuar), edhe ketu kemi rite pagane qe ju jane veshur elemente te Krishterimit. Janari quhet Kallnori dhe shkurti Frori.<\/p>\n<p>Te gjitha keto te marra se bashku tregojne dhe deshmojne, se kur populli yne me rrenje te lashta perqafoj Qyteterimin Kristian, ishte nje popull me tradita, kulte dhe i vetedijshe per pasurine e tij shpirterore.<\/p>\n<div id=\"attachment_30092\" style=\"width: 892px\" class=\"wp-caption alignnone\"><img data-recalc-dims=\"1\" loading=\"lazy\" decoding=\"async\" aria-describedby=\"caption-attachment-30092\" data-attachment-id=\"30092\" data-permalink=\"https:\/\/www.shqiperia.com\/blog\/studiuesi-flet-per-festen-ne-perkujtim-te-hyjnezimit-kershendellave-dhe-dites-se-hyjnezimit-te-ujrave-eshte-e-lidhur-me-solstidin-e-diellit\/jaho-brahaj-per-ceremonit-e-fillimvitit-te-kalendarit-popullor\/\" data-orig-file=\"https:\/\/i0.wp.com\/www.shqiperia.com\/blog\/wp-content\/uploads\/2020\/01\/Jaho-Brahaj-per-Ceremonit-e-fillimvitit-te-kalendarit-popullor..jpg?fit=673%2C375&amp;ssl=1\" data-orig-size=\"673,375\" data-comments-opened=\"1\" data-image-meta=\"{&quot;aperture&quot;:&quot;0&quot;,&quot;credit&quot;:&quot;&quot;,&quot;camera&quot;:&quot;&quot;,&quot;caption&quot;:&quot;&quot;,&quot;created_timestamp&quot;:&quot;1578164880&quot;,&quot;copyright&quot;:&quot;&quot;,&quot;focal_length&quot;:&quot;0&quot;,&quot;iso&quot;:&quot;0&quot;,&quot;shutter_speed&quot;:&quot;0&quot;,&quot;title&quot;:&quot;&quot;,&quot;orientation&quot;:&quot;0&quot;}\" data-image-title=\"Jaho Brahaj per Ceremonit e fillimvitit te kalendarit popullor.\" data-image-description=\"\" data-image-caption=\"&lt;p&gt;Jaho Brahaj per Ceremonit e fillimvitit te kalendarit popullor.&lt;\/p&gt;\n\" data-medium-file=\"https:\/\/i0.wp.com\/www.shqiperia.com\/blog\/wp-content\/uploads\/2020\/01\/Jaho-Brahaj-per-Ceremonit-e-fillimvitit-te-kalendarit-popullor..jpg?fit=300%2C167&amp;ssl=1\" data-large-file=\"https:\/\/i0.wp.com\/www.shqiperia.com\/blog\/wp-content\/uploads\/2020\/01\/Jaho-Brahaj-per-Ceremonit-e-fillimvitit-te-kalendarit-popullor..jpg?fit=673%2C375&amp;ssl=1\" class=\" wp-image-30092\" alt=\"\" src=\"https:\/\/i0.wp.com\/www.shqiperia.com\/blog\/wp-content\/uploads\/2020\/01\/Jaho-Brahaj-per-Ceremonit-e-fillimvitit-te-kalendarit-popullor..jpg?resize=882%2C494&#038;ssl=1\" width=\"882\" height=\"494\" srcset=\"https:\/\/i0.wp.com\/www.shqiperia.com\/blog\/wp-content\/uploads\/2020\/01\/Jaho-Brahaj-per-Ceremonit-e-fillimvitit-te-kalendarit-popullor..jpg?resize=300%2C167&amp;ssl=1 300w, https:\/\/i0.wp.com\/www.shqiperia.com\/blog\/wp-content\/uploads\/2020\/01\/Jaho-Brahaj-per-Ceremonit-e-fillimvitit-te-kalendarit-popullor..jpg?resize=450%2C251&amp;ssl=1 450w, https:\/\/i0.wp.com\/www.shqiperia.com\/blog\/wp-content\/uploads\/2020\/01\/Jaho-Brahaj-per-Ceremonit-e-fillimvitit-te-kalendarit-popullor..jpg?resize=400%2C223&amp;ssl=1 400w\" sizes=\"auto, (max-width: 882px) 100vw, 882px\" \/><p id=\"caption-attachment-30092\" class=\"wp-caption-text\">Jaho Brahaj per Ceremonit e fillimvitit te kalendarit popullor.<\/p><\/div>\n<p>V.O Emisioni eshte publikuar ne Tv <a href=\"https:\/\/kohajone.com\/wp-content\/uploads\/2020\/01\/ok.jpg\">Ora News<\/a>.<\/p>\n<p>Botuar ne Gazeta:\u00a0 Koha e Jone.<\/p>\n","protected":false},"excerpt":{"rendered":"<p>Studiuesi flet p\u00ebr fest\u00ebn n\u00eb p\u00ebrkujtim t\u00eb hyjn\u00ebzimit Kershendellave dhe Dites se hyjn\u00ebzimit t\u00eb ujrave: &#8211; \u00cbsht\u00eb e lidhur me solstidin e Diellit 04\/01\/2020\u00a0 Nga: Tv. Ora News Studiuesi \u00a0i njohur i kultur\u00ebs dhe traditave shqiptare Jaho Brahaj, flet n\u00eb \u201cAlien\u201d n\u00eb RTV Ora p\u00ebr festat n\u00eb Shqip\u00ebri. Ai ka shpjeguar me detaje edhe fest\u00ebn [&hellip;]<\/p>\n","protected":false},"author":9,"featured_media":30091,"comment_status":"open","ping_status":"open","sticky":false,"template":"","format":"standard","meta":{"jetpack_post_was_ever_published":false,"_jetpack_newsletter_access":"","_jetpack_dont_email_post_to_subs":false,"_jetpack_newsletter_tier_id":0,"_jetpack_memberships_contains_paywalled_content":false,"_jetpack_memberships_contains_paid_content":false,"footnotes":"","jetpack_publicize_message":"","jetpack_publicize_feature_enabled":true,"jetpack_social_post_already_shared":true,"jetpack_social_options":{"image_generator_settings":{"template":"highway","default_image_id":0,"font":"","enabled":false},"version":2}},"categories":[85,10,86],"tags":[],"class_list":["post-30090","post","type-post","status-publish","format-standard","has-post-thumbnail","hentry","category-histori","category-kultura","category-trashegimi-kulturore"],"jetpack_publicize_connections":[],"jetpack_featured_media_url":"https:\/\/i0.wp.com\/www.shqiperia.com\/blog\/wp-content\/uploads\/2020\/01\/Jaho-Brahaj-per-Ceremonit-e-fillimvitit-te-kalendarit-popullor.-2.jpg?fit=561%2C308&ssl=1","jetpack_sharing_enabled":true,"jetpack_shortlink":"https:\/\/wp.me\/p5Z6wp-7Pk","jetpack-related-posts":[{"id":44182,"url":"https:\/\/www.shqiperia.com\/blog\/identitet-studiuesi-jaho-brahaj-flet-mbi-origjinen-e-shqiponjes-dykrenare-ishte-nje-ogur-shume-i-mire-nese-e-shikoje-kur\/","url_meta":{"origin":30090,"position":0},"title":"\u2018Identitet\u2019:- Studiuesi Jaho Brahaj flet mbi origjin\u00ebn e shqiponj\u00ebs dykrenare: Ishte nj\u00eb ogur shum\u00eb i mir\u00eb, n\u00ebse e shikoje kur\u2026","author":"Kurt Farka","date":"February 13, 2021","format":false,"excerpt":"\u2018Identitet\u2019:- Studiuesi Jaho Brahaj flet mbi origjin\u00ebn e shqiponj\u00ebs dykrenare: Ishte nj\u00eb ogur shum\u00eb i mir\u00eb, n\u00ebse e shikoje kur\u2026 Tv Faxweb.al Studiuesi Jaho Brahaj i ftuar n\u00eb emisionin \u2018Identitet\u2019 foli mbi origjin\u00ebn e simbolit komb\u00ebtar, shqiponj\u00ebn dykrenare. Sipas Brahajt, shqiponj\u00ebn e kemi t\u00eb dokumentuar n\u00eb motive grafike q\u00eb jan\u00eb\u2026","rel":"","context":"In &quot;Histori&quot;","block_context":{"text":"Histori","link":"https:\/\/www.shqiperia.com\/blog\/category\/histori\/"},"img":{"alt_text":"","src":"https:\/\/i0.wp.com\/www.shqiperia.com\/blog\/wp-content\/uploads\/2021\/02\/150532477_124990199439001_8203395020014351776_n.jpg?fit=1200%2C630&ssl=1&resize=350%2C200","width":350,"height":200,"srcset":"https:\/\/i0.wp.com\/www.shqiperia.com\/blog\/wp-content\/uploads\/2021\/02\/150532477_124990199439001_8203395020014351776_n.jpg?fit=1200%2C630&ssl=1&resize=350%2C200 1x, https:\/\/i0.wp.com\/www.shqiperia.com\/blog\/wp-content\/uploads\/2021\/02\/150532477_124990199439001_8203395020014351776_n.jpg?fit=1200%2C630&ssl=1&resize=525%2C300 1.5x, https:\/\/i0.wp.com\/www.shqiperia.com\/blog\/wp-content\/uploads\/2021\/02\/150532477_124990199439001_8203395020014351776_n.jpg?fit=1200%2C630&ssl=1&resize=700%2C400 2x, https:\/\/i0.wp.com\/www.shqiperia.com\/blog\/wp-content\/uploads\/2021\/02\/150532477_124990199439001_8203395020014351776_n.jpg?fit=1200%2C630&ssl=1&resize=1050%2C600 3x"},"classes":[]},{"id":43723,"url":"https:\/\/www.shqiperia.com\/blog\/ne-tekstet-biblike-dime-se-krishtlindjet-nuk-kane-ndodhur-ne-dhjetor\/","url_meta":{"origin":30090,"position":1},"title":"N\u00eb tekstet biblike dim\u00eb se Krishtlindjet nuk kan\u00eb ndodhur n\u00eb dhjetor\u2026.","author":"Kurt Farka","date":"February 3, 2021","format":false,"excerpt":"N\u00eb tekstet biblike dim\u00eb se Krishtlindjet nuk kan\u00eb ndodhur n\u00eb dhjetor\u2026. Nga Valeria Dedaj 25 Dhjetor 2020 Krishtlindjet n\u00eb ikonografi dhe arsyet se p\u00ebrse 25 dhjetori \u00ebsht\u00eb festa e lindjes s\u00eb Jezus Krishtit Studiuesi i artit Kosta Jakumis rr\u00ebfen krishtlindjet n\u00eb ikonografi. P\u00ebrmes ikon\u00ebs \u201cBiri i Onufrit\u201d, q\u00eb sot ruhet\u2026","rel":"","context":"In &quot;Arte&quot;","block_context":{"text":"Arte","link":"https:\/\/www.shqiperia.com\/blog\/category\/arte\/"},"img":{"alt_text":"","src":"https:\/\/i0.wp.com\/www.shqiperia.com\/blog\/wp-content\/uploads\/2021\/02\/5fe6227216cb8foto-kultura.jpg?fit=780%2C444&ssl=1&resize=350%2C200","width":350,"height":200,"srcset":"https:\/\/i0.wp.com\/www.shqiperia.com\/blog\/wp-content\/uploads\/2021\/02\/5fe6227216cb8foto-kultura.jpg?fit=780%2C444&ssl=1&resize=350%2C200 1x, https:\/\/i0.wp.com\/www.shqiperia.com\/blog\/wp-content\/uploads\/2021\/02\/5fe6227216cb8foto-kultura.jpg?fit=780%2C444&ssl=1&resize=525%2C300 1.5x, https:\/\/i0.wp.com\/www.shqiperia.com\/blog\/wp-content\/uploads\/2021\/02\/5fe6227216cb8foto-kultura.jpg?fit=780%2C444&ssl=1&resize=700%2C400 2x"},"classes":[]},{"id":42305,"url":"https:\/\/www.shqiperia.com\/blog\/krishtlindjet-ne-ikonografi-dhe-arsyet-se-perse-25-dhjetori-eshte-festa-e-lindjes-se-jezus-krishtit\/","url_meta":{"origin":30090,"position":2},"title":"Krishtlindjet n\u00eb ikonografi dhe arsyet se p\u00ebrse 25 dhjetori \u00ebsht\u00eb festa e lindjes s\u00eb Jezus Krishtit","author":"Kurt Farka","date":"December 25, 2020","format":false,"excerpt":"Krishtlindjet n\u00eb ikonografi dhe arsyet se p\u00ebrse 25 dhjetori \u00ebsht\u00eb festa e lindjes s\u00eb Jezus Krishtit Nga Valeria Dedaj 25 Dhjetor 2020 Studiuesi i artit Konstantinos Giakoumis rr\u00ebfen Krishtlindjet n\u00eb ikonografi dhe dy arsyet, se p\u00ebrse festohet data 25 dhjetor, si lindja e Jezus Krishtit. \u00a0\u201cStudimi i ikonografis\u00eb na tregon\u2026","rel":"","context":"In &quot;Blogu i Udh\u00ebtarit&quot;","block_context":{"text":"Blogu i Udh\u00ebtarit","link":"https:\/\/www.shqiperia.com\/blog\/category\/blogu-i-udhetarit\/"},"img":{"alt_text":"","src":"https:\/\/i0.wp.com\/www.shqiperia.com\/blog\/wp-content\/uploads\/2020\/12\/1608907556_studiousei.jpg?fit=780%2C440&ssl=1&resize=350%2C200","width":350,"height":200,"srcset":"https:\/\/i0.wp.com\/www.shqiperia.com\/blog\/wp-content\/uploads\/2020\/12\/1608907556_studiousei.jpg?fit=780%2C440&ssl=1&resize=350%2C200 1x, https:\/\/i0.wp.com\/www.shqiperia.com\/blog\/wp-content\/uploads\/2020\/12\/1608907556_studiousei.jpg?fit=780%2C440&ssl=1&resize=525%2C300 1.5x, https:\/\/i0.wp.com\/www.shqiperia.com\/blog\/wp-content\/uploads\/2020\/12\/1608907556_studiousei.jpg?fit=780%2C440&ssl=1&resize=700%2C400 2x"},"classes":[]},{"id":42661,"url":"https:\/\/www.shqiperia.com\/blog\/kompozitori-dhe-studiuesi-mark-luli-zoteron-nje-koleksioneve-me-vegla-muzikore\/","url_meta":{"origin":30090,"position":3},"title":"Kompozitori dhe studiuesi Mark Luli zot\u00ebron nj\u00eb koleksioneve me vegla muzikore.","author":"Kurt Farka","date":"January 6, 2021","format":false,"excerpt":"Kompozitori dhe studiuesi Mark Luli zot\u00ebron nj\u00eb koleksioneve me vegla muzikore. Mark Luli: Po rrisim nj\u00eb brez t\u00eb painformuar, muzet\u00eb jan\u00eb shp\u00ebtimi p\u00ebr etnografin\u00eb dhe historin\u00eb 5 JANAR 2021 Trash\u00ebgimia kulturore e jona duhet ruajtur dhe institucionet duhet t\u00eb tregojn\u00eb v\u00ebmendje dhe kujdes edhe p\u00ebr promovimin e saj. Edhe pse\u2026","rel":"","context":"In &quot;Histori&quot;","block_context":{"text":"Histori","link":"https:\/\/www.shqiperia.com\/blog\/category\/histori\/"},"img":{"alt_text":"","src":"https:\/\/i0.wp.com\/www.shqiperia.com\/blog\/wp-content\/uploads\/2021\/01\/Koleksioni-Instrumenteve-Muzikor-MARK-LULI.jpg?fit=1200%2C675&ssl=1&resize=350%2C200","width":350,"height":200,"srcset":"https:\/\/i0.wp.com\/www.shqiperia.com\/blog\/wp-content\/uploads\/2021\/01\/Koleksioni-Instrumenteve-Muzikor-MARK-LULI.jpg?fit=1200%2C675&ssl=1&resize=350%2C200 1x, https:\/\/i0.wp.com\/www.shqiperia.com\/blog\/wp-content\/uploads\/2021\/01\/Koleksioni-Instrumenteve-Muzikor-MARK-LULI.jpg?fit=1200%2C675&ssl=1&resize=525%2C300 1.5x, https:\/\/i0.wp.com\/www.shqiperia.com\/blog\/wp-content\/uploads\/2021\/01\/Koleksioni-Instrumenteve-Muzikor-MARK-LULI.jpg?fit=1200%2C675&ssl=1&resize=700%2C400 2x, https:\/\/i0.wp.com\/www.shqiperia.com\/blog\/wp-content\/uploads\/2021\/01\/Koleksioni-Instrumenteve-Muzikor-MARK-LULI.jpg?fit=1200%2C675&ssl=1&resize=1050%2C600 3x"},"classes":[]},{"id":51624,"url":"https:\/\/www.shqiperia.com\/blog\/jaho-brahaj-ministria-e-kultures-dhe-drtk-me-shume-propaganduese-te-projekteve-se-sa-te-puneve-konkrete\/","url_meta":{"origin":30090,"position":4},"title":"Jaho Brahaj: &#8211; Ministria e Kultur\u00ebs dhe DRTK m\u00eb shum\u00eb propaganduese t\u00eb projekteve se sa te pun\u00ebve konkrete","author":"Kurt Farka","date":"November 23, 2021","format":false,"excerpt":"Jaho Brahaj: - Ministria e Kultur\u00ebs dhe DRTK m\u00eb shum\u00eb propaganduese t\u00eb projekteve se sa te pun\u00ebve konkrete NGA JULIA VRAPI Nga: Gazeta Sot, 23.11.2021 Pun\u00eb konkrete p\u00ebr trash\u00ebgimin\u00eb kulturore dhe jo propagand\u00eb. K\u00ebshtu shprehet studiuesi Jaho Brahaj, sipas t\u00eb cilit institucionet duhet t\u00eb zhvillojn\u00eb dhe aktivitete me t\u00eb rinjt\u00eb\u2026","rel":"","context":"In &quot;Arte&quot;","block_context":{"text":"Arte","link":"https:\/\/www.shqiperia.com\/blog\/category\/arte\/"},"img":{"alt_text":"","src":"https:\/\/i0.wp.com\/www.shqiperia.com\/blog\/wp-content\/uploads\/2021\/11\/Jaho-Brahaj.jpg?fit=656%2C416&ssl=1&resize=350%2C200","width":350,"height":200,"srcset":"https:\/\/i0.wp.com\/www.shqiperia.com\/blog\/wp-content\/uploads\/2021\/11\/Jaho-Brahaj.jpg?fit=656%2C416&ssl=1&resize=350%2C200 1x, https:\/\/i0.wp.com\/www.shqiperia.com\/blog\/wp-content\/uploads\/2021\/11\/Jaho-Brahaj.jpg?fit=656%2C416&ssl=1&resize=525%2C300 1.5x"},"classes":[]},{"id":56935,"url":"https:\/\/www.shqiperia.com\/blog\/ndodh-edhe-keshtu-qendra-e-librit-konference-ku-i-flet-salles-bosh-konferenca-asdreni-150-vjetori-i-lindjes-se-poetit-te-madh-pa-risi-e-pjesemarres\/","url_meta":{"origin":30090,"position":5},"title":"Ndodh edhe keshtu:- Qendra e Librit Konference ku \u2018i flet\u2019 sall\u00ebs bosh.\u00a0 Konferenca \u2018Asdreni\u2019, 150-vjetori i lindjes s\u00eb poetit t\u00eb madh, pa risi e pjes\u00ebmarr\u00ebs.","author":"Kurt Farka","date":"April 19, 2022","format":false,"excerpt":"Ndodh edhe keshtu:- Qendra e Librit Konference ku \u2018i flet\u2019 sall\u00ebs bosh.\u00a0 Konferenca \u2018Asdreni\u2019, 150-vjetori i lindjes s\u00eb poetit t\u00eb madh, pa risi e pjes\u00ebmarr\u00ebs. 19 Prill 2022 Nga Anila Dedaj Konferenca \u2018Asdreni\u2019, 150-vjetori i lindjes s\u00eb poetit t\u00eb madh, pa risi e pjes\u00ebmarr\u00ebs, Qendra e Librit \u2018i flet\u2019 sall\u00ebs\u2026","rel":"","context":"In &quot;Press Releases&quot;","block_context":{"text":"Press Releases","link":"https:\/\/www.shqiperia.com\/blog\/category\/press-releases\/"},"img":{"alt_text":"","src":"https:\/\/i0.wp.com\/www.shqiperia.com\/blog\/wp-content\/uploads\/2022\/04\/Qendra-e-Librit-Konference-ku-%E2%80%98i-flet-salles-bosh..jpg?fit=539%2C305&ssl=1&resize=350%2C200","width":350,"height":200,"srcset":"https:\/\/i0.wp.com\/www.shqiperia.com\/blog\/wp-content\/uploads\/2022\/04\/Qendra-e-Librit-Konference-ku-%E2%80%98i-flet-salles-bosh..jpg?fit=539%2C305&ssl=1&resize=350%2C200 1x, https:\/\/i0.wp.com\/www.shqiperia.com\/blog\/wp-content\/uploads\/2022\/04\/Qendra-e-Librit-Konference-ku-%E2%80%98i-flet-salles-bosh..jpg?fit=539%2C305&ssl=1&resize=525%2C300 1.5x"},"classes":[]}],"_links":{"self":[{"href":"https:\/\/www.shqiperia.com\/blog\/wp-json\/wp\/v2\/posts\/30090","targetHints":{"allow":["GET"]}}],"collection":[{"href":"https:\/\/www.shqiperia.com\/blog\/wp-json\/wp\/v2\/posts"}],"about":[{"href":"https:\/\/www.shqiperia.com\/blog\/wp-json\/wp\/v2\/types\/post"}],"author":[{"embeddable":true,"href":"https:\/\/www.shqiperia.com\/blog\/wp-json\/wp\/v2\/users\/9"}],"replies":[{"embeddable":true,"href":"https:\/\/www.shqiperia.com\/blog\/wp-json\/wp\/v2\/comments?post=30090"}],"version-history":[{"count":6,"href":"https:\/\/www.shqiperia.com\/blog\/wp-json\/wp\/v2\/posts\/30090\/revisions"}],"predecessor-version":[{"id":30131,"href":"https:\/\/www.shqiperia.com\/blog\/wp-json\/wp\/v2\/posts\/30090\/revisions\/30131"}],"wp:featuredmedia":[{"embeddable":true,"href":"https:\/\/www.shqiperia.com\/blog\/wp-json\/wp\/v2\/media\/30091"}],"wp:attachment":[{"href":"https:\/\/www.shqiperia.com\/blog\/wp-json\/wp\/v2\/media?parent=30090"}],"wp:term":[{"taxonomy":"category","embeddable":true,"href":"https:\/\/www.shqiperia.com\/blog\/wp-json\/wp\/v2\/categories?post=30090"},{"taxonomy":"post_tag","embeddable":true,"href":"https:\/\/www.shqiperia.com\/blog\/wp-json\/wp\/v2\/tags?post=30090"}],"curies":[{"name":"wp","href":"https:\/\/api.w.org\/{rel}","templated":true}]}}