{"id":30087,"date":"2020-01-07T14:39:02","date_gmt":"2020-01-07T14:39:02","guid":{"rendered":"https:\/\/www.shqiperia.com\/blog\/?p=30087"},"modified":"2020-01-07T14:39:02","modified_gmt":"2020-01-07T14:39:02","slug":"gjykata-e-denoi-me-gjobe-berisha-padia-politikisht-e-motivuar-reagon-edhe-avokat-ngjela","status":"publish","type":"post","link":"https:\/\/www.shqiperia.com\/blog\/gjykata-e-denoi-me-gjobe-berisha-padia-politikisht-e-motivuar-reagon-edhe-avokat-ngjela\/","title":{"rendered":"Gjykata e d\u00ebnoi me gjob\u00eb, Berisha: Padia politikisht e motivuar. Reagon edhe avokat Ngjela"},"content":{"rendered":"<p><img data-recalc-dims=\"1\" loading=\"lazy\" decoding=\"async\" data-attachment-id=\"30088\" data-permalink=\"https:\/\/www.shqiperia.com\/blog\/gjykata-e-denoi-me-gjobe-berisha-padia-politikisht-e-motivuar-reagon-edhe-avokat-ngjela\/berisha-rama\/\" data-orig-file=\"https:\/\/i0.wp.com\/www.shqiperia.com\/blog\/wp-content\/uploads\/2020\/01\/berisha-rama.jpg?fit=590%2C316&amp;ssl=1\" data-orig-size=\"590,316\" data-comments-opened=\"1\" data-image-meta=\"{&quot;aperture&quot;:&quot;0&quot;,&quot;credit&quot;:&quot;&quot;,&quot;camera&quot;:&quot;&quot;,&quot;caption&quot;:&quot;&quot;,&quot;created_timestamp&quot;:&quot;0&quot;,&quot;copyright&quot;:&quot;&quot;,&quot;focal_length&quot;:&quot;0&quot;,&quot;iso&quot;:&quot;0&quot;,&quot;shutter_speed&quot;:&quot;0&quot;,&quot;title&quot;:&quot;&quot;,&quot;orientation&quot;:&quot;0&quot;}\" data-image-title=\"berisha-rama\" data-image-description=\"\" data-image-caption=\"\" data-medium-file=\"https:\/\/i0.wp.com\/www.shqiperia.com\/blog\/wp-content\/uploads\/2020\/01\/berisha-rama.jpg?fit=300%2C161&amp;ssl=1\" data-large-file=\"https:\/\/i0.wp.com\/www.shqiperia.com\/blog\/wp-content\/uploads\/2020\/01\/berisha-rama.jpg?fit=590%2C316&amp;ssl=1\" class=\"alignnone  wp-image-30088\" alt=\"\" src=\"https:\/\/i0.wp.com\/www.shqiperia.com\/blog\/wp-content\/uploads\/2020\/01\/berisha-rama.jpg?resize=620%2C333&#038;ssl=1\" width=\"620\" height=\"333\" srcset=\"https:\/\/i0.wp.com\/www.shqiperia.com\/blog\/wp-content\/uploads\/2020\/01\/berisha-rama.jpg?resize=300%2C161&amp;ssl=1 300w, https:\/\/i0.wp.com\/www.shqiperia.com\/blog\/wp-content\/uploads\/2020\/01\/berisha-rama.jpg?resize=450%2C241&amp;ssl=1 450w, https:\/\/i0.wp.com\/www.shqiperia.com\/blog\/wp-content\/uploads\/2020\/01\/berisha-rama.jpg?resize=400%2C214&amp;ssl=1 400w, https:\/\/i0.wp.com\/www.shqiperia.com\/blog\/wp-content\/uploads\/2020\/01\/berisha-rama.jpg?w=590&amp;ssl=1 590w\" sizes=\"auto, (max-width: 620px) 100vw, 620px\" \/><\/p>\n<p>Gjykata e d\u00ebnoi me gjob\u00eb, Berisha: Padia politikisht e motivuar. Reagon edhe avokat Ngjela<\/p>\n<p>Rama e ka me pasion, nuk e ka me intelekt. Un\u00eb jam kund\u00ebrshtar me Saliun, por gjith\u00ebsesi nuk mund t\u00eb dal kund\u00ebr profesionit. Ajo ishte politike.<\/p>\n<p><a href=\"https:\/\/kohajone.com\/gjykata-denoi-me-gjobe-ish-kryeministrin-berisha-padia-politikisht-e-motivuar\/\">28\/12\/2019 <\/a><\/p>\n<p>Gjykata e Tiran\u00ebs vendosi sot t\u00eb d\u00ebnoj\u00eb p\u00ebr p\u00ebrhapje lajmesh t\u00eb rreme ish-kryeministrin Sali Berisha dhe t\u00eb d\u00ebmshp\u00ebrblej\u00eb kryeministrin Edi Rama me shum\u00ebn 500 mij\u00eb lek\u00eb si person i d\u00ebmtuar nga nj\u00eb shkrim n\u00eb rrjetet sociale.<\/p>\n<p>Z\u00ebdh\u00ebn\u00ebsja e gjykat\u00ebs, Alba Nikolla, konfirmoi vendimin q\u00eb mori sot gjyqtarja Mariana Shegani (Dedi), i cili p\u00ebrfshin edhe \u201cdetyrimin e pal\u00ebs s\u00eb paditur t\u00eb publikoj\u00eb p\u00ebrg\u00ebnjeshtrimin n\u00eb faqen e tij n\u00eb \u201cFacebook\u201d n\u00eb lidhje me deklarat\u00ebn e tij n\u00eb at\u00eb rrjet social m\u00eb 15 tetorin e 2018 me titull \u201cFundi i kakistokracis\u00eb s\u00eb kallam d\u00ebshtakut po troket\u201d, brenda 10 dit\u00ebve nga marrja form\u00eb t\u00eb prer\u00eb e vendimit\u201d.<\/p>\n<p>Ky shkrim, i cili tashm\u00eb \u00ebsht\u00eb hequr nga faqja e zotit Berisha n\u00eb Facebook, fliste p\u00ebr takimet e kryeministrit Edi Rama n\u00eb Berlin, i cili sipas padit\u00ebsit p\u00ebrmban disa t\u00eb pav\u00ebrteta.<\/p>\n<p>Gjyqtarja vendosi pranimin e pjessh\u00ebm t\u00eb k\u00ebrkes\u00eb padis\u00eb dhe detyrimin e pal\u00ebs s\u00eb paditur t\u00eb d\u00ebmshp\u00ebrblej\u00eb me afro 5 mij\u00eb dollar\u00eb amerikan\u00eb pal\u00ebn padit\u00ebse, e cila ishte shprehur p\u00ebr dyfishin e k\u00ebsaj shume.<\/p>\n<p>Zyra e ish-kryeministrit reagoi t\u00eb premten n\u00eb mbr\u00ebmje me nj\u00eb deklarat\u00eb, ku theksoi se kjo \u00ebsht\u00eb vazhda e fushat\u00ebs s\u00eb kufizimit t\u00eb fjal\u00ebs s\u00eb lir\u00eb dhe informacionit n\u00eb Shqip\u00ebri.<\/p>\n<p><strong>\u201cZoti Rama keqp\u00ebrdori gjykatat e shantazhuara nga vettingu dhe t\u00eb etiketuara si K\u00c7K, sot n\u00ebp\u00ebrmjet gjykat\u00ebs s\u00eb Tiran\u00ebs vendosi pranoi pjes\u00ebrish padin\u00eb e tij p\u00ebr c\u00ebnim nderi dhe dinjiteti. Objekt i shqyrtimit ishte nj\u00eb postim n\u00eb FB, n\u00eb t\u00eb cilin ilustrohej dhe b\u00ebhej nj\u00eb koment politik mbi nj\u00eb artikull t\u00eb publikuar m\u00eb par\u00eb nga media t\u00eb pavarura\u201d<\/strong>\u00a0\u2013 thuhet n\u00eb reagimin e zyr\u00eb\u200bs s\u00eb\u200b ish-kryeministrit Berisha.<\/p>\n<p>Sipas njoftimit, n\u00eb postim ngrihej nj\u00eb argument politik dhe ilustroheshin arsyet e ngecjes s\u00eb procesit t\u00eb integrimit europian t\u00eb vendit, p\u00ebr shkak t\u00eb keqqeverisjes, si dhe b\u00ebhej thirrje t\u00eb lexohej i plot\u00eb artikulli i cili p\u00ebrb\u00ebnte burimin e lajmit.<\/p>\n<p><strong>\u201cU provua n\u00eb gjykim se artikulli burim i lajmit as ishte p\u00ebrg\u00ebnjeshtruar ndonj\u00ebher\u00eb ose t\u00eb jet\u00eb shpallur i pav\u00ebrtet\u00eb dhe as Rama nuk ka nd\u00ebrmarr\u00eb deri m\u00eb sot asnj\u00eb aksion civil ose penal ndaj prodhuesve t\u00eb lajmit, por vet\u00ebm ndaj zotit Berisha t\u00eb evidentuar qartazi si kund\u00ebrshtar politik. Pra padia \u00ebsht\u00eb n\u00eb m\u00ebnyr\u00eb t\u00eb qart\u00eb politikisht e motivuar. Pranimi i padis\u00eb p\u00ebr shkaktim d\u00ebmi moral n\u00eb k\u00ebt\u00eb rast, p\u00ebrb\u00ebn nj\u00eb rast t\u00eb paprecedent pasi \u00ebsht\u00eb kufizim flagrant i t\u00eb drejt\u00ebs dhe liris\u00eb s\u00eb shprehjes, si dhe bie n\u00eb kund\u00ebrshtim t\u00eb hapur me jurisprudenc\u00ebn e Gjykat\u00ebs s\u00eb Lart\u00eb dhe mbi t\u00eb gjitha me praktik\u00ebn e Gjykat\u00ebs Europiane p\u00ebr t\u00eb Drejtat e Njeriut\u201d<\/strong>\u00a0\u2013 thuhet n\u00eb reagimin e zyr\u00eb\u200bs s\u00eb\u200b ish-kryeministrit Berisha.<\/p>\n<p>Ky vendim i gjykat\u00ebs pritet t\u00eb publikohet zyrtarisht t\u00eb h\u00ebn\u00ebn, ku t\u00eb dh\u00ebnat e protagonist\u00ebve jan\u00eb anonimizuar.\u00a0\u00a0K\u00ebt\u00eb vendim zoti Berisha mund ta ankimoj\u00eb n\u00eb Gjykat\u00ebn e Apelit brenda 15 dit\u00ebve nga e nes\u00ebrmja e komunikimit t\u00eb vendimit t\u00eb arsyetuar.<strong>\/VOA\/<\/strong><\/p>\n<p>Avokat Spartak Ngjela nuk e cil\u00ebson shpifje akuz\u00ebn p\u00ebr t\u00eb cil\u00ebn Rama ka paditur ish-kryemiistrin Sali Berisha. Gjykata i dha sot t\u00eb drejt\u00eb kryeiministri Edi Rama, i cili akuzonte p\u00ebr shpifje paraardh\u00ebsin e tij, Berish\u00ebn p\u00ebr nj\u00eb informacion t\u00eb pretenduar prej tij m\u00eb 15 tetor t\u00eb vitit t\u00eb kaluar, lidhur me negociatat.<\/p>\n<p>Mir\u00ebpo, i ftuar n\u00eb \u201cMbr\u00ebmje n\u00eb Abc\u201d me Mirela Milorin, avokat Ngjela u shpreh se statusi i Berish\u00ebs nuk mund t\u00eb konsiderohet shpifje. Sipas avokatit kemi t\u00eb b\u00ebjm\u00eb me nje lajm politik q\u00eb mund t\u00eb ket\u00eb interpretim rreth faktit, por nuk ka shpifje.<\/p>\n<p>\u201c<strong>Jo s\u2019ka shpifje atje. Shpifja do q\u00ebllim t\u00eb posac\u00ebm kund\u00ebr personalitetit t\u00ebnd. Shpifja k\u00ebrkon q\u00ebllim t\u00eb posa\u00e7\u00ebm kund\u00ebr individit. Ky ishte lajm politik dhe nuk kishte lidhje me individin. K\u00ebt\u00eb se dim\u00eb, mund t\u00eb kete q\u00ebn\u00eb gjyqtar i paaft\u00eb. Shpifje nuk ka nj\u00ebher\u00eb. Lajmi ishte p\u00ebr shpifje. Kjo \u00ebsht\u00eb shum\u00eb e v\u00ebshtir\u00eb t\u00eb prodhohet dhe k\u00ebrkon q\u00ebllim t\u00eb posa\u00e7\u00ebm kund\u00ebr individit dhe jo kund\u00ebr partis\u00eb\u201d<\/strong>, tha Ngjela.<\/p>\n<p>Ngjela shton se \u201c<strong>Rama e ka me pasion, nuk e ka me intelekt. Un\u00eb jam kund\u00ebrshtar me Saliun, por gjith\u00ebsesi nuk mund t\u00eb dal kund\u00ebr profesionit. Ajo ishte politike. Ajo \u00ebsht\u00eb goditje politike. T\u00eb pakt\u00ebn shpifje nuk ka. Mund t\u00eb ket\u00eb interpretim rreth faktit, por nuk ka shpifje\u201d.<\/strong><\/p>\n<p>I pyetur m\u00eb tej nga Milori p\u00ebr ligjin anti-shpifje, Ngjela tha se \u00ebsht\u00eb nj\u00eb pa\u00e7avure, si\u00e7 e quan ai.\u00a0\u201cN\u00ebse ai ka gjykat\u00ebn nuk ka \u00e7far\u00eb i duhet ligji. Shpifja nuk mund t\u00eb jet\u00eb objekt i ligjit. Ka nj\u00eb an\u00eb subjektive e cila k\u00ebrkon nj\u00eb q\u00ebllim t\u00eb posa\u00e7\u00ebm kund\u00ebr individit. Duhet t\u00eb jet\u00eb lajm i pav\u00ebrtet\u00eb i shpikur nga ty dhe kund\u00ebr meje. Kurse ligji q\u00eb ka b\u00ebr\u00eb Rama \u00ebsht\u00eb nj\u00eb pa\u00e7avure. Nuk zgjidh asgj\u00eb. Kur nd\u00ebrhyra un\u00eb i thash\u00eb pse lodheni \u00e7far\u00eb do lloj akti q\u00eb do nxjerr\u00eb ai institucion do shkoj\u00eb n\u00eb gjykata. Dhe u detyruan q\u00eb pastaj q\u00eb gjogja gjobat t\u00eb shkojn\u00eb n\u00eb gjykata. Mendonin se AMA do ishte xhandar, jan\u00eb injorant\u00eb t\u00eb them un\u00eb. Kam qen\u00eb kund\u00ebr\u201d, tha ai.<\/p>\n","protected":false},"excerpt":{"rendered":"<p>Gjykata e d\u00ebnoi me gjob\u00eb, Berisha: Padia politikisht e motivuar. Reagon edhe avokat Ngjela Rama e ka me pasion, nuk e ka me intelekt. Un\u00eb jam kund\u00ebrshtar me Saliun, por gjith\u00ebsesi nuk mund t\u00eb dal kund\u00ebr profesionit. Ajo ishte politike. 28\/12\/2019 Gjykata e Tiran\u00ebs vendosi sot t\u00eb d\u00ebnoj\u00eb p\u00ebr p\u00ebrhapje lajmesh t\u00eb rreme ish-kryeministrin Sali [&hellip;]<\/p>\n","protected":false},"author":9,"featured_media":30088,"comment_status":"open","ping_status":"open","sticky":false,"template":"","format":"standard","meta":{"jetpack_post_was_ever_published":false,"_jetpack_newsletter_access":"","_jetpack_dont_email_post_to_subs":false,"_jetpack_newsletter_tier_id":0,"_jetpack_memberships_contains_paywalled_content":false,"_jetpack_memberships_contains_paid_content":false,"footnotes":"","jetpack_publicize_message":"","jetpack_publicize_feature_enabled":true,"jetpack_social_post_already_shared":true,"jetpack_social_options":{"image_generator_settings":{"template":"highway","default_image_id":0,"font":"","enabled":false},"version":2}},"categories":[27,1,35],"tags":[],"class_list":["post-30087","post","type-post","status-publish","format-standard","has-post-thumbnail","hentry","category-blogu-i-udhetarit","category-njoftime-shtypi","category-shoqerore"],"jetpack_publicize_connections":[],"jetpack_featured_media_url":"https:\/\/i0.wp.com\/www.shqiperia.com\/blog\/wp-content\/uploads\/2020\/01\/berisha-rama.jpg?fit=590%2C316&ssl=1","jetpack_sharing_enabled":true,"jetpack_shortlink":"https:\/\/wp.me\/p5Z6wp-7Ph","jetpack-related-posts":[{"id":67106,"url":"https:\/\/www.shqiperia.com\/blog\/spak-nisi-hetimet-per-dosjen-mcgonigal-reagon-ngjela-rama-ekstradohet-nese-del-i-implikuar\/","url_meta":{"origin":30087,"position":0},"title":"SPAK nisi hetimet p\u00ebr dosjen \u201cMcGonigal\u201d, reagon Ngjela: &#8211; Rama ekstradohet n\u00ebse del i implikuar","author":"Kurt Farka","date":"February 1, 2023","format":false,"excerpt":"1 Shkurt 2023 Avokat Spartak Ngjela shprehet se dosja \u201cMcGonigal\u201d n\u00eb Shqip\u00ebri \u00ebsht\u00eb kthyer n\u00eb nj\u00eb novel\u00eb. Teksa dje ishte i ftuar n\u00eb nj\u00eb studio televizive, avokat Ngjela theksoi se kryeministri i vendit, Edi Rama mund t\u00eb ekstradohet n\u00ebse \u00ebsht\u00eb i implikuar n\u00eb k\u00ebt\u00eb dosje. Sipas Ngjel\u00ebs, edhe opozita gjithashtu\u2026","rel":"","context":"In &quot;Blogu i Udh\u00ebtarit&quot;","block_context":{"text":"Blogu i Udh\u00ebtarit","link":"https:\/\/www.shqiperia.com\/blog\/category\/blogu-i-udhetarit\/"},"img":{"alt_text":"","src":"https:\/\/i0.wp.com\/www.shqiperia.com\/blog\/wp-content\/uploads\/2023\/02\/800-0-63da0d606d0df.jpg?fit=800%2C492&ssl=1&resize=350%2C200","width":350,"height":200,"srcset":"https:\/\/i0.wp.com\/www.shqiperia.com\/blog\/wp-content\/uploads\/2023\/02\/800-0-63da0d606d0df.jpg?fit=800%2C492&ssl=1&resize=350%2C200 1x, https:\/\/i0.wp.com\/www.shqiperia.com\/blog\/wp-content\/uploads\/2023\/02\/800-0-63da0d606d0df.jpg?fit=800%2C492&ssl=1&resize=525%2C300 1.5x, https:\/\/i0.wp.com\/www.shqiperia.com\/blog\/wp-content\/uploads\/2023\/02\/800-0-63da0d606d0df.jpg?fit=800%2C492&ssl=1&resize=700%2C400 2x"},"classes":[]},{"id":81810,"url":"https:\/\/www.shqiperia.com\/blog\/ja-si-do-spastrohet-politika-shqiptare-nga-sali-berisha-spartak-ngjela-zbardh-prapaskenat-e-vendimit-te-gjykates-se-apelit-per-kalimin-e-vules-dhe-logos-se-pd-te-rithemelimi\/","url_meta":{"origin":30087,"position":1},"title":"Ja si do spastrohet politika shqiptare nga Sali Berisha. &#8211; Spartak Ngjela zbardh prapaskenat e vendimit t\u00eb Gjykat\u00ebs s\u00eb Apelit p\u00ebr kalimin e vul\u00ebs dhe logos s\u00eb PD te Rithemelimi","author":"Kurt Farka","date":"June 12, 2024","format":false,"excerpt":"12 Qershor 2024 Avokat i njohur, Spartak Ngjela ka zbardhur dje prapaskenat e vendimit t\u00eb Gjykat\u00ebs s\u00eb Apelit p\u00ebr kalimin e vul\u00ebs dhe logos s\u00eb PD te ish-kryeministri Sali Berisha. Pas 30 muaj luft\u00eb juridike me kuvende e p\u00ebrplasje n\u00eb seanca gjyq\u00ebsore m\u00eb n\u00eb fund ka nj\u00eb vendim p\u00ebr Partin\u00eb\u2026","rel":"","context":"In &quot;Blogu i Udh\u00ebtarit&quot;","block_context":{"text":"Blogu i Udh\u00ebtarit","link":"https:\/\/www.shqiperia.com\/blog\/category\/blogu-i-udhetarit\/"},"img":{"alt_text":"","src":"https:\/\/i0.wp.com\/www.shqiperia.com\/blog\/wp-content\/uploads\/2024\/06\/Seli-PD.jpg?fit=1200%2C771&ssl=1&resize=350%2C200","width":350,"height":200,"srcset":"https:\/\/i0.wp.com\/www.shqiperia.com\/blog\/wp-content\/uploads\/2024\/06\/Seli-PD.jpg?fit=1200%2C771&ssl=1&resize=350%2C200 1x, https:\/\/i0.wp.com\/www.shqiperia.com\/blog\/wp-content\/uploads\/2024\/06\/Seli-PD.jpg?fit=1200%2C771&ssl=1&resize=525%2C300 1.5x, https:\/\/i0.wp.com\/www.shqiperia.com\/blog\/wp-content\/uploads\/2024\/06\/Seli-PD.jpg?fit=1200%2C771&ssl=1&resize=700%2C400 2x, https:\/\/i0.wp.com\/www.shqiperia.com\/blog\/wp-content\/uploads\/2024\/06\/Seli-PD.jpg?fit=1200%2C771&ssl=1&resize=1050%2C600 3x"},"classes":[]},{"id":68056,"url":"https:\/\/www.shqiperia.com\/blog\/spartak-ngjela-tregon-vendimin-ja-kujt-do-tia-jape-gjykata-partine-demokratike\/","url_meta":{"origin":30087,"position":2},"title":"Spartak Ngjela tregon vendimin: &#8211; Ja kujt do t\u2019ia jap\u00eb Gjykata Partin\u00eb Demokratike","author":"Kurt Farka","date":"February 15, 2023","format":false,"excerpt":"15 Shkurt 2023 Avokati i njohur Spartak Ngjela u shpreh i bindur se Gjykata e Apelit nuk do ta njoh\u00eb Sali Berish\u00ebn p\u00ebr kryetar t\u00eb Partis\u00eb Demokratike, vendim ky, i cili pritet t\u00eb jepet m\u00eb dat\u00ebn 3 mars. K\u00ebt\u00eb deklarat\u00eb avokati e b\u00ebri n\u00eb nj\u00eb lidhje skype me studion e\u2026","rel":"","context":"In &quot;Blogu i Udh\u00ebtarit&quot;","block_context":{"text":"Blogu i Udh\u00ebtarit","link":"https:\/\/www.shqiperia.com\/blog\/category\/blogu-i-udhetarit\/"},"img":{"alt_text":"","src":"https:\/\/i0.wp.com\/www.shqiperia.com\/blog\/wp-content\/uploads\/2023\/02\/ngjela-spartak-7978-1-1.jpg?fit=798%2C476&ssl=1&resize=350%2C200","width":350,"height":200,"srcset":"https:\/\/i0.wp.com\/www.shqiperia.com\/blog\/wp-content\/uploads\/2023\/02\/ngjela-spartak-7978-1-1.jpg?fit=798%2C476&ssl=1&resize=350%2C200 1x, https:\/\/i0.wp.com\/www.shqiperia.com\/blog\/wp-content\/uploads\/2023\/02\/ngjela-spartak-7978-1-1.jpg?fit=798%2C476&ssl=1&resize=525%2C300 1.5x, https:\/\/i0.wp.com\/www.shqiperia.com\/blog\/wp-content\/uploads\/2023\/02\/ngjela-spartak-7978-1-1.jpg?fit=798%2C476&ssl=1&resize=700%2C400 2x"},"classes":[]},{"id":33676,"url":"https:\/\/www.shqiperia.com\/blog\/edi-rama-iku-nga-gjyqi-me-bild-se-ndjeu-friken-e-humbjes-se-gjyqit\/","url_meta":{"origin":30087,"position":3},"title":"Edi Rama iku nga gjyqi me \u201cBILD\u201d se ndjeu frik\u00ebn e humbjes s\u00eb gjyqit","author":"Kurt Farka","date":"April 23, 2020","format":false,"excerpt":"Edi Rama iku nga gjyqi me \u201cBILD\u201d se ndjeu frik\u00ebn e humbjes s\u00eb gjyqit 22\/04\/2020 \u00a0\u00a0\u00a0\u00a0 Kryeministri Rama ka deklaruar sonte se \u00ebsht\u00eb t\u00ebrhequr nga padia ndaj gazet\u00ebs gjermane BILD e cila i b\u00ebri gj\u00ebm\u00ebn, duke e demaskuar n\u00eb vjedhjen e votave me bandat e krimit t\u00eb organizuar. Padia e\u2026","rel":"","context":"In &quot;Blogu i Udh\u00ebtarit&quot;","block_context":{"text":"Blogu i Udh\u00ebtarit","link":"https:\/\/www.shqiperia.com\/blog\/category\/blogu-i-udhetarit\/"},"img":{"alt_text":"","src":"https:\/\/i0.wp.com\/www.shqiperia.com\/blog\/wp-content\/uploads\/2020\/04\/rama-13-1.jpg?fit=1024%2C561&ssl=1&resize=350%2C200","width":350,"height":200,"srcset":"https:\/\/i0.wp.com\/www.shqiperia.com\/blog\/wp-content\/uploads\/2020\/04\/rama-13-1.jpg?fit=1024%2C561&ssl=1&resize=350%2C200 1x, https:\/\/i0.wp.com\/www.shqiperia.com\/blog\/wp-content\/uploads\/2020\/04\/rama-13-1.jpg?fit=1024%2C561&ssl=1&resize=525%2C300 1.5x, https:\/\/i0.wp.com\/www.shqiperia.com\/blog\/wp-content\/uploads\/2020\/04\/rama-13-1.jpg?fit=1024%2C561&ssl=1&resize=700%2C400 2x"},"classes":[]},{"id":75157,"url":"https:\/\/www.shqiperia.com\/blog\/konspiracionisti-i-njohur-ben-deklaraten-e-forte-edhe-rama-do-te-arrestohet-meta-dhe-berisha-shkojne-ne-burg\/","url_meta":{"origin":30087,"position":4},"title":"Konspiracionisti i njohur b\u00ebn deklarat\u00ebn e fort\u00eb: &#8211; Edhe Rama do t\u00eb arrestohet. &#8211; Meta dhe Berisha shkojn\u00eb n\u00eb burg\u00a0","author":"Kurt Farka","date":"November 1, 2023","format":false,"excerpt":"1 Nentor 2023 Situata politike n\u00eb vendin ton\u00eb \u00ebsht\u00eb e nxeht\u00eb ku priten arrestime t\u00eb shumta. Sali Berisha \u00ebsht\u00eb nj\u00eb nd\u00ebr personat i cili koh\u00ebt e fundit po p\u00ebrballet shum\u00eb ashp\u00ebr me drejt\u00ebsin\u00eb. Ilir Meta \u00ebsht\u00eb n\u00eb pritje t\u00eb arrestimit ose jo por ka dit\u00eb q\u00eb po qarkullojn\u00eb lajme edhe\u2026","rel":"","context":"In &quot;Blogu i Udh\u00ebtarit&quot;","block_context":{"text":"Blogu i Udh\u00ebtarit","link":"https:\/\/www.shqiperia.com\/blog\/category\/blogu-i-udhetarit\/"},"img":{"alt_text":"","src":"https:\/\/i0.wp.com\/www.shqiperia.com\/blog\/wp-content\/uploads\/2023\/11\/800-0-63dcb1ab16de0-1.jpg?fit=743%2C409&ssl=1&resize=350%2C200","width":350,"height":200,"srcset":"https:\/\/i0.wp.com\/www.shqiperia.com\/blog\/wp-content\/uploads\/2023\/11\/800-0-63dcb1ab16de0-1.jpg?fit=743%2C409&ssl=1&resize=350%2C200 1x, https:\/\/i0.wp.com\/www.shqiperia.com\/blog\/wp-content\/uploads\/2023\/11\/800-0-63dcb1ab16de0-1.jpg?fit=743%2C409&ssl=1&resize=525%2C300 1.5x, https:\/\/i0.wp.com\/www.shqiperia.com\/blog\/wp-content\/uploads\/2023\/11\/800-0-63dcb1ab16de0-1.jpg?fit=743%2C409&ssl=1&resize=700%2C400 2x"},"classes":[]},{"id":13248,"url":"https:\/\/www.shqiperia.com\/blog\/spartak-ngjela-bravo-kukesi-e-debuat-kryeministrin-rama\/","url_meta":{"origin":30087,"position":5},"title":"Spartak Ngjela: Bravo Kuk\u00ebsi! E d\u00ebbuat Kryeministrin Rama. &#8211;","author":"Kurt Farka","date":"November 1, 2018","format":false,"excerpt":"Spartak Ngjela: Bravo Kuk\u00ebsi! E d\u00ebbuat Kryeministrin Rama. - Kryeministri Edi Rama u\u00a0prit me protesta t\u00eb forta nga qytetar\u00ebt Hasit dhe Kuk\u00ebsit. Nd\u00ebrkoh\u00eb lidhur me k\u00ebt\u00eb ngjarje ka reaguar edhe avokat Spartak Ngjela. Ngjela p\u00ebrmes nj\u00eb postimi n\u00eb \u201cFacebook\u201d ka p\u00ebrg\u00ebzuar banor\u00ebt e Kuk\u00ebsit p\u00ebr veprimin e djesh\u00ebm, nd\u00ebrsa shton\u2026","rel":"","context":"In &quot;Blogu i Udh\u00ebtarit&quot;","block_context":{"text":"Blogu i Udh\u00ebtarit","link":"https:\/\/www.shqiperia.com\/blog\/category\/blogu-i-udhetarit\/"},"img":{"alt_text":"","src":"https:\/\/i0.wp.com\/www.shqiperia.com\/blog\/wp-content\/uploads\/2018\/11\/Spartak-Ngjela.jpg?fit=696%2C401&ssl=1&resize=350%2C200","width":350,"height":200,"srcset":"https:\/\/i0.wp.com\/www.shqiperia.com\/blog\/wp-content\/uploads\/2018\/11\/Spartak-Ngjela.jpg?fit=696%2C401&ssl=1&resize=350%2C200 1x, https:\/\/i0.wp.com\/www.shqiperia.com\/blog\/wp-content\/uploads\/2018\/11\/Spartak-Ngjela.jpg?fit=696%2C401&ssl=1&resize=525%2C300 1.5x"},"classes":[]}],"_links":{"self":[{"href":"https:\/\/www.shqiperia.com\/blog\/wp-json\/wp\/v2\/posts\/30087","targetHints":{"allow":["GET"]}}],"collection":[{"href":"https:\/\/www.shqiperia.com\/blog\/wp-json\/wp\/v2\/posts"}],"about":[{"href":"https:\/\/www.shqiperia.com\/blog\/wp-json\/wp\/v2\/types\/post"}],"author":[{"embeddable":true,"href":"https:\/\/www.shqiperia.com\/blog\/wp-json\/wp\/v2\/users\/9"}],"replies":[{"embeddable":true,"href":"https:\/\/www.shqiperia.com\/blog\/wp-json\/wp\/v2\/comments?post=30087"}],"version-history":[{"count":1,"href":"https:\/\/www.shqiperia.com\/blog\/wp-json\/wp\/v2\/posts\/30087\/revisions"}],"predecessor-version":[{"id":30089,"href":"https:\/\/www.shqiperia.com\/blog\/wp-json\/wp\/v2\/posts\/30087\/revisions\/30089"}],"wp:featuredmedia":[{"embeddable":true,"href":"https:\/\/www.shqiperia.com\/blog\/wp-json\/wp\/v2\/media\/30088"}],"wp:attachment":[{"href":"https:\/\/www.shqiperia.com\/blog\/wp-json\/wp\/v2\/media?parent=30087"}],"wp:term":[{"taxonomy":"category","embeddable":true,"href":"https:\/\/www.shqiperia.com\/blog\/wp-json\/wp\/v2\/categories?post=30087"},{"taxonomy":"post_tag","embeddable":true,"href":"https:\/\/www.shqiperia.com\/blog\/wp-json\/wp\/v2\/tags?post=30087"}],"curies":[{"name":"wp","href":"https:\/\/api.w.org\/{rel}","templated":true}]}}