{"id":30084,"date":"2020-01-07T02:17:40","date_gmt":"2020-01-07T02:17:40","guid":{"rendered":"https:\/\/www.shqiperia.com\/blog\/?p=30084"},"modified":"2020-01-07T02:17:57","modified_gmt":"2020-01-07T02:17:57","slug":"projekti-i-restaurimit-per-kishen-me-te-vjeter-te-myzeqese","status":"publish","type":"post","link":"https:\/\/www.shqiperia.com\/blog\/projekti-i-restaurimit-per-kishen-me-te-vjeter-te-myzeqese\/","title":{"rendered":"Projekti i restaurimit p\u00ebr kish\u00ebn m\u00eb t\u00eb vjet\u00ebr t\u00eb Myzeqes\u00eb"},"content":{"rendered":"<p><img data-recalc-dims=\"1\" loading=\"lazy\" decoding=\"async\" data-attachment-id=\"30085\" data-permalink=\"https:\/\/www.shqiperia.com\/blog\/projekti-i-restaurimit-per-kishen-me-te-vjeter-te-myzeqese\/capture-4-750x375\/\" data-orig-file=\"https:\/\/i0.wp.com\/www.shqiperia.com\/blog\/wp-content\/uploads\/2020\/01\/Capture-4-750x375-1.jpg?fit=750%2C375&amp;ssl=1\" data-orig-size=\"750,375\" data-comments-opened=\"1\" data-image-meta=\"{&quot;aperture&quot;:&quot;0&quot;,&quot;credit&quot;:&quot;Redjon Shtylla&quot;,&quot;camera&quot;:&quot;&quot;,&quot;caption&quot;:&quot;&quot;,&quot;created_timestamp&quot;:&quot;1578203202&quot;,&quot;copyright&quot;:&quot;&quot;,&quot;focal_length&quot;:&quot;0&quot;,&quot;iso&quot;:&quot;0&quot;,&quot;shutter_speed&quot;:&quot;0&quot;,&quot;title&quot;:&quot;&quot;,&quot;orientation&quot;:&quot;0&quot;}\" data-image-title=\"Capture-4-750&#215;375\" data-image-description=\"\" data-image-caption=\"\" data-medium-file=\"https:\/\/i0.wp.com\/www.shqiperia.com\/blog\/wp-content\/uploads\/2020\/01\/Capture-4-750x375-1.jpg?fit=300%2C150&amp;ssl=1\" data-large-file=\"https:\/\/i0.wp.com\/www.shqiperia.com\/blog\/wp-content\/uploads\/2020\/01\/Capture-4-750x375-1.jpg?fit=750%2C375&amp;ssl=1\" class=\"alignnone wp-image-30085\" alt=\"\" src=\"https:\/\/i0.wp.com\/www.shqiperia.com\/blog\/wp-content\/uploads\/2020\/01\/Capture-4-750x375-1.jpg?resize=418%2C209&#038;ssl=1\" width=\"418\" height=\"209\" srcset=\"https:\/\/i0.wp.com\/www.shqiperia.com\/blog\/wp-content\/uploads\/2020\/01\/Capture-4-750x375-1.jpg?resize=300%2C150&amp;ssl=1 300w, https:\/\/i0.wp.com\/www.shqiperia.com\/blog\/wp-content\/uploads\/2020\/01\/Capture-4-750x375-1.jpg?resize=450%2C225&amp;ssl=1 450w, https:\/\/i0.wp.com\/www.shqiperia.com\/blog\/wp-content\/uploads\/2020\/01\/Capture-4-750x375-1.jpg?resize=600%2C300&amp;ssl=1 600w, https:\/\/i0.wp.com\/www.shqiperia.com\/blog\/wp-content\/uploads\/2020\/01\/Capture-4-750x375-1.jpg?resize=400%2C200&amp;ssl=1 400w, https:\/\/i0.wp.com\/www.shqiperia.com\/blog\/wp-content\/uploads\/2020\/01\/Capture-4-750x375-1.jpg?w=750&amp;ssl=1 750w\" sizes=\"auto, (max-width: 418px) 100vw, 418px\" \/><\/p>\n<p>Projekti i restaurimit p\u00ebr kish\u00ebn m\u00eb t\u00eb vjet\u00ebr t\u00eb Myzeqes\u00eb<\/p>\n<p><a href=\"https:\/\/kohajone.com\/projekti-i-restaurimit-per-kishen-me-te-vjeter-te-myzeqese\/\">05\/01\/2020 <\/a><\/p>\n<p>Projekti i hartuar nga Instituti Komb\u00ebtar i Trash\u00ebgimis\u00eb Kulturore parashikon nd\u00ebrhyrje n\u00eb strukturen e kish\u00ebs q\u00eb daton nga shekulli i XVIII. Por, K\u00ebshilli Komb\u00ebtar i Restaurimeve ka miratuar vet\u00ebm projektin e restaurimit dhe b\u00ebn thirrje p\u00ebr bashk\u00ebpunim dhe mb\u00ebshtetje p\u00ebr ruajtjen e trash\u00ebgimis\u00eb kulturore. Kisha e Sh\u00ebn Todrit n\u00eb periudh\u00ebn e Mesjet\u00ebs ka sh\u00ebrbyer si manastir e m\u00eb von\u00eb rreth viteve 1800 si kish\u00eb. Mendohet t\u00eb jet\u00eb e dyta nd\u00ebrtes\u00eb m\u00eb e vjet\u00ebr pas manastirit t\u00eb Ardenic\u00ebs dhe \u00ebsht\u00eb e pasur me afreske unike n\u00eb llojin e vet. Kjo kish\u00eb \u00ebsht\u00eb l\u00ebn\u00eb n\u00eb harres\u00eb p\u00ebr nj\u00eb koh\u00eb t\u00eb gjat\u00eb, nd\u00ebrsa komuniteti i krishter\u00eb ka nj\u00eb dekad\u00eb q\u00eb b\u00ebn thirrje p\u00ebr restaurimin e saj.<\/p>\n<p>Gazeta Koha e Jone.<\/p>\n","protected":false},"excerpt":{"rendered":"<p>Projekti i restaurimit p\u00ebr kish\u00ebn m\u00eb t\u00eb vjet\u00ebr t\u00eb Myzeqes\u00eb 05\/01\/2020 Projekti i hartuar nga Instituti Komb\u00ebtar i Trash\u00ebgimis\u00eb Kulturore parashikon nd\u00ebrhyrje n\u00eb strukturen e kish\u00ebs q\u00eb daton nga shekulli i XVIII. Por, K\u00ebshilli Komb\u00ebtar i Restaurimeve ka miratuar vet\u00ebm projektin e restaurimit dhe b\u00ebn thirrje p\u00ebr bashk\u00ebpunim dhe mb\u00ebshtetje p\u00ebr ruajtjen e trash\u00ebgimis\u00eb kulturore. [&hellip;]<\/p>\n","protected":false},"author":9,"featured_media":30085,"comment_status":"open","ping_status":"open","sticky":false,"template":"","format":"standard","meta":{"jetpack_post_was_ever_published":false,"_jetpack_newsletter_access":"","_jetpack_dont_email_post_to_subs":false,"_jetpack_newsletter_tier_id":0,"_jetpack_memberships_contains_paywalled_content":false,"_jetpack_memberships_contains_paid_content":false,"footnotes":"","jetpack_publicize_message":"","jetpack_publicize_feature_enabled":true,"jetpack_social_post_already_shared":true,"jetpack_social_options":{"image_generator_settings":{"template":"highway","default_image_id":0,"font":"","enabled":false},"version":2}},"categories":[10],"tags":[],"class_list":["post-30084","post","type-post","status-publish","format-standard","has-post-thumbnail","hentry","category-kultura"],"jetpack_publicize_connections":[],"jetpack_featured_media_url":"https:\/\/i0.wp.com\/www.shqiperia.com\/blog\/wp-content\/uploads\/2020\/01\/Capture-4-750x375-1.jpg?fit=750%2C375&ssl=1","jetpack_sharing_enabled":true,"jetpack_shortlink":"https:\/\/wp.me\/p5Z6wp-7Pe","jetpack-related-posts":[{"id":93889,"url":"https:\/\/www.shqiperia.com\/blog\/projekti-per-kishen-e-shna-ndout-ne-lac-fra-ndue-toplana-jemi-kunder-ndertohet-nje-kishe-ne-bodrum-dhe-prishet-ekzistuesja\/","url_meta":{"origin":30084,"position":0},"title":"Projekti p\u00ebr Kish\u00ebn e Shna Ndout n\u00eb La\u00e7, Fra Ndue Toplana: &#8211; Jemi kund\u00ebr, nd\u00ebrtohet nj\u00eb kish\u00eb n\u00eb bodrum dhe prishet ekzistuesja","author":"Kurt Farka","date":"September 22, 2025","format":false,"excerpt":"22 Shtator 2025 Transformimi i ambientit p\u00ebrreth Kish\u00ebs s\u00eb Shna Ndout n\u00eb La\u00e7 ka sjell\u00eb p\u00ebrplasje mes perfaq\u00ebsuesve t\u00eb klerit katolik dhe autoriteteve p\u00ebrgjegj\u00ebse p\u00ebr projektin e ri. Sipas planit t\u00eb propozuar, parashikohet nd\u00ebrtimi i nj\u00eb kishe n\u00ebntok\u00ebsore, por kjo iniciative eshte kundershtuar. Fra Ndue Toplana thot\u00eb se nd\u00ebrtimi i\u2026","rel":"","context":"In &quot;Histori&quot;","block_context":{"text":"Histori","link":"https:\/\/www.shqiperia.com\/blog\/category\/histori\/"},"img":{"alt_text":"","src":"https:\/\/i0.wp.com\/www.shqiperia.com\/blog\/wp-content\/uploads\/2025\/09\/maxresdefault.jpg?fit=1200%2C675&ssl=1&resize=350%2C200","width":350,"height":200,"srcset":"https:\/\/i0.wp.com\/www.shqiperia.com\/blog\/wp-content\/uploads\/2025\/09\/maxresdefault.jpg?fit=1200%2C675&ssl=1&resize=350%2C200 1x, https:\/\/i0.wp.com\/www.shqiperia.com\/blog\/wp-content\/uploads\/2025\/09\/maxresdefault.jpg?fit=1200%2C675&ssl=1&resize=525%2C300 1.5x, https:\/\/i0.wp.com\/www.shqiperia.com\/blog\/wp-content\/uploads\/2025\/09\/maxresdefault.jpg?fit=1200%2C675&ssl=1&resize=700%2C400 2x, https:\/\/i0.wp.com\/www.shqiperia.com\/blog\/wp-content\/uploads\/2025\/09\/maxresdefault.jpg?fit=1200%2C675&ssl=1&resize=1050%2C600 3x"},"classes":[]},{"id":10729,"url":"https:\/\/www.shqiperia.com\/blog\/miratohet-projekti-i-restaurimit-te-ures-se-golikut-ne-pogradec\/","url_meta":{"origin":30084,"position":1},"title":"Miratohet projekti i restaurimit t\u00eb Ur\u00ebs s\u00eb Golikut n\u00eb Pogradec. &#8211;","author":"Kurt Farka","date":"August 9, 2018","format":false,"excerpt":"Miratohet projekti i restaurimit t\u00eb Ur\u00ebs s\u00eb Golikut n\u00eb Pogradec. - K\u00ebshilli Komb\u00ebtar i Restaurimeve ka miratuar projektin p\u00ebr restaurimin e Ur\u00ebs s\u00eb Golikut, Pogradec. Instituti i Monumenteve t\u00eb Kultur\u00ebs shkruan se projekti i hartuar nga Drejtoria Rajonale e Kultur\u00ebs Komb\u00ebtare Kor\u00e7\u00eb parashikon nd\u00ebrhyrje konsoliduese dhe restauruese n\u00eb monument. \u201cInstituti\u2026","rel":"","context":"In &quot;Kultura&quot;","block_context":{"text":"Kultura","link":"https:\/\/www.shqiperia.com\/blog\/category\/kultura\/"},"img":{"alt_text":"","src":"https:\/\/i0.wp.com\/www.shqiperia.com\/blog\/wp-content\/uploads\/2018\/08\/ura_e_golikut_pogradec_faqe_19-2-Copy.jpg?resize=350%2C200","width":350,"height":200},"classes":[]},{"id":31645,"url":"https:\/\/www.shqiperia.com\/blog\/miratohet-projekti-per-restaurimin-e-kalase-se-prezes-u-demtua-nga-termeti\/","url_meta":{"origin":30084,"position":2},"title":"Miratohet projekti p\u00ebr restaurimin e Kalas\u00eb s\u00eb Prez\u00ebs, u d\u00ebmtua nga t\u00ebrmeti","author":"Kurt Farka","date":"February 21, 2020","format":false,"excerpt":"Miratohet projekti p\u00ebr restaurimin e Kalas\u00eb s\u00eb Prez\u00ebs, u d\u00ebmtua nga t\u00ebrmeti 18\/02\/2020 K\u00ebshilli Komb\u00ebtar i Trash\u00ebgimis\u00eb Kulturore Materiale ka miratuar projektin e restaurimit t\u00eb Kalas\u00eb s\u00eb Prez\u00ebs n\u00eb kushte t\u00eb emergjenc\u00ebs, pas t\u00ebrmetit t\u00eb 26 n\u00ebntorit. Projekti i hartuar nga Instituti Komb\u00ebtar i Trash\u00ebgimis\u00eb Kulturore parashikon nd\u00ebrhyrje konservuese dhe\u2026","rel":"","context":"In &quot;Histori&quot;","block_context":{"text":"Histori","link":"https:\/\/www.shqiperia.com\/blog\/category\/histori\/"},"img":{"alt_text":"","src":"https:\/\/i0.wp.com\/www.shqiperia.com\/blog\/wp-content\/uploads\/2020\/02\/Preze-750x371-1.jpg?fit=698%2C371&ssl=1&resize=350%2C200","width":350,"height":200,"srcset":"https:\/\/i0.wp.com\/www.shqiperia.com\/blog\/wp-content\/uploads\/2020\/02\/Preze-750x371-1.jpg?fit=698%2C371&ssl=1&resize=350%2C200 1x, https:\/\/i0.wp.com\/www.shqiperia.com\/blog\/wp-content\/uploads\/2020\/02\/Preze-750x371-1.jpg?fit=698%2C371&ssl=1&resize=525%2C300 1.5x"},"classes":[]},{"id":9213,"url":"https:\/\/www.shqiperia.com\/blog\/miratohet-projekti-i-restaurimit-per-kishen-e-shen-venerandes-ne-lezhe-lexo-shqip-kisha-e-shna-prendes\/","url_meta":{"origin":30084,"position":3},"title":"Miratohet projekti i restaurimit p\u00ebr Kish\u00ebn e Sh\u00ebn Venerand\u00ebs n\u00eb Lezh\u00eb. (Lexo shqip: Kisha e Shna Prendes). &#8211;","author":"Kurt Farka","date":"June 28, 2018","format":false,"excerpt":"Miratohet projekti i restaurimit p\u00ebr Kish\u00ebn e Sh\u00ebn Venerand\u00ebs n\u00eb Lezh\u00eb. (Lexo: Kisha e Shna Prendes). - 28\/06\/2018 Instituti i Monumenteve t\u00eb Kultur\u00ebs b\u00ebn me dije se ka hartuar projektin p\u00ebr restaurimin e piktur\u00ebs murale n\u00eb Kish\u00ebn e Sh\u00ebn Venerand\u00ebs, n\u00eb Pllan\u00eb Lezh\u00eb. \u201cProjekti i miratuar n\u00eb K\u00ebshillin Komb\u00ebtar t\u00eb\u2026","rel":"","context":"In &quot;Arte&quot;","block_context":{"text":"Arte","link":"https:\/\/www.shqiperia.com\/blog\/category\/arte\/"},"img":{"alt_text":"","src":"https:\/\/i0.wp.com\/www.shqiperia.com\/blog\/wp-content\/uploads\/2018\/06\/kisha_ne_lezheeee_faqe_19-2-300x250.jpg?resize=350%2C200","width":350,"height":200},"classes":[]},{"id":40675,"url":"https:\/\/www.shqiperia.com\/blog\/kisha-e-shen-ilias-ne-stegoppull-gjirokaster-ne-restaurim-projekti-i-hartuar-nga-itkt\/","url_meta":{"origin":30084,"position":4},"title":"Kisha e Sh\u00ebn Ilias n\u00eb Stegoppull Gjirokaster ne restaurim, projekti i hartuar nga ITKT","author":"Kurt Farka","date":"November 9, 2020","format":false,"excerpt":"Kisha e Sh\u00ebn Ilias n\u00eb Stegoppull Gjirokaster ne restaurim, projekti i hartuar nga ITKT 7 N\u00cbNTOR 2020 N\u00eb fshatin Stegopull t\u00eb Gjirokastr\u00ebs ka nisur puna p\u00ebr restaurimin e kish\u00ebs s\u00eb Sh\u00ebn Ilias. Projekti i hartuar nga specialist\u00ebt e Institutit Komb\u00ebtar t\u00eb Trash\u00ebgimis\u00eb Kulturore dhe financuar nga buxheti i shtetit, parashikon\u2026","rel":"","context":"In &quot;Arte&quot;","block_context":{"text":"Arte","link":"https:\/\/www.shqiperia.com\/blog\/category\/arte\/"},"img":{"alt_text":"","src":"https:\/\/i0.wp.com\/www.shqiperia.com\/blog\/wp-content\/uploads\/2020\/11\/Afreska-Kisha-e-Shen-Ilias-Stegopull-Gjirokaster.jpg?fit=596%2C392&ssl=1&resize=350%2C200","width":350,"height":200,"srcset":"https:\/\/i0.wp.com\/www.shqiperia.com\/blog\/wp-content\/uploads\/2020\/11\/Afreska-Kisha-e-Shen-Ilias-Stegopull-Gjirokaster.jpg?fit=596%2C392&ssl=1&resize=350%2C200 1x, https:\/\/i0.wp.com\/www.shqiperia.com\/blog\/wp-content\/uploads\/2020\/11\/Afreska-Kisha-e-Shen-Ilias-Stegopull-Gjirokaster.jpg?fit=596%2C392&ssl=1&resize=525%2C300 1.5x"},"classes":[]},{"id":7076,"url":"https:\/\/www.shqiperia.com\/blog\/projekt-restaurimi-per-kishen-e-shen-kollit-nga-bashkia-reskovec\/","url_meta":{"origin":30084,"position":5},"title":"Projekt restaurimi p\u00ebr Kish\u00ebn e Sh\u00ebn Kollit nga Bashkia Reskovec. &#8211;","author":"Kurt Farka","date":"May 5, 2018","format":false,"excerpt":"Projekt restaurimi p\u00ebr Kish\u00ebn e Sh\u00ebn Kollit nga Bashkia Reskovec. - Kisha Sh\u00ebn Kollit n\u00eb Kurjan e nd\u00ebrtuar n\u00eb shekullin XIII n\u00eb stilin bizantin eshte\u00a0 p\u00ebrfshire n\u00eb nj\u00eb projekt restaurimi. Kjo u b\u00eb me dije gjat\u00eb vizit\u00ebs s\u00eb ministres s\u00eb Kultur\u00ebs, Mirela Kumbaro, e cila tha se projekti \"Rrug\u00ebt e\u2026","rel":"","context":"In &quot;Kultura&quot;","block_context":{"text":"Kultura","link":"https:\/\/www.shqiperia.com\/blog\/category\/kultura\/"},"img":{"alt_text":"","src":"https:\/\/i0.wp.com\/www.shqiperia.com\/blog\/wp-content\/uploads\/2018\/05\/kisha_e_shen_kollit_-Kurjan-Roskovec-300x219.jpg?resize=350%2C200","width":350,"height":200},"classes":[]}],"_links":{"self":[{"href":"https:\/\/www.shqiperia.com\/blog\/wp-json\/wp\/v2\/posts\/30084","targetHints":{"allow":["GET"]}}],"collection":[{"href":"https:\/\/www.shqiperia.com\/blog\/wp-json\/wp\/v2\/posts"}],"about":[{"href":"https:\/\/www.shqiperia.com\/blog\/wp-json\/wp\/v2\/types\/post"}],"author":[{"embeddable":true,"href":"https:\/\/www.shqiperia.com\/blog\/wp-json\/wp\/v2\/users\/9"}],"replies":[{"embeddable":true,"href":"https:\/\/www.shqiperia.com\/blog\/wp-json\/wp\/v2\/comments?post=30084"}],"version-history":[{"count":1,"href":"https:\/\/www.shqiperia.com\/blog\/wp-json\/wp\/v2\/posts\/30084\/revisions"}],"predecessor-version":[{"id":30086,"href":"https:\/\/www.shqiperia.com\/blog\/wp-json\/wp\/v2\/posts\/30084\/revisions\/30086"}],"wp:featuredmedia":[{"embeddable":true,"href":"https:\/\/www.shqiperia.com\/blog\/wp-json\/wp\/v2\/media\/30085"}],"wp:attachment":[{"href":"https:\/\/www.shqiperia.com\/blog\/wp-json\/wp\/v2\/media?parent=30084"}],"wp:term":[{"taxonomy":"category","embeddable":true,"href":"https:\/\/www.shqiperia.com\/blog\/wp-json\/wp\/v2\/categories?post=30084"},{"taxonomy":"post_tag","embeddable":true,"href":"https:\/\/www.shqiperia.com\/blog\/wp-json\/wp\/v2\/tags?post=30084"}],"curies":[{"name":"wp","href":"https:\/\/api.w.org\/{rel}","templated":true}]}}