{"id":30079,"date":"2020-01-07T01:19:10","date_gmt":"2020-01-07T01:19:10","guid":{"rendered":"https:\/\/www.shqiperia.com\/blog\/?p=30079"},"modified":"2020-01-07T01:21:03","modified_gmt":"2020-01-07T01:21:03","slug":"pukjani-me-nene-amerikane-vjen-ne-shqiperi-per-te-kerkuar-rrenjet","status":"publish","type":"post","link":"https:\/\/www.shqiperia.com\/blog\/pukjani-me-nene-amerikane-vjen-ne-shqiperi-per-te-kerkuar-rrenjet\/","title":{"rendered":"Pukjani me n\u00ebn\u00eb amerikane, vjen n\u00eb Shqip\u00ebri p\u00ebr t\u00eb k\u00ebrkuar rr\u00ebnj\u00ebt"},"content":{"rendered":"<div id=\"attachment_30080\" style=\"width: 310px\" class=\"wp-caption alignnone\"><img data-recalc-dims=\"1\" loading=\"lazy\" decoding=\"async\" aria-describedby=\"caption-attachment-30080\" data-attachment-id=\"30080\" data-permalink=\"https:\/\/www.shqiperia.com\/blog\/pukjani-me-nene-amerikane-vjen-ne-shqiperi-per-te-kerkuar-rrenjet\/christopher-tushaj\/\" data-orig-file=\"https:\/\/i0.wp.com\/www.shqiperia.com\/blog\/wp-content\/uploads\/2020\/01\/Christopher-Tushaj.jpg?fit=750%2C375&amp;ssl=1\" data-orig-size=\"750,375\" data-comments-opened=\"1\" data-image-meta=\"{&quot;aperture&quot;:&quot;0&quot;,&quot;credit&quot;:&quot;&quot;,&quot;camera&quot;:&quot;&quot;,&quot;caption&quot;:&quot;&quot;,&quot;created_timestamp&quot;:&quot;0&quot;,&quot;copyright&quot;:&quot;&quot;,&quot;focal_length&quot;:&quot;0&quot;,&quot;iso&quot;:&quot;0&quot;,&quot;shutter_speed&quot;:&quot;0&quot;,&quot;title&quot;:&quot;&quot;,&quot;orientation&quot;:&quot;0&quot;}\" data-image-title=\"Christopher Tushaj\" data-image-description=\"\" data-image-caption=\"&lt;p&gt;Christopher Tushaj&lt;\/p&gt;\n\" data-medium-file=\"https:\/\/i0.wp.com\/www.shqiperia.com\/blog\/wp-content\/uploads\/2020\/01\/Christopher-Tushaj.jpg?fit=300%2C150&amp;ssl=1\" data-large-file=\"https:\/\/i0.wp.com\/www.shqiperia.com\/blog\/wp-content\/uploads\/2020\/01\/Christopher-Tushaj.jpg?fit=750%2C375&amp;ssl=1\" class=\"size-medium wp-image-30080\" alt=\"\" src=\"https:\/\/i0.wp.com\/www.shqiperia.com\/blog\/wp-content\/uploads\/2020\/01\/Christopher-Tushaj.jpg?resize=300%2C150&#038;ssl=1\" width=\"300\" height=\"150\" srcset=\"https:\/\/i0.wp.com\/www.shqiperia.com\/blog\/wp-content\/uploads\/2020\/01\/Christopher-Tushaj.jpg?resize=300%2C150&amp;ssl=1 300w, https:\/\/i0.wp.com\/www.shqiperia.com\/blog\/wp-content\/uploads\/2020\/01\/Christopher-Tushaj.jpg?resize=450%2C225&amp;ssl=1 450w, https:\/\/i0.wp.com\/www.shqiperia.com\/blog\/wp-content\/uploads\/2020\/01\/Christopher-Tushaj.jpg?resize=600%2C300&amp;ssl=1 600w, https:\/\/i0.wp.com\/www.shqiperia.com\/blog\/wp-content\/uploads\/2020\/01\/Christopher-Tushaj.jpg?resize=400%2C200&amp;ssl=1 400w, https:\/\/i0.wp.com\/www.shqiperia.com\/blog\/wp-content\/uploads\/2020\/01\/Christopher-Tushaj.jpg?w=750&amp;ssl=1 750w\" sizes=\"auto, (max-width: 300px) 100vw, 300px\" \/><p id=\"caption-attachment-30080\" class=\"wp-caption-text\">Christopher Tushaj<\/p><\/div>\n<p>Pukjani me n\u00ebn\u00eb amerikane, vjen n\u00eb Shqip\u00ebri p\u00ebr t\u00eb k\u00ebrkuar rr\u00ebnj\u00ebt<\/p>\n<p><a href=\"https:\/\/kohajone.com\/pukjani-me-nene-amerikane-vjen-ne-shqiperi-per-te-kerkuar-rrenjet\/\">04\/01\/2020 <\/a><\/p>\n<p>Origjina e Christopher Tushaj \u00ebsht\u00eb nga veriu i Shqip\u00ebris\u00eb sakt\u00ebsisht nga Bugjoni, Puke dhe ka tre vite q\u00eb jeton n\u00eb Shqip\u00ebri p\u00ebr t\u00eb zbuluar rr\u00ebnj\u00ebt e tij. Ai ka filluar t\u00eb studioj\u00eb gjuh\u00ebn dhe kultur\u00ebn shqiptare. Ka krijuar lidhje me shum\u00eb specialist\u00eb, antropolog\u00eb, etnograf\u00eb dhe po ndjek studime n\u00eb Universitetin e Tiran\u00ebs, fakulteti i Filologjis\u00eb dhe Historis\u00eb p\u00ebr t\u00eb kuptuar m\u00eb shum\u00eb se \u00e7far\u00eb do t\u00eb thot\u00eb t\u00eb jesh shqiptar. N\u00eb emisionin \u201cAlien\u201d ai takohet me nj\u00eb studiues t\u00eb kultur\u00ebs dhe traditave shqiptare Jaho Brahaj, i cili ka shpjeguar me detaje si festohet festa e \u201cSh\u00ebn Nikoll\u00ebs\u201d dhe Krishtlindjet n\u00eb veri t\u00eb Shqip\u00ebris\u00eb. Christopher ka vizituar gjithashtu vende t\u00eb ve\u00e7anta t\u00eb Tiran\u00ebs ku gjith\u00ebsecili prej nesh duhet t\u2019i vizitoj\u00eb.<\/p>\n<div id=\"attachment_30081\" style=\"width: 620px\" class=\"wp-caption alignnone\"><img data-recalc-dims=\"1\" loading=\"lazy\" decoding=\"async\" aria-describedby=\"caption-attachment-30081\" data-attachment-id=\"30081\" data-permalink=\"https:\/\/www.shqiperia.com\/blog\/pukjani-me-nene-amerikane-vjen-ne-shqiperi-per-te-kerkuar-rrenjet\/christopher-tushaj-2\/\" data-orig-file=\"https:\/\/i0.wp.com\/www.shqiperia.com\/blog\/wp-content\/uploads\/2020\/01\/Christopher-Tushaj-1.jpg?fit=750%2C375&amp;ssl=1\" data-orig-size=\"750,375\" data-comments-opened=\"1\" data-image-meta=\"{&quot;aperture&quot;:&quot;0&quot;,&quot;credit&quot;:&quot;&quot;,&quot;camera&quot;:&quot;&quot;,&quot;caption&quot;:&quot;&quot;,&quot;created_timestamp&quot;:&quot;0&quot;,&quot;copyright&quot;:&quot;&quot;,&quot;focal_length&quot;:&quot;0&quot;,&quot;iso&quot;:&quot;0&quot;,&quot;shutter_speed&quot;:&quot;0&quot;,&quot;title&quot;:&quot;&quot;,&quot;orientation&quot;:&quot;0&quot;}\" data-image-title=\"Christopher Tushaj\" data-image-description=\"\" data-image-caption=\"&lt;p&gt;Christopher Tushaj&lt;\/p&gt;\n\" data-medium-file=\"https:\/\/i0.wp.com\/www.shqiperia.com\/blog\/wp-content\/uploads\/2020\/01\/Christopher-Tushaj-1.jpg?fit=300%2C150&amp;ssl=1\" data-large-file=\"https:\/\/i0.wp.com\/www.shqiperia.com\/blog\/wp-content\/uploads\/2020\/01\/Christopher-Tushaj-1.jpg?fit=750%2C375&amp;ssl=1\" class=\" wp-image-30081\" alt=\"\" src=\"https:\/\/i0.wp.com\/www.shqiperia.com\/blog\/wp-content\/uploads\/2020\/01\/Christopher-Tushaj-1.jpg?resize=610%2C305&#038;ssl=1\" width=\"610\" height=\"305\" srcset=\"https:\/\/i0.wp.com\/www.shqiperia.com\/blog\/wp-content\/uploads\/2020\/01\/Christopher-Tushaj-1.jpg?resize=300%2C150&amp;ssl=1 300w, https:\/\/i0.wp.com\/www.shqiperia.com\/blog\/wp-content\/uploads\/2020\/01\/Christopher-Tushaj-1.jpg?resize=450%2C225&amp;ssl=1 450w, https:\/\/i0.wp.com\/www.shqiperia.com\/blog\/wp-content\/uploads\/2020\/01\/Christopher-Tushaj-1.jpg?resize=600%2C300&amp;ssl=1 600w, https:\/\/i0.wp.com\/www.shqiperia.com\/blog\/wp-content\/uploads\/2020\/01\/Christopher-Tushaj-1.jpg?resize=400%2C200&amp;ssl=1 400w, https:\/\/i0.wp.com\/www.shqiperia.com\/blog\/wp-content\/uploads\/2020\/01\/Christopher-Tushaj-1.jpg?w=750&amp;ssl=1 750w\" sizes=\"auto, (max-width: 610px) 100vw, 610px\" \/><p id=\"caption-attachment-30081\" class=\"wp-caption-text\">Christopher Tushaj<\/p><\/div>\n<p>Gazeta Koha e Jone<\/p>\n","protected":false},"excerpt":{"rendered":"<p>Pukjani me n\u00ebn\u00eb amerikane, vjen n\u00eb Shqip\u00ebri p\u00ebr t\u00eb k\u00ebrkuar rr\u00ebnj\u00ebt 04\/01\/2020 Origjina e Christopher Tushaj \u00ebsht\u00eb nga veriu i Shqip\u00ebris\u00eb sakt\u00ebsisht nga Bugjoni, Puke dhe ka tre vite q\u00eb jeton n\u00eb Shqip\u00ebri p\u00ebr t\u00eb zbuluar rr\u00ebnj\u00ebt e tij. Ai ka filluar t\u00eb studioj\u00eb gjuh\u00ebn dhe kultur\u00ebn shqiptare. Ka krijuar lidhje me shum\u00eb specialist\u00eb, antropolog\u00eb, [&hellip;]<\/p>\n","protected":false},"author":9,"featured_media":30080,"comment_status":"open","ping_status":"open","sticky":false,"template":"","format":"standard","meta":{"jetpack_post_was_ever_published":false,"_jetpack_newsletter_access":"","_jetpack_dont_email_post_to_subs":false,"_jetpack_newsletter_tier_id":0,"_jetpack_memberships_contains_paywalled_content":false,"_jetpack_memberships_contains_paid_content":false,"footnotes":"","jetpack_publicize_message":"","jetpack_publicize_feature_enabled":true,"jetpack_social_post_already_shared":true,"jetpack_social_options":{"image_generator_settings":{"template":"highway","default_image_id":0,"font":"","enabled":false},"version":2}},"categories":[27,10],"tags":[],"class_list":["post-30079","post","type-post","status-publish","format-standard","has-post-thumbnail","hentry","category-blogu-i-udhetarit","category-kultura"],"jetpack_publicize_connections":[],"jetpack_featured_media_url":"https:\/\/i0.wp.com\/www.shqiperia.com\/blog\/wp-content\/uploads\/2020\/01\/Christopher-Tushaj.jpg?fit=750%2C375&ssl=1","jetpack_sharing_enabled":true,"jetpack_shortlink":"https:\/\/wp.me\/p5Z6wp-7P9","jetpack-related-posts":[{"id":26254,"url":"https:\/\/www.shqiperia.com\/blog\/nje-thesar-ne-pyjet-tona-rritet-ne-shqiperi-dhe-kushton-3000-euro-per-kg\/","url_meta":{"origin":30079,"position":0},"title":"Nj\u00eb thesar n\u00eb pyjet tona, rritet n\u00eb Shqip\u00ebri dhe kushton 3000 euro p\u00ebr kg. &#8211;","author":"Kurt Farka","date":"September 25, 2019","format":false,"excerpt":"Nj\u00eb thesar n\u00eb pyjet tona, rritet n\u00eb Shqip\u00ebri dhe kushton 3000 euro p\u00ebr kg. - Tartufi, rreth 3.000 euro p\u00ebr nj\u00eb kilogram dhe n\u00eb Shqip\u00ebri kjo k\u00ebrpudh\u00eb e rrall\u00eb rritet gjer\u00ebsisht. Tartufi shqiptar \u00ebsht\u00eb shum\u00eb i ngjash\u00ebm me kush\u00ebririn e tij francez, por ato kushtojn\u00eb shum\u00eb m\u00eb pak. Aq me\u2026","rel":"","context":"In &quot;Blogu i Udh\u00ebtarit&quot;","block_context":{"text":"Blogu i Udh\u00ebtarit","link":"https:\/\/www.shqiperia.com\/blog\/category\/blogu-i-udhetarit\/"},"img":{"alt_text":"","src":"https:\/\/i0.wp.com\/www.shqiperia.com\/blog\/wp-content\/uploads\/2019\/09\/Tartufi.jpg?fit=905%2C450&ssl=1&resize=350%2C200","width":350,"height":200,"srcset":"https:\/\/i0.wp.com\/www.shqiperia.com\/blog\/wp-content\/uploads\/2019\/09\/Tartufi.jpg?fit=905%2C450&ssl=1&resize=350%2C200 1x, https:\/\/i0.wp.com\/www.shqiperia.com\/blog\/wp-content\/uploads\/2019\/09\/Tartufi.jpg?fit=905%2C450&ssl=1&resize=525%2C300 1.5x, https:\/\/i0.wp.com\/www.shqiperia.com\/blog\/wp-content\/uploads\/2019\/09\/Tartufi.jpg?fit=905%2C450&ssl=1&resize=700%2C400 2x"},"classes":[]},{"id":43784,"url":"https:\/\/www.shqiperia.com\/blog\/spartak-ngjela-pritet-te-dale-ne-drite-skandali-ku-do-te-fundosen-kryeministra-e-ministra-shqiptare-ka-hyre-ne-loje-sherbimi-sekret-gjerman-dhe-fbi\/","url_meta":{"origin":30079,"position":1},"title":"Spartak Ngjela: &#8211; \u2018Pritet t\u00eb dal\u00eb n\u00eb drit\u00eb skandali ku do t\u00eb fundosen kryeministra e ministra shqiptar\u00eb\u2019. Ka hyr\u00eb n\u00eb loj\u00eb sh\u00ebrbimi sekret gjerman dhe FBI!\u00a0","author":"Kurt Farka","date":"February 4, 2021","format":false,"excerpt":"Spartak Ngjela: - \u2018Pritet t\u00eb dal\u00eb n\u00eb drit\u00eb skandali ku do t\u00eb fundosen kryeministra e ministra shqiptar\u00eb\u2019. Ka hyr\u00eb n\u00eb loj\u00eb sh\u00ebrbimi sekret gjerman dhe FBI! 4 SHKURT 2021 Avokati i njohur Spartak Ngjela \u00ebsht\u00eb shprehur se \u00e7\u00ebshtja e p\u00ebrgjimeve t\u00eb Ndragheta ku jan\u00eb t\u00eb p\u00ebrmendur edhe politikan\u00eb shqipatr\u00eb do\u2026","rel":"","context":"In &quot;Blogu i Udh\u00ebtarit&quot;","block_context":{"text":"Blogu i Udh\u00ebtarit","link":"https:\/\/www.shqiperia.com\/blog\/category\/blogu-i-udhetarit\/"},"img":{"alt_text":"","src":"https:\/\/i0.wp.com\/www.shqiperia.com\/blog\/wp-content\/uploads\/2021\/02\/800-0-601c41591b131.jpg?fit=800%2C492&ssl=1&resize=350%2C200","width":350,"height":200,"srcset":"https:\/\/i0.wp.com\/www.shqiperia.com\/blog\/wp-content\/uploads\/2021\/02\/800-0-601c41591b131.jpg?fit=800%2C492&ssl=1&resize=350%2C200 1x, https:\/\/i0.wp.com\/www.shqiperia.com\/blog\/wp-content\/uploads\/2021\/02\/800-0-601c41591b131.jpg?fit=800%2C492&ssl=1&resize=525%2C300 1.5x, https:\/\/i0.wp.com\/www.shqiperia.com\/blog\/wp-content\/uploads\/2021\/02\/800-0-601c41591b131.jpg?fit=800%2C492&ssl=1&resize=700%2C400 2x"},"classes":[]},{"id":61208,"url":"https:\/\/www.shqiperia.com\/blog\/shtetesia-ish-ambasadori-po-jepen-me-koncesion-rrenjet-tona-cenohet-siguria-kombetare-dhe-europiane-qeveria-te-terhiqet\/","url_meta":{"origin":30079,"position":2},"title":"Shtet\u00ebsia, Ish-ambasadori: &#8211; Po jepen me koncesion rr\u00ebnj\u00ebt tona! &#8211; Cenohet siguria komb\u00ebtare dhe europiane, qeveria t\u00eb t\u00ebrhiqet","author":"Kurt Farka","date":"August 16, 2022","format":false,"excerpt":"16 Gusht 2022 Nga Gazeta Panorama Mehmet Elezi, ish-ambasador i Shqip\u00ebris\u00eb n\u00eb Zvic\u00ebr e Lihtenshtejn, e sheh t\u00eb rreziksh\u00ebm vendimin e qeveris\u00eb p\u00ebr t\u2019ua shitur t\u00eb huajve pasaport\u00ebn shqiptare. Sipas tij, p\u00ebrmes k\u00ebtij vendimi rriten rreziqet p\u00ebr sigurin\u00eb komb\u00ebtare dhe europiane. Z. Elezi thot\u00eb p\u00ebr gazet\u00ebn \u201cPanorama\u201d se po jepen\u2026","rel":"","context":"In &quot;Blogu i Udh\u00ebtarit&quot;","block_context":{"text":"Blogu i Udh\u00ebtarit","link":"https:\/\/www.shqiperia.com\/blog\/category\/blogu-i-udhetarit\/"},"img":{"alt_text":"","src":"https:\/\/i0.wp.com\/www.shqiperia.com\/blog\/wp-content\/uploads\/2022\/08\/Shtetesiai-Po-jepen-me-koncesion-rrenjet-tona.jpg?fit=1057%2C664&ssl=1&resize=350%2C200","width":350,"height":200,"srcset":"https:\/\/i0.wp.com\/www.shqiperia.com\/blog\/wp-content\/uploads\/2022\/08\/Shtetesiai-Po-jepen-me-koncesion-rrenjet-tona.jpg?fit=1057%2C664&ssl=1&resize=350%2C200 1x, https:\/\/i0.wp.com\/www.shqiperia.com\/blog\/wp-content\/uploads\/2022\/08\/Shtetesiai-Po-jepen-me-koncesion-rrenjet-tona.jpg?fit=1057%2C664&ssl=1&resize=525%2C300 1.5x, https:\/\/i0.wp.com\/www.shqiperia.com\/blog\/wp-content\/uploads\/2022\/08\/Shtetesiai-Po-jepen-me-koncesion-rrenjet-tona.jpg?fit=1057%2C664&ssl=1&resize=700%2C400 2x, https:\/\/i0.wp.com\/www.shqiperia.com\/blog\/wp-content\/uploads\/2022\/08\/Shtetesiai-Po-jepen-me-koncesion-rrenjet-tona.jpg?fit=1057%2C664&ssl=1&resize=1050%2C600 3x"},"classes":[]},{"id":38391,"url":"https:\/\/www.shqiperia.com\/blog\/spartak-ngjela-paralajmeron-zhvillime-te-bujshme-ja-kjo-eshte-situata-qe-goditi-ambasadorja-amerikane-ne-tirane\/","url_meta":{"origin":30079,"position":3},"title":"Spartak Ngjela paralajm\u00ebron zhvillime t\u00eb bujshme: &#8211; Ja, kjo \u00ebsht\u00eb situata q\u00eb goditi ambasadorja amerikane n\u00eb Tiran\u00eb","author":"Kurt Farka","date":"September 14, 2020","format":false,"excerpt":"Spartak Ngjela paralajm\u00ebron zhvillime t\u00eb bujshme: - Ja, kjo \u00ebsht\u00eb situata q\u00eb goditi ambasadorja amerikane n\u00eb Tiran\u00eb 12 SHTATOR 2020 Avokati i njohur Spartak Ngjela shprehet se pushtetar\u00ebt e korruptuar n\u00eb Shqip\u00ebri nuk kan\u00eb asnj\u00eb shpres\u00eb. Sipas tij SHBA me sistemin e ri t\u00eb drejt\u00ebsis\u00eb q\u00eb ka ngritur n\u00eb Shqip\u00ebri\u2026","rel":"","context":"In &quot;Blogu i Udh\u00ebtarit&quot;","block_context":{"text":"Blogu i Udh\u00ebtarit","link":"https:\/\/www.shqiperia.com\/blog\/category\/blogu-i-udhetarit\/"},"img":{"alt_text":"","src":"https:\/\/i0.wp.com\/www.shqiperia.com\/blog\/wp-content\/uploads\/2020\/09\/800-0-5f5d1ae9915e8.jpg?fit=676%2C348&ssl=1&resize=350%2C200","width":350,"height":200,"srcset":"https:\/\/i0.wp.com\/www.shqiperia.com\/blog\/wp-content\/uploads\/2020\/09\/800-0-5f5d1ae9915e8.jpg?fit=676%2C348&ssl=1&resize=350%2C200 1x, https:\/\/i0.wp.com\/www.shqiperia.com\/blog\/wp-content\/uploads\/2020\/09\/800-0-5f5d1ae9915e8.jpg?fit=676%2C348&ssl=1&resize=525%2C300 1.5x"},"classes":[]},{"id":27503,"url":"https:\/\/www.shqiperia.com\/blog\/ambasadorja-e-shba-krimi-problem-ne-shqiperi-do-ul-kreret-politike-qe-te-zgjidhet-kriza\/","url_meta":{"origin":30079,"position":4},"title":"Ambasadorja e SHBA: Krimi problem n\u00eb Shqip\u00ebri, do ul krer\u00ebt politik\u00eb q\u00eb t\u00eb zgjidhet kriza. &#8211;","author":"Kurt Farka","date":"October 30, 2019","format":false,"excerpt":"Ambasadorja e SHBA: Krimi problem n\u00eb Shqip\u00ebri, do ul krer\u00ebt politik\u00eb q\u00eb t\u00eb zgjidhet kriza 30.10.19 Nga: Gazeta Shqiptare Yuri Kim do t\u00eb jet\u00eb ambasadorja e re e Shteteve t\u00eb Bashkuara t\u00eb Amerik\u00ebs n\u00eb Tiran\u00eb p\u00ebr pes\u00eb vitet e ardhshme. Kim ka marr\u00eb dit\u00ebn e sotme, 29 n\u00ebntor 2019, votbesimin\u2026","rel":"","context":"In &quot;Blogu i Udh\u00ebtarit&quot;","block_context":{"text":"Blogu i Udh\u00ebtarit","link":"https:\/\/www.shqiperia.com\/blog\/category\/blogu-i-udhetarit\/"},"img":{"alt_text":"","src":"https:\/\/i0.wp.com\/www.shqiperia.com\/blog\/wp-content\/uploads\/2019\/10\/Ambasadorja-e-SHBA.jpg?fit=700%2C393&ssl=1&resize=350%2C200","width":350,"height":200,"srcset":"https:\/\/i0.wp.com\/www.shqiperia.com\/blog\/wp-content\/uploads\/2019\/10\/Ambasadorja-e-SHBA.jpg?fit=700%2C393&ssl=1&resize=350%2C200 1x, https:\/\/i0.wp.com\/www.shqiperia.com\/blog\/wp-content\/uploads\/2019\/10\/Ambasadorja-e-SHBA.jpg?fit=700%2C393&ssl=1&resize=525%2C300 1.5x, https:\/\/i0.wp.com\/www.shqiperia.com\/blog\/wp-content\/uploads\/2019\/10\/Ambasadorja-e-SHBA.jpg?fit=700%2C393&ssl=1&resize=700%2C400 2x"},"classes":[]},{"id":36051,"url":"https:\/\/www.shqiperia.com\/blog\/super-i-kerkuar-historia-e-shqiptarit-qe-tronditi-amerikanet-sepse-fliste-shkelqyer-18-gjuhe-te-huaja\/","url_meta":{"origin":30079,"position":5},"title":"Super i k\u00ebrkuar, &#8211; Historia e shqiptarit q\u00eb tronditi amerikan\u00ebt, sepse fliste shk\u00eblqyer 18 gjuh\u00eb t\u00eb huaja","author":"Kurt Farka","date":"July 6, 2020","format":false,"excerpt":"Super i k\u00ebrkuar, - Historia e shqiptarit q\u00eb tronditi amerikan\u00ebt, sepse fliste shk\u00eblqyer 18 gjuh\u00eb t\u00eb huaja N\u00eb vitet 1920 n\u00eb Shqip\u00ebri do t\u00eb vinte nj\u00eb mision amerikan q\u00eb do t\u00eb angazhohej p\u00ebr t\u00eb kap\u00ebrcyer pasojat e Luft\u00ebs s\u00eb Par\u00eb Bot\u00ebrore. Misionar\u00ebt e Kryqit t\u00eb Kuq Amerikan do t\u00eb ofronin\u2026","rel":"","context":"In &quot;Blogu i Udh\u00ebtarit&quot;","block_context":{"text":"Blogu i Udh\u00ebtarit","link":"https:\/\/www.shqiperia.com\/blog\/category\/blogu-i-udhetarit\/"},"img":{"alt_text":"","src":"https:\/\/i0.wp.com\/www.shqiperia.com\/blog\/wp-content\/uploads\/2020\/07\/shqip-1-640x306-1.jpg?fit=640%2C306&ssl=1&resize=350%2C200","width":350,"height":200,"srcset":"https:\/\/i0.wp.com\/www.shqiperia.com\/blog\/wp-content\/uploads\/2020\/07\/shqip-1-640x306-1.jpg?fit=640%2C306&ssl=1&resize=350%2C200 1x, https:\/\/i0.wp.com\/www.shqiperia.com\/blog\/wp-content\/uploads\/2020\/07\/shqip-1-640x306-1.jpg?fit=640%2C306&ssl=1&resize=525%2C300 1.5x"},"classes":[]}],"_links":{"self":[{"href":"https:\/\/www.shqiperia.com\/blog\/wp-json\/wp\/v2\/posts\/30079","targetHints":{"allow":["GET"]}}],"collection":[{"href":"https:\/\/www.shqiperia.com\/blog\/wp-json\/wp\/v2\/posts"}],"about":[{"href":"https:\/\/www.shqiperia.com\/blog\/wp-json\/wp\/v2\/types\/post"}],"author":[{"embeddable":true,"href":"https:\/\/www.shqiperia.com\/blog\/wp-json\/wp\/v2\/users\/9"}],"replies":[{"embeddable":true,"href":"https:\/\/www.shqiperia.com\/blog\/wp-json\/wp\/v2\/comments?post=30079"}],"version-history":[{"count":2,"href":"https:\/\/www.shqiperia.com\/blog\/wp-json\/wp\/v2\/posts\/30079\/revisions"}],"predecessor-version":[{"id":30083,"href":"https:\/\/www.shqiperia.com\/blog\/wp-json\/wp\/v2\/posts\/30079\/revisions\/30083"}],"wp:featuredmedia":[{"embeddable":true,"href":"https:\/\/www.shqiperia.com\/blog\/wp-json\/wp\/v2\/media\/30080"}],"wp:attachment":[{"href":"https:\/\/www.shqiperia.com\/blog\/wp-json\/wp\/v2\/media?parent=30079"}],"wp:term":[{"taxonomy":"category","embeddable":true,"href":"https:\/\/www.shqiperia.com\/blog\/wp-json\/wp\/v2\/categories?post=30079"},{"taxonomy":"post_tag","embeddable":true,"href":"https:\/\/www.shqiperia.com\/blog\/wp-json\/wp\/v2\/tags?post=30079"}],"curies":[{"name":"wp","href":"https:\/\/api.w.org\/{rel}","templated":true}]}}