{"id":30076,"date":"2020-01-06T20:09:20","date_gmt":"2020-01-06T20:09:20","guid":{"rendered":"https:\/\/www.shqiperia.com\/blog\/?p=30076"},"modified":"2020-01-06T20:09:20","modified_gmt":"2020-01-06T20:09:20","slug":"gropa-vetem-sa-po-thellohet-fatos-lubonja-duket-se-opozites-i-kane-mbaruar-fisheket-dhe-tani-po-kthehet-tek-flet-edhe-per-albin-kurtin","status":"publish","type":"post","link":"https:\/\/www.shqiperia.com\/blog\/gropa-vetem-sa-po-thellohet-fatos-lubonja-duket-se-opozites-i-kane-mbaruar-fisheket-dhe-tani-po-kthehet-tek-flet-edhe-per-albin-kurtin\/","title":{"rendered":"\u201cGropa vet\u00ebm sa po thellohet!\u201d- Fatos Lubonja: Duket se opozit\u00ebs i kan\u00eb mbaruar \u201cfishek\u00ebt\u201d dhe tani po kthehet tek\u2026 Flet edhe p\u00ebr Albin Kurtin"},"content":{"rendered":"<p><img data-recalc-dims=\"1\" loading=\"lazy\" decoding=\"async\" data-attachment-id=\"30077\" data-permalink=\"https:\/\/www.shqiperia.com\/blog\/gropa-vetem-sa-po-thellohet-fatos-lubonja-duket-se-opozites-i-kane-mbaruar-fisheket-dhe-tani-po-kthehet-tek-flet-edhe-per-albin-kurtin\/lubonja-770x400\/\" data-orig-file=\"https:\/\/i0.wp.com\/www.shqiperia.com\/blog\/wp-content\/uploads\/2020\/01\/lubonja-770x400-1.jpg?fit=770%2C400&amp;ssl=1\" data-orig-size=\"770,400\" data-comments-opened=\"1\" data-image-meta=\"{&quot;aperture&quot;:&quot;0&quot;,&quot;credit&quot;:&quot;&quot;,&quot;camera&quot;:&quot;&quot;,&quot;caption&quot;:&quot;&quot;,&quot;created_timestamp&quot;:&quot;0&quot;,&quot;copyright&quot;:&quot;&quot;,&quot;focal_length&quot;:&quot;0&quot;,&quot;iso&quot;:&quot;0&quot;,&quot;shutter_speed&quot;:&quot;0&quot;,&quot;title&quot;:&quot;&quot;,&quot;orientation&quot;:&quot;0&quot;}\" data-image-title=\"lubonja-770&#215;400\" data-image-description=\"\" data-image-caption=\"\" data-medium-file=\"https:\/\/i0.wp.com\/www.shqiperia.com\/blog\/wp-content\/uploads\/2020\/01\/lubonja-770x400-1.jpg?fit=300%2C156&amp;ssl=1\" data-large-file=\"https:\/\/i0.wp.com\/www.shqiperia.com\/blog\/wp-content\/uploads\/2020\/01\/lubonja-770x400-1.jpg?fit=770%2C400&amp;ssl=1\" class=\"alignnone  wp-image-30077\" alt=\"\" src=\"https:\/\/i0.wp.com\/www.shqiperia.com\/blog\/wp-content\/uploads\/2020\/01\/lubonja-770x400-1.jpg?resize=637%2C331&#038;ssl=1\" width=\"637\" height=\"331\" srcset=\"https:\/\/i0.wp.com\/www.shqiperia.com\/blog\/wp-content\/uploads\/2020\/01\/lubonja-770x400-1.jpg?resize=300%2C156&amp;ssl=1 300w, https:\/\/i0.wp.com\/www.shqiperia.com\/blog\/wp-content\/uploads\/2020\/01\/lubonja-770x400-1.jpg?resize=768%2C399&amp;ssl=1 768w, https:\/\/i0.wp.com\/www.shqiperia.com\/blog\/wp-content\/uploads\/2020\/01\/lubonja-770x400-1.jpg?resize=450%2C234&amp;ssl=1 450w, https:\/\/i0.wp.com\/www.shqiperia.com\/blog\/wp-content\/uploads\/2020\/01\/lubonja-770x400-1.jpg?resize=600%2C312&amp;ssl=1 600w, https:\/\/i0.wp.com\/www.shqiperia.com\/blog\/wp-content\/uploads\/2020\/01\/lubonja-770x400-1.jpg?resize=400%2C208&amp;ssl=1 400w, https:\/\/i0.wp.com\/www.shqiperia.com\/blog\/wp-content\/uploads\/2020\/01\/lubonja-770x400-1.jpg?w=770&amp;ssl=1 770w\" sizes=\"auto, (max-width: 637px) 100vw, 637px\" \/><\/p>\n<p>\u201cGropa vet\u00ebm sa po thellohet!\u201d- Fatos Lubonja: Duket se opozit\u00ebs i kan\u00eb mbaruar \u201cfishek\u00ebt\u201d dhe tani po kthehet tek\u2026 Flet edhe p\u00ebr Albin Kurtin<\/p>\n<p><em>6 janar 2020<\/em><\/p>\n<p><strong>Analisti Fatos Lubonja komentoi zhvillimet e fundit politike n\u00eb vend dhe p\u00ebr <\/strong>Albin Kurtin\u00a0 n\u00eb Kosov\u00eb.<\/p>\n<p>I ftuar n\u00eb rubrik\u00ebn \u201cOpinion\u201d, n\u00eb News24, Lubonja tha se kryeministri Edi Rama po punon p\u00ebr asgj\u00ebsimin e \u00e7do gj\u00ebje q\u00eb i del kund\u00ebr dhe nuk ka aft\u00ebsi vet\u00ebkorrigjuese, nd\u00ebrsa opozita i ka harxhuar \u201cfishek\u00ebt\u201d.<\/p>\n<p><strong>Fatos Lubonja:<\/strong><\/p>\n<p>Ngjarjet e r\u00ebnd\u00ebsishme t\u00eb vitit q\u00eb lam\u00eb pas jan\u00eb t\u00eb komentuara. Dalja e opozit\u00ebs nga Parlamenti, kapja e gjith\u00eb pushteti lokal nga mazhoranca m\u00eb 30 qershor, nj\u00eb klim\u00eb e r\u00ebnd\u00eb e krijuar, denoncimet e shumta p\u00ebr lidhjet e krimit t\u00eb qeveris\u00eb, dhe si kulminacion i vitit t\u00eb keq, t\u00eb mbrapsht\u00eb ishte edhe t\u00ebrmeti, q\u00eb nxori gjith\u00eb dob\u00ebsit\u00eb e nd\u00ebrtuara mbi propagand\u00ebn, dhe q\u00eb \u00ebsht\u00eb shteti i nj\u00eb grusht oligark\u00ebsh. T\u00eb gjitha k\u00ebto jan\u00eb pikat kryesore t\u00eb vitit q\u00eb kaloi, nuk dalloj ndonj\u00eb gj\u00eb pozitive, edhe mos pranimi i hapjes s\u00eb negociatave.<\/p>\n<p>Se si do jet\u00eb viti tjet\u00ebr, jemi n\u00eb fillim. Mendimi im \u00ebsht\u00eb q\u00eb, duke par\u00eb dhe tendenc\u00ebn, v\u00ebshtir\u00eb se do t\u00eb kemi ndonj\u00eb gj\u00eb pozitive, p\u00ebr t\u2019u futur n\u00eb nj\u00eb rrug\u00eb t\u00eb mir\u00eb. K\u00ebmb\u00ebngulja e Ram\u00ebs p\u00ebr t\u2019i dh\u00ebn\u00eb t\u00eb drejt\u00eb vetes n\u00eb \u00e7do gj\u00eb \u00ebsht\u00eb e qart\u00eb, dhe n\u00ebse ata nuk kan\u00eb aft\u00ebsi vet\u00ebkorrigjuese, kush do t\u2019i korrigjoj\u00eb. Opozita duket se i ka harxhuar t\u00eb gjith\u00eb fishek\u00ebt dhe nuk dihet se si do ta karikoj\u00eb arm\u00ebn e protest\u00ebs. Pastaj ka dhe ngjarje t\u00eb papritura. Por, ka nj\u00eb depresion t\u00eb madh n\u00eb njer\u00ebz.<\/p>\n<p>Rama punon p\u00ebr asgj\u00ebsimin e \u00e7do gj\u00ebje q\u00eb mund t\u2019i dal\u00eb kund\u00ebr dhe nj\u00eb pushtet q\u00eb ka n\u00eb dor\u00eb kaq shum\u00eb mjete financiare, policore dhe njer\u00ebzore \u00ebsht\u00eb v\u00ebshtir\u00eb q\u00eb t\u00eb mos jet\u00eb i suksessh\u00ebm. Opozit\u00ebs mund t\u2019i biem n\u00eb qaf\u00eb p\u00ebr munges\u00eb koherence. Po ndihet \u201cmbarimi i fishek\u00ebve\u201d.\u00a0 Q\u00eb t\u00eb lind\u00eb nj\u00eb forc\u00eb tjet\u00ebr n\u00eb k\u00ebto situata un\u00eb nuk jam shum\u00eb optimist. Shpesh her\u00eb kam menduar se forcat e reja lindin kur ka sukses politika. Ka lindur Syrisa n\u00eb Greqi si forc\u00eb politike e cila kap\u00ebrceu kriz\u00ebn e dy partive kryesore. Mendoj se ishte merit\u00eb e k\u00ebtyre dy partive q\u00eb lejuan f\u00ebmij\u00ebt t\u00eb rriteshin, t\u00eb flisnin. K\u00ebtu merita \u00ebsht\u00eb si t\u00eb shkat\u00ebrrohet \u00e7do gj\u00eb, t\u00eb mos rritet asgj\u00eb kund\u00ebr. Ishin student\u00ebt supozoj. Kur ti punon n\u00eb m\u00ebnyr\u00eb sistematike p\u00ebr t\u00eb shkat\u00ebrruar \u00e7do gj\u00eb, njer\u00ebzve u mbetet vet\u00ebm ikja.<\/p>\n<p>Gropa po hapet p\u00ebr dit\u00eb, gropa morale n\u00eb kuptimin e besimit q\u00eb kan\u00eb njer\u00ebzit te kjo qeveri. Edhe n\u00eb kuptimin e asaj se kush e ka marr\u00eb ekonomin\u00eb n\u00eb dor\u00eb. Nuk ka ngelur ndonj\u00eb kryetar bashkie q\u00eb nuk ka lidhje me krimin dhe kriminel\u00ebt. Kjo \u00ebsht\u00eb grop\u00eb morale e pafund. Ky i ka em\u00ebruar k\u00ebta. Gropa e pafund \u00ebsht\u00eb mungesa e p\u00ebrfaq\u00ebsimit. Ekonomikisht p\u00ebrs\u00ebri \u00ebsht\u00eb grop\u00eb pavar\u00ebsisht se ngrihen kulla, q\u00eb p\u00ebr mua jan\u00eb piramida. \u00cbsht\u00eb nj\u00eb ekonomi shkat\u00ebrruese edhe p\u00ebr ambientin. \u00cbsht\u00eb grop\u00eb nga t\u00eb kat\u00ebr an\u00ebt. Grop\u00eb edhe intelektuale, grop\u00eb e demokracis\u00eb.<\/p>\n<p>Edhe ata q\u00eb mb\u00ebshtesin Ram\u00ebn shpesh her\u00eb thon\u00eb s\u2019ka opozit\u00eb. Edhe kjo grop\u00eb \u00ebsht\u00eb. Ja iku ky po do vij\u00eb ky. Nj\u00ebsoj jan\u00eb! Pse t\u00eb jesh optimist\u00eb \u00ebsht\u00eb kjo?!<\/p>\n<p>Opozit\u00ebn, nuk \u00ebsht\u00eb se s\u2019ka b\u00ebr\u00eb aktivitete t\u00eb r\u00ebnd\u00ebsishme p\u00ebr t\u00eb nd\u00ebrgjegj\u00ebsuar p\u00ebr situat\u00ebn, edhe duke denoncuar, s\u2019mund t\u2019ia mohojm\u00eb k\u00ebt\u00eb, por ajo q\u00eb \u00ebsht\u00eb si perceptim i njer\u00ebzve t\u00eb deprimuar, \u00ebsht\u00eb se duket sikur e ka mbaruar betej\u00ebn dhe e ka humbur n\u00eb nj\u00eb far kuptimi dhe po kthehet tani te zgjedhjet. Por, deri dje ka th\u00ebn\u00eb se me k\u00ebt\u00eb nuk b\u00ebhen zgjedhjet, \u00e7far\u00eb ndryshoi? E dyta, e shoh t\u00eb dob\u00ebt, sepse nuk ka b\u00ebr\u00eb at\u00eb pun\u00ebn p\u00ebr t\u00eb shkuar te njer\u00ebzit, i ka ngelur ajo e kat\u00ebr oligark\u00ebve t\u00eb famsh\u00ebm. S\u2019kan\u00eb b\u00ebr\u00eb asnj\u00ebher\u00eb nj\u00eb reflektim, q\u00eb k\u00ebta oligark\u00eb kan\u00eb qen\u00eb t\u00eb lidhur me ne, kemi ne ndonj\u00eb p\u00ebrgjegj\u00ebsi p\u00ebr k\u00ebt\u00eb?! S\u2019kan\u00eb b\u00ebr\u00eb ndonj\u00eb refleksion. E treta, \u00ebsht\u00eb edhe nj\u00eb lloj var\u00ebsie e madhe ndaj nd\u00ebrkomb\u00ebtar\u00ebve. Pse nd\u00ebrroi Lulzim Basha? Nga radikalizmi, tani u kthye tek zgjedhjet. Nj\u00eb nga k\u00ebto \u00ebsht\u00eb var\u00ebsia tek nd\u00ebrkomb\u00ebtar\u00ebt, q\u00eb presim t\u00eb na zgjidhin nd\u00ebrkomb\u00ebtar\u00ebt, ta kemi mir\u00eb me t\u00eb. Tregon munges\u00eb personaliteti, q\u00eb reflektohet pastaj edhe n\u00eb t\u00eb tjera gj\u00ebra.<\/p>\n<p>Kosovar\u00ebt kan\u00eb nj\u00eb shans t\u00eb madh, q\u00eb kan\u00eb nj\u00eb forc\u00eb t\u00eb pa provuar n\u00eb pushtet, q\u00eb \u00ebsht\u00eb Vet\u00ebvendosja, q\u00eb jep shpres\u00eb. E gjith\u00eb ajo \u00e7ka e rrethon VV, m\u00eb duket se nuk \u00ebsht\u00eb shum\u00eb larg asaj q\u00eb kemi dhe ne, politik\u00ebs korruptive, t\u00eb intrigave, t\u00eb lidhur me oligarkin\u00eb, etj. Sistemi \u00ebsht\u00eb po ai. Pik\u00ebpyetja ime \u00ebsht\u00eb se a mundet t\u00eb themi q\u00eb ata jan\u00eb m\u00eb p\u00ebrpara, apo mos po shkojn\u00eb ata ku jemi ne sot? N\u00ebse eliminohet dhe Albin Kurti dhe vazhdon Tha\u00e7i me t\u00eb tij\u00ebt mund t\u00eb jemi n\u00eb pik\u00ebn ku ata s\u2019kan\u00eb arritur te ne, por larg qoft\u00eb mund t\u00eb shkojn\u00eb.<\/p>\n<p>Gazeta panorama<\/p>\n","protected":false},"excerpt":{"rendered":"<p>\u201cGropa vet\u00ebm sa po thellohet!\u201d- Fatos Lubonja: Duket se opozit\u00ebs i kan\u00eb mbaruar \u201cfishek\u00ebt\u201d dhe tani po kthehet tek\u2026 Flet edhe p\u00ebr Albin Kurtin 6 janar 2020 Analisti Fatos Lubonja komentoi zhvillimet e fundit politike n\u00eb vend dhe p\u00ebr Albin Kurtin\u00a0 n\u00eb Kosov\u00eb. I ftuar n\u00eb rubrik\u00ebn \u201cOpinion\u201d, n\u00eb News24, Lubonja tha se kryeministri Edi [&hellip;]<\/p>\n","protected":false},"author":9,"featured_media":30077,"comment_status":"open","ping_status":"open","sticky":false,"template":"","format":"standard","meta":{"jetpack_post_was_ever_published":false,"_jetpack_newsletter_access":"","_jetpack_dont_email_post_to_subs":false,"_jetpack_newsletter_tier_id":0,"_jetpack_memberships_contains_paywalled_content":false,"_jetpack_memberships_contains_paid_content":false,"footnotes":"","jetpack_publicize_message":"","jetpack_publicize_feature_enabled":true,"jetpack_social_post_already_shared":true,"jetpack_social_options":{"image_generator_settings":{"template":"highway","default_image_id":0,"font":"","enabled":false},"version":2}},"categories":[27,2],"tags":[],"class_list":["post-30076","post","type-post","status-publish","format-standard","has-post-thumbnail","hentry","category-blogu-i-udhetarit","category-politika"],"jetpack_publicize_connections":[],"jetpack_featured_media_url":"https:\/\/i0.wp.com\/www.shqiperia.com\/blog\/wp-content\/uploads\/2020\/01\/lubonja-770x400-1.jpg?fit=770%2C400&ssl=1","jetpack_sharing_enabled":true,"jetpack_shortlink":"https:\/\/wp.me\/p5Z6wp-7P6","jetpack-related-posts":[{"id":71902,"url":"https:\/\/www.shqiperia.com\/blog\/fatos-lubonja-analizon-situaten-e-tensionuar-ne-veri-kurti-mendoi-se-do-kishte-me-shume-mbeshtetje-nga-perendimi\/","url_meta":{"origin":30076,"position":0},"title":"Fatos Lubonja analizon situat\u00ebn e tensionuar n\u00eb Veri: &#8211; Kurti mendoi se do kishte m\u00eb shum\u00eb mb\u00ebshtetje nga Per\u00ebndimi","author":"Kurt Farka","date":"June 1, 2023","format":false,"excerpt":"1 Qershor 2023 Analisti Fatos Lubonja, n\u00eb nj\u00eb lidhje skype n\u00eb emisionin \u201cOpen\u201d n\u00eb News24, ka deklaruar se tensionet n\u00eb veri t\u00eb Kosov\u00ebs paraqesin nj\u00eb situat\u00eb komplekse, me shum\u00eb aktor\u00eb t\u00eb brendsh\u00ebm e t\u00eb jasht\u00ebm dhe t\u00eb varur si nga lufta n\u00eb Ukrain\u00eb, ashtu edhe nga q\u00ebndrimi i pal\u00ebve n\u00eb\u2026","rel":"","context":"In &quot;Blogu i Udh\u00ebtarit&quot;","block_context":{"text":"Blogu i Udh\u00ebtarit","link":"https:\/\/www.shqiperia.com\/blog\/category\/blogu-i-udhetarit\/"},"img":{"alt_text":"","src":"https:\/\/i0.wp.com\/www.shqiperia.com\/blog\/wp-content\/uploads\/2023\/06\/800-0-3a1f5962d74daae1978981e09eaad62e.jpg?fit=800%2C516&ssl=1&resize=350%2C200","width":350,"height":200,"srcset":"https:\/\/i0.wp.com\/www.shqiperia.com\/blog\/wp-content\/uploads\/2023\/06\/800-0-3a1f5962d74daae1978981e09eaad62e.jpg?fit=800%2C516&ssl=1&resize=350%2C200 1x, https:\/\/i0.wp.com\/www.shqiperia.com\/blog\/wp-content\/uploads\/2023\/06\/800-0-3a1f5962d74daae1978981e09eaad62e.jpg?fit=800%2C516&ssl=1&resize=525%2C300 1.5x, https:\/\/i0.wp.com\/www.shqiperia.com\/blog\/wp-content\/uploads\/2023\/06\/800-0-3a1f5962d74daae1978981e09eaad62e.jpg?fit=800%2C516&ssl=1&resize=700%2C400 2x"},"classes":[]},{"id":59101,"url":"https:\/\/www.shqiperia.com\/blog\/lubonja-ngre-dyshimet-pse-nuk-flet-basha-per-open-balkan-cfare-pritet-te-ndodhe-zheji-zbulon-cfare-e-thelloi-hendekun-ne-pd\/","url_meta":{"origin":30076,"position":1},"title":"Lubonja ngre dyshimet: &#8211; Pse nuk flet Basha p\u00ebr &#8220;Open Balkan&#8221;? \u00c7far\u00eb pritet t\u00eb ndodh\u00eb? Zheji zbulon \u00e7far\u00eb e thelloi hendekun n\u00eb PD","author":"Kurt Farka","date":"June 15, 2022","format":false,"excerpt":"15 QERSHOR 2022 Analist\u00ebt Artur Zheji dhe Fatos Lubonja kan\u00eb diskutuar p\u00ebrproblematikat q\u00eb po has ish-kryeministri Sali Berisha n\u00eb iden\u00eb e tij p\u00ebr t\u00eb krijuar nj\u00eb opozit\u00eb t\u00eb fort\u00eb p\u00ebrball\u00eb rivalit Edi Rama. Lubonja ka theksuar se nuk \u00ebsht\u00eb shpallja non-grata e Berish\u00ebs, problemi kryesor me t\u00eb cilin duhet t\u00eb\u2026","rel":"","context":"In &quot;Blogu i Udh\u00ebtarit&quot;","block_context":{"text":"Blogu i Udh\u00ebtarit","link":"https:\/\/www.shqiperia.com\/blog\/category\/blogu-i-udhetarit\/"},"img":{"alt_text":"","src":"https:\/\/i0.wp.com\/www.shqiperia.com\/blog\/wp-content\/uploads\/2022\/06\/800-0-62a9d7323f91a.jpg?fit=800%2C425&ssl=1&resize=350%2C200","width":350,"height":200,"srcset":"https:\/\/i0.wp.com\/www.shqiperia.com\/blog\/wp-content\/uploads\/2022\/06\/800-0-62a9d7323f91a.jpg?fit=800%2C425&ssl=1&resize=350%2C200 1x, https:\/\/i0.wp.com\/www.shqiperia.com\/blog\/wp-content\/uploads\/2022\/06\/800-0-62a9d7323f91a.jpg?fit=800%2C425&ssl=1&resize=525%2C300 1.5x, https:\/\/i0.wp.com\/www.shqiperia.com\/blog\/wp-content\/uploads\/2022\/06\/800-0-62a9d7323f91a.jpg?fit=800%2C425&ssl=1&resize=700%2C400 2x"},"classes":[]},{"id":95878,"url":"https:\/\/www.shqiperia.com\/blog\/protesta-e-opozites-fatos-lubonja-tregon-se-pd-ka-ende-njerez\/","url_meta":{"origin":30076,"position":2},"title":"Protesta e opozit\u00ebs, Fatos Lubonja: &#8211; Tregon se PD ka ende njer\u00ebz!","author":"Kurt Farka","date":"December 22, 2025","format":false,"excerpt":"22 Dhjetor 2025 Analisti Fatos Lubonja komentoi protest\u00ebn komb\u00ebtare t\u00eb opozit\u00ebs k\u00ebt\u00eb t\u00eb h\u00ebn\u00eb p\u00ebrpara kryeministris\u00eb. Lubonja u shpreh n\u00eb \u201cStudio24\u201d se protesta tregon se PD ka ende njer\u00ebz. Megjithat\u00eb ai shtron si problem jo vet\u00ebm rr\u00ebzimin e qeveris\u00eb Rama dhe ardhjen e PD-s\u00eb n\u00eb pushtet, por shkat\u00ebrrimin e band\u00ebs\u2026","rel":"","context":"In &quot;Blogu i Udh\u00ebtarit&quot;","block_context":{"text":"Blogu i Udh\u00ebtarit","link":"https:\/\/www.shqiperia.com\/blog\/category\/blogu-i-udhetarit\/"},"img":{"alt_text":"","src":"https:\/\/i0.wp.com\/www.shqiperia.com\/blog\/wp-content\/uploads\/2025\/12\/601517089_122128629626992409_6178223365425853781_n.jpg?fit=600%2C400&ssl=1&resize=350%2C200","width":350,"height":200,"srcset":"https:\/\/i0.wp.com\/www.shqiperia.com\/blog\/wp-content\/uploads\/2025\/12\/601517089_122128629626992409_6178223365425853781_n.jpg?fit=600%2C400&ssl=1&resize=350%2C200 1x, https:\/\/i0.wp.com\/www.shqiperia.com\/blog\/wp-content\/uploads\/2025\/12\/601517089_122128629626992409_6178223365425853781_n.jpg?fit=600%2C400&ssl=1&resize=525%2C300 1.5x"},"classes":[]},{"id":30424,"url":"https:\/\/www.shqiperia.com\/blog\/kemi-ndryshim-kursi-ka-kontradiksion-fatos-lubonja-opozita-u-dorezua-ndaj-sistemit\/","url_meta":{"origin":30076,"position":3},"title":"\u201cKemi ndryshim kursi, ka kontradiksion\u201d- Fatos Lubonja: &#8211; Opozita u dor\u00ebzua ndaj sistemit.","author":"Kurt Farka","date":"January 17, 2020","format":false,"excerpt":"\u201cKemi ndryshim kursi, ka kontradiksion\u201d- Fatos Lubonja: - Opozita u dor\u00ebzua ndaj sistemit. 16 janar 2020 \u00a0Analisti Fatos Lubonja tha se opozita e bashkuar q\u00eb b\u00ebri marr\u00ebveshje me qeverin\u00eb p\u00ebr reform\u00ebn zgjedhore, ka disa kontradiksione n\u00eb retorik\u00ebn e saj. I ftuar n\u00eb emisionin \u201cReal Story\u201d n\u00eb \u201cNews 24\u201d, Lubonja u\u2026","rel":"","context":"In &quot;Blogu i Udh\u00ebtarit&quot;","block_context":{"text":"Blogu i Udh\u00ebtarit","link":"https:\/\/www.shqiperia.com\/blog\/category\/blogu-i-udhetarit\/"},"img":{"alt_text":"","src":"https:\/\/i0.wp.com\/www.shqiperia.com\/blog\/wp-content\/uploads\/2020\/01\/lubonja-ne-real-story-770x433-1.jpg?fit=770%2C433&ssl=1&resize=350%2C200","width":350,"height":200,"srcset":"https:\/\/i0.wp.com\/www.shqiperia.com\/blog\/wp-content\/uploads\/2020\/01\/lubonja-ne-real-story-770x433-1.jpg?fit=770%2C433&ssl=1&resize=350%2C200 1x, https:\/\/i0.wp.com\/www.shqiperia.com\/blog\/wp-content\/uploads\/2020\/01\/lubonja-ne-real-story-770x433-1.jpg?fit=770%2C433&ssl=1&resize=525%2C300 1.5x, https:\/\/i0.wp.com\/www.shqiperia.com\/blog\/wp-content\/uploads\/2020\/01\/lubonja-ne-real-story-770x433-1.jpg?fit=770%2C433&ssl=1&resize=700%2C400 2x"},"classes":[]},{"id":6627,"url":"https:\/\/www.shqiperia.com\/blog\/bashkimin-kombetar-perplasen-ne-kukes-albin-kurti-dhe-fatos-lubonja\/","url_meta":{"origin":30076,"position":4},"title":"Bashkimin Komb\u00ebtar &#8211; \u201cP\u00ebrplasen\u201d ne Kukes Albin Kurti dhe Fatos Lubonja. &#8211;","author":"Kurt Farka","date":"April 18, 2018","format":false,"excerpt":"Lideri i L\u00ebvizjes Vet\u00ebvendosje, Albin Kurti, dhe publicisti i njohur Fatos Lubonja ndajn\u00eb q\u00ebndrime t\u00eb kund\u00ebrta lidhur me bashkimin komb\u00ebtar, apo bashkimin e Shqip\u00ebris\u00eb me Kosov\u00ebn, shkruajn\u00eb mediat shqiptare. Albin Kurti mendon se Shqip\u00ebria e Kosova kan\u00eb shtete t\u00eb dob\u00ebta, p\u00ebr shkak se jan\u00eb t\u00eb ndara, nd\u00ebrsa p\u00ebr analistin Fatos\u2026","rel":"","context":"In &quot;Kultura&quot;","block_context":{"text":"Kultura","link":"https:\/\/www.shqiperia.com\/blog\/category\/kultura\/"},"img":{"alt_text":"","src":"https:\/\/i0.wp.com\/www.shqiperia.com\/blog\/wp-content\/uploads\/2018\/04\/albin-kurti-fatos-lubonja.jpg?fit=469%2C306&ssl=1&resize=350%2C200","width":350,"height":200},"classes":[]},{"id":97427,"url":"https:\/\/www.shqiperia.com\/blog\/fatos-lubonja-po-iku-berisha-rama-do-behet-dhe-me-i-rrezikshem\/","url_meta":{"origin":30076,"position":5},"title":"Fatos Lubonja: &#8211; Po iku Berisha, Rama do b\u00ebhet dhe m\u00eb i rreziksh\u00ebm.","author":"Kurt Farka","date":"February 6, 2026","format":false,"excerpt":"6 Shkurt 2026 Analisti Fatos Lubonja foli mbr\u00ebmjen e sotme n\u00eb emisionin \u201cKjo Jav\u00eb\u201d, n\u00eb Ne\u00ebs24. Lubonja foli mbi situat\u00ebn e opozit\u00ebs dhe p\u00ebr\u00e7arjen e saj p\u00ebrball\u00eb skandaleve t\u00eb qeveris\u00eb. Sipas tij, opozita nuk mund t\u00eb jet\u00eb faktor kund\u00ebr Ram\u00ebs pa Berish\u00ebn. N\u00ebse largohet Berisha, sipas Lubonj\u00ebs, kryeministri Rama do\u2026","rel":"","context":"In &quot;Blogu i Udh\u00ebtarit&quot;","block_context":{"text":"Blogu i Udh\u00ebtarit","link":"https:\/\/www.shqiperia.com\/blog\/category\/blogu-i-udhetarit\/"},"img":{"alt_text":"","src":"https:\/\/i0.wp.com\/www.shqiperia.com\/blog\/wp-content\/uploads\/2026\/02\/lubonja.jpg?fit=1110%2C683&ssl=1&resize=350%2C200","width":350,"height":200,"srcset":"https:\/\/i0.wp.com\/www.shqiperia.com\/blog\/wp-content\/uploads\/2026\/02\/lubonja.jpg?fit=1110%2C683&ssl=1&resize=350%2C200 1x, https:\/\/i0.wp.com\/www.shqiperia.com\/blog\/wp-content\/uploads\/2026\/02\/lubonja.jpg?fit=1110%2C683&ssl=1&resize=525%2C300 1.5x, https:\/\/i0.wp.com\/www.shqiperia.com\/blog\/wp-content\/uploads\/2026\/02\/lubonja.jpg?fit=1110%2C683&ssl=1&resize=700%2C400 2x, https:\/\/i0.wp.com\/www.shqiperia.com\/blog\/wp-content\/uploads\/2026\/02\/lubonja.jpg?fit=1110%2C683&ssl=1&resize=1050%2C600 3x"},"classes":[]}],"_links":{"self":[{"href":"https:\/\/www.shqiperia.com\/blog\/wp-json\/wp\/v2\/posts\/30076","targetHints":{"allow":["GET"]}}],"collection":[{"href":"https:\/\/www.shqiperia.com\/blog\/wp-json\/wp\/v2\/posts"}],"about":[{"href":"https:\/\/www.shqiperia.com\/blog\/wp-json\/wp\/v2\/types\/post"}],"author":[{"embeddable":true,"href":"https:\/\/www.shqiperia.com\/blog\/wp-json\/wp\/v2\/users\/9"}],"replies":[{"embeddable":true,"href":"https:\/\/www.shqiperia.com\/blog\/wp-json\/wp\/v2\/comments?post=30076"}],"version-history":[{"count":1,"href":"https:\/\/www.shqiperia.com\/blog\/wp-json\/wp\/v2\/posts\/30076\/revisions"}],"predecessor-version":[{"id":30078,"href":"https:\/\/www.shqiperia.com\/blog\/wp-json\/wp\/v2\/posts\/30076\/revisions\/30078"}],"wp:featuredmedia":[{"embeddable":true,"href":"https:\/\/www.shqiperia.com\/blog\/wp-json\/wp\/v2\/media\/30077"}],"wp:attachment":[{"href":"https:\/\/www.shqiperia.com\/blog\/wp-json\/wp\/v2\/media?parent=30076"}],"wp:term":[{"taxonomy":"category","embeddable":true,"href":"https:\/\/www.shqiperia.com\/blog\/wp-json\/wp\/v2\/categories?post=30076"},{"taxonomy":"post_tag","embeddable":true,"href":"https:\/\/www.shqiperia.com\/blog\/wp-json\/wp\/v2\/tags?post=30076"}],"curies":[{"name":"wp","href":"https:\/\/api.w.org\/{rel}","templated":true}]}}