{"id":30072,"date":"2020-01-06T18:22:22","date_gmt":"2020-01-06T18:22:22","guid":{"rendered":"https:\/\/www.shqiperia.com\/blog\/?p=30072"},"modified":"2020-01-06T18:22:22","modified_gmt":"2020-01-06T18:22:22","slug":"keshilli-i-ambasadoreve-shqiptare-duke-pershendetur-marrjen-nga-shqiperia-te-kryesise-se-radhes-te-osbe-se-per-vitin-2020-nenvizon-pergjegjesine-qe-ka-vendi-yne-ne-kete-perfaqesim","status":"publish","type":"post","link":"https:\/\/www.shqiperia.com\/blog\/keshilli-i-ambasadoreve-shqiptare-duke-pershendetur-marrjen-nga-shqiperia-te-kryesise-se-radhes-te-osbe-se-per-vitin-2020-nenvizon-pergjegjesine-qe-ka-vendi-yne-ne-kete-perfaqesim\/","title":{"rendered":"K\u00ebshilli i Ambasador\u00ebve Shqiptar\u00eb, duke pershendetur marrjen nga Shqip\u00ebria t\u00eb Kryesis\u00eb s\u00eb radh\u00ebs t\u00eb OSBE-s\u00eb p\u00ebr vitin 2020, nenvizon pergjegjesine qe ka vendi yne ne kete perfaqesim."},"content":{"rendered":"<div id=\"attachment_30073\" style=\"width: 606px\" class=\"wp-caption alignnone\"><img data-recalc-dims=\"1\" loading=\"lazy\" decoding=\"async\" aria-describedby=\"caption-attachment-30073\" data-attachment-id=\"30073\" data-permalink=\"https:\/\/www.shqiperia.com\/blog\/keshilli-i-ambasadoreve-shqiptare-duke-pershendetur-marrjen-nga-shqiperia-te-kryesise-se-radhes-te-osbe-se-per-vitin-2020-nenvizon-pergjegjesine-qe-ka-vendi-yne-ne-kete-perfaqesim\/keshilli-i-ambasadoreve\/\" data-orig-file=\"https:\/\/i0.wp.com\/www.shqiperia.com\/blog\/wp-content\/uploads\/2020\/01\/keshilli-i-ambasadoreve.jpg?fit=1148%2C647&amp;ssl=1\" data-orig-size=\"1148,647\" data-comments-opened=\"1\" data-image-meta=\"{&quot;aperture&quot;:&quot;0&quot;,&quot;credit&quot;:&quot;&quot;,&quot;camera&quot;:&quot;&quot;,&quot;caption&quot;:&quot;&quot;,&quot;created_timestamp&quot;:&quot;0&quot;,&quot;copyright&quot;:&quot;&quot;,&quot;focal_length&quot;:&quot;0&quot;,&quot;iso&quot;:&quot;0&quot;,&quot;shutter_speed&quot;:&quot;0&quot;,&quot;title&quot;:&quot;&quot;,&quot;orientation&quot;:&quot;0&quot;}\" data-image-title=\"keshilli-i-ambasadoreve\" data-image-description=\"\" data-image-caption=\"&lt;p&gt;keshilli i ambasadoreve&lt;\/p&gt;\n\" data-medium-file=\"https:\/\/i0.wp.com\/www.shqiperia.com\/blog\/wp-content\/uploads\/2020\/01\/keshilli-i-ambasadoreve.jpg?fit=300%2C169&amp;ssl=1\" data-large-file=\"https:\/\/i0.wp.com\/www.shqiperia.com\/blog\/wp-content\/uploads\/2020\/01\/keshilli-i-ambasadoreve.jpg?fit=1024%2C577&amp;ssl=1\" class=\" wp-image-30073\" alt=\"\" src=\"https:\/\/i0.wp.com\/www.shqiperia.com\/blog\/wp-content\/uploads\/2020\/01\/keshilli-i-ambasadoreve.jpg?resize=596%2C336&#038;ssl=1\" width=\"596\" height=\"336\" srcset=\"https:\/\/i0.wp.com\/www.shqiperia.com\/blog\/wp-content\/uploads\/2020\/01\/keshilli-i-ambasadoreve.jpg?resize=300%2C169&amp;ssl=1 300w, https:\/\/i0.wp.com\/www.shqiperia.com\/blog\/wp-content\/uploads\/2020\/01\/keshilli-i-ambasadoreve.jpg?resize=1024%2C577&amp;ssl=1 1024w, https:\/\/i0.wp.com\/www.shqiperia.com\/blog\/wp-content\/uploads\/2020\/01\/keshilli-i-ambasadoreve.jpg?resize=768%2C433&amp;ssl=1 768w, https:\/\/i0.wp.com\/www.shqiperia.com\/blog\/wp-content\/uploads\/2020\/01\/keshilli-i-ambasadoreve.jpg?resize=450%2C254&amp;ssl=1 450w, https:\/\/i0.wp.com\/www.shqiperia.com\/blog\/wp-content\/uploads\/2020\/01\/keshilli-i-ambasadoreve.jpg?resize=600%2C338&amp;ssl=1 600w, https:\/\/i0.wp.com\/www.shqiperia.com\/blog\/wp-content\/uploads\/2020\/01\/keshilli-i-ambasadoreve.jpg?resize=400%2C225&amp;ssl=1 400w, https:\/\/i0.wp.com\/www.shqiperia.com\/blog\/wp-content\/uploads\/2020\/01\/keshilli-i-ambasadoreve.jpg?w=1148&amp;ssl=1 1148w\" sizes=\"auto, (max-width: 596px) 100vw, 596px\" \/><p id=\"caption-attachment-30073\" class=\"wp-caption-text\">keshilli i ambasadoreve<\/p><\/div>\n<p><strong>K\u00ebshilli i Ambasador\u00ebve Shqiptar\u00eb, duke pershendetur marrjen nga Shqip\u00ebria t\u00eb Kryesis\u00eb s\u00eb radh\u00ebs t\u00eb OSBE-s\u00eb p\u00ebr vitin 2020, nenvizon pergjegjesine qe ka vendi yne ne kete perfaqesim.<\/strong><\/p>\n<p>Permes nje deklarate per mediat, KASH thekson se \u201cShqip\u00ebria ka p\u00ebrgjegj\u00ebsin\u00eb dhe detyrimin p\u00ebrball\u00eb Organizat\u00ebs, t\u00eb justifikoj\u00eb besimin e dh\u00ebn\u00eb, duke d\u00ebshmuar se \u00ebsht\u00eb vet\u00eb e aft\u00eb t\u00eb respektoj\u00eb normat, parimet dhe angazhimet e OSBE-s\u00eb n\u00eb fush\u00ebn e t\u00eb drejtave dhe lirive themelore t\u00eb njeriut si dhe sundimit t\u00eb ligjit\u201d.<\/p>\n<p>Sipas Keshillit te Ambasadoreve Shqiptare, \u201cV\u00ebmendja e pritshme e kryesis\u00eb shqiptare tek zhvillimet politike n\u00eb Ballkanin Per\u00ebndimor, \u00ebsht\u00eb nj\u00eb mund\u00ebsi p\u00ebr t\u00eb thelluar m\u00eb tej bashk\u00ebpunimin rajonal, n\u00ebp\u00ebrmjet forcimit t\u00eb marr\u00ebdh\u00ebnieve t\u00eb fqinj\u00ebsis\u00eb s\u00eb mir\u00eb, pajtimit nd\u00ebretnik dhe pjes\u00ebmarrjes dhe angazhimit t\u00eb plot\u00eb t\u00eb Kosov\u00ebs n\u00eb t\u00eb gjitha nismat q\u00eb nd\u00ebrmerren p\u00ebr forcimin e paqes dhe stabilitetit n\u00eb rajon, p\u00ebrfshir\u00eb k\u00ebtu edhe n\u00eb kuad\u00ebr t\u00eb OSBE-s\u00eb\u201d.<\/p>\n<p>Nje apel KASH e ka edhe per qeverine, te ciles i kerkon\u00a0t\u00eb angazhoj\u00eb burimet m\u00eb t\u00eb mira njer\u00ebzore t\u00eb sh\u00ebrbimit diplomatik dhe administrat\u00ebs Shqiptare p\u00ebr t\u00eb menaxhuar me profesionaliz\u00ebm dhe kompetenc\u00eb dosjet e shumta q\u00eb p\u00ebrfshihen n\u00eb mandatin e OSBE-s\u00eb.<\/p>\n<p><strong>DEKLARATA E PLOTE\u00a0<\/strong><\/p>\n<p>K\u00ebshilli i Ambasador\u00ebve Shqiptar\u00eb p\u00ebrsh\u00ebndet marrjen nga Shqip\u00ebria t\u00eb Kryesis\u00eb s\u00eb radh\u00ebs t\u00eb OSBE-s\u00eb p\u00ebr vitin 2020. Kryesimi i organizat\u00ebs m\u00eb t\u00eb madhe rajonale t\u00eb siguris\u00eb p\u00ebrmbush nj\u00eb synim t\u00eb kahersh\u00ebm t\u00eb politik\u00ebs s\u00eb jashtme t\u00eb Republik\u00ebs s\u00eb Shqip\u00ebris\u00eb.<\/p>\n<p>Si nj\u00eb sip\u00ebrmarrje me karakter gjith\u00ebp\u00ebrfshir\u00ebs, Kryesia duhet t\u2019i sh\u00ebrbej\u00eb \u00e7uarjes p\u00ebrpara t\u00eb objektivave strategjike t\u00eb Shqip\u00ebris\u00eb, t\u00eb cilat g\u00ebzojn\u00eb mb\u00ebshtetjen e t\u00eb gjith\u00eb spektrit politik n\u00eb vend.<\/p>\n<p>Drejtimi i OSBE-s\u00eb \u00ebsht\u00eb nj\u00eb arritje madhore e vendit, tregues i besimit t\u00eb antar\u00ebsis\u00eb s\u00eb OSBE-s\u00eb n\u00eb transformimet demokratike t\u00eb Shqip\u00ebris\u00eb gjat\u00eb tre dhjet\u00ebvje\u00e7ar\u00ebve t\u00eb fundit, si dhe kontributit t\u00eb dh\u00ebn\u00eb nd\u00ebr vite nga diplomacia shqiptare p\u00ebr Organizat\u00ebn dhe jo vet\u00ebm.<\/p>\n<p>OSBE \u00ebsht\u00eb organizata e par\u00eb shum\u00ebpal\u00ebshe n\u00eb t\u00eb cil\u00ebn Shqip\u00ebria aderoi pas r\u00ebnies s\u00eb komunizmit dhe hapjes ndaj per\u00ebndimit, q\u00eb ka mb\u00ebshtetur n\u00eb m\u00ebnyr\u00eb t\u00eb vazhdueshme n\u00eb forcimin e demokracis\u00eb dhe shtetit ligjor n\u00eb vendin ton\u00eb, si dhe n\u00eb forcimin e siguris\u00eb dhe stabilitetit n\u00eb Ballkan.<\/p>\n<p>N\u00eb k\u00ebt\u00eb kuad\u00ebr, Shqip\u00ebria ka p\u00ebrgjegj\u00ebsin\u00eb dhe detyrimin p\u00ebrball\u00eb Organizat\u00ebs, t\u00eb justifikoj\u00eb besimin e dh\u00ebn\u00eb, duke d\u00ebshmuar se \u00ebsht\u00eb vet\u00eb e aft\u00eb t\u00eb respektoj\u00eb normat, parimet dhe angazhimet e OSBE-s\u00eb n\u00eb fush\u00ebn e t\u00eb drejtave dhe lirive themelore t\u00eb njeriut si dhe sundimit t\u00eb ligjit. KASH vler\u00ebson dhe mb\u00ebshtet prioritetet e paraqitura nga Shqip\u00ebria gjat\u00eb vitit kaluar, n\u00ebn moton \u201ct\u00eb zbatojm\u00eb angazhimet e OSBE-s\u00eb s\u00eb bashku\u201d.<\/p>\n<p>V\u00ebmendja e pritshme e kryesis\u00eb shqiptare tek zhvillimet politike n\u00eb Ballkanin Per\u00ebndimor, \u00ebsht\u00eb nj\u00eb mund\u00ebsi p\u00ebr t\u00eb thelluar m\u00eb tej bashk\u00ebpunimin rajonal, n\u00ebp\u00ebrmjet forcimit t\u00eb marr\u00ebdh\u00ebnieve t\u00eb fqinj\u00ebsis\u00eb s\u00eb mir\u00eb, pajtimit nd\u00ebretnik dhe pjes\u00ebmarrjes dhe angazhimit t\u00eb plot\u00eb t\u00eb Kosov\u00ebs n\u00eb t\u00eb gjitha nismat q\u00eb nd\u00ebrmerren p\u00ebr forcimin e paqes dhe stabilitetit n\u00eb rajon, p\u00ebrfshir\u00eb k\u00ebtu edhe n\u00eb kuad\u00ebr t\u00eb OSBE-s\u00eb.<\/p>\n<p>K\u00ebshilli i Ambasador\u00ebve Shqiptar\u00eb falenderon trup\u00ebn e diplomat\u00ebve q\u00eb ka punuar me p\u00ebrkushtim p\u00ebr p\u00ebrmbushjen e k\u00ebtij synimi q\u00eb prej paraqitjes s\u00eb kandidatur\u00ebs s\u00eb Shqip\u00ebris\u00eb p\u00ebr her\u00eb t\u00eb par\u00eb n\u00eb vitin 2006.<\/p>\n<p>N\u00eb vitet 2000, diplomat\u00ebt shqiptar\u00eb drejtuan fillimisht negociatat n\u00ebn Artikullin IV t\u00eb Marr\u00ebveshjes s\u00eb Dejtonit, q\u00eb realizoheshin n\u00ebn suaz\u00ebn e OSBE-s\u00eb, dhe, m\u00eb von\u00eb, drejtuan me profesionaliz\u00ebm t\u00eb spikatur Forumin p\u00ebr Bashk\u00ebpunim n\u00eb Siguri (Forum for Security Cooperation), q\u00eb menaxhon \u00e7\u00ebshtjet e nj\u00eb prej dimensioneve m\u00eb t\u00eb r\u00ebnd\u00ebsishme t\u00eb Organizat\u00ebs, dimensionit politiko-ushtarak.<\/p>\n<p>N\u00eb vitet 2010, p\u00ebr her\u00eb t\u00eb par\u00eb, Shqip\u00ebria u b\u00eb mik\u00ebprit\u00ebse e dy prej aktiviteteve m\u00eb t\u00eb r\u00ebnd\u00ebsishme t\u00eb Organizat\u00ebs, sesionit vjetor t\u00eb Asambles\u00eb Parlamentare t\u00eb OSBE-s\u00eb dhe Takimit t\u00eb Nivelit t\u00eb Lart\u00eb t\u00eb OSBE-s\u00eb p\u00ebr t\u00eb Drejtat e Njeriut, t\u00eb cilat u organizuan n\u00eb Tiran\u00eb me sukses t\u00eb plot\u00eb. \u00cbsht\u00eb edhe n\u00eb k\u00ebt\u00eb kontekst q\u00eb Shqip\u00ebria merr Kryesin\u00eb e Rradh\u00ebs s\u00eb OSBE-s\u00eb.<\/p>\n<div id=\"attachment_30074\" style=\"width: 981px\" class=\"wp-caption alignnone\"><img data-recalc-dims=\"1\" loading=\"lazy\" decoding=\"async\" aria-describedby=\"caption-attachment-30074\" data-attachment-id=\"30074\" data-permalink=\"https:\/\/www.shqiperia.com\/blog\/keshilli-i-ambasadoreve-shqiptare-duke-pershendetur-marrjen-nga-shqiperia-te-kryesise-se-radhes-te-osbe-se-per-vitin-2020-nenvizon-pergjegjesine-qe-ka-vendi-yne-ne-kete-perfaqesim\/keshilli-i-ambasadoreve-copy\/\" data-orig-file=\"https:\/\/i0.wp.com\/www.shqiperia.com\/blog\/wp-content\/uploads\/2020\/01\/keshilli-i-ambasadoreve-Copy.jpg?fit=1280%2C853&amp;ssl=1\" data-orig-size=\"1280,853\" data-comments-opened=\"1\" data-image-meta=\"{&quot;aperture&quot;:&quot;0&quot;,&quot;credit&quot;:&quot;&quot;,&quot;camera&quot;:&quot;&quot;,&quot;caption&quot;:&quot;&quot;,&quot;created_timestamp&quot;:&quot;0&quot;,&quot;copyright&quot;:&quot;&quot;,&quot;focal_length&quot;:&quot;0&quot;,&quot;iso&quot;:&quot;0&quot;,&quot;shutter_speed&quot;:&quot;0&quot;,&quot;title&quot;:&quot;&quot;,&quot;orientation&quot;:&quot;0&quot;}\" data-image-title=\"keshilli-i-ambasadoreve\" data-image-description=\"\" data-image-caption=\"&lt;p&gt;keshilli i ambasadoreve&lt;\/p&gt;\n\" data-medium-file=\"https:\/\/i0.wp.com\/www.shqiperia.com\/blog\/wp-content\/uploads\/2020\/01\/keshilli-i-ambasadoreve-Copy.jpg?fit=300%2C200&amp;ssl=1\" data-large-file=\"https:\/\/i0.wp.com\/www.shqiperia.com\/blog\/wp-content\/uploads\/2020\/01\/keshilli-i-ambasadoreve-Copy.jpg?fit=1024%2C682&amp;ssl=1\" class=\" wp-image-30074\" alt=\"\" src=\"https:\/\/i0.wp.com\/www.shqiperia.com\/blog\/wp-content\/uploads\/2020\/01\/keshilli-i-ambasadoreve-Copy.jpg?resize=971%2C647&#038;ssl=1\" width=\"971\" height=\"647\" srcset=\"https:\/\/i0.wp.com\/www.shqiperia.com\/blog\/wp-content\/uploads\/2020\/01\/keshilli-i-ambasadoreve-Copy.jpg?resize=300%2C200&amp;ssl=1 300w, https:\/\/i0.wp.com\/www.shqiperia.com\/blog\/wp-content\/uploads\/2020\/01\/keshilli-i-ambasadoreve-Copy.jpg?resize=1024%2C682&amp;ssl=1 1024w, https:\/\/i0.wp.com\/www.shqiperia.com\/blog\/wp-content\/uploads\/2020\/01\/keshilli-i-ambasadoreve-Copy.jpg?resize=768%2C512&amp;ssl=1 768w, https:\/\/i0.wp.com\/www.shqiperia.com\/blog\/wp-content\/uploads\/2020\/01\/keshilli-i-ambasadoreve-Copy.jpg?resize=600%2C400&amp;ssl=1 600w, https:\/\/i0.wp.com\/www.shqiperia.com\/blog\/wp-content\/uploads\/2020\/01\/keshilli-i-ambasadoreve-Copy.jpg?resize=450%2C300&amp;ssl=1 450w, https:\/\/i0.wp.com\/www.shqiperia.com\/blog\/wp-content\/uploads\/2020\/01\/keshilli-i-ambasadoreve-Copy.jpg?resize=400%2C267&amp;ssl=1 400w, https:\/\/i0.wp.com\/www.shqiperia.com\/blog\/wp-content\/uploads\/2020\/01\/keshilli-i-ambasadoreve-Copy.jpg?w=1280&amp;ssl=1 1280w\" sizes=\"auto, (max-width: 971px) 100vw, 971px\" \/><p id=\"caption-attachment-30074\" class=\"wp-caption-text\">keshilli i ambasadoreve<\/p><\/div>\n<p>KASH fton qeverin\u00eb t\u00eb angazhoj\u00eb burimet m\u00eb t\u00eb mira njer\u00ebzore t\u00eb sh\u00ebrbimit diplomatik dhe administrat\u00ebs Shqiptare p\u00ebr t\u00eb menaxhuar me profesionaliz\u00ebm dhe kompetenc\u00eb dosjet e shumta q\u00eb p\u00ebrfshihen n\u00eb mandatin e OSBE-s\u00eb.<\/p>\n<p>K\u00ebshilli i Ambasador\u00ebve Shqiptar\u00eb i uron stafit t\u00eb Misionit t\u00eb Republik\u00ebs s\u00eb Shqip\u00ebris\u00eb n\u00eb OSBE, grupit t\u00eb posa\u00e7\u00ebm t\u00eb pun\u00ebs, Kryeministrit dhe Ministrit t\u00eb Pun\u00ebve t\u00eb Jashtme q\u00eb, n\u00eb cil\u00ebsin\u00eb e Kryetarit t\u00eb Rradh\u00ebs do t\u00eb drejtoj\u00eb politikisht Organizat\u00ebn, pun\u00eb t\u00eb mbar\u00eb dhe suksese n\u00eb p\u00ebrballimin e k\u00ebsaj sfide serioze.<\/p>\n<p>Gazeta Panorama<\/p>\n","protected":false},"excerpt":{"rendered":"<p>K\u00ebshilli i Ambasador\u00ebve Shqiptar\u00eb, duke pershendetur marrjen nga Shqip\u00ebria t\u00eb Kryesis\u00eb s\u00eb radh\u00ebs t\u00eb OSBE-s\u00eb p\u00ebr vitin 2020, nenvizon pergjegjesine qe ka vendi yne ne kete perfaqesim. Permes nje deklarate per mediat, KASH thekson se \u201cShqip\u00ebria ka p\u00ebrgjegj\u00ebsin\u00eb dhe detyrimin p\u00ebrball\u00eb Organizat\u00ebs, t\u00eb justifikoj\u00eb besimin e dh\u00ebn\u00eb, duke d\u00ebshmuar se \u00ebsht\u00eb vet\u00eb e aft\u00eb t\u00eb [&hellip;]<\/p>\n","protected":false},"author":9,"featured_media":30073,"comment_status":"open","ping_status":"open","sticky":false,"template":"","format":"standard","meta":{"jetpack_post_was_ever_published":false,"_jetpack_newsletter_access":"","_jetpack_dont_email_post_to_subs":false,"_jetpack_newsletter_tier_id":0,"_jetpack_memberships_contains_paywalled_content":false,"_jetpack_memberships_contains_paid_content":false,"footnotes":"","jetpack_publicize_message":"","jetpack_publicize_feature_enabled":true,"jetpack_social_post_already_shared":true,"jetpack_social_options":{"image_generator_settings":{"template":"highway","default_image_id":0,"font":"","enabled":false},"version":2}},"categories":[27,1,2],"tags":[],"class_list":["post-30072","post","type-post","status-publish","format-standard","has-post-thumbnail","hentry","category-blogu-i-udhetarit","category-njoftime-shtypi","category-politika"],"jetpack_publicize_connections":[],"jetpack_featured_media_url":"https:\/\/i0.wp.com\/www.shqiperia.com\/blog\/wp-content\/uploads\/2020\/01\/keshilli-i-ambasadoreve.jpg?fit=1148%2C647&ssl=1","jetpack_sharing_enabled":true,"jetpack_shortlink":"https:\/\/wp.me\/p5Z6wp-7P2","jetpack-related-posts":[{"id":15871,"url":"https:\/\/www.shqiperia.com\/blog\/15871-2\/","url_meta":{"origin":30072,"position":0},"title":"K\u00ebshilli i Ambasador\u00ebve Shqiptare: Rama t\u00eb rivler\u00ebsoj\u00eb kandidatur\u00ebn e ministrit t\u00eb Jasht\u00ebm. &#8211;","author":"Kurt Farka","date":"January 11, 2019","format":false,"excerpt":"K\u00ebshilli i Ambasador\u00ebve Shqiptare: Rama t\u00eb rivler\u00ebsoj\u00eb kandidatur\u00ebn e ministrit t\u00eb Jasht\u00ebm. - 11\/01\/2019 - P\u00ebr kandidatur\u00ebn e Gent Cakajt n\u00eb krye t\u00eb ministris\u00eb s\u00eb Jashtme ka reaguar edhe K\u00ebshilli i Ambasador\u00ebve Shqiptar\u00eb. N\u00eb nj\u00eb deklarat\u00eb ky k\u00ebshill i b\u00ebn thirrje Kryeministrit Rama ta rivler\u00ebsoj\u00eb kandidatur\u00ebn e ministrit n\u00eb fjal\u00eb.\u2026","rel":"","context":"In &quot;Blogu i Udh\u00ebtarit&quot;","block_context":{"text":"Blogu i Udh\u00ebtarit","link":"https:\/\/www.shqiperia.com\/blog\/category\/blogu-i-udhetarit\/"},"img":{"alt_text":"","src":"https:\/\/i0.wp.com\/www.shqiperia.com\/blog\/wp-content\/uploads\/2019\/01\/f5b02b56-98fc-4a5c-90b3-886b47f1378d.jpg?fit=1190%2C620&ssl=1&resize=350%2C200","width":350,"height":200,"srcset":"https:\/\/i0.wp.com\/www.shqiperia.com\/blog\/wp-content\/uploads\/2019\/01\/f5b02b56-98fc-4a5c-90b3-886b47f1378d.jpg?fit=1190%2C620&ssl=1&resize=350%2C200 1x, https:\/\/i0.wp.com\/www.shqiperia.com\/blog\/wp-content\/uploads\/2019\/01\/f5b02b56-98fc-4a5c-90b3-886b47f1378d.jpg?fit=1190%2C620&ssl=1&resize=525%2C300 1.5x, https:\/\/i0.wp.com\/www.shqiperia.com\/blog\/wp-content\/uploads\/2019\/01\/f5b02b56-98fc-4a5c-90b3-886b47f1378d.jpg?fit=1190%2C620&ssl=1&resize=700%2C400 2x, https:\/\/i0.wp.com\/www.shqiperia.com\/blog\/wp-content\/uploads\/2019\/01\/f5b02b56-98fc-4a5c-90b3-886b47f1378d.jpg?fit=1190%2C620&ssl=1&resize=1050%2C600 3x"},"classes":[]},{"id":23544,"url":"https:\/\/www.shqiperia.com\/blog\/meta-kerkon-ndihmen-e-osbe-duhet-ndermjetesim-sa-me-pare-mes-paleve-perpjekjet-jane-minuar-nga\/","url_meta":{"origin":30072,"position":1},"title":"Meta k\u00ebrkon ndihm\u00ebn e OSBE: Duhet nd\u00ebrmjet\u00ebsim sa m\u00eb par\u00eb mes pal\u00ebve. P\u00ebrpjekjet jan\u00eb minuar nga\u2026","author":"Kurt Farka","date":"July 25, 2019","format":false,"excerpt":"Meta k\u00ebrkon ndihm\u00ebn e OSBE: Duhet nd\u00ebrmjet\u00ebsim sa m\u00eb par\u00eb mes pal\u00ebve. P\u00ebrpjekjet jan\u00eb minuar nga\u2026 25 korrik 2019 Presidenti Ilir Meta priti sot n\u00eb takim Sekretarin e P\u00ebrgjithsh\u00ebm t\u00eb OSBE-s\u00eb, Z.Thomas Greminger. Meta e falenderoi p\u00ebr mb\u00ebshtetjen e dh\u00ebn\u00eb nga Sekretariati dhe nga vet\u00eb Sekretari i P\u00ebrgjithsh\u00ebm, p\u00ebr p\u00ebrgatitjet\u2026","rel":"","context":"In &quot;Blogu i Udh\u00ebtarit&quot;","block_context":{"text":"Blogu i Udh\u00ebtarit","link":"https:\/\/www.shqiperia.com\/blog\/category\/blogu-i-udhetarit\/"},"img":{"alt_text":"","src":"https:\/\/i0.wp.com\/www.shqiperia.com\/blog\/wp-content\/uploads\/2019\/07\/81d14c6d-36af-4254-b016-75709dc15774.jpg?fit=1200%2C663&ssl=1&resize=350%2C200","width":350,"height":200,"srcset":"https:\/\/i0.wp.com\/www.shqiperia.com\/blog\/wp-content\/uploads\/2019\/07\/81d14c6d-36af-4254-b016-75709dc15774.jpg?fit=1200%2C663&ssl=1&resize=350%2C200 1x, https:\/\/i0.wp.com\/www.shqiperia.com\/blog\/wp-content\/uploads\/2019\/07\/81d14c6d-36af-4254-b016-75709dc15774.jpg?fit=1200%2C663&ssl=1&resize=525%2C300 1.5x, https:\/\/i0.wp.com\/www.shqiperia.com\/blog\/wp-content\/uploads\/2019\/07\/81d14c6d-36af-4254-b016-75709dc15774.jpg?fit=1200%2C663&ssl=1&resize=700%2C400 2x, https:\/\/i0.wp.com\/www.shqiperia.com\/blog\/wp-content\/uploads\/2019\/07\/81d14c6d-36af-4254-b016-75709dc15774.jpg?fit=1200%2C663&ssl=1&resize=1050%2C600 3x"},"classes":[]},{"id":27550,"url":"https:\/\/www.shqiperia.com\/blog\/qyfyre-gent-cakaj-njofton-hapjen-e-zyres-se-posacme-kemi-qellim-zgjidhjen-e-konfliktit-ne-ukraine\/","url_meta":{"origin":30072,"position":2},"title":"QYFYRE: Gent Cakaj njofton hapjen e zyr\u00ebs s\u00eb posa\u00e7me: &#8211; Kemi q\u00ebllim zgjidhjen e konfliktit n\u00eb Ukrain\u00eb.","author":"Kurt Farka","date":"October 31, 2019","format":false,"excerpt":"QYFYRE: Gent Cakaj njofton hapjen e zyr\u00ebs s\u00eb posa\u00e7me: - Kemi q\u00ebllim zgjidhjen e konfliktit n\u00eb Ukrain\u00eb. 29 tetor 2019 Ministri n\u00eb Detyr\u00eb p\u00ebr Evrop\u00ebn dhe Pun\u00ebt e Jashtme Gent Cakaj ka njoftuar se K\u00ebshilli i Ministrave i Republik\u00ebs s\u00eb Shqip\u00ebris\u00eb ka marr\u00eb vendim p\u00ebr hapjen e misionit t\u00eb Posa\u00e7\u00ebm\u2026","rel":"","context":"In &quot;Blogu i Udh\u00ebtarit&quot;","block_context":{"text":"Blogu i Udh\u00ebtarit","link":"https:\/\/www.shqiperia.com\/blog\/category\/blogu-i-udhetarit\/"},"img":{"alt_text":"","src":"https:\/\/i0.wp.com\/www.shqiperia.com\/blog\/wp-content\/uploads\/2019\/10\/gent-cakaj.jpg?fit=780%2C405&ssl=1&resize=350%2C200","width":350,"height":200,"srcset":"https:\/\/i0.wp.com\/www.shqiperia.com\/blog\/wp-content\/uploads\/2019\/10\/gent-cakaj.jpg?fit=780%2C405&ssl=1&resize=350%2C200 1x, https:\/\/i0.wp.com\/www.shqiperia.com\/blog\/wp-content\/uploads\/2019\/10\/gent-cakaj.jpg?fit=780%2C405&ssl=1&resize=525%2C300 1.5x, https:\/\/i0.wp.com\/www.shqiperia.com\/blog\/wp-content\/uploads\/2019\/10\/gent-cakaj.jpg?fit=780%2C405&ssl=1&resize=700%2C400 2x"},"classes":[]},{"id":41983,"url":"https:\/\/www.shqiperia.com\/blog\/negociatat-ambasadoret-e-be-se-aprovojne-draft-konkluzionet-per-zgjerimin-shqiperia-nuk-ka-plotesuar-5-nga-6-kushtet-per-negociatat\/","url_meta":{"origin":30072,"position":3},"title":"NEGOCIATAT\/ Ambasador\u00ebt e BE-s\u00eb aprovojn\u00eb draft- konkluzionet p\u00ebr zgjerimin: Shqip\u00ebria nuk ka plot\u00ebsuar 5 nga 6 kushtet p\u00ebr negociatat","author":"Kurt Farka","date":"December 16, 2020","format":false,"excerpt":"NEGOCIATAT\/ Ambasador\u00ebt e BE-s\u00eb aprovojn\u00eb draft- konkluzionet p\u00ebr zgjerimin: Shqip\u00ebria nuk ka plot\u00ebsuar 5 nga 6 kushtet p\u00ebr negociatat 16 dhjetor \u00a02020 Pas d\u00ebshtimit t\u00eb Presidenc\u00ebs gjermane t\u00eb BE-s\u00eb p\u00ebr mbajtjen e konferenc\u00ebs s\u00eb par\u00eb nd\u00ebrqeveritare me Shqip\u00ebrin\u00eb dhe Maqedonin\u00eb e Veriut, K\u00ebshillit Europian po miraton sot vet\u00ebm konkluzionet e\u2026","rel":"","context":"In &quot;Blogu i Udh\u00ebtarit&quot;","block_context":{"text":"Blogu i Udh\u00ebtarit","link":"https:\/\/www.shqiperia.com\/blog\/category\/blogu-i-udhetarit\/"},"img":{"alt_text":"","src":"https:\/\/i0.wp.com\/www.shqiperia.com\/blog\/wp-content\/uploads\/2020\/12\/54909042_303-380x200-1.jpg?fit=380%2C200&ssl=1&resize=350%2C200","width":350,"height":200},"classes":[]},{"id":28991,"url":"https:\/\/www.shqiperia.com\/blog\/shqiperia-merr-drejtimin-e-osbe-edi-rama-kembe-mbi-tavoline-ne-zyren-e-re\/","url_meta":{"origin":30072,"position":4},"title":"Shqip\u00ebria merr drejtimin e OSBE, Edi Rama k\u00ebmb\u00eb mbi tavoline n\u00eb zyr\u00ebn e re.","author":"Kurt Farka","date":"December 6, 2019","format":false,"excerpt":"Shqip\u00ebria merr drejtimin e OSBE, Edi Rama k\u00ebmb\u00eb mbi tavoline n\u00eb zyr\u00ebn e re. 6 dhjetor 2019 Kryeministri Edi Rama ka udh\u00ebtuar sot drejt Bratislav\u00ebs, n\u00eb Sllovaki, ku Shqip\u00ebria pritet t\u00eb marr\u00eb drejtimin e OSBE p\u00ebr vitin e ardhsh\u00ebm. N\u00eb nj\u00eb video t\u00eb postuar live n\u00eb profilin e tij n\u00eb\u2026","rel":"","context":"In &quot;Blogu i Udh\u00ebtarit&quot;","block_context":{"text":"Blogu i Udh\u00ebtarit","link":"https:\/\/www.shqiperia.com\/blog\/category\/blogu-i-udhetarit\/"},"img":{"alt_text":"","src":"https:\/\/i0.wp.com\/www.shqiperia.com\/blog\/wp-content\/uploads\/2019\/12\/Rama-emigrante-696x371.png?fit=696%2C371&ssl=1&resize=350%2C200","width":350,"height":200,"srcset":"https:\/\/i0.wp.com\/www.shqiperia.com\/blog\/wp-content\/uploads\/2019\/12\/Rama-emigrante-696x371.png?fit=696%2C371&ssl=1&resize=350%2C200 1x, https:\/\/i0.wp.com\/www.shqiperia.com\/blog\/wp-content\/uploads\/2019\/12\/Rama-emigrante-696x371.png?fit=696%2C371&ssl=1&resize=525%2C300 1.5x"},"classes":[]},{"id":28996,"url":"https:\/\/www.shqiperia.com\/blog\/shqiperia-merr-drejtimin-e-osbe-edi-rama-kembet-mbi-tavoline-ne-zyren-e-re\/","url_meta":{"origin":30072,"position":5},"title":"Shqip\u00ebria merr drejtimin e OSBE, Edi Rama k\u00ebmb\u00ebt mbi tavoline n\u00eb zyr\u00ebn e re.","author":"Kurt Farka","date":"December 6, 2019","format":false,"excerpt":"Shqip\u00ebria merr drejtimin e OSBE, Edi Rama k\u00ebmb\u00ebt mbi tavoline n\u00eb zyr\u00ebn e re. 6 dhjetor 2019 Kryeministri Edi Rama ka udh\u00ebtuar sot drejt Bratislav\u00ebs, n\u00eb Sllovaki, ku Shqip\u00ebria pritet t\u00eb marr\u00eb drejtimin e OSBE p\u00ebr vitin e ardhsh\u00ebm. N\u00eb nj\u00eb video t\u00eb postuar live n\u00eb profilin e tij n\u00eb\u2026","rel":"","context":"In &quot;Blogu i Udh\u00ebtarit&quot;","block_context":{"text":"Blogu i Udh\u00ebtarit","link":"https:\/\/www.shqiperia.com\/blog\/category\/blogu-i-udhetarit\/"},"img":{"alt_text":"","src":"https:\/\/i0.wp.com\/www.shqiperia.com\/blog\/wp-content\/uploads\/2019\/12\/rama-kembet-2.png?fit=868%2C491&ssl=1&resize=350%2C200","width":350,"height":200,"srcset":"https:\/\/i0.wp.com\/www.shqiperia.com\/blog\/wp-content\/uploads\/2019\/12\/rama-kembet-2.png?fit=868%2C491&ssl=1&resize=350%2C200 1x, https:\/\/i0.wp.com\/www.shqiperia.com\/blog\/wp-content\/uploads\/2019\/12\/rama-kembet-2.png?fit=868%2C491&ssl=1&resize=525%2C300 1.5x, https:\/\/i0.wp.com\/www.shqiperia.com\/blog\/wp-content\/uploads\/2019\/12\/rama-kembet-2.png?fit=868%2C491&ssl=1&resize=700%2C400 2x"},"classes":[]}],"_links":{"self":[{"href":"https:\/\/www.shqiperia.com\/blog\/wp-json\/wp\/v2\/posts\/30072","targetHints":{"allow":["GET"]}}],"collection":[{"href":"https:\/\/www.shqiperia.com\/blog\/wp-json\/wp\/v2\/posts"}],"about":[{"href":"https:\/\/www.shqiperia.com\/blog\/wp-json\/wp\/v2\/types\/post"}],"author":[{"embeddable":true,"href":"https:\/\/www.shqiperia.com\/blog\/wp-json\/wp\/v2\/users\/9"}],"replies":[{"embeddable":true,"href":"https:\/\/www.shqiperia.com\/blog\/wp-json\/wp\/v2\/comments?post=30072"}],"version-history":[{"count":1,"href":"https:\/\/www.shqiperia.com\/blog\/wp-json\/wp\/v2\/posts\/30072\/revisions"}],"predecessor-version":[{"id":30075,"href":"https:\/\/www.shqiperia.com\/blog\/wp-json\/wp\/v2\/posts\/30072\/revisions\/30075"}],"wp:featuredmedia":[{"embeddable":true,"href":"https:\/\/www.shqiperia.com\/blog\/wp-json\/wp\/v2\/media\/30073"}],"wp:attachment":[{"href":"https:\/\/www.shqiperia.com\/blog\/wp-json\/wp\/v2\/media?parent=30072"}],"wp:term":[{"taxonomy":"category","embeddable":true,"href":"https:\/\/www.shqiperia.com\/blog\/wp-json\/wp\/v2\/categories?post=30072"},{"taxonomy":"post_tag","embeddable":true,"href":"https:\/\/www.shqiperia.com\/blog\/wp-json\/wp\/v2\/tags?post=30072"}],"curies":[{"name":"wp","href":"https:\/\/api.w.org\/{rel}","templated":true}]}}