{"id":30068,"date":"2020-01-06T13:43:54","date_gmt":"2020-01-06T13:43:54","guid":{"rendered":"https:\/\/www.shqiperia.com\/blog\/?p=30068"},"modified":"2020-01-06T13:43:54","modified_gmt":"2020-01-06T13:43:54","slug":"foto-muzeu-etnografik-prishtine","status":"publish","type":"post","link":"https:\/\/www.shqiperia.com\/blog\/foto-muzeu-etnografik-prishtine\/","title":{"rendered":"Foto: -Muzeu Etnografik Prishtine."},"content":{"rendered":"<p><img data-recalc-dims=\"1\" loading=\"lazy\" decoding=\"async\" data-attachment-id=\"30069\" data-permalink=\"https:\/\/www.shqiperia.com\/blog\/foto-muzeu-etnografik-prishtine\/muzeu-etnografik-prishtine\/\" data-orig-file=\"https:\/\/i0.wp.com\/www.shqiperia.com\/blog\/wp-content\/uploads\/2020\/01\/Muzeu-Etnografik-Prishtine-scaled.jpg?fit=2560%2C1259&amp;ssl=1\" data-orig-size=\"2560,1259\" data-comments-opened=\"1\" data-image-meta=\"{&quot;aperture&quot;:&quot;4.8&quot;,&quot;credit&quot;:&quot;&quot;,&quot;camera&quot;:&quot;EX-Z700&quot;,&quot;caption&quot;:&quot;&quot;,&quot;created_timestamp&quot;:&quot;1227532055&quot;,&quot;copyright&quot;:&quot;&quot;,&quot;focal_length&quot;:&quot;7.6&quot;,&quot;iso&quot;:&quot;0&quot;,&quot;shutter_speed&quot;:&quot;0.0015625&quot;,&quot;title&quot;:&quot;&quot;,&quot;orientation&quot;:&quot;1&quot;}\" data-image-title=\"Muzeu Etnografik Prishtine\" data-image-description=\"\" data-image-caption=\"\" data-medium-file=\"https:\/\/i0.wp.com\/www.shqiperia.com\/blog\/wp-content\/uploads\/2020\/01\/Muzeu-Etnografik-Prishtine-scaled.jpg?fit=300%2C147&amp;ssl=1\" data-large-file=\"https:\/\/i0.wp.com\/www.shqiperia.com\/blog\/wp-content\/uploads\/2020\/01\/Muzeu-Etnografik-Prishtine-scaled.jpg?fit=1024%2C503&amp;ssl=1\" class=\"alignnone  wp-image-30069\" alt=\"\" src=\"https:\/\/i0.wp.com\/www.shqiperia.com\/blog\/wp-content\/uploads\/2020\/01\/Muzeu-Etnografik-Prishtine.jpg?resize=610%2C301&#038;ssl=1\" width=\"610\" height=\"301\" srcset=\"https:\/\/i0.wp.com\/www.shqiperia.com\/blog\/wp-content\/uploads\/2020\/01\/Muzeu-Etnografik-Prishtine-scaled.jpg?resize=300%2C147&amp;ssl=1 300w, https:\/\/i0.wp.com\/www.shqiperia.com\/blog\/wp-content\/uploads\/2020\/01\/Muzeu-Etnografik-Prishtine-scaled.jpg?resize=1024%2C503&amp;ssl=1 1024w, https:\/\/i0.wp.com\/www.shqiperia.com\/blog\/wp-content\/uploads\/2020\/01\/Muzeu-Etnografik-Prishtine-scaled.jpg?resize=768%2C378&amp;ssl=1 768w, https:\/\/i0.wp.com\/www.shqiperia.com\/blog\/wp-content\/uploads\/2020\/01\/Muzeu-Etnografik-Prishtine-scaled.jpg?resize=1536%2C755&amp;ssl=1 1536w, https:\/\/i0.wp.com\/www.shqiperia.com\/blog\/wp-content\/uploads\/2020\/01\/Muzeu-Etnografik-Prishtine-scaled.jpg?resize=2048%2C1007&amp;ssl=1 2048w, https:\/\/i0.wp.com\/www.shqiperia.com\/blog\/wp-content\/uploads\/2020\/01\/Muzeu-Etnografik-Prishtine-scaled.jpg?resize=2000%2C983&amp;ssl=1 2000w, https:\/\/i0.wp.com\/www.shqiperia.com\/blog\/wp-content\/uploads\/2020\/01\/Muzeu-Etnografik-Prishtine-scaled.jpg?resize=450%2C221&amp;ssl=1 450w, https:\/\/i0.wp.com\/www.shqiperia.com\/blog\/wp-content\/uploads\/2020\/01\/Muzeu-Etnografik-Prishtine-scaled.jpg?resize=600%2C295&amp;ssl=1 600w, https:\/\/i0.wp.com\/www.shqiperia.com\/blog\/wp-content\/uploads\/2020\/01\/Muzeu-Etnografik-Prishtine-scaled.jpg?resize=1500%2C737&amp;ssl=1 1500w, https:\/\/i0.wp.com\/www.shqiperia.com\/blog\/wp-content\/uploads\/2020\/01\/Muzeu-Etnografik-Prishtine-scaled.jpg?resize=1300%2C639&amp;ssl=1 1300w, https:\/\/i0.wp.com\/www.shqiperia.com\/blog\/wp-content\/uploads\/2020\/01\/Muzeu-Etnografik-Prishtine-scaled.jpg?resize=400%2C197&amp;ssl=1 400w\" sizes=\"auto, (max-width: 610px) 100vw, 610px\" \/><\/p>\n<p>Muzeu Etnografik Prishtine, foto e realizuar ne Nentor 2012.<\/p>\n<div id=\"attachment_30070\" style=\"width: 862px\" class=\"wp-caption alignnone\"><img data-recalc-dims=\"1\" loading=\"lazy\" decoding=\"async\" aria-describedby=\"caption-attachment-30070\" data-attachment-id=\"30070\" data-permalink=\"https:\/\/www.shqiperia.com\/blog\/foto-muzeu-etnografik-prishtine\/muzeu-etnografik-prishtine-copy\/\" data-orig-file=\"https:\/\/i0.wp.com\/www.shqiperia.com\/blog\/wp-content\/uploads\/2020\/01\/Muzeu-Etnografik-Prishtine-Copy-scaled.jpg?fit=2560%2C1920&amp;ssl=1\" data-orig-size=\"2560,1920\" data-comments-opened=\"1\" data-image-meta=\"{&quot;aperture&quot;:&quot;4.8&quot;,&quot;credit&quot;:&quot;&quot;,&quot;camera&quot;:&quot;EX-Z700&quot;,&quot;caption&quot;:&quot;&quot;,&quot;created_timestamp&quot;:&quot;1227532055&quot;,&quot;copyright&quot;:&quot;&quot;,&quot;focal_length&quot;:&quot;7.6&quot;,&quot;iso&quot;:&quot;0&quot;,&quot;shutter_speed&quot;:&quot;0.0015625&quot;,&quot;title&quot;:&quot;&quot;,&quot;orientation&quot;:&quot;1&quot;}\" data-image-title=\"Muzeu Etnografik Prishtine &#8211; Copy\" data-image-description=\"\" data-image-caption=\"&lt;p&gt;Muzeu Etnografik Prishtine&lt;\/p&gt;\n\" data-medium-file=\"https:\/\/i0.wp.com\/www.shqiperia.com\/blog\/wp-content\/uploads\/2020\/01\/Muzeu-Etnografik-Prishtine-Copy-scaled.jpg?fit=300%2C225&amp;ssl=1\" data-large-file=\"https:\/\/i0.wp.com\/www.shqiperia.com\/blog\/wp-content\/uploads\/2020\/01\/Muzeu-Etnografik-Prishtine-Copy-scaled.jpg?fit=1024%2C768&amp;ssl=1\" class=\" wp-image-30070\" alt=\"\" src=\"https:\/\/i0.wp.com\/www.shqiperia.com\/blog\/wp-content\/uploads\/2020\/01\/Muzeu-Etnografik-Prishtine-Copy.jpg?resize=852%2C639&#038;ssl=1\" width=\"852\" height=\"639\" srcset=\"https:\/\/i0.wp.com\/www.shqiperia.com\/blog\/wp-content\/uploads\/2020\/01\/Muzeu-Etnografik-Prishtine-Copy-scaled.jpg?resize=300%2C225&amp;ssl=1 300w, https:\/\/i0.wp.com\/www.shqiperia.com\/blog\/wp-content\/uploads\/2020\/01\/Muzeu-Etnografik-Prishtine-Copy-scaled.jpg?resize=1024%2C768&amp;ssl=1 1024w, https:\/\/i0.wp.com\/www.shqiperia.com\/blog\/wp-content\/uploads\/2020\/01\/Muzeu-Etnografik-Prishtine-Copy-scaled.jpg?resize=768%2C576&amp;ssl=1 768w, https:\/\/i0.wp.com\/www.shqiperia.com\/blog\/wp-content\/uploads\/2020\/01\/Muzeu-Etnografik-Prishtine-Copy-scaled.jpg?resize=1536%2C1152&amp;ssl=1 1536w, https:\/\/i0.wp.com\/www.shqiperia.com\/blog\/wp-content\/uploads\/2020\/01\/Muzeu-Etnografik-Prishtine-Copy-scaled.jpg?resize=2048%2C1536&amp;ssl=1 2048w, https:\/\/i0.wp.com\/www.shqiperia.com\/blog\/wp-content\/uploads\/2020\/01\/Muzeu-Etnografik-Prishtine-Copy-scaled.jpg?resize=2000%2C1500&amp;ssl=1 2000w, https:\/\/i0.wp.com\/www.shqiperia.com\/blog\/wp-content\/uploads\/2020\/01\/Muzeu-Etnografik-Prishtine-Copy-scaled.jpg?resize=450%2C338&amp;ssl=1 450w, https:\/\/i0.wp.com\/www.shqiperia.com\/blog\/wp-content\/uploads\/2020\/01\/Muzeu-Etnografik-Prishtine-Copy-scaled.jpg?resize=600%2C450&amp;ssl=1 600w, https:\/\/i0.wp.com\/www.shqiperia.com\/blog\/wp-content\/uploads\/2020\/01\/Muzeu-Etnografik-Prishtine-Copy-scaled.jpg?resize=1500%2C1125&amp;ssl=1 1500w, https:\/\/i0.wp.com\/www.shqiperia.com\/blog\/wp-content\/uploads\/2020\/01\/Muzeu-Etnografik-Prishtine-Copy-scaled.jpg?resize=1300%2C975&amp;ssl=1 1300w, https:\/\/i0.wp.com\/www.shqiperia.com\/blog\/wp-content\/uploads\/2020\/01\/Muzeu-Etnografik-Prishtine-Copy-scaled.jpg?resize=400%2C300&amp;ssl=1 400w\" sizes=\"auto, (max-width: 852px) 100vw, 852px\" \/><p id=\"caption-attachment-30070\" class=\"wp-caption-text\">Muzeu Etnografik Prishtine. Foto nga J. Brahaj.<\/p><\/div>\n","protected":false},"excerpt":{"rendered":"<p>Muzeu Etnografik Prishtine, foto e realizuar ne Nentor 2012.<\/p>\n","protected":false},"author":9,"featured_media":30069,"comment_status":"open","ping_status":"open","sticky":false,"template":"","format":"standard","meta":{"jetpack_post_was_ever_published":false,"_jetpack_newsletter_access":"","_jetpack_dont_email_post_to_subs":false,"_jetpack_newsletter_tier_id":0,"_jetpack_memberships_contains_paywalled_content":false,"_jetpack_memberships_contains_paid_content":false,"footnotes":"","jetpack_publicize_message":"","jetpack_publicize_feature_enabled":true,"jetpack_social_post_already_shared":true,"jetpack_social_options":{"image_generator_settings":{"template":"highway","default_image_id":0,"font":"","enabled":false},"version":2}},"categories":[10],"tags":[],"class_list":["post-30068","post","type-post","status-publish","format-standard","has-post-thumbnail","hentry","category-kultura"],"jetpack_publicize_connections":[],"jetpack_featured_media_url":"https:\/\/i0.wp.com\/www.shqiperia.com\/blog\/wp-content\/uploads\/2020\/01\/Muzeu-Etnografik-Prishtine-scaled.jpg?fit=2560%2C1259&ssl=1","jetpack_sharing_enabled":true,"jetpack_shortlink":"https:\/\/wp.me\/p5Z6wp-7OY","jetpack-related-posts":[{"id":25075,"url":"https:\/\/www.shqiperia.com\/blog\/foto-nga-muzeu-etnograik-prishtine\/","url_meta":{"origin":30068,"position":0},"title":"Foto nga Muzeu Etnograik Prishtine.","author":"Kurt Farka","date":"August 24, 2019","format":false,"excerpt":"Foto nga Muzeu Etnograik Prishtine. Foto: Albanian Archaeology.","rel":"","context":"In &quot;Blogu i Udh\u00ebtarit&quot;","block_context":{"text":"Blogu i Udh\u00ebtarit","link":"https:\/\/www.shqiperia.com\/blog\/category\/blogu-i-udhetarit\/"},"img":{"alt_text":"","src":"https:\/\/i0.wp.com\/www.shqiperia.com\/blog\/wp-content\/uploads\/2019\/08\/47422736_721885578197531_7132151025913298944_n-Copy.jpg?fit=744%2C368&ssl=1&resize=350%2C200","width":350,"height":200,"srcset":"https:\/\/i0.wp.com\/www.shqiperia.com\/blog\/wp-content\/uploads\/2019\/08\/47422736_721885578197531_7132151025913298944_n-Copy.jpg?fit=744%2C368&ssl=1&resize=350%2C200 1x, https:\/\/i0.wp.com\/www.shqiperia.com\/blog\/wp-content\/uploads\/2019\/08\/47422736_721885578197531_7132151025913298944_n-Copy.jpg?fit=744%2C368&ssl=1&resize=525%2C300 1.5x, https:\/\/i0.wp.com\/www.shqiperia.com\/blog\/wp-content\/uploads\/2019\/08\/47422736_721885578197531_7132151025913298944_n-Copy.jpg?fit=744%2C368&ssl=1&resize=700%2C400 2x"},"classes":[]},{"id":61289,"url":"https:\/\/www.shqiperia.com\/blog\/album-foto-muzeu-etnografik-i-vlores-pasqyra-e-jeteses-se-qytetit\/","url_meta":{"origin":30068,"position":1},"title":"Album Foto: &#8211; Muzeu Etnografik i Vlor\u00ebs, Pasqyra e Jetes\u00ebs s\u00eb Qytetit","author":"Kurt Farka","date":"August 21, 2022","format":false,"excerpt":"21 Gusht 2022 Muzeu Etnografik i Vlor\u00ebs \u00ebsht\u00eb nj\u00eb d\u00ebshmi e gjall\u00eb e tradit\u00ebs dhe m\u00ebnyr\u00ebs s\u00eb jetes\u00ebs s\u00eb qytetit nd\u00ebr vite. Pjes\u00eb p\u00ebrb\u00ebr\u00ebse e tre muzeve t\u00eb qytetit t\u00eb\u00a0Vlor\u00ebs, Muzeu Etnografik ndodhet shum\u00eb af\u00ebr Muzeut Historik s\u00eb Vlor\u00ebs. N\u00eb k\u00ebt\u00eb muze 37-vje\u00e7ar mund t\u00eb gjesh historin\u00eb e kultur\u00ebs s\u00eb\u2026","rel":"","context":"In &quot;Arte&quot;","block_context":{"text":"Arte","link":"https:\/\/www.shqiperia.com\/blog\/category\/arte\/"},"img":{"alt_text":"","src":"https:\/\/i0.wp.com\/www.shqiperia.com\/blog\/wp-content\/uploads\/2022\/08\/Muzeu-Etnografik-Vlore-3.jpg?fit=1024%2C576&ssl=1&resize=350%2C200","width":350,"height":200,"srcset":"https:\/\/i0.wp.com\/www.shqiperia.com\/blog\/wp-content\/uploads\/2022\/08\/Muzeu-Etnografik-Vlore-3.jpg?fit=1024%2C576&ssl=1&resize=350%2C200 1x, https:\/\/i0.wp.com\/www.shqiperia.com\/blog\/wp-content\/uploads\/2022\/08\/Muzeu-Etnografik-Vlore-3.jpg?fit=1024%2C576&ssl=1&resize=525%2C300 1.5x, https:\/\/i0.wp.com\/www.shqiperia.com\/blog\/wp-content\/uploads\/2022\/08\/Muzeu-Etnografik-Vlore-3.jpg?fit=1024%2C576&ssl=1&resize=700%2C400 2x"},"classes":[]},{"id":53531,"url":"https:\/\/www.shqiperia.com\/blog\/muzeu-etnografik-ne-kruje-ekspozimi-aktual-i-artifakteve-do-te-permiresohet\/","url_meta":{"origin":30068,"position":2},"title":"Muzeu Etnografik n\u00eb Kruj\u00eb, ekspozimi aktual i artifakteve do t\u00eb p\u00ebrmir\u00ebsohet.","author":"Kurt Farka","date":"January 27, 2022","format":false,"excerpt":"Muzeu Etnografik n\u00eb Kruj\u00eb, ekspozimi aktual i artifakteve do t\u00eb p\u00ebrmir\u00ebsohet. 22 JANAR 2022 Muzeu Etnografik i Kruj\u00ebs \u00ebsht\u00eb nj\u00eb tjet\u00ebr sit i trash\u00ebgimis\u00eb kulturore, i cili do t\u00eb restaurohet nga programi \u201cEU4Culture\u201d. Her\u00eb pas here \u201cEU4Culture\u201d program i Bashkimit Europian publikon objektet ku punohet p\u00ebrmes tij, nd\u00ebrsa nj\u00eb prej\u2026","rel":"","context":"In &quot;Histori&quot;","block_context":{"text":"Histori","link":"https:\/\/www.shqiperia.com\/blog\/category\/histori\/"},"img":{"alt_text":"","src":"https:\/\/i0.wp.com\/www.shqiperia.com\/blog\/wp-content\/uploads\/2022\/01\/Muzeu-Etnografik-ne-Kruje.jpg?fit=1200%2C675&ssl=1&resize=350%2C200","width":350,"height":200,"srcset":"https:\/\/i0.wp.com\/www.shqiperia.com\/blog\/wp-content\/uploads\/2022\/01\/Muzeu-Etnografik-ne-Kruje.jpg?fit=1200%2C675&ssl=1&resize=350%2C200 1x, https:\/\/i0.wp.com\/www.shqiperia.com\/blog\/wp-content\/uploads\/2022\/01\/Muzeu-Etnografik-ne-Kruje.jpg?fit=1200%2C675&ssl=1&resize=525%2C300 1.5x, https:\/\/i0.wp.com\/www.shqiperia.com\/blog\/wp-content\/uploads\/2022\/01\/Muzeu-Etnografik-ne-Kruje.jpg?fit=1200%2C675&ssl=1&resize=700%2C400 2x, https:\/\/i0.wp.com\/www.shqiperia.com\/blog\/wp-content\/uploads\/2022\/01\/Muzeu-Etnografik-ne-Kruje.jpg?fit=1200%2C675&ssl=1&resize=1050%2C600 3x"},"classes":[]},{"id":52739,"url":"https:\/\/www.shqiperia.com\/blog\/muzeu-etnografik-i-beratit-dokumentimi-i-artefakteve-eshte-pjese-e-rendesishme\/","url_meta":{"origin":30068,"position":3},"title":"Muzeu Etnografik i Beratit: Dokumentimi i artefakteve \u00ebsht\u00eb pjes\u00eb e r\u00ebnd\u00ebsishme","author":"Kurt Farka","date":"December 27, 2021","format":false,"excerpt":"Muzeu Etnografik\u00a0 i Beratit: Dokumentimi i artefakteve \u00ebsht\u00eb pjes\u00eb e r\u00ebnd\u00ebsishme 24 DHJETOR 2021 Muzeu Etnografik n\u00eb Berat ndodhet n\u00eb zon\u00ebn e mbrojtur shum\u00eb pran\u00eb qendr\u00ebs historike (lagjeve Mangalem, Kala). Qendra Komb\u00ebtare e Muzeumeve Berat shprehet se p\u00ebrgjat\u00eb nj\u00eb viti n\u00eb k\u00ebt\u00eb muze p\u00ebr \u00e7do artefakt \u00ebsht\u00eb b\u00ebr\u00eb kartelizimi. \u201cHulumtimi\u2026","rel":"","context":"In &quot;Histori&quot;","block_context":{"text":"Histori","link":"https:\/\/www.shqiperia.com\/blog\/category\/histori\/"},"img":{"alt_text":"","src":"https:\/\/i0.wp.com\/www.shqiperia.com\/blog\/wp-content\/uploads\/2021\/12\/Gladiola-Caka-Muzeu-Etnografik-Berat.jpg?fit=800%2C501&ssl=1&resize=350%2C200","width":350,"height":200,"srcset":"https:\/\/i0.wp.com\/www.shqiperia.com\/blog\/wp-content\/uploads\/2021\/12\/Gladiola-Caka-Muzeu-Etnografik-Berat.jpg?fit=800%2C501&ssl=1&resize=350%2C200 1x, https:\/\/i0.wp.com\/www.shqiperia.com\/blog\/wp-content\/uploads\/2021\/12\/Gladiola-Caka-Muzeu-Etnografik-Berat.jpg?fit=800%2C501&ssl=1&resize=525%2C300 1.5x, https:\/\/i0.wp.com\/www.shqiperia.com\/blog\/wp-content\/uploads\/2021\/12\/Gladiola-Caka-Muzeu-Etnografik-Berat.jpg?fit=800%2C501&ssl=1&resize=700%2C400 2x"},"classes":[]},{"id":27007,"url":"https:\/\/www.shqiperia.com\/blog\/jelek-gruaje-kadife-shek-xix-muzeu-etnografik-berat\/","url_meta":{"origin":30068,"position":4},"title":"Jelek gruaje kadife, shek. XIX.  Muzeu Etnografik Berat.","author":"Kurt Farka","date":"October 15, 2019","format":false,"excerpt":"Jelek kadife, q\u00ebndisur me fill e kordona ari. I p\u00ebrket shek. XIX. Prone e Muzeut Etnografik Berat.","rel":"","context":"In &quot;Histori&quot;","block_context":{"text":"Histori","link":"https:\/\/www.shqiperia.com\/blog\/category\/histori\/"},"img":{"alt_text":"","src":"https:\/\/i0.wp.com\/www.shqiperia.com\/blog\/wp-content\/uploads\/2019\/10\/68602727_2307347932654508_5213581932129943552_n.jpg?fit=960%2C574&ssl=1&resize=350%2C200","width":350,"height":200,"srcset":"https:\/\/i0.wp.com\/www.shqiperia.com\/blog\/wp-content\/uploads\/2019\/10\/68602727_2307347932654508_5213581932129943552_n.jpg?fit=960%2C574&ssl=1&resize=350%2C200 1x, https:\/\/i0.wp.com\/www.shqiperia.com\/blog\/wp-content\/uploads\/2019\/10\/68602727_2307347932654508_5213581932129943552_n.jpg?fit=960%2C574&ssl=1&resize=525%2C300 1.5x, https:\/\/i0.wp.com\/www.shqiperia.com\/blog\/wp-content\/uploads\/2019\/10\/68602727_2307347932654508_5213581932129943552_n.jpg?fit=960%2C574&ssl=1&resize=700%2C400 2x"},"classes":[]},{"id":78962,"url":"https:\/\/www.shqiperia.com\/blog\/a-do-kemi-ne-shqiptaret-muze-etnografik\/","url_meta":{"origin":30068,"position":5},"title":"A do kemi ne shqiptar\u00ebt Muze Etnografik.","author":"Kurt Farka","date":"March 6, 2024","format":false,"excerpt":"6 Mars 2024 Fqinjet ton\u00eb kane ngritur muze dhe perfaq\u00ebsohen edhe me trash\u00ebgimine ton\u00eb etnike te kultures materiale. - Shembullin po e japim nga Muzeu i Cetines, Mali i Zi ku ruhen te ekspozuara (ndoshta dhe ne fondet muzeore) Xhubleta Shqiptare dhe shume pjese te kesaj veshje me perzgjedhje per\u2026","rel":"","context":"In &quot;Blogu i Udh\u00ebtarit&quot;","block_context":{"text":"Blogu i Udh\u00ebtarit","link":"https:\/\/www.shqiperia.com\/blog\/category\/blogu-i-udhetarit\/"},"img":{"alt_text":"","src":"https:\/\/i0.wp.com\/www.shqiperia.com\/blog\/wp-content\/uploads\/2024\/03\/157606574_2977336385822978_1633392540259267790_n.jpg?fit=768%2C632&ssl=1&resize=350%2C200","width":350,"height":200,"srcset":"https:\/\/i0.wp.com\/www.shqiperia.com\/blog\/wp-content\/uploads\/2024\/03\/157606574_2977336385822978_1633392540259267790_n.jpg?fit=768%2C632&ssl=1&resize=350%2C200 1x, https:\/\/i0.wp.com\/www.shqiperia.com\/blog\/wp-content\/uploads\/2024\/03\/157606574_2977336385822978_1633392540259267790_n.jpg?fit=768%2C632&ssl=1&resize=525%2C300 1.5x, https:\/\/i0.wp.com\/www.shqiperia.com\/blog\/wp-content\/uploads\/2024\/03\/157606574_2977336385822978_1633392540259267790_n.jpg?fit=768%2C632&ssl=1&resize=700%2C400 2x"},"classes":[]}],"_links":{"self":[{"href":"https:\/\/www.shqiperia.com\/blog\/wp-json\/wp\/v2\/posts\/30068","targetHints":{"allow":["GET"]}}],"collection":[{"href":"https:\/\/www.shqiperia.com\/blog\/wp-json\/wp\/v2\/posts"}],"about":[{"href":"https:\/\/www.shqiperia.com\/blog\/wp-json\/wp\/v2\/types\/post"}],"author":[{"embeddable":true,"href":"https:\/\/www.shqiperia.com\/blog\/wp-json\/wp\/v2\/users\/9"}],"replies":[{"embeddable":true,"href":"https:\/\/www.shqiperia.com\/blog\/wp-json\/wp\/v2\/comments?post=30068"}],"version-history":[{"count":1,"href":"https:\/\/www.shqiperia.com\/blog\/wp-json\/wp\/v2\/posts\/30068\/revisions"}],"predecessor-version":[{"id":30071,"href":"https:\/\/www.shqiperia.com\/blog\/wp-json\/wp\/v2\/posts\/30068\/revisions\/30071"}],"wp:featuredmedia":[{"embeddable":true,"href":"https:\/\/www.shqiperia.com\/blog\/wp-json\/wp\/v2\/media\/30069"}],"wp:attachment":[{"href":"https:\/\/www.shqiperia.com\/blog\/wp-json\/wp\/v2\/media?parent=30068"}],"wp:term":[{"taxonomy":"category","embeddable":true,"href":"https:\/\/www.shqiperia.com\/blog\/wp-json\/wp\/v2\/categories?post=30068"},{"taxonomy":"post_tag","embeddable":true,"href":"https:\/\/www.shqiperia.com\/blog\/wp-json\/wp\/v2\/tags?post=30068"}],"curies":[{"name":"wp","href":"https:\/\/api.w.org\/{rel}","templated":true}]}}