{"id":30063,"date":"2020-01-06T13:33:46","date_gmt":"2020-01-06T13:33:46","guid":{"rendered":"https:\/\/www.shqiperia.com\/blog\/?p=30063"},"modified":"2020-01-06T13:33:46","modified_gmt":"2020-01-06T13:33:46","slug":"projekti-nivica-prezantohet-ne-konferencen-e-institutit-te-arkeologjise-amerikane","status":"publish","type":"post","link":"https:\/\/www.shqiperia.com\/blog\/projekti-nivica-prezantohet-ne-konferencen-e-institutit-te-arkeologjise-amerikane\/","title":{"rendered":"Projekti \u201cNivica\u201d prezantohet n\u00eb konferenc\u00ebn e Institutit t\u00eb Arkeologjis\u00eb Amerikane."},"content":{"rendered":"<p><img data-recalc-dims=\"1\" loading=\"lazy\" decoding=\"async\" data-attachment-id=\"30064\" data-permalink=\"https:\/\/www.shqiperia.com\/blog\/projekti-nivica-prezantohet-ne-konferencen-e-institutit-te-arkeologjise-amerikane\/ujesjellesi-i-gjirokastres-2\/\" data-orig-file=\"https:\/\/i0.wp.com\/www.shqiperia.com\/blog\/wp-content\/uploads\/2020\/01\/Ujesjellesi-i-Gjirokastres.jpg?fit=1024%2C558&amp;ssl=1\" data-orig-size=\"1024,558\" data-comments-opened=\"1\" data-image-meta=\"{&quot;aperture&quot;:&quot;0&quot;,&quot;credit&quot;:&quot;&quot;,&quot;camera&quot;:&quot;&quot;,&quot;caption&quot;:&quot;&quot;,&quot;created_timestamp&quot;:&quot;0&quot;,&quot;copyright&quot;:&quot;&quot;,&quot;focal_length&quot;:&quot;0&quot;,&quot;iso&quot;:&quot;0&quot;,&quot;shutter_speed&quot;:&quot;0&quot;,&quot;title&quot;:&quot;&quot;,&quot;orientation&quot;:&quot;0&quot;}\" data-image-title=\"Ujesjellesi i Gjirokastres\" data-image-description=\"\" data-image-caption=\"\" data-medium-file=\"https:\/\/i0.wp.com\/www.shqiperia.com\/blog\/wp-content\/uploads\/2020\/01\/Ujesjellesi-i-Gjirokastres.jpg?fit=300%2C163&amp;ssl=1\" data-large-file=\"https:\/\/i0.wp.com\/www.shqiperia.com\/blog\/wp-content\/uploads\/2020\/01\/Ujesjellesi-i-Gjirokastres.jpg?fit=1024%2C558&amp;ssl=1\" class=\"alignnone  wp-image-30064\" alt=\"\" src=\"https:\/\/i0.wp.com\/www.shqiperia.com\/blog\/wp-content\/uploads\/2020\/01\/Ujesjellesi-i-Gjirokastres.jpg?resize=528%2C287&#038;ssl=1\" width=\"528\" height=\"287\" srcset=\"https:\/\/i0.wp.com\/www.shqiperia.com\/blog\/wp-content\/uploads\/2020\/01\/Ujesjellesi-i-Gjirokastres.jpg?resize=300%2C163&amp;ssl=1 300w, https:\/\/i0.wp.com\/www.shqiperia.com\/blog\/wp-content\/uploads\/2020\/01\/Ujesjellesi-i-Gjirokastres.jpg?resize=768%2C419&amp;ssl=1 768w, https:\/\/i0.wp.com\/www.shqiperia.com\/blog\/wp-content\/uploads\/2020\/01\/Ujesjellesi-i-Gjirokastres.jpg?resize=450%2C245&amp;ssl=1 450w, https:\/\/i0.wp.com\/www.shqiperia.com\/blog\/wp-content\/uploads\/2020\/01\/Ujesjellesi-i-Gjirokastres.jpg?resize=600%2C327&amp;ssl=1 600w, https:\/\/i0.wp.com\/www.shqiperia.com\/blog\/wp-content\/uploads\/2020\/01\/Ujesjellesi-i-Gjirokastres.jpg?resize=400%2C218&amp;ssl=1 400w, https:\/\/i0.wp.com\/www.shqiperia.com\/blog\/wp-content\/uploads\/2020\/01\/Ujesjellesi-i-Gjirokastres.jpg?w=1024&amp;ssl=1 1024w\" sizes=\"auto, (max-width: 528px) 100vw, 528px\" \/><\/p>\n<p><strong>Projekti \u201cNivica\u201d prezantohet n\u00eb konferenc\u00ebn e Institutit t\u00eb Arkeologjis\u00eb Amerikane.<\/strong><\/p>\n<p>6 janmar \u00a02020<\/p>\n<p>Fundjaven e kaluar ne ambjentet e hotelit te njohur\u00a0 Renaissance Washington, DC u mbaj konferenca e pervitshme e Institutit te Arkeologjise Amerikane.<\/p>\n<p>Ky Institucion shkencor\u00a0 m\u00eb i vjetri ne Ameriken e Veriut mbledh arkeologe dhe studiues nga e gjithe bota per te prezantuar projekte dhe kerkime me interes te rendesishem nderkombetar.<\/p>\n<p>Krahas nje numri prezantimesh te projekteve nderkombetare u prezantua edhe projekti NIVICA\u00a0 nje bashkepunim shqiptaro- \u00e7ek i iniciuar dy vite te shkuar per te studiuar krahinen malore te Kurveleshit nje krahine\u00a0 e jugut shqiptar midis Tepelenes dhe bregdetit.<\/p>\n<p>Ky Projekt i cili eshte pjese e nje projekti ambicioz per te rimekembur kete krahine me potencial te madh turistik ka mundur te terheqe interesin e studiuesve dhe arkeologeve te Universitetit te Bernos dhe Universitetit te Karlit ne Republiken \u00c7eke te cilat s\u00ebbashku me Bashkine e Tepelenes kane vendosur\u00a0 nje bashkepunim afatgjate ne fushen e trashegimise kulturore.<\/p>\n<p><img data-recalc-dims=\"1\" loading=\"lazy\" decoding=\"async\" data-attachment-id=\"30065\" data-permalink=\"https:\/\/www.shqiperia.com\/blog\/projekti-nivica-prezantohet-ne-konferencen-e-institutit-te-arkeologjise-amerikane\/ujesjellesi-i-gjirokastres-2-2\/\" data-orig-file=\"https:\/\/i0.wp.com\/www.shqiperia.com\/blog\/wp-content\/uploads\/2020\/01\/Ujesjellesi-i-Gjirokastres-2.jpg?fit=1024%2C683&amp;ssl=1\" data-orig-size=\"1024,683\" data-comments-opened=\"1\" data-image-meta=\"{&quot;aperture&quot;:&quot;0&quot;,&quot;credit&quot;:&quot;&quot;,&quot;camera&quot;:&quot;&quot;,&quot;caption&quot;:&quot;&quot;,&quot;created_timestamp&quot;:&quot;0&quot;,&quot;copyright&quot;:&quot;&quot;,&quot;focal_length&quot;:&quot;0&quot;,&quot;iso&quot;:&quot;0&quot;,&quot;shutter_speed&quot;:&quot;0&quot;,&quot;title&quot;:&quot;&quot;,&quot;orientation&quot;:&quot;0&quot;}\" data-image-title=\"Ujesjellesi i Gjirokastres (2)\" data-image-description=\"\" data-image-caption=\"\" data-medium-file=\"https:\/\/i0.wp.com\/www.shqiperia.com\/blog\/wp-content\/uploads\/2020\/01\/Ujesjellesi-i-Gjirokastres-2.jpg?fit=300%2C200&amp;ssl=1\" data-large-file=\"https:\/\/i0.wp.com\/www.shqiperia.com\/blog\/wp-content\/uploads\/2020\/01\/Ujesjellesi-i-Gjirokastres-2.jpg?fit=1024%2C683&amp;ssl=1\" class=\"alignnone  wp-image-30065\" alt=\"\" src=\"https:\/\/i0.wp.com\/www.shqiperia.com\/blog\/wp-content\/uploads\/2020\/01\/Ujesjellesi-i-Gjirokastres-2.jpg?resize=819%2C546&#038;ssl=1\" width=\"819\" height=\"546\" srcset=\"https:\/\/i0.wp.com\/www.shqiperia.com\/blog\/wp-content\/uploads\/2020\/01\/Ujesjellesi-i-Gjirokastres-2.jpg?resize=300%2C200&amp;ssl=1 300w, https:\/\/i0.wp.com\/www.shqiperia.com\/blog\/wp-content\/uploads\/2020\/01\/Ujesjellesi-i-Gjirokastres-2.jpg?resize=768%2C512&amp;ssl=1 768w, https:\/\/i0.wp.com\/www.shqiperia.com\/blog\/wp-content\/uploads\/2020\/01\/Ujesjellesi-i-Gjirokastres-2.jpg?resize=600%2C400&amp;ssl=1 600w, https:\/\/i0.wp.com\/www.shqiperia.com\/blog\/wp-content\/uploads\/2020\/01\/Ujesjellesi-i-Gjirokastres-2.jpg?resize=450%2C300&amp;ssl=1 450w, https:\/\/i0.wp.com\/www.shqiperia.com\/blog\/wp-content\/uploads\/2020\/01\/Ujesjellesi-i-Gjirokastres-2.jpg?resize=400%2C267&amp;ssl=1 400w, https:\/\/i0.wp.com\/www.shqiperia.com\/blog\/wp-content\/uploads\/2020\/01\/Ujesjellesi-i-Gjirokastres-2.jpg?w=1024&amp;ssl=1 1024w\" sizes=\"auto, (max-width: 819px) 100vw, 819px\" \/><\/p>\n<p>Projekti Nivica\u00a0 eshte tashme\u00a0 nje model i suksesshem jo vetem i zhvillimit t\u00eb turizmit t\u00eb q\u00ebndrueshem\u00a0 por edhe si nje mundesi e lidhjes se zonave bregdetare me ato malore p\u00ebr t\u00eb krijuar nje produkt unik turistik.<\/p>\n<p>Si pjese e ketij vizioni jane edhe kerkimet dhe studimet historike te zones\u00a0 ku tashme nje iventar i siteve arkeologjike dhe monumenteve te kultures\u00a0 jane\u00a0 hedhur ne systemin GIS\u00a0 si baze per te hulumtuar me tej rendesine\u00a0 e tyre historike.<\/p>\n<p>Prezantimi i Projektit NIvica ne nje Konference kaq te rendesishme te arkeologjise boterore eshte nje fillim i mbare per zbulime te metejshme me rendesi p\u00ebr krahinen e Kurveleshit e cila fsheh ne gjirin e saj site arkeologjike me rendesi nderkombetare.<\/p>\n<p><strong>n.s. \/ dita<\/strong><\/p>\n","protected":false},"excerpt":{"rendered":"<p>Projekti \u201cNivica\u201d prezantohet n\u00eb konferenc\u00ebn e Institutit t\u00eb Arkeologjis\u00eb Amerikane. 6 janmar \u00a02020 Fundjaven e kaluar ne ambjentet e hotelit te njohur\u00a0 Renaissance Washington, DC u mbaj konferenca e pervitshme e Institutit te Arkeologjise Amerikane. Ky Institucion shkencor\u00a0 m\u00eb i vjetri ne Ameriken e Veriut mbledh arkeologe dhe studiues nga e gjithe bota per te [&hellip;]<\/p>\n","protected":false},"author":9,"featured_media":30064,"comment_status":"open","ping_status":"open","sticky":false,"template":"","format":"standard","meta":{"jetpack_post_was_ever_published":false,"_jetpack_newsletter_access":"","_jetpack_dont_email_post_to_subs":false,"_jetpack_newsletter_tier_id":0,"_jetpack_memberships_contains_paywalled_content":false,"_jetpack_memberships_contains_paid_content":false,"footnotes":"","jetpack_publicize_message":"","jetpack_publicize_feature_enabled":true,"jetpack_social_post_already_shared":true,"jetpack_social_options":{"image_generator_settings":{"template":"highway","default_image_id":0,"font":"","enabled":false},"version":2}},"categories":[85,10,86],"tags":[],"class_list":["post-30063","post","type-post","status-publish","format-standard","has-post-thumbnail","hentry","category-histori","category-kultura","category-trashegimi-kulturore"],"jetpack_publicize_connections":[],"jetpack_featured_media_url":"https:\/\/i0.wp.com\/www.shqiperia.com\/blog\/wp-content\/uploads\/2020\/01\/Ujesjellesi-i-Gjirokastres.jpg?fit=1024%2C558&ssl=1","jetpack_sharing_enabled":true,"jetpack_shortlink":"https:\/\/wp.me\/p5Z6wp-7OT","jetpack-related-posts":[{"id":2402,"url":"https:\/\/www.shqiperia.com\/blog\/kalaja-e-peces-bashkia-kukes-projekt-per-rikonstruktim\/","url_meta":{"origin":30063,"position":0},"title":"Kalaja e Pec\u00ebs, Bashkia Kuk\u00ebs: projekt p\u00ebr rikonstruktim.","author":"Kurt Farka","date":"February 2, 2018","format":false,"excerpt":"Bashkia e Kuk\u00ebsit i \u00ebsht\u00eb drejtuar vlerave t\u00eb saj kulturore dhe historike n\u00eb funksion t\u00eb trash\u00ebgimis\u00eb kulturore dhe zhvillimit turistik t\u00eb zon\u00ebs.Ne bashk\u00ebpunim me Institutin e Arkeologjis\u00eb, ka nisur nj\u00eb projekt p\u00ebr risjelljen n\u00eb nj\u00eb form\u00eb t\u00eb vlefshme t\u00eb Kalas\u00eb dhe Qytez\u00ebs Antike t\u00eb Pec\u00ebs,e cila shtrihet n\u00eb 12 mij\u00eb\u2026","rel":"","context":"In &quot;Histori&quot;","block_context":{"text":"Histori","link":"https:\/\/www.shqiperia.com\/blog\/category\/histori\/"},"img":{"alt_text":"","src":"https:\/\/i0.wp.com\/www.shqiperia.com\/blog\/wp-content\/uploads\/2018\/02\/Kalaja-e-Peces-Copy.jpg?resize=350%2C200","width":350,"height":200},"classes":[]},{"id":90890,"url":"https:\/\/www.shqiperia.com\/blog\/specialistet-e-iktk-nje-ekspedite-per-projektin-e-restaurimi-te-piktures-murale-ne-kishen-e-manastirit-te-shen-merise-ne-dhermi\/","url_meta":{"origin":30063,"position":1},"title":"Specialist\u00ebt e IKTK nj\u00eb ekspedit\u00eb p\u00ebr projektin e restaurimi t\u00eb piktur\u00ebs murale n\u00eb kish\u00ebn e Manastirit t\u00eb Sh\u00ebn M\u00ebris\u00eb ne Dhermi","author":"Kurt Farka","date":"March 30, 2025","format":false,"excerpt":"30 Mars 2025 Kisha e Manastirit t\u00eb Sh\u00ebn M\u00ebris\u00eb n\u00eb Dh\u00ebrmi ruan vlera t\u00eb \u00e7muara t\u00eb artit bizantin dhe pasbizantin, me piktura murale t\u00eb realizuara n\u00eb disa faza, nga shek. XII-XIII deri n\u00eb shek. XVIII. - Specialist\u00ebt e Institutit Komb\u00ebtar t\u00eb Trash\u00ebgimis\u00eb Kulturore (IKTK) zhvilluan nj\u00eb ekspedit\u00eb dokumentuese p\u00ebr hartimin\u2026","rel":"","context":"In &quot;Arte&quot;","block_context":{"text":"Arte","link":"https:\/\/www.shqiperia.com\/blog\/category\/arte\/"},"img":{"alt_text":"","src":"https:\/\/i0.wp.com\/www.shqiperia.com\/blog\/wp-content\/uploads\/2025\/03\/kisha-faqe-18-2-Copy-1140x570-1.jpg?fit=1140%2C570&ssl=1&resize=350%2C200","width":350,"height":200,"srcset":"https:\/\/i0.wp.com\/www.shqiperia.com\/blog\/wp-content\/uploads\/2025\/03\/kisha-faqe-18-2-Copy-1140x570-1.jpg?fit=1140%2C570&ssl=1&resize=350%2C200 1x, https:\/\/i0.wp.com\/www.shqiperia.com\/blog\/wp-content\/uploads\/2025\/03\/kisha-faqe-18-2-Copy-1140x570-1.jpg?fit=1140%2C570&ssl=1&resize=525%2C300 1.5x, https:\/\/i0.wp.com\/www.shqiperia.com\/blog\/wp-content\/uploads\/2025\/03\/kisha-faqe-18-2-Copy-1140x570-1.jpg?fit=1140%2C570&ssl=1&resize=700%2C400 2x, https:\/\/i0.wp.com\/www.shqiperia.com\/blog\/wp-content\/uploads\/2025\/03\/kisha-faqe-18-2-Copy-1140x570-1.jpg?fit=1140%2C570&ssl=1&resize=1050%2C600 3x"},"classes":[]},{"id":8760,"url":"https:\/\/www.shqiperia.com\/blog\/nivica-nje-model-per-zhvillimin-e-turizmit-kulturor\/","url_meta":{"origin":30063,"position":2},"title":"Nivica, nj\u00eb model p\u00ebr zhvillimin e turizmit kulturor. &#8211;","author":"Kurt Farka","date":"June 16, 2018","format":false,"excerpt":"Nivica, nj\u00eb model p\u00ebr zhvillimin e turizmit kulturor. - Nga Auron Tare. - Nivica \u00ebsht\u00eb kthyer n\u00eb nj\u00eb model p\u00ebr zhvillimin e agroturizmit dhe turizmit kulturor n\u00eb jug t\u00eb vendit. Kjo pohohet nga drejtori i Agjencis\u00eb Komb\u00ebtare t\u00eb Bregdetit Auron Tare, i cili p\u00ebrmes fotove t\u00eb publikuara tregon p\u00ebr Nivic\u00ebn,\u2026","rel":"","context":"In &quot;Kultura&quot;","block_context":{"text":"Kultura","link":"https:\/\/www.shqiperia.com\/blog\/category\/kultura\/"},"img":{"alt_text":"","src":"https:\/\/i0.wp.com\/www.shqiperia.com\/blog\/wp-content\/uploads\/2018\/06\/Nivica-Agroturizem-2.jpg?fit=960%2C540&ssl=1&resize=350%2C200","width":350,"height":200,"srcset":"https:\/\/i0.wp.com\/www.shqiperia.com\/blog\/wp-content\/uploads\/2018\/06\/Nivica-Agroturizem-2.jpg?fit=960%2C540&ssl=1&resize=350%2C200 1x, https:\/\/i0.wp.com\/www.shqiperia.com\/blog\/wp-content\/uploads\/2018\/06\/Nivica-Agroturizem-2.jpg?fit=960%2C540&ssl=1&resize=525%2C300 1.5x, https:\/\/i0.wp.com\/www.shqiperia.com\/blog\/wp-content\/uploads\/2018\/06\/Nivica-Agroturizem-2.jpg?fit=960%2C540&ssl=1&resize=700%2C400 2x"},"classes":[]},{"id":4450,"url":"https:\/\/www.shqiperia.com\/blog\/misionet-arkeologjike-franko-shqiptare\/","url_meta":{"origin":30063,"position":3},"title":"Misionet arkeologjike franko-shqiptare. &#8211;","author":"Kurt Farka","date":"March 8, 2018","format":false,"excerpt":"Instituti i Arkeologjis\u00eb n\u00eb bashk\u00ebpunim me Ambasad\u00ebn Franceze dhe Muzeun Historik Komb\u00ebtar organizuan me rastin e Pranver\u00ebs Frankofone n\u00eb Shqip\u00ebri, konferenc\u00ebn me tem\u00eb: \"Misionet arkeologjike franko-shqiptare: mes k\u00ebrkimit shkencor dhe rivler\u00ebsimit turistik dhe kulturor t\u00eb trash\u00ebgimis\u00eb\". Fjal\u00ebn e hapjes e mbajti prof. dr. Luan P\u00ebrzhita, drejtor i Institutit t\u00eb Arkeologjis\u00eb,\u2026","rel":"","context":"In &quot;Blogu i Udh\u00ebtarit&quot;","block_context":{"text":"Blogu i Udh\u00ebtarit","link":"https:\/\/www.shqiperia.com\/blog\/category\/blogu-i-udhetarit\/"},"img":{"alt_text":"","src":"https:\/\/i0.wp.com\/www.shqiperia.com\/blog\/wp-content\/uploads\/2018\/03\/Misioni-arkeologjik-Shqiperi-France-2.jpg?fit=717%2C503&ssl=1&resize=350%2C200","width":350,"height":200,"srcset":"https:\/\/i0.wp.com\/www.shqiperia.com\/blog\/wp-content\/uploads\/2018\/03\/Misioni-arkeologjik-Shqiperi-France-2.jpg?fit=717%2C503&ssl=1&resize=350%2C200 1x, https:\/\/i0.wp.com\/www.shqiperia.com\/blog\/wp-content\/uploads\/2018\/03\/Misioni-arkeologjik-Shqiperi-France-2.jpg?fit=717%2C503&ssl=1&resize=525%2C300 1.5x, https:\/\/i0.wp.com\/www.shqiperia.com\/blog\/wp-content\/uploads\/2018\/03\/Misioni-arkeologjik-Shqiperi-France-2.jpg?fit=717%2C503&ssl=1&resize=700%2C400 2x"},"classes":[]},{"id":63351,"url":"https:\/\/www.shqiperia.com\/blog\/muzete-amerikane-i-kthejne-nigerise-thesaret-e-grabitura\/","url_meta":{"origin":30063,"position":4},"title":"Muzet\u00eb amerikan\u00eb i kthejn\u00eb Nigeris\u00eb thesaret &#8220;e grabitura&#8221;","author":"Kurt Farka","date":"October 16, 2022","format":false,"excerpt":"16 Tetor 2022 Galeria Komb\u00ebtare e Arteve (NGA), Muzeu Komb\u00ebtar i Artit Afrikan i Institutit Smithsonian (NMAfA) dhe Muzeu i Shkoll\u00ebs s\u00eb Dizajnit t\u00eb Rhode Island (RISD) mbajt\u00ebn nj\u00eb ceremoni t\u00eb p\u00ebrbashk\u00ebt t\u00eb mart\u00ebn n\u00eb Uashington, DC, p\u00ebr t\u00eb sh\u00ebnuar kthimin e 31 bronz\u00ebve t\u00eb Beninit nga koleksionet e tyre\u2026","rel":"","context":"In &quot;Arte&quot;","block_context":{"text":"Arte","link":"https:\/\/www.shqiperia.com\/blog\/category\/arte\/"},"img":{"alt_text":"","src":"https:\/\/i0.wp.com\/www.shqiperia.com\/blog\/wp-content\/uploads\/2022\/10\/640-0-collage-maker-15-oct-2022-0221-pm-1665836486.jpg?fit=640%2C360&ssl=1&resize=350%2C200","width":350,"height":200,"srcset":"https:\/\/i0.wp.com\/www.shqiperia.com\/blog\/wp-content\/uploads\/2022\/10\/640-0-collage-maker-15-oct-2022-0221-pm-1665836486.jpg?fit=640%2C360&ssl=1&resize=350%2C200 1x, https:\/\/i0.wp.com\/www.shqiperia.com\/blog\/wp-content\/uploads\/2022\/10\/640-0-collage-maker-15-oct-2022-0221-pm-1665836486.jpg?fit=640%2C360&ssl=1&resize=525%2C300 1.5x"},"classes":[]},{"id":93884,"url":"https:\/\/www.shqiperia.com\/blog\/neritan-ceka-ne-fushen-e-arkeologjise-te-behet-nje-reforme-e-plote-probleme-jo-vetem-ne-organizim-por-edhe-financimi-0817-22-09-2025-a-a-neritan-ceka-ne-fushen-e-arkeologjise-te-behet-nje-r\/","url_meta":{"origin":30063,"position":5},"title":"Neritan Ceka: N\u00eb fush\u00ebn e arkeologjis\u00eb t\u00eb b\u00ebhet nj\u00eb reform\u00eb e plot\u00eb, probleme jo vet\u00ebm n\u00eb organizim, por edhe financimi   08:17 | 22\/09\/2025 A A Neritan Ceka: &#8211; N\u00eb fush\u00ebn e arkeologjis\u00eb t\u00eb b\u00ebhet nj\u00eb reform\u00eb e plot\u00eb, probleme jo vet\u00ebm n\u00eb organizim, por edhe financimi Arkeologjia n","author":"Kurt Farka","date":"September 22, 2025","format":false,"excerpt":"22 Shtator 2025 Intervistoi: Juljana Vrapi Arkeologjia n\u00eb vend p\u00ebrballet jo vet\u00ebm me probleme t\u00eb organizimit, por edhe t\u00eb financimit. Profesor Neritan Ceka thot\u00eb se n\u00eb fush\u00ebn e arkeologjis\u00eb duhet t\u00eb b\u00ebhet nj\u00eb reform\u00eb e plot\u00eb. N\u00eb intervist\u00ebn p\u00ebr gazet\u00ebn \u201cSOT\u201d profesor Neritan Ceka arkeolog shprehet me kritika ndaj institucioneve\u2026","rel":"","context":"In &quot;Arte&quot;","block_context":{"text":"Arte","link":"https:\/\/www.shqiperia.com\/blog\/category\/arte\/"},"img":{"alt_text":"","src":"https:\/\/i0.wp.com\/www.shqiperia.com\/blog\/wp-content\/uploads\/2025\/09\/antigonea-faqe-18-19-Copy.jpg?fit=1200%2C740&ssl=1&resize=350%2C200","width":350,"height":200,"srcset":"https:\/\/i0.wp.com\/www.shqiperia.com\/blog\/wp-content\/uploads\/2025\/09\/antigonea-faqe-18-19-Copy.jpg?fit=1200%2C740&ssl=1&resize=350%2C200 1x, https:\/\/i0.wp.com\/www.shqiperia.com\/blog\/wp-content\/uploads\/2025\/09\/antigonea-faqe-18-19-Copy.jpg?fit=1200%2C740&ssl=1&resize=525%2C300 1.5x, https:\/\/i0.wp.com\/www.shqiperia.com\/blog\/wp-content\/uploads\/2025\/09\/antigonea-faqe-18-19-Copy.jpg?fit=1200%2C740&ssl=1&resize=700%2C400 2x, https:\/\/i0.wp.com\/www.shqiperia.com\/blog\/wp-content\/uploads\/2025\/09\/antigonea-faqe-18-19-Copy.jpg?fit=1200%2C740&ssl=1&resize=1050%2C600 3x"},"classes":[]}],"_links":{"self":[{"href":"https:\/\/www.shqiperia.com\/blog\/wp-json\/wp\/v2\/posts\/30063","targetHints":{"allow":["GET"]}}],"collection":[{"href":"https:\/\/www.shqiperia.com\/blog\/wp-json\/wp\/v2\/posts"}],"about":[{"href":"https:\/\/www.shqiperia.com\/blog\/wp-json\/wp\/v2\/types\/post"}],"author":[{"embeddable":true,"href":"https:\/\/www.shqiperia.com\/blog\/wp-json\/wp\/v2\/users\/9"}],"replies":[{"embeddable":true,"href":"https:\/\/www.shqiperia.com\/blog\/wp-json\/wp\/v2\/comments?post=30063"}],"version-history":[{"count":1,"href":"https:\/\/www.shqiperia.com\/blog\/wp-json\/wp\/v2\/posts\/30063\/revisions"}],"predecessor-version":[{"id":30066,"href":"https:\/\/www.shqiperia.com\/blog\/wp-json\/wp\/v2\/posts\/30063\/revisions\/30066"}],"wp:featuredmedia":[{"embeddable":true,"href":"https:\/\/www.shqiperia.com\/blog\/wp-json\/wp\/v2\/media\/30064"}],"wp:attachment":[{"href":"https:\/\/www.shqiperia.com\/blog\/wp-json\/wp\/v2\/media?parent=30063"}],"wp:term":[{"taxonomy":"category","embeddable":true,"href":"https:\/\/www.shqiperia.com\/blog\/wp-json\/wp\/v2\/categories?post=30063"},{"taxonomy":"post_tag","embeddable":true,"href":"https:\/\/www.shqiperia.com\/blog\/wp-json\/wp\/v2\/tags?post=30063"}],"curies":[{"name":"wp","href":"https:\/\/api.w.org\/{rel}","templated":true}]}}