{"id":30059,"date":"2020-01-06T01:43:07","date_gmt":"2020-01-06T01:43:07","guid":{"rendered":"https:\/\/www.shqiperia.com\/blog\/?p=30059"},"modified":"2020-01-06T01:43:18","modified_gmt":"2020-01-06T01:43:18","slug":"avni-mula-feston-92-vjetorin-urimi-special-qe-i-ben-e-bija-inva-mula","status":"publish","type":"post","link":"https:\/\/www.shqiperia.com\/blog\/avni-mula-feston-92-vjetorin-urimi-special-qe-i-ben-e-bija-inva-mula\/","title":{"rendered":"Avni Mula feston 92-vjetorin, urimi special q\u00eb i b\u00ebn e bija, Inva Mula"},"content":{"rendered":"<p><img data-recalc-dims=\"1\" loading=\"lazy\" decoding=\"async\" data-attachment-id=\"30060\" data-permalink=\"https:\/\/www.shqiperia.com\/blog\/avni-mula-feston-92-vjetorin-urimi-special-qe-i-ben-e-bija-inva-mula\/inva\/\" data-orig-file=\"https:\/\/i0.wp.com\/www.shqiperia.com\/blog\/wp-content\/uploads\/2020\/01\/inva.jpg?fit=512%2C292&amp;ssl=1\" data-orig-size=\"512,292\" data-comments-opened=\"1\" data-image-meta=\"{&quot;aperture&quot;:&quot;0&quot;,&quot;credit&quot;:&quot;&quot;,&quot;camera&quot;:&quot;&quot;,&quot;caption&quot;:&quot;&quot;,&quot;created_timestamp&quot;:&quot;0&quot;,&quot;copyright&quot;:&quot;&quot;,&quot;focal_length&quot;:&quot;0&quot;,&quot;iso&quot;:&quot;0&quot;,&quot;shutter_speed&quot;:&quot;0&quot;,&quot;title&quot;:&quot;&quot;,&quot;orientation&quot;:&quot;0&quot;}\" data-image-title=\"inva\" data-image-description=\"\" data-image-caption=\"\" data-medium-file=\"https:\/\/i0.wp.com\/www.shqiperia.com\/blog\/wp-content\/uploads\/2020\/01\/inva.jpg?fit=300%2C171&amp;ssl=1\" data-large-file=\"https:\/\/i0.wp.com\/www.shqiperia.com\/blog\/wp-content\/uploads\/2020\/01\/inva.jpg?fit=512%2C292&amp;ssl=1\" class=\"alignnone wp-image-30060\" alt=\"\" src=\"https:\/\/i0.wp.com\/www.shqiperia.com\/blog\/wp-content\/uploads\/2020\/01\/inva.jpg?resize=533%2C304&#038;ssl=1\" width=\"533\" height=\"304\" srcset=\"https:\/\/i0.wp.com\/www.shqiperia.com\/blog\/wp-content\/uploads\/2020\/01\/inva.jpg?resize=300%2C171&amp;ssl=1 300w, https:\/\/i0.wp.com\/www.shqiperia.com\/blog\/wp-content\/uploads\/2020\/01\/inva.jpg?resize=450%2C257&amp;ssl=1 450w, https:\/\/i0.wp.com\/www.shqiperia.com\/blog\/wp-content\/uploads\/2020\/01\/inva.jpg?resize=400%2C228&amp;ssl=1 400w, https:\/\/i0.wp.com\/www.shqiperia.com\/blog\/wp-content\/uploads\/2020\/01\/inva.jpg?w=512&amp;ssl=1 512w\" sizes=\"auto, (max-width: 533px) 100vw, 533px\" \/><\/p>\n<p>Avni Mula feston 92-vjetorin, urimi special q\u00eb i b\u00ebn e bija, Inva Mula<\/p>\n<p><em>5 janar 2020<\/em><\/p>\n<p><strong>Avni Mula,\u00a0Artisti i Popullit dhe Nderi i Kombit, feston 92 vjetorin e lindjes.<\/strong>\u00a0Vajza e tij, sopranoja e madhe shqiptare, Inva Mula, i ka dedikuar nje urim shume special, duke e quajtur ate hero 29 vjecar.<\/p>\n<p>\u201cHappy birthday to my 29 years old Hero !\u201d \u2013 \u201cDit\u00eblindje t\u00eb lumtur Heroi im 29 vje\u00e7ar\u201d \u2013 shkruan ajo ne faqen e saj ne FB, duke e num\u00ebruar dit\u00eblindjen e 92-t\u00eb mbrapsht dhe duke postuar nje foto me te atin dhe dy femijet e saj.<\/p>\n<p>Ne kete pervjetor, Inva Mula nuk do te jete prane te atit, pasi do t\u00eb jap\u00eb shfaqje n\u00eb Gstaad.\u00a0\u201cPrandaj nuk jam sonte t\u00eb festoj me t\u00eb\u201d, thot\u00eb ajo p\u00ebr voal.ch \u201cpor do t\u00eb k\u00ebndoj p\u00ebr t\u00eb\u201d.<\/p>\n<p>I madhi, Avni Mula ka lindur\u00a0 n\u00eb Gjakov\u00eb n\u00eb 4 janar t\u00eb 1928, n\u00eb nj\u00eb familje ku ishte i shtati f\u00ebmij\u00eb, m\u00eb i vogli mes tre djemve dhe vajzave n\u00eb at\u00eb familje.<\/p>\n<p>Studimet e larta muzikore i kreu n\u00eb Konservatorin\u00a0<strong>\u201c\u00c7ajkovski\u201d t\u00eb Mosk\u00ebs<\/strong>\u00a0(1952-1957), ku u diplomua si k\u00ebng\u00ebtar lirik, bariton.<\/p>\n<p>Gjat\u00eb studimeve ai u njoh dhe u martua me sopranon ruse Nina Mula me t\u00eb cil\u00ebn kaloi nj\u00eb jet\u00eb t\u00eb mrekullueshme.<\/p>\n<p>Familja Mula \u00ebsht\u00eb nj\u00eb nga Familjet e M\u00ebdha t\u00eb Artist\u00ebve shqiptar\u00eb, ku t\u00eb gjith\u00eb an\u00ebtar\u00ebt e familjes jan\u00eb artist\u00eb: Avni Mula, Nina Mula dhe dy vajzat, Adelina Mula, pianiste dhe Inva Mula, me fam\u00eb bot\u00ebrore.<\/p>\n<p>Karrier\u00ebn artistike Avni Mula e nisi menj\u00ebher\u00eb pas kthimit nga Moska si solist n\u00eb Teatrin e Oper\u00ebs dhe Baletit, duke realizuar role kryesore t\u00eb repertorit operistik t\u00eb koh\u00ebs, p\u00ebrmes s\u00eb cilave u dallua p\u00ebr nivelin e lart\u00eb t\u00eb zgjidhjeve muzikore-skenike. Ve\u00e7ohen realizimet e figur\u00ebs s\u00eb Figaros te \u201c<strong>Berberi i Seviljes\u201d t\u00eb Rosinit<\/strong>, Gjet\u00ebs tek \u201cMrika\u201d e Prenk Jakov\u00ebs, etj.<\/p>\n<p><img data-recalc-dims=\"1\" loading=\"lazy\" decoding=\"async\" data-attachment-id=\"30061\" data-permalink=\"https:\/\/www.shqiperia.com\/blog\/avni-mula-feston-92-vjetorin-urimi-special-qe-i-ben-e-bija-inva-mula\/inva-copy\/\" data-orig-file=\"https:\/\/i0.wp.com\/www.shqiperia.com\/blog\/wp-content\/uploads\/2020\/01\/inva-Copy.jpg?fit=512%2C656&amp;ssl=1\" data-orig-size=\"512,656\" data-comments-opened=\"1\" data-image-meta=\"{&quot;aperture&quot;:&quot;0&quot;,&quot;credit&quot;:&quot;&quot;,&quot;camera&quot;:&quot;&quot;,&quot;caption&quot;:&quot;&quot;,&quot;created_timestamp&quot;:&quot;0&quot;,&quot;copyright&quot;:&quot;&quot;,&quot;focal_length&quot;:&quot;0&quot;,&quot;iso&quot;:&quot;0&quot;,&quot;shutter_speed&quot;:&quot;0&quot;,&quot;title&quot;:&quot;&quot;,&quot;orientation&quot;:&quot;0&quot;}\" data-image-title=\"inva &#8211; Copy\" data-image-description=\"\" data-image-caption=\"\" data-medium-file=\"https:\/\/i0.wp.com\/www.shqiperia.com\/blog\/wp-content\/uploads\/2020\/01\/inva-Copy.jpg?fit=234%2C300&amp;ssl=1\" data-large-file=\"https:\/\/i0.wp.com\/www.shqiperia.com\/blog\/wp-content\/uploads\/2020\/01\/inva-Copy.jpg?fit=512%2C656&amp;ssl=1\" class=\"alignnone wp-image-30061\" alt=\"\" src=\"https:\/\/i0.wp.com\/www.shqiperia.com\/blog\/wp-content\/uploads\/2020\/01\/inva-Copy.jpg?resize=700%2C897&#038;ssl=1\" width=\"700\" height=\"897\" srcset=\"https:\/\/i0.wp.com\/www.shqiperia.com\/blog\/wp-content\/uploads\/2020\/01\/inva-Copy.jpg?resize=234%2C300&amp;ssl=1 234w, https:\/\/i0.wp.com\/www.shqiperia.com\/blog\/wp-content\/uploads\/2020\/01\/inva-Copy.jpg?resize=450%2C577&amp;ssl=1 450w, https:\/\/i0.wp.com\/www.shqiperia.com\/blog\/wp-content\/uploads\/2020\/01\/inva-Copy.jpg?resize=400%2C513&amp;ssl=1 400w, https:\/\/i0.wp.com\/www.shqiperia.com\/blog\/wp-content\/uploads\/2020\/01\/inva-Copy.jpg?w=512&amp;ssl=1 512w\" sizes=\"auto, (max-width: 700px) 100vw, 700px\" \/><\/p>\n<p>Avni Mula zhvilloi nj\u00eb aktivitet t\u00eb pasur koncertal\u00a0<strong>brenda dhe jasht\u00eb Shqip\u00ebris\u00eb<\/strong>. Veprimtarin\u00eb krijuese e nisi n\u00eb gjysm\u00ebn e dyt\u00eb t\u00eb viteve \u201960, fillimisht n\u00eb fush\u00ebn e k\u00ebng\u00ebs e t\u00eb romanc\u00ebs dhe m\u00eb pas si autor i veprave t\u00eb m\u00ebdha vokale-koncertale, kantata, poema vokale dhe skenike, ku ve\u00e7ohen opereta \u201cKarnavalet e Kor\u00e7\u00ebs\u201d dhe opera \u201cBorana\u201d.<\/p>\n<p>Firm\u00ebn e tij mbajn\u00eb edhe shum\u00eb k\u00ebng\u00eb t\u00eb muzik\u00ebs s\u00eb leht\u00eb, mes t\u00eb cilave\u00a0<strong>\u201cValsi i lumturis\u00eb\u201d.<\/strong><\/p>\n","protected":false},"excerpt":{"rendered":"<p>Avni Mula feston 92-vjetorin, urimi special q\u00eb i b\u00ebn e bija, Inva Mula 5 janar 2020 Avni Mula,\u00a0Artisti i Popullit dhe Nderi i Kombit, feston 92 vjetorin e lindjes.\u00a0Vajza e tij, sopranoja e madhe shqiptare, Inva Mula, i ka dedikuar nje urim shume special, duke e quajtur ate hero 29 vjecar. \u201cHappy birthday to my [&hellip;]<\/p>\n","protected":false},"author":9,"featured_media":30060,"comment_status":"open","ping_status":"open","sticky":false,"template":"","format":"standard","meta":{"jetpack_post_was_ever_published":false,"_jetpack_newsletter_access":"","_jetpack_dont_email_post_to_subs":false,"_jetpack_newsletter_tier_id":0,"_jetpack_memberships_contains_paywalled_content":false,"_jetpack_memberships_contains_paid_content":false,"footnotes":"","jetpack_publicize_message":"","jetpack_publicize_feature_enabled":true,"jetpack_social_post_already_shared":true,"jetpack_social_options":{"image_generator_settings":{"template":"highway","default_image_id":0,"font":"","enabled":false},"version":2}},"categories":[87,10,86],"tags":[],"class_list":["post-30059","post","type-post","status-publish","format-standard","has-post-thumbnail","hentry","category-arte","category-kultura","category-trashegimi-kulturore"],"jetpack_publicize_connections":[],"jetpack_featured_media_url":"https:\/\/i0.wp.com\/www.shqiperia.com\/blog\/wp-content\/uploads\/2020\/01\/inva.jpg?fit=512%2C292&ssl=1","jetpack_sharing_enabled":true,"jetpack_shortlink":"https:\/\/wp.me\/p5Z6wp-7OP","jetpack-related-posts":[{"id":40259,"url":"https:\/\/www.shqiperia.com\/blog\/arti-shqiptar-ne-zi-shuhet-kompozitori-i-mirenjohur-avni-mula-mesazhi-prekes-i-inves-gjiganti-jone-fluturoi-ne-valsin-e-perjetesise\/","url_meta":{"origin":30059,"position":0},"title":"Arti shqiptar n\u00eb zi, shuhet kompozitori i mir\u00ebnjohur Avni Mula. &#8211; Mesazhi prek\u00ebs i Inv\u00ebs: Gjiganti jon\u00eb fluturoi n\u00eb Valsin e Perjet\u00ebsis\u00eb","author":"Kurt Farka","date":"October 29, 2020","format":false,"excerpt":"Arti shqiptar n\u00eb zi, shuhet kompozitori i mir\u00ebnjohur Avni Mula. Mesazhi prek\u00ebs i Inv\u00ebs: Gjiganti jon\u00eb fluturoi n\u00eb Valsin e Perjet\u00ebsis\u00eb 29\/10\/2020 - 21:41 Nd\u00ebrron jet\u00eb n\u00eb smosh\u00ebn 92-vje\u00e7are kompozitori Avni Mula. Lajmin e ka b\u00ebr\u00eb me dije vajza e tij, sopranja e mir\u00ebnjohur Inva Mula. Inva Mula:\u00a0Gjigandi jon\u00eb fluturoi\u2026","rel":"","context":"In &quot;Arte&quot;","block_context":{"text":"Arte","link":"https:\/\/www.shqiperia.com\/blog\/category\/arte\/"},"img":{"alt_text":"","src":"https:\/\/i0.wp.com\/www.shqiperia.com\/blog\/wp-content\/uploads\/2020\/10\/Avni-Mula.jpg?fit=403%2C252&ssl=1&resize=350%2C200","width":350,"height":200},"classes":[]},{"id":3055,"url":"https:\/\/www.shqiperia.com\/blog\/ema-qazimi-ne-rrugetimin-e-saj-artistik\/","url_meta":{"origin":30059,"position":1},"title":"Ema Qazimi n\u00eb rrug\u00ebtimin e saj artistik. &#8211;","author":"Kurt Farka","date":"February 14, 2018","format":false,"excerpt":"Ema Qazimi lindi n\u00eb Tiran\u00eb, m\u00eb 18 n\u00ebntor 1954. E martuar me Prof.Dr. Ramazan H. Bogdani, ka nj\u00eb vajz\u00eb, Ershela Bogdani. Konsiderohet si nj\u00eb nga personalitet m\u00eb t\u00eb padiskutueshme t\u00eb artit skenik, n\u00eb fush\u00ebn e interpretimit t\u00eb k\u00ebng\u00ebs shqiptare. N\u00eb vitin 1972, kreu Shkoll\u00ebn e Mesme Artisitke \u201cJordan Misja\u201d n\u00eb\u2026","rel":"","context":"In &quot;Arte&quot;","block_context":{"text":"Arte","link":"https:\/\/www.shqiperia.com\/blog\/category\/arte\/"},"img":{"alt_text":"","src":"https:\/\/i0.wp.com\/www.shqiperia.com\/blog\/wp-content\/uploads\/2018\/02\/Ema_Qazimi-4.jpg?fit=770%2C439&ssl=1&resize=350%2C200","width":350,"height":200,"srcset":"https:\/\/i0.wp.com\/www.shqiperia.com\/blog\/wp-content\/uploads\/2018\/02\/Ema_Qazimi-4.jpg?fit=770%2C439&ssl=1&resize=350%2C200 1x, https:\/\/i0.wp.com\/www.shqiperia.com\/blog\/wp-content\/uploads\/2018\/02\/Ema_Qazimi-4.jpg?fit=770%2C439&ssl=1&resize=525%2C300 1.5x, https:\/\/i0.wp.com\/www.shqiperia.com\/blog\/wp-content\/uploads\/2018\/02\/Ema_Qazimi-4.jpg?fit=770%2C439&ssl=1&resize=700%2C400 2x"},"classes":[]},{"id":79511,"url":"https:\/\/www.shqiperia.com\/blog\/ndahet-nga-jeta-kengetari-i-njohur-shqiptar-gjergj-suljoti\/","url_meta":{"origin":30059,"position":2},"title":"Ndahet nga jeta k\u00ebng\u00ebtari i njohur shqiptar Gjergj Suljoti","author":"Kurt Farka","date":"March 23, 2024","format":false,"excerpt":"23 Mars 2024 K\u00ebng\u00ebtari i dhjet\u00ebra roleve n\u00eb Teatrin e Operas dhe Baletit, Gjergj Suljoti \u00ebsht\u00eb ndar\u00eb nga jeta dit\u00ebn e sotme. Lajmi p\u00ebr ndarjen nga jeta t\u00eb k\u00ebng\u00ebtarit t\u00eb Korit Lirat, dhe ansamblit \u201cSkenderbeu\u201d t\u00eb serenatave kor\u00e7are \u00ebsht\u00eb b\u00ebr\u00eb i ditur pak minuta m\u00eb par\u00eb teatri i Kor\u00e7\u00ebs\u201dAndon Zako\u2026","rel":"","context":"In &quot;Arte&quot;","block_context":{"text":"Arte","link":"https:\/\/www.shqiperia.com\/blog\/category\/arte\/"},"img":{"alt_text":"","src":"https:\/\/i0.wp.com\/www.shqiperia.com\/blog\/wp-content\/uploads\/2024\/03\/Gjergj-Sujoti.jpeg?fit=444%2C357&ssl=1&resize=350%2C200","width":350,"height":200},"classes":[]},{"id":35636,"url":"https:\/\/www.shqiperia.com\/blog\/bashkeshorti-i-mbretereshes-elizabeth-feston-99-vjetorin-ja-imazhet-e-rralla-qe-u-bene-publike\/","url_meta":{"origin":30059,"position":3},"title":"Bashk\u00ebshorti i Mbret\u00ebresh\u00ebs Elizabeth feston 99-vjetorin, ja imazhet e rralla q\u00eb u b\u00ebn\u00eb publike","author":"Kurt Farka","date":"June 11, 2020","format":false,"excerpt":"Bashk\u00ebshorti i Mbret\u00ebresh\u00ebs Elizabeth feston 99-vjetorin, ja imazhet e rralla q\u00eb u b\u00ebn\u00eb publike 10 Qershor 2020 Duka i Edinburgh feston 99-vjetorin e lindjes. Profili zyrtar i familjes mbret\u00ebrore e ka uruar Princ Philip me nj\u00eb foto t\u00eb re. N\u00eb foton e pa publikuar m\u00eb par\u00eb shfaqet Mbret\u00ebresha Elizabeth dhe\u2026","rel":"","context":"In &quot;Blogu i Udh\u00ebtarit&quot;","block_context":{"text":"Blogu i Udh\u00ebtarit","link":"https:\/\/www.shqiperia.com\/blog\/category\/blogu-i-udhetarit\/"},"img":{"alt_text":"","src":"https:\/\/i0.wp.com\/www.shqiperia.com\/blog\/wp-content\/uploads\/2020\/06\/elizabeth-Philip.jpg?fit=962%2C541&ssl=1&resize=350%2C200","width":350,"height":200,"srcset":"https:\/\/i0.wp.com\/www.shqiperia.com\/blog\/wp-content\/uploads\/2020\/06\/elizabeth-Philip.jpg?fit=962%2C541&ssl=1&resize=350%2C200 1x, https:\/\/i0.wp.com\/www.shqiperia.com\/blog\/wp-content\/uploads\/2020\/06\/elizabeth-Philip.jpg?fit=962%2C541&ssl=1&resize=525%2C300 1.5x, https:\/\/i0.wp.com\/www.shqiperia.com\/blog\/wp-content\/uploads\/2020\/06\/elizabeth-Philip.jpg?fit=962%2C541&ssl=1&resize=700%2C400 2x"},"classes":[]},{"id":53392,"url":"https:\/\/www.shqiperia.com\/blog\/molier-feston-400-vjetorin-e-lindjes-studentet-shfaqje-ndergjegjesuese-per-dhunen-ndaj-grave\/","url_meta":{"origin":30059,"position":4},"title":"Molier &#8220;feston&#8221; 400 vjetorin e lindjes\/ Student\u00ebt shfaqje nd\u00ebrgjegj\u00ebsuese p\u00ebr dhun\u00ebn ndaj grave","author":"Kurt Farka","date":"January 23, 2022","format":false,"excerpt":"Molier \"feston\" 400 vjetorin e lindjes\/ Student\u00ebt shfaqje nd\u00ebrgjegj\u00ebsuese p\u00ebr dhun\u00ebn ndaj grave Nga Besmira Pelushaj Janar 2022 N\u00eb 400 vjetorin e lindjes s\u00eb Molierit, themeluesit t\u00eb komedis\u00eb franceze, nx\u00ebn\u00ebsit e shkollave t\u00eb mesme n\u00eb Paris, interpretojn\u00eb fragmente nga dramat e tij, n\u00eb nj\u00eb shfaqje q\u00eb nxjerr n\u00eb pah dhun\u00ebn\u2026","rel":"","context":"In &quot;Arte&quot;","block_context":{"text":"Arte","link":"https:\/\/www.shqiperia.com\/blog\/category\/arte\/"},"img":{"alt_text":"","src":"https:\/\/i0.wp.com\/www.shqiperia.com\/blog\/wp-content\/uploads\/2022\/01\/640-0-shfaaa-1641379130.jpg?fit=640%2C376&ssl=1&resize=350%2C200","width":350,"height":200,"srcset":"https:\/\/i0.wp.com\/www.shqiperia.com\/blog\/wp-content\/uploads\/2022\/01\/640-0-shfaaa-1641379130.jpg?fit=640%2C376&ssl=1&resize=350%2C200 1x, https:\/\/i0.wp.com\/www.shqiperia.com\/blog\/wp-content\/uploads\/2022\/01\/640-0-shfaaa-1641379130.jpg?fit=640%2C376&ssl=1&resize=525%2C300 1.5x"},"classes":[]},{"id":35237,"url":"https:\/\/www.shqiperia.com\/blog\/erion-veliaj-kalon-ne-ilegalitet\/","url_meta":{"origin":30059,"position":5},"title":"Erion Veliaj kalon ne Ilegalitet.","author":"Kurt Farka","date":"May 30, 2020","format":false,"excerpt":"Sipas nje lajmi dhe vrojtimeve disa ditore te TV Ora, Erion Veliaj, Kryetari i Bashkise se Tiranes, i cili ka fituar rreth 15% te votave eshte ne ilegalitet. Rasti me flagrant eshte ne aktivitetin e zhvilluar me Artistin e Popullit Avni Mula, ku Erioni ka hyre fshehurazi nga dyer anesore,\u2026","rel":"","context":"In &quot;Blogu i Udh\u00ebtarit&quot;","block_context":{"text":"Blogu i Udh\u00ebtarit","link":"https:\/\/www.shqiperia.com\/blog\/category\/blogu-i-udhetarit\/"},"img":{"alt_text":"","src":"https:\/\/i0.wp.com\/www.shqiperia.com\/blog\/wp-content\/uploads\/2020\/05\/veliaj-1-e1562585458915.jpg?fit=676%2C409&ssl=1&resize=350%2C200","width":350,"height":200,"srcset":"https:\/\/i0.wp.com\/www.shqiperia.com\/blog\/wp-content\/uploads\/2020\/05\/veliaj-1-e1562585458915.jpg?fit=676%2C409&ssl=1&resize=350%2C200 1x, https:\/\/i0.wp.com\/www.shqiperia.com\/blog\/wp-content\/uploads\/2020\/05\/veliaj-1-e1562585458915.jpg?fit=676%2C409&ssl=1&resize=525%2C300 1.5x"},"classes":[]}],"_links":{"self":[{"href":"https:\/\/www.shqiperia.com\/blog\/wp-json\/wp\/v2\/posts\/30059","targetHints":{"allow":["GET"]}}],"collection":[{"href":"https:\/\/www.shqiperia.com\/blog\/wp-json\/wp\/v2\/posts"}],"about":[{"href":"https:\/\/www.shqiperia.com\/blog\/wp-json\/wp\/v2\/types\/post"}],"author":[{"embeddable":true,"href":"https:\/\/www.shqiperia.com\/blog\/wp-json\/wp\/v2\/users\/9"}],"replies":[{"embeddable":true,"href":"https:\/\/www.shqiperia.com\/blog\/wp-json\/wp\/v2\/comments?post=30059"}],"version-history":[{"count":1,"href":"https:\/\/www.shqiperia.com\/blog\/wp-json\/wp\/v2\/posts\/30059\/revisions"}],"predecessor-version":[{"id":30062,"href":"https:\/\/www.shqiperia.com\/blog\/wp-json\/wp\/v2\/posts\/30059\/revisions\/30062"}],"wp:featuredmedia":[{"embeddable":true,"href":"https:\/\/www.shqiperia.com\/blog\/wp-json\/wp\/v2\/media\/30060"}],"wp:attachment":[{"href":"https:\/\/www.shqiperia.com\/blog\/wp-json\/wp\/v2\/media?parent=30059"}],"wp:term":[{"taxonomy":"category","embeddable":true,"href":"https:\/\/www.shqiperia.com\/blog\/wp-json\/wp\/v2\/categories?post=30059"},{"taxonomy":"post_tag","embeddable":true,"href":"https:\/\/www.shqiperia.com\/blog\/wp-json\/wp\/v2\/tags?post=30059"}],"curies":[{"name":"wp","href":"https:\/\/api.w.org\/{rel}","templated":true}]}}