{"id":30056,"date":"2020-01-06T01:28:47","date_gmt":"2020-01-06T01:28:47","guid":{"rendered":"https:\/\/www.shqiperia.com\/blog\/?p=30056"},"modified":"2020-01-06T01:28:47","modified_gmt":"2020-01-06T01:28:47","slug":"mesjete-ritet-e-shenjta-dhe-djallezore-te-klerikeve-trillet-e-cmendura-te-verteta-e-ferrit-dhe-gjyqet-e-inkuizicionit","status":"publish","type":"post","link":"https:\/\/www.shqiperia.com\/blog\/mesjete-ritet-e-shenjta-dhe-djallezore-te-klerikeve-trillet-e-cmendura-te-verteta-e-ferrit-dhe-gjyqet-e-inkuizicionit\/","title":{"rendered":"Mesjet\u00eb \u2013 Ritet e shenjta dhe djall\u00ebzore t\u00eb klerik\u00ebve, trillet e \u00e7mendura, t\u00eb v\u00ebrteta e ferrit dhe gjyqet e inkuizicionit."},"content":{"rendered":"<p><img data-recalc-dims=\"1\" loading=\"lazy\" decoding=\"async\" data-attachment-id=\"30057\" data-permalink=\"https:\/\/www.shqiperia.com\/blog\/mesjete-ritet-e-shenjta-dhe-djallezore-te-klerikeve-trillet-e-cmendura-te-verteta-e-ferrit-dhe-gjyqet-e-inkuizicionit\/burning-jews\/\" data-orig-file=\"https:\/\/i0.wp.com\/www.shqiperia.com\/blog\/wp-content\/uploads\/2020\/01\/Burning-Jews.jpg?fit=752%2C440&amp;ssl=1\" data-orig-size=\"752,440\" data-comments-opened=\"1\" data-image-meta=\"{&quot;aperture&quot;:&quot;0&quot;,&quot;credit&quot;:&quot;&quot;,&quot;camera&quot;:&quot;&quot;,&quot;caption&quot;:&quot;&quot;,&quot;created_timestamp&quot;:&quot;0&quot;,&quot;copyright&quot;:&quot;&quot;,&quot;focal_length&quot;:&quot;0&quot;,&quot;iso&quot;:&quot;0&quot;,&quot;shutter_speed&quot;:&quot;0&quot;,&quot;title&quot;:&quot;&quot;,&quot;orientation&quot;:&quot;0&quot;}\" data-image-title=\"Burning-Jews\" data-image-description=\"\" data-image-caption=\"\" data-medium-file=\"https:\/\/i0.wp.com\/www.shqiperia.com\/blog\/wp-content\/uploads\/2020\/01\/Burning-Jews.jpg?fit=300%2C176&amp;ssl=1\" data-large-file=\"https:\/\/i0.wp.com\/www.shqiperia.com\/blog\/wp-content\/uploads\/2020\/01\/Burning-Jews.jpg?fit=752%2C440&amp;ssl=1\" class=\"alignnone  wp-image-30057\" alt=\"\" src=\"https:\/\/i0.wp.com\/www.shqiperia.com\/blog\/wp-content\/uploads\/2020\/01\/Burning-Jews.jpg?resize=491%2C288&#038;ssl=1\" width=\"491\" height=\"288\" srcset=\"https:\/\/i0.wp.com\/www.shqiperia.com\/blog\/wp-content\/uploads\/2020\/01\/Burning-Jews.jpg?resize=300%2C176&amp;ssl=1 300w, https:\/\/i0.wp.com\/www.shqiperia.com\/blog\/wp-content\/uploads\/2020\/01\/Burning-Jews.jpg?resize=450%2C263&amp;ssl=1 450w, https:\/\/i0.wp.com\/www.shqiperia.com\/blog\/wp-content\/uploads\/2020\/01\/Burning-Jews.jpg?resize=600%2C351&amp;ssl=1 600w, https:\/\/i0.wp.com\/www.shqiperia.com\/blog\/wp-content\/uploads\/2020\/01\/Burning-Jews.jpg?resize=400%2C234&amp;ssl=1 400w, https:\/\/i0.wp.com\/www.shqiperia.com\/blog\/wp-content\/uploads\/2020\/01\/Burning-Jews.jpg?w=752&amp;ssl=1 752w\" sizes=\"auto, (max-width: 491px) 100vw, 491px\" \/><\/p>\n<p>Mesjet\u00eb \u2013 Ritet e shenjta dhe djall\u00ebzore t\u00eb klerik\u00ebve, trillet e \u00e7mendura, t\u00eb v\u00ebrteta e ferrit dhe gjyqet e inkuizicionit.<\/p>\n<p><strong>Nga Albert Vataj<\/strong><\/p>\n<p>M\u00eb 12\u00a0 Tetor 1285 , n\u00eb Mynih t\u00eb Gjermanis\u00eb, 180 herbrenj jan\u00eb djegur t\u00eb gjall\u00eb n\u00eb sinagog\u00ebn e tyre, nd\u00ebrsa kishin refuzuar t\u00eb pag\u00ebzoheshin si t\u00eb krishter\u00eb. Kjo ngjarje ngjeth\u00ebse \u00ebsht\u00eb vijim i nj\u00eb nd\u00ebshkimi t\u00eb p\u00ebrgjaksh\u00ebm. Thashethemet se hebrenjt\u00eb kishin bler\u00eb nga nj\u00eb grua e moshuar f\u00ebmij\u00eb t\u00eb krishter\u00eb, me gjakun e t\u00eb cil\u00ebve do t\u00eb gatuanin buk\u00ebn e bekuar t\u00eb Pashk\u00ebve, \u00e7uan n\u00eb vrasjen e 68 \u00e7ifut\u00ebve. N\u00eb mesjet\u00eb rituale t\u00eb tilla t\u00eb fshehta ekzistonin, s\u00eb paku nga rr\u00ebfimet dhe dor\u00ebshkrimet e ndryshme, kryesisht nga pjes\u00ebtar\u00eb t\u00eb k\u00ebtyre grupimeve t\u00eb fshehta, por edhe nga d\u00ebshmit\u00eb e gjyqeve t\u00eb inkuizicionit.<\/p>\n<p>Umberto Eco n\u00eb librin e tij \u201cEmri i tr\u00ebndafilit\u201d trajton veprimtarin\u00eb e grupeve t\u00eb fshehta, kryesisht ato fetare, p\u00ebrplasjet, oponenca, luftrat e p\u00ebrgjakshme, intrigat, gjyqet dhe panoram\u00ebn e err\u00ebt t\u00eb atyre koh\u00ebve.<\/p>\n<p>Mes t\u00eb v\u00ebrtet\u00ebs dhe trillit \u00ebsht\u00eb nj\u00eb coh\u00eb e holl\u00eb.<\/p>\n<p>N\u00eb k\u00ebt\u00eb lib\u00ebr, faqe 72, Eco sjell bashk\u00ebbisedimin e abatit Umb\u00ebrt dhe inkuizitorit Uilliam p\u00ebr apostujt e rrem\u00eb t\u00eb Mantefalkut ose v\u00ebllez\u00ebrit e \u201cShpirtit t\u00eb lir\u00eb\u201d.<\/p>\n<p>Jan\u00eb episode ngjeth\u00ebse t\u00eb librit. N\u00eb t\u00ebr\u00ebsin\u00eb e vet gjith\u00e7ka n\u00eb k\u00ebto faqe \u00ebsht\u00eb fantastike dhe e frikshme, \u00ebsht\u00eb tejshpuese dhe muros\u00ebse, \u00ebsht\u00eb loja e kap\u00ebrcyellit t\u00eb mendimeve dhe aktit, \u00ebsht\u00eb nj\u00eb p\u00ebrplasje e frik\u00ebs dhe dyshimit, e drejt\u00ebsis\u00eb dhe lajthitjes, \u00ebsht\u00eb gjith\u00e7ka q\u00eb gatuhet n\u00eb terrin e mendimeve dhe eksplodon n\u00eb drit\u00ebn e faktit.<\/p>\n<p>\u201cMlidheshin nat\u00ebn n\u00eb nj\u00eb qeli vere merrnin nj\u00eb f\u00ebmij\u00eb t\u00eb sapolindur, i\u2019a hidhnin nj\u00ebri-tjetrit derisa vdiste nga goditjet\u2026 a nga tjet\u00ebr gj\u00eb\u2026, E kush e mbante p\u00ebr her\u00eb t\u00eb fundit gjall\u00eb dhe i vdiste n\u00eb duar b\u00ebhej kryetar i sektit. Dhe trupin foshnj\u00ebs e b\u00ebnin copa-copa, e p\u00ebrzienin me miell\u00a0 dhe e b\u00ebnin oste blasfemie\u201d.<\/p>\n<p>K\u00ebsisoj ishin pohimet e d\u00ebshmitar\u00ebve n\u00eb gjyqet e famshme t\u00eb inkuizicionit, megjith\u00ebse sipas personazhit n\u00eb k\u00ebt\u00eb lib\u00ebr, k\u00ebto nuk ishin konsideruar.<\/p>\n<p>Djalli \u00ebsht\u00eb kok\u00ebfort\u00eb thot\u00eb Eco n\u00eb \u201cEmri i tr\u00ebndafilit\u201d, ndjek nj\u00eb rit\u00ebm n\u00eb djall\u00ebzit\u00eb dhe joshjen e tij, i p\u00ebrs\u00ebrit ritet e veta edhe pas mij\u00ebra vjet\u00ebsh, por \u00ebsht\u00eb gjithnj\u00eb po ai, mizor.<\/p>\n<p>P\u00ebr t\u00eb vijuar\u2026<\/p>\n<p>\u201cNdiznin kandilat nat\u00ebn e Pashk\u00ebs dhe shpinin vajza posht\u00eb n\u00eb qilar. Pastaj shuanin kandilat dhe u hidheshin sip\u00ebr, megjith\u00ebse mund t\u00eb kishin mes tyre edhe lidhje gjaku. E po t\u00eb lindte ndonj\u00eb f\u00ebmij\u00eb nga ky bashkim, fillonte p\u00ebrs\u00ebri ai riti prej ferri, t\u00eb gjith\u00eb rrinin rreth e rrotull nj\u00eb po\u00e7eje plot me ver\u00eb, q\u00eb quanin fuqiz\u00eb, e pinin sa deheshin dhe pastaj e prisnin copa-copa foshnj\u00ebn, i\u2019a kullonin gjakun n\u00eb nj\u00eb kup\u00eb, hidhnin f\u00ebmij\u00ebn ende t\u00eb gjall\u00eb n\u00eb zjarr, p\u00ebrzinin hirin e f\u00ebmij\u00ebs s\u00eb djegur me gjakun e mbledhur prej tij dhe e pinin.<\/p>\n<p>Kjo ishte shkruar nga M\u00ebhill Pseli rreth marifeteve t\u00eb djallit\u2026 dhe d\u00ebshmuar gjat\u00eb torturave t\u00eb nj\u00eb far Bentivenga, i cili akuzohej p\u00ebr blasfemi dhe gjykohej nga inkuizicioni.<\/p>\n<p>Vet\u00ebm nj\u00eb gj\u00eb q\u00eb i cyt kafsh\u00ebn m\u00eb shum\u00eb se sa qejfi, shkruan Eco, \u00ebsht\u00eb dhimbja. N\u00ebn tortur\u00eb jeton si n\u00eb mbret\u00ebrin\u00eb e bar\u00ebrave vegimndjell\u00ebse. Gjith\u00eb \u00e7\u2019ke lexuar t\u00eb vijn\u00eb n\u00eb mend, sikur t\u00eb t\u00eb ken\u00eb rr\u00ebmbyer jo nga qielli por nga ferri. N\u00ebn tortur\u00eb thua jo vet\u00ebm at\u00eb q\u00eb do inkuizitori, por edhe ato q\u00eb mendon se do t\u2019i p\u00eblqejn\u00eb atij, sepse vendoset nj\u00eb lidhje v\u00ebrtet\u00eb djall\u00ebzore nd\u00ebrmjet teje dhe atij\u2026<\/p>\n<p>Mitet e gjakut t\u00eb past\u00ebr, gatimi i buk\u00ebs s\u00eb shenjt\u00eb me gjakun e f\u00ebmij\u00ebve t\u00eb vegj\u00ebl dhe flijimi i virgj\u00ebreshave, orgjit\u00eb n\u00eb streh\u00ebt e n\u00ebndheshme dhe kodi e rrept\u00eb i heshtjes, p\u00ebrb\u00ebjn\u00eb n\u00eb vetvete aktivitetin e sekteve religjioze dhe jo vet\u00ebm, k\u00ebtyre grupimeve, t\u00eb cilat pasi dendeshim me ekstazi dhe retorik\u00eb deh\u00ebse, l\u00ebshoheshin n\u00eb \u00e7ap\u00ebrlime dhe p\u00ebshtirje, n\u00eb masakrime dhe monstruozitete. Mesjeta ishte v\u00ebrtet\u00eb mizore, etja p\u00ebr gjak ishte e nj\u00ebjt\u00eb sa p\u00ebrkushtimi p\u00ebr adhurim. T\u00eb v\u00ebrtetat rreth riteve dhe marifeteve djall\u00ebzore, mund t\u00eb jen\u00eb t\u00eb gjitha trille, sikurse edhe gjykimet e famshme t\u00eb inkuzicionit mund t\u00eb ishin t\u00eb gjitha nj\u00eb fars, por ajo q\u00eb nuk p\u00ebrjashtohet \u00ebsht\u00eb ana e err\u00ebt e njeriut, instinkti i tij shtazor.<\/p>\n","protected":false},"excerpt":{"rendered":"<p>Mesjet\u00eb \u2013 Ritet e shenjta dhe djall\u00ebzore t\u00eb klerik\u00ebve, trillet e \u00e7mendura, t\u00eb v\u00ebrteta e ferrit dhe gjyqet e inkuizicionit. Nga Albert Vataj M\u00eb 12\u00a0 Tetor 1285 , n\u00eb Mynih t\u00eb Gjermanis\u00eb, 180 herbrenj jan\u00eb djegur t\u00eb gjall\u00eb n\u00eb sinagog\u00ebn e tyre, nd\u00ebrsa kishin refuzuar t\u00eb pag\u00ebzoheshin si t\u00eb krishter\u00eb. Kjo ngjarje ngjeth\u00ebse \u00ebsht\u00eb vijim [&hellip;]<\/p>\n","protected":false},"author":9,"featured_media":30057,"comment_status":"open","ping_status":"open","sticky":false,"template":"","format":"standard","meta":{"jetpack_post_was_ever_published":false,"_jetpack_newsletter_access":"","_jetpack_dont_email_post_to_subs":false,"_jetpack_newsletter_tier_id":0,"_jetpack_memberships_contains_paywalled_content":false,"_jetpack_memberships_contains_paid_content":false,"footnotes":"","jetpack_publicize_message":"","jetpack_publicize_feature_enabled":true,"jetpack_social_post_already_shared":true,"jetpack_social_options":{"image_generator_settings":{"template":"highway","default_image_id":0,"font":"","enabled":false},"version":2}},"categories":[27,85],"tags":[],"class_list":["post-30056","post","type-post","status-publish","format-standard","has-post-thumbnail","hentry","category-blogu-i-udhetarit","category-histori"],"jetpack_publicize_connections":[],"jetpack_featured_media_url":"https:\/\/i0.wp.com\/www.shqiperia.com\/blog\/wp-content\/uploads\/2020\/01\/Burning-Jews.jpg?fit=752%2C440&ssl=1","jetpack_sharing_enabled":true,"jetpack_shortlink":"https:\/\/wp.me\/p5Z6wp-7OM","jetpack-related-posts":[{"id":94654,"url":"https:\/\/www.shqiperia.com\/blog\/fete-misterioze-te-praktikuara-ne-fshehtesi\/","url_meta":{"origin":30056,"position":0},"title":"Fet\u00eb misterioze t\u00eb praktikuara n\u00eb fsheht\u00ebsi","author":"Kurt Farka","date":"November 5, 2025","format":false,"excerpt":"5 Nentor 2025 Besimet e fshehta fetare sfidojn\u00eb ato tradicionale. Ato zbehin dallimin nd\u00ebrmjet p\u00ebrkushtimit dhe herezis\u00eb. Shum\u00eb prej tyre jan\u00eb hibride t\u00eb shum\u00eb teologjive. K\u00ebto besime t\u00eb p\u00ebrziera fetare, kan\u00eb nj\u00eb m\u00ebnyr\u00eb interesante t\u00eb ngacmimit t\u00eb strukturave t\u00eb pushtetit, sidomos kur l\u00ebvizjet dalin nga shtresat e ul\u00ebta apo p\u00ebrmbajn\u00eb\u2026","rel":"","context":"In &quot;Histori&quot;","block_context":{"text":"Histori","link":"https:\/\/www.shqiperia.com\/blog\/category\/histori\/"},"img":{"alt_text":"","src":"https:\/\/i0.wp.com\/www.shqiperia.com\/blog\/wp-content\/uploads\/2025\/11\/Capture-153.png?fit=895%2C476&ssl=1&resize=350%2C200","width":350,"height":200,"srcset":"https:\/\/i0.wp.com\/www.shqiperia.com\/blog\/wp-content\/uploads\/2025\/11\/Capture-153.png?fit=895%2C476&ssl=1&resize=350%2C200 1x, https:\/\/i0.wp.com\/www.shqiperia.com\/blog\/wp-content\/uploads\/2025\/11\/Capture-153.png?fit=895%2C476&ssl=1&resize=525%2C300 1.5x, https:\/\/i0.wp.com\/www.shqiperia.com\/blog\/wp-content\/uploads\/2025\/11\/Capture-153.png?fit=895%2C476&ssl=1&resize=700%2C400 2x"},"classes":[]},{"id":97708,"url":"https:\/\/www.shqiperia.com\/blog\/ne-nje-varr-te-epokes-se-gurit-ne-gjermani-arkeologet-kane-zbuluar-nje-tunel-misterioz-nentokesor\/","url_meta":{"origin":30056,"position":1},"title":"Ne nj\u00eb varr t\u00eb Epok\u00ebs s\u00eb Gurit n\u00eb Gjermani, arkeolog\u00ebt kan\u00eb zbuluar nj\u00eb tunel misterioz n\u00ebntok\u00ebsor","author":"Kurt Farka","date":"February 15, 2026","format":false,"excerpt":"15 Shkurt 2026 Gjat\u00eb g\u00ebrmimeve n\u00eb nj\u00eb varr t\u00eb Epok\u00ebs s\u00eb Gurit n\u00eb Gjermani, arkeolog\u00ebt kan\u00eb zbuluar nj\u00eb tunel misterioz n\u00ebntok\u00ebsor q\u00eb mendohet se \u00ebsht\u00eb nd\u00ebrtuar n\u00eb Mesjet\u00eb, mij\u00ebra vite pas krijimit t\u00eb varrit. Zbulimi u b\u00eb pran\u00eb fshatit Dornberg, n\u00eb landin Saksoni-Anhalt, gjat\u00eb nj\u00eb studimi paraprak p\u00ebrpara nj\u00eb projekti\u2026","rel":"","context":"In &quot;Blogu i Udh\u00ebtarit&quot;","block_context":{"text":"Blogu i Udh\u00ebtarit","link":"https:\/\/www.shqiperia.com\/blog\/category\/blogu-i-udhetarit\/"},"img":{"alt_text":"","src":"https:\/\/i0.wp.com\/www.shqiperia.com\/blog\/wp-content\/uploads\/2026\/02\/640-0-5149a59a0d5b92d31c0841801b723ef3.png?fit=640%2C360&ssl=1&resize=350%2C200","width":350,"height":200,"srcset":"https:\/\/i0.wp.com\/www.shqiperia.com\/blog\/wp-content\/uploads\/2026\/02\/640-0-5149a59a0d5b92d31c0841801b723ef3.png?fit=640%2C360&ssl=1&resize=350%2C200 1x, https:\/\/i0.wp.com\/www.shqiperia.com\/blog\/wp-content\/uploads\/2026\/02\/640-0-5149a59a0d5b92d31c0841801b723ef3.png?fit=640%2C360&ssl=1&resize=525%2C300 1.5x"},"classes":[]},{"id":22082,"url":"https:\/\/www.shqiperia.com\/blog\/zheji-lereni-ish-piktorin-te-mbaroje-pikturen-e-tij-te-ferrit-po-u-lehteson-punen-kundershtareve-duke-e-cuar-trenin-ne-perplasje\/","url_meta":{"origin":30056,"position":2},"title":"Zheji: &#8211; L\u00ebreni ish-Piktorin t\u00eb mbaroj\u00eb piktur\u00ebn e tij t\u00eb Ferrit. Po u leht\u00ebson pun\u00ebn kund\u00ebrshtar\u00ebve, duke e \u00e7uar trenin n\u00eb p\u00ebrplasje\u2026","author":"Kurt Farka","date":"June 21, 2019","format":false,"excerpt":"Zheji: - L\u00ebreni ish-Piktorin t\u00eb mbaroj\u00eb piktur\u00ebn e tij t\u00eb Ferrit. Po u leht\u00ebson pun\u00ebn kund\u00ebrshtar\u00ebve, duke e \u00e7uar trenin n\u00eb p\u00ebrplasje\u2026 21qershor 2019 \u00a0 Nga: ARTUR ZHEJI\u00a0 I do zgjedhjet lokale m\u00eb 30 qershor. Vet\u00ebm dhe rrethuar bollsh\u00ebm, me zarat, zarushat, larushat dhe larot e tij pas, ca peshq\u2026","rel":"","context":"In &quot;Blogu i Udh\u00ebtarit&quot;","block_context":{"text":"Blogu i Udh\u00ebtarit","link":"https:\/\/www.shqiperia.com\/blog\/category\/blogu-i-udhetarit\/"},"img":{"alt_text":"","src":"https:\/\/i0.wp.com\/www.shqiperia.com\/blog\/wp-content\/uploads\/2019\/06\/zheji-770x433.jpg?fit=770%2C433&ssl=1&resize=350%2C200","width":350,"height":200,"srcset":"https:\/\/i0.wp.com\/www.shqiperia.com\/blog\/wp-content\/uploads\/2019\/06\/zheji-770x433.jpg?fit=770%2C433&ssl=1&resize=350%2C200 1x, https:\/\/i0.wp.com\/www.shqiperia.com\/blog\/wp-content\/uploads\/2019\/06\/zheji-770x433.jpg?fit=770%2C433&ssl=1&resize=525%2C300 1.5x, https:\/\/i0.wp.com\/www.shqiperia.com\/blog\/wp-content\/uploads\/2019\/06\/zheji-770x433.jpg?fit=770%2C433&ssl=1&resize=700%2C400 2x"},"classes":[]},{"id":98068,"url":"https:\/\/www.shqiperia.com\/blog\/a-ishte-lebra-nje-denim-social-me-vdekje-ne-mesjete\/","url_meta":{"origin":30056,"position":3},"title":"A ishte lebra nj\u00eb d\u00ebnim social me vdekje n\u00eb mesjet\u00eb?","author":"Kurt Farka","date":"February 28, 2026","format":false,"excerpt":"28 Shkurt 2026 Lebra nuk i pengonte familjet e pasura mesjetare t\u00eb varroseshin n\u00eb varret m\u00eb prestigjioze, sipas nj\u00eb studimi t\u00eb ri. Danez\u00ebt e pasur e tregonin pasurin\u00eb e tyre edhe pas vdekjes, duke u varrosur \"m\u00eb af\u00ebr Zotit\", n\u00eb vendet m\u00eb t\u00eb shtrenjta pran\u00eb kishave. T\u00eb s\u00ebmur\u00ebt me leb\u00ebr\u2026","rel":"","context":"In &quot;Histori&quot;","block_context":{"text":"Histori","link":"https:\/\/www.shqiperia.com\/blog\/category\/histori\/"},"img":{"alt_text":"","src":"https:\/\/i0.wp.com\/www.shqiperia.com\/blog\/wp-content\/uploads\/2026\/02\/auto_03f38a4c-f9c9-40ec-86d7-95de1688edae1772018496.jpg?fit=900%2C598&ssl=1&resize=350%2C200","width":350,"height":200,"srcset":"https:\/\/i0.wp.com\/www.shqiperia.com\/blog\/wp-content\/uploads\/2026\/02\/auto_03f38a4c-f9c9-40ec-86d7-95de1688edae1772018496.jpg?fit=900%2C598&ssl=1&resize=350%2C200 1x, https:\/\/i0.wp.com\/www.shqiperia.com\/blog\/wp-content\/uploads\/2026\/02\/auto_03f38a4c-f9c9-40ec-86d7-95de1688edae1772018496.jpg?fit=900%2C598&ssl=1&resize=525%2C300 1.5x, https:\/\/i0.wp.com\/www.shqiperia.com\/blog\/wp-content\/uploads\/2026\/02\/auto_03f38a4c-f9c9-40ec-86d7-95de1688edae1772018496.jpg?fit=900%2C598&ssl=1&resize=700%2C400 2x"},"classes":[]},{"id":97034,"url":"https:\/\/www.shqiperia.com\/blog\/kush-ishin-kataret-grupi-fetar-qe-guxoi-te-sfidonte-kishen-katolike\/","url_meta":{"origin":30056,"position":4},"title":"Kush ishin katar\u00ebt, grupi fetar q\u00eb guxoi t\u00eb sfidonte Kish\u00ebn Katolike","author":"Kurt Farka","date":"January 28, 2026","format":false,"excerpt":"N\u00eb fillim t\u00eb shekullit XIII, Europa p\u00ebrjetoi rritjen e disa komuniteteve t\u00eb krishtera disidente, mes tyre katar\u00ebt dhe valdez\u00ebt, t\u00eb p\u00ebrhapur n\u00eb rajone t\u00eb ndryshme. K\u00ebto l\u00ebvizje vinin n\u00eb dyshim elemente themelore t\u00eb doktrin\u00ebs katolike, si vlefshm\u00ebria e sakramenteve dhe roli i Kish\u00ebs n\u00eb shp\u00ebtimin e shpirtit. Ata besonin se\u2026","rel":"","context":"In &quot;Blogu i Udh\u00ebtarit&quot;","block_context":{"text":"Blogu i Udh\u00ebtarit","link":"https:\/\/www.shqiperia.com\/blog\/category\/blogu-i-udhetarit\/"},"img":{"alt_text":"Image","src":"https:\/\/i0.wp.com\/www.syri.net\/uploads\/syri.net\/images\/2026\/January\/26\/auto_fd05122b-a71d-475b-bb50-1a035317b7bc1769420601.jpg?resize=350%2C200&ssl=1","width":350,"height":200,"srcset":"https:\/\/i0.wp.com\/www.syri.net\/uploads\/syri.net\/images\/2026\/January\/26\/auto_fd05122b-a71d-475b-bb50-1a035317b7bc1769420601.jpg?resize=350%2C200&ssl=1 1x, https:\/\/i0.wp.com\/www.syri.net\/uploads\/syri.net\/images\/2026\/January\/26\/auto_fd05122b-a71d-475b-bb50-1a035317b7bc1769420601.jpg?resize=525%2C300&ssl=1 1.5x, https:\/\/i0.wp.com\/www.syri.net\/uploads\/syri.net\/images\/2026\/January\/26\/auto_fd05122b-a71d-475b-bb50-1a035317b7bc1769420601.jpg?resize=700%2C400&ssl=1 2x"},"classes":[]},{"id":82534,"url":"https:\/\/www.shqiperia.com\/blog\/shfaqet-murtaja-e-zeze-qe-vrau-25-milione-njerez-ne-mesjete\/","url_meta":{"origin":30056,"position":5},"title":"Shfaqet Murtaja e Zez\u00eb q\u00eb vrau 25 milion\u00eb njer\u00ebz n\u00eb mesjet\u00eb","author":"Kurt Farka","date":"July 7, 2024","format":false,"excerpt":"7 Korrik 2024 Bakteret e murtaj\u00ebs zakonisht transmetohen nga brejt\u00ebsit dhe pleshtat te njer\u00ebzit duke kafshuar, prekur ose g\u00ebrvishtur l\u00ebkur\u00ebn e kafsh\u00ebve t\u00eb infektuara. N\u00eb Kolorado, konkretisht n\u00eb konten\u00eb Pueblo, 118 milje n\u00eb jug t\u00eb Denverit, \u00ebsht\u00eb raportuar nj\u00eb rast i ri i murtaj\u00ebs njer\u00ebzore. Autoritetet sh\u00ebndet\u00ebsore amerikane deri m\u00eb\u2026","rel":"","context":"In &quot;Blogu i Udh\u00ebtarit&quot;","block_context":{"text":"Blogu i Udh\u00ebtarit","link":"https:\/\/www.shqiperia.com\/blog\/category\/blogu-i-udhetarit\/"},"img":{"alt_text":"","src":"https:\/\/i0.wp.com\/www.shqiperia.com\/blog\/wp-content\/uploads\/2024\/07\/Murtaja-e-Zeze.jpeg?fit=900%2C613&ssl=1&resize=350%2C200","width":350,"height":200,"srcset":"https:\/\/i0.wp.com\/www.shqiperia.com\/blog\/wp-content\/uploads\/2024\/07\/Murtaja-e-Zeze.jpeg?fit=900%2C613&ssl=1&resize=350%2C200 1x, https:\/\/i0.wp.com\/www.shqiperia.com\/blog\/wp-content\/uploads\/2024\/07\/Murtaja-e-Zeze.jpeg?fit=900%2C613&ssl=1&resize=525%2C300 1.5x, https:\/\/i0.wp.com\/www.shqiperia.com\/blog\/wp-content\/uploads\/2024\/07\/Murtaja-e-Zeze.jpeg?fit=900%2C613&ssl=1&resize=700%2C400 2x"},"classes":[]}],"_links":{"self":[{"href":"https:\/\/www.shqiperia.com\/blog\/wp-json\/wp\/v2\/posts\/30056","targetHints":{"allow":["GET"]}}],"collection":[{"href":"https:\/\/www.shqiperia.com\/blog\/wp-json\/wp\/v2\/posts"}],"about":[{"href":"https:\/\/www.shqiperia.com\/blog\/wp-json\/wp\/v2\/types\/post"}],"author":[{"embeddable":true,"href":"https:\/\/www.shqiperia.com\/blog\/wp-json\/wp\/v2\/users\/9"}],"replies":[{"embeddable":true,"href":"https:\/\/www.shqiperia.com\/blog\/wp-json\/wp\/v2\/comments?post=30056"}],"version-history":[{"count":1,"href":"https:\/\/www.shqiperia.com\/blog\/wp-json\/wp\/v2\/posts\/30056\/revisions"}],"predecessor-version":[{"id":30058,"href":"https:\/\/www.shqiperia.com\/blog\/wp-json\/wp\/v2\/posts\/30056\/revisions\/30058"}],"wp:featuredmedia":[{"embeddable":true,"href":"https:\/\/www.shqiperia.com\/blog\/wp-json\/wp\/v2\/media\/30057"}],"wp:attachment":[{"href":"https:\/\/www.shqiperia.com\/blog\/wp-json\/wp\/v2\/media?parent=30056"}],"wp:term":[{"taxonomy":"category","embeddable":true,"href":"https:\/\/www.shqiperia.com\/blog\/wp-json\/wp\/v2\/categories?post=30056"},{"taxonomy":"post_tag","embeddable":true,"href":"https:\/\/www.shqiperia.com\/blog\/wp-json\/wp\/v2\/tags?post=30056"}],"curies":[{"name":"wp","href":"https:\/\/api.w.org\/{rel}","templated":true}]}}