{"id":30049,"date":"2020-01-05T23:42:58","date_gmt":"2020-01-05T23:42:58","guid":{"rendered":"https:\/\/www.shqiperia.com\/blog\/?p=30049"},"modified":"2020-01-05T23:42:58","modified_gmt":"2020-01-05T23:42:58","slug":"gur-stele-varri-fotografuar-ne-prishtine","status":"publish","type":"post","link":"https:\/\/www.shqiperia.com\/blog\/gur-stele-varri-fotografuar-ne-prishtine\/","title":{"rendered":"Gur (stele) Varri fotografuar ne Prishtine."},"content":{"rendered":"<p><img data-recalc-dims=\"1\" loading=\"lazy\" decoding=\"async\" data-attachment-id=\"30052\" data-permalink=\"https:\/\/www.shqiperia.com\/blog\/gur-stele-varri-fotografuar-ne-prishtine\/gur-stele-varri-fotografuar-ne-prishtine-3\/\" data-orig-file=\"https:\/\/i0.wp.com\/www.shqiperia.com\/blog\/wp-content\/uploads\/2020\/01\/Gur-stele-Varri-fotografuar-ne-Prishtine-2-scaled.jpg?fit=2560%2C1356&amp;ssl=1\" data-orig-size=\"2560,1356\" data-comments-opened=\"1\" data-image-meta=\"{&quot;aperture&quot;:&quot;2.7&quot;,&quot;credit&quot;:&quot;&quot;,&quot;camera&quot;:&quot;EX-Z700&quot;,&quot;caption&quot;:&quot;&quot;,&quot;created_timestamp&quot;:&quot;1184433420&quot;,&quot;copyright&quot;:&quot;&quot;,&quot;focal_length&quot;:&quot;6.2&quot;,&quot;iso&quot;:&quot;0&quot;,&quot;shutter_speed&quot;:&quot;0.01&quot;,&quot;title&quot;:&quot;&quot;,&quot;orientation&quot;:&quot;1&quot;}\" data-image-title=\"Gur (stele) Varri fotografuar ne Prishtine\" data-image-description=\"\" data-image-caption=\"\" data-medium-file=\"https:\/\/i0.wp.com\/www.shqiperia.com\/blog\/wp-content\/uploads\/2020\/01\/Gur-stele-Varri-fotografuar-ne-Prishtine-2-scaled.jpg?fit=300%2C159&amp;ssl=1\" data-large-file=\"https:\/\/i0.wp.com\/www.shqiperia.com\/blog\/wp-content\/uploads\/2020\/01\/Gur-stele-Varri-fotografuar-ne-Prishtine-2-scaled.jpg?fit=1024%2C542&amp;ssl=1\" class=\"alignnone  wp-image-30052\" alt=\"\" src=\"https:\/\/i0.wp.com\/www.shqiperia.com\/blog\/wp-content\/uploads\/2020\/01\/Gur-stele-Varri-fotografuar-ne-Prishtine-2.jpg?resize=528%2C280&#038;ssl=1\" width=\"528\" height=\"280\" srcset=\"https:\/\/i0.wp.com\/www.shqiperia.com\/blog\/wp-content\/uploads\/2020\/01\/Gur-stele-Varri-fotografuar-ne-Prishtine-2-scaled.jpg?resize=300%2C159&amp;ssl=1 300w, https:\/\/i0.wp.com\/www.shqiperia.com\/blog\/wp-content\/uploads\/2020\/01\/Gur-stele-Varri-fotografuar-ne-Prishtine-2-scaled.jpg?resize=1024%2C542&amp;ssl=1 1024w, https:\/\/i0.wp.com\/www.shqiperia.com\/blog\/wp-content\/uploads\/2020\/01\/Gur-stele-Varri-fotografuar-ne-Prishtine-2-scaled.jpg?resize=768%2C407&amp;ssl=1 768w, https:\/\/i0.wp.com\/www.shqiperia.com\/blog\/wp-content\/uploads\/2020\/01\/Gur-stele-Varri-fotografuar-ne-Prishtine-2-scaled.jpg?resize=1536%2C813&amp;ssl=1 1536w, https:\/\/i0.wp.com\/www.shqiperia.com\/blog\/wp-content\/uploads\/2020\/01\/Gur-stele-Varri-fotografuar-ne-Prishtine-2-scaled.jpg?resize=2048%2C1085&amp;ssl=1 2048w, https:\/\/i0.wp.com\/www.shqiperia.com\/blog\/wp-content\/uploads\/2020\/01\/Gur-stele-Varri-fotografuar-ne-Prishtine-2-scaled.jpg?resize=2000%2C1059&amp;ssl=1 2000w, https:\/\/i0.wp.com\/www.shqiperia.com\/blog\/wp-content\/uploads\/2020\/01\/Gur-stele-Varri-fotografuar-ne-Prishtine-2-scaled.jpg?resize=450%2C238&amp;ssl=1 450w, https:\/\/i0.wp.com\/www.shqiperia.com\/blog\/wp-content\/uploads\/2020\/01\/Gur-stele-Varri-fotografuar-ne-Prishtine-2-scaled.jpg?resize=600%2C318&amp;ssl=1 600w, https:\/\/i0.wp.com\/www.shqiperia.com\/blog\/wp-content\/uploads\/2020\/01\/Gur-stele-Varri-fotografuar-ne-Prishtine-2-scaled.jpg?resize=1500%2C794&amp;ssl=1 1500w, https:\/\/i0.wp.com\/www.shqiperia.com\/blog\/wp-content\/uploads\/2020\/01\/Gur-stele-Varri-fotografuar-ne-Prishtine-2-scaled.jpg?resize=1300%2C688&amp;ssl=1 1300w, https:\/\/i0.wp.com\/www.shqiperia.com\/blog\/wp-content\/uploads\/2020\/01\/Gur-stele-Varri-fotografuar-ne-Prishtine-2-scaled.jpg?resize=400%2C212&amp;ssl=1 400w\" sizes=\"auto, (max-width: 528px) 100vw, 528px\" \/><\/p>\n<p>Gur (stele) Varri fotografuar ne Prishtine ne vitin 2012. Nuk kishte te shenuar periudhen kohore. Mendojme se i perket shek. VI -VII te eres tone. periudhe kur u rishfaqen portretet dhe skulpturat mortore duke rikthyer elemente etnografik dhe artit arkaik te ruajtura ne zonat e mbyllura dhe pa influenca te artit klasik romak etj.<\/p>\n<div id=\"attachment_30054\" style=\"width: 705px\" class=\"wp-caption alignnone\"><img data-recalc-dims=\"1\" loading=\"lazy\" decoding=\"async\" aria-describedby=\"caption-attachment-30054\" data-attachment-id=\"30054\" data-permalink=\"https:\/\/www.shqiperia.com\/blog\/gur-stele-varri-fotografuar-ne-prishtine\/gur-stele-varri-fotografuar-ne-prishtine-copy-2\/\" data-orig-file=\"https:\/\/i0.wp.com\/www.shqiperia.com\/blog\/wp-content\/uploads\/2020\/01\/Gur-stele-Varri-fotografuar-ne-Prishtine-Copy-1-scaled.jpg?fit=2560%2C1920&amp;ssl=1\" data-orig-size=\"2560,1920\" data-comments-opened=\"1\" data-image-meta=\"{&quot;aperture&quot;:&quot;2.7&quot;,&quot;credit&quot;:&quot;&quot;,&quot;camera&quot;:&quot;EX-Z700&quot;,&quot;caption&quot;:&quot;&quot;,&quot;created_timestamp&quot;:&quot;1184433420&quot;,&quot;copyright&quot;:&quot;&quot;,&quot;focal_length&quot;:&quot;6.2&quot;,&quot;iso&quot;:&quot;0&quot;,&quot;shutter_speed&quot;:&quot;0.01&quot;,&quot;title&quot;:&quot;&quot;,&quot;orientation&quot;:&quot;1&quot;}\" data-image-title=\"Gur (stele) Varri fotografuar ne Prishtine &#8211; Copy\" data-image-description=\"\" data-image-caption=\"&lt;p&gt;Gur (stele) Varri fotografuar ne Prishtine &#8211;&lt;\/p&gt;\n\" data-medium-file=\"https:\/\/i0.wp.com\/www.shqiperia.com\/blog\/wp-content\/uploads\/2020\/01\/Gur-stele-Varri-fotografuar-ne-Prishtine-Copy-1-scaled.jpg?fit=300%2C225&amp;ssl=1\" data-large-file=\"https:\/\/i0.wp.com\/www.shqiperia.com\/blog\/wp-content\/uploads\/2020\/01\/Gur-stele-Varri-fotografuar-ne-Prishtine-Copy-1-scaled.jpg?fit=1024%2C768&amp;ssl=1\" class=\" wp-image-30054\" alt=\"\" src=\"https:\/\/i0.wp.com\/www.shqiperia.com\/blog\/wp-content\/uploads\/2020\/01\/Gur-stele-Varri-fotografuar-ne-Prishtine-Copy-1.jpg?resize=695%2C521&#038;ssl=1\" width=\"695\" height=\"521\" srcset=\"https:\/\/i0.wp.com\/www.shqiperia.com\/blog\/wp-content\/uploads\/2020\/01\/Gur-stele-Varri-fotografuar-ne-Prishtine-Copy-1-scaled.jpg?resize=300%2C225&amp;ssl=1 300w, https:\/\/i0.wp.com\/www.shqiperia.com\/blog\/wp-content\/uploads\/2020\/01\/Gur-stele-Varri-fotografuar-ne-Prishtine-Copy-1-scaled.jpg?resize=1024%2C768&amp;ssl=1 1024w, https:\/\/i0.wp.com\/www.shqiperia.com\/blog\/wp-content\/uploads\/2020\/01\/Gur-stele-Varri-fotografuar-ne-Prishtine-Copy-1-scaled.jpg?resize=768%2C576&amp;ssl=1 768w, https:\/\/i0.wp.com\/www.shqiperia.com\/blog\/wp-content\/uploads\/2020\/01\/Gur-stele-Varri-fotografuar-ne-Prishtine-Copy-1-scaled.jpg?resize=1536%2C1152&amp;ssl=1 1536w, https:\/\/i0.wp.com\/www.shqiperia.com\/blog\/wp-content\/uploads\/2020\/01\/Gur-stele-Varri-fotografuar-ne-Prishtine-Copy-1-scaled.jpg?resize=2048%2C1536&amp;ssl=1 2048w, https:\/\/i0.wp.com\/www.shqiperia.com\/blog\/wp-content\/uploads\/2020\/01\/Gur-stele-Varri-fotografuar-ne-Prishtine-Copy-1-scaled.jpg?resize=2000%2C1500&amp;ssl=1 2000w, https:\/\/i0.wp.com\/www.shqiperia.com\/blog\/wp-content\/uploads\/2020\/01\/Gur-stele-Varri-fotografuar-ne-Prishtine-Copy-1-scaled.jpg?resize=450%2C338&amp;ssl=1 450w, https:\/\/i0.wp.com\/www.shqiperia.com\/blog\/wp-content\/uploads\/2020\/01\/Gur-stele-Varri-fotografuar-ne-Prishtine-Copy-1-scaled.jpg?resize=600%2C450&amp;ssl=1 600w, https:\/\/i0.wp.com\/www.shqiperia.com\/blog\/wp-content\/uploads\/2020\/01\/Gur-stele-Varri-fotografuar-ne-Prishtine-Copy-1-scaled.jpg?resize=1500%2C1125&amp;ssl=1 1500w, https:\/\/i0.wp.com\/www.shqiperia.com\/blog\/wp-content\/uploads\/2020\/01\/Gur-stele-Varri-fotografuar-ne-Prishtine-Copy-1-scaled.jpg?resize=1300%2C975&amp;ssl=1 1300w, https:\/\/i0.wp.com\/www.shqiperia.com\/blog\/wp-content\/uploads\/2020\/01\/Gur-stele-Varri-fotografuar-ne-Prishtine-Copy-1-scaled.jpg?resize=400%2C300&amp;ssl=1 400w\" sizes=\"auto, (max-width: 695px) 100vw, 695px\" \/><p id=\"caption-attachment-30054\" class=\"wp-caption-text\">Gur (stele) Varri fotografuar ne Prishtine &#8211;<\/p><\/div>\n","protected":false},"excerpt":{"rendered":"<p>Gur (stele) Varri fotografuar ne Prishtine ne vitin 2012. Nuk kishte te shenuar periudhen kohore. Mendojme se i perket shek. VI -VII te eres tone. periudhe kur u rishfaqen portretet dhe skulpturat mortore duke rikthyer elemente etnografik dhe artit arkaik te ruajtura ne zonat e mbyllura dhe pa influenca te artit klasik romak etj.<\/p>\n","protected":false},"author":9,"featured_media":30050,"comment_status":"open","ping_status":"open","sticky":false,"template":"","format":"standard","meta":{"jetpack_post_was_ever_published":false,"_jetpack_newsletter_access":"","_jetpack_dont_email_post_to_subs":false,"_jetpack_newsletter_tier_id":0,"_jetpack_memberships_contains_paywalled_content":false,"_jetpack_memberships_contains_paid_content":false,"footnotes":"","jetpack_publicize_message":"","jetpack_publicize_feature_enabled":true,"jetpack_social_post_already_shared":true,"jetpack_social_options":{"image_generator_settings":{"template":"highway","default_image_id":0,"font":"","enabled":false},"version":2}},"categories":[87,10,86],"tags":[],"class_list":["post-30049","post","type-post","status-publish","format-standard","has-post-thumbnail","hentry","category-arte","category-kultura","category-trashegimi-kulturore"],"jetpack_publicize_connections":[],"jetpack_featured_media_url":"https:\/\/i0.wp.com\/www.shqiperia.com\/blog\/wp-content\/uploads\/2020\/01\/Gur-stele-Varri-fotografuar-ne-Prishtine-scaled.jpg?fit=2560%2C1920&ssl=1","jetpack_sharing_enabled":true,"jetpack_shortlink":"https:\/\/wp.me\/p5Z6wp-7OF","jetpack-related-posts":[{"id":3868,"url":"https:\/\/www.shqiperia.com\/blog\/arkeologji-stele-gur-varri-shek-era-e-re\/","url_meta":{"origin":30049,"position":0},"title":"Arkeologji: Stele, Gur Varri, shek I, era e re. &#8211;","author":"Kurt Farka","date":"February 25, 2018","format":false,"excerpt":"Perkushtimi ne nj\u00eb stele t\u00eb nj\u00eb familje ilire, t\u00eb ngritur nga Lukunda p\u00ebr v\u00ebllan\u00eb Epikadus dhe motr\u00ebn e saj Teuta, nj\u00eb ish skllav i Melankos. Gjetur pran\u00eb deg\u00ebs s\u00eb jugut t\u00eb rrug\u00ebs Egnatia n\u00eb af\u00ebrsi t\u00eb Roskovecit, Shqip\u00ebri. Shekulli i par\u00eb pas Krishtit .","rel":"","context":"In &quot;Njoftime Shtypi&quot;","block_context":{"text":"Njoftime Shtypi","link":"https:\/\/www.shqiperia.com\/blog\/category\/njoftime-shtypi\/"},"img":{"alt_text":"","src":"https:\/\/i0.wp.com\/www.shqiperia.com\/blog\/wp-content\/uploads\/2018\/02\/Stele-Gur-Varri.jpg?fit=480%2C212&ssl=1&resize=350%2C200","width":350,"height":200},"classes":[]},{"id":12493,"url":"https:\/\/www.shqiperia.com\/blog\/zbulohet-nje-stele-varri-2300-vjecare-ne-kishen-e-shen-kollit-ne-lunxheri-2\/","url_meta":{"origin":30049,"position":1},"title":"Zbulohet nj\u00eb stel\u00eb varri 2300-vje\u00e7are n\u00eb kish\u00ebn e Sh\u00ebn Kollit n\u00eb Lunxh\u00ebri. &#8211;","author":"Kurt Farka","date":"October 10, 2018","format":false,"excerpt":"Zbulohet nj\u00eb stel\u00eb varri 2300-vje\u00e7are n\u00eb kish\u00ebn e Sh\u00ebn Kollit n\u00eb Lunxh\u00ebri. - Nga: Dhurata Hamzai Nj\u00eb Stel\u00eb Varri rreth 2300-vje\u00e7are, e p\u00ebrb\u00ebr\u00eb nga gur g\u00eblqeror monolit \u00ebsht\u00eb zbuluar n\u00eb fshatin K\u00ebll\u00ebz t\u00eb Lunxh\u00ebris\u00eb, n\u00eb rrethin e Gjirokastr\u00ebs. N\u00eb k\u00ebt\u00eb objekt duket qart\u00eb element\u00ebt arkitektonik\u00eb e\u00a0\u00a0decorative. Shihet\u00a0\u00a0e gdhendur nj\u00eb shigjet\u00eb\u2026","rel":"","context":"In &quot;Histori&quot;","block_context":{"text":"Histori","link":"https:\/\/www.shqiperia.com\/blog\/category\/histori\/"},"img":{"alt_text":"","src":"https:\/\/i0.wp.com\/www.shqiperia.com\/blog\/wp-content\/uploads\/2018\/10\/Stele-vari-Lungjeri-1.png?fit=393%2C223&ssl=1&resize=350%2C200","width":350,"height":200},"classes":[]},{"id":5615,"url":"https:\/\/www.shqiperia.com\/blog\/zbulohet-nje-stele-varri-2300-vjecare-ne-kishen-e-shen-kollit-ne-lunxheri\/","url_meta":{"origin":30049,"position":2},"title":"Zbulohet nj\u00eb stel\u00eb varri 2300-vje\u00e7are n\u00eb kish\u00ebn e Sh\u00ebn Kollit n\u00eb Lunxh\u00ebri. &#8211;","author":"Kurt Farka","date":"March 25, 2018","format":false,"excerpt":"Nga: Dhurata Hamzai. -Nj\u00eb Stel\u00eb Varri rreth 2300-vje\u00e7are, e p\u00ebrb\u00ebr\u00eb nga gur g\u00eblqeror monolit \u00ebsht\u00eb zbuluar n\u00eb fshatin K\u00ebll\u00ebz t\u00eb Lunxh\u00ebris\u00eb, n\u00eb rrethin e Gjirokastr\u00ebs. N\u00eb k\u00ebt\u00eb objekt duket qart\u00eb element\u00ebt arkitektonik\u00eb e\u00a0\u00a0decorative. Shihet\u00a0\u00a0e gdhendur nj\u00eb shigjet\u00eb dhe shkrime t\u00eb antikitetit q\u00eb rr\u00ebfejn\u00eb emrin e\u00a0\u00a0personit t\u00eb cilit i dedikohet kjo\u2026","rel":"","context":"In &quot;Blogu i Udh\u00ebtarit&quot;","block_context":{"text":"Blogu i Udh\u00ebtarit","link":"https:\/\/www.shqiperia.com\/blog\/category\/blogu-i-udhetarit\/"},"img":{"alt_text":"","src":"https:\/\/i0.wp.com\/www.shqiperia.com\/blog\/wp-content\/uploads\/2018\/03\/Stele-vari-Lungjeri.png?fit=393%2C301&ssl=1&resize=350%2C200","width":350,"height":200},"classes":[]},{"id":71863,"url":"https:\/\/www.shqiperia.com\/blog\/shqip-ne-kishen-e-balldremit-35-vjet-para-kongresit-te-manastirit-kur-nje-gur-varri-thyen-heshtjen\/","url_meta":{"origin":30049,"position":3},"title":"Shqip n\u00eb Kish\u00ebn e Balldr\u00ebmit, 35 vjet para Kongresit t\u00eb Manastirit. (Kur nj\u00eb gur varri thyen heshtjen)","author":"Kurt Farka","date":"May 30, 2023","format":false,"excerpt":"Nga Ledi Shmku. Ka Shqipja nj\u00eb shprehje: \u201c\u00e7\u2019m\u00eb rri ashtu si gur varri?\u201d, \u00e7ka na kallxon se personi \u201ci gurosur\u201d nuk thot\u00eb asgj\u00eb po vet\u00ebm hesht. Po ka edhe gur\u00eb varri q\u00eb e thyejn\u00eb heshtjen, si ky gur k\u00ebtu q\u00eb pash\u00eb n\u00eb Kish\u00ebn e Shena Prendes n\u00eb Balldr\u00ea. Dor\u00ebs\u00ebpari n\u00eb\u2026","rel":"","context":"In &quot;Histori&quot;","block_context":{"text":"Histori","link":"https:\/\/www.shqiperia.com\/blog\/category\/histori\/"},"img":{"alt_text":"","src":"https:\/\/i0.wp.com\/www.shqiperia.com\/blog\/wp-content\/uploads\/2023\/05\/lexohet-qarte-Gjelosh-Marashi-1813-1873-ne-Kishen-ShenaPremtesne-Balldre.jpg?fit=780%2C440&ssl=1&resize=350%2C200","width":350,"height":200,"srcset":"https:\/\/i0.wp.com\/www.shqiperia.com\/blog\/wp-content\/uploads\/2023\/05\/lexohet-qarte-Gjelosh-Marashi-1813-1873-ne-Kishen-ShenaPremtesne-Balldre.jpg?fit=780%2C440&ssl=1&resize=350%2C200 1x, https:\/\/i0.wp.com\/www.shqiperia.com\/blog\/wp-content\/uploads\/2023\/05\/lexohet-qarte-Gjelosh-Marashi-1813-1873-ne-Kishen-ShenaPremtesne-Balldre.jpg?fit=780%2C440&ssl=1&resize=525%2C300 1.5x, https:\/\/i0.wp.com\/www.shqiperia.com\/blog\/wp-content\/uploads\/2023\/05\/lexohet-qarte-Gjelosh-Marashi-1813-1873-ne-Kishen-ShenaPremtesne-Balldre.jpg?fit=780%2C440&ssl=1&resize=700%2C400 2x"},"classes":[]},{"id":61740,"url":"https:\/\/www.shqiperia.com\/blog\/zbulohet-varri-3000-vjecar-i-nje-prifti-ne-peru\/","url_meta":{"origin":30049,"position":4},"title":"Zbulohet varri 3000-vje\u00e7ar i nj\u00eb prifti n\u00eb Peru","author":"Kurt Farka","date":"September 2, 2022","format":false,"excerpt":"1 Shtator 2022 Nj\u00eb grup arkeolog\u00ebsh japonez\u00eb dhe peruan kan\u00eb zbuluar varrin e atij q\u00eb besohet se \u00ebsht\u00eb udh\u00ebheq\u00ebsi i par\u00eb t\u00eb Perus\u00eb s\u00eb lasht\u00eb. I pag\u00ebzuar varri i \u201cPriftit t\u00eb Pututos\u201d besohet se ai \u00ebsht\u00eb 3000-vje\u00e7ar dhe s\u00eb bashku me t\u00eb u gjet\u00ebn edhe instrumente muzikore t\u00eb b\u00ebra nga\u2026","rel":"","context":"In &quot;Histori&quot;","block_context":{"text":"Histori","link":"https:\/\/www.shqiperia.com\/blog\/category\/histori\/"},"img":{"alt_text":"","src":"https:\/\/i0.wp.com\/www.shqiperia.com\/blog\/wp-content\/uploads\/2022\/09\/640-0-rhjjpg-1662029485.jpg?fit=640%2C388&ssl=1&resize=350%2C200","width":350,"height":200,"srcset":"https:\/\/i0.wp.com\/www.shqiperia.com\/blog\/wp-content\/uploads\/2022\/09\/640-0-rhjjpg-1662029485.jpg?fit=640%2C388&ssl=1&resize=350%2C200 1x, https:\/\/i0.wp.com\/www.shqiperia.com\/blog\/wp-content\/uploads\/2022\/09\/640-0-rhjjpg-1662029485.jpg?fit=640%2C388&ssl=1&resize=525%2C300 1.5x"},"classes":[]},{"id":4175,"url":"https:\/\/www.shqiperia.com\/blog\/jaho-brahaj-piktor-naivist\/","url_meta":{"origin":30049,"position":5},"title":"Jaho Brahaj -Piktor Naivist. &#8211;","author":"Kurt Farka","date":"March 2, 2018","format":false,"excerpt":"Te marresh penelin dhe te hedhesh ide mbi telajo ose karton eshte nje nisme shume e guximshme. Mirepo pervoja e diteve te sotme po tregon, se naivizmi ne atet figurative eshte nje zhaner qe po ngjall interesimin e studuesve te artit. Naivistet nuk kane mjeshteri dhe zoterojne pak tekniken, por\u2026","rel":"","context":"In &quot;Arte&quot;","block_context":{"text":"Arte","link":"https:\/\/www.shqiperia.com\/blog\/category\/arte\/"},"img":{"alt_text":"","src":"https:\/\/i0.wp.com\/www.shqiperia.com\/blog\/wp-content\/uploads\/2018\/03\/10.jpg?fit=507%2C469&ssl=1&resize=350%2C200","width":350,"height":200},"classes":[]}],"_links":{"self":[{"href":"https:\/\/www.shqiperia.com\/blog\/wp-json\/wp\/v2\/posts\/30049","targetHints":{"allow":["GET"]}}],"collection":[{"href":"https:\/\/www.shqiperia.com\/blog\/wp-json\/wp\/v2\/posts"}],"about":[{"href":"https:\/\/www.shqiperia.com\/blog\/wp-json\/wp\/v2\/types\/post"}],"author":[{"embeddable":true,"href":"https:\/\/www.shqiperia.com\/blog\/wp-json\/wp\/v2\/users\/9"}],"replies":[{"embeddable":true,"href":"https:\/\/www.shqiperia.com\/blog\/wp-json\/wp\/v2\/comments?post=30049"}],"version-history":[{"count":1,"href":"https:\/\/www.shqiperia.com\/blog\/wp-json\/wp\/v2\/posts\/30049\/revisions"}],"predecessor-version":[{"id":30055,"href":"https:\/\/www.shqiperia.com\/blog\/wp-json\/wp\/v2\/posts\/30049\/revisions\/30055"}],"wp:featuredmedia":[{"embeddable":true,"href":"https:\/\/www.shqiperia.com\/blog\/wp-json\/wp\/v2\/media\/30050"}],"wp:attachment":[{"href":"https:\/\/www.shqiperia.com\/blog\/wp-json\/wp\/v2\/media?parent=30049"}],"wp:term":[{"taxonomy":"category","embeddable":true,"href":"https:\/\/www.shqiperia.com\/blog\/wp-json\/wp\/v2\/categories?post=30049"},{"taxonomy":"post_tag","embeddable":true,"href":"https:\/\/www.shqiperia.com\/blog\/wp-json\/wp\/v2\/tags?post=30049"}],"curies":[{"name":"wp","href":"https:\/\/api.w.org\/{rel}","templated":true}]}}